{"id":11240,"date":"2025-02-21T16:08:44","date_gmt":"2025-02-21T19:08:44","guid":{"rendered":"https:\/\/autofans.com.ar\/?p=11240"},"modified":"2025-02-21T16:08:44","modified_gmt":"2025-02-21T19:08:44","slug":"mercedes-benz-transfiere-su-operacion-en-argentina-a-open-cars","status":"publish","type":"post","link":"https:\/\/autofans.com.ar\/index.php\/2025\/02\/21\/mercedes-benz-transfiere-su-operacion-en-argentina-a-open-cars\/","title":{"rendered":"Mercedes-Benz transfiere su operaci\u00f3n en Argentina a Open Cars"},"content":{"rendered":"<p data-pm-slice=\"1 1 []\">Mercedes-Benz ha decidido transferir su operaci\u00f3n productiva y comercial en Argentina a Open Cars S.A., marcando un nuevo cap\u00edtulo en la historia de la automotriz en el pa\u00eds. El acuerdo, que se completar\u00e1 en el transcurso de este a\u00f1o, garantiza la continuidad de la producci\u00f3n y el servicio para los clientes locales.<\/p>\n<p data-pm-slice=\"1 1 []\"><span style=\"color: #ffffff;\">.<\/span><\/p>\n<blockquote>\n<p style=\"text-align: center;\">\u201cLa venta abre nuevas oportunidades para el desarrollo del negocio de producci\u00f3n y ventas en Argentina asegurando el empleo a nuestra gente. Agradecemos el trabajo de todas las partes involucradas. Estamos muy satisfechos con el resultado obtenido. El equipo de Mercedes-Benz en Argentina ha realizado numerosos y exitosos lanzamientos que confirman la experiencia, calidad y servicio al cliente. Estamos muy conformes por haber encontrado un inversor que lidere el negocio en Argentina en el futuro\u201d. Francesco Ciancia, responsable de la operaci\u00f3n productiva a nivel mundial para Vans en Mercedes-Benz<\/p>\n<\/blockquote>\n<p>&nbsp;<\/p>\n<h2>Mercedes-Benz &#8211; producci\u00f3n y atenci\u00f3n al cliente aseguradas<\/h2>\n<p>El convenio entre<a href=\"https:\/\/autofans.com.ar\/index.php\/2025\/02\/06\/mercedes-benz-clase-e-el-sedan-mas-seguro-del-2024\/\" target=\"_blank\" rel=\"noopener\"> Mercedes-Benz<\/a> y Open Cars incluye la continuidad de la fabricaci\u00f3n de la Sprinter en la planta de Buenos Aires, abasteciendo tanto el mercado interno como el de exportaci\u00f3n, con Brasil como destino clave. Adem\u00e1s, se mantendr\u00e1 la red actual de concesionarios para asegurar la atenci\u00f3n y el servicio posventa a todos los clientes de la marca.<\/p>\n<p>&nbsp;<\/p>\n<figure id=\"attachment_11242\" aria-describedby=\"caption-attachment-11242\" style=\"width: 1000px\" class=\"wp-caption aligncenter\"><img fetchpriority=\"high\" decoding=\"async\" class=\"wp-image-11242 size-full\" src=\"https:\/\/autofans.com.ar\/wp-content\/uploads\/2025\/02\/mercedes-3.jpg\" alt=\"Mercedes-Benz\" width=\"1000\" height=\"667\" srcset=\"https:\/\/autofans.com.ar\/wp-content\/uploads\/2025\/02\/mercedes-3.jpg 1000w, https:\/\/autofans.com.ar\/wp-content\/uploads\/2025\/02\/mercedes-3-300x200.jpg 300w, https:\/\/autofans.com.ar\/wp-content\/uploads\/2025\/02\/mercedes-3-768x512.jpg 768w\" sizes=\"(max-width: 1000px) 100vw, 1000px\" \/><figcaption id=\"caption-attachment-11242\" class=\"wp-caption-text\">Directivos de Mercedes-Benz, de Prestige Auto y del sindicato SMATA durante los anuncios y la recorrida por el Centro Industrial Juan Manuel Fangio<\/figcaption><\/figure>\n<p>&nbsp;<\/p>\n<p>Mercedes-Benz reafirma su compromiso con el mercado argentino, asegurando la estabilidad de las fuentes de trabajo en un contexto desafiante. La empresa seguir\u00e1 en di\u00e1logo con sindicatos y funcionarios del gobierno a nivel nacional, provincial y municipal para garantizar una transici\u00f3n ordenada.<\/p>\n<p>&nbsp;<\/p>\n<blockquote>\n<p style=\"text-align: center;\">\u201cEn representaci\u00f3n de Open Cars, es un honor recibir el legado de Mercedes-Benz en Argentina. Junto al equipo de Mercedes-Benz continuaremos escribiendo nuevos y exitosos cap\u00edtulos de la marca en Argentina. Estamos comprometidos con un proyecto a largo plazo, garantizando empleabilidad y desarrollando nuevos negocios en torno a la movilidad para seguir ofreciendo una experiencia \u00fanica a los clientes de los distintos mercados\u201d. Daniel Herrero, presidente y CEO Prestige Auto<\/p>\n<\/blockquote>\n<p>&nbsp;<\/p>\n<h2>Qui\u00e9nes son Open Cars y Prestige Auto<\/h2>\n<p>Open Cars S.A. es una empresa argentina con 20 a\u00f1os de trayectoria en la gesti\u00f3n de concesionarios y cuenta con m\u00e1s de 300 empleados. A trav\u00e9s de su compa\u00f1\u00eda Prestige Auto, impulsa proyectos orientados a la electrificaci\u00f3n, conectividad e innovaci\u00f3n en el sector automotor, apostando a una movilidad sustentable en el pa\u00eds.<\/p>\n<p>&nbsp;<\/p>\n<figure id=\"attachment_11245\" aria-describedby=\"caption-attachment-11245\" style=\"width: 1000px\" class=\"wp-caption aligncenter\"><img decoding=\"async\" class=\"wp-image-11245 size-full\" src=\"https:\/\/autofans.com.ar\/wp-content\/uploads\/2025\/02\/mercedes-4.jpg\" alt=\"\" width=\"1000\" height=\"667\" srcset=\"https:\/\/autofans.com.ar\/wp-content\/uploads\/2025\/02\/mercedes-4.jpg 1000w, https:\/\/autofans.com.ar\/wp-content\/uploads\/2025\/02\/mercedes-4-300x200.jpg 300w, https:\/\/autofans.com.ar\/wp-content\/uploads\/2025\/02\/mercedes-4-768x512.jpg 768w\" sizes=\"(max-width: 1000px) 100vw, 1000px\" \/><figcaption id=\"caption-attachment-11245\" class=\"wp-caption-text\">Manuel Mantilla, presidente y CEO de Mercedes-Benz Argentina, Daniel Herrero, presidente y CEO de Prestige Auto, Ricardo Pignanelli, secretario general del SMATA. Francesco Ciancia, responsable de la operaci\u00f3n productiva a nivel mundial para Vans,<\/figcaption><\/figure>\n<p>&nbsp;<\/p>\n<p>Con este acuerdo, Open Cars asume la responsabilidad de la producci\u00f3n y comercializaci\u00f3n de Mercedes-Benz en Argentina. Asegurando un futuro sostenible para la marca y su operaci\u00f3n local.<\/p>\n<p>&nbsp;<\/p>\n<p>&nbsp;<\/p>\n<p><i>Para enterarte de m\u00e1s novedades, no dejes de leer\u00a0<\/i><a href=\"https:\/\/autofans.thebrandsoup.com\/\"><i>nuestras notas<\/i><\/a><i>, de ver<\/i><b><i>\u00a0<\/i><\/b><a href=\"https:\/\/www.youtube.com\/channel\/UCgAC8UGHZYbT6P7PpmVnP7g\"><b><i>AUTOFANS TV<\/i><\/b><\/a><b><i>\u00a0<\/i><\/b><i>en nuestro\u00a0canal de Youtube. Adem\u00e1s seguinos en\u00a0<\/i><a href=\"https:\/\/www.instagram.com\/autofanstv\/\"><i>INSTAGRAM<\/i><\/a><i> y <\/i><a href=\"https:\/\/www.facebook.com\/autofansmas\/\"><i>FACEBOOK<\/i><\/a><i> para no perderte nada sobre las novedades del segmento automotor de Argentina y el mundo.<\/i><\/p>\n","protected":false},"excerpt":{"rendered":"<p>Mercedes-Benz ha decidido transferir su operaci\u00f3n productiva y comercial en Argentina a Open Cars S.A.,&#8230;<\/p>\n","protected":false},"author":2,"featured_media":11243,"comment_status":"closed","ping_status":"closed","sticky":false,"template":"","format":"standard","meta":{"footnotes":""},"categories":[292,16],"tags":[6133,4179,17,6128,1460,6127,6131,6132,6130,6129],"class_list":["post-11240","post","type-post","status-publish","format-standard","has-post-thumbnail","hentry","category-empresas","category-noticias","tag-automotriz-argentina","tag-concesionarios-mercedes-benz","tag-mercedes-benz-argentina","tag-mercedes-benz-open-cars","tag-movilidad-sustentable","tag-open-cars","tag-open-cars-argentina","tag-prestige-auto","tag-sprinter-argentina","tag-venta-mercedes-benz-argentina"],"yoast_head":"<!-- This site is optimized with the Yoast SEO plugin v27.5 - https:\/\/yoast.com\/product\/yoast-seo-wordpress\/ -->\n<title>Mercedes-Benz transfiere su operaci\u00f3n en Argentina a Open Cars -<\/title>\n<meta name=\"robots\" content=\"index, follow, max-snippet:-1, max-image-preview:large, max-video-preview:-1\" \/>\n<link rel=\"canonical\" href=\"https:\/\/autofans.com.ar\/index.php\/2025\/02\/21\/mercedes-benz-transfiere-su-operacion-en-argentina-a-open-cars\/\" \/>\n<meta property=\"og:locale\" content=\"es_ES\" \/>\n<meta property=\"og:type\" content=\"article\" \/>\n<meta property=\"og:title\" content=\"Mercedes-Benz transfiere su operaci\u00f3n en Argentina a Open Cars -\" \/>\n<meta property=\"og:description\" content=\"Mercedes-Benz ha decidido transferir su operaci\u00f3n productiva y comercial en Argentina a Open Cars S.A.,...\" \/>\n<meta property=\"og:url\" content=\"https:\/\/autofans.com.ar\/index.php\/2025\/02\/21\/mercedes-benz-transfiere-su-operacion-en-argentina-a-open-cars\/\" \/>\n<meta property=\"article:published_time\" content=\"2025-02-21T19:08:44+00:00\" \/>\n<meta property=\"og:image\" content=\"https:\/\/autofans.com.ar\/wp-content\/uploads\/2025\/02\/mercedes-2-1.jpg\" \/>\n\t<meta property=\"og:image:width\" content=\"1000\" \/>\n\t<meta property=\"og:image:height\" content=\"667\" \/>\n\t<meta property=\"og:image:type\" content=\"image\/jpeg\" \/>\n<meta name=\"author\" content=\"Alejandro Gabriel Rosito\" \/>\n<meta name=\"twitter:card\" content=\"summary_large_image\" \/>\n<meta name=\"twitter:label1\" content=\"Escrito por\" \/>\n\t<meta name=\"twitter:data1\" content=\"Alejandro Gabriel Rosito\" \/>\n\t<meta name=\"twitter:label2\" content=\"Tiempo de lectura\" \/>\n\t<meta name=\"twitter:data2\" content=\"3 minutos\" \/>\n<script type=\"application\/ld+json\" class=\"yoast-schema-graph\">{\"@context\":\"https:\\\/\\\/schema.org\",\"@graph\":[{\"@type\":\"Article\",\"@id\":\"https:\\\/\\\/autofans.com.ar\\\/index.php\\\/2025\\\/02\\\/21\\\/mercedes-benz-transfiere-su-operacion-en-argentina-a-open-cars\\\/#article\",\"isPartOf\":{\"@id\":\"https:\\\/\\\/autofans.com.ar\\\/index.php\\\/2025\\\/02\\\/21\\\/mercedes-benz-transfiere-su-operacion-en-argentina-a-open-cars\\\/\"},\"author\":{\"name\":\"Alejandro Gabriel Rosito\",\"@id\":\"https:\\\/\\\/autofans.com.ar\\\/#\\\/schema\\\/person\\\/4a8dda0b6df83ac3d6723e921274c2aa\"},\"headline\":\"Mercedes-Benz transfiere su operaci\u00f3n en Argentina a Open Cars\",\"datePublished\":\"2025-02-21T19:08:44+00:00\",\"mainEntityOfPage\":{\"@id\":\"https:\\\/\\\/autofans.com.ar\\\/index.php\\\/2025\\\/02\\\/21\\\/mercedes-benz-transfiere-su-operacion-en-argentina-a-open-cars\\\/\"},\"wordCount\":570,\"image\":{\"@id\":\"https:\\\/\\\/autofans.com.ar\\\/index.php\\\/2025\\\/02\\\/21\\\/mercedes-benz-transfiere-su-operacion-en-argentina-a-open-cars\\\/#primaryimage\"},\"thumbnailUrl\":\"https:\\\/\\\/autofans.com.ar\\\/wp-content\\\/uploads\\\/2025\\\/02\\\/mercedes-2-1.jpg\",\"keywords\":[\"automotriz Argentina\",\"concesionarios Mercedes-Benz\",\"Mercedes Benz Argentina\",\"Mercedes-Benz Open Cars\",\"movilidad sustentable\",\"Open Cars\",\"Open Cars Argentina\",\"Prestige Auto\",\"Sprinter Argentina\",\"venta Mercedes-Benz Argentina\"],\"articleSection\":[\"EMPRESAS\",\"NOTICIAS\"],\"inLanguage\":\"es\"},{\"@type\":\"WebPage\",\"@id\":\"https:\\\/\\\/autofans.com.ar\\\/index.php\\\/2025\\\/02\\\/21\\\/mercedes-benz-transfiere-su-operacion-en-argentina-a-open-cars\\\/\",\"url\":\"https:\\\/\\\/autofans.com.ar\\\/index.php\\\/2025\\\/02\\\/21\\\/mercedes-benz-transfiere-su-operacion-en-argentina-a-open-cars\\\/\",\"name\":\"Mercedes-Benz transfiere su operaci\u00f3n en Argentina a Open Cars -\",\"isPartOf\":{\"@id\":\"https:\\\/\\\/autofans.com.ar\\\/#website\"},\"primaryImageOfPage\":{\"@id\":\"https:\\\/\\\/autofans.com.ar\\\/index.php\\\/2025\\\/02\\\/21\\\/mercedes-benz-transfiere-su-operacion-en-argentina-a-open-cars\\\/#primaryimage\"},\"image\":{\"@id\":\"https:\\\/\\\/autofans.com.ar\\\/index.php\\\/2025\\\/02\\\/21\\\/mercedes-benz-transfiere-su-operacion-en-argentina-a-open-cars\\\/#primaryimage\"},\"thumbnailUrl\":\"https:\\\/\\\/autofans.com.ar\\\/wp-content\\\/uploads\\\/2025\\\/02\\\/mercedes-2-1.jpg\",\"datePublished\":\"2025-02-21T19:08:44+00:00\",\"author\":{\"@id\":\"https:\\\/\\\/autofans.com.ar\\\/#\\\/schema\\\/person\\\/4a8dda0b6df83ac3d6723e921274c2aa\"},\"breadcrumb\":{\"@id\":\"https:\\\/\\\/autofans.com.ar\\\/index.php\\\/2025\\\/02\\\/21\\\/mercedes-benz-transfiere-su-operacion-en-argentina-a-open-cars\\\/#breadcrumb\"},\"inLanguage\":\"es\",\"potentialAction\":[{\"@type\":\"ReadAction\",\"target\":[\"https:\\\/\\\/autofans.com.ar\\\/index.php\\\/2025\\\/02\\\/21\\\/mercedes-benz-transfiere-su-operacion-en-argentina-a-open-cars\\\/\"]}]},{\"@type\":\"ImageObject\",\"inLanguage\":\"es\",\"@id\":\"https:\\\/\\\/autofans.com.ar\\\/index.php\\\/2025\\\/02\\\/21\\\/mercedes-benz-transfiere-su-operacion-en-argentina-a-open-cars\\\/#primaryimage\",\"url\":\"https:\\\/\\\/autofans.com.ar\\\/wp-content\\\/uploads\\\/2025\\\/02\\\/mercedes-2-1.jpg\",\"contentUrl\":\"https:\\\/\\\/autofans.com.ar\\\/wp-content\\\/uploads\\\/2025\\\/02\\\/mercedes-2-1.jpg\",\"width\":1000,\"height\":667,\"caption\":\"Mercedes-Benz\"},{\"@type\":\"BreadcrumbList\",\"@id\":\"https:\\\/\\\/autofans.com.ar\\\/index.php\\\/2025\\\/02\\\/21\\\/mercedes-benz-transfiere-su-operacion-en-argentina-a-open-cars\\\/#breadcrumb\",\"itemListElement\":[{\"@type\":\"ListItem\",\"position\":1,\"name\":\"Inicio\",\"item\":\"https:\\\/\\\/autofans.com.ar\\\/\"},{\"@type\":\"ListItem\",\"position\":2,\"name\":\"Mercedes-Benz transfiere su operaci\u00f3n en Argentina a Open Cars\"}]},{\"@type\":\"WebSite\",\"@id\":\"https:\\\/\\\/autofans.com.ar\\\/#website\",\"url\":\"https:\\\/\\\/autofans.com.ar\\\/\",\"name\":\"\",\"description\":\"El multimedio referente de la industria automotriz\",\"potentialAction\":[{\"@type\":\"SearchAction\",\"target\":{\"@type\":\"EntryPoint\",\"urlTemplate\":\"https:\\\/\\\/autofans.com.ar\\\/?s={search_term_string}\"},\"query-input\":{\"@type\":\"PropertyValueSpecification\",\"valueRequired\":true,\"valueName\":\"search_term_string\"}}],\"inLanguage\":\"es\"},{\"@type\":\"Person\",\"@id\":\"https:\\\/\\\/autofans.com.ar\\\/#\\\/schema\\\/person\\\/4a8dda0b6df83ac3d6723e921274c2aa\",\"name\":\"Alejandro Gabriel Rosito\",\"image\":{\"@type\":\"ImageObject\",\"inLanguage\":\"es\",\"@id\":\"https:\\\/\\\/secure.gravatar.com\\\/avatar\\\/16c5dda1489adfc62618084dcbb91cffd879c374b13fe5dd8e44ed6733852c88?s=96&d=mm&r=g\",\"url\":\"https:\\\/\\\/secure.gravatar.com\\\/avatar\\\/16c5dda1489adfc62618084dcbb91cffd879c374b13fe5dd8e44ed6733852c88?s=96&d=mm&r=g\",\"contentUrl\":\"https:\\\/\\\/secure.gravatar.com\\\/avatar\\\/16c5dda1489adfc62618084dcbb91cffd879c374b13fe5dd8e44ed6733852c88?s=96&d=mm&r=g\",\"caption\":\"Alejandro Gabriel Rosito\"},\"url\":\"https:\\\/\\\/autofans.com.ar\\\/index.php\\\/author\\\/gabrielr\\\/\"}]}<\/script>\n<!-- \/ Yoast SEO plugin. -->","yoast_head_json":{"title":"Mercedes-Benz transfiere su operaci\u00f3n en Argentina a Open Cars -","robots":{"index":"index","follow":"follow","max-snippet":"max-snippet:-1","max-image-preview":"max-image-preview:large","max-video-preview":"max-video-preview:-1"},"canonical":"https:\/\/autofans.com.ar\/index.php\/2025\/02\/21\/mercedes-benz-transfiere-su-operacion-en-argentina-a-open-cars\/","og_locale":"es_ES","og_type":"article","og_title":"Mercedes-Benz transfiere su operaci\u00f3n en Argentina a Open Cars -","og_description":"Mercedes-Benz ha decidido transferir su operaci\u00f3n productiva y comercial en Argentina a Open Cars S.A.,...","og_url":"https:\/\/autofans.com.ar\/index.php\/2025\/02\/21\/mercedes-benz-transfiere-su-operacion-en-argentina-a-open-cars\/","article_published_time":"2025-02-21T19:08:44+00:00","og_image":[{"width":1000,"height":667,"url":"https:\/\/autofans.com.ar\/wp-content\/uploads\/2025\/02\/mercedes-2-1.jpg","type":"image\/jpeg"}],"author":"Alejandro Gabriel Rosito","twitter_card":"summary_large_image","twitter_misc":{"Escrito por":"Alejandro Gabriel Rosito","Tiempo de lectura":"3 minutos"},"schema":{"@context":"https:\/\/schema.org","@graph":[{"@type":"Article","@id":"https:\/\/autofans.com.ar\/index.php\/2025\/02\/21\/mercedes-benz-transfiere-su-operacion-en-argentina-a-open-cars\/#article","isPartOf":{"@id":"https:\/\/autofans.com.ar\/index.php\/2025\/02\/21\/mercedes-benz-transfiere-su-operacion-en-argentina-a-open-cars\/"},"author":{"name":"Alejandro Gabriel Rosito","@id":"https:\/\/autofans.com.ar\/#\/schema\/person\/4a8dda0b6df83ac3d6723e921274c2aa"},"headline":"Mercedes-Benz transfiere su operaci\u00f3n en Argentina a Open Cars","datePublished":"2025-02-21T19:08:44+00:00","mainEntityOfPage":{"@id":"https:\/\/autofans.com.ar\/index.php\/2025\/02\/21\/mercedes-benz-transfiere-su-operacion-en-argentina-a-open-cars\/"},"wordCount":570,"image":{"@id":"https:\/\/autofans.com.ar\/index.php\/2025\/02\/21\/mercedes-benz-transfiere-su-operacion-en-argentina-a-open-cars\/#primaryimage"},"thumbnailUrl":"https:\/\/autofans.com.ar\/wp-content\/uploads\/2025\/02\/mercedes-2-1.jpg","keywords":["automotriz Argentina","concesionarios Mercedes-Benz","Mercedes Benz Argentina","Mercedes-Benz Open Cars","movilidad sustentable","Open Cars","Open Cars Argentina","Prestige Auto","Sprinter Argentina","venta Mercedes-Benz Argentina"],"articleSection":["EMPRESAS","NOTICIAS"],"inLanguage":"es"},{"@type":"WebPage","@id":"https:\/\/autofans.com.ar\/index.php\/2025\/02\/21\/mercedes-benz-transfiere-su-operacion-en-argentina-a-open-cars\/","url":"https:\/\/autofans.com.ar\/index.php\/2025\/02\/21\/mercedes-benz-transfiere-su-operacion-en-argentina-a-open-cars\/","name":"Mercedes-Benz transfiere su operaci\u00f3n en Argentina a Open Cars -","isPartOf":{"@id":"https:\/\/autofans.com.ar\/#website"},"primaryImageOfPage":{"@id":"https:\/\/autofans.com.ar\/index.php\/2025\/02\/21\/mercedes-benz-transfiere-su-operacion-en-argentina-a-open-cars\/#primaryimage"},"image":{"@id":"https:\/\/autofans.com.ar\/index.php\/2025\/02\/21\/mercedes-benz-transfiere-su-operacion-en-argentina-a-open-cars\/#primaryimage"},"thumbnailUrl":"https:\/\/autofans.com.ar\/wp-content\/uploads\/2025\/02\/mercedes-2-1.jpg","datePublished":"2025-02-21T19:08:44+00:00","author":{"@id":"https:\/\/autofans.com.ar\/#\/schema\/person\/4a8dda0b6df83ac3d6723e921274c2aa"},"breadcrumb":{"@id":"https:\/\/autofans.com.ar\/index.php\/2025\/02\/21\/mercedes-benz-transfiere-su-operacion-en-argentina-a-open-cars\/#breadcrumb"},"inLanguage":"es","potentialAction":[{"@type":"ReadAction","target":["https:\/\/autofans.com.ar\/index.php\/2025\/02\/21\/mercedes-benz-transfiere-su-operacion-en-argentina-a-open-cars\/"]}]},{"@type":"ImageObject","inLanguage":"es","@id":"https:\/\/autofans.com.ar\/index.php\/2025\/02\/21\/mercedes-benz-transfiere-su-operacion-en-argentina-a-open-cars\/#primaryimage","url":"https:\/\/autofans.com.ar\/wp-content\/uploads\/2025\/02\/mercedes-2-1.jpg","contentUrl":"https:\/\/autofans.com.ar\/wp-content\/uploads\/2025\/02\/mercedes-2-1.jpg","width":1000,"height":667,"caption":"Mercedes-Benz"},{"@type":"BreadcrumbList","@id":"https:\/\/autofans.com.ar\/index.php\/2025\/02\/21\/mercedes-benz-transfiere-su-operacion-en-argentina-a-open-cars\/#breadcrumb","itemListElement":[{"@type":"ListItem","position":1,"name":"Inicio","item":"https:\/\/autofans.com.ar\/"},{"@type":"ListItem","position":2,"name":"Mercedes-Benz transfiere su operaci\u00f3n en Argentina a Open Cars"}]},{"@type":"WebSite","@id":"https:\/\/autofans.com.ar\/#website","url":"https:\/\/autofans.com.ar\/","name":"","description":"El multimedio referente de la industria automotriz","potentialAction":[{"@type":"SearchAction","target":{"@type":"EntryPoint","urlTemplate":"https:\/\/autofans.com.ar\/?s={search_term_string}"},"query-input":{"@type":"PropertyValueSpecification","valueRequired":true,"valueName":"search_term_string"}}],"inLanguage":"es"},{"@type":"Person","@id":"https:\/\/autofans.com.ar\/#\/schema\/person\/4a8dda0b6df83ac3d6723e921274c2aa","name":"Alejandro Gabriel Rosito","image":{"@type":"ImageObject","inLanguage":"es","@id":"https:\/\/secure.gravatar.com\/avatar\/16c5dda1489adfc62618084dcbb91cffd879c374b13fe5dd8e44ed6733852c88?s=96&d=mm&r=g","url":"https:\/\/secure.gravatar.com\/avatar\/16c5dda1489adfc62618084dcbb91cffd879c374b13fe5dd8e44ed6733852c88?s=96&d=mm&r=g","contentUrl":"https:\/\/secure.gravatar.com\/avatar\/16c5dda1489adfc62618084dcbb91cffd879c374b13fe5dd8e44ed6733852c88?s=96&d=mm&r=g","caption":"Alejandro Gabriel Rosito"},"url":"https:\/\/autofans.com.ar\/index.php\/author\/gabrielr\/"}]}},"featured_image_urls":{"full":["https:\/\/autofans.com.ar\/wp-content\/uploads\/2025\/02\/mercedes-2-1.jpg",1000,667,false],"thumbnail":["https:\/\/autofans.com.ar\/wp-content\/uploads\/2025\/02\/mercedes-2-1-150x150.jpg",150,150,true],"medium":["https:\/\/autofans.com.ar\/wp-content\/uploads\/2025\/02\/mercedes-2-1-300x200.jpg",300,200,true],"medium_large":["https:\/\/autofans.com.ar\/wp-content\/uploads\/2025\/02\/mercedes-2-1-768x512.jpg",640,427,true],"large":["https:\/\/autofans.com.ar\/wp-content\/uploads\/2025\/02\/mercedes-2-1.jpg",640,427,false],"1536x1536":["https:\/\/autofans.com.ar\/wp-content\/uploads\/2025\/02\/mercedes-2-1.jpg",1000,667,false],"2048x2048":["https:\/\/autofans.com.ar\/wp-content\/uploads\/2025\/02\/mercedes-2-1.jpg",1000,667,false],"covernews-featured":["https:\/\/autofans.com.ar\/wp-content\/uploads\/2025\/02\/mercedes-2-1.jpg",1000,667,false],"covernews-medium":["https:\/\/autofans.com.ar\/wp-content\/uploads\/2025\/02\/mercedes-2-1-540x340.jpg",540,340,true]},"author_info":{"display_name":"Alejandro Gabriel Rosito","author_link":"https:\/\/autofans.com.ar\/index.php\/author\/gabrielr\/"},"category_info":"<a href=\"https:\/\/autofans.com.ar\/index.php\/category\/noticias\/empresas\/\" rel=\"category tag\">EMPRESAS<\/a> <a href=\"https:\/\/autofans.com.ar\/index.php\/category\/noticias\/\" rel=\"category tag\">NOTICIAS<\/a>","tag_info":"NOTICIAS","comment_count":0,"_links":{"self":[{"href":"https:\/\/autofans.com.ar\/index.php\/wp-json\/wp\/v2\/posts\/11240","targetHints":{"allow":["GET"]}}],"collection":[{"href":"https:\/\/autofans.com.ar\/index.php\/wp-json\/wp\/v2\/posts"}],"about":[{"href":"https:\/\/autofans.com.ar\/index.php\/wp-json\/wp\/v2\/types\/post"}],"author":[{"embeddable":true,"href":"https:\/\/autofans.com.ar\/index.php\/wp-json\/wp\/v2\/users\/2"}],"replies":[{"embeddable":true,"href":"https:\/\/autofans.com.ar\/index.php\/wp-json\/wp\/v2\/comments?post=11240"}],"version-history":[{"count":6,"href":"https:\/\/autofans.com.ar\/index.php\/wp-json\/wp\/v2\/posts\/11240\/revisions"}],"predecessor-version":[{"id":11251,"href":"https:\/\/autofans.com.ar\/index.php\/wp-json\/wp\/v2\/posts\/11240\/revisions\/11251"}],"wp:featuredmedia":[{"embeddable":true,"href":"https:\/\/autofans.com.ar\/index.php\/wp-json\/wp\/v2\/media\/11243"}],"wp:attachment":[{"href":"https:\/\/autofans.com.ar\/index.php\/wp-json\/wp\/v2\/media?parent=11240"}],"wp:term":[{"taxonomy":"category","embeddable":true,"href":"https:\/\/autofans.com.ar\/index.php\/wp-json\/wp\/v2\/categories?post=11240"},{"taxonomy":"post_tag","embeddable":true,"href":"https:\/\/autofans.com.ar\/index.php\/wp-json\/wp\/v2\/tags?post=11240"}],"curies":[{"name":"wp","href":"https:\/\/api.w.org\/{rel}","templated":true}]}}