{"id":11265,"date":"2025-02-24T19:30:03","date_gmt":"2025-02-24T22:30:03","guid":{"rendered":"https:\/\/autofans.com.ar\/?p=11265"},"modified":"2025-02-24T14:44:55","modified_gmt":"2025-02-24T17:44:55","slug":"peugeot-402-90-anos-de-diseno-innovacion-y-vanguardia","status":"publish","type":"post","link":"https:\/\/autofans.com.ar\/index.php\/2025\/02\/24\/peugeot-402-90-anos-de-diseno-innovacion-y-vanguardia\/","title":{"rendered":"Peugeot 402, 90 a\u00f1os de dise\u00f1o, innovaci\u00f3n y vanguardia"},"content":{"rendered":"<p data-pm-slice=\"1 1 []\">El Peugeot 402 cumple 90 a\u00f1os y sigue siendo un referente del dise\u00f1o automotriz. Lanzado en 1935, combin\u00f3 la elegancia del Art D\u00e9co con la aerodin\u00e1mica del Streamline Moderne, rompiendo moldes en una \u00e9poca marcada por la uniformidad est\u00e9tica.<\/p>\n<p data-pm-slice=\"1 1 []\"><span style=\"color: #ffffff;\">.<\/span><\/p>\n<h2>Peugeot 402 &#8211; un dise\u00f1o innovador para su tiempo<\/h2>\n<p>&nbsp;<\/p>\n<p><img fetchpriority=\"high\" decoding=\"async\" class=\"aligncenter wp-image-11267 size-full\" src=\"https:\/\/autofans.com.ar\/wp-content\/uploads\/2025\/02\/peugeot-4.jpg\" alt=\"Peugeot 402\" width=\"1000\" height=\"667\" srcset=\"https:\/\/autofans.com.ar\/wp-content\/uploads\/2025\/02\/peugeot-4.jpg 1000w, https:\/\/autofans.com.ar\/wp-content\/uploads\/2025\/02\/peugeot-4-300x200.jpg 300w, https:\/\/autofans.com.ar\/wp-content\/uploads\/2025\/02\/peugeot-4-768x512.jpg 768w\" sizes=\"(max-width: 1000px) 100vw, 1000px\" \/><\/p>\n<p>&nbsp;<\/p>\n<p>Desde su presentaci\u00f3n en el Sal\u00f3n de Par\u00eds, el Peugeot 402 destac\u00f3 por su silueta aerodin\u00e1mica y detalles in\u00e9ditos, como los faros delanteros integrados en la carrocer\u00eda. Dise\u00f1ado por Henri Thomas, introdujo l\u00edneas curvas, un parabrisas dividido y la eliminaci\u00f3n de los estribos laterales, aportando modernidad y fluidez a su est\u00e9tica.<\/p>\n<p>&nbsp;<\/p>\n<h2>Versiones y tecnolog\u00eda pionera<\/h2>\n<p>El 402 se comercializ\u00f3 en diversas versiones: berlina, coach cabriolet, roadster, comercial y una variante alargada pensada para taxis y limusinas. Entre sus innovaciones m\u00e1s destacadas estuvo el 402 Eclipse, el primer auto de producci\u00f3n con un techo r\u00edgido retr\u00e1ctil el\u00e9ctrico, desarrollado por Georges Paulin y Marcel Pourtout.<\/p>\n<p>&nbsp;<\/p>\n<p><img decoding=\"async\" class=\"aligncenter wp-image-11266 size-full\" src=\"https:\/\/autofans.com.ar\/wp-content\/uploads\/2025\/02\/peugeot-5.jpg\" alt=\"Peugeot 402\" width=\"1000\" height=\"667\" srcset=\"https:\/\/autofans.com.ar\/wp-content\/uploads\/2025\/02\/peugeot-5.jpg 1000w, https:\/\/autofans.com.ar\/wp-content\/uploads\/2025\/02\/peugeot-5-300x200.jpg 300w, https:\/\/autofans.com.ar\/wp-content\/uploads\/2025\/02\/peugeot-5-768x512.jpg 768w\" sizes=\"(max-width: 1000px) 100vw, 1000px\" \/><\/p>\n<p>Bajo el cap\u00f3, el modelo equipaba un motor de 4 cilindros y 1.991 cm\u00b3 con 55 CV, permiti\u00e9ndole alcanzar los 120 km\/h. En su versi\u00f3n 402 Andreau N4X, la optimizaci\u00f3n aerodin\u00e1mica permiti\u00f3 reducir el consumo en un 30% y elevar la velocidad hasta los 140 km\/h.<\/p>\n<p>&nbsp;<\/p>\n<h2>Presencia en la cultura y el automovilismo<\/h2>\n<p>&nbsp;<\/p>\n<p><img decoding=\"async\" class=\"aligncenter wp-image-11268 size-full\" src=\"https:\/\/autofans.com.ar\/wp-content\/uploads\/2025\/02\/peugeot-3-1.jpg\" alt=\"Peugeot 402\" width=\"1000\" height=\"667\" srcset=\"https:\/\/autofans.com.ar\/wp-content\/uploads\/2025\/02\/peugeot-3-1.jpg 1000w, https:\/\/autofans.com.ar\/wp-content\/uploads\/2025\/02\/peugeot-3-1-300x200.jpg 300w, https:\/\/autofans.com.ar\/wp-content\/uploads\/2025\/02\/peugeot-3-1-768x512.jpg 768w\" sizes=\"(max-width: 1000px) 100vw, 1000px\" \/><\/p>\n<p>&nbsp;<\/p>\n<p>El Peugeot 402 dej\u00f3 su huella en el cine, apareciendo en producciones como <em>Medianoche<\/em> (1939), <em>Los caballeros las prefieren rubias<\/em> (1953) y la serie de Netflix <em>Las Chicas del Cable<\/em>.<\/p>\n<p>En el deporte, el Peugeot 402 Darl&#8217;Mat compiti\u00f3 en las 24 Horas de Le Mans, logrando una victoria en la categor\u00eda de 2 litros y abriendo el camino a futuros \u00e9xitos de la marca en la competencia.<\/p>\n<p>A pesar de su cese de producci\u00f3n en 1942, el Peugeot 402 sigue siendo un s\u00edmbolo de innovaci\u00f3n y dise\u00f1o, manteniendo su estatus como un icono de la industria automotriz.<\/p>\n<p>&nbsp;<\/p>\n<p>&nbsp;<\/p>\n<p>&nbsp;<\/p>\n<p><i>Para enterarte de m\u00e1s novedades, no dejes de leer\u00a0<\/i><a href=\"https:\/\/autofans.thebrandsoup.com\/\"><i>nuestras notas<\/i><\/a><i>, de ver<\/i><b><i>\u00a0<\/i><\/b><a href=\"https:\/\/www.youtube.com\/channel\/UCgAC8UGHZYbT6P7PpmVnP7g\"><b><i>AUTOFANS TV<\/i><\/b><\/a><b><i>\u00a0<\/i><\/b><i>en nuestro\u00a0canal de Youtube. Adem\u00e1s seguinos en\u00a0<\/i><a href=\"https:\/\/www.instagram.com\/autofanstv\/\"><i>INSTAGRAM<\/i><\/a><i> y <\/i><a href=\"https:\/\/www.facebook.com\/autofansmas\/\"><i>FACEBOOK<\/i><\/a><i> para no perderte nada sobre las novedades del segmento automotor de Argentina y el mundo.<\/i><\/p>\n","protected":false},"excerpt":{"rendered":"<p>El Peugeot 402 cumple 90 a\u00f1os y sigue siendo un referente del dise\u00f1o automotriz. Lanzado&#8230;<\/p>\n","protected":false},"author":2,"featured_media":11270,"comment_status":"closed","ping_status":"closed","sticky":false,"template":"","format":"standard","meta":{"footnotes":""},"categories":[292,16],"tags":[499,6146,433,6143,6142,6145,6144,6147],"class_list":["post-11265","post","type-post","status-publish","format-standard","has-post-thumbnail","hentry","category-empresas","category-noticias","tag-autos-clasicos","tag-autos-de-los-anos-30","tag-diseno-automotriz","tag-historia-peugeot","tag-peugeot-402","tag-peugeot-darlmat","tag-peugeot-eclipse","tag-peugeot-le-mans"],"yoast_head":"<!-- This site is optimized with the Yoast SEO plugin v27.5 - https:\/\/yoast.com\/product\/yoast-seo-wordpress\/ -->\n<title>Peugeot 402, 90 a\u00f1os de dise\u00f1o, innovaci\u00f3n y vanguardia -<\/title>\n<meta name=\"description\" content=\"El Peugeot 402 cumple 90 a\u00f1os y sigue siendo un referente del dise\u00f1o automotriz. Lanzado en 1935, combin\u00f3 la elegancia del Art D\u00e9co...\" \/>\n<meta name=\"robots\" content=\"index, follow, max-snippet:-1, max-image-preview:large, max-video-preview:-1\" \/>\n<link rel=\"canonical\" href=\"https:\/\/autofans.com.ar\/index.php\/2025\/02\/24\/peugeot-402-90-anos-de-diseno-innovacion-y-vanguardia\/\" \/>\n<meta property=\"og:locale\" content=\"es_ES\" \/>\n<meta property=\"og:type\" content=\"article\" \/>\n<meta property=\"og:title\" content=\"Peugeot 402, 90 a\u00f1os de dise\u00f1o, innovaci\u00f3n y vanguardia -\" \/>\n<meta property=\"og:description\" content=\"El Peugeot 402 cumple 90 a\u00f1os y sigue siendo un referente del dise\u00f1o automotriz. Lanzado en 1935, combin\u00f3 la elegancia del Art D\u00e9co...\" \/>\n<meta property=\"og:url\" content=\"https:\/\/autofans.com.ar\/index.php\/2025\/02\/24\/peugeot-402-90-anos-de-diseno-innovacion-y-vanguardia\/\" \/>\n<meta property=\"article:published_time\" content=\"2025-02-24T22:30:03+00:00\" \/>\n<meta property=\"og:image\" content=\"https:\/\/autofans.com.ar\/wp-content\/uploads\/2025\/02\/peugeot-1-1.jpg\" \/>\n\t<meta property=\"og:image:width\" content=\"1000\" \/>\n\t<meta property=\"og:image:height\" content=\"667\" \/>\n\t<meta property=\"og:image:type\" content=\"image\/jpeg\" \/>\n<meta name=\"author\" content=\"Alejandro Gabriel Rosito\" \/>\n<meta name=\"twitter:card\" content=\"summary_large_image\" \/>\n<meta name=\"twitter:label1\" content=\"Escrito por\" \/>\n\t<meta name=\"twitter:data1\" content=\"Alejandro Gabriel Rosito\" \/>\n\t<meta name=\"twitter:label2\" content=\"Tiempo de lectura\" \/>\n\t<meta name=\"twitter:data2\" content=\"3 minutos\" \/>\n<script type=\"application\/ld+json\" class=\"yoast-schema-graph\">{\"@context\":\"https:\\\/\\\/schema.org\",\"@graph\":[{\"@type\":\"Article\",\"@id\":\"https:\\\/\\\/autofans.com.ar\\\/index.php\\\/2025\\\/02\\\/24\\\/peugeot-402-90-anos-de-diseno-innovacion-y-vanguardia\\\/#article\",\"isPartOf\":{\"@id\":\"https:\\\/\\\/autofans.com.ar\\\/index.php\\\/2025\\\/02\\\/24\\\/peugeot-402-90-anos-de-diseno-innovacion-y-vanguardia\\\/\"},\"author\":{\"name\":\"Alejandro Gabriel Rosito\",\"@id\":\"https:\\\/\\\/autofans.com.ar\\\/#\\\/schema\\\/person\\\/4a8dda0b6df83ac3d6723e921274c2aa\"},\"headline\":\"Peugeot 402, 90 a\u00f1os de dise\u00f1o, innovaci\u00f3n y vanguardia\",\"datePublished\":\"2025-02-24T22:30:03+00:00\",\"mainEntityOfPage\":{\"@id\":\"https:\\\/\\\/autofans.com.ar\\\/index.php\\\/2025\\\/02\\\/24\\\/peugeot-402-90-anos-de-diseno-innovacion-y-vanguardia\\\/\"},\"wordCount\":377,\"image\":{\"@id\":\"https:\\\/\\\/autofans.com.ar\\\/index.php\\\/2025\\\/02\\\/24\\\/peugeot-402-90-anos-de-diseno-innovacion-y-vanguardia\\\/#primaryimage\"},\"thumbnailUrl\":\"https:\\\/\\\/autofans.com.ar\\\/wp-content\\\/uploads\\\/2025\\\/02\\\/peugeot-1-1.jpg\",\"keywords\":[\"autos cl\u00e1sicos\",\"autos de los a\u00f1os 30\",\"dise\u00f1o automotriz\",\"historia Peugeot\",\"Peugeot 402\",\"Peugeot Darl'Mat\",\"Peugeot Eclipse\",\"Peugeot Le Mans\"],\"articleSection\":[\"EMPRESAS\",\"NOTICIAS\"],\"inLanguage\":\"es\"},{\"@type\":\"WebPage\",\"@id\":\"https:\\\/\\\/autofans.com.ar\\\/index.php\\\/2025\\\/02\\\/24\\\/peugeot-402-90-anos-de-diseno-innovacion-y-vanguardia\\\/\",\"url\":\"https:\\\/\\\/autofans.com.ar\\\/index.php\\\/2025\\\/02\\\/24\\\/peugeot-402-90-anos-de-diseno-innovacion-y-vanguardia\\\/\",\"name\":\"Peugeot 402, 90 a\u00f1os de dise\u00f1o, innovaci\u00f3n y vanguardia -\",\"isPartOf\":{\"@id\":\"https:\\\/\\\/autofans.com.ar\\\/#website\"},\"primaryImageOfPage\":{\"@id\":\"https:\\\/\\\/autofans.com.ar\\\/index.php\\\/2025\\\/02\\\/24\\\/peugeot-402-90-anos-de-diseno-innovacion-y-vanguardia\\\/#primaryimage\"},\"image\":{\"@id\":\"https:\\\/\\\/autofans.com.ar\\\/index.php\\\/2025\\\/02\\\/24\\\/peugeot-402-90-anos-de-diseno-innovacion-y-vanguardia\\\/#primaryimage\"},\"thumbnailUrl\":\"https:\\\/\\\/autofans.com.ar\\\/wp-content\\\/uploads\\\/2025\\\/02\\\/peugeot-1-1.jpg\",\"datePublished\":\"2025-02-24T22:30:03+00:00\",\"author\":{\"@id\":\"https:\\\/\\\/autofans.com.ar\\\/#\\\/schema\\\/person\\\/4a8dda0b6df83ac3d6723e921274c2aa\"},\"description\":\"El Peugeot 402 cumple 90 a\u00f1os y sigue siendo un referente del dise\u00f1o automotriz. Lanzado en 1935, combin\u00f3 la elegancia del Art D\u00e9co...\",\"breadcrumb\":{\"@id\":\"https:\\\/\\\/autofans.com.ar\\\/index.php\\\/2025\\\/02\\\/24\\\/peugeot-402-90-anos-de-diseno-innovacion-y-vanguardia\\\/#breadcrumb\"},\"inLanguage\":\"es\",\"potentialAction\":[{\"@type\":\"ReadAction\",\"target\":[\"https:\\\/\\\/autofans.com.ar\\\/index.php\\\/2025\\\/02\\\/24\\\/peugeot-402-90-anos-de-diseno-innovacion-y-vanguardia\\\/\"]}]},{\"@type\":\"ImageObject\",\"inLanguage\":\"es\",\"@id\":\"https:\\\/\\\/autofans.com.ar\\\/index.php\\\/2025\\\/02\\\/24\\\/peugeot-402-90-anos-de-diseno-innovacion-y-vanguardia\\\/#primaryimage\",\"url\":\"https:\\\/\\\/autofans.com.ar\\\/wp-content\\\/uploads\\\/2025\\\/02\\\/peugeot-1-1.jpg\",\"contentUrl\":\"https:\\\/\\\/autofans.com.ar\\\/wp-content\\\/uploads\\\/2025\\\/02\\\/peugeot-1-1.jpg\",\"width\":1000,\"height\":667,\"caption\":\"Peugeot 402\"},{\"@type\":\"BreadcrumbList\",\"@id\":\"https:\\\/\\\/autofans.com.ar\\\/index.php\\\/2025\\\/02\\\/24\\\/peugeot-402-90-anos-de-diseno-innovacion-y-vanguardia\\\/#breadcrumb\",\"itemListElement\":[{\"@type\":\"ListItem\",\"position\":1,\"name\":\"Inicio\",\"item\":\"https:\\\/\\\/autofans.com.ar\\\/\"},{\"@type\":\"ListItem\",\"position\":2,\"name\":\"Peugeot 402, 90 a\u00f1os de dise\u00f1o, innovaci\u00f3n y vanguardia\"}]},{\"@type\":\"WebSite\",\"@id\":\"https:\\\/\\\/autofans.com.ar\\\/#website\",\"url\":\"https:\\\/\\\/autofans.com.ar\\\/\",\"name\":\"\",\"description\":\"El multimedio referente de la industria automotriz\",\"potentialAction\":[{\"@type\":\"SearchAction\",\"target\":{\"@type\":\"EntryPoint\",\"urlTemplate\":\"https:\\\/\\\/autofans.com.ar\\\/?s={search_term_string}\"},\"query-input\":{\"@type\":\"PropertyValueSpecification\",\"valueRequired\":true,\"valueName\":\"search_term_string\"}}],\"inLanguage\":\"es\"},{\"@type\":\"Person\",\"@id\":\"https:\\\/\\\/autofans.com.ar\\\/#\\\/schema\\\/person\\\/4a8dda0b6df83ac3d6723e921274c2aa\",\"name\":\"Alejandro Gabriel Rosito\",\"image\":{\"@type\":\"ImageObject\",\"inLanguage\":\"es\",\"@id\":\"https:\\\/\\\/secure.gravatar.com\\\/avatar\\\/16c5dda1489adfc62618084dcbb91cffd879c374b13fe5dd8e44ed6733852c88?s=96&d=mm&r=g\",\"url\":\"https:\\\/\\\/secure.gravatar.com\\\/avatar\\\/16c5dda1489adfc62618084dcbb91cffd879c374b13fe5dd8e44ed6733852c88?s=96&d=mm&r=g\",\"contentUrl\":\"https:\\\/\\\/secure.gravatar.com\\\/avatar\\\/16c5dda1489adfc62618084dcbb91cffd879c374b13fe5dd8e44ed6733852c88?s=96&d=mm&r=g\",\"caption\":\"Alejandro Gabriel Rosito\"},\"url\":\"https:\\\/\\\/autofans.com.ar\\\/index.php\\\/author\\\/gabrielr\\\/\"}]}<\/script>\n<!-- \/ Yoast SEO plugin. -->","yoast_head_json":{"title":"Peugeot 402, 90 a\u00f1os de dise\u00f1o, innovaci\u00f3n y vanguardia -","description":"El Peugeot 402 cumple 90 a\u00f1os y sigue siendo un referente del dise\u00f1o automotriz. Lanzado en 1935, combin\u00f3 la elegancia del Art D\u00e9co...","robots":{"index":"index","follow":"follow","max-snippet":"max-snippet:-1","max-image-preview":"max-image-preview:large","max-video-preview":"max-video-preview:-1"},"canonical":"https:\/\/autofans.com.ar\/index.php\/2025\/02\/24\/peugeot-402-90-anos-de-diseno-innovacion-y-vanguardia\/","og_locale":"es_ES","og_type":"article","og_title":"Peugeot 402, 90 a\u00f1os de dise\u00f1o, innovaci\u00f3n y vanguardia -","og_description":"El Peugeot 402 cumple 90 a\u00f1os y sigue siendo un referente del dise\u00f1o automotriz. Lanzado en 1935, combin\u00f3 la elegancia del Art D\u00e9co...","og_url":"https:\/\/autofans.com.ar\/index.php\/2025\/02\/24\/peugeot-402-90-anos-de-diseno-innovacion-y-vanguardia\/","article_published_time":"2025-02-24T22:30:03+00:00","og_image":[{"width":1000,"height":667,"url":"https:\/\/autofans.com.ar\/wp-content\/uploads\/2025\/02\/peugeot-1-1.jpg","type":"image\/jpeg"}],"author":"Alejandro Gabriel Rosito","twitter_card":"summary_large_image","twitter_misc":{"Escrito por":"Alejandro Gabriel Rosito","Tiempo de lectura":"3 minutos"},"schema":{"@context":"https:\/\/schema.org","@graph":[{"@type":"Article","@id":"https:\/\/autofans.com.ar\/index.php\/2025\/02\/24\/peugeot-402-90-anos-de-diseno-innovacion-y-vanguardia\/#article","isPartOf":{"@id":"https:\/\/autofans.com.ar\/index.php\/2025\/02\/24\/peugeot-402-90-anos-de-diseno-innovacion-y-vanguardia\/"},"author":{"name":"Alejandro Gabriel Rosito","@id":"https:\/\/autofans.com.ar\/#\/schema\/person\/4a8dda0b6df83ac3d6723e921274c2aa"},"headline":"Peugeot 402, 90 a\u00f1os de dise\u00f1o, innovaci\u00f3n y vanguardia","datePublished":"2025-02-24T22:30:03+00:00","mainEntityOfPage":{"@id":"https:\/\/autofans.com.ar\/index.php\/2025\/02\/24\/peugeot-402-90-anos-de-diseno-innovacion-y-vanguardia\/"},"wordCount":377,"image":{"@id":"https:\/\/autofans.com.ar\/index.php\/2025\/02\/24\/peugeot-402-90-anos-de-diseno-innovacion-y-vanguardia\/#primaryimage"},"thumbnailUrl":"https:\/\/autofans.com.ar\/wp-content\/uploads\/2025\/02\/peugeot-1-1.jpg","keywords":["autos cl\u00e1sicos","autos de los a\u00f1os 30","dise\u00f1o automotriz","historia Peugeot","Peugeot 402","Peugeot Darl'Mat","Peugeot Eclipse","Peugeot Le Mans"],"articleSection":["EMPRESAS","NOTICIAS"],"inLanguage":"es"},{"@type":"WebPage","@id":"https:\/\/autofans.com.ar\/index.php\/2025\/02\/24\/peugeot-402-90-anos-de-diseno-innovacion-y-vanguardia\/","url":"https:\/\/autofans.com.ar\/index.php\/2025\/02\/24\/peugeot-402-90-anos-de-diseno-innovacion-y-vanguardia\/","name":"Peugeot 402, 90 a\u00f1os de dise\u00f1o, innovaci\u00f3n y vanguardia -","isPartOf":{"@id":"https:\/\/autofans.com.ar\/#website"},"primaryImageOfPage":{"@id":"https:\/\/autofans.com.ar\/index.php\/2025\/02\/24\/peugeot-402-90-anos-de-diseno-innovacion-y-vanguardia\/#primaryimage"},"image":{"@id":"https:\/\/autofans.com.ar\/index.php\/2025\/02\/24\/peugeot-402-90-anos-de-diseno-innovacion-y-vanguardia\/#primaryimage"},"thumbnailUrl":"https:\/\/autofans.com.ar\/wp-content\/uploads\/2025\/02\/peugeot-1-1.jpg","datePublished":"2025-02-24T22:30:03+00:00","author":{"@id":"https:\/\/autofans.com.ar\/#\/schema\/person\/4a8dda0b6df83ac3d6723e921274c2aa"},"description":"El Peugeot 402 cumple 90 a\u00f1os y sigue siendo un referente del dise\u00f1o automotriz. Lanzado en 1935, combin\u00f3 la elegancia del Art D\u00e9co...","breadcrumb":{"@id":"https:\/\/autofans.com.ar\/index.php\/2025\/02\/24\/peugeot-402-90-anos-de-diseno-innovacion-y-vanguardia\/#breadcrumb"},"inLanguage":"es","potentialAction":[{"@type":"ReadAction","target":["https:\/\/autofans.com.ar\/index.php\/2025\/02\/24\/peugeot-402-90-anos-de-diseno-innovacion-y-vanguardia\/"]}]},{"@type":"ImageObject","inLanguage":"es","@id":"https:\/\/autofans.com.ar\/index.php\/2025\/02\/24\/peugeot-402-90-anos-de-diseno-innovacion-y-vanguardia\/#primaryimage","url":"https:\/\/autofans.com.ar\/wp-content\/uploads\/2025\/02\/peugeot-1-1.jpg","contentUrl":"https:\/\/autofans.com.ar\/wp-content\/uploads\/2025\/02\/peugeot-1-1.jpg","width":1000,"height":667,"caption":"Peugeot 402"},{"@type":"BreadcrumbList","@id":"https:\/\/autofans.com.ar\/index.php\/2025\/02\/24\/peugeot-402-90-anos-de-diseno-innovacion-y-vanguardia\/#breadcrumb","itemListElement":[{"@type":"ListItem","position":1,"name":"Inicio","item":"https:\/\/autofans.com.ar\/"},{"@type":"ListItem","position":2,"name":"Peugeot 402, 90 a\u00f1os de dise\u00f1o, innovaci\u00f3n y vanguardia"}]},{"@type":"WebSite","@id":"https:\/\/autofans.com.ar\/#website","url":"https:\/\/autofans.com.ar\/","name":"","description":"El multimedio referente de la industria automotriz","potentialAction":[{"@type":"SearchAction","target":{"@type":"EntryPoint","urlTemplate":"https:\/\/autofans.com.ar\/?s={search_term_string}"},"query-input":{"@type":"PropertyValueSpecification","valueRequired":true,"valueName":"search_term_string"}}],"inLanguage":"es"},{"@type":"Person","@id":"https:\/\/autofans.com.ar\/#\/schema\/person\/4a8dda0b6df83ac3d6723e921274c2aa","name":"Alejandro Gabriel Rosito","image":{"@type":"ImageObject","inLanguage":"es","@id":"https:\/\/secure.gravatar.com\/avatar\/16c5dda1489adfc62618084dcbb91cffd879c374b13fe5dd8e44ed6733852c88?s=96&d=mm&r=g","url":"https:\/\/secure.gravatar.com\/avatar\/16c5dda1489adfc62618084dcbb91cffd879c374b13fe5dd8e44ed6733852c88?s=96&d=mm&r=g","contentUrl":"https:\/\/secure.gravatar.com\/avatar\/16c5dda1489adfc62618084dcbb91cffd879c374b13fe5dd8e44ed6733852c88?s=96&d=mm&r=g","caption":"Alejandro Gabriel Rosito"},"url":"https:\/\/autofans.com.ar\/index.php\/author\/gabrielr\/"}]}},"featured_image_urls":{"full":["https:\/\/autofans.com.ar\/wp-content\/uploads\/2025\/02\/peugeot-1-1.jpg",1000,667,false],"thumbnail":["https:\/\/autofans.com.ar\/wp-content\/uploads\/2025\/02\/peugeot-1-1-150x150.jpg",150,150,true],"medium":["https:\/\/autofans.com.ar\/wp-content\/uploads\/2025\/02\/peugeot-1-1-300x200.jpg",300,200,true],"medium_large":["https:\/\/autofans.com.ar\/wp-content\/uploads\/2025\/02\/peugeot-1-1-768x512.jpg",640,427,true],"large":["https:\/\/autofans.com.ar\/wp-content\/uploads\/2025\/02\/peugeot-1-1.jpg",640,427,false],"1536x1536":["https:\/\/autofans.com.ar\/wp-content\/uploads\/2025\/02\/peugeot-1-1.jpg",1000,667,false],"2048x2048":["https:\/\/autofans.com.ar\/wp-content\/uploads\/2025\/02\/peugeot-1-1.jpg",1000,667,false],"covernews-featured":["https:\/\/autofans.com.ar\/wp-content\/uploads\/2025\/02\/peugeot-1-1.jpg",1000,667,false],"covernews-medium":["https:\/\/autofans.com.ar\/wp-content\/uploads\/2025\/02\/peugeot-1-1-540x340.jpg",540,340,true]},"author_info":{"display_name":"Alejandro Gabriel Rosito","author_link":"https:\/\/autofans.com.ar\/index.php\/author\/gabrielr\/"},"category_info":"<a href=\"https:\/\/autofans.com.ar\/index.php\/category\/noticias\/empresas\/\" rel=\"category tag\">EMPRESAS<\/a> <a href=\"https:\/\/autofans.com.ar\/index.php\/category\/noticias\/\" rel=\"category tag\">NOTICIAS<\/a>","tag_info":"NOTICIAS","comment_count":0,"_links":{"self":[{"href":"https:\/\/autofans.com.ar\/index.php\/wp-json\/wp\/v2\/posts\/11265","targetHints":{"allow":["GET"]}}],"collection":[{"href":"https:\/\/autofans.com.ar\/index.php\/wp-json\/wp\/v2\/posts"}],"about":[{"href":"https:\/\/autofans.com.ar\/index.php\/wp-json\/wp\/v2\/types\/post"}],"author":[{"embeddable":true,"href":"https:\/\/autofans.com.ar\/index.php\/wp-json\/wp\/v2\/users\/2"}],"replies":[{"embeddable":true,"href":"https:\/\/autofans.com.ar\/index.php\/wp-json\/wp\/v2\/comments?post=11265"}],"version-history":[{"count":3,"href":"https:\/\/autofans.com.ar\/index.php\/wp-json\/wp\/v2\/posts\/11265\/revisions"}],"predecessor-version":[{"id":11273,"href":"https:\/\/autofans.com.ar\/index.php\/wp-json\/wp\/v2\/posts\/11265\/revisions\/11273"}],"wp:featuredmedia":[{"embeddable":true,"href":"https:\/\/autofans.com.ar\/index.php\/wp-json\/wp\/v2\/media\/11270"}],"wp:attachment":[{"href":"https:\/\/autofans.com.ar\/index.php\/wp-json\/wp\/v2\/media?parent=11265"}],"wp:term":[{"taxonomy":"category","embeddable":true,"href":"https:\/\/autofans.com.ar\/index.php\/wp-json\/wp\/v2\/categories?post=11265"},{"taxonomy":"post_tag","embeddable":true,"href":"https:\/\/autofans.com.ar\/index.php\/wp-json\/wp\/v2\/tags?post=11265"}],"curies":[{"name":"wp","href":"https:\/\/api.w.org\/{rel}","templated":true}]}}