{"id":11322,"date":"2025-02-27T16:45:02","date_gmt":"2025-02-27T19:45:02","guid":{"rendered":"https:\/\/autofans.com.ar\/?p=11322"},"modified":"2025-02-27T17:14:03","modified_gmt":"2025-02-27T20:14:03","slug":"mercedes-benz-presenta-su-nueva-generacion-de-camiones-en-argentina","status":"publish","type":"post","link":"https:\/\/autofans.com.ar\/index.php\/2025\/02\/27\/mercedes-benz-presenta-su-nueva-generacion-de-camiones-en-argentina\/","title":{"rendered":"Mercedes-Benz presenta su nueva generaci\u00f3n de camiones en Argentina"},"content":{"rendered":"<p data-pm-slice=\"1 1 []\">Mercedes-Benz Camiones y Buses, subsidiaria de Daimler Truck, lanza en Argentina su Nueva Generaci\u00f3n de Camiones con actualizaciones en los modelos Accelo y Atego de fabricaci\u00f3n nacional, junto con nuevas versiones del Actros. El lanzamiento refuerza el liderazgo de la marca en el sector, sumando innovaciones en tecnolog\u00eda, seguridad y eficiencia.<\/p>\n<p data-pm-slice=\"1 1 []\"><span style=\"color: #ffffff;\">.<\/span><\/p>\n<h2>Atego &#8211; eficiencia para el transporte semipesado<\/h2>\n<p>Las versiones Atego 1721\/48, 1732\/42 y 1932 LS\/36 est\u00e1n dise\u00f1adas para el transporte de cargas semipesadas y de media distancia. Incorporan motores MB OM 924 y OM 926 LA BlueTec 5 con hasta 326 CV de potencia, transmisiones automatizadas PowerShift 3 y un dise\u00f1o renovado que mejora la aerodin\u00e1mica y el confort.<\/p>\n<p>&nbsp;<\/p>\n<p><img fetchpriority=\"high\" decoding=\"async\" class=\"aligncenter wp-image-11328 size-full\" src=\"https:\/\/autofans.com.ar\/wp-content\/uploads\/2025\/02\/atego-1.jpg\" alt=\"Mercedes-Benz\" width=\"1000\" height=\"667\" srcset=\"https:\/\/autofans.com.ar\/wp-content\/uploads\/2025\/02\/atego-1.jpg 1000w, https:\/\/autofans.com.ar\/wp-content\/uploads\/2025\/02\/atego-1-300x200.jpg 300w, https:\/\/autofans.com.ar\/wp-content\/uploads\/2025\/02\/atego-1-768x512.jpg 768w\" sizes=\"(max-width: 1000px) 100vw, 1000px\" \/><\/p>\n<p>&nbsp;<\/p>\n<p>En materia de seguridad, los nuevos Atego incluyen frenos ABS, control de tracci\u00f3n ASR, distribuci\u00f3n electr\u00f3nica de frenado (EBD) y asistencia al arranque en pendientes. Adem\u00e1s, las cabinas redise\u00f1adas, inspiradas en el Actros, optimizan la comodidad para el conductor.<\/p>\n<p>&nbsp;<\/p>\n<h2><strong>Accelo &#8211; m\u00e1xima agilidad en entornos urbanos<\/strong><\/h2>\n<p>El renovado Accelo se presenta en dos versiones: 916\/39 con transmisi\u00f3n manual y 1116\/39 automatizado, ideales para la distribuci\u00f3n urbana y el transporte liviano. Con motores OM 924 LA BlueTec 5, estos modelos priorizan eficiencia en consumo y rendimiento.<\/p>\n<p>&nbsp;<\/p>\n<p><img decoding=\"async\" class=\"aligncenter wp-image-11325 size-full\" src=\"https:\/\/autofans.com.ar\/wp-content\/uploads\/2025\/02\/accelo-1.jpg\" alt=\"Mercedes-Benz\" width=\"1000\" height=\"667\" srcset=\"https:\/\/autofans.com.ar\/wp-content\/uploads\/2025\/02\/accelo-1.jpg 1000w, https:\/\/autofans.com.ar\/wp-content\/uploads\/2025\/02\/accelo-1-300x200.jpg 300w, https:\/\/autofans.com.ar\/wp-content\/uploads\/2025\/02\/accelo-1-768x512.jpg 768w\" sizes=\"(max-width: 1000px) 100vw, 1000px\" \/><\/p>\n<p>&nbsp;<\/p>\n<p>El Accelo 1116\/39, con un PBT de 11 toneladas, es el m\u00e1s robusto de su categor\u00eda, ofreciendo mayor capacidad de carga. Ambos modelos incluyen frenos ABS, ASR, asistencia en pendientes y un sistema de iluminaci\u00f3n LED para mejorar la seguridad y visibilidad.<\/p>\n<p>&nbsp;<\/p>\n<blockquote>\n<p style=\"text-align: center;\">\u201cLa Nueva Generaci\u00f3n de Camiones Mercedes-Benz es el resultado de escuchar a quienes conf\u00edan en nosotros cada d\u00eda. Trabajamos para entregar camiones con la m\u00e1s alta tecnolog\u00eda y calidad que nos caracteriza, acompa\u00f1ando a nuestros clientes en su camino hacia un futuro m\u00e1s seguro y productivo\u201d, expres\u00f3 Roberto Faist, Gerente de Producto &amp; Marketing.<\/p>\n<\/blockquote>\n<p>&nbsp;<\/p>\n<h2>Actros &#8211; potencia y tecnolog\u00eda para el transporte de carga pesada<\/h2>\n<p>Las versiones Actros 2045 LS\/36 y 2545 LS\/33 est\u00e1n equipadas con el motor di\u00e9sel Mercedes-Benz OM 460 BlueTec 5 de 12,8 litros y 449 CV. Dise\u00f1ados para el transporte de cargas de larga distancia, garantizan eficiencia y confiabilidad para sectores como construcci\u00f3n, agroindustria y log\u00edstica.<\/p>\n<p>&nbsp;<\/p>\n<p><img decoding=\"async\" class=\"aligncenter wp-image-11326 size-full\" src=\"https:\/\/autofans.com.ar\/wp-content\/uploads\/2025\/02\/actros-1.jpg\" alt=\"Mercedes-Benz\" width=\"1000\" height=\"667\" srcset=\"https:\/\/autofans.com.ar\/wp-content\/uploads\/2025\/02\/actros-1.jpg 1000w, https:\/\/autofans.com.ar\/wp-content\/uploads\/2025\/02\/actros-1-300x200.jpg 300w, https:\/\/autofans.com.ar\/wp-content\/uploads\/2025\/02\/actros-1-768x512.jpg 768w\" sizes=\"(max-width: 1000px) 100vw, 1000px\" \/><\/p>\n<p>&nbsp;<\/p>\n<p>La transmisi\u00f3n automatizada PowerShift 3 de 12 marchas optimiza el consumo de combustible, mientras que la cabina ClassicSpace brinda confort con su dise\u00f1o ergon\u00f3mico, cama de descanso y tablero de f\u00e1cil acceso. En seguridad, destacan el sistema ESP, ABS, ASR, alerta por cansancio y asistencia en pendientes.<\/p>\n<p>&nbsp;<\/p>\n<blockquote>\n<p style=\"text-align: center;\">Paula D\u00edaz, Gerenta de Servicios al Cliente y Conectividad, destac\u00f3 \u201cEl nuevo portal de gesti\u00f3n de flotas FleetBoard combina innovaci\u00f3n tecnol\u00f3gica con eficiencia operativa, optimizando cada cami\u00f3n, reduciendo costos y mejorando la productividad de las flotas.\u201d<\/p>\n<\/blockquote>\n<p>&nbsp;<\/p>\n<h2>Mercedes-Benz &#8211; FleetBoard gesti\u00f3n digital de flotas en tiempo real<\/h2>\n<p>El nuevo portal FleetBoard, disponible para Actros y Atego, permite monitorear y optimizar flotas con tecnolog\u00eda en la nube. Ofrece telemetr\u00eda, localizaci\u00f3n, an\u00e1lisis de rendimiento y notificaciones personalizadas, asegurando eficiencia operativa y previniendo fallas mediante Truck Uptime.<\/p>\n<p>&nbsp;<\/p>\n<p>&nbsp;<\/p>\n<p><img loading=\"lazy\" decoding=\"async\" class=\"aligncenter wp-image-11327 size-full\" src=\"https:\/\/autofans.com.ar\/wp-content\/uploads\/2025\/02\/atego-2.jpg\" alt=\"Mercedes-Benz\" width=\"1000\" height=\"667\" srcset=\"https:\/\/autofans.com.ar\/wp-content\/uploads\/2025\/02\/atego-2.jpg 1000w, https:\/\/autofans.com.ar\/wp-content\/uploads\/2025\/02\/atego-2-300x200.jpg 300w, https:\/\/autofans.com.ar\/wp-content\/uploads\/2025\/02\/atego-2-768x512.jpg 768w\" sizes=\"(max-width: 1000px) 100vw, 1000px\" \/><\/p>\n<p>&nbsp;<\/p>\n<h2>Mercedes-Benz &#8211; compromiso con el futuro del transporte<\/h2>\n<p>Mercedes-Benz Camiones y Buses contin\u00faa invirtiendo en Argentina con un plan de USD 110 millones y la construcci\u00f3n de un nuevo Centro Industrial en Z\u00e1rate para 2026. Con la Nueva Generaci\u00f3n de Camiones, la marca reafirma su rol como aliado estrat\u00e9gico del transporte nacional.<\/p>\n<p>&nbsp;<\/p>\n<p>&nbsp;<\/p>\n<p>&nbsp;<\/p>\n<p><i>Para enterarte de m\u00e1s novedades, no dejes de leer\u00a0<\/i><a href=\"https:\/\/autofans.thebrandsoup.com\/\"><i>nuestras notas<\/i><\/a><i>, de ver<\/i><b><i>\u00a0<\/i><\/b><a href=\"https:\/\/www.youtube.com\/channel\/UCgAC8UGHZYbT6P7PpmVnP7g\"><b><i>AUTOFANS TV<\/i><\/b><\/a><b><i>\u00a0<\/i><\/b><i>en nuestro\u00a0canal de Youtube. Adem\u00e1s seguinos en\u00a0<\/i><a href=\"https:\/\/www.instagram.com\/autofanstv\/\"><i>INSTAGRAM<\/i><\/a><i> y <\/i><a href=\"https:\/\/www.facebook.com\/autofansmas\/\"><i>FACEBOOK<\/i><\/a><i> para no perderte nada sobre las novedades del segmento automotor de Argentina y el mundo.<\/i><\/p>\n","protected":false},"excerpt":{"rendered":"<p>Mercedes-Benz Camiones y Buses, subsidiaria de Daimler Truck, lanza en Argentina su Nueva Generaci\u00f3n de&#8230;<\/p>\n","protected":false},"author":2,"featured_media":11329,"comment_status":"closed","ping_status":"closed","sticky":false,"template":"","format":"standard","meta":{"footnotes":""},"categories":[1,10],"tags":[6174,6178,2211,6177,6179,2378,6175,6176,797],"class_list":["post-11322","post","type-post","status-publish","format-standard","has-post-thumbnail","hentry","category-lanzamientos","category-utilitarios-y-pesados-lanzamientos","tag-actros-argentina","tag-camiones-mercedes-benz-2025","tag-eficiencia-en-transporte","tag-fleetboard-argentina","tag-flotas-digitales","tag-mercedes-benz-camiones","tag-nuevo-accelo","tag-nuevo-atego","tag-transporte-de-carga"],"yoast_head":"<!-- This site is optimized with the Yoast SEO plugin v27.5 - https:\/\/yoast.com\/product\/yoast-seo-wordpress\/ -->\n<title>Mercedes-Benz presenta su nueva generaci\u00f3n de camiones en Argentina -<\/title>\n<meta name=\"description\" content=\"Mercedes-Benz Camiones y Buses, subsidiaria de Daimler Truck, lanza en Argentina su Nueva Generaci\u00f3n de Camiones con actualizaciones...\" \/>\n<meta name=\"robots\" content=\"index, follow, max-snippet:-1, max-image-preview:large, max-video-preview:-1\" \/>\n<link rel=\"canonical\" href=\"https:\/\/autofans.com.ar\/index.php\/2025\/02\/27\/mercedes-benz-presenta-su-nueva-generacion-de-camiones-en-argentina\/\" \/>\n<meta property=\"og:locale\" content=\"es_ES\" \/>\n<meta property=\"og:type\" content=\"article\" \/>\n<meta property=\"og:title\" content=\"Mercedes-Benz presenta su nueva generaci\u00f3n de camiones en Argentina -\" \/>\n<meta property=\"og:description\" content=\"Mercedes-Benz Camiones y Buses, subsidiaria de Daimler Truck, lanza en Argentina su Nueva Generaci\u00f3n de Camiones con actualizaciones...\" \/>\n<meta property=\"og:url\" content=\"https:\/\/autofans.com.ar\/index.php\/2025\/02\/27\/mercedes-benz-presenta-su-nueva-generacion-de-camiones-en-argentina\/\" \/>\n<meta property=\"article:published_time\" content=\"2025-02-27T19:45:02+00:00\" \/>\n<meta property=\"article:modified_time\" content=\"2025-02-27T20:14:03+00:00\" \/>\n<meta property=\"og:image\" content=\"https:\/\/autofans.com.ar\/wp-content\/uploads\/2025\/02\/mercedes-1-2.jpg\" \/>\n\t<meta property=\"og:image:width\" content=\"1000\" \/>\n\t<meta property=\"og:image:height\" content=\"667\" \/>\n\t<meta property=\"og:image:type\" content=\"image\/jpeg\" \/>\n<meta name=\"author\" content=\"Alejandro Gabriel Rosito\" \/>\n<meta name=\"twitter:card\" content=\"summary_large_image\" \/>\n<meta name=\"twitter:label1\" content=\"Escrito por\" \/>\n\t<meta name=\"twitter:data1\" content=\"Alejandro Gabriel Rosito\" \/>\n\t<meta name=\"twitter:label2\" content=\"Tiempo de lectura\" \/>\n\t<meta name=\"twitter:data2\" content=\"4 minutos\" \/>\n<script type=\"application\/ld+json\" class=\"yoast-schema-graph\">{\"@context\":\"https:\\\/\\\/schema.org\",\"@graph\":[{\"@type\":\"Article\",\"@id\":\"https:\\\/\\\/autofans.com.ar\\\/index.php\\\/2025\\\/02\\\/27\\\/mercedes-benz-presenta-su-nueva-generacion-de-camiones-en-argentina\\\/#article\",\"isPartOf\":{\"@id\":\"https:\\\/\\\/autofans.com.ar\\\/index.php\\\/2025\\\/02\\\/27\\\/mercedes-benz-presenta-su-nueva-generacion-de-camiones-en-argentina\\\/\"},\"author\":{\"name\":\"Alejandro Gabriel Rosito\",\"@id\":\"https:\\\/\\\/autofans.com.ar\\\/#\\\/schema\\\/person\\\/4a8dda0b6df83ac3d6723e921274c2aa\"},\"headline\":\"Mercedes-Benz presenta su nueva generaci\u00f3n de camiones en Argentina\",\"datePublished\":\"2025-02-27T19:45:02+00:00\",\"dateModified\":\"2025-02-27T20:14:03+00:00\",\"mainEntityOfPage\":{\"@id\":\"https:\\\/\\\/autofans.com.ar\\\/index.php\\\/2025\\\/02\\\/27\\\/mercedes-benz-presenta-su-nueva-generacion-de-camiones-en-argentina\\\/\"},\"wordCount\":625,\"image\":{\"@id\":\"https:\\\/\\\/autofans.com.ar\\\/index.php\\\/2025\\\/02\\\/27\\\/mercedes-benz-presenta-su-nueva-generacion-de-camiones-en-argentina\\\/#primaryimage\"},\"thumbnailUrl\":\"https:\\\/\\\/autofans.com.ar\\\/wp-content\\\/uploads\\\/2025\\\/02\\\/mercedes-1-2.jpg\",\"keywords\":[\"actros argentina\",\"camiones mercedes-benz 2025\",\"eficiencia en transporte\",\"fleetboard argentina\",\"flotas digitales\",\"Mercedes-Benz Camiones\",\"nuevo accelo\",\"nuevo atego\",\"transporte de carga\"],\"articleSection\":[\"LANZAMIENTOS\",\"Pick Ups, Utilitarios y Pesados\"],\"inLanguage\":\"es\"},{\"@type\":\"WebPage\",\"@id\":\"https:\\\/\\\/autofans.com.ar\\\/index.php\\\/2025\\\/02\\\/27\\\/mercedes-benz-presenta-su-nueva-generacion-de-camiones-en-argentina\\\/\",\"url\":\"https:\\\/\\\/autofans.com.ar\\\/index.php\\\/2025\\\/02\\\/27\\\/mercedes-benz-presenta-su-nueva-generacion-de-camiones-en-argentina\\\/\",\"name\":\"Mercedes-Benz presenta su nueva generaci\u00f3n de camiones en Argentina -\",\"isPartOf\":{\"@id\":\"https:\\\/\\\/autofans.com.ar\\\/#website\"},\"primaryImageOfPage\":{\"@id\":\"https:\\\/\\\/autofans.com.ar\\\/index.php\\\/2025\\\/02\\\/27\\\/mercedes-benz-presenta-su-nueva-generacion-de-camiones-en-argentina\\\/#primaryimage\"},\"image\":{\"@id\":\"https:\\\/\\\/autofans.com.ar\\\/index.php\\\/2025\\\/02\\\/27\\\/mercedes-benz-presenta-su-nueva-generacion-de-camiones-en-argentina\\\/#primaryimage\"},\"thumbnailUrl\":\"https:\\\/\\\/autofans.com.ar\\\/wp-content\\\/uploads\\\/2025\\\/02\\\/mercedes-1-2.jpg\",\"datePublished\":\"2025-02-27T19:45:02+00:00\",\"dateModified\":\"2025-02-27T20:14:03+00:00\",\"author\":{\"@id\":\"https:\\\/\\\/autofans.com.ar\\\/#\\\/schema\\\/person\\\/4a8dda0b6df83ac3d6723e921274c2aa\"},\"description\":\"Mercedes-Benz Camiones y Buses, subsidiaria de Daimler Truck, lanza en Argentina su Nueva Generaci\u00f3n de Camiones con actualizaciones...\",\"breadcrumb\":{\"@id\":\"https:\\\/\\\/autofans.com.ar\\\/index.php\\\/2025\\\/02\\\/27\\\/mercedes-benz-presenta-su-nueva-generacion-de-camiones-en-argentina\\\/#breadcrumb\"},\"inLanguage\":\"es\",\"potentialAction\":[{\"@type\":\"ReadAction\",\"target\":[\"https:\\\/\\\/autofans.com.ar\\\/index.php\\\/2025\\\/02\\\/27\\\/mercedes-benz-presenta-su-nueva-generacion-de-camiones-en-argentina\\\/\"]}]},{\"@type\":\"ImageObject\",\"inLanguage\":\"es\",\"@id\":\"https:\\\/\\\/autofans.com.ar\\\/index.php\\\/2025\\\/02\\\/27\\\/mercedes-benz-presenta-su-nueva-generacion-de-camiones-en-argentina\\\/#primaryimage\",\"url\":\"https:\\\/\\\/autofans.com.ar\\\/wp-content\\\/uploads\\\/2025\\\/02\\\/mercedes-1-2.jpg\",\"contentUrl\":\"https:\\\/\\\/autofans.com.ar\\\/wp-content\\\/uploads\\\/2025\\\/02\\\/mercedes-1-2.jpg\",\"width\":1000,\"height\":667},{\"@type\":\"BreadcrumbList\",\"@id\":\"https:\\\/\\\/autofans.com.ar\\\/index.php\\\/2025\\\/02\\\/27\\\/mercedes-benz-presenta-su-nueva-generacion-de-camiones-en-argentina\\\/#breadcrumb\",\"itemListElement\":[{\"@type\":\"ListItem\",\"position\":1,\"name\":\"Inicio\",\"item\":\"https:\\\/\\\/autofans.com.ar\\\/\"},{\"@type\":\"ListItem\",\"position\":2,\"name\":\"Mercedes-Benz presenta su nueva generaci\u00f3n de camiones en Argentina\"}]},{\"@type\":\"WebSite\",\"@id\":\"https:\\\/\\\/autofans.com.ar\\\/#website\",\"url\":\"https:\\\/\\\/autofans.com.ar\\\/\",\"name\":\"\",\"description\":\"El multimedio referente de la industria automotriz\",\"potentialAction\":[{\"@type\":\"SearchAction\",\"target\":{\"@type\":\"EntryPoint\",\"urlTemplate\":\"https:\\\/\\\/autofans.com.ar\\\/?s={search_term_string}\"},\"query-input\":{\"@type\":\"PropertyValueSpecification\",\"valueRequired\":true,\"valueName\":\"search_term_string\"}}],\"inLanguage\":\"es\"},{\"@type\":\"Person\",\"@id\":\"https:\\\/\\\/autofans.com.ar\\\/#\\\/schema\\\/person\\\/4a8dda0b6df83ac3d6723e921274c2aa\",\"name\":\"Alejandro Gabriel Rosito\",\"image\":{\"@type\":\"ImageObject\",\"inLanguage\":\"es\",\"@id\":\"https:\\\/\\\/secure.gravatar.com\\\/avatar\\\/16c5dda1489adfc62618084dcbb91cffd879c374b13fe5dd8e44ed6733852c88?s=96&d=mm&r=g\",\"url\":\"https:\\\/\\\/secure.gravatar.com\\\/avatar\\\/16c5dda1489adfc62618084dcbb91cffd879c374b13fe5dd8e44ed6733852c88?s=96&d=mm&r=g\",\"contentUrl\":\"https:\\\/\\\/secure.gravatar.com\\\/avatar\\\/16c5dda1489adfc62618084dcbb91cffd879c374b13fe5dd8e44ed6733852c88?s=96&d=mm&r=g\",\"caption\":\"Alejandro Gabriel Rosito\"},\"url\":\"https:\\\/\\\/autofans.com.ar\\\/index.php\\\/author\\\/gabrielr\\\/\"}]}<\/script>\n<!-- \/ Yoast SEO plugin. -->","yoast_head_json":{"title":"Mercedes-Benz presenta su nueva generaci\u00f3n de camiones en Argentina -","description":"Mercedes-Benz Camiones y Buses, subsidiaria de Daimler Truck, lanza en Argentina su Nueva Generaci\u00f3n de Camiones con actualizaciones...","robots":{"index":"index","follow":"follow","max-snippet":"max-snippet:-1","max-image-preview":"max-image-preview:large","max-video-preview":"max-video-preview:-1"},"canonical":"https:\/\/autofans.com.ar\/index.php\/2025\/02\/27\/mercedes-benz-presenta-su-nueva-generacion-de-camiones-en-argentina\/","og_locale":"es_ES","og_type":"article","og_title":"Mercedes-Benz presenta su nueva generaci\u00f3n de camiones en Argentina -","og_description":"Mercedes-Benz Camiones y Buses, subsidiaria de Daimler Truck, lanza en Argentina su Nueva Generaci\u00f3n de Camiones con actualizaciones...","og_url":"https:\/\/autofans.com.ar\/index.php\/2025\/02\/27\/mercedes-benz-presenta-su-nueva-generacion-de-camiones-en-argentina\/","article_published_time":"2025-02-27T19:45:02+00:00","article_modified_time":"2025-02-27T20:14:03+00:00","og_image":[{"width":1000,"height":667,"url":"https:\/\/autofans.com.ar\/wp-content\/uploads\/2025\/02\/mercedes-1-2.jpg","type":"image\/jpeg"}],"author":"Alejandro Gabriel Rosito","twitter_card":"summary_large_image","twitter_misc":{"Escrito por":"Alejandro Gabriel Rosito","Tiempo de lectura":"4 minutos"},"schema":{"@context":"https:\/\/schema.org","@graph":[{"@type":"Article","@id":"https:\/\/autofans.com.ar\/index.php\/2025\/02\/27\/mercedes-benz-presenta-su-nueva-generacion-de-camiones-en-argentina\/#article","isPartOf":{"@id":"https:\/\/autofans.com.ar\/index.php\/2025\/02\/27\/mercedes-benz-presenta-su-nueva-generacion-de-camiones-en-argentina\/"},"author":{"name":"Alejandro Gabriel Rosito","@id":"https:\/\/autofans.com.ar\/#\/schema\/person\/4a8dda0b6df83ac3d6723e921274c2aa"},"headline":"Mercedes-Benz presenta su nueva generaci\u00f3n de camiones en Argentina","datePublished":"2025-02-27T19:45:02+00:00","dateModified":"2025-02-27T20:14:03+00:00","mainEntityOfPage":{"@id":"https:\/\/autofans.com.ar\/index.php\/2025\/02\/27\/mercedes-benz-presenta-su-nueva-generacion-de-camiones-en-argentina\/"},"wordCount":625,"image":{"@id":"https:\/\/autofans.com.ar\/index.php\/2025\/02\/27\/mercedes-benz-presenta-su-nueva-generacion-de-camiones-en-argentina\/#primaryimage"},"thumbnailUrl":"https:\/\/autofans.com.ar\/wp-content\/uploads\/2025\/02\/mercedes-1-2.jpg","keywords":["actros argentina","camiones mercedes-benz 2025","eficiencia en transporte","fleetboard argentina","flotas digitales","Mercedes-Benz Camiones","nuevo accelo","nuevo atego","transporte de carga"],"articleSection":["LANZAMIENTOS","Pick Ups, Utilitarios y Pesados"],"inLanguage":"es"},{"@type":"WebPage","@id":"https:\/\/autofans.com.ar\/index.php\/2025\/02\/27\/mercedes-benz-presenta-su-nueva-generacion-de-camiones-en-argentina\/","url":"https:\/\/autofans.com.ar\/index.php\/2025\/02\/27\/mercedes-benz-presenta-su-nueva-generacion-de-camiones-en-argentina\/","name":"Mercedes-Benz presenta su nueva generaci\u00f3n de camiones en Argentina -","isPartOf":{"@id":"https:\/\/autofans.com.ar\/#website"},"primaryImageOfPage":{"@id":"https:\/\/autofans.com.ar\/index.php\/2025\/02\/27\/mercedes-benz-presenta-su-nueva-generacion-de-camiones-en-argentina\/#primaryimage"},"image":{"@id":"https:\/\/autofans.com.ar\/index.php\/2025\/02\/27\/mercedes-benz-presenta-su-nueva-generacion-de-camiones-en-argentina\/#primaryimage"},"thumbnailUrl":"https:\/\/autofans.com.ar\/wp-content\/uploads\/2025\/02\/mercedes-1-2.jpg","datePublished":"2025-02-27T19:45:02+00:00","dateModified":"2025-02-27T20:14:03+00:00","author":{"@id":"https:\/\/autofans.com.ar\/#\/schema\/person\/4a8dda0b6df83ac3d6723e921274c2aa"},"description":"Mercedes-Benz Camiones y Buses, subsidiaria de Daimler Truck, lanza en Argentina su Nueva Generaci\u00f3n de Camiones con actualizaciones...","breadcrumb":{"@id":"https:\/\/autofans.com.ar\/index.php\/2025\/02\/27\/mercedes-benz-presenta-su-nueva-generacion-de-camiones-en-argentina\/#breadcrumb"},"inLanguage":"es","potentialAction":[{"@type":"ReadAction","target":["https:\/\/autofans.com.ar\/index.php\/2025\/02\/27\/mercedes-benz-presenta-su-nueva-generacion-de-camiones-en-argentina\/"]}]},{"@type":"ImageObject","inLanguage":"es","@id":"https:\/\/autofans.com.ar\/index.php\/2025\/02\/27\/mercedes-benz-presenta-su-nueva-generacion-de-camiones-en-argentina\/#primaryimage","url":"https:\/\/autofans.com.ar\/wp-content\/uploads\/2025\/02\/mercedes-1-2.jpg","contentUrl":"https:\/\/autofans.com.ar\/wp-content\/uploads\/2025\/02\/mercedes-1-2.jpg","width":1000,"height":667},{"@type":"BreadcrumbList","@id":"https:\/\/autofans.com.ar\/index.php\/2025\/02\/27\/mercedes-benz-presenta-su-nueva-generacion-de-camiones-en-argentina\/#breadcrumb","itemListElement":[{"@type":"ListItem","position":1,"name":"Inicio","item":"https:\/\/autofans.com.ar\/"},{"@type":"ListItem","position":2,"name":"Mercedes-Benz presenta su nueva generaci\u00f3n de camiones en Argentina"}]},{"@type":"WebSite","@id":"https:\/\/autofans.com.ar\/#website","url":"https:\/\/autofans.com.ar\/","name":"","description":"El multimedio referente de la industria automotriz","potentialAction":[{"@type":"SearchAction","target":{"@type":"EntryPoint","urlTemplate":"https:\/\/autofans.com.ar\/?s={search_term_string}"},"query-input":{"@type":"PropertyValueSpecification","valueRequired":true,"valueName":"search_term_string"}}],"inLanguage":"es"},{"@type":"Person","@id":"https:\/\/autofans.com.ar\/#\/schema\/person\/4a8dda0b6df83ac3d6723e921274c2aa","name":"Alejandro Gabriel Rosito","image":{"@type":"ImageObject","inLanguage":"es","@id":"https:\/\/secure.gravatar.com\/avatar\/16c5dda1489adfc62618084dcbb91cffd879c374b13fe5dd8e44ed6733852c88?s=96&d=mm&r=g","url":"https:\/\/secure.gravatar.com\/avatar\/16c5dda1489adfc62618084dcbb91cffd879c374b13fe5dd8e44ed6733852c88?s=96&d=mm&r=g","contentUrl":"https:\/\/secure.gravatar.com\/avatar\/16c5dda1489adfc62618084dcbb91cffd879c374b13fe5dd8e44ed6733852c88?s=96&d=mm&r=g","caption":"Alejandro Gabriel Rosito"},"url":"https:\/\/autofans.com.ar\/index.php\/author\/gabrielr\/"}]}},"featured_image_urls":{"full":["https:\/\/autofans.com.ar\/wp-content\/uploads\/2025\/02\/mercedes-1-2.jpg",1000,667,false],"thumbnail":["https:\/\/autofans.com.ar\/wp-content\/uploads\/2025\/02\/mercedes-1-2-150x150.jpg",150,150,true],"medium":["https:\/\/autofans.com.ar\/wp-content\/uploads\/2025\/02\/mercedes-1-2-300x200.jpg",300,200,true],"medium_large":["https:\/\/autofans.com.ar\/wp-content\/uploads\/2025\/02\/mercedes-1-2-768x512.jpg",640,427,true],"large":["https:\/\/autofans.com.ar\/wp-content\/uploads\/2025\/02\/mercedes-1-2.jpg",640,427,false],"1536x1536":["https:\/\/autofans.com.ar\/wp-content\/uploads\/2025\/02\/mercedes-1-2.jpg",1000,667,false],"2048x2048":["https:\/\/autofans.com.ar\/wp-content\/uploads\/2025\/02\/mercedes-1-2.jpg",1000,667,false],"covernews-featured":["https:\/\/autofans.com.ar\/wp-content\/uploads\/2025\/02\/mercedes-1-2.jpg",1000,667,false],"covernews-medium":["https:\/\/autofans.com.ar\/wp-content\/uploads\/2025\/02\/mercedes-1-2-540x340.jpg",540,340,true]},"author_info":{"display_name":"Alejandro Gabriel Rosito","author_link":"https:\/\/autofans.com.ar\/index.php\/author\/gabrielr\/"},"category_info":"<a href=\"https:\/\/autofans.com.ar\/index.php\/category\/lanzamientos\/\" rel=\"category tag\">LANZAMIENTOS<\/a> <a href=\"https:\/\/autofans.com.ar\/index.php\/category\/lanzamientos\/utilitarios-y-pesados-lanzamientos\/\" rel=\"category tag\">Pick Ups, Utilitarios y Pesados<\/a>","tag_info":"Pick Ups, Utilitarios y Pesados","comment_count":0,"_links":{"self":[{"href":"https:\/\/autofans.com.ar\/index.php\/wp-json\/wp\/v2\/posts\/11322","targetHints":{"allow":["GET"]}}],"collection":[{"href":"https:\/\/autofans.com.ar\/index.php\/wp-json\/wp\/v2\/posts"}],"about":[{"href":"https:\/\/autofans.com.ar\/index.php\/wp-json\/wp\/v2\/types\/post"}],"author":[{"embeddable":true,"href":"https:\/\/autofans.com.ar\/index.php\/wp-json\/wp\/v2\/users\/2"}],"replies":[{"embeddable":true,"href":"https:\/\/autofans.com.ar\/index.php\/wp-json\/wp\/v2\/comments?post=11322"}],"version-history":[{"count":5,"href":"https:\/\/autofans.com.ar\/index.php\/wp-json\/wp\/v2\/posts\/11322\/revisions"}],"predecessor-version":[{"id":11332,"href":"https:\/\/autofans.com.ar\/index.php\/wp-json\/wp\/v2\/posts\/11322\/revisions\/11332"}],"wp:featuredmedia":[{"embeddable":true,"href":"https:\/\/autofans.com.ar\/index.php\/wp-json\/wp\/v2\/media\/11329"}],"wp:attachment":[{"href":"https:\/\/autofans.com.ar\/index.php\/wp-json\/wp\/v2\/media?parent=11322"}],"wp:term":[{"taxonomy":"category","embeddable":true,"href":"https:\/\/autofans.com.ar\/index.php\/wp-json\/wp\/v2\/categories?post=11322"},{"taxonomy":"post_tag","embeddable":true,"href":"https:\/\/autofans.com.ar\/index.php\/wp-json\/wp\/v2\/tags?post=11322"}],"curies":[{"name":"wp","href":"https:\/\/api.w.org\/{rel}","templated":true}]}}