{"id":11343,"date":"2025-02-28T15:34:24","date_gmt":"2025-02-28T18:34:24","guid":{"rendered":"https:\/\/autofans.com.ar\/?p=11343"},"modified":"2025-02-28T15:34:24","modified_gmt":"2025-02-28T18:34:24","slug":"nuevo-volkswagen-nivus-mas-tecnologia-y-con-diseno-renovado","status":"publish","type":"post","link":"https:\/\/autofans.com.ar\/index.php\/2025\/02\/28\/nuevo-volkswagen-nivus-mas-tecnologia-y-con-diseno-renovado\/","title":{"rendered":"Nuevo Volkswagen Nivus, m\u00e1s tecnolog\u00eda y con dise\u00f1o renovado"},"content":{"rendered":"<p data-pm-slice=\"1 1 []\">Volkswagen Argentina present\u00f3 el Nuevo Nivus, una actualizaci\u00f3n de su exitoso SUV compacto que incorpora mejoras en dise\u00f1o, conectividad y equipamiento. Con la llegada de nuevas versiones, el modelo ahora ofrece cinco opciones para diferentes necesidades y preferencias.<\/p>\n<p data-pm-slice=\"1 1 []\"><span style=\"color: #ffffff;\">.<\/span><\/p>\n<h2>Conectividad total con \u00abMi VW Connect\u00bb<\/h2>\n<p>&nbsp;<\/p>\n<div id='gallery-1' class='gallery galleryid-11343 gallery-columns-2 gallery-size-full'><figure class='gallery-item'>\n\t\t\t<div class='gallery-icon landscape'>\n\t\t\t\t<a href='https:\/\/autofans.com.ar\/index.php\/2025\/02\/28\/nuevo-volkswagen-nivus-mas-tecnologia-y-con-diseno-renovado\/nivus-6\/'><img loading=\"lazy\" width=\"1000\" height=\"667\" src=\"https:\/\/autofans.com.ar\/wp-content\/uploads\/2025\/02\/nivus-6.jpg\" class=\"attachment-full size-full\" alt=\"nivus-6\" srcset=\"https:\/\/autofans.com.ar\/wp-content\/uploads\/2025\/02\/nivus-6.jpg 1000w, https:\/\/autofans.com.ar\/wp-content\/uploads\/2025\/02\/nivus-6-300x200.jpg 300w, https:\/\/autofans.com.ar\/wp-content\/uploads\/2025\/02\/nivus-6-768x512.jpg 768w\" sizes=\"auto, (max-width: 1000px) 100vw, 1000px\" loading=\"lazy\" decoding=\"async\" \/><\/a>\n\t\t\t<\/div><\/figure><figure class='gallery-item'>\n\t\t\t<div class='gallery-icon landscape'>\n\t\t\t\t<a href='https:\/\/autofans.com.ar\/index.php\/2025\/02\/28\/nuevo-volkswagen-nivus-mas-tecnologia-y-con-diseno-renovado\/nivus-7\/'><img loading=\"lazy\" width=\"1000\" height=\"667\" src=\"https:\/\/autofans.com.ar\/wp-content\/uploads\/2025\/02\/nivus-7.jpg\" class=\"attachment-full size-full\" alt=\"nivus-7\" srcset=\"https:\/\/autofans.com.ar\/wp-content\/uploads\/2025\/02\/nivus-7.jpg 1000w, https:\/\/autofans.com.ar\/wp-content\/uploads\/2025\/02\/nivus-7-300x200.jpg 300w, https:\/\/autofans.com.ar\/wp-content\/uploads\/2025\/02\/nivus-7-768x512.jpg 768w\" sizes=\"auto, (max-width: 1000px) 100vw, 1000px\" loading=\"lazy\" decoding=\"async\" \/><\/a>\n\t\t\t<\/div><\/figure>\n\t\t<\/div>\n\n<p>&nbsp;<\/p>\n<p>&nbsp;<\/p>\n<p>El Nuevo Nivus se convierte en el primer modelo de Volkswagen en Argentina en integrar \u00abMi VW Connect\u00bb, un sistema de conectividad avanzada que permite gestionar m\u00faltiples funciones del veh\u00edculo desde el celular. A trav\u00e9s de la app \u00abMi VW Argentina\u00bb, los usuarios pueden:<\/p>\n<ul data-spread=\"false\">\n<li>Ver la \u00faltima ubicaci\u00f3n del auto y su posici\u00f3n en tiempo real.<\/li>\n<li>Establecer un control perimetral y l\u00edmite de velocidad con alertas.<\/li>\n<li>Activar el \u00abModo estacionamiento\u00bb para recibir notificaciones ante movimientos no autorizados.<\/li>\n<li>Bloquear y desbloquear el veh\u00edculo, hacer sonar la bocina y encender las balizas.<\/li>\n<li>Revisar el estado del auto y agendar servicios en concesionarios oficiales.<\/li>\n<\/ul>\n<p>Este sistema est\u00e1 disponible en las versiones Comfortline, Highline y Outfit.<\/p>\n<p>&nbsp;<\/p>\n<h2>Cinco versiones para todos los gustos<\/h2>\n<p>&nbsp;<\/p>\n<p><img fetchpriority=\"high\" decoding=\"async\" class=\"aligncenter wp-image-11346 size-full\" src=\"https:\/\/autofans.com.ar\/wp-content\/uploads\/2025\/02\/nivus-3-1.jpg\" alt=\"Volkswagen Nivus\" width=\"1000\" height=\"667\" srcset=\"https:\/\/autofans.com.ar\/wp-content\/uploads\/2025\/02\/nivus-3-1.jpg 1000w, https:\/\/autofans.com.ar\/wp-content\/uploads\/2025\/02\/nivus-3-1-300x200.jpg 300w, https:\/\/autofans.com.ar\/wp-content\/uploads\/2025\/02\/nivus-3-1-768x512.jpg 768w\" sizes=\"(max-width: 1000px) 100vw, 1000px\" \/><\/p>\n<p>&nbsp;<\/p>\n<p>El Nuevo Nivus llega con cinco niveles de equipamiento:<\/p>\n<ul data-spread=\"false\">\n<li><strong>170TSI MT<\/strong>: Motor turbo de 101 CV, caja manual de 5 velocidades, pantalla VW Play de 10&#8243;, tablero digital de 8&#8243;, volante multifunci\u00f3n en cuero, control de velocidad crucero y c\u00e1mara de retroceso.<\/li>\n<li><strong>Trendline 200TSI AT<\/strong>: Motor turbo de 116 CV, caja autom\u00e1tica de 6 velocidades y frenos a disco en las cuatro ruedas. Agrega apoyabrazos central, salidas de aire traseras y puertos USB tipo C adicionales.<\/li>\n<li><strong>Comfortline 200TSI AT<\/strong>: Incorpora \u00abMi VW Connect\u00bb, cargador inal\u00e1mbrico, VW Play conectada, levas en el volante, sensor de lluvia y sistema Keyless con arranque por bot\u00f3n.<\/li>\n<li><strong>Highline 200TSI AT<\/strong>: Nueva grilla frontal LED iluminada, llantas de 17&#8243;, tablero digital \u00abActive Info Display\u00bb de 10,25&#8243;, tapizados en cuero ecol\u00f3gico y mayor tecnolog\u00eda en seguridad.<\/li>\n<li><strong>Outfit 200TSI AT<\/strong>: Versi\u00f3n tope de gama con detalles exclusivos como llantas oscurecidas, techo negro y distintivos espec\u00edficos de la versi\u00f3n.<\/li>\n<\/ul>\n<p>&nbsp;<\/p>\n<h2>Dise\u00f1o renovado y m\u00e1s tecnolog\u00eda<\/h2>\n<p><a href=\"https:\/\/autofans.com.ar\/wp-content\/uploads\/2025\/02\/Flyer-Nuevo-Nivus_MY25_Febrero_2025.pdf\" target=\"_blank\" rel=\"noopener\">Fiche T\u00e9cnica: Nivus MY25<\/a><\/p>\n<p>El Nuevo Nivus incorpora faros LED de serie y, en las versiones Highline y Outfit, una grilla frontal iluminada. En la parte trasera, una l\u00ednea LED une los faros y destaca la identidad visual del modelo. Adem\u00e1s, el interior presenta nuevos materiales y acabados para mejorar la experiencia de conducci\u00f3n.<\/p>\n<p>&nbsp;<\/p>\n<div id='gallery-2' class='gallery galleryid-11343 gallery-columns-2 gallery-size-full'><figure class='gallery-item'>\n\t\t\t<div class='gallery-icon landscape'>\n\t\t\t\t<a href='https:\/\/autofans.com.ar\/index.php\/2025\/02\/28\/nuevo-volkswagen-nivus-mas-tecnologia-y-con-diseno-renovado\/nivus-1-2\/'><img loading=\"lazy\" width=\"1000\" height=\"667\" src=\"https:\/\/autofans.com.ar\/wp-content\/uploads\/2025\/02\/nivus-1-1.jpg\" class=\"attachment-full size-full\" alt=\"Volkswagen Nivus\" srcset=\"https:\/\/autofans.com.ar\/wp-content\/uploads\/2025\/02\/nivus-1-1.jpg 1000w, https:\/\/autofans.com.ar\/wp-content\/uploads\/2025\/02\/nivus-1-1-300x200.jpg 300w, https:\/\/autofans.com.ar\/wp-content\/uploads\/2025\/02\/nivus-1-1-768x512.jpg 768w\" sizes=\"auto, (max-width: 1000px) 100vw, 1000px\" loading=\"lazy\" decoding=\"async\" \/><\/a>\n\t\t\t<\/div><\/figure><figure class='gallery-item'>\n\t\t\t<div class='gallery-icon landscape'>\n\t\t\t\t<a href='https:\/\/autofans.com.ar\/index.php\/2025\/02\/28\/nuevo-volkswagen-nivus-mas-tecnologia-y-con-diseno-renovado\/nivus-2-2\/'><img loading=\"lazy\" width=\"1000\" height=\"667\" src=\"https:\/\/autofans.com.ar\/wp-content\/uploads\/2025\/02\/nivus-2-1.jpg\" class=\"attachment-full size-full\" alt=\"Volkswagen Nivus\" srcset=\"https:\/\/autofans.com.ar\/wp-content\/uploads\/2025\/02\/nivus-2-1.jpg 1000w, https:\/\/autofans.com.ar\/wp-content\/uploads\/2025\/02\/nivus-2-1-300x200.jpg 300w, https:\/\/autofans.com.ar\/wp-content\/uploads\/2025\/02\/nivus-2-1-768x512.jpg 768w\" sizes=\"auto, (max-width: 1000px) 100vw, 1000px\" loading=\"lazy\" decoding=\"async\" \/><\/a>\n\t\t\t<\/div><\/figure>\n\t\t<\/div>\n\n<p>&nbsp;<\/p>\n<p>En t\u00e9rminos de seguridad, las versiones m\u00e1s equipadas suman freno aut\u00f3nomo de emergencia, control de velocidad crucero adaptativo, asistencia de mantenimiento de carril y detector de punto ciego, entre otros asistentes.<\/p>\n<h4>Colores y precios<\/h4>\n<p>El Nuevo Nivus est\u00e1 disponible en siete colores, con opciones exclusivas para la versi\u00f3n Outfit. Los precios sugeridos son:<\/p>\n<ul data-spread=\"false\">\n<li><strong>170TSI MT<\/strong>: $30.179.700.-<\/li>\n<li><strong>Trendline 200TSI AT<\/strong>: $32.035.500.-<\/li>\n<li><strong>Comfortline 200TSI AT<\/strong>: $33.893.300.-<\/li>\n<li><strong>Highline 200TSI AT<\/strong>: $36.596.900.-<\/li>\n<li><strong>Outfit 200TSI AT<\/strong>: $37.451.300.-<\/li>\n<\/ul>\n<p>&nbsp;<\/p>\n<p>&nbsp;<\/p>\n<p><center><iframe title=\"Nuevo Volkswagen Nivus, m\u00e1s tecnolog\u00eda y con dise\u00f1o renovado\" width=\"640\" height=\"360\" src=\"https:\/\/www.youtube.com\/embed\/fDPCmIqnkXQ?feature=oembed\" frameborder=\"0\" allow=\"accelerometer; autoplay; clipboard-write; encrypted-media; gyroscope; picture-in-picture; web-share\" referrerpolicy=\"strict-origin-when-cross-origin\" allowfullscreen><\/iframe><\/p>\n<p>&nbsp;<\/p>\n<p><\/center>&nbsp;<\/p>\n<p>El Nuevo Volkswagen Nivus ya est\u00e1 disponible en todos los concesionarios de la marca en Argentina. Adem\u00e1s, incluye el primer servicio bonificado y descuentos en mano de obra para el segundo y tercer mantenimiento programado.<\/p>\n<p>&nbsp;<\/p>\n<p>&nbsp;<\/p>\n<p>&nbsp;<\/p>\n<p><i>Para enterarte de m\u00e1s novedades, no dejes de leer\u00a0<\/i><a href=\"https:\/\/autofans.thebrandsoup.com\/\"><i>nuestras notas<\/i><\/a><i>, de ver<\/i><b><i>\u00a0<\/i><\/b><a href=\"https:\/\/www.youtube.com\/channel\/UCgAC8UGHZYbT6P7PpmVnP7g\"><b><i>AUTOFANS TV<\/i><\/b><\/a><b><i>\u00a0<\/i><\/b><i>en nuestro\u00a0canal de Youtube. Adem\u00e1s seguinos en\u00a0<\/i><a href=\"https:\/\/www.instagram.com\/autofanstv\/\"><i>INSTAGRAM<\/i><\/a><i> y <\/i><a href=\"https:\/\/www.facebook.com\/autofansmas\/\"><i>FACEBOOK<\/i><\/a><i> para no perderte nada sobre las novedades del segmento automotor de Argentina y el mundo.<\/i><\/p>\n","protected":false},"excerpt":{"rendered":"<p>Volkswagen Argentina present\u00f3 el Nuevo Nivus, una actualizaci\u00f3n de su exitoso SUV compacto que incorpora&#8230;<\/p>\n","protected":false},"author":2,"featured_media":11351,"comment_status":"closed","ping_status":"closed","sticky":false,"template":"","format":"standard","meta":{"footnotes":""},"categories":[8,1],"tags":[2969,6191,6190,5767,6192,3380,4370,889,75,4892],"class_list":["post-11343","post","type-post","status-publish","format-standard","has-post-thumbnail","hentry","category-autos-y-suv","category-lanzamientos","tag-concesionarios-volkswagen","tag-mi-vw-connect","tag-nivus-2024","tag-nuevo-nivus","tag-precios-nivus","tag-suv-compacto","tag-suv-volkswagen","tag-tecnologia-volkswagen","tag-volkswagen-argentina","tag-volkswagen-nivus"],"yoast_head":"<!-- This site is optimized with the Yoast SEO plugin v27.5 - https:\/\/yoast.com\/product\/yoast-seo-wordpress\/ -->\n<title>Nuevo Volkswagen Nivus, m\u00e1s tecnolog\u00eda y con dise\u00f1o renovado -<\/title>\n<meta name=\"description\" content=\"Volkswagen Argentina present\u00f3 el Nuevo Nivus, una actualizaci\u00f3n de su exitoso SUV compacto que incorpora mejoras en dise\u00f1o...\" \/>\n<meta name=\"robots\" content=\"index, follow, max-snippet:-1, max-image-preview:large, max-video-preview:-1\" \/>\n<link rel=\"canonical\" href=\"https:\/\/autofans.com.ar\/index.php\/2025\/02\/28\/nuevo-volkswagen-nivus-mas-tecnologia-y-con-diseno-renovado\/\" \/>\n<meta property=\"og:locale\" content=\"es_ES\" \/>\n<meta property=\"og:type\" content=\"article\" \/>\n<meta property=\"og:title\" content=\"Nuevo Volkswagen Nivus, m\u00e1s tecnolog\u00eda y con dise\u00f1o renovado -\" \/>\n<meta property=\"og:description\" content=\"Volkswagen Argentina present\u00f3 el Nuevo Nivus, una actualizaci\u00f3n de su exitoso SUV compacto que incorpora mejoras en dise\u00f1o...\" \/>\n<meta property=\"og:url\" content=\"https:\/\/autofans.com.ar\/index.php\/2025\/02\/28\/nuevo-volkswagen-nivus-mas-tecnologia-y-con-diseno-renovado\/\" \/>\n<meta property=\"article:published_time\" content=\"2025-02-28T18:34:24+00:00\" \/>\n<meta property=\"og:image\" content=\"https:\/\/autofans.com.ar\/wp-content\/uploads\/2025\/02\/nivus-8.jpg\" \/>\n\t<meta property=\"og:image:width\" content=\"1000\" \/>\n\t<meta property=\"og:image:height\" content=\"667\" \/>\n\t<meta property=\"og:image:type\" content=\"image\/jpeg\" \/>\n<meta name=\"author\" content=\"Alejandro Gabriel Rosito\" \/>\n<meta name=\"twitter:card\" content=\"summary_large_image\" \/>\n<meta name=\"twitter:label1\" content=\"Escrito por\" \/>\n\t<meta name=\"twitter:data1\" content=\"Alejandro Gabriel Rosito\" \/>\n\t<meta name=\"twitter:label2\" content=\"Tiempo de lectura\" \/>\n\t<meta name=\"twitter:data2\" content=\"3 minutos\" \/>\n<script type=\"application\/ld+json\" class=\"yoast-schema-graph\">{\"@context\":\"https:\\\/\\\/schema.org\",\"@graph\":[{\"@type\":\"Article\",\"@id\":\"https:\\\/\\\/autofans.com.ar\\\/index.php\\\/2025\\\/02\\\/28\\\/nuevo-volkswagen-nivus-mas-tecnologia-y-con-diseno-renovado\\\/#article\",\"isPartOf\":{\"@id\":\"https:\\\/\\\/autofans.com.ar\\\/index.php\\\/2025\\\/02\\\/28\\\/nuevo-volkswagen-nivus-mas-tecnologia-y-con-diseno-renovado\\\/\"},\"author\":{\"name\":\"Alejandro Gabriel Rosito\",\"@id\":\"https:\\\/\\\/autofans.com.ar\\\/#\\\/schema\\\/person\\\/4a8dda0b6df83ac3d6723e921274c2aa\"},\"headline\":\"Nuevo Volkswagen Nivus, m\u00e1s tecnolog\u00eda y con dise\u00f1o renovado\",\"datePublished\":\"2025-02-28T18:34:24+00:00\",\"mainEntityOfPage\":{\"@id\":\"https:\\\/\\\/autofans.com.ar\\\/index.php\\\/2025\\\/02\\\/28\\\/nuevo-volkswagen-nivus-mas-tecnologia-y-con-diseno-renovado\\\/\"},\"wordCount\":588,\"image\":{\"@id\":\"https:\\\/\\\/autofans.com.ar\\\/index.php\\\/2025\\\/02\\\/28\\\/nuevo-volkswagen-nivus-mas-tecnologia-y-con-diseno-renovado\\\/#primaryimage\"},\"thumbnailUrl\":\"https:\\\/\\\/autofans.com.ar\\\/wp-content\\\/uploads\\\/2025\\\/02\\\/nivus-8.jpg\",\"keywords\":[\"Concesionarios Volkswagen\",\"Mi VW Connect\",\"Nivus 2024\",\"Nuevo Nivus\",\"precios Nivus\",\"SUV compacto\",\"SUV Volkswagen\",\"Tecnolog\u00eda Volkswagen\",\"Volkswagen Argentina\",\"Volkswagen Nivus\"],\"articleSection\":[\"Autos y SUV\",\"LANZAMIENTOS\"],\"inLanguage\":\"es\"},{\"@type\":\"WebPage\",\"@id\":\"https:\\\/\\\/autofans.com.ar\\\/index.php\\\/2025\\\/02\\\/28\\\/nuevo-volkswagen-nivus-mas-tecnologia-y-con-diseno-renovado\\\/\",\"url\":\"https:\\\/\\\/autofans.com.ar\\\/index.php\\\/2025\\\/02\\\/28\\\/nuevo-volkswagen-nivus-mas-tecnologia-y-con-diseno-renovado\\\/\",\"name\":\"Nuevo Volkswagen Nivus, m\u00e1s tecnolog\u00eda y con dise\u00f1o renovado -\",\"isPartOf\":{\"@id\":\"https:\\\/\\\/autofans.com.ar\\\/#website\"},\"primaryImageOfPage\":{\"@id\":\"https:\\\/\\\/autofans.com.ar\\\/index.php\\\/2025\\\/02\\\/28\\\/nuevo-volkswagen-nivus-mas-tecnologia-y-con-diseno-renovado\\\/#primaryimage\"},\"image\":{\"@id\":\"https:\\\/\\\/autofans.com.ar\\\/index.php\\\/2025\\\/02\\\/28\\\/nuevo-volkswagen-nivus-mas-tecnologia-y-con-diseno-renovado\\\/#primaryimage\"},\"thumbnailUrl\":\"https:\\\/\\\/autofans.com.ar\\\/wp-content\\\/uploads\\\/2025\\\/02\\\/nivus-8.jpg\",\"datePublished\":\"2025-02-28T18:34:24+00:00\",\"author\":{\"@id\":\"https:\\\/\\\/autofans.com.ar\\\/#\\\/schema\\\/person\\\/4a8dda0b6df83ac3d6723e921274c2aa\"},\"description\":\"Volkswagen Argentina present\u00f3 el Nuevo Nivus, una actualizaci\u00f3n de su exitoso SUV compacto que incorpora mejoras en dise\u00f1o...\",\"breadcrumb\":{\"@id\":\"https:\\\/\\\/autofans.com.ar\\\/index.php\\\/2025\\\/02\\\/28\\\/nuevo-volkswagen-nivus-mas-tecnologia-y-con-diseno-renovado\\\/#breadcrumb\"},\"inLanguage\":\"es\",\"potentialAction\":[{\"@type\":\"ReadAction\",\"target\":[\"https:\\\/\\\/autofans.com.ar\\\/index.php\\\/2025\\\/02\\\/28\\\/nuevo-volkswagen-nivus-mas-tecnologia-y-con-diseno-renovado\\\/\"]}]},{\"@type\":\"ImageObject\",\"inLanguage\":\"es\",\"@id\":\"https:\\\/\\\/autofans.com.ar\\\/index.php\\\/2025\\\/02\\\/28\\\/nuevo-volkswagen-nivus-mas-tecnologia-y-con-diseno-renovado\\\/#primaryimage\",\"url\":\"https:\\\/\\\/autofans.com.ar\\\/wp-content\\\/uploads\\\/2025\\\/02\\\/nivus-8.jpg\",\"contentUrl\":\"https:\\\/\\\/autofans.com.ar\\\/wp-content\\\/uploads\\\/2025\\\/02\\\/nivus-8.jpg\",\"width\":1000,\"height\":667},{\"@type\":\"BreadcrumbList\",\"@id\":\"https:\\\/\\\/autofans.com.ar\\\/index.php\\\/2025\\\/02\\\/28\\\/nuevo-volkswagen-nivus-mas-tecnologia-y-con-diseno-renovado\\\/#breadcrumb\",\"itemListElement\":[{\"@type\":\"ListItem\",\"position\":1,\"name\":\"Inicio\",\"item\":\"https:\\\/\\\/autofans.com.ar\\\/\"},{\"@type\":\"ListItem\",\"position\":2,\"name\":\"Nuevo Volkswagen Nivus, m\u00e1s tecnolog\u00eda y con dise\u00f1o renovado\"}]},{\"@type\":\"WebSite\",\"@id\":\"https:\\\/\\\/autofans.com.ar\\\/#website\",\"url\":\"https:\\\/\\\/autofans.com.ar\\\/\",\"name\":\"\",\"description\":\"El multimedio referente de la industria automotriz\",\"potentialAction\":[{\"@type\":\"SearchAction\",\"target\":{\"@type\":\"EntryPoint\",\"urlTemplate\":\"https:\\\/\\\/autofans.com.ar\\\/?s={search_term_string}\"},\"query-input\":{\"@type\":\"PropertyValueSpecification\",\"valueRequired\":true,\"valueName\":\"search_term_string\"}}],\"inLanguage\":\"es\"},{\"@type\":\"Person\",\"@id\":\"https:\\\/\\\/autofans.com.ar\\\/#\\\/schema\\\/person\\\/4a8dda0b6df83ac3d6723e921274c2aa\",\"name\":\"Alejandro Gabriel Rosito\",\"image\":{\"@type\":\"ImageObject\",\"inLanguage\":\"es\",\"@id\":\"https:\\\/\\\/secure.gravatar.com\\\/avatar\\\/16c5dda1489adfc62618084dcbb91cffd879c374b13fe5dd8e44ed6733852c88?s=96&d=mm&r=g\",\"url\":\"https:\\\/\\\/secure.gravatar.com\\\/avatar\\\/16c5dda1489adfc62618084dcbb91cffd879c374b13fe5dd8e44ed6733852c88?s=96&d=mm&r=g\",\"contentUrl\":\"https:\\\/\\\/secure.gravatar.com\\\/avatar\\\/16c5dda1489adfc62618084dcbb91cffd879c374b13fe5dd8e44ed6733852c88?s=96&d=mm&r=g\",\"caption\":\"Alejandro Gabriel Rosito\"},\"url\":\"https:\\\/\\\/autofans.com.ar\\\/index.php\\\/author\\\/gabrielr\\\/\"}]}<\/script>\n<!-- \/ Yoast SEO plugin. -->","yoast_head_json":{"title":"Nuevo Volkswagen Nivus, m\u00e1s tecnolog\u00eda y con dise\u00f1o renovado -","description":"Volkswagen Argentina present\u00f3 el Nuevo Nivus, una actualizaci\u00f3n de su exitoso SUV compacto que incorpora mejoras en dise\u00f1o...","robots":{"index":"index","follow":"follow","max-snippet":"max-snippet:-1","max-image-preview":"max-image-preview:large","max-video-preview":"max-video-preview:-1"},"canonical":"https:\/\/autofans.com.ar\/index.php\/2025\/02\/28\/nuevo-volkswagen-nivus-mas-tecnologia-y-con-diseno-renovado\/","og_locale":"es_ES","og_type":"article","og_title":"Nuevo Volkswagen Nivus, m\u00e1s tecnolog\u00eda y con dise\u00f1o renovado -","og_description":"Volkswagen Argentina present\u00f3 el Nuevo Nivus, una actualizaci\u00f3n de su exitoso SUV compacto que incorpora mejoras en dise\u00f1o...","og_url":"https:\/\/autofans.com.ar\/index.php\/2025\/02\/28\/nuevo-volkswagen-nivus-mas-tecnologia-y-con-diseno-renovado\/","article_published_time":"2025-02-28T18:34:24+00:00","og_image":[{"width":1000,"height":667,"url":"https:\/\/autofans.com.ar\/wp-content\/uploads\/2025\/02\/nivus-8.jpg","type":"image\/jpeg"}],"author":"Alejandro Gabriel Rosito","twitter_card":"summary_large_image","twitter_misc":{"Escrito por":"Alejandro Gabriel Rosito","Tiempo de lectura":"3 minutos"},"schema":{"@context":"https:\/\/schema.org","@graph":[{"@type":"Article","@id":"https:\/\/autofans.com.ar\/index.php\/2025\/02\/28\/nuevo-volkswagen-nivus-mas-tecnologia-y-con-diseno-renovado\/#article","isPartOf":{"@id":"https:\/\/autofans.com.ar\/index.php\/2025\/02\/28\/nuevo-volkswagen-nivus-mas-tecnologia-y-con-diseno-renovado\/"},"author":{"name":"Alejandro Gabriel Rosito","@id":"https:\/\/autofans.com.ar\/#\/schema\/person\/4a8dda0b6df83ac3d6723e921274c2aa"},"headline":"Nuevo Volkswagen Nivus, m\u00e1s tecnolog\u00eda y con dise\u00f1o renovado","datePublished":"2025-02-28T18:34:24+00:00","mainEntityOfPage":{"@id":"https:\/\/autofans.com.ar\/index.php\/2025\/02\/28\/nuevo-volkswagen-nivus-mas-tecnologia-y-con-diseno-renovado\/"},"wordCount":588,"image":{"@id":"https:\/\/autofans.com.ar\/index.php\/2025\/02\/28\/nuevo-volkswagen-nivus-mas-tecnologia-y-con-diseno-renovado\/#primaryimage"},"thumbnailUrl":"https:\/\/autofans.com.ar\/wp-content\/uploads\/2025\/02\/nivus-8.jpg","keywords":["Concesionarios Volkswagen","Mi VW Connect","Nivus 2024","Nuevo Nivus","precios Nivus","SUV compacto","SUV Volkswagen","Tecnolog\u00eda Volkswagen","Volkswagen Argentina","Volkswagen Nivus"],"articleSection":["Autos y SUV","LANZAMIENTOS"],"inLanguage":"es"},{"@type":"WebPage","@id":"https:\/\/autofans.com.ar\/index.php\/2025\/02\/28\/nuevo-volkswagen-nivus-mas-tecnologia-y-con-diseno-renovado\/","url":"https:\/\/autofans.com.ar\/index.php\/2025\/02\/28\/nuevo-volkswagen-nivus-mas-tecnologia-y-con-diseno-renovado\/","name":"Nuevo Volkswagen Nivus, m\u00e1s tecnolog\u00eda y con dise\u00f1o renovado -","isPartOf":{"@id":"https:\/\/autofans.com.ar\/#website"},"primaryImageOfPage":{"@id":"https:\/\/autofans.com.ar\/index.php\/2025\/02\/28\/nuevo-volkswagen-nivus-mas-tecnologia-y-con-diseno-renovado\/#primaryimage"},"image":{"@id":"https:\/\/autofans.com.ar\/index.php\/2025\/02\/28\/nuevo-volkswagen-nivus-mas-tecnologia-y-con-diseno-renovado\/#primaryimage"},"thumbnailUrl":"https:\/\/autofans.com.ar\/wp-content\/uploads\/2025\/02\/nivus-8.jpg","datePublished":"2025-02-28T18:34:24+00:00","author":{"@id":"https:\/\/autofans.com.ar\/#\/schema\/person\/4a8dda0b6df83ac3d6723e921274c2aa"},"description":"Volkswagen Argentina present\u00f3 el Nuevo Nivus, una actualizaci\u00f3n de su exitoso SUV compacto que incorpora mejoras en dise\u00f1o...","breadcrumb":{"@id":"https:\/\/autofans.com.ar\/index.php\/2025\/02\/28\/nuevo-volkswagen-nivus-mas-tecnologia-y-con-diseno-renovado\/#breadcrumb"},"inLanguage":"es","potentialAction":[{"@type":"ReadAction","target":["https:\/\/autofans.com.ar\/index.php\/2025\/02\/28\/nuevo-volkswagen-nivus-mas-tecnologia-y-con-diseno-renovado\/"]}]},{"@type":"ImageObject","inLanguage":"es","@id":"https:\/\/autofans.com.ar\/index.php\/2025\/02\/28\/nuevo-volkswagen-nivus-mas-tecnologia-y-con-diseno-renovado\/#primaryimage","url":"https:\/\/autofans.com.ar\/wp-content\/uploads\/2025\/02\/nivus-8.jpg","contentUrl":"https:\/\/autofans.com.ar\/wp-content\/uploads\/2025\/02\/nivus-8.jpg","width":1000,"height":667},{"@type":"BreadcrumbList","@id":"https:\/\/autofans.com.ar\/index.php\/2025\/02\/28\/nuevo-volkswagen-nivus-mas-tecnologia-y-con-diseno-renovado\/#breadcrumb","itemListElement":[{"@type":"ListItem","position":1,"name":"Inicio","item":"https:\/\/autofans.com.ar\/"},{"@type":"ListItem","position":2,"name":"Nuevo Volkswagen Nivus, m\u00e1s tecnolog\u00eda y con dise\u00f1o renovado"}]},{"@type":"WebSite","@id":"https:\/\/autofans.com.ar\/#website","url":"https:\/\/autofans.com.ar\/","name":"","description":"El multimedio referente de la industria automotriz","potentialAction":[{"@type":"SearchAction","target":{"@type":"EntryPoint","urlTemplate":"https:\/\/autofans.com.ar\/?s={search_term_string}"},"query-input":{"@type":"PropertyValueSpecification","valueRequired":true,"valueName":"search_term_string"}}],"inLanguage":"es"},{"@type":"Person","@id":"https:\/\/autofans.com.ar\/#\/schema\/person\/4a8dda0b6df83ac3d6723e921274c2aa","name":"Alejandro Gabriel Rosito","image":{"@type":"ImageObject","inLanguage":"es","@id":"https:\/\/secure.gravatar.com\/avatar\/16c5dda1489adfc62618084dcbb91cffd879c374b13fe5dd8e44ed6733852c88?s=96&d=mm&r=g","url":"https:\/\/secure.gravatar.com\/avatar\/16c5dda1489adfc62618084dcbb91cffd879c374b13fe5dd8e44ed6733852c88?s=96&d=mm&r=g","contentUrl":"https:\/\/secure.gravatar.com\/avatar\/16c5dda1489adfc62618084dcbb91cffd879c374b13fe5dd8e44ed6733852c88?s=96&d=mm&r=g","caption":"Alejandro Gabriel Rosito"},"url":"https:\/\/autofans.com.ar\/index.php\/author\/gabrielr\/"}]}},"featured_image_urls":{"full":["https:\/\/autofans.com.ar\/wp-content\/uploads\/2025\/02\/nivus-8.jpg",1000,667,false],"thumbnail":["https:\/\/autofans.com.ar\/wp-content\/uploads\/2025\/02\/nivus-8-150x150.jpg",150,150,true],"medium":["https:\/\/autofans.com.ar\/wp-content\/uploads\/2025\/02\/nivus-8-300x200.jpg",300,200,true],"medium_large":["https:\/\/autofans.com.ar\/wp-content\/uploads\/2025\/02\/nivus-8-768x512.jpg",640,427,true],"large":["https:\/\/autofans.com.ar\/wp-content\/uploads\/2025\/02\/nivus-8.jpg",640,427,false],"1536x1536":["https:\/\/autofans.com.ar\/wp-content\/uploads\/2025\/02\/nivus-8.jpg",1000,667,false],"2048x2048":["https:\/\/autofans.com.ar\/wp-content\/uploads\/2025\/02\/nivus-8.jpg",1000,667,false],"covernews-featured":["https:\/\/autofans.com.ar\/wp-content\/uploads\/2025\/02\/nivus-8.jpg",1000,667,false],"covernews-medium":["https:\/\/autofans.com.ar\/wp-content\/uploads\/2025\/02\/nivus-8-540x340.jpg",540,340,true]},"author_info":{"display_name":"Alejandro Gabriel Rosito","author_link":"https:\/\/autofans.com.ar\/index.php\/author\/gabrielr\/"},"category_info":"<a href=\"https:\/\/autofans.com.ar\/index.php\/category\/lanzamientos\/autos-y-suv\/\" rel=\"category tag\">Autos y SUV<\/a> <a href=\"https:\/\/autofans.com.ar\/index.php\/category\/lanzamientos\/\" rel=\"category tag\">LANZAMIENTOS<\/a>","tag_info":"LANZAMIENTOS","comment_count":0,"_links":{"self":[{"href":"https:\/\/autofans.com.ar\/index.php\/wp-json\/wp\/v2\/posts\/11343","targetHints":{"allow":["GET"]}}],"collection":[{"href":"https:\/\/autofans.com.ar\/index.php\/wp-json\/wp\/v2\/posts"}],"about":[{"href":"https:\/\/autofans.com.ar\/index.php\/wp-json\/wp\/v2\/types\/post"}],"author":[{"embeddable":true,"href":"https:\/\/autofans.com.ar\/index.php\/wp-json\/wp\/v2\/users\/2"}],"replies":[{"embeddable":true,"href":"https:\/\/autofans.com.ar\/index.php\/wp-json\/wp\/v2\/comments?post=11343"}],"version-history":[{"count":6,"href":"https:\/\/autofans.com.ar\/index.php\/wp-json\/wp\/v2\/posts\/11343\/revisions"}],"predecessor-version":[{"id":11358,"href":"https:\/\/autofans.com.ar\/index.php\/wp-json\/wp\/v2\/posts\/11343\/revisions\/11358"}],"wp:featuredmedia":[{"embeddable":true,"href":"https:\/\/autofans.com.ar\/index.php\/wp-json\/wp\/v2\/media\/11351"}],"wp:attachment":[{"href":"https:\/\/autofans.com.ar\/index.php\/wp-json\/wp\/v2\/media?parent=11343"}],"wp:term":[{"taxonomy":"category","embeddable":true,"href":"https:\/\/autofans.com.ar\/index.php\/wp-json\/wp\/v2\/categories?post=11343"},{"taxonomy":"post_tag","embeddable":true,"href":"https:\/\/autofans.com.ar\/index.php\/wp-json\/wp\/v2\/tags?post=11343"}],"curies":[{"name":"wp","href":"https:\/\/api.w.org\/{rel}","templated":true}]}}