{"id":11381,"date":"2025-03-07T17:54:12","date_gmt":"2025-03-07T20:54:12","guid":{"rendered":"https:\/\/autofans.com.ar\/?p=11381"},"modified":"2025-03-07T17:54:12","modified_gmt":"2025-03-07T20:54:12","slug":"nissan-cierra-la-temporada-de-formula-e-con-todo-en-portland","status":"publish","type":"post","link":"https:\/\/autofans.com.ar\/index.php\/2025\/03\/07\/nissan-cierra-la-temporada-de-formula-e-con-todo-en-portland\/","title":{"rendered":"Nissan cierra la temporada de F\u00f3rmula E con todo en Portland"},"content":{"rendered":"<p data-pm-slice=\"1 1 []\">El equipo Nissan de F\u00f3rmula E se alista para la \u00faltima fecha de la novena temporada del Campeonato Mundial de F\u00f3rmula E de la ABB FIA. Tras un buen desempe\u00f1o en Yakarta, donde Sacha Fenestraz y Norman Nato lograron el cuarto y quinto puesto respectivamente, la escuadra japonesa buscar\u00e1 consolidar su crecimiento en el circuito de Portland.<\/p>\n<p data-pm-slice=\"1 1 []\"><span style=\"color: #ffffff;\">.<\/span><\/p>\n<blockquote>\n<p style=\"text-align: center;\">Tommaso Volpe, director general y jefe del equipo Nissan de F\u00f3rmula E: \u00abEn la F\u00f3rmula E es muy dif\u00edcil ser constante, pero por supuesto queremos repetir nuestro rendimiento de la segunda carrera en Yakarta. Portland ser\u00e1 interesante porque no es un circuito urbano. Esperamos ver velocidades muy altas y mucha gesti\u00f3n de la energ\u00eda, por lo que la estrategia ser\u00e1 muy importante. Configurar el veh\u00edculo para que se adapte a esta pista ser\u00e1 un reto y estamos buscando la mejor manera de ser eficientes y r\u00e1pidos en este circuito. Es genial que la F\u00f3rmula E corra en EE. UU., es un gran mercado para Nissan y un pa\u00eds al que le encanta el automovilismo, as\u00ed que espero que podamos ofrecer un buen espect\u00e1culo a los aficionados\u00bb.<\/p>\n<\/blockquote>\n<p>&nbsp;<\/p>\n<h2>Nissan en el circuito de Portland<\/h2>\n<p>La cita final llevar\u00e1 a la categor\u00eda el\u00e9ctrica al Portland International Raceway, un trazado de 3,19 kil\u00f3metros con 12 curvas. Sus largas rectas, especialmente en las curvas 1 y 10, ser\u00e1n clave para los adelantamientos y definir\u00e1n la estrategia de los equipos.<\/p>\n<p>&nbsp;<\/p>\n<p><img fetchpriority=\"high\" decoding=\"async\" class=\"aligncenter wp-image-11385 size-full\" src=\"https:\/\/autofans.com.ar\/wp-content\/uploads\/2025\/03\/nissan-5.jpg\" alt=\"Nissan\" width=\"1000\" height=\"667\" srcset=\"https:\/\/autofans.com.ar\/wp-content\/uploads\/2025\/03\/nissan-5.jpg 1000w, https:\/\/autofans.com.ar\/wp-content\/uploads\/2025\/03\/nissan-5-300x200.jpg 300w, https:\/\/autofans.com.ar\/wp-content\/uploads\/2025\/03\/nissan-5-768x512.jpg 768w\" sizes=\"(max-width: 1000px) 100vw, 1000px\" \/><\/p>\n<p>&nbsp;<\/p>\n<p>Para esta carrera, los monoplazas de Nissan exhibir\u00e1n el logotipo de la expedici\u00f3n Pole to Pole. Los exploradores Chris y Julie Ramsey, quienes recorren de polo a polo en un Nissan Ariya el\u00e9ctrico, visitar\u00e1n al equipo antes de continuar su desafiante traves\u00eda.<\/p>\n<p>&nbsp;<\/p>\n<blockquote>\n<p style=\"text-align: center;\">Sacha Fenestraz, piloto del equipo Nissan de F\u00f3rmula E: \u00abTengo muchas ganas de correr en Portland, es otro circuito nuevo, lo que iguala las condiciones, ya que nadie ha corrido aqu\u00ed antes. En las \u00faltimas carreras hemos estado muy cerca del podio, lo que demuestra que tenemos un veh\u00edculo y un equipo muy fuertes. Creo que la carrera puede ser parecida a la de M\u00f3naco o Berl\u00edn, liderar puede no ser la mejor estrategia. Estamos muy motivados tras el resultado de Yakarta y hemos seguido trabajando duro desde entonces para seguir mejorando. Tambi\u00e9n va a ser incre\u00edble correr en Estados Unidos, los aficionados y el ambiente son siempre geniales all\u00ed, as\u00ed que estoy emocionado\u00bb.<\/p>\n<\/blockquote>\n<p>&nbsp;<\/p>\n<h2>Moda sustentable &#8211; NISMO Thrifted<\/h2>\n<p>&nbsp;<\/p>\n<p><img decoding=\"async\" class=\"aligncenter wp-image-11384 size-full\" src=\"https:\/\/autofans.com.ar\/wp-content\/uploads\/2025\/03\/nissan-6.jpg\" alt=\"Nissan\" width=\"1000\" height=\"667\" srcset=\"https:\/\/autofans.com.ar\/wp-content\/uploads\/2025\/03\/nissan-6.jpg 1000w, https:\/\/autofans.com.ar\/wp-content\/uploads\/2025\/03\/nissan-6-300x200.jpg 300w, https:\/\/autofans.com.ar\/wp-content\/uploads\/2025\/03\/nissan-6-768x512.jpg 768w\" sizes=\"(max-width: 1000px) 100vw, 1000px\" \/><\/p>\n<p>&nbsp;<\/p>\n<p>Antes del fin de semana de carrera, tambi\u00e9n present\u00f3 su nueva colecci\u00f3n de ropa urbana, NISMO Thrifted. Dise\u00f1ada por Mia D&#8217;Amato, esta l\u00ednea est\u00e1 confeccionada con materiales reciclados de uniformes de carreras de d\u00e9cadas pasadas. La iniciativa refuerza el compromiso de Nissan con la sostenibilidad y su meta de neutralidad de carbono para 2050.<\/p>\n<p>&nbsp;<\/p>\n<blockquote>\n<p style=\"text-align: center;\">Norman Nato, piloto del equipo Nissan de F\u00f3rmula E: \u00abLlegamos a Portland con la esperanza de seguir mostrando el ritmo que tuvimos en la segunda carrera en Yakarta. No es un circuito urbano tradicional, as\u00ed que eso cambiar\u00e1 nuestra forma de conducir. El agarre ser\u00e1 probablemente mayor y va a ser interesante en el aspecto del ahorro de energ\u00eda, posiblemente la carrera m\u00e1s estrat\u00e9gica del a\u00f1o. Parece que va a ser un circuito bastante r\u00e1pido, y habr\u00e1 unas cuantas oportunidades de adelantar gracias a las largas rectas y la anchura del trazado, sobre todo en las curvas 1, 7 y 10\u00bb.<\/p>\n<\/blockquote>\n<p>&nbsp;<\/p>\n<h2>El legado en la F\u00f3rmula E<\/h2>\n<p>Desde su debut en la quinta temporada (2018\/19), Nissan ha sido el \u00fanico fabricante japon\u00e9s en la F\u00f3rmula E. En 2022, la marca adquiri\u00f3 el equipo e.dams, tomando el control total de su participaci\u00f3n en la categor\u00eda. Adem\u00e1s, provee tecnolog\u00eda de tren motriz a McLaren Racing en la era Gen3.<\/p>\n<p>&nbsp;<\/p>\n<div id='gallery-1' class='gallery galleryid-11381 gallery-columns-2 gallery-size-full'><figure class='gallery-item'>\n\t\t\t<div class='gallery-icon landscape'>\n\t\t\t\t<a href='https:\/\/autofans.com.ar\/index.php\/2025\/03\/07\/nissan-cierra-la-temporada-de-formula-e-con-todo-en-portland\/nissan-1-48\/'><img loading=\"lazy\" width=\"1000\" height=\"667\" src=\"https:\/\/autofans.com.ar\/wp-content\/uploads\/2025\/03\/nissan-1.jpg\" class=\"attachment-full size-full\" alt=\"Nissan\" srcset=\"https:\/\/autofans.com.ar\/wp-content\/uploads\/2025\/03\/nissan-1.jpg 1000w, https:\/\/autofans.com.ar\/wp-content\/uploads\/2025\/03\/nissan-1-300x200.jpg 300w, https:\/\/autofans.com.ar\/wp-content\/uploads\/2025\/03\/nissan-1-768x512.jpg 768w\" sizes=\"auto, (max-width: 1000px) 100vw, 1000px\" loading=\"lazy\" decoding=\"async\" \/><\/a>\n\t\t\t<\/div><\/figure><figure class='gallery-item'>\n\t\t\t<div class='gallery-icon landscape'>\n\t\t\t\t<a href='https:\/\/autofans.com.ar\/index.php\/2025\/03\/07\/nissan-cierra-la-temporada-de-formula-e-con-todo-en-portland\/nissan-4-26\/'><img loading=\"lazy\" width=\"1000\" height=\"667\" src=\"https:\/\/autofans.com.ar\/wp-content\/uploads\/2025\/03\/nissan-4.jpg\" class=\"attachment-full size-full\" alt=\"nissan-4\" srcset=\"https:\/\/autofans.com.ar\/wp-content\/uploads\/2025\/03\/nissan-4.jpg 1000w, https:\/\/autofans.com.ar\/wp-content\/uploads\/2025\/03\/nissan-4-300x200.jpg 300w, https:\/\/autofans.com.ar\/wp-content\/uploads\/2025\/03\/nissan-4-768x512.jpg 768w\" sizes=\"auto, (max-width: 1000px) 100vw, 1000px\" loading=\"lazy\" decoding=\"async\" \/><\/a>\n\t\t\t<\/div><\/figure>\n\t\t<\/div>\n\n<p>&nbsp;<\/p>\n<p>En esta temporada, los monoplazas Nissan llevan el nombre de sus modelos el\u00e9ctricos: el Nissan Ariya #23 y el Nissan LEAF #22, reafirmando la vinculaci\u00f3n entre su presencia en la competencia y su apuesta por la movilidad sustentable.<\/p>\n<p>&nbsp;<\/p>\n<p>&nbsp;<\/p>\n<p>&nbsp;<\/p>\n<p><i>Para enterarte de m\u00e1s novedades, no dejes de leer\u00a0<\/i><a href=\"https:\/\/autofans.thebrandsoup.com\/\"><i>nuestras notas<\/i><\/a><i>, de ver<\/i><b><i>\u00a0<\/i><\/b><a href=\"https:\/\/www.youtube.com\/channel\/UCgAC8UGHZYbT6P7PpmVnP7g\"><b><i>AUTOFANS TV<\/i><\/b><\/a><b><i>\u00a0<\/i><\/b><i>en nuestro\u00a0canal de Youtube. Adem\u00e1s seguinos en\u00a0<\/i><a href=\"https:\/\/www.instagram.com\/autofanstv\/\"><i>INSTAGRAM<\/i><\/a><i> y <\/i><a href=\"https:\/\/www.facebook.com\/autofansmas\/\"><i>FACEBOOK<\/i><\/a><i> para no perderte nada sobre las novedades del segmento automotor de Argentina y el mundo.<\/i><\/p>\n","protected":false},"excerpt":{"rendered":"<p>El equipo Nissan de F\u00f3rmula E se alista para la \u00faltima fecha de la novena&#8230;<\/p>\n","protected":false},"author":2,"featured_media":11388,"comment_status":"closed","ping_status":"closed","sticky":false,"template":"","format":"standard","meta":{"footnotes":""},"categories":[127,16],"tags":[6214,6216,4174,6096,6211,6215,6212,2943,854,2592,2942,6213],"class_list":["post-11381","post","type-post","status-publish","format-standard","has-post-thumbnail","hentry","category-deporte","category-noticias","tag-abb-fia","tag-autos-electricos-de-competicion","tag-autos-electricos-nissan","tag-campeonato-formula-e","tag-carrera-en-portland","tag-e-dams","tag-nismo-thrifted","tag-nissan-ariya","tag-nissan-formula-e","tag-nissan-leaf","tag-pole-to-pole","tag-sostenibilidad-nissan"],"yoast_head":"<!-- This site is optimized with the Yoast SEO plugin v27.5 - https:\/\/yoast.com\/product\/yoast-seo-wordpress\/ -->\n<title>Nissan cierra la temporada de F\u00f3rmula E con todo en Portland -<\/title>\n<meta name=\"description\" content=\"El equipo Nissan de F\u00f3rmula E se alista para la \u00faltima fecha de la novena temporada del Campeonato Mundial de F\u00f3rmula E de la ABB FIA....\" \/>\n<meta name=\"robots\" content=\"index, follow, max-snippet:-1, max-image-preview:large, max-video-preview:-1\" \/>\n<link rel=\"canonical\" href=\"https:\/\/autofans.com.ar\/index.php\/2025\/03\/07\/nissan-cierra-la-temporada-de-formula-e-con-todo-en-portland\/\" \/>\n<meta property=\"og:locale\" content=\"es_ES\" \/>\n<meta property=\"og:type\" content=\"article\" \/>\n<meta property=\"og:title\" content=\"Nissan cierra la temporada de F\u00f3rmula E con todo en Portland -\" \/>\n<meta property=\"og:description\" content=\"El equipo Nissan de F\u00f3rmula E se alista para la \u00faltima fecha de la novena temporada del Campeonato Mundial de F\u00f3rmula E de la ABB FIA....\" \/>\n<meta property=\"og:url\" content=\"https:\/\/autofans.com.ar\/index.php\/2025\/03\/07\/nissan-cierra-la-temporada-de-formula-e-con-todo-en-portland\/\" \/>\n<meta property=\"article:published_time\" content=\"2025-03-07T20:54:12+00:00\" \/>\n<meta property=\"og:image\" content=\"https:\/\/autofans.com.ar\/wp-content\/uploads\/2025\/03\/nissan-2.jpg\" \/>\n\t<meta property=\"og:image:width\" content=\"1000\" \/>\n\t<meta property=\"og:image:height\" content=\"667\" \/>\n\t<meta property=\"og:image:type\" content=\"image\/jpeg\" \/>\n<meta name=\"author\" content=\"Alejandro Gabriel Rosito\" \/>\n<meta name=\"twitter:card\" content=\"summary_large_image\" \/>\n<meta name=\"twitter:label1\" content=\"Escrito por\" \/>\n\t<meta name=\"twitter:data1\" content=\"Alejandro Gabriel Rosito\" \/>\n\t<meta name=\"twitter:label2\" content=\"Tiempo de lectura\" \/>\n\t<meta name=\"twitter:data2\" content=\"3 minutos\" \/>\n<script type=\"application\/ld+json\" class=\"yoast-schema-graph\">{\"@context\":\"https:\\\/\\\/schema.org\",\"@graph\":[{\"@type\":\"Article\",\"@id\":\"https:\\\/\\\/autofans.com.ar\\\/index.php\\\/2025\\\/03\\\/07\\\/nissan-cierra-la-temporada-de-formula-e-con-todo-en-portland\\\/#article\",\"isPartOf\":{\"@id\":\"https:\\\/\\\/autofans.com.ar\\\/index.php\\\/2025\\\/03\\\/07\\\/nissan-cierra-la-temporada-de-formula-e-con-todo-en-portland\\\/\"},\"author\":{\"name\":\"Alejandro Gabriel Rosito\",\"@id\":\"https:\\\/\\\/autofans.com.ar\\\/#\\\/schema\\\/person\\\/4a8dda0b6df83ac3d6723e921274c2aa\"},\"headline\":\"Nissan cierra la temporada de F\u00f3rmula E con todo en Portland\",\"datePublished\":\"2025-03-07T20:54:12+00:00\",\"mainEntityOfPage\":{\"@id\":\"https:\\\/\\\/autofans.com.ar\\\/index.php\\\/2025\\\/03\\\/07\\\/nissan-cierra-la-temporada-de-formula-e-con-todo-en-portland\\\/\"},\"wordCount\":754,\"image\":{\"@id\":\"https:\\\/\\\/autofans.com.ar\\\/index.php\\\/2025\\\/03\\\/07\\\/nissan-cierra-la-temporada-de-formula-e-con-todo-en-portland\\\/#primaryimage\"},\"thumbnailUrl\":\"https:\\\/\\\/autofans.com.ar\\\/wp-content\\\/uploads\\\/2025\\\/03\\\/nissan-2.jpg\",\"keywords\":[\"ABB FIA\",\"autos el\u00e9ctricos de competici\u00f3n\",\"autos el\u00e9ctricos Nissan\",\"campeonato F\u00f3rmula E.\",\"carrera en Portland\",\"e.dams\",\"NISMO Thrifted\",\"Nissan Ariya\",\"Nissan F\u00f3rmula E\",\"Nissan LEAF\",\"Pole to Pole\",\"sostenibilidad Nissan\"],\"articleSection\":[\"DEPORTE MOTOR\",\"NOTICIAS\"],\"inLanguage\":\"es\"},{\"@type\":\"WebPage\",\"@id\":\"https:\\\/\\\/autofans.com.ar\\\/index.php\\\/2025\\\/03\\\/07\\\/nissan-cierra-la-temporada-de-formula-e-con-todo-en-portland\\\/\",\"url\":\"https:\\\/\\\/autofans.com.ar\\\/index.php\\\/2025\\\/03\\\/07\\\/nissan-cierra-la-temporada-de-formula-e-con-todo-en-portland\\\/\",\"name\":\"Nissan cierra la temporada de F\u00f3rmula E con todo en Portland -\",\"isPartOf\":{\"@id\":\"https:\\\/\\\/autofans.com.ar\\\/#website\"},\"primaryImageOfPage\":{\"@id\":\"https:\\\/\\\/autofans.com.ar\\\/index.php\\\/2025\\\/03\\\/07\\\/nissan-cierra-la-temporada-de-formula-e-con-todo-en-portland\\\/#primaryimage\"},\"image\":{\"@id\":\"https:\\\/\\\/autofans.com.ar\\\/index.php\\\/2025\\\/03\\\/07\\\/nissan-cierra-la-temporada-de-formula-e-con-todo-en-portland\\\/#primaryimage\"},\"thumbnailUrl\":\"https:\\\/\\\/autofans.com.ar\\\/wp-content\\\/uploads\\\/2025\\\/03\\\/nissan-2.jpg\",\"datePublished\":\"2025-03-07T20:54:12+00:00\",\"author\":{\"@id\":\"https:\\\/\\\/autofans.com.ar\\\/#\\\/schema\\\/person\\\/4a8dda0b6df83ac3d6723e921274c2aa\"},\"description\":\"El equipo Nissan de F\u00f3rmula E se alista para la \u00faltima fecha de la novena temporada del Campeonato Mundial de F\u00f3rmula E de la ABB FIA....\",\"breadcrumb\":{\"@id\":\"https:\\\/\\\/autofans.com.ar\\\/index.php\\\/2025\\\/03\\\/07\\\/nissan-cierra-la-temporada-de-formula-e-con-todo-en-portland\\\/#breadcrumb\"},\"inLanguage\":\"es\",\"potentialAction\":[{\"@type\":\"ReadAction\",\"target\":[\"https:\\\/\\\/autofans.com.ar\\\/index.php\\\/2025\\\/03\\\/07\\\/nissan-cierra-la-temporada-de-formula-e-con-todo-en-portland\\\/\"]}]},{\"@type\":\"ImageObject\",\"inLanguage\":\"es\",\"@id\":\"https:\\\/\\\/autofans.com.ar\\\/index.php\\\/2025\\\/03\\\/07\\\/nissan-cierra-la-temporada-de-formula-e-con-todo-en-portland\\\/#primaryimage\",\"url\":\"https:\\\/\\\/autofans.com.ar\\\/wp-content\\\/uploads\\\/2025\\\/03\\\/nissan-2.jpg\",\"contentUrl\":\"https:\\\/\\\/autofans.com.ar\\\/wp-content\\\/uploads\\\/2025\\\/03\\\/nissan-2.jpg\",\"width\":1000,\"height\":667,\"caption\":\"Nissan\"},{\"@type\":\"BreadcrumbList\",\"@id\":\"https:\\\/\\\/autofans.com.ar\\\/index.php\\\/2025\\\/03\\\/07\\\/nissan-cierra-la-temporada-de-formula-e-con-todo-en-portland\\\/#breadcrumb\",\"itemListElement\":[{\"@type\":\"ListItem\",\"position\":1,\"name\":\"Inicio\",\"item\":\"https:\\\/\\\/autofans.com.ar\\\/\"},{\"@type\":\"ListItem\",\"position\":2,\"name\":\"Nissan cierra la temporada de F\u00f3rmula E con todo en Portland\"}]},{\"@type\":\"WebSite\",\"@id\":\"https:\\\/\\\/autofans.com.ar\\\/#website\",\"url\":\"https:\\\/\\\/autofans.com.ar\\\/\",\"name\":\"\",\"description\":\"El multimedio referente de la industria automotriz\",\"potentialAction\":[{\"@type\":\"SearchAction\",\"target\":{\"@type\":\"EntryPoint\",\"urlTemplate\":\"https:\\\/\\\/autofans.com.ar\\\/?s={search_term_string}\"},\"query-input\":{\"@type\":\"PropertyValueSpecification\",\"valueRequired\":true,\"valueName\":\"search_term_string\"}}],\"inLanguage\":\"es\"},{\"@type\":\"Person\",\"@id\":\"https:\\\/\\\/autofans.com.ar\\\/#\\\/schema\\\/person\\\/4a8dda0b6df83ac3d6723e921274c2aa\",\"name\":\"Alejandro Gabriel Rosito\",\"image\":{\"@type\":\"ImageObject\",\"inLanguage\":\"es\",\"@id\":\"https:\\\/\\\/secure.gravatar.com\\\/avatar\\\/16c5dda1489adfc62618084dcbb91cffd879c374b13fe5dd8e44ed6733852c88?s=96&d=mm&r=g\",\"url\":\"https:\\\/\\\/secure.gravatar.com\\\/avatar\\\/16c5dda1489adfc62618084dcbb91cffd879c374b13fe5dd8e44ed6733852c88?s=96&d=mm&r=g\",\"contentUrl\":\"https:\\\/\\\/secure.gravatar.com\\\/avatar\\\/16c5dda1489adfc62618084dcbb91cffd879c374b13fe5dd8e44ed6733852c88?s=96&d=mm&r=g\",\"caption\":\"Alejandro Gabriel Rosito\"},\"url\":\"https:\\\/\\\/autofans.com.ar\\\/index.php\\\/author\\\/gabrielr\\\/\"}]}<\/script>\n<!-- \/ Yoast SEO plugin. -->","yoast_head_json":{"title":"Nissan cierra la temporada de F\u00f3rmula E con todo en Portland -","description":"El equipo Nissan de F\u00f3rmula E se alista para la \u00faltima fecha de la novena temporada del Campeonato Mundial de F\u00f3rmula E de la ABB FIA....","robots":{"index":"index","follow":"follow","max-snippet":"max-snippet:-1","max-image-preview":"max-image-preview:large","max-video-preview":"max-video-preview:-1"},"canonical":"https:\/\/autofans.com.ar\/index.php\/2025\/03\/07\/nissan-cierra-la-temporada-de-formula-e-con-todo-en-portland\/","og_locale":"es_ES","og_type":"article","og_title":"Nissan cierra la temporada de F\u00f3rmula E con todo en Portland -","og_description":"El equipo Nissan de F\u00f3rmula E se alista para la \u00faltima fecha de la novena temporada del Campeonato Mundial de F\u00f3rmula E de la ABB FIA....","og_url":"https:\/\/autofans.com.ar\/index.php\/2025\/03\/07\/nissan-cierra-la-temporada-de-formula-e-con-todo-en-portland\/","article_published_time":"2025-03-07T20:54:12+00:00","og_image":[{"width":1000,"height":667,"url":"https:\/\/autofans.com.ar\/wp-content\/uploads\/2025\/03\/nissan-2.jpg","type":"image\/jpeg"}],"author":"Alejandro Gabriel Rosito","twitter_card":"summary_large_image","twitter_misc":{"Escrito por":"Alejandro Gabriel Rosito","Tiempo de lectura":"3 minutos"},"schema":{"@context":"https:\/\/schema.org","@graph":[{"@type":"Article","@id":"https:\/\/autofans.com.ar\/index.php\/2025\/03\/07\/nissan-cierra-la-temporada-de-formula-e-con-todo-en-portland\/#article","isPartOf":{"@id":"https:\/\/autofans.com.ar\/index.php\/2025\/03\/07\/nissan-cierra-la-temporada-de-formula-e-con-todo-en-portland\/"},"author":{"name":"Alejandro Gabriel Rosito","@id":"https:\/\/autofans.com.ar\/#\/schema\/person\/4a8dda0b6df83ac3d6723e921274c2aa"},"headline":"Nissan cierra la temporada de F\u00f3rmula E con todo en Portland","datePublished":"2025-03-07T20:54:12+00:00","mainEntityOfPage":{"@id":"https:\/\/autofans.com.ar\/index.php\/2025\/03\/07\/nissan-cierra-la-temporada-de-formula-e-con-todo-en-portland\/"},"wordCount":754,"image":{"@id":"https:\/\/autofans.com.ar\/index.php\/2025\/03\/07\/nissan-cierra-la-temporada-de-formula-e-con-todo-en-portland\/#primaryimage"},"thumbnailUrl":"https:\/\/autofans.com.ar\/wp-content\/uploads\/2025\/03\/nissan-2.jpg","keywords":["ABB FIA","autos el\u00e9ctricos de competici\u00f3n","autos el\u00e9ctricos Nissan","campeonato F\u00f3rmula E.","carrera en Portland","e.dams","NISMO Thrifted","Nissan Ariya","Nissan F\u00f3rmula E","Nissan LEAF","Pole to Pole","sostenibilidad Nissan"],"articleSection":["DEPORTE MOTOR","NOTICIAS"],"inLanguage":"es"},{"@type":"WebPage","@id":"https:\/\/autofans.com.ar\/index.php\/2025\/03\/07\/nissan-cierra-la-temporada-de-formula-e-con-todo-en-portland\/","url":"https:\/\/autofans.com.ar\/index.php\/2025\/03\/07\/nissan-cierra-la-temporada-de-formula-e-con-todo-en-portland\/","name":"Nissan cierra la temporada de F\u00f3rmula E con todo en Portland -","isPartOf":{"@id":"https:\/\/autofans.com.ar\/#website"},"primaryImageOfPage":{"@id":"https:\/\/autofans.com.ar\/index.php\/2025\/03\/07\/nissan-cierra-la-temporada-de-formula-e-con-todo-en-portland\/#primaryimage"},"image":{"@id":"https:\/\/autofans.com.ar\/index.php\/2025\/03\/07\/nissan-cierra-la-temporada-de-formula-e-con-todo-en-portland\/#primaryimage"},"thumbnailUrl":"https:\/\/autofans.com.ar\/wp-content\/uploads\/2025\/03\/nissan-2.jpg","datePublished":"2025-03-07T20:54:12+00:00","author":{"@id":"https:\/\/autofans.com.ar\/#\/schema\/person\/4a8dda0b6df83ac3d6723e921274c2aa"},"description":"El equipo Nissan de F\u00f3rmula E se alista para la \u00faltima fecha de la novena temporada del Campeonato Mundial de F\u00f3rmula E de la ABB FIA....","breadcrumb":{"@id":"https:\/\/autofans.com.ar\/index.php\/2025\/03\/07\/nissan-cierra-la-temporada-de-formula-e-con-todo-en-portland\/#breadcrumb"},"inLanguage":"es","potentialAction":[{"@type":"ReadAction","target":["https:\/\/autofans.com.ar\/index.php\/2025\/03\/07\/nissan-cierra-la-temporada-de-formula-e-con-todo-en-portland\/"]}]},{"@type":"ImageObject","inLanguage":"es","@id":"https:\/\/autofans.com.ar\/index.php\/2025\/03\/07\/nissan-cierra-la-temporada-de-formula-e-con-todo-en-portland\/#primaryimage","url":"https:\/\/autofans.com.ar\/wp-content\/uploads\/2025\/03\/nissan-2.jpg","contentUrl":"https:\/\/autofans.com.ar\/wp-content\/uploads\/2025\/03\/nissan-2.jpg","width":1000,"height":667,"caption":"Nissan"},{"@type":"BreadcrumbList","@id":"https:\/\/autofans.com.ar\/index.php\/2025\/03\/07\/nissan-cierra-la-temporada-de-formula-e-con-todo-en-portland\/#breadcrumb","itemListElement":[{"@type":"ListItem","position":1,"name":"Inicio","item":"https:\/\/autofans.com.ar\/"},{"@type":"ListItem","position":2,"name":"Nissan cierra la temporada de F\u00f3rmula E con todo en Portland"}]},{"@type":"WebSite","@id":"https:\/\/autofans.com.ar\/#website","url":"https:\/\/autofans.com.ar\/","name":"","description":"El multimedio referente de la industria automotriz","potentialAction":[{"@type":"SearchAction","target":{"@type":"EntryPoint","urlTemplate":"https:\/\/autofans.com.ar\/?s={search_term_string}"},"query-input":{"@type":"PropertyValueSpecification","valueRequired":true,"valueName":"search_term_string"}}],"inLanguage":"es"},{"@type":"Person","@id":"https:\/\/autofans.com.ar\/#\/schema\/person\/4a8dda0b6df83ac3d6723e921274c2aa","name":"Alejandro Gabriel Rosito","image":{"@type":"ImageObject","inLanguage":"es","@id":"https:\/\/secure.gravatar.com\/avatar\/16c5dda1489adfc62618084dcbb91cffd879c374b13fe5dd8e44ed6733852c88?s=96&d=mm&r=g","url":"https:\/\/secure.gravatar.com\/avatar\/16c5dda1489adfc62618084dcbb91cffd879c374b13fe5dd8e44ed6733852c88?s=96&d=mm&r=g","contentUrl":"https:\/\/secure.gravatar.com\/avatar\/16c5dda1489adfc62618084dcbb91cffd879c374b13fe5dd8e44ed6733852c88?s=96&d=mm&r=g","caption":"Alejandro Gabriel Rosito"},"url":"https:\/\/autofans.com.ar\/index.php\/author\/gabrielr\/"}]}},"featured_image_urls":{"full":["https:\/\/autofans.com.ar\/wp-content\/uploads\/2025\/03\/nissan-2.jpg",1000,667,false],"thumbnail":["https:\/\/autofans.com.ar\/wp-content\/uploads\/2025\/03\/nissan-2-150x150.jpg",150,150,true],"medium":["https:\/\/autofans.com.ar\/wp-content\/uploads\/2025\/03\/nissan-2-300x200.jpg",300,200,true],"medium_large":["https:\/\/autofans.com.ar\/wp-content\/uploads\/2025\/03\/nissan-2-768x512.jpg",640,427,true],"large":["https:\/\/autofans.com.ar\/wp-content\/uploads\/2025\/03\/nissan-2.jpg",640,427,false],"1536x1536":["https:\/\/autofans.com.ar\/wp-content\/uploads\/2025\/03\/nissan-2.jpg",1000,667,false],"2048x2048":["https:\/\/autofans.com.ar\/wp-content\/uploads\/2025\/03\/nissan-2.jpg",1000,667,false],"covernews-featured":["https:\/\/autofans.com.ar\/wp-content\/uploads\/2025\/03\/nissan-2.jpg",1000,667,false],"covernews-medium":["https:\/\/autofans.com.ar\/wp-content\/uploads\/2025\/03\/nissan-2-540x340.jpg",540,340,true]},"author_info":{"display_name":"Alejandro Gabriel Rosito","author_link":"https:\/\/autofans.com.ar\/index.php\/author\/gabrielr\/"},"category_info":"<a href=\"https:\/\/autofans.com.ar\/index.php\/category\/noticias\/deporte\/\" rel=\"category tag\">DEPORTE MOTOR<\/a> <a href=\"https:\/\/autofans.com.ar\/index.php\/category\/noticias\/\" rel=\"category tag\">NOTICIAS<\/a>","tag_info":"NOTICIAS","comment_count":0,"_links":{"self":[{"href":"https:\/\/autofans.com.ar\/index.php\/wp-json\/wp\/v2\/posts\/11381","targetHints":{"allow":["GET"]}}],"collection":[{"href":"https:\/\/autofans.com.ar\/index.php\/wp-json\/wp\/v2\/posts"}],"about":[{"href":"https:\/\/autofans.com.ar\/index.php\/wp-json\/wp\/v2\/types\/post"}],"author":[{"embeddable":true,"href":"https:\/\/autofans.com.ar\/index.php\/wp-json\/wp\/v2\/users\/2"}],"replies":[{"embeddable":true,"href":"https:\/\/autofans.com.ar\/index.php\/wp-json\/wp\/v2\/comments?post=11381"}],"version-history":[{"count":5,"href":"https:\/\/autofans.com.ar\/index.php\/wp-json\/wp\/v2\/posts\/11381\/revisions"}],"predecessor-version":[{"id":11392,"href":"https:\/\/autofans.com.ar\/index.php\/wp-json\/wp\/v2\/posts\/11381\/revisions\/11392"}],"wp:featuredmedia":[{"embeddable":true,"href":"https:\/\/autofans.com.ar\/index.php\/wp-json\/wp\/v2\/media\/11388"}],"wp:attachment":[{"href":"https:\/\/autofans.com.ar\/index.php\/wp-json\/wp\/v2\/media?parent=11381"}],"wp:term":[{"taxonomy":"category","embeddable":true,"href":"https:\/\/autofans.com.ar\/index.php\/wp-json\/wp\/v2\/categories?post=11381"},{"taxonomy":"post_tag","embeddable":true,"href":"https:\/\/autofans.com.ar\/index.php\/wp-json\/wp\/v2\/tags?post=11381"}],"curies":[{"name":"wp","href":"https:\/\/api.w.org\/{rel}","templated":true}]}}