{"id":11405,"date":"2025-03-10T14:04:01","date_gmt":"2025-03-10T17:04:01","guid":{"rendered":"https:\/\/autofans.com.ar\/?p=11405"},"modified":"2025-03-10T18:28:14","modified_gmt":"2025-03-10T21:28:14","slug":"el-mundial-de-motocross-llega-a-cordoba-husqvarna-y-sus-estrellas-en-el-mxgp","status":"publish","type":"post","link":"https:\/\/autofans.com.ar\/index.php\/2025\/03\/10\/el-mundial-de-motocross-llega-a-cordoba-husqvarna-y-sus-estrellas-en-el-mxgp\/","title":{"rendered":"El mundial de motocross llega a C\u00f3rdoba, Husqvarna y sus estrellas en el MXGP"},"content":{"rendered":"<p data-pm-slice=\"1 1 []\">C\u00f3rdoba se alist\u00f3 para recibir una vez m\u00e1s el MXGP Argentina 2025, la primera fecha del Campeonato Mundial de Motocross de la FIM y la \u00fanica en Am\u00e9rica. Entre los equipos destacados, Husqvarna Mobility llego con un plantel de lujo: Kay de Wolf y Liam Everts, del Nestaan Husqvarna Factory Racing, quienes competir\u00e1n en la categor\u00eda MX2.<\/p>\n<p data-pm-slice=\"1 1 []\"><span style=\"color: #ffffff;\">.<\/span><\/p>\n<h2>Husqvarna y sus estrellas en el MXGP Argentina 2025<\/h2>\n<p>&nbsp;<\/p>\n<figure id=\"attachment_11406\" aria-describedby=\"caption-attachment-11406\" style=\"width: 1000px\" class=\"wp-caption aligncenter\"><img fetchpriority=\"high\" decoding=\"async\" class=\"wp-image-11406 size-full\" src=\"https:\/\/autofans.com.ar\/wp-content\/uploads\/2025\/03\/kay-2.jpg\" alt=\"\" width=\"1000\" height=\"667\" srcset=\"https:\/\/autofans.com.ar\/wp-content\/uploads\/2025\/03\/kay-2.jpg 1000w, https:\/\/autofans.com.ar\/wp-content\/uploads\/2025\/03\/kay-2-300x200.jpg 300w, https:\/\/autofans.com.ar\/wp-content\/uploads\/2025\/03\/kay-2-768x512.jpg 768w\" sizes=\"(max-width: 1000px) 100vw, 1000px\" \/><figcaption id=\"caption-attachment-11406\" class=\"wp-caption-text\">Kay de Wolf piloto del Husqvarna Factory Racing<\/figcaption><\/figure>\n<p>&nbsp;<\/p>\n<p>El evento, que se llevo a cabo el 1 y 2 de marzo en el circuito Infinito Race Track, cont\u00f3 con la participaci\u00f3n de los mejores pilotos del mundo. Kay de Wolf, defensor del t\u00edtulo en MX2. Por su parte, Liam Everts, heredero de una dinast\u00eda campeona, se sum\u00f3 a la competencia tras su reciente incorporaci\u00f3n al equipo de Husqvarna.<\/p>\n<p>&nbsp;<\/p>\n<h2>Un circuito de nivel internacional en C\u00f3rdoba<\/h2>\n<p>&nbsp;<\/p>\n<figure id=\"attachment_11409\" aria-describedby=\"caption-attachment-11409\" style=\"width: 1000px\" class=\"wp-caption aligncenter\"><img decoding=\"async\" class=\"wp-image-11409 size-full\" src=\"https:\/\/autofans.com.ar\/wp-content\/uploads\/2025\/03\/lina-2.jpg\" alt=\"\" width=\"1000\" height=\"667\" srcset=\"https:\/\/autofans.com.ar\/wp-content\/uploads\/2025\/03\/lina-2.jpg 1000w, https:\/\/autofans.com.ar\/wp-content\/uploads\/2025\/03\/lina-2-300x200.jpg 300w, https:\/\/autofans.com.ar\/wp-content\/uploads\/2025\/03\/lina-2-768x512.jpg 768w\" sizes=\"(max-width: 1000px) 100vw, 1000px\" \/><figcaption id=\"caption-attachment-11409\" class=\"wp-caption-text\">Liam Everts piloto del Husqvarna Factory Racing<\/figcaption><\/figure>\n<p>&nbsp;<\/p>\n<p>El Infinito Race Track, un trazado de 1.800 metros ubicado en el predio Infinito Open, se estrena en esta edici\u00f3n del MXGP. Dise\u00f1ado por el prestigioso Gianmarco Morelli, el circuito promete desafiar a los pilotos con su t\u00e9cnica y dinamismo. Ubicado a s\u00f3lo 20 minutos del Aeropuerto Internacional de C\u00f3rdoba, el evento atraer\u00e1 a fan\u00e1ticos de todo el mundo.<\/p>\n<p>&nbsp;<\/p>\n<h2>Campeonato Latinoamericano de Motocross<\/h2>\n<p>&nbsp;<\/p>\n<div id='gallery-1' class='gallery galleryid-11405 gallery-columns-2 gallery-size-full'><figure class='gallery-item'>\n\t\t\t<div class='gallery-icon landscape'>\n\t\t\t\t<a href='https:\/\/autofans.com.ar\/index.php\/2025\/03\/10\/el-mundial-de-motocross-llega-a-cordoba-husqvarna-y-sus-estrellas-en-el-mxgp\/juani\/'><img loading=\"lazy\" width=\"1000\" height=\"667\" src=\"https:\/\/autofans.com.ar\/wp-content\/uploads\/2025\/03\/juani.jpg\" class=\"attachment-full size-full\" alt=\"juani\" aria-describedby=\"gallery-1-11411\" srcset=\"https:\/\/autofans.com.ar\/wp-content\/uploads\/2025\/03\/juani.jpg 1000w, https:\/\/autofans.com.ar\/wp-content\/uploads\/2025\/03\/juani-300x200.jpg 300w, https:\/\/autofans.com.ar\/wp-content\/uploads\/2025\/03\/juani-768x512.jpg 768w\" sizes=\"auto, (max-width: 1000px) 100vw, 1000px\" loading=\"lazy\" decoding=\"async\" \/><\/a>\n\t\t\t<\/div>\n\t\t\t\t<figcaption class='wp-caption-text gallery-caption' id='gallery-1-11411'>\n\t\t\t\tJuani Salgado &#8211; Piloto Husqvarna\n\t\t\t\t<\/figcaption><\/figure><figure class='gallery-item'>\n\t\t\t<div class='gallery-icon landscape'>\n\t\t\t\t<a href='https:\/\/autofans.com.ar\/index.php\/2025\/03\/10\/el-mundial-de-motocross-llega-a-cordoba-husqvarna-y-sus-estrellas-en-el-mxgp\/lautaro\/'><img loading=\"lazy\" width=\"1000\" height=\"667\" src=\"https:\/\/autofans.com.ar\/wp-content\/uploads\/2025\/03\/lautaro.jpg\" class=\"attachment-full size-full\" alt=\"lautaro\" aria-describedby=\"gallery-1-11412\" srcset=\"https:\/\/autofans.com.ar\/wp-content\/uploads\/2025\/03\/lautaro.jpg 1000w, https:\/\/autofans.com.ar\/wp-content\/uploads\/2025\/03\/lautaro-300x200.jpg 300w, https:\/\/autofans.com.ar\/wp-content\/uploads\/2025\/03\/lautaro-768x512.jpg 768w\" sizes=\"auto, (max-width: 1000px) 100vw, 1000px\" loading=\"lazy\" decoding=\"async\" \/><\/a>\n\t\t\t<\/div>\n\t\t\t\t<figcaption class='wp-caption-text gallery-caption' id='gallery-1-11412'>\n\t\t\t\tLautaro Toro &#8211; Piloto Husqvarna\n\t\t\t\t<\/figcaption><\/figure>\n\t\t<\/div>\n\n<p>&nbsp;<\/p>\n<p>Junto al Mundial, se disputar\u00e1 la tercera edici\u00f3n del Campeonato Latinoamericano de Motocross, reuniendo a los mejores pilotos de la regi\u00f3n en las categor\u00edas MX1 y MX2. Husqvarna estar\u00e1 representada por el equipo Radikal Racing, con los argentinos Lautaro Toro (MX1), Tom\u00e1s Montes Gadda (MX1) y Juani Salgado (MX2). El ganador ser\u00e1 consagrado campe\u00f3n latinoamericano.<\/p>\n<p>&nbsp;<\/p>\n<h2>\u00a0MXGP &#8211; Husqvarna en Argentina<\/h2>\n<p>&nbsp;<\/p>\n<figure id=\"attachment_11413\" aria-describedby=\"caption-attachment-11413\" style=\"width: 1000px\" class=\"wp-caption aligncenter\"><img decoding=\"async\" class=\"wp-image-11413 size-full\" src=\"https:\/\/autofans.com.ar\/wp-content\/uploads\/2025\/03\/tomas.jpg\" alt=\"\" width=\"1000\" height=\"667\" srcset=\"https:\/\/autofans.com.ar\/wp-content\/uploads\/2025\/03\/tomas.jpg 1000w, https:\/\/autofans.com.ar\/wp-content\/uploads\/2025\/03\/tomas-300x200.jpg 300w, https:\/\/autofans.com.ar\/wp-content\/uploads\/2025\/03\/tomas-768x512.jpg 768w\" sizes=\"(max-width: 1000px) 100vw, 1000px\" \/><figcaption id=\"caption-attachment-11413\" class=\"wp-caption-text\">Tomas Montes Gadda &#8211; Piloto Husqvarna<\/figcaption><\/figure>\n<p>&nbsp;<\/p>\n<p>Desde 2018, Grupo Simpa S.A. produce los modelos de Husqvarna Mobility en su planta de Campana, Buenos Aires, fortaleciendo el desarrollo industrial local y el crecimiento del motocross en el pa\u00eds.<\/p>\n<p>El MXGP Argentina 2025 promete ser un espect\u00e1culo imperdible, con la participaci\u00f3n de los mejores equipos y un circuito de primer nivel. Husqvarna, con su equipo de estrellas, buscar\u00e1 dejar su huella en la primera fecha del campeonato.<\/p>\n<p>&nbsp;<\/p>\n<p>&nbsp;<\/p>\n<p>&nbsp;<\/p>\n<p><i>Para enterarte de m\u00e1s novedades, no dejes de leer\u00a0<\/i><a href=\"https:\/\/autofans.thebrandsoup.com\/\"><i>nuestras notas<\/i><\/a><i>, de ver<\/i><b><i>\u00a0<\/i><\/b><a href=\"https:\/\/www.youtube.com\/channel\/UCgAC8UGHZYbT6P7PpmVnP7g\"><b><i>AUTOFANS TV<\/i><\/b><\/a><b><i>\u00a0<\/i><\/b><i>en nuestro\u00a0canal de Youtube. Adem\u00e1s seguinos en\u00a0<\/i><a href=\"https:\/\/www.instagram.com\/autofanstv\/\"><i>INSTAGRAM<\/i><\/a><i> y <\/i><a href=\"https:\/\/www.facebook.com\/autofansmas\/\"><i>FACEBOOK<\/i><\/a><i> para no perderte nada sobre las novedades del segmento automotor de Argentina y el mundo.<\/i><\/p>\n","protected":false},"excerpt":{"rendered":"<p>C\u00f3rdoba se alist\u00f3 para recibir una vez m\u00e1s el MXGP Argentina 2025, la primera fecha&#8230;<\/p>\n","protected":false},"author":2,"featured_media":11407,"comment_status":"closed","ping_status":"closed","sticky":false,"template":"","format":"standard","meta":{"footnotes":""},"categories":[127,16],"tags":[3597,246,6138,6223,6224,6225,6222,6221],"class_list":["post-11405","post","type-post","status-publish","format-standard","has-post-thumbnail","hentry","category-deporte","category-noticias","tag-campeonato-latinoamericano-de-motocross","tag-grupo-simpa","tag-husqvarna-mobility","tag-kay-de-wolf","tag-liam-everts","tag-motocross-en-argentina","tag-mundial-de-motocross","tag-mxgp-argentina-2025"],"yoast_head":"<!-- This site is optimized with the Yoast SEO plugin v27.5 - https:\/\/yoast.com\/product\/yoast-seo-wordpress\/ -->\n<title>El mundial de motocross llega a C\u00f3rdoba, Husqvarna y sus estrellas en el MXGP -<\/title>\n<meta name=\"description\" content=\"C\u00f3rdoba se alist\u00f3 para recibir una vez m\u00e1s el MXGP Argentina 2025, la primera fecha del Campeonato Mundial de Motocross de la FIM...\" \/>\n<meta name=\"robots\" content=\"index, follow, max-snippet:-1, max-image-preview:large, max-video-preview:-1\" \/>\n<link rel=\"canonical\" href=\"https:\/\/autofans.com.ar\/index.php\/2025\/03\/10\/el-mundial-de-motocross-llega-a-cordoba-husqvarna-y-sus-estrellas-en-el-mxgp\/\" \/>\n<meta property=\"og:locale\" content=\"es_ES\" \/>\n<meta property=\"og:type\" content=\"article\" \/>\n<meta property=\"og:title\" content=\"El mundial de motocross llega a C\u00f3rdoba, Husqvarna y sus estrellas en el MXGP -\" \/>\n<meta property=\"og:description\" content=\"C\u00f3rdoba se alist\u00f3 para recibir una vez m\u00e1s el MXGP Argentina 2025, la primera fecha del Campeonato Mundial de Motocross de la FIM...\" \/>\n<meta property=\"og:url\" content=\"https:\/\/autofans.com.ar\/index.php\/2025\/03\/10\/el-mundial-de-motocross-llega-a-cordoba-husqvarna-y-sus-estrellas-en-el-mxgp\/\" \/>\n<meta property=\"article:published_time\" content=\"2025-03-10T17:04:01+00:00\" \/>\n<meta property=\"article:modified_time\" content=\"2025-03-10T21:28:14+00:00\" \/>\n<meta property=\"og:image\" content=\"https:\/\/autofans.com.ar\/wp-content\/uploads\/2025\/03\/kay.jpg\" \/>\n\t<meta property=\"og:image:width\" content=\"1000\" \/>\n\t<meta property=\"og:image:height\" content=\"667\" \/>\n\t<meta property=\"og:image:type\" content=\"image\/jpeg\" \/>\n<meta name=\"author\" content=\"Alejandro Gabriel Rosito\" \/>\n<meta name=\"twitter:card\" content=\"summary_large_image\" \/>\n<meta name=\"twitter:label1\" content=\"Escrito por\" \/>\n\t<meta name=\"twitter:data1\" content=\"Alejandro Gabriel Rosito\" \/>\n\t<meta name=\"twitter:label2\" content=\"Tiempo de lectura\" \/>\n\t<meta name=\"twitter:data2\" content=\"3 minutos\" \/>\n<script type=\"application\/ld+json\" class=\"yoast-schema-graph\">{\"@context\":\"https:\\\/\\\/schema.org\",\"@graph\":[{\"@type\":\"Article\",\"@id\":\"https:\\\/\\\/autofans.com.ar\\\/index.php\\\/2025\\\/03\\\/10\\\/el-mundial-de-motocross-llega-a-cordoba-husqvarna-y-sus-estrellas-en-el-mxgp\\\/#article\",\"isPartOf\":{\"@id\":\"https:\\\/\\\/autofans.com.ar\\\/index.php\\\/2025\\\/03\\\/10\\\/el-mundial-de-motocross-llega-a-cordoba-husqvarna-y-sus-estrellas-en-el-mxgp\\\/\"},\"author\":{\"name\":\"Alejandro Gabriel Rosito\",\"@id\":\"https:\\\/\\\/autofans.com.ar\\\/#\\\/schema\\\/person\\\/4a8dda0b6df83ac3d6723e921274c2aa\"},\"headline\":\"El mundial de motocross llega a C\u00f3rdoba, Husqvarna y sus estrellas en el MXGP\",\"datePublished\":\"2025-03-10T17:04:01+00:00\",\"dateModified\":\"2025-03-10T21:28:14+00:00\",\"mainEntityOfPage\":{\"@id\":\"https:\\\/\\\/autofans.com.ar\\\/index.php\\\/2025\\\/03\\\/10\\\/el-mundial-de-motocross-llega-a-cordoba-husqvarna-y-sus-estrellas-en-el-mxgp\\\/\"},\"wordCount\":461,\"image\":{\"@id\":\"https:\\\/\\\/autofans.com.ar\\\/index.php\\\/2025\\\/03\\\/10\\\/el-mundial-de-motocross-llega-a-cordoba-husqvarna-y-sus-estrellas-en-el-mxgp\\\/#primaryimage\"},\"thumbnailUrl\":\"https:\\\/\\\/autofans.com.ar\\\/wp-content\\\/uploads\\\/2025\\\/03\\\/kay.jpg\",\"keywords\":[\"Campeonato Latinoamericano de Motocross\",\"Grupo Simpa\",\"Husqvarna Mobility\",\"Kay de Wolf\",\"Liam Everts\",\"motocross en Argentina\",\"Mundial de Motocross\",\"MXGP Argentina 2025\"],\"articleSection\":[\"DEPORTE MOTOR\",\"NOTICIAS\"],\"inLanguage\":\"es\"},{\"@type\":\"WebPage\",\"@id\":\"https:\\\/\\\/autofans.com.ar\\\/index.php\\\/2025\\\/03\\\/10\\\/el-mundial-de-motocross-llega-a-cordoba-husqvarna-y-sus-estrellas-en-el-mxgp\\\/\",\"url\":\"https:\\\/\\\/autofans.com.ar\\\/index.php\\\/2025\\\/03\\\/10\\\/el-mundial-de-motocross-llega-a-cordoba-husqvarna-y-sus-estrellas-en-el-mxgp\\\/\",\"name\":\"El mundial de motocross llega a C\u00f3rdoba, Husqvarna y sus estrellas en el MXGP -\",\"isPartOf\":{\"@id\":\"https:\\\/\\\/autofans.com.ar\\\/#website\"},\"primaryImageOfPage\":{\"@id\":\"https:\\\/\\\/autofans.com.ar\\\/index.php\\\/2025\\\/03\\\/10\\\/el-mundial-de-motocross-llega-a-cordoba-husqvarna-y-sus-estrellas-en-el-mxgp\\\/#primaryimage\"},\"image\":{\"@id\":\"https:\\\/\\\/autofans.com.ar\\\/index.php\\\/2025\\\/03\\\/10\\\/el-mundial-de-motocross-llega-a-cordoba-husqvarna-y-sus-estrellas-en-el-mxgp\\\/#primaryimage\"},\"thumbnailUrl\":\"https:\\\/\\\/autofans.com.ar\\\/wp-content\\\/uploads\\\/2025\\\/03\\\/kay.jpg\",\"datePublished\":\"2025-03-10T17:04:01+00:00\",\"dateModified\":\"2025-03-10T21:28:14+00:00\",\"author\":{\"@id\":\"https:\\\/\\\/autofans.com.ar\\\/#\\\/schema\\\/person\\\/4a8dda0b6df83ac3d6723e921274c2aa\"},\"description\":\"C\u00f3rdoba se alist\u00f3 para recibir una vez m\u00e1s el MXGP Argentina 2025, la primera fecha del Campeonato Mundial de Motocross de la FIM...\",\"breadcrumb\":{\"@id\":\"https:\\\/\\\/autofans.com.ar\\\/index.php\\\/2025\\\/03\\\/10\\\/el-mundial-de-motocross-llega-a-cordoba-husqvarna-y-sus-estrellas-en-el-mxgp\\\/#breadcrumb\"},\"inLanguage\":\"es\",\"potentialAction\":[{\"@type\":\"ReadAction\",\"target\":[\"https:\\\/\\\/autofans.com.ar\\\/index.php\\\/2025\\\/03\\\/10\\\/el-mundial-de-motocross-llega-a-cordoba-husqvarna-y-sus-estrellas-en-el-mxgp\\\/\"]}]},{\"@type\":\"ImageObject\",\"inLanguage\":\"es\",\"@id\":\"https:\\\/\\\/autofans.com.ar\\\/index.php\\\/2025\\\/03\\\/10\\\/el-mundial-de-motocross-llega-a-cordoba-husqvarna-y-sus-estrellas-en-el-mxgp\\\/#primaryimage\",\"url\":\"https:\\\/\\\/autofans.com.ar\\\/wp-content\\\/uploads\\\/2025\\\/03\\\/kay.jpg\",\"contentUrl\":\"https:\\\/\\\/autofans.com.ar\\\/wp-content\\\/uploads\\\/2025\\\/03\\\/kay.jpg\",\"width\":1000,\"height\":667,\"caption\":\"Kay de Wolf piloto del Husqvarna Factory Racing\"},{\"@type\":\"BreadcrumbList\",\"@id\":\"https:\\\/\\\/autofans.com.ar\\\/index.php\\\/2025\\\/03\\\/10\\\/el-mundial-de-motocross-llega-a-cordoba-husqvarna-y-sus-estrellas-en-el-mxgp\\\/#breadcrumb\",\"itemListElement\":[{\"@type\":\"ListItem\",\"position\":1,\"name\":\"Inicio\",\"item\":\"https:\\\/\\\/autofans.com.ar\\\/\"},{\"@type\":\"ListItem\",\"position\":2,\"name\":\"El mundial de motocross llega a C\u00f3rdoba, Husqvarna y sus estrellas en el MXGP\"}]},{\"@type\":\"WebSite\",\"@id\":\"https:\\\/\\\/autofans.com.ar\\\/#website\",\"url\":\"https:\\\/\\\/autofans.com.ar\\\/\",\"name\":\"\",\"description\":\"El multimedio referente de la industria automotriz\",\"potentialAction\":[{\"@type\":\"SearchAction\",\"target\":{\"@type\":\"EntryPoint\",\"urlTemplate\":\"https:\\\/\\\/autofans.com.ar\\\/?s={search_term_string}\"},\"query-input\":{\"@type\":\"PropertyValueSpecification\",\"valueRequired\":true,\"valueName\":\"search_term_string\"}}],\"inLanguage\":\"es\"},{\"@type\":\"Person\",\"@id\":\"https:\\\/\\\/autofans.com.ar\\\/#\\\/schema\\\/person\\\/4a8dda0b6df83ac3d6723e921274c2aa\",\"name\":\"Alejandro Gabriel Rosito\",\"image\":{\"@type\":\"ImageObject\",\"inLanguage\":\"es\",\"@id\":\"https:\\\/\\\/secure.gravatar.com\\\/avatar\\\/16c5dda1489adfc62618084dcbb91cffd879c374b13fe5dd8e44ed6733852c88?s=96&d=mm&r=g\",\"url\":\"https:\\\/\\\/secure.gravatar.com\\\/avatar\\\/16c5dda1489adfc62618084dcbb91cffd879c374b13fe5dd8e44ed6733852c88?s=96&d=mm&r=g\",\"contentUrl\":\"https:\\\/\\\/secure.gravatar.com\\\/avatar\\\/16c5dda1489adfc62618084dcbb91cffd879c374b13fe5dd8e44ed6733852c88?s=96&d=mm&r=g\",\"caption\":\"Alejandro Gabriel Rosito\"},\"url\":\"https:\\\/\\\/autofans.com.ar\\\/index.php\\\/author\\\/gabrielr\\\/\"}]}<\/script>\n<!-- \/ Yoast SEO plugin. -->","yoast_head_json":{"title":"El mundial de motocross llega a C\u00f3rdoba, Husqvarna y sus estrellas en el MXGP -","description":"C\u00f3rdoba se alist\u00f3 para recibir una vez m\u00e1s el MXGP Argentina 2025, la primera fecha del Campeonato Mundial de Motocross de la FIM...","robots":{"index":"index","follow":"follow","max-snippet":"max-snippet:-1","max-image-preview":"max-image-preview:large","max-video-preview":"max-video-preview:-1"},"canonical":"https:\/\/autofans.com.ar\/index.php\/2025\/03\/10\/el-mundial-de-motocross-llega-a-cordoba-husqvarna-y-sus-estrellas-en-el-mxgp\/","og_locale":"es_ES","og_type":"article","og_title":"El mundial de motocross llega a C\u00f3rdoba, Husqvarna y sus estrellas en el MXGP -","og_description":"C\u00f3rdoba se alist\u00f3 para recibir una vez m\u00e1s el MXGP Argentina 2025, la primera fecha del Campeonato Mundial de Motocross de la FIM...","og_url":"https:\/\/autofans.com.ar\/index.php\/2025\/03\/10\/el-mundial-de-motocross-llega-a-cordoba-husqvarna-y-sus-estrellas-en-el-mxgp\/","article_published_time":"2025-03-10T17:04:01+00:00","article_modified_time":"2025-03-10T21:28:14+00:00","og_image":[{"width":1000,"height":667,"url":"https:\/\/autofans.com.ar\/wp-content\/uploads\/2025\/03\/kay.jpg","type":"image\/jpeg"}],"author":"Alejandro Gabriel Rosito","twitter_card":"summary_large_image","twitter_misc":{"Escrito por":"Alejandro Gabriel Rosito","Tiempo de lectura":"3 minutos"},"schema":{"@context":"https:\/\/schema.org","@graph":[{"@type":"Article","@id":"https:\/\/autofans.com.ar\/index.php\/2025\/03\/10\/el-mundial-de-motocross-llega-a-cordoba-husqvarna-y-sus-estrellas-en-el-mxgp\/#article","isPartOf":{"@id":"https:\/\/autofans.com.ar\/index.php\/2025\/03\/10\/el-mundial-de-motocross-llega-a-cordoba-husqvarna-y-sus-estrellas-en-el-mxgp\/"},"author":{"name":"Alejandro Gabriel Rosito","@id":"https:\/\/autofans.com.ar\/#\/schema\/person\/4a8dda0b6df83ac3d6723e921274c2aa"},"headline":"El mundial de motocross llega a C\u00f3rdoba, Husqvarna y sus estrellas en el MXGP","datePublished":"2025-03-10T17:04:01+00:00","dateModified":"2025-03-10T21:28:14+00:00","mainEntityOfPage":{"@id":"https:\/\/autofans.com.ar\/index.php\/2025\/03\/10\/el-mundial-de-motocross-llega-a-cordoba-husqvarna-y-sus-estrellas-en-el-mxgp\/"},"wordCount":461,"image":{"@id":"https:\/\/autofans.com.ar\/index.php\/2025\/03\/10\/el-mundial-de-motocross-llega-a-cordoba-husqvarna-y-sus-estrellas-en-el-mxgp\/#primaryimage"},"thumbnailUrl":"https:\/\/autofans.com.ar\/wp-content\/uploads\/2025\/03\/kay.jpg","keywords":["Campeonato Latinoamericano de Motocross","Grupo Simpa","Husqvarna Mobility","Kay de Wolf","Liam Everts","motocross en Argentina","Mundial de Motocross","MXGP Argentina 2025"],"articleSection":["DEPORTE MOTOR","NOTICIAS"],"inLanguage":"es"},{"@type":"WebPage","@id":"https:\/\/autofans.com.ar\/index.php\/2025\/03\/10\/el-mundial-de-motocross-llega-a-cordoba-husqvarna-y-sus-estrellas-en-el-mxgp\/","url":"https:\/\/autofans.com.ar\/index.php\/2025\/03\/10\/el-mundial-de-motocross-llega-a-cordoba-husqvarna-y-sus-estrellas-en-el-mxgp\/","name":"El mundial de motocross llega a C\u00f3rdoba, Husqvarna y sus estrellas en el MXGP -","isPartOf":{"@id":"https:\/\/autofans.com.ar\/#website"},"primaryImageOfPage":{"@id":"https:\/\/autofans.com.ar\/index.php\/2025\/03\/10\/el-mundial-de-motocross-llega-a-cordoba-husqvarna-y-sus-estrellas-en-el-mxgp\/#primaryimage"},"image":{"@id":"https:\/\/autofans.com.ar\/index.php\/2025\/03\/10\/el-mundial-de-motocross-llega-a-cordoba-husqvarna-y-sus-estrellas-en-el-mxgp\/#primaryimage"},"thumbnailUrl":"https:\/\/autofans.com.ar\/wp-content\/uploads\/2025\/03\/kay.jpg","datePublished":"2025-03-10T17:04:01+00:00","dateModified":"2025-03-10T21:28:14+00:00","author":{"@id":"https:\/\/autofans.com.ar\/#\/schema\/person\/4a8dda0b6df83ac3d6723e921274c2aa"},"description":"C\u00f3rdoba se alist\u00f3 para recibir una vez m\u00e1s el MXGP Argentina 2025, la primera fecha del Campeonato Mundial de Motocross de la FIM...","breadcrumb":{"@id":"https:\/\/autofans.com.ar\/index.php\/2025\/03\/10\/el-mundial-de-motocross-llega-a-cordoba-husqvarna-y-sus-estrellas-en-el-mxgp\/#breadcrumb"},"inLanguage":"es","potentialAction":[{"@type":"ReadAction","target":["https:\/\/autofans.com.ar\/index.php\/2025\/03\/10\/el-mundial-de-motocross-llega-a-cordoba-husqvarna-y-sus-estrellas-en-el-mxgp\/"]}]},{"@type":"ImageObject","inLanguage":"es","@id":"https:\/\/autofans.com.ar\/index.php\/2025\/03\/10\/el-mundial-de-motocross-llega-a-cordoba-husqvarna-y-sus-estrellas-en-el-mxgp\/#primaryimage","url":"https:\/\/autofans.com.ar\/wp-content\/uploads\/2025\/03\/kay.jpg","contentUrl":"https:\/\/autofans.com.ar\/wp-content\/uploads\/2025\/03\/kay.jpg","width":1000,"height":667,"caption":"Kay de Wolf piloto del Husqvarna Factory Racing"},{"@type":"BreadcrumbList","@id":"https:\/\/autofans.com.ar\/index.php\/2025\/03\/10\/el-mundial-de-motocross-llega-a-cordoba-husqvarna-y-sus-estrellas-en-el-mxgp\/#breadcrumb","itemListElement":[{"@type":"ListItem","position":1,"name":"Inicio","item":"https:\/\/autofans.com.ar\/"},{"@type":"ListItem","position":2,"name":"El mundial de motocross llega a C\u00f3rdoba, Husqvarna y sus estrellas en el MXGP"}]},{"@type":"WebSite","@id":"https:\/\/autofans.com.ar\/#website","url":"https:\/\/autofans.com.ar\/","name":"","description":"El multimedio referente de la industria automotriz","potentialAction":[{"@type":"SearchAction","target":{"@type":"EntryPoint","urlTemplate":"https:\/\/autofans.com.ar\/?s={search_term_string}"},"query-input":{"@type":"PropertyValueSpecification","valueRequired":true,"valueName":"search_term_string"}}],"inLanguage":"es"},{"@type":"Person","@id":"https:\/\/autofans.com.ar\/#\/schema\/person\/4a8dda0b6df83ac3d6723e921274c2aa","name":"Alejandro Gabriel Rosito","image":{"@type":"ImageObject","inLanguage":"es","@id":"https:\/\/secure.gravatar.com\/avatar\/16c5dda1489adfc62618084dcbb91cffd879c374b13fe5dd8e44ed6733852c88?s=96&d=mm&r=g","url":"https:\/\/secure.gravatar.com\/avatar\/16c5dda1489adfc62618084dcbb91cffd879c374b13fe5dd8e44ed6733852c88?s=96&d=mm&r=g","contentUrl":"https:\/\/secure.gravatar.com\/avatar\/16c5dda1489adfc62618084dcbb91cffd879c374b13fe5dd8e44ed6733852c88?s=96&d=mm&r=g","caption":"Alejandro Gabriel Rosito"},"url":"https:\/\/autofans.com.ar\/index.php\/author\/gabrielr\/"}]}},"featured_image_urls":{"full":["https:\/\/autofans.com.ar\/wp-content\/uploads\/2025\/03\/kay.jpg",1000,667,false],"thumbnail":["https:\/\/autofans.com.ar\/wp-content\/uploads\/2025\/03\/kay-150x150.jpg",150,150,true],"medium":["https:\/\/autofans.com.ar\/wp-content\/uploads\/2025\/03\/kay-300x200.jpg",300,200,true],"medium_large":["https:\/\/autofans.com.ar\/wp-content\/uploads\/2025\/03\/kay-768x512.jpg",640,427,true],"large":["https:\/\/autofans.com.ar\/wp-content\/uploads\/2025\/03\/kay.jpg",640,427,false],"1536x1536":["https:\/\/autofans.com.ar\/wp-content\/uploads\/2025\/03\/kay.jpg",1000,667,false],"2048x2048":["https:\/\/autofans.com.ar\/wp-content\/uploads\/2025\/03\/kay.jpg",1000,667,false],"covernews-featured":["https:\/\/autofans.com.ar\/wp-content\/uploads\/2025\/03\/kay.jpg",1000,667,false],"covernews-medium":["https:\/\/autofans.com.ar\/wp-content\/uploads\/2025\/03\/kay-540x340.jpg",540,340,true]},"author_info":{"display_name":"Alejandro Gabriel Rosito","author_link":"https:\/\/autofans.com.ar\/index.php\/author\/gabrielr\/"},"category_info":"<a href=\"https:\/\/autofans.com.ar\/index.php\/category\/noticias\/deporte\/\" rel=\"category tag\">DEPORTE MOTOR<\/a> <a href=\"https:\/\/autofans.com.ar\/index.php\/category\/noticias\/\" rel=\"category tag\">NOTICIAS<\/a>","tag_info":"NOTICIAS","comment_count":0,"_links":{"self":[{"href":"https:\/\/autofans.com.ar\/index.php\/wp-json\/wp\/v2\/posts\/11405","targetHints":{"allow":["GET"]}}],"collection":[{"href":"https:\/\/autofans.com.ar\/index.php\/wp-json\/wp\/v2\/posts"}],"about":[{"href":"https:\/\/autofans.com.ar\/index.php\/wp-json\/wp\/v2\/types\/post"}],"author":[{"embeddable":true,"href":"https:\/\/autofans.com.ar\/index.php\/wp-json\/wp\/v2\/users\/2"}],"replies":[{"embeddable":true,"href":"https:\/\/autofans.com.ar\/index.php\/wp-json\/wp\/v2\/comments?post=11405"}],"version-history":[{"count":3,"href":"https:\/\/autofans.com.ar\/index.php\/wp-json\/wp\/v2\/posts\/11405\/revisions"}],"predecessor-version":[{"id":11416,"href":"https:\/\/autofans.com.ar\/index.php\/wp-json\/wp\/v2\/posts\/11405\/revisions\/11416"}],"wp:featuredmedia":[{"embeddable":true,"href":"https:\/\/autofans.com.ar\/index.php\/wp-json\/wp\/v2\/media\/11407"}],"wp:attachment":[{"href":"https:\/\/autofans.com.ar\/index.php\/wp-json\/wp\/v2\/media?parent=11405"}],"wp:term":[{"taxonomy":"category","embeddable":true,"href":"https:\/\/autofans.com.ar\/index.php\/wp-json\/wp\/v2\/categories?post=11405"},{"taxonomy":"post_tag","embeddable":true,"href":"https:\/\/autofans.com.ar\/index.php\/wp-json\/wp\/v2\/tags?post=11405"}],"curies":[{"name":"wp","href":"https:\/\/api.w.org\/{rel}","templated":true}]}}