{"id":11417,"date":"2025-03-10T17:12:04","date_gmt":"2025-03-10T20:12:04","guid":{"rendered":"https:\/\/autofans.com.ar\/?p=11417"},"modified":"2025-03-10T17:12:39","modified_gmt":"2025-03-10T20:12:39","slug":"iveco-group-refuerza-su-compromiso-con-la-sostenibilidad-y-la-inclusion","status":"publish","type":"post","link":"https:\/\/autofans.com.ar\/index.php\/2025\/03\/10\/iveco-group-refuerza-su-compromiso-con-la-sostenibilidad-y-la-inclusion\/","title":{"rendered":"Iveco Group refuerza su compromiso con la sostenibilidad y la inclusi\u00f3n"},"content":{"rendered":"<p data-pm-slice=\"1 1 []\">Iveco Group reafirm\u00f3 su compromiso con la sostenibilidad y la diversidad al organizar la primera edici\u00f3n de la \u00abSemana de la Sostenibilidad y la Diversidad, Equidad e Inclusi\u00f3n (DE&amp;I)\u00bb. Del 19 al 23 de junio, la empresa invit\u00f3 a sus m\u00e1s de 35.000 empleados a participar en diversas actividades enfocadas en las cuatro prioridades de su estrategia ESG. Reducci\u00f3n de la huella de carbono, seguridad laboral y de productos, dise\u00f1o del ciclo de vida e inclusi\u00f3n y compromiso.<\/p>\n<p data-pm-slice=\"1 1 []\"><span style=\"color: #ffffff;\">.<\/span><\/p>\n<h2>Un programa integral con foco en la inclusi\u00f3n<\/h2>\n<p>Durante la semana, los directivos de Iveco Group lideraron transmisiones en vivo y mesas redondas sobre estos pilares fundamentales. Especial atenci\u00f3n se dio a la inclusi\u00f3n y el compromiso, con iniciativas de capacitaci\u00f3n, redes de colaboraci\u00f3n y debates sobre c\u00f3mo reducir prejuicios en el entorno laboral. Tambi\u00e9n se llev\u00f3 adelante una campa\u00f1a de concientizaci\u00f3n alineada con el Mes del Orgullo.<\/p>\n<p>En paralelo, equipos locales de la empresa coordinaron proyectos de voluntariado en diversas ciudades como C\u00f3rdoba, Madrid, Estambul, Bangkok y Shanghai, donde empleados trabajaron junto a ONG\u2019s en apoyo a las comunidades locales.<\/p>\n<p>&nbsp;<\/p>\n<p><img fetchpriority=\"high\" decoding=\"async\" class=\"aligncenter wp-image-11418 size-full\" src=\"https:\/\/autofans.com.ar\/wp-content\/uploads\/2025\/03\/iveco-2.jpg\" alt=\"Iveco Group\" width=\"1000\" height=\"667\" srcset=\"https:\/\/autofans.com.ar\/wp-content\/uploads\/2025\/03\/iveco-2.jpg 1000w, https:\/\/autofans.com.ar\/wp-content\/uploads\/2025\/03\/iveco-2-300x200.jpg 300w, https:\/\/autofans.com.ar\/wp-content\/uploads\/2025\/03\/iveco-2-768x512.jpg 768w\" sizes=\"(max-width: 1000px) 100vw, 1000px\" \/><\/p>\n<p>&nbsp;<\/p>\n<h2>Iveco Group &#8211; indicadores y objetivos sostenibles<\/h2>\n<p>Para medir y mejorar su desempe\u00f1o en materia de sostenibilidad, Iveco Group cuenta con 200 indicadores clave de rendimiento. En el marco de la semana especial, la compa\u00f1\u00eda public\u00f3 el informe \u00abIveco Group 2022 Sustainability Essentials\u00bb, que resume su estrategia, compromisos y acciones en esta materia.<\/p>\n<p>&nbsp;<\/p>\n<blockquote>\n<p style=\"text-align: center;\">Gerrit Marx, CEO de Iveco Group, destac\u00f3: \u00abNuestro objetivo es contribuir a un futuro m\u00e1s sostenible para todos. Esto significa cumplir nuestras promesas con empleados, clientes, socios y accionistas. La integridad y el respeto son valores esenciales en nuestra estrategia de sostenibilidad y DE&amp;I\u00bb.<\/p>\n<\/blockquote>\n<p>&nbsp;<\/p>\n<p>Con esta iniciativa, <a href=\"https:\/\/autofans.com.ar\/index.php\/2024\/05\/17\/innovacion-y-equidad-la-apuesta-de-iveco-group-por-un-futuro-mas-verde\/\" target=\"_blank\" rel=\"noopener\">Iveco Grou<\/a>p refuerza su posicionamiento como una empresa comprometida con el impacto positivo en el medioambiente y en la sociedad. Alineando su gesti\u00f3n con los principios de desarrollo sostenible y equidad.<\/p>\n<p>&nbsp;<\/p>\n<p>&nbsp;<\/p>\n<p>&nbsp;<\/p>\n<p><i>Para enterarte de m\u00e1s novedades, no dejes de leer\u00a0<\/i><a href=\"https:\/\/autofans.thebrandsoup.com\/\"><i>nuestras notas<\/i><\/a><i>, de ver<\/i><b><i>\u00a0<\/i><\/b><a href=\"https:\/\/www.youtube.com\/channel\/UCgAC8UGHZYbT6P7PpmVnP7g\"><b><i>AUTOFANS TV<\/i><\/b><\/a><b><i>\u00a0<\/i><\/b><i>en nuestro\u00a0canal de Youtube. Adem\u00e1s seguinos en\u00a0<\/i><a href=\"https:\/\/www.instagram.com\/autofanstv\/\"><i>INSTAGRAM<\/i><\/a><i> y <\/i><a href=\"https:\/\/www.facebook.com\/autofansmas\/\"><i>FACEBOOK<\/i><\/a><i> para no perderte nada sobre las novedades del segmento automotor de Argentina y el mundo.<\/i><\/p>\n","protected":false},"excerpt":{"rendered":"<p>Iveco Group reafirm\u00f3 su compromiso con la sostenibilidad y la diversidad al organizar la primera&#8230;<\/p>\n","protected":false},"author":2,"featured_media":11419,"comment_status":"closed","ping_status":"closed","sticky":false,"template":"","format":"standard","meta":{"footnotes":""},"categories":[292,16],"tags":[216,963,1738,3088,1564,3194,1741,819,264,1742],"class_list":["post-11417","post","type-post","status-publish","format-standard","has-post-thumbnail","hentry","category-empresas","category-noticias","tag-sostenibilidad","tag-compromiso-ambiental","tag-dei","tag-diversidad-e-inclusion","tag-equidad","tag-esg","tag-huella-de-carbono","tag-iveco-group","tag-responsabilidad-social","tag-seguridad-laboral"],"yoast_head":"<!-- This site is optimized with the Yoast SEO plugin v27.5 - https:\/\/yoast.com\/product\/yoast-seo-wordpress\/ -->\n<title>Iveco Group refuerza su compromiso con la sostenibilidad y la inclusi\u00f3n -<\/title>\n<meta name=\"description\" content=\"Iveco Group presenta la primera edici\u00f3n de la &quot;Semana de la Sostenibilidad y la Diversidad, Equidad e Inclusi\u00f3n (DE&amp;I)&quot;...\" \/>\n<meta name=\"robots\" content=\"index, follow, max-snippet:-1, max-image-preview:large, max-video-preview:-1\" \/>\n<link rel=\"canonical\" href=\"https:\/\/autofans.com.ar\/index.php\/2025\/03\/10\/iveco-group-refuerza-su-compromiso-con-la-sostenibilidad-y-la-inclusion\/\" \/>\n<meta property=\"og:locale\" content=\"es_ES\" \/>\n<meta property=\"og:type\" content=\"article\" \/>\n<meta property=\"og:title\" content=\"Iveco Group refuerza su compromiso con la sostenibilidad y la inclusi\u00f3n -\" \/>\n<meta property=\"og:description\" content=\"Iveco Group presenta la primera edici\u00f3n de la &quot;Semana de la Sostenibilidad y la Diversidad, Equidad e Inclusi\u00f3n (DE&amp;I)&quot;...\" \/>\n<meta property=\"og:url\" content=\"https:\/\/autofans.com.ar\/index.php\/2025\/03\/10\/iveco-group-refuerza-su-compromiso-con-la-sostenibilidad-y-la-inclusion\/\" \/>\n<meta property=\"article:published_time\" content=\"2025-03-10T20:12:04+00:00\" \/>\n<meta property=\"article:modified_time\" content=\"2025-03-10T20:12:39+00:00\" \/>\n<meta property=\"og:image\" content=\"https:\/\/autofans.com.ar\/wp-content\/uploads\/2025\/03\/iveco-1.jpg\" \/>\n\t<meta property=\"og:image:width\" content=\"1000\" \/>\n\t<meta property=\"og:image:height\" content=\"667\" \/>\n\t<meta property=\"og:image:type\" content=\"image\/jpeg\" \/>\n<meta name=\"author\" content=\"Alejandro Gabriel Rosito\" \/>\n<meta name=\"twitter:card\" content=\"summary_large_image\" \/>\n<meta name=\"twitter:label1\" content=\"Escrito por\" \/>\n\t<meta name=\"twitter:data1\" content=\"Alejandro Gabriel Rosito\" \/>\n\t<meta name=\"twitter:label2\" content=\"Tiempo de lectura\" \/>\n\t<meta name=\"twitter:data2\" content=\"2 minutos\" \/>\n<script type=\"application\/ld+json\" class=\"yoast-schema-graph\">{\"@context\":\"https:\\\/\\\/schema.org\",\"@graph\":[{\"@type\":\"Article\",\"@id\":\"https:\\\/\\\/autofans.com.ar\\\/index.php\\\/2025\\\/03\\\/10\\\/iveco-group-refuerza-su-compromiso-con-la-sostenibilidad-y-la-inclusion\\\/#article\",\"isPartOf\":{\"@id\":\"https:\\\/\\\/autofans.com.ar\\\/index.php\\\/2025\\\/03\\\/10\\\/iveco-group-refuerza-su-compromiso-con-la-sostenibilidad-y-la-inclusion\\\/\"},\"author\":{\"name\":\"Alejandro Gabriel Rosito\",\"@id\":\"https:\\\/\\\/autofans.com.ar\\\/#\\\/schema\\\/person\\\/4a8dda0b6df83ac3d6723e921274c2aa\"},\"headline\":\"Iveco Group refuerza su compromiso con la sostenibilidad y la inclusi\u00f3n\",\"datePublished\":\"2025-03-10T20:12:04+00:00\",\"dateModified\":\"2025-03-10T20:12:39+00:00\",\"mainEntityOfPage\":{\"@id\":\"https:\\\/\\\/autofans.com.ar\\\/index.php\\\/2025\\\/03\\\/10\\\/iveco-group-refuerza-su-compromiso-con-la-sostenibilidad-y-la-inclusion\\\/\"},\"wordCount\":392,\"image\":{\"@id\":\"https:\\\/\\\/autofans.com.ar\\\/index.php\\\/2025\\\/03\\\/10\\\/iveco-group-refuerza-su-compromiso-con-la-sostenibilidad-y-la-inclusion\\\/#primaryimage\"},\"thumbnailUrl\":\"https:\\\/\\\/autofans.com.ar\\\/wp-content\\\/uploads\\\/2025\\\/03\\\/iveco-1.jpg\",\"keywords\":[\"#sostenibilidad\",\"Compromiso Ambiental\",\"DE&amp;I\",\"Diversidad e inclusi\u00f3n\",\"equidad\",\"ESG\",\"huella de carbono\",\"Iveco Group\",\"responsabilidad social\",\"seguridad laboral\"],\"articleSection\":[\"EMPRESAS\",\"NOTICIAS\"],\"inLanguage\":\"es\"},{\"@type\":\"WebPage\",\"@id\":\"https:\\\/\\\/autofans.com.ar\\\/index.php\\\/2025\\\/03\\\/10\\\/iveco-group-refuerza-su-compromiso-con-la-sostenibilidad-y-la-inclusion\\\/\",\"url\":\"https:\\\/\\\/autofans.com.ar\\\/index.php\\\/2025\\\/03\\\/10\\\/iveco-group-refuerza-su-compromiso-con-la-sostenibilidad-y-la-inclusion\\\/\",\"name\":\"Iveco Group refuerza su compromiso con la sostenibilidad y la inclusi\u00f3n -\",\"isPartOf\":{\"@id\":\"https:\\\/\\\/autofans.com.ar\\\/#website\"},\"primaryImageOfPage\":{\"@id\":\"https:\\\/\\\/autofans.com.ar\\\/index.php\\\/2025\\\/03\\\/10\\\/iveco-group-refuerza-su-compromiso-con-la-sostenibilidad-y-la-inclusion\\\/#primaryimage\"},\"image\":{\"@id\":\"https:\\\/\\\/autofans.com.ar\\\/index.php\\\/2025\\\/03\\\/10\\\/iveco-group-refuerza-su-compromiso-con-la-sostenibilidad-y-la-inclusion\\\/#primaryimage\"},\"thumbnailUrl\":\"https:\\\/\\\/autofans.com.ar\\\/wp-content\\\/uploads\\\/2025\\\/03\\\/iveco-1.jpg\",\"datePublished\":\"2025-03-10T20:12:04+00:00\",\"dateModified\":\"2025-03-10T20:12:39+00:00\",\"author\":{\"@id\":\"https:\\\/\\\/autofans.com.ar\\\/#\\\/schema\\\/person\\\/4a8dda0b6df83ac3d6723e921274c2aa\"},\"description\":\"Iveco Group presenta la primera edici\u00f3n de la \\\"Semana de la Sostenibilidad y la Diversidad, Equidad e Inclusi\u00f3n (DE&I)\\\"...\",\"breadcrumb\":{\"@id\":\"https:\\\/\\\/autofans.com.ar\\\/index.php\\\/2025\\\/03\\\/10\\\/iveco-group-refuerza-su-compromiso-con-la-sostenibilidad-y-la-inclusion\\\/#breadcrumb\"},\"inLanguage\":\"es\",\"potentialAction\":[{\"@type\":\"ReadAction\",\"target\":[\"https:\\\/\\\/autofans.com.ar\\\/index.php\\\/2025\\\/03\\\/10\\\/iveco-group-refuerza-su-compromiso-con-la-sostenibilidad-y-la-inclusion\\\/\"]}]},{\"@type\":\"ImageObject\",\"inLanguage\":\"es\",\"@id\":\"https:\\\/\\\/autofans.com.ar\\\/index.php\\\/2025\\\/03\\\/10\\\/iveco-group-refuerza-su-compromiso-con-la-sostenibilidad-y-la-inclusion\\\/#primaryimage\",\"url\":\"https:\\\/\\\/autofans.com.ar\\\/wp-content\\\/uploads\\\/2025\\\/03\\\/iveco-1.jpg\",\"contentUrl\":\"https:\\\/\\\/autofans.com.ar\\\/wp-content\\\/uploads\\\/2025\\\/03\\\/iveco-1.jpg\",\"width\":1000,\"height\":667,\"caption\":\"Iveco Group\"},{\"@type\":\"BreadcrumbList\",\"@id\":\"https:\\\/\\\/autofans.com.ar\\\/index.php\\\/2025\\\/03\\\/10\\\/iveco-group-refuerza-su-compromiso-con-la-sostenibilidad-y-la-inclusion\\\/#breadcrumb\",\"itemListElement\":[{\"@type\":\"ListItem\",\"position\":1,\"name\":\"Inicio\",\"item\":\"https:\\\/\\\/autofans.com.ar\\\/\"},{\"@type\":\"ListItem\",\"position\":2,\"name\":\"Iveco Group refuerza su compromiso con la sostenibilidad y la inclusi\u00f3n\"}]},{\"@type\":\"WebSite\",\"@id\":\"https:\\\/\\\/autofans.com.ar\\\/#website\",\"url\":\"https:\\\/\\\/autofans.com.ar\\\/\",\"name\":\"\",\"description\":\"El multimedio referente de la industria automotriz\",\"potentialAction\":[{\"@type\":\"SearchAction\",\"target\":{\"@type\":\"EntryPoint\",\"urlTemplate\":\"https:\\\/\\\/autofans.com.ar\\\/?s={search_term_string}\"},\"query-input\":{\"@type\":\"PropertyValueSpecification\",\"valueRequired\":true,\"valueName\":\"search_term_string\"}}],\"inLanguage\":\"es\"},{\"@type\":\"Person\",\"@id\":\"https:\\\/\\\/autofans.com.ar\\\/#\\\/schema\\\/person\\\/4a8dda0b6df83ac3d6723e921274c2aa\",\"name\":\"Alejandro Gabriel Rosito\",\"image\":{\"@type\":\"ImageObject\",\"inLanguage\":\"es\",\"@id\":\"https:\\\/\\\/secure.gravatar.com\\\/avatar\\\/16c5dda1489adfc62618084dcbb91cffd879c374b13fe5dd8e44ed6733852c88?s=96&d=mm&r=g\",\"url\":\"https:\\\/\\\/secure.gravatar.com\\\/avatar\\\/16c5dda1489adfc62618084dcbb91cffd879c374b13fe5dd8e44ed6733852c88?s=96&d=mm&r=g\",\"contentUrl\":\"https:\\\/\\\/secure.gravatar.com\\\/avatar\\\/16c5dda1489adfc62618084dcbb91cffd879c374b13fe5dd8e44ed6733852c88?s=96&d=mm&r=g\",\"caption\":\"Alejandro Gabriel Rosito\"},\"url\":\"https:\\\/\\\/autofans.com.ar\\\/index.php\\\/author\\\/gabrielr\\\/\"}]}<\/script>\n<!-- \/ Yoast SEO plugin. -->","yoast_head_json":{"title":"Iveco Group refuerza su compromiso con la sostenibilidad y la inclusi\u00f3n -","description":"Iveco Group presenta la primera edici\u00f3n de la \"Semana de la Sostenibilidad y la Diversidad, Equidad e Inclusi\u00f3n (DE&I)\"...","robots":{"index":"index","follow":"follow","max-snippet":"max-snippet:-1","max-image-preview":"max-image-preview:large","max-video-preview":"max-video-preview:-1"},"canonical":"https:\/\/autofans.com.ar\/index.php\/2025\/03\/10\/iveco-group-refuerza-su-compromiso-con-la-sostenibilidad-y-la-inclusion\/","og_locale":"es_ES","og_type":"article","og_title":"Iveco Group refuerza su compromiso con la sostenibilidad y la inclusi\u00f3n -","og_description":"Iveco Group presenta la primera edici\u00f3n de la \"Semana de la Sostenibilidad y la Diversidad, Equidad e Inclusi\u00f3n (DE&I)\"...","og_url":"https:\/\/autofans.com.ar\/index.php\/2025\/03\/10\/iveco-group-refuerza-su-compromiso-con-la-sostenibilidad-y-la-inclusion\/","article_published_time":"2025-03-10T20:12:04+00:00","article_modified_time":"2025-03-10T20:12:39+00:00","og_image":[{"width":1000,"height":667,"url":"https:\/\/autofans.com.ar\/wp-content\/uploads\/2025\/03\/iveco-1.jpg","type":"image\/jpeg"}],"author":"Alejandro Gabriel Rosito","twitter_card":"summary_large_image","twitter_misc":{"Escrito por":"Alejandro Gabriel Rosito","Tiempo de lectura":"2 minutos"},"schema":{"@context":"https:\/\/schema.org","@graph":[{"@type":"Article","@id":"https:\/\/autofans.com.ar\/index.php\/2025\/03\/10\/iveco-group-refuerza-su-compromiso-con-la-sostenibilidad-y-la-inclusion\/#article","isPartOf":{"@id":"https:\/\/autofans.com.ar\/index.php\/2025\/03\/10\/iveco-group-refuerza-su-compromiso-con-la-sostenibilidad-y-la-inclusion\/"},"author":{"name":"Alejandro Gabriel Rosito","@id":"https:\/\/autofans.com.ar\/#\/schema\/person\/4a8dda0b6df83ac3d6723e921274c2aa"},"headline":"Iveco Group refuerza su compromiso con la sostenibilidad y la inclusi\u00f3n","datePublished":"2025-03-10T20:12:04+00:00","dateModified":"2025-03-10T20:12:39+00:00","mainEntityOfPage":{"@id":"https:\/\/autofans.com.ar\/index.php\/2025\/03\/10\/iveco-group-refuerza-su-compromiso-con-la-sostenibilidad-y-la-inclusion\/"},"wordCount":392,"image":{"@id":"https:\/\/autofans.com.ar\/index.php\/2025\/03\/10\/iveco-group-refuerza-su-compromiso-con-la-sostenibilidad-y-la-inclusion\/#primaryimage"},"thumbnailUrl":"https:\/\/autofans.com.ar\/wp-content\/uploads\/2025\/03\/iveco-1.jpg","keywords":["#sostenibilidad","Compromiso Ambiental","DE&amp;I","Diversidad e inclusi\u00f3n","equidad","ESG","huella de carbono","Iveco Group","responsabilidad social","seguridad laboral"],"articleSection":["EMPRESAS","NOTICIAS"],"inLanguage":"es"},{"@type":"WebPage","@id":"https:\/\/autofans.com.ar\/index.php\/2025\/03\/10\/iveco-group-refuerza-su-compromiso-con-la-sostenibilidad-y-la-inclusion\/","url":"https:\/\/autofans.com.ar\/index.php\/2025\/03\/10\/iveco-group-refuerza-su-compromiso-con-la-sostenibilidad-y-la-inclusion\/","name":"Iveco Group refuerza su compromiso con la sostenibilidad y la inclusi\u00f3n -","isPartOf":{"@id":"https:\/\/autofans.com.ar\/#website"},"primaryImageOfPage":{"@id":"https:\/\/autofans.com.ar\/index.php\/2025\/03\/10\/iveco-group-refuerza-su-compromiso-con-la-sostenibilidad-y-la-inclusion\/#primaryimage"},"image":{"@id":"https:\/\/autofans.com.ar\/index.php\/2025\/03\/10\/iveco-group-refuerza-su-compromiso-con-la-sostenibilidad-y-la-inclusion\/#primaryimage"},"thumbnailUrl":"https:\/\/autofans.com.ar\/wp-content\/uploads\/2025\/03\/iveco-1.jpg","datePublished":"2025-03-10T20:12:04+00:00","dateModified":"2025-03-10T20:12:39+00:00","author":{"@id":"https:\/\/autofans.com.ar\/#\/schema\/person\/4a8dda0b6df83ac3d6723e921274c2aa"},"description":"Iveco Group presenta la primera edici\u00f3n de la \"Semana de la Sostenibilidad y la Diversidad, Equidad e Inclusi\u00f3n (DE&I)\"...","breadcrumb":{"@id":"https:\/\/autofans.com.ar\/index.php\/2025\/03\/10\/iveco-group-refuerza-su-compromiso-con-la-sostenibilidad-y-la-inclusion\/#breadcrumb"},"inLanguage":"es","potentialAction":[{"@type":"ReadAction","target":["https:\/\/autofans.com.ar\/index.php\/2025\/03\/10\/iveco-group-refuerza-su-compromiso-con-la-sostenibilidad-y-la-inclusion\/"]}]},{"@type":"ImageObject","inLanguage":"es","@id":"https:\/\/autofans.com.ar\/index.php\/2025\/03\/10\/iveco-group-refuerza-su-compromiso-con-la-sostenibilidad-y-la-inclusion\/#primaryimage","url":"https:\/\/autofans.com.ar\/wp-content\/uploads\/2025\/03\/iveco-1.jpg","contentUrl":"https:\/\/autofans.com.ar\/wp-content\/uploads\/2025\/03\/iveco-1.jpg","width":1000,"height":667,"caption":"Iveco Group"},{"@type":"BreadcrumbList","@id":"https:\/\/autofans.com.ar\/index.php\/2025\/03\/10\/iveco-group-refuerza-su-compromiso-con-la-sostenibilidad-y-la-inclusion\/#breadcrumb","itemListElement":[{"@type":"ListItem","position":1,"name":"Inicio","item":"https:\/\/autofans.com.ar\/"},{"@type":"ListItem","position":2,"name":"Iveco Group refuerza su compromiso con la sostenibilidad y la inclusi\u00f3n"}]},{"@type":"WebSite","@id":"https:\/\/autofans.com.ar\/#website","url":"https:\/\/autofans.com.ar\/","name":"","description":"El multimedio referente de la industria automotriz","potentialAction":[{"@type":"SearchAction","target":{"@type":"EntryPoint","urlTemplate":"https:\/\/autofans.com.ar\/?s={search_term_string}"},"query-input":{"@type":"PropertyValueSpecification","valueRequired":true,"valueName":"search_term_string"}}],"inLanguage":"es"},{"@type":"Person","@id":"https:\/\/autofans.com.ar\/#\/schema\/person\/4a8dda0b6df83ac3d6723e921274c2aa","name":"Alejandro Gabriel Rosito","image":{"@type":"ImageObject","inLanguage":"es","@id":"https:\/\/secure.gravatar.com\/avatar\/16c5dda1489adfc62618084dcbb91cffd879c374b13fe5dd8e44ed6733852c88?s=96&d=mm&r=g","url":"https:\/\/secure.gravatar.com\/avatar\/16c5dda1489adfc62618084dcbb91cffd879c374b13fe5dd8e44ed6733852c88?s=96&d=mm&r=g","contentUrl":"https:\/\/secure.gravatar.com\/avatar\/16c5dda1489adfc62618084dcbb91cffd879c374b13fe5dd8e44ed6733852c88?s=96&d=mm&r=g","caption":"Alejandro Gabriel Rosito"},"url":"https:\/\/autofans.com.ar\/index.php\/author\/gabrielr\/"}]}},"featured_image_urls":{"full":["https:\/\/autofans.com.ar\/wp-content\/uploads\/2025\/03\/iveco-1.jpg",1000,667,false],"thumbnail":["https:\/\/autofans.com.ar\/wp-content\/uploads\/2025\/03\/iveco-1-150x150.jpg",150,150,true],"medium":["https:\/\/autofans.com.ar\/wp-content\/uploads\/2025\/03\/iveco-1-300x200.jpg",300,200,true],"medium_large":["https:\/\/autofans.com.ar\/wp-content\/uploads\/2025\/03\/iveco-1-768x512.jpg",640,427,true],"large":["https:\/\/autofans.com.ar\/wp-content\/uploads\/2025\/03\/iveco-1.jpg",640,427,false],"1536x1536":["https:\/\/autofans.com.ar\/wp-content\/uploads\/2025\/03\/iveco-1.jpg",1000,667,false],"2048x2048":["https:\/\/autofans.com.ar\/wp-content\/uploads\/2025\/03\/iveco-1.jpg",1000,667,false],"covernews-featured":["https:\/\/autofans.com.ar\/wp-content\/uploads\/2025\/03\/iveco-1.jpg",1000,667,false],"covernews-medium":["https:\/\/autofans.com.ar\/wp-content\/uploads\/2025\/03\/iveco-1-540x340.jpg",540,340,true]},"author_info":{"display_name":"Alejandro Gabriel Rosito","author_link":"https:\/\/autofans.com.ar\/index.php\/author\/gabrielr\/"},"category_info":"<a href=\"https:\/\/autofans.com.ar\/index.php\/category\/noticias\/empresas\/\" rel=\"category tag\">EMPRESAS<\/a> <a href=\"https:\/\/autofans.com.ar\/index.php\/category\/noticias\/\" rel=\"category tag\">NOTICIAS<\/a>","tag_info":"NOTICIAS","comment_count":0,"_links":{"self":[{"href":"https:\/\/autofans.com.ar\/index.php\/wp-json\/wp\/v2\/posts\/11417","targetHints":{"allow":["GET"]}}],"collection":[{"href":"https:\/\/autofans.com.ar\/index.php\/wp-json\/wp\/v2\/posts"}],"about":[{"href":"https:\/\/autofans.com.ar\/index.php\/wp-json\/wp\/v2\/types\/post"}],"author":[{"embeddable":true,"href":"https:\/\/autofans.com.ar\/index.php\/wp-json\/wp\/v2\/users\/2"}],"replies":[{"embeddable":true,"href":"https:\/\/autofans.com.ar\/index.php\/wp-json\/wp\/v2\/comments?post=11417"}],"version-history":[{"count":2,"href":"https:\/\/autofans.com.ar\/index.php\/wp-json\/wp\/v2\/posts\/11417\/revisions"}],"predecessor-version":[{"id":11421,"href":"https:\/\/autofans.com.ar\/index.php\/wp-json\/wp\/v2\/posts\/11417\/revisions\/11421"}],"wp:featuredmedia":[{"embeddable":true,"href":"https:\/\/autofans.com.ar\/index.php\/wp-json\/wp\/v2\/media\/11419"}],"wp:attachment":[{"href":"https:\/\/autofans.com.ar\/index.php\/wp-json\/wp\/v2\/media?parent=11417"}],"wp:term":[{"taxonomy":"category","embeddable":true,"href":"https:\/\/autofans.com.ar\/index.php\/wp-json\/wp\/v2\/categories?post=11417"},{"taxonomy":"post_tag","embeddable":true,"href":"https:\/\/autofans.com.ar\/index.php\/wp-json\/wp\/v2\/tags?post=11417"}],"curies":[{"name":"wp","href":"https:\/\/api.w.org\/{rel}","templated":true}]}}