{"id":11432,"date":"2025-03-11T16:22:47","date_gmt":"2025-03-11T19:22:47","guid":{"rendered":"https:\/\/autofans.com.ar\/?p=11432"},"modified":"2025-03-11T16:22:47","modified_gmt":"2025-03-11T19:22:47","slug":"nuevo-volkswagen-tera-tecnologia-y-diseno-en-un-suv-global","status":"publish","type":"post","link":"https:\/\/autofans.com.ar\/index.php\/2025\/03\/11\/nuevo-volkswagen-tera-tecnologia-y-diseno-en-un-suv-global\/","title":{"rendered":"Nuevo Volkswagen Tera, tecnolog\u00eda y dise\u00f1o en un SUV global"},"content":{"rendered":"<p data-pm-slice=\"1 1 []\">Volkswagen present\u00f3 en pleno Carnaval de R\u00edo de Janeiro su nuevo SUV: el Tera. Este modelo, desarrollado y fabricado en Brasil, busca posicionarse como el SUV de entrada de la marca en la regi\u00f3n y consolidar su liderazgo en el segmento. Con un dise\u00f1o moderno y una identidad visual renovada, el Tera se lanzar\u00e1 en el primer semestre del a\u00f1o en Brasil y en el segundo en otros mercados de Am\u00e9rica Latina, incluyendo Argentina.<\/p>\n<p data-pm-slice=\"1 1 []\"><span style=\"color: #ffffff;\">.<\/span><\/p>\n<h2>Un SUV con proyecci\u00f3n global<\/h2>\n<p>&nbsp;<\/p>\n<p><img fetchpriority=\"high\" decoding=\"async\" class=\"aligncenter wp-image-11437 size-full\" src=\"https:\/\/autofans.com.ar\/wp-content\/uploads\/2025\/03\/tera-4.jpg\" alt=\"Volkswagen Tera\" width=\"1000\" height=\"667\" srcset=\"https:\/\/autofans.com.ar\/wp-content\/uploads\/2025\/03\/tera-4.jpg 1000w, https:\/\/autofans.com.ar\/wp-content\/uploads\/2025\/03\/tera-4-300x200.jpg 300w, https:\/\/autofans.com.ar\/wp-content\/uploads\/2025\/03\/tera-4-768x512.jpg 768w\" sizes=\"(max-width: 1000px) 100vw, 1000px\" \/><\/p>\n<p>&nbsp;<\/p>\n<p>El Volkswagen Tera no solo refuerza la presencia de la marca en Sudam\u00e9rica, sino que tambi\u00e9n tendr\u00e1 alcance internacional. El modelo se comercializar\u00e1 en m\u00e1s de 25 pa\u00edses, incluyendo mercados clave como M\u00e9xico, Colombia, Uruguay y Chile, adem\u00e1s de llegar al continente africano.<\/p>\n<p>&nbsp;<\/p>\n<h2>Dise\u00f1o innovador y presencia imponente<\/h2>\n<p>&nbsp;<\/p>\n<div id='gallery-1' class='gallery galleryid-11432 gallery-columns-2 gallery-size-full'><figure class='gallery-item'>\n\t\t\t<div class='gallery-icon landscape'>\n\t\t\t\t<a href='https:\/\/autofans.com.ar\/index.php\/2025\/03\/11\/nuevo-volkswagen-tera-tecnologia-y-diseno-en-un-suv-global\/tera-7\/'><img loading=\"lazy\" width=\"1000\" height=\"667\" src=\"https:\/\/autofans.com.ar\/wp-content\/uploads\/2025\/03\/tera-7.jpg\" class=\"attachment-full size-full\" alt=\"Volkswagen Tera\" srcset=\"https:\/\/autofans.com.ar\/wp-content\/uploads\/2025\/03\/tera-7.jpg 1000w, https:\/\/autofans.com.ar\/wp-content\/uploads\/2025\/03\/tera-7-300x200.jpg 300w, https:\/\/autofans.com.ar\/wp-content\/uploads\/2025\/03\/tera-7-768x512.jpg 768w\" sizes=\"auto, (max-width: 1000px) 100vw, 1000px\" loading=\"lazy\" decoding=\"async\" \/><\/a>\n\t\t\t<\/div><\/figure><figure class='gallery-item'>\n\t\t\t<div class='gallery-icon landscape'>\n\t\t\t\t<a href='https:\/\/autofans.com.ar\/index.php\/2025\/03\/11\/nuevo-volkswagen-tera-tecnologia-y-diseno-en-un-suv-global\/tera-8\/'><img loading=\"lazy\" width=\"1000\" height=\"667\" src=\"https:\/\/autofans.com.ar\/wp-content\/uploads\/2025\/03\/tera-8.jpg\" class=\"attachment-full size-full\" alt=\"Volkswagen Tera\" srcset=\"https:\/\/autofans.com.ar\/wp-content\/uploads\/2025\/03\/tera-8.jpg 1000w, https:\/\/autofans.com.ar\/wp-content\/uploads\/2025\/03\/tera-8-300x200.jpg 300w, https:\/\/autofans.com.ar\/wp-content\/uploads\/2025\/03\/tera-8-768x512.jpg 768w\" sizes=\"auto, (max-width: 1000px) 100vw, 1000px\" loading=\"lazy\" decoding=\"async\" \/><\/a>\n\t\t\t<\/div><\/figure>\n\t\t<\/div>\n\n<p>&nbsp;<\/p>\n<p>El equipo de dise\u00f1o liderado por Jos\u00e9 Carlos Pavone cre\u00f3 un SUV con una est\u00e9tica llamativa y robusta. Sus l\u00edneas fluidas y su escultura trasera generan una sensaci\u00f3n de altura y presencia. La iluminaci\u00f3n FULL LED, con una firma luminosa fraccionada y faros traseros con efecto \u201cclick-clack\u201d, aporta una identidad visual distintiva. Adem\u00e1s, las proporciones equilibradas y la inclinaci\u00f3n deportiva del techo refuerzan su car\u00e1cter din\u00e1mico sin perder la esencia SUV.<\/p>\n<p>&nbsp;<\/p>\n<h2>Tecnolog\u00eda y equipamiento<\/h2>\n<p>&nbsp;<\/p>\n<div id='gallery-2' class='gallery galleryid-11432 gallery-columns-2 gallery-size-full'><figure class='gallery-item'>\n\t\t\t<div class='gallery-icon landscape'>\n\t\t\t\t<a href='https:\/\/autofans.com.ar\/index.php\/2025\/03\/11\/nuevo-volkswagen-tera-tecnologia-y-diseno-en-un-suv-global\/tera-2\/'><img loading=\"lazy\" width=\"1000\" height=\"667\" src=\"https:\/\/autofans.com.ar\/wp-content\/uploads\/2025\/03\/tera-2.jpg\" class=\"attachment-full size-full\" alt=\"Volkswagen Tera\" srcset=\"https:\/\/autofans.com.ar\/wp-content\/uploads\/2025\/03\/tera-2.jpg 1000w, https:\/\/autofans.com.ar\/wp-content\/uploads\/2025\/03\/tera-2-300x200.jpg 300w, https:\/\/autofans.com.ar\/wp-content\/uploads\/2025\/03\/tera-2-768x512.jpg 768w\" sizes=\"auto, (max-width: 1000px) 100vw, 1000px\" loading=\"lazy\" decoding=\"async\" \/><\/a>\n\t\t\t<\/div><\/figure><figure class='gallery-item'>\n\t\t\t<div class='gallery-icon landscape'>\n\t\t\t\t<a href='https:\/\/autofans.com.ar\/index.php\/2025\/03\/11\/nuevo-volkswagen-tera-tecnologia-y-diseno-en-un-suv-global\/tera-3\/'><img loading=\"lazy\" width=\"1000\" height=\"667\" src=\"https:\/\/autofans.com.ar\/wp-content\/uploads\/2025\/03\/tera-3.jpg\" class=\"attachment-full size-full\" alt=\"Volkswagen Tera\" srcset=\"https:\/\/autofans.com.ar\/wp-content\/uploads\/2025\/03\/tera-3.jpg 1000w, https:\/\/autofans.com.ar\/wp-content\/uploads\/2025\/03\/tera-3-300x200.jpg 300w, https:\/\/autofans.com.ar\/wp-content\/uploads\/2025\/03\/tera-3-768x512.jpg 768w\" sizes=\"auto, (max-width: 1000px) 100vw, 1000px\" loading=\"lazy\" decoding=\"async\" \/><\/a>\n\t\t\t<\/div><\/figure>\n\t\t<\/div>\n\n<p>&nbsp;<\/p>\n<p>El Volkswagen Tera ofrecer\u00e1 diferentes niveles de equipamiento, adapt\u00e1ndose a las necesidades de cada usuario. En su presentaci\u00f3n, el modelo desfil\u00f3 en tres colores: \u00abHypernova Red\u00bb, \u00abLunar Silver\u00bb y \u00abArctic Blue\u00bb. Entre sus caracter\u00edsticas destacadas se incluyen llantas de aleaci\u00f3n diamantadas, panel de instrumentos digital de 10 pulgadas, sistema multimedia \u00abVW Play Connect\u00bb con conectividad para Brasil y Argentina, carga inal\u00e1mbrica de celulares, iluminaci\u00f3n ambiental y un paquete ADAS de asistencia a la conducci\u00f3n.<\/p>\n<p>&nbsp;<\/p>\n<h2>Detalles ocultos para los fan\u00e1ticos<\/h2>\n<p>&nbsp;<\/p>\n<p>Como novedad, el Tera incorpora \u201cEaster Eggs\u201d, peque\u00f1os detalles escondidos en la carrocer\u00eda que rinden homenaje a \u00edconos de Volkswagen como el Beetle y el Gol. Adem\u00e1s, inscripciones como \u201cModo viaje activado\u201d en el ba\u00fal refuerzan su identidad juvenil y aventurera.<\/p>\n<p>&nbsp;<\/p>\n<p><center><iframe title=\"Nuevo SUVW Tera || Volkswagen Argentina\" width=\"640\" height=\"360\" src=\"https:\/\/www.youtube.com\/embed\/kE5QGbe4n2I?feature=oembed\" frameborder=\"0\" allow=\"accelerometer; autoplay; clipboard-write; encrypted-media; gyroscope; picture-in-picture; web-share\" referrerpolicy=\"strict-origin-when-cross-origin\" allowfullscreen><\/iframe><\/p>\n<p>&nbsp;<\/p>\n<p><\/center>&nbsp;<\/p>\n<p>Con el Tera, Volkswagen reafirma su compromiso con la innovaci\u00f3n y la conectividad, lanzando un modelo que promete marcar tendencia en el segmento de los SUV compactos.<\/p>\n<p>&nbsp;<\/p>\n<p>&nbsp;<\/p>\n<div><\/div>\n<div>\n<p><i>Para enterarte de m\u00e1s novedades, no dejes de leer\u00a0<\/i><a href=\"https:\/\/autofans.thebrandsoup.com\/\"><i>nuestras notas<\/i><\/a><i>, de ver<\/i><b><i>\u00a0<\/i><\/b><a href=\"https:\/\/www.youtube.com\/channel\/UCgAC8UGHZYbT6P7PpmVnP7g\"><b><i>AUTOFANS TV<\/i><\/b><\/a><b><i>\u00a0<\/i><\/b><i>en nuestro\u00a0canal de Youtube. Adem\u00e1s seguinos en\u00a0<\/i><a href=\"https:\/\/www.instagram.com\/autofanstv\/\"><i>INSTAGRAM<\/i><\/a><i> y <\/i><a href=\"https:\/\/www.facebook.com\/autofansmas\/\"><i>FACEBOOK<\/i><\/a><i> para no perderte nada sobre las novedades del segmento automotor de Argentina y el mundo.<\/i><\/p>\n<\/div>\n","protected":false},"excerpt":{"rendered":"<p>Volkswagen present\u00f3 en pleno Carnaval de R\u00edo de Janeiro su nuevo SUV: el Tera. Este&#8230;<\/p>\n","protected":false},"author":2,"featured_media":11440,"comment_status":"closed","ping_status":"closed","sticky":false,"template":"","format":"standard","meta":{"footnotes":""},"categories":[8,1],"tags":[4813,6237,3380,6234,75,5243,6239,6238,6236,6235],"class_list":["post-11432","post","type-post","status-publish","format-standard","has-post-thumbnail","hentry","category-autos-y-suv","category-lanzamientos","tag-nuevo-suv-volkswagen","tag-suv-brasil","tag-suv-compacto","tag-suv-de-entrada","tag-volkswagen-argentina","tag-volkswagen-tera","tag-volkswagen-tera-caracteristicas","tag-volkswagen-tera-equipamiento","tag-volkswagen-tera-lanzamiento","tag-volkswagen-tera-precio"],"yoast_head":"<!-- This site is optimized with the Yoast SEO plugin v27.5 - https:\/\/yoast.com\/product\/yoast-seo-wordpress\/ -->\n<title>Nuevo Volkswagen Tera, tecnolog\u00eda y dise\u00f1o en un SUV global -<\/title>\n<meta name=\"description\" content=\"Volkswagen present\u00f3 en pleno Carnaval de R\u00edo de Janeiro su nuevo SUV: el Tera. Este modelo, desarrollado y fabricado en Brasil...\" \/>\n<meta name=\"robots\" content=\"index, follow, max-snippet:-1, max-image-preview:large, max-video-preview:-1\" \/>\n<link rel=\"canonical\" href=\"https:\/\/autofans.com.ar\/index.php\/2025\/03\/11\/nuevo-volkswagen-tera-tecnologia-y-diseno-en-un-suv-global\/\" \/>\n<meta property=\"og:locale\" content=\"es_ES\" \/>\n<meta property=\"og:type\" content=\"article\" \/>\n<meta property=\"og:title\" content=\"Nuevo Volkswagen Tera, tecnolog\u00eda y dise\u00f1o en un SUV global -\" \/>\n<meta property=\"og:description\" content=\"Volkswagen present\u00f3 en pleno Carnaval de R\u00edo de Janeiro su nuevo SUV: el Tera. Este modelo, desarrollado y fabricado en Brasil...\" \/>\n<meta property=\"og:url\" content=\"https:\/\/autofans.com.ar\/index.php\/2025\/03\/11\/nuevo-volkswagen-tera-tecnologia-y-diseno-en-un-suv-global\/\" \/>\n<meta property=\"article:published_time\" content=\"2025-03-11T19:22:47+00:00\" \/>\n<meta property=\"og:image\" content=\"https:\/\/autofans.com.ar\/wp-content\/uploads\/2025\/03\/tera-1.jpg\" \/>\n\t<meta property=\"og:image:width\" content=\"1000\" \/>\n\t<meta property=\"og:image:height\" content=\"667\" \/>\n\t<meta property=\"og:image:type\" content=\"image\/jpeg\" \/>\n<meta name=\"author\" content=\"Alejandro Gabriel Rosito\" \/>\n<meta name=\"twitter:card\" content=\"summary_large_image\" \/>\n<meta name=\"twitter:label1\" content=\"Escrito por\" \/>\n\t<meta name=\"twitter:data1\" content=\"Alejandro Gabriel Rosito\" \/>\n\t<meta name=\"twitter:label2\" content=\"Tiempo de lectura\" \/>\n\t<meta name=\"twitter:data2\" content=\"3 minutos\" \/>\n<script type=\"application\/ld+json\" class=\"yoast-schema-graph\">{\"@context\":\"https:\\\/\\\/schema.org\",\"@graph\":[{\"@type\":\"Article\",\"@id\":\"https:\\\/\\\/autofans.com.ar\\\/index.php\\\/2025\\\/03\\\/11\\\/nuevo-volkswagen-tera-tecnologia-y-diseno-en-un-suv-global\\\/#article\",\"isPartOf\":{\"@id\":\"https:\\\/\\\/autofans.com.ar\\\/index.php\\\/2025\\\/03\\\/11\\\/nuevo-volkswagen-tera-tecnologia-y-diseno-en-un-suv-global\\\/\"},\"author\":{\"name\":\"Alejandro Gabriel Rosito\",\"@id\":\"https:\\\/\\\/autofans.com.ar\\\/#\\\/schema\\\/person\\\/4a8dda0b6df83ac3d6723e921274c2aa\"},\"headline\":\"Nuevo Volkswagen Tera, tecnolog\u00eda y dise\u00f1o en un SUV global\",\"datePublished\":\"2025-03-11T19:22:47+00:00\",\"mainEntityOfPage\":{\"@id\":\"https:\\\/\\\/autofans.com.ar\\\/index.php\\\/2025\\\/03\\\/11\\\/nuevo-volkswagen-tera-tecnologia-y-diseno-en-un-suv-global\\\/\"},\"wordCount\":474,\"image\":{\"@id\":\"https:\\\/\\\/autofans.com.ar\\\/index.php\\\/2025\\\/03\\\/11\\\/nuevo-volkswagen-tera-tecnologia-y-diseno-en-un-suv-global\\\/#primaryimage\"},\"thumbnailUrl\":\"https:\\\/\\\/autofans.com.ar\\\/wp-content\\\/uploads\\\/2025\\\/03\\\/tera-1.jpg\",\"keywords\":[\"nuevo SUV Volkswagen\",\"SUV Brasil\",\"SUV compacto\",\"SUV de entrada\",\"Volkswagen Argentina\",\"Volkswagen TERA\",\"Volkswagen Tera caracter\u00edsticas\",\"Volkswagen Tera equipamiento\",\"Volkswagen Tera lanzamiento\",\"Volkswagen Tera precio\"],\"articleSection\":[\"Autos y SUV\",\"LANZAMIENTOS\"],\"inLanguage\":\"es\"},{\"@type\":\"WebPage\",\"@id\":\"https:\\\/\\\/autofans.com.ar\\\/index.php\\\/2025\\\/03\\\/11\\\/nuevo-volkswagen-tera-tecnologia-y-diseno-en-un-suv-global\\\/\",\"url\":\"https:\\\/\\\/autofans.com.ar\\\/index.php\\\/2025\\\/03\\\/11\\\/nuevo-volkswagen-tera-tecnologia-y-diseno-en-un-suv-global\\\/\",\"name\":\"Nuevo Volkswagen Tera, tecnolog\u00eda y dise\u00f1o en un SUV global -\",\"isPartOf\":{\"@id\":\"https:\\\/\\\/autofans.com.ar\\\/#website\"},\"primaryImageOfPage\":{\"@id\":\"https:\\\/\\\/autofans.com.ar\\\/index.php\\\/2025\\\/03\\\/11\\\/nuevo-volkswagen-tera-tecnologia-y-diseno-en-un-suv-global\\\/#primaryimage\"},\"image\":{\"@id\":\"https:\\\/\\\/autofans.com.ar\\\/index.php\\\/2025\\\/03\\\/11\\\/nuevo-volkswagen-tera-tecnologia-y-diseno-en-un-suv-global\\\/#primaryimage\"},\"thumbnailUrl\":\"https:\\\/\\\/autofans.com.ar\\\/wp-content\\\/uploads\\\/2025\\\/03\\\/tera-1.jpg\",\"datePublished\":\"2025-03-11T19:22:47+00:00\",\"author\":{\"@id\":\"https:\\\/\\\/autofans.com.ar\\\/#\\\/schema\\\/person\\\/4a8dda0b6df83ac3d6723e921274c2aa\"},\"description\":\"Volkswagen present\u00f3 en pleno Carnaval de R\u00edo de Janeiro su nuevo SUV: el Tera. Este modelo, desarrollado y fabricado en Brasil...\",\"breadcrumb\":{\"@id\":\"https:\\\/\\\/autofans.com.ar\\\/index.php\\\/2025\\\/03\\\/11\\\/nuevo-volkswagen-tera-tecnologia-y-diseno-en-un-suv-global\\\/#breadcrumb\"},\"inLanguage\":\"es\",\"potentialAction\":[{\"@type\":\"ReadAction\",\"target\":[\"https:\\\/\\\/autofans.com.ar\\\/index.php\\\/2025\\\/03\\\/11\\\/nuevo-volkswagen-tera-tecnologia-y-diseno-en-un-suv-global\\\/\"]}]},{\"@type\":\"ImageObject\",\"inLanguage\":\"es\",\"@id\":\"https:\\\/\\\/autofans.com.ar\\\/index.php\\\/2025\\\/03\\\/11\\\/nuevo-volkswagen-tera-tecnologia-y-diseno-en-un-suv-global\\\/#primaryimage\",\"url\":\"https:\\\/\\\/autofans.com.ar\\\/wp-content\\\/uploads\\\/2025\\\/03\\\/tera-1.jpg\",\"contentUrl\":\"https:\\\/\\\/autofans.com.ar\\\/wp-content\\\/uploads\\\/2025\\\/03\\\/tera-1.jpg\",\"width\":1000,\"height\":667,\"caption\":\"Volkswagen Tera\"},{\"@type\":\"BreadcrumbList\",\"@id\":\"https:\\\/\\\/autofans.com.ar\\\/index.php\\\/2025\\\/03\\\/11\\\/nuevo-volkswagen-tera-tecnologia-y-diseno-en-un-suv-global\\\/#breadcrumb\",\"itemListElement\":[{\"@type\":\"ListItem\",\"position\":1,\"name\":\"Inicio\",\"item\":\"https:\\\/\\\/autofans.com.ar\\\/\"},{\"@type\":\"ListItem\",\"position\":2,\"name\":\"Nuevo Volkswagen Tera, tecnolog\u00eda y dise\u00f1o en un SUV global\"}]},{\"@type\":\"WebSite\",\"@id\":\"https:\\\/\\\/autofans.com.ar\\\/#website\",\"url\":\"https:\\\/\\\/autofans.com.ar\\\/\",\"name\":\"\",\"description\":\"El multimedio referente de la industria automotriz\",\"potentialAction\":[{\"@type\":\"SearchAction\",\"target\":{\"@type\":\"EntryPoint\",\"urlTemplate\":\"https:\\\/\\\/autofans.com.ar\\\/?s={search_term_string}\"},\"query-input\":{\"@type\":\"PropertyValueSpecification\",\"valueRequired\":true,\"valueName\":\"search_term_string\"}}],\"inLanguage\":\"es\"},{\"@type\":\"Person\",\"@id\":\"https:\\\/\\\/autofans.com.ar\\\/#\\\/schema\\\/person\\\/4a8dda0b6df83ac3d6723e921274c2aa\",\"name\":\"Alejandro Gabriel Rosito\",\"image\":{\"@type\":\"ImageObject\",\"inLanguage\":\"es\",\"@id\":\"https:\\\/\\\/secure.gravatar.com\\\/avatar\\\/16c5dda1489adfc62618084dcbb91cffd879c374b13fe5dd8e44ed6733852c88?s=96&d=mm&r=g\",\"url\":\"https:\\\/\\\/secure.gravatar.com\\\/avatar\\\/16c5dda1489adfc62618084dcbb91cffd879c374b13fe5dd8e44ed6733852c88?s=96&d=mm&r=g\",\"contentUrl\":\"https:\\\/\\\/secure.gravatar.com\\\/avatar\\\/16c5dda1489adfc62618084dcbb91cffd879c374b13fe5dd8e44ed6733852c88?s=96&d=mm&r=g\",\"caption\":\"Alejandro Gabriel Rosito\"},\"url\":\"https:\\\/\\\/autofans.com.ar\\\/index.php\\\/author\\\/gabrielr\\\/\"}]}<\/script>\n<!-- \/ Yoast SEO plugin. -->","yoast_head_json":{"title":"Nuevo Volkswagen Tera, tecnolog\u00eda y dise\u00f1o en un SUV global -","description":"Volkswagen present\u00f3 en pleno Carnaval de R\u00edo de Janeiro su nuevo SUV: el Tera. Este modelo, desarrollado y fabricado en Brasil...","robots":{"index":"index","follow":"follow","max-snippet":"max-snippet:-1","max-image-preview":"max-image-preview:large","max-video-preview":"max-video-preview:-1"},"canonical":"https:\/\/autofans.com.ar\/index.php\/2025\/03\/11\/nuevo-volkswagen-tera-tecnologia-y-diseno-en-un-suv-global\/","og_locale":"es_ES","og_type":"article","og_title":"Nuevo Volkswagen Tera, tecnolog\u00eda y dise\u00f1o en un SUV global -","og_description":"Volkswagen present\u00f3 en pleno Carnaval de R\u00edo de Janeiro su nuevo SUV: el Tera. Este modelo, desarrollado y fabricado en Brasil...","og_url":"https:\/\/autofans.com.ar\/index.php\/2025\/03\/11\/nuevo-volkswagen-tera-tecnologia-y-diseno-en-un-suv-global\/","article_published_time":"2025-03-11T19:22:47+00:00","og_image":[{"width":1000,"height":667,"url":"https:\/\/autofans.com.ar\/wp-content\/uploads\/2025\/03\/tera-1.jpg","type":"image\/jpeg"}],"author":"Alejandro Gabriel Rosito","twitter_card":"summary_large_image","twitter_misc":{"Escrito por":"Alejandro Gabriel Rosito","Tiempo de lectura":"3 minutos"},"schema":{"@context":"https:\/\/schema.org","@graph":[{"@type":"Article","@id":"https:\/\/autofans.com.ar\/index.php\/2025\/03\/11\/nuevo-volkswagen-tera-tecnologia-y-diseno-en-un-suv-global\/#article","isPartOf":{"@id":"https:\/\/autofans.com.ar\/index.php\/2025\/03\/11\/nuevo-volkswagen-tera-tecnologia-y-diseno-en-un-suv-global\/"},"author":{"name":"Alejandro Gabriel Rosito","@id":"https:\/\/autofans.com.ar\/#\/schema\/person\/4a8dda0b6df83ac3d6723e921274c2aa"},"headline":"Nuevo Volkswagen Tera, tecnolog\u00eda y dise\u00f1o en un SUV global","datePublished":"2025-03-11T19:22:47+00:00","mainEntityOfPage":{"@id":"https:\/\/autofans.com.ar\/index.php\/2025\/03\/11\/nuevo-volkswagen-tera-tecnologia-y-diseno-en-un-suv-global\/"},"wordCount":474,"image":{"@id":"https:\/\/autofans.com.ar\/index.php\/2025\/03\/11\/nuevo-volkswagen-tera-tecnologia-y-diseno-en-un-suv-global\/#primaryimage"},"thumbnailUrl":"https:\/\/autofans.com.ar\/wp-content\/uploads\/2025\/03\/tera-1.jpg","keywords":["nuevo SUV Volkswagen","SUV Brasil","SUV compacto","SUV de entrada","Volkswagen Argentina","Volkswagen TERA","Volkswagen Tera caracter\u00edsticas","Volkswagen Tera equipamiento","Volkswagen Tera lanzamiento","Volkswagen Tera precio"],"articleSection":["Autos y SUV","LANZAMIENTOS"],"inLanguage":"es"},{"@type":"WebPage","@id":"https:\/\/autofans.com.ar\/index.php\/2025\/03\/11\/nuevo-volkswagen-tera-tecnologia-y-diseno-en-un-suv-global\/","url":"https:\/\/autofans.com.ar\/index.php\/2025\/03\/11\/nuevo-volkswagen-tera-tecnologia-y-diseno-en-un-suv-global\/","name":"Nuevo Volkswagen Tera, tecnolog\u00eda y dise\u00f1o en un SUV global -","isPartOf":{"@id":"https:\/\/autofans.com.ar\/#website"},"primaryImageOfPage":{"@id":"https:\/\/autofans.com.ar\/index.php\/2025\/03\/11\/nuevo-volkswagen-tera-tecnologia-y-diseno-en-un-suv-global\/#primaryimage"},"image":{"@id":"https:\/\/autofans.com.ar\/index.php\/2025\/03\/11\/nuevo-volkswagen-tera-tecnologia-y-diseno-en-un-suv-global\/#primaryimage"},"thumbnailUrl":"https:\/\/autofans.com.ar\/wp-content\/uploads\/2025\/03\/tera-1.jpg","datePublished":"2025-03-11T19:22:47+00:00","author":{"@id":"https:\/\/autofans.com.ar\/#\/schema\/person\/4a8dda0b6df83ac3d6723e921274c2aa"},"description":"Volkswagen present\u00f3 en pleno Carnaval de R\u00edo de Janeiro su nuevo SUV: el Tera. Este modelo, desarrollado y fabricado en Brasil...","breadcrumb":{"@id":"https:\/\/autofans.com.ar\/index.php\/2025\/03\/11\/nuevo-volkswagen-tera-tecnologia-y-diseno-en-un-suv-global\/#breadcrumb"},"inLanguage":"es","potentialAction":[{"@type":"ReadAction","target":["https:\/\/autofans.com.ar\/index.php\/2025\/03\/11\/nuevo-volkswagen-tera-tecnologia-y-diseno-en-un-suv-global\/"]}]},{"@type":"ImageObject","inLanguage":"es","@id":"https:\/\/autofans.com.ar\/index.php\/2025\/03\/11\/nuevo-volkswagen-tera-tecnologia-y-diseno-en-un-suv-global\/#primaryimage","url":"https:\/\/autofans.com.ar\/wp-content\/uploads\/2025\/03\/tera-1.jpg","contentUrl":"https:\/\/autofans.com.ar\/wp-content\/uploads\/2025\/03\/tera-1.jpg","width":1000,"height":667,"caption":"Volkswagen Tera"},{"@type":"BreadcrumbList","@id":"https:\/\/autofans.com.ar\/index.php\/2025\/03\/11\/nuevo-volkswagen-tera-tecnologia-y-diseno-en-un-suv-global\/#breadcrumb","itemListElement":[{"@type":"ListItem","position":1,"name":"Inicio","item":"https:\/\/autofans.com.ar\/"},{"@type":"ListItem","position":2,"name":"Nuevo Volkswagen Tera, tecnolog\u00eda y dise\u00f1o en un SUV global"}]},{"@type":"WebSite","@id":"https:\/\/autofans.com.ar\/#website","url":"https:\/\/autofans.com.ar\/","name":"","description":"El multimedio referente de la industria automotriz","potentialAction":[{"@type":"SearchAction","target":{"@type":"EntryPoint","urlTemplate":"https:\/\/autofans.com.ar\/?s={search_term_string}"},"query-input":{"@type":"PropertyValueSpecification","valueRequired":true,"valueName":"search_term_string"}}],"inLanguage":"es"},{"@type":"Person","@id":"https:\/\/autofans.com.ar\/#\/schema\/person\/4a8dda0b6df83ac3d6723e921274c2aa","name":"Alejandro Gabriel Rosito","image":{"@type":"ImageObject","inLanguage":"es","@id":"https:\/\/secure.gravatar.com\/avatar\/16c5dda1489adfc62618084dcbb91cffd879c374b13fe5dd8e44ed6733852c88?s=96&d=mm&r=g","url":"https:\/\/secure.gravatar.com\/avatar\/16c5dda1489adfc62618084dcbb91cffd879c374b13fe5dd8e44ed6733852c88?s=96&d=mm&r=g","contentUrl":"https:\/\/secure.gravatar.com\/avatar\/16c5dda1489adfc62618084dcbb91cffd879c374b13fe5dd8e44ed6733852c88?s=96&d=mm&r=g","caption":"Alejandro Gabriel Rosito"},"url":"https:\/\/autofans.com.ar\/index.php\/author\/gabrielr\/"}]}},"featured_image_urls":{"full":["https:\/\/autofans.com.ar\/wp-content\/uploads\/2025\/03\/tera-1.jpg",1000,667,false],"thumbnail":["https:\/\/autofans.com.ar\/wp-content\/uploads\/2025\/03\/tera-1-150x150.jpg",150,150,true],"medium":["https:\/\/autofans.com.ar\/wp-content\/uploads\/2025\/03\/tera-1-300x200.jpg",300,200,true],"medium_large":["https:\/\/autofans.com.ar\/wp-content\/uploads\/2025\/03\/tera-1-768x512.jpg",640,427,true],"large":["https:\/\/autofans.com.ar\/wp-content\/uploads\/2025\/03\/tera-1.jpg",640,427,false],"1536x1536":["https:\/\/autofans.com.ar\/wp-content\/uploads\/2025\/03\/tera-1.jpg",1000,667,false],"2048x2048":["https:\/\/autofans.com.ar\/wp-content\/uploads\/2025\/03\/tera-1.jpg",1000,667,false],"covernews-featured":["https:\/\/autofans.com.ar\/wp-content\/uploads\/2025\/03\/tera-1.jpg",1000,667,false],"covernews-medium":["https:\/\/autofans.com.ar\/wp-content\/uploads\/2025\/03\/tera-1-540x340.jpg",540,340,true]},"author_info":{"display_name":"Alejandro Gabriel Rosito","author_link":"https:\/\/autofans.com.ar\/index.php\/author\/gabrielr\/"},"category_info":"<a href=\"https:\/\/autofans.com.ar\/index.php\/category\/lanzamientos\/autos-y-suv\/\" rel=\"category tag\">Autos y SUV<\/a> <a href=\"https:\/\/autofans.com.ar\/index.php\/category\/lanzamientos\/\" rel=\"category tag\">LANZAMIENTOS<\/a>","tag_info":"LANZAMIENTOS","comment_count":0,"_links":{"self":[{"href":"https:\/\/autofans.com.ar\/index.php\/wp-json\/wp\/v2\/posts\/11432","targetHints":{"allow":["GET"]}}],"collection":[{"href":"https:\/\/autofans.com.ar\/index.php\/wp-json\/wp\/v2\/posts"}],"about":[{"href":"https:\/\/autofans.com.ar\/index.php\/wp-json\/wp\/v2\/types\/post"}],"author":[{"embeddable":true,"href":"https:\/\/autofans.com.ar\/index.php\/wp-json\/wp\/v2\/users\/2"}],"replies":[{"embeddable":true,"href":"https:\/\/autofans.com.ar\/index.php\/wp-json\/wp\/v2\/comments?post=11432"}],"version-history":[{"count":4,"href":"https:\/\/autofans.com.ar\/index.php\/wp-json\/wp\/v2\/posts\/11432\/revisions"}],"predecessor-version":[{"id":11444,"href":"https:\/\/autofans.com.ar\/index.php\/wp-json\/wp\/v2\/posts\/11432\/revisions\/11444"}],"wp:featuredmedia":[{"embeddable":true,"href":"https:\/\/autofans.com.ar\/index.php\/wp-json\/wp\/v2\/media\/11440"}],"wp:attachment":[{"href":"https:\/\/autofans.com.ar\/index.php\/wp-json\/wp\/v2\/media?parent=11432"}],"wp:term":[{"taxonomy":"category","embeddable":true,"href":"https:\/\/autofans.com.ar\/index.php\/wp-json\/wp\/v2\/categories?post=11432"},{"taxonomy":"post_tag","embeddable":true,"href":"https:\/\/autofans.com.ar\/index.php\/wp-json\/wp\/v2\/tags?post=11432"}],"curies":[{"name":"wp","href":"https:\/\/api.w.org\/{rel}","templated":true}]}}