{"id":11447,"date":"2025-03-11T16:47:50","date_gmt":"2025-03-11T19:47:50","guid":{"rendered":"https:\/\/autofans.com.ar\/?p=11447"},"modified":"2025-03-11T16:47:50","modified_gmt":"2025-03-11T19:47:50","slug":"autofans-tv-temp-18-programa-24-08-03-2025","status":"publish","type":"post","link":"https:\/\/autofans.com.ar\/index.php\/2025\/03\/11\/autofans-tv-temp-18-programa-24-08-03-2025\/","title":{"rendered":"Autofans TV &#8211; Temp. 18 Programa 24 &#8211; 08\/03\/2025"},"content":{"rendered":"<p>En esta edici\u00f3n de Autofans TV estuvimos desde Audi Lounge en la presentaci\u00f3n del Audi RS Q8 y el Audi RS3, hablamos con Conrado Wittstatt, Gerente general de Audi Argentina que nos cont\u00f3 sobre estos lanzamientos, hablamos tambi\u00e9n con Manuel Gonzalo Quesnel, Gerente de Marketing &#8211; Audi Argentina, nos cont\u00f3 m\u00e1s sobre estos nuevos modelos, por \u00faltimo hablamos con Juan Mauel Mehrens, Jefe de producto Audi Argentina que nos cont\u00f3 sobre estos nuevos modelos de Audi. Te mostramos la segunda parte del lanzamiento del nuevo Nivus de Volkswagen, hablamos con Mart\u00edn Massimino, Directos de ventas grupo VW que nos cont\u00f3 todo lo que se viene para este a\u00f1o, Francesco Pecchia, Gerente de producto y playing VW que nos cont\u00f3 todas las caracter\u00edsticas del nuevo Nivus.<\/p>\n<p>&nbsp;<\/p>\n<p>Vas a encontrar esto y muchas notas m\u00e1s.<\/p>\n<h4>Bienvenidos a esta nueva temprada de Autofans TV<\/h4>\n<p>&nbsp;<\/p>\n<p>&nbsp;<\/p>\n<p>&nbsp;<\/p>\n<p>&nbsp;<\/p>\n<p><center><iframe title=\"Autofans TV - Temp. 18 Programa 24 #audi #volkswagennivus #autos2025\" width=\"640\" height=\"360\" src=\"https:\/\/www.youtube.com\/embed\/FDUyKc6HEAI?feature=oembed\" frameborder=\"0\" allow=\"accelerometer; autoplay; clipboard-write; encrypted-media; gyroscope; picture-in-picture; web-share\" referrerpolicy=\"strict-origin-when-cross-origin\" allowfullscreen><\/iframe><\/p>\n<p>&nbsp;<\/p>\n<p><\/center>&nbsp;<\/p>\n<p>&nbsp;<\/p>\n<p>&nbsp;<\/p>\n<p>Para volver a ver esta emisi\u00f3n, nuestros pr\u00f3ximos lives, streamings y mucho m\u00e1s contenido, suscribite a nuestro canal de YouTube y toc\u00e1 la campanita para recibir notificaciones de nuestras nuevas publicaciones.<\/p>\n<p>&nbsp;<\/p>\n<p><i>Para enterarte de m\u00e1s novedades, no dejes de leer\u00a0<\/i><a href=\"https:\/\/autofans.thebrandsoup.com\/\"><i>nuestras notas<\/i><\/a><i>, de ver<\/i><b><i>\u00a0<\/i><\/b><a href=\"https:\/\/www.youtube.com\/channel\/UCgAC8UGHZYbT6P7PpmVnP7g\"><b><i>AUTOFANS TV<\/i><\/b><\/a><b><i>\u00a0<\/i><\/b><i>en nuestro\u00a0canal de Youtube. Adem\u00e1s seguinos en\u00a0<\/i><a href=\"https:\/\/www.instagram.com\/autofanstv\/\"><i>INSTAGRAM<\/i><\/a><i> y <\/i><a href=\"https:\/\/www.facebook.com\/autofansmas\/\"><i>FACEBOOK<\/i><\/a><i> para no perderte nada sobre las novedades del segmento automotor de Argentina y el mundo.<\/i><\/p>\n","protected":false},"excerpt":{"rendered":"<p>En esta edici\u00f3n de Autofans TV estuvimos desde Audi Lounge en la presentaci\u00f3n del Audi&#8230;<\/p>\n","protected":false},"author":2,"featured_media":11450,"comment_status":"closed","ping_status":"closed","sticky":false,"template":"","format":"standard","meta":{"footnotes":""},"categories":[13,5780],"tags":[911,6241,741,6242,6243,6244,382],"class_list":["post-11447","post","type-post","status-publish","format-standard","has-post-thumbnail","hentry","category-autofans-tv","category-programas-2025","tag-audi","tag-audi-rs-q8-y-el-audi-rs3","tag-autofanstv","tag-conrado-wittstatt","tag-manuel-gonzalo-quesne","tag-nivus-de-volkswagen","tag-volkswagen"],"yoast_head":"<!-- This site is optimized with the Yoast SEO plugin v27.5 - https:\/\/yoast.com\/product\/yoast-seo-wordpress\/ -->\n<title>Autofans TV - Temp. 18 Programa 24 - 08\/03\/2025 -<\/title>\n<meta name=\"description\" content=\"En esta edici\u00f3n de Autofans TV estuvimos desde Audi Lounge en la presentaci\u00f3n del Audi RS Q8 y el Audi RS3, hablamos con Conrado Wittstatt...\" \/>\n<meta name=\"robots\" content=\"index, follow, max-snippet:-1, max-image-preview:large, max-video-preview:-1\" \/>\n<link rel=\"canonical\" href=\"https:\/\/autofans.com.ar\/index.php\/2025\/03\/11\/autofans-tv-temp-18-programa-24-08-03-2025\/\" \/>\n<meta property=\"og:locale\" content=\"es_ES\" \/>\n<meta property=\"og:type\" content=\"article\" \/>\n<meta property=\"og:title\" content=\"Autofans TV - Temp. 18 Programa 24 - 08\/03\/2025 -\" \/>\n<meta property=\"og:description\" content=\"En esta edici\u00f3n de Autofans TV estuvimos desde Audi Lounge en la presentaci\u00f3n del Audi RS Q8 y el Audi RS3, hablamos con Conrado Wittstatt...\" \/>\n<meta property=\"og:url\" content=\"https:\/\/autofans.com.ar\/index.php\/2025\/03\/11\/autofans-tv-temp-18-programa-24-08-03-2025\/\" \/>\n<meta property=\"article:published_time\" content=\"2025-03-11T19:47:50+00:00\" \/>\n<meta property=\"og:image\" content=\"https:\/\/autofans.com.ar\/wp-content\/uploads\/2025\/03\/temp-18-03-03.jpg\" \/>\n\t<meta property=\"og:image:width\" content=\"1831\" \/>\n\t<meta property=\"og:image:height\" content=\"957\" \/>\n\t<meta property=\"og:image:type\" content=\"image\/jpeg\" \/>\n<meta name=\"author\" content=\"Alejandro Gabriel Rosito\" \/>\n<meta name=\"twitter:card\" content=\"summary_large_image\" \/>\n<meta name=\"twitter:label1\" content=\"Escrito por\" \/>\n\t<meta name=\"twitter:data1\" content=\"Alejandro Gabriel Rosito\" \/>\n\t<meta name=\"twitter:label2\" content=\"Tiempo de lectura\" \/>\n\t<meta name=\"twitter:data2\" content=\"2 minutos\" \/>\n<script type=\"application\/ld+json\" class=\"yoast-schema-graph\">{\"@context\":\"https:\\\/\\\/schema.org\",\"@graph\":[{\"@type\":\"Article\",\"@id\":\"https:\\\/\\\/autofans.com.ar\\\/index.php\\\/2025\\\/03\\\/11\\\/autofans-tv-temp-18-programa-24-08-03-2025\\\/#article\",\"isPartOf\":{\"@id\":\"https:\\\/\\\/autofans.com.ar\\\/index.php\\\/2025\\\/03\\\/11\\\/autofans-tv-temp-18-programa-24-08-03-2025\\\/\"},\"author\":{\"name\":\"Alejandro Gabriel Rosito\",\"@id\":\"https:\\\/\\\/autofans.com.ar\\\/#\\\/schema\\\/person\\\/4a8dda0b6df83ac3d6723e921274c2aa\"},\"headline\":\"Autofans TV &#8211; Temp. 18 Programa 24 &#8211; 08\\\/03\\\/2025\",\"datePublished\":\"2025-03-11T19:47:50+00:00\",\"mainEntityOfPage\":{\"@id\":\"https:\\\/\\\/autofans.com.ar\\\/index.php\\\/2025\\\/03\\\/11\\\/autofans-tv-temp-18-programa-24-08-03-2025\\\/\"},\"wordCount\":252,\"image\":{\"@id\":\"https:\\\/\\\/autofans.com.ar\\\/index.php\\\/2025\\\/03\\\/11\\\/autofans-tv-temp-18-programa-24-08-03-2025\\\/#primaryimage\"},\"thumbnailUrl\":\"https:\\\/\\\/autofans.com.ar\\\/wp-content\\\/uploads\\\/2025\\\/03\\\/temp-18-03-03.jpg\",\"keywords\":[\"Audi\",\"Audi RS Q8 y el Audi RS3\",\"AutoFanstv\",\"Conrado Wittstatt\",\"Manuel Gonzalo Quesne\",\"Nivus de Volkswagen\",\"Volkswagen\"],\"articleSection\":[\"AUTOFANS TV\",\"Programas 2025\"],\"inLanguage\":\"es\"},{\"@type\":\"WebPage\",\"@id\":\"https:\\\/\\\/autofans.com.ar\\\/index.php\\\/2025\\\/03\\\/11\\\/autofans-tv-temp-18-programa-24-08-03-2025\\\/\",\"url\":\"https:\\\/\\\/autofans.com.ar\\\/index.php\\\/2025\\\/03\\\/11\\\/autofans-tv-temp-18-programa-24-08-03-2025\\\/\",\"name\":\"Autofans TV - Temp. 18 Programa 24 - 08\\\/03\\\/2025 -\",\"isPartOf\":{\"@id\":\"https:\\\/\\\/autofans.com.ar\\\/#website\"},\"primaryImageOfPage\":{\"@id\":\"https:\\\/\\\/autofans.com.ar\\\/index.php\\\/2025\\\/03\\\/11\\\/autofans-tv-temp-18-programa-24-08-03-2025\\\/#primaryimage\"},\"image\":{\"@id\":\"https:\\\/\\\/autofans.com.ar\\\/index.php\\\/2025\\\/03\\\/11\\\/autofans-tv-temp-18-programa-24-08-03-2025\\\/#primaryimage\"},\"thumbnailUrl\":\"https:\\\/\\\/autofans.com.ar\\\/wp-content\\\/uploads\\\/2025\\\/03\\\/temp-18-03-03.jpg\",\"datePublished\":\"2025-03-11T19:47:50+00:00\",\"author\":{\"@id\":\"https:\\\/\\\/autofans.com.ar\\\/#\\\/schema\\\/person\\\/4a8dda0b6df83ac3d6723e921274c2aa\"},\"description\":\"En esta edici\u00f3n de Autofans TV estuvimos desde Audi Lounge en la presentaci\u00f3n del Audi RS Q8 y el Audi RS3, hablamos con Conrado Wittstatt...\",\"breadcrumb\":{\"@id\":\"https:\\\/\\\/autofans.com.ar\\\/index.php\\\/2025\\\/03\\\/11\\\/autofans-tv-temp-18-programa-24-08-03-2025\\\/#breadcrumb\"},\"inLanguage\":\"es\",\"potentialAction\":[{\"@type\":\"ReadAction\",\"target\":[\"https:\\\/\\\/autofans.com.ar\\\/index.php\\\/2025\\\/03\\\/11\\\/autofans-tv-temp-18-programa-24-08-03-2025\\\/\"]}]},{\"@type\":\"ImageObject\",\"inLanguage\":\"es\",\"@id\":\"https:\\\/\\\/autofans.com.ar\\\/index.php\\\/2025\\\/03\\\/11\\\/autofans-tv-temp-18-programa-24-08-03-2025\\\/#primaryimage\",\"url\":\"https:\\\/\\\/autofans.com.ar\\\/wp-content\\\/uploads\\\/2025\\\/03\\\/temp-18-03-03.jpg\",\"contentUrl\":\"https:\\\/\\\/autofans.com.ar\\\/wp-content\\\/uploads\\\/2025\\\/03\\\/temp-18-03-03.jpg\",\"width\":1831,\"height\":957,\"caption\":\"Screenshot\"},{\"@type\":\"BreadcrumbList\",\"@id\":\"https:\\\/\\\/autofans.com.ar\\\/index.php\\\/2025\\\/03\\\/11\\\/autofans-tv-temp-18-programa-24-08-03-2025\\\/#breadcrumb\",\"itemListElement\":[{\"@type\":\"ListItem\",\"position\":1,\"name\":\"Inicio\",\"item\":\"https:\\\/\\\/autofans.com.ar\\\/\"},{\"@type\":\"ListItem\",\"position\":2,\"name\":\"Autofans TV &#8211; Temp. 18 Programa 24 &#8211; 08\\\/03\\\/2025\"}]},{\"@type\":\"WebSite\",\"@id\":\"https:\\\/\\\/autofans.com.ar\\\/#website\",\"url\":\"https:\\\/\\\/autofans.com.ar\\\/\",\"name\":\"\",\"description\":\"El multimedio referente de la industria automotriz\",\"potentialAction\":[{\"@type\":\"SearchAction\",\"target\":{\"@type\":\"EntryPoint\",\"urlTemplate\":\"https:\\\/\\\/autofans.com.ar\\\/?s={search_term_string}\"},\"query-input\":{\"@type\":\"PropertyValueSpecification\",\"valueRequired\":true,\"valueName\":\"search_term_string\"}}],\"inLanguage\":\"es\"},{\"@type\":\"Person\",\"@id\":\"https:\\\/\\\/autofans.com.ar\\\/#\\\/schema\\\/person\\\/4a8dda0b6df83ac3d6723e921274c2aa\",\"name\":\"Alejandro Gabriel Rosito\",\"image\":{\"@type\":\"ImageObject\",\"inLanguage\":\"es\",\"@id\":\"https:\\\/\\\/secure.gravatar.com\\\/avatar\\\/16c5dda1489adfc62618084dcbb91cffd879c374b13fe5dd8e44ed6733852c88?s=96&d=mm&r=g\",\"url\":\"https:\\\/\\\/secure.gravatar.com\\\/avatar\\\/16c5dda1489adfc62618084dcbb91cffd879c374b13fe5dd8e44ed6733852c88?s=96&d=mm&r=g\",\"contentUrl\":\"https:\\\/\\\/secure.gravatar.com\\\/avatar\\\/16c5dda1489adfc62618084dcbb91cffd879c374b13fe5dd8e44ed6733852c88?s=96&d=mm&r=g\",\"caption\":\"Alejandro Gabriel Rosito\"},\"url\":\"https:\\\/\\\/autofans.com.ar\\\/index.php\\\/author\\\/gabrielr\\\/\"}]}<\/script>\n<!-- \/ Yoast SEO plugin. -->","yoast_head_json":{"title":"Autofans TV - Temp. 18 Programa 24 - 08\/03\/2025 -","description":"En esta edici\u00f3n de Autofans TV estuvimos desde Audi Lounge en la presentaci\u00f3n del Audi RS Q8 y el Audi RS3, hablamos con Conrado Wittstatt...","robots":{"index":"index","follow":"follow","max-snippet":"max-snippet:-1","max-image-preview":"max-image-preview:large","max-video-preview":"max-video-preview:-1"},"canonical":"https:\/\/autofans.com.ar\/index.php\/2025\/03\/11\/autofans-tv-temp-18-programa-24-08-03-2025\/","og_locale":"es_ES","og_type":"article","og_title":"Autofans TV - Temp. 18 Programa 24 - 08\/03\/2025 -","og_description":"En esta edici\u00f3n de Autofans TV estuvimos desde Audi Lounge en la presentaci\u00f3n del Audi RS Q8 y el Audi RS3, hablamos con Conrado Wittstatt...","og_url":"https:\/\/autofans.com.ar\/index.php\/2025\/03\/11\/autofans-tv-temp-18-programa-24-08-03-2025\/","article_published_time":"2025-03-11T19:47:50+00:00","og_image":[{"width":1831,"height":957,"url":"https:\/\/autofans.com.ar\/wp-content\/uploads\/2025\/03\/temp-18-03-03.jpg","type":"image\/jpeg"}],"author":"Alejandro Gabriel Rosito","twitter_card":"summary_large_image","twitter_misc":{"Escrito por":"Alejandro Gabriel Rosito","Tiempo de lectura":"2 minutos"},"schema":{"@context":"https:\/\/schema.org","@graph":[{"@type":"Article","@id":"https:\/\/autofans.com.ar\/index.php\/2025\/03\/11\/autofans-tv-temp-18-programa-24-08-03-2025\/#article","isPartOf":{"@id":"https:\/\/autofans.com.ar\/index.php\/2025\/03\/11\/autofans-tv-temp-18-programa-24-08-03-2025\/"},"author":{"name":"Alejandro Gabriel Rosito","@id":"https:\/\/autofans.com.ar\/#\/schema\/person\/4a8dda0b6df83ac3d6723e921274c2aa"},"headline":"Autofans TV &#8211; Temp. 18 Programa 24 &#8211; 08\/03\/2025","datePublished":"2025-03-11T19:47:50+00:00","mainEntityOfPage":{"@id":"https:\/\/autofans.com.ar\/index.php\/2025\/03\/11\/autofans-tv-temp-18-programa-24-08-03-2025\/"},"wordCount":252,"image":{"@id":"https:\/\/autofans.com.ar\/index.php\/2025\/03\/11\/autofans-tv-temp-18-programa-24-08-03-2025\/#primaryimage"},"thumbnailUrl":"https:\/\/autofans.com.ar\/wp-content\/uploads\/2025\/03\/temp-18-03-03.jpg","keywords":["Audi","Audi RS Q8 y el Audi RS3","AutoFanstv","Conrado Wittstatt","Manuel Gonzalo Quesne","Nivus de Volkswagen","Volkswagen"],"articleSection":["AUTOFANS TV","Programas 2025"],"inLanguage":"es"},{"@type":"WebPage","@id":"https:\/\/autofans.com.ar\/index.php\/2025\/03\/11\/autofans-tv-temp-18-programa-24-08-03-2025\/","url":"https:\/\/autofans.com.ar\/index.php\/2025\/03\/11\/autofans-tv-temp-18-programa-24-08-03-2025\/","name":"Autofans TV - Temp. 18 Programa 24 - 08\/03\/2025 -","isPartOf":{"@id":"https:\/\/autofans.com.ar\/#website"},"primaryImageOfPage":{"@id":"https:\/\/autofans.com.ar\/index.php\/2025\/03\/11\/autofans-tv-temp-18-programa-24-08-03-2025\/#primaryimage"},"image":{"@id":"https:\/\/autofans.com.ar\/index.php\/2025\/03\/11\/autofans-tv-temp-18-programa-24-08-03-2025\/#primaryimage"},"thumbnailUrl":"https:\/\/autofans.com.ar\/wp-content\/uploads\/2025\/03\/temp-18-03-03.jpg","datePublished":"2025-03-11T19:47:50+00:00","author":{"@id":"https:\/\/autofans.com.ar\/#\/schema\/person\/4a8dda0b6df83ac3d6723e921274c2aa"},"description":"En esta edici\u00f3n de Autofans TV estuvimos desde Audi Lounge en la presentaci\u00f3n del Audi RS Q8 y el Audi RS3, hablamos con Conrado Wittstatt...","breadcrumb":{"@id":"https:\/\/autofans.com.ar\/index.php\/2025\/03\/11\/autofans-tv-temp-18-programa-24-08-03-2025\/#breadcrumb"},"inLanguage":"es","potentialAction":[{"@type":"ReadAction","target":["https:\/\/autofans.com.ar\/index.php\/2025\/03\/11\/autofans-tv-temp-18-programa-24-08-03-2025\/"]}]},{"@type":"ImageObject","inLanguage":"es","@id":"https:\/\/autofans.com.ar\/index.php\/2025\/03\/11\/autofans-tv-temp-18-programa-24-08-03-2025\/#primaryimage","url":"https:\/\/autofans.com.ar\/wp-content\/uploads\/2025\/03\/temp-18-03-03.jpg","contentUrl":"https:\/\/autofans.com.ar\/wp-content\/uploads\/2025\/03\/temp-18-03-03.jpg","width":1831,"height":957,"caption":"Screenshot"},{"@type":"BreadcrumbList","@id":"https:\/\/autofans.com.ar\/index.php\/2025\/03\/11\/autofans-tv-temp-18-programa-24-08-03-2025\/#breadcrumb","itemListElement":[{"@type":"ListItem","position":1,"name":"Inicio","item":"https:\/\/autofans.com.ar\/"},{"@type":"ListItem","position":2,"name":"Autofans TV &#8211; Temp. 18 Programa 24 &#8211; 08\/03\/2025"}]},{"@type":"WebSite","@id":"https:\/\/autofans.com.ar\/#website","url":"https:\/\/autofans.com.ar\/","name":"","description":"El multimedio referente de la industria automotriz","potentialAction":[{"@type":"SearchAction","target":{"@type":"EntryPoint","urlTemplate":"https:\/\/autofans.com.ar\/?s={search_term_string}"},"query-input":{"@type":"PropertyValueSpecification","valueRequired":true,"valueName":"search_term_string"}}],"inLanguage":"es"},{"@type":"Person","@id":"https:\/\/autofans.com.ar\/#\/schema\/person\/4a8dda0b6df83ac3d6723e921274c2aa","name":"Alejandro Gabriel Rosito","image":{"@type":"ImageObject","inLanguage":"es","@id":"https:\/\/secure.gravatar.com\/avatar\/16c5dda1489adfc62618084dcbb91cffd879c374b13fe5dd8e44ed6733852c88?s=96&d=mm&r=g","url":"https:\/\/secure.gravatar.com\/avatar\/16c5dda1489adfc62618084dcbb91cffd879c374b13fe5dd8e44ed6733852c88?s=96&d=mm&r=g","contentUrl":"https:\/\/secure.gravatar.com\/avatar\/16c5dda1489adfc62618084dcbb91cffd879c374b13fe5dd8e44ed6733852c88?s=96&d=mm&r=g","caption":"Alejandro Gabriel Rosito"},"url":"https:\/\/autofans.com.ar\/index.php\/author\/gabrielr\/"}]}},"featured_image_urls":{"full":["https:\/\/autofans.com.ar\/wp-content\/uploads\/2025\/03\/temp-18-03-03.jpg",1831,957,false],"thumbnail":["https:\/\/autofans.com.ar\/wp-content\/uploads\/2025\/03\/temp-18-03-03-150x150.jpg",150,150,true],"medium":["https:\/\/autofans.com.ar\/wp-content\/uploads\/2025\/03\/temp-18-03-03-300x157.jpg",300,157,true],"medium_large":["https:\/\/autofans.com.ar\/wp-content\/uploads\/2025\/03\/temp-18-03-03-768x401.jpg",640,334,true],"large":["https:\/\/autofans.com.ar\/wp-content\/uploads\/2025\/03\/temp-18-03-03-1024x535.jpg",640,334,true],"1536x1536":["https:\/\/autofans.com.ar\/wp-content\/uploads\/2025\/03\/temp-18-03-03-1536x803.jpg",1536,803,true],"2048x2048":["https:\/\/autofans.com.ar\/wp-content\/uploads\/2025\/03\/temp-18-03-03.jpg",1831,957,false],"covernews-featured":["https:\/\/autofans.com.ar\/wp-content\/uploads\/2025\/03\/temp-18-03-03-1024x535.jpg",1024,535,true],"covernews-medium":["https:\/\/autofans.com.ar\/wp-content\/uploads\/2025\/03\/temp-18-03-03-540x340.jpg",540,340,true]},"author_info":{"display_name":"Alejandro Gabriel Rosito","author_link":"https:\/\/autofans.com.ar\/index.php\/author\/gabrielr\/"},"category_info":"<a href=\"https:\/\/autofans.com.ar\/index.php\/category\/autofans-tv\/\" rel=\"category tag\">AUTOFANS TV<\/a> <a href=\"https:\/\/autofans.com.ar\/index.php\/category\/autofans-tv\/programas-2025\/\" rel=\"category tag\">Programas 2025<\/a>","tag_info":"Programas 2025","comment_count":0,"_links":{"self":[{"href":"https:\/\/autofans.com.ar\/index.php\/wp-json\/wp\/v2\/posts\/11447","targetHints":{"allow":["GET"]}}],"collection":[{"href":"https:\/\/autofans.com.ar\/index.php\/wp-json\/wp\/v2\/posts"}],"about":[{"href":"https:\/\/autofans.com.ar\/index.php\/wp-json\/wp\/v2\/types\/post"}],"author":[{"embeddable":true,"href":"https:\/\/autofans.com.ar\/index.php\/wp-json\/wp\/v2\/users\/2"}],"replies":[{"embeddable":true,"href":"https:\/\/autofans.com.ar\/index.php\/wp-json\/wp\/v2\/comments?post=11447"}],"version-history":[{"count":3,"href":"https:\/\/autofans.com.ar\/index.php\/wp-json\/wp\/v2\/posts\/11447\/revisions"}],"predecessor-version":[{"id":11452,"href":"https:\/\/autofans.com.ar\/index.php\/wp-json\/wp\/v2\/posts\/11447\/revisions\/11452"}],"wp:featuredmedia":[{"embeddable":true,"href":"https:\/\/autofans.com.ar\/index.php\/wp-json\/wp\/v2\/media\/11450"}],"wp:attachment":[{"href":"https:\/\/autofans.com.ar\/index.php\/wp-json\/wp\/v2\/media?parent=11447"}],"wp:term":[{"taxonomy":"category","embeddable":true,"href":"https:\/\/autofans.com.ar\/index.php\/wp-json\/wp\/v2\/categories?post=11447"},{"taxonomy":"post_tag","embeddable":true,"href":"https:\/\/autofans.com.ar\/index.php\/wp-json\/wp\/v2\/tags?post=11447"}],"curies":[{"name":"wp","href":"https:\/\/api.w.org\/{rel}","templated":true}]}}