{"id":11474,"date":"2025-03-12T16:30:30","date_gmt":"2025-03-12T19:30:30","guid":{"rendered":"https:\/\/autofans.com.ar\/?p=11474"},"modified":"2025-03-12T16:30:30","modified_gmt":"2025-03-12T19:30:30","slug":"shell-agro-en-expoagro-2025","status":"publish","type":"post","link":"https:\/\/autofans.com.ar\/index.php\/2025\/03\/12\/shell-agro-en-expoagro-2025\/","title":{"rendered":"Shell Agro en Expoagro 2025"},"content":{"rendered":"<p data-pm-slice=\"1 1 []\">Ra\u00edzen Argentina, licenciataria de la marca Shell en el pa\u00eds, participar\u00e1 en Expoagro 2025 del 11 al 14 de marzo en el Predio Ferial y Aut\u00f3dromo de San Nicol\u00e1s. En esta edici\u00f3n, presentar\u00e1 su marca Shell Agro, una propuesta de valor integral pensada para el productor agropecuario.<\/p>\n<p>El stand, ubicado en el lote 1040, ser\u00e1 el punto de encuentro para conocer el modelo de negocios de Shell Agro. Bajo el lema \u201cConfianza que potencia tu campo\u201d, la marca ofrecer\u00e1 una amplia gama de productos y servicios que incluyen combustibles, lubricantes, soluciones integradas y alianzas estrat\u00e9gicas para productores, contratistas y transportistas.<\/p>\n<p>&nbsp;<\/p>\n<h2>Shell Agro &#8211; productos y soluciones para el agro<\/h2>\n<p>Dentro del ecosistema de Shell Agro se destacan productos como Shell Helix, Shell V-Power Diesel, Shell Evolux Diesel y Shell R\u00edmula, adem\u00e1s de opciones especializadas como Shell Spirax y Shell Gadus. Los asistentes podr\u00e1n asesorarse con expertos sobre estas soluciones y sus beneficios para el sector agroindustrial.<\/p>\n<p>&nbsp;<\/p>\n<p><img fetchpriority=\"high\" decoding=\"async\" class=\"aligncenter wp-image-11476 size-full\" src=\"https:\/\/autofans.com.ar\/wp-content\/uploads\/2025\/03\/shell-3-1.jpg\" alt=\"Shell Agro\" width=\"1000\" height=\"667\" srcset=\"https:\/\/autofans.com.ar\/wp-content\/uploads\/2025\/03\/shell-3-1.jpg 1000w, https:\/\/autofans.com.ar\/wp-content\/uploads\/2025\/03\/shell-3-1-300x200.jpg 300w, https:\/\/autofans.com.ar\/wp-content\/uploads\/2025\/03\/shell-3-1-768x512.jpg 768w\" sizes=\"(max-width: 1000px) 100vw, 1000px\" \/><\/p>\n<p>&nbsp;<\/p>\n<p>Expoagro tambi\u00e9n ser\u00e1 el escenario del lanzamiento de la nueva f\u00f3rmula de Shell Evolux Diesel. Este combustible, desarrollado con tecnolog\u00eda de limpieza triple acci\u00f3n, mejora la eficiencia del motor, prolonga su vida \u00fatil y optimiza costos operativos. \u00abPara lograr la eficiencia buscada, es clave mantener limpios los sistemas de inyecci\u00f3n. La nueva f\u00f3rmula cumple con este objetivo y reafirma la calidad de los combustibles di\u00e9sel de Shell\u00bb, explic\u00f3 Juan Carlos Van Durme, Coordinador del Centro T\u00e9cnico de Ra\u00edzen.<\/p>\n<p>&nbsp;<\/p>\n<h2>Experiencia automovil\u00edstica y tecnolog\u00eda en el stand<\/h2>\n<p>En el marco del 75\u00b0 aniversario de la alianza entre Shell y la Scuderia Ferrari, el stand ofrecer\u00e1 una experiencia de gaming con un simulador de F\u00f3rmula 1 a escala real. Los fan\u00e1ticos del automovilismo podr\u00e1n adem\u00e1s ver un auto del Turismo Carretera y participar de una sesi\u00f3n de firma de gorras con pilotos profesionales.<\/p>\n<p>&nbsp;<\/p>\n<p><img decoding=\"async\" class=\"aligncenter wp-image-11478 size-full\" src=\"https:\/\/autofans.com.ar\/wp-content\/uploads\/2025\/03\/shell-1-1.jpg\" alt=\"Shell Agro\" width=\"1000\" height=\"667\" srcset=\"https:\/\/autofans.com.ar\/wp-content\/uploads\/2025\/03\/shell-1-1.jpg 1000w, https:\/\/autofans.com.ar\/wp-content\/uploads\/2025\/03\/shell-1-1-300x200.jpg 300w, https:\/\/autofans.com.ar\/wp-content\/uploads\/2025\/03\/shell-1-1-768x512.jpg 768w\" sizes=\"(max-width: 1000px) 100vw, 1000px\" \/><\/p>\n<p>&nbsp;<\/p>\n<p>Ra\u00edzen Argentina reafirma su compromiso con el sector agroindustrial al presentar soluciones innovadoras en Expoagro 2025. La participaci\u00f3n de Shell Agro busca fortalecer su v\u00ednculo con productores y transportistas, ofreciendo tecnolog\u00eda, eficiencia y confiabilidad para potenciar el campo argentino.<\/p>\n<p>&nbsp;<\/p>\n<p>&nbsp;<\/p>\n<p>&nbsp;<\/p>\n<p><i>Para enterarte de m\u00e1s novedades, no dejes de leer\u00a0<\/i><a href=\"https:\/\/autofans.thebrandsoup.com\/\"><i>nuestras notas<\/i><\/a><i>, de ver<\/i><b><i>\u00a0<\/i><\/b><a href=\"https:\/\/www.youtube.com\/channel\/UCgAC8UGHZYbT6P7PpmVnP7g\"><b><i>AUTOFANS TV<\/i><\/b><\/a><b><i>\u00a0<\/i><\/b><i>en nuestro\u00a0canal de Youtube. Adem\u00e1s seguinos en\u00a0<\/i><a href=\"https:\/\/www.instagram.com\/autofanstv\/\"><i>INSTAGRAM<\/i><\/a><i> y <\/i><a href=\"https:\/\/www.facebook.com\/autofansmas\/\"><i>FACEBOOK<\/i><\/a><i> para no perderte nada sobre las novedades del segmento automotor de Argentina y el mundo.<\/i><\/p>\n","protected":false},"excerpt":{"rendered":"<p>Ra\u00edzen Argentina, licenciataria de la marca Shell en el pa\u00eds, participar\u00e1 en Expoagro 2025 del&#8230;<\/p>\n","protected":false},"author":2,"featured_media":11475,"comment_status":"closed","ping_status":"closed","sticky":false,"template":"","format":"standard","meta":{"footnotes":""},"categories":[292,16],"tags":[5103,6261,3723,6245,6259,304,3722,6260,6257,6258],"class_list":["post-11474","post","type-post","status-publish","format-standard","has-post-thumbnail","hentry","category-empresas","category-noticias","tag-combustibles-shell","tag-diesel-para-maquinaria-agricola","tag-energia-para-el-campo","tag-expoagro-2025","tag-lubricantes-shell","tag-raizen-argentina","tag-scuderia-ferrari","tag-sector-agroindustrial","tag-shell-agro","tag-shell-evolux-diesel"],"yoast_head":"<!-- This site is optimized with the Yoast SEO plugin v27.5 - https:\/\/yoast.com\/product\/yoast-seo-wordpress\/ -->\n<title>Shell Agro en Expoagro 2025 -<\/title>\n<meta name=\"robots\" content=\"index, follow, max-snippet:-1, max-image-preview:large, max-video-preview:-1\" \/>\n<link rel=\"canonical\" href=\"https:\/\/autofans.com.ar\/index.php\/2025\/03\/12\/shell-agro-en-expoagro-2025\/\" \/>\n<meta property=\"og:locale\" content=\"es_ES\" \/>\n<meta property=\"og:type\" content=\"article\" \/>\n<meta property=\"og:title\" content=\"Shell Agro en Expoagro 2025 -\" \/>\n<meta property=\"og:description\" content=\"Ra\u00edzen Argentina, licenciataria de la marca Shell en el pa\u00eds, participar\u00e1 en Expoagro 2025 del...\" \/>\n<meta property=\"og:url\" content=\"https:\/\/autofans.com.ar\/index.php\/2025\/03\/12\/shell-agro-en-expoagro-2025\/\" \/>\n<meta property=\"article:published_time\" content=\"2025-03-12T19:30:30+00:00\" \/>\n<meta property=\"og:image\" content=\"https:\/\/autofans.com.ar\/wp-content\/uploads\/2025\/03\/shell-4.jpg\" \/>\n\t<meta property=\"og:image:width\" content=\"1000\" \/>\n\t<meta property=\"og:image:height\" content=\"667\" \/>\n\t<meta property=\"og:image:type\" content=\"image\/jpeg\" \/>\n<meta name=\"author\" content=\"Alejandro Gabriel Rosito\" \/>\n<meta name=\"twitter:card\" content=\"summary_large_image\" \/>\n<meta name=\"twitter:label1\" content=\"Escrito por\" \/>\n\t<meta name=\"twitter:data1\" content=\"Alejandro Gabriel Rosito\" \/>\n\t<meta name=\"twitter:label2\" content=\"Tiempo de lectura\" \/>\n\t<meta name=\"twitter:data2\" content=\"3 minutos\" \/>\n<script type=\"application\/ld+json\" class=\"yoast-schema-graph\">{\"@context\":\"https:\\\/\\\/schema.org\",\"@graph\":[{\"@type\":\"Article\",\"@id\":\"https:\\\/\\\/autofans.com.ar\\\/index.php\\\/2025\\\/03\\\/12\\\/shell-agro-en-expoagro-2025\\\/#article\",\"isPartOf\":{\"@id\":\"https:\\\/\\\/autofans.com.ar\\\/index.php\\\/2025\\\/03\\\/12\\\/shell-agro-en-expoagro-2025\\\/\"},\"author\":{\"name\":\"Alejandro Gabriel Rosito\",\"@id\":\"https:\\\/\\\/autofans.com.ar\\\/#\\\/schema\\\/person\\\/4a8dda0b6df83ac3d6723e921274c2aa\"},\"headline\":\"Shell Agro en Expoagro 2025\",\"datePublished\":\"2025-03-12T19:30:30+00:00\",\"mainEntityOfPage\":{\"@id\":\"https:\\\/\\\/autofans.com.ar\\\/index.php\\\/2025\\\/03\\\/12\\\/shell-agro-en-expoagro-2025\\\/\"},\"wordCount\":413,\"image\":{\"@id\":\"https:\\\/\\\/autofans.com.ar\\\/index.php\\\/2025\\\/03\\\/12\\\/shell-agro-en-expoagro-2025\\\/#primaryimage\"},\"thumbnailUrl\":\"https:\\\/\\\/autofans.com.ar\\\/wp-content\\\/uploads\\\/2025\\\/03\\\/shell-4.jpg\",\"keywords\":[\"combustibles Shell\",\"diesel para maquinaria agr\u00edcola\",\"Energ\u00eda para el Campo\",\"Expoagro 2025\",\"lubricantes Shell\",\"Ra\u00edzen Argentina\",\"Scuderia Ferrari\",\"sector agroindustrial\",\"Shell Agro\",\"Shell Evolux Diesel\"],\"articleSection\":[\"EMPRESAS\",\"NOTICIAS\"],\"inLanguage\":\"es\"},{\"@type\":\"WebPage\",\"@id\":\"https:\\\/\\\/autofans.com.ar\\\/index.php\\\/2025\\\/03\\\/12\\\/shell-agro-en-expoagro-2025\\\/\",\"url\":\"https:\\\/\\\/autofans.com.ar\\\/index.php\\\/2025\\\/03\\\/12\\\/shell-agro-en-expoagro-2025\\\/\",\"name\":\"Shell Agro en Expoagro 2025 -\",\"isPartOf\":{\"@id\":\"https:\\\/\\\/autofans.com.ar\\\/#website\"},\"primaryImageOfPage\":{\"@id\":\"https:\\\/\\\/autofans.com.ar\\\/index.php\\\/2025\\\/03\\\/12\\\/shell-agro-en-expoagro-2025\\\/#primaryimage\"},\"image\":{\"@id\":\"https:\\\/\\\/autofans.com.ar\\\/index.php\\\/2025\\\/03\\\/12\\\/shell-agro-en-expoagro-2025\\\/#primaryimage\"},\"thumbnailUrl\":\"https:\\\/\\\/autofans.com.ar\\\/wp-content\\\/uploads\\\/2025\\\/03\\\/shell-4.jpg\",\"datePublished\":\"2025-03-12T19:30:30+00:00\",\"author\":{\"@id\":\"https:\\\/\\\/autofans.com.ar\\\/#\\\/schema\\\/person\\\/4a8dda0b6df83ac3d6723e921274c2aa\"},\"breadcrumb\":{\"@id\":\"https:\\\/\\\/autofans.com.ar\\\/index.php\\\/2025\\\/03\\\/12\\\/shell-agro-en-expoagro-2025\\\/#breadcrumb\"},\"inLanguage\":\"es\",\"potentialAction\":[{\"@type\":\"ReadAction\",\"target\":[\"https:\\\/\\\/autofans.com.ar\\\/index.php\\\/2025\\\/03\\\/12\\\/shell-agro-en-expoagro-2025\\\/\"]}]},{\"@type\":\"ImageObject\",\"inLanguage\":\"es\",\"@id\":\"https:\\\/\\\/autofans.com.ar\\\/index.php\\\/2025\\\/03\\\/12\\\/shell-agro-en-expoagro-2025\\\/#primaryimage\",\"url\":\"https:\\\/\\\/autofans.com.ar\\\/wp-content\\\/uploads\\\/2025\\\/03\\\/shell-4.jpg\",\"contentUrl\":\"https:\\\/\\\/autofans.com.ar\\\/wp-content\\\/uploads\\\/2025\\\/03\\\/shell-4.jpg\",\"width\":1000,\"height\":667,\"caption\":\"Shell Agro\"},{\"@type\":\"BreadcrumbList\",\"@id\":\"https:\\\/\\\/autofans.com.ar\\\/index.php\\\/2025\\\/03\\\/12\\\/shell-agro-en-expoagro-2025\\\/#breadcrumb\",\"itemListElement\":[{\"@type\":\"ListItem\",\"position\":1,\"name\":\"Inicio\",\"item\":\"https:\\\/\\\/autofans.com.ar\\\/\"},{\"@type\":\"ListItem\",\"position\":2,\"name\":\"Shell Agro en Expoagro 2025\"}]},{\"@type\":\"WebSite\",\"@id\":\"https:\\\/\\\/autofans.com.ar\\\/#website\",\"url\":\"https:\\\/\\\/autofans.com.ar\\\/\",\"name\":\"\",\"description\":\"El multimedio referente de la industria automotriz\",\"potentialAction\":[{\"@type\":\"SearchAction\",\"target\":{\"@type\":\"EntryPoint\",\"urlTemplate\":\"https:\\\/\\\/autofans.com.ar\\\/?s={search_term_string}\"},\"query-input\":{\"@type\":\"PropertyValueSpecification\",\"valueRequired\":true,\"valueName\":\"search_term_string\"}}],\"inLanguage\":\"es\"},{\"@type\":\"Person\",\"@id\":\"https:\\\/\\\/autofans.com.ar\\\/#\\\/schema\\\/person\\\/4a8dda0b6df83ac3d6723e921274c2aa\",\"name\":\"Alejandro Gabriel Rosito\",\"image\":{\"@type\":\"ImageObject\",\"inLanguage\":\"es\",\"@id\":\"https:\\\/\\\/secure.gravatar.com\\\/avatar\\\/16c5dda1489adfc62618084dcbb91cffd879c374b13fe5dd8e44ed6733852c88?s=96&d=mm&r=g\",\"url\":\"https:\\\/\\\/secure.gravatar.com\\\/avatar\\\/16c5dda1489adfc62618084dcbb91cffd879c374b13fe5dd8e44ed6733852c88?s=96&d=mm&r=g\",\"contentUrl\":\"https:\\\/\\\/secure.gravatar.com\\\/avatar\\\/16c5dda1489adfc62618084dcbb91cffd879c374b13fe5dd8e44ed6733852c88?s=96&d=mm&r=g\",\"caption\":\"Alejandro Gabriel Rosito\"},\"url\":\"https:\\\/\\\/autofans.com.ar\\\/index.php\\\/author\\\/gabrielr\\\/\"}]}<\/script>\n<!-- \/ Yoast SEO plugin. -->","yoast_head_json":{"title":"Shell Agro en Expoagro 2025 -","robots":{"index":"index","follow":"follow","max-snippet":"max-snippet:-1","max-image-preview":"max-image-preview:large","max-video-preview":"max-video-preview:-1"},"canonical":"https:\/\/autofans.com.ar\/index.php\/2025\/03\/12\/shell-agro-en-expoagro-2025\/","og_locale":"es_ES","og_type":"article","og_title":"Shell Agro en Expoagro 2025 -","og_description":"Ra\u00edzen Argentina, licenciataria de la marca Shell en el pa\u00eds, participar\u00e1 en Expoagro 2025 del...","og_url":"https:\/\/autofans.com.ar\/index.php\/2025\/03\/12\/shell-agro-en-expoagro-2025\/","article_published_time":"2025-03-12T19:30:30+00:00","og_image":[{"width":1000,"height":667,"url":"https:\/\/autofans.com.ar\/wp-content\/uploads\/2025\/03\/shell-4.jpg","type":"image\/jpeg"}],"author":"Alejandro Gabriel Rosito","twitter_card":"summary_large_image","twitter_misc":{"Escrito por":"Alejandro Gabriel Rosito","Tiempo de lectura":"3 minutos"},"schema":{"@context":"https:\/\/schema.org","@graph":[{"@type":"Article","@id":"https:\/\/autofans.com.ar\/index.php\/2025\/03\/12\/shell-agro-en-expoagro-2025\/#article","isPartOf":{"@id":"https:\/\/autofans.com.ar\/index.php\/2025\/03\/12\/shell-agro-en-expoagro-2025\/"},"author":{"name":"Alejandro Gabriel Rosito","@id":"https:\/\/autofans.com.ar\/#\/schema\/person\/4a8dda0b6df83ac3d6723e921274c2aa"},"headline":"Shell Agro en Expoagro 2025","datePublished":"2025-03-12T19:30:30+00:00","mainEntityOfPage":{"@id":"https:\/\/autofans.com.ar\/index.php\/2025\/03\/12\/shell-agro-en-expoagro-2025\/"},"wordCount":413,"image":{"@id":"https:\/\/autofans.com.ar\/index.php\/2025\/03\/12\/shell-agro-en-expoagro-2025\/#primaryimage"},"thumbnailUrl":"https:\/\/autofans.com.ar\/wp-content\/uploads\/2025\/03\/shell-4.jpg","keywords":["combustibles Shell","diesel para maquinaria agr\u00edcola","Energ\u00eda para el Campo","Expoagro 2025","lubricantes Shell","Ra\u00edzen Argentina","Scuderia Ferrari","sector agroindustrial","Shell Agro","Shell Evolux Diesel"],"articleSection":["EMPRESAS","NOTICIAS"],"inLanguage":"es"},{"@type":"WebPage","@id":"https:\/\/autofans.com.ar\/index.php\/2025\/03\/12\/shell-agro-en-expoagro-2025\/","url":"https:\/\/autofans.com.ar\/index.php\/2025\/03\/12\/shell-agro-en-expoagro-2025\/","name":"Shell Agro en Expoagro 2025 -","isPartOf":{"@id":"https:\/\/autofans.com.ar\/#website"},"primaryImageOfPage":{"@id":"https:\/\/autofans.com.ar\/index.php\/2025\/03\/12\/shell-agro-en-expoagro-2025\/#primaryimage"},"image":{"@id":"https:\/\/autofans.com.ar\/index.php\/2025\/03\/12\/shell-agro-en-expoagro-2025\/#primaryimage"},"thumbnailUrl":"https:\/\/autofans.com.ar\/wp-content\/uploads\/2025\/03\/shell-4.jpg","datePublished":"2025-03-12T19:30:30+00:00","author":{"@id":"https:\/\/autofans.com.ar\/#\/schema\/person\/4a8dda0b6df83ac3d6723e921274c2aa"},"breadcrumb":{"@id":"https:\/\/autofans.com.ar\/index.php\/2025\/03\/12\/shell-agro-en-expoagro-2025\/#breadcrumb"},"inLanguage":"es","potentialAction":[{"@type":"ReadAction","target":["https:\/\/autofans.com.ar\/index.php\/2025\/03\/12\/shell-agro-en-expoagro-2025\/"]}]},{"@type":"ImageObject","inLanguage":"es","@id":"https:\/\/autofans.com.ar\/index.php\/2025\/03\/12\/shell-agro-en-expoagro-2025\/#primaryimage","url":"https:\/\/autofans.com.ar\/wp-content\/uploads\/2025\/03\/shell-4.jpg","contentUrl":"https:\/\/autofans.com.ar\/wp-content\/uploads\/2025\/03\/shell-4.jpg","width":1000,"height":667,"caption":"Shell Agro"},{"@type":"BreadcrumbList","@id":"https:\/\/autofans.com.ar\/index.php\/2025\/03\/12\/shell-agro-en-expoagro-2025\/#breadcrumb","itemListElement":[{"@type":"ListItem","position":1,"name":"Inicio","item":"https:\/\/autofans.com.ar\/"},{"@type":"ListItem","position":2,"name":"Shell Agro en Expoagro 2025"}]},{"@type":"WebSite","@id":"https:\/\/autofans.com.ar\/#website","url":"https:\/\/autofans.com.ar\/","name":"","description":"El multimedio referente de la industria automotriz","potentialAction":[{"@type":"SearchAction","target":{"@type":"EntryPoint","urlTemplate":"https:\/\/autofans.com.ar\/?s={search_term_string}"},"query-input":{"@type":"PropertyValueSpecification","valueRequired":true,"valueName":"search_term_string"}}],"inLanguage":"es"},{"@type":"Person","@id":"https:\/\/autofans.com.ar\/#\/schema\/person\/4a8dda0b6df83ac3d6723e921274c2aa","name":"Alejandro Gabriel Rosito","image":{"@type":"ImageObject","inLanguage":"es","@id":"https:\/\/secure.gravatar.com\/avatar\/16c5dda1489adfc62618084dcbb91cffd879c374b13fe5dd8e44ed6733852c88?s=96&d=mm&r=g","url":"https:\/\/secure.gravatar.com\/avatar\/16c5dda1489adfc62618084dcbb91cffd879c374b13fe5dd8e44ed6733852c88?s=96&d=mm&r=g","contentUrl":"https:\/\/secure.gravatar.com\/avatar\/16c5dda1489adfc62618084dcbb91cffd879c374b13fe5dd8e44ed6733852c88?s=96&d=mm&r=g","caption":"Alejandro Gabriel Rosito"},"url":"https:\/\/autofans.com.ar\/index.php\/author\/gabrielr\/"}]}},"featured_image_urls":{"full":["https:\/\/autofans.com.ar\/wp-content\/uploads\/2025\/03\/shell-4.jpg",1000,667,false],"thumbnail":["https:\/\/autofans.com.ar\/wp-content\/uploads\/2025\/03\/shell-4-150x150.jpg",150,150,true],"medium":["https:\/\/autofans.com.ar\/wp-content\/uploads\/2025\/03\/shell-4-300x200.jpg",300,200,true],"medium_large":["https:\/\/autofans.com.ar\/wp-content\/uploads\/2025\/03\/shell-4-768x512.jpg",640,427,true],"large":["https:\/\/autofans.com.ar\/wp-content\/uploads\/2025\/03\/shell-4.jpg",640,427,false],"1536x1536":["https:\/\/autofans.com.ar\/wp-content\/uploads\/2025\/03\/shell-4.jpg",1000,667,false],"2048x2048":["https:\/\/autofans.com.ar\/wp-content\/uploads\/2025\/03\/shell-4.jpg",1000,667,false],"covernews-featured":["https:\/\/autofans.com.ar\/wp-content\/uploads\/2025\/03\/shell-4.jpg",1000,667,false],"covernews-medium":["https:\/\/autofans.com.ar\/wp-content\/uploads\/2025\/03\/shell-4-540x340.jpg",540,340,true]},"author_info":{"display_name":"Alejandro Gabriel Rosito","author_link":"https:\/\/autofans.com.ar\/index.php\/author\/gabrielr\/"},"category_info":"<a href=\"https:\/\/autofans.com.ar\/index.php\/category\/noticias\/empresas\/\" rel=\"category tag\">EMPRESAS<\/a> <a href=\"https:\/\/autofans.com.ar\/index.php\/category\/noticias\/\" rel=\"category tag\">NOTICIAS<\/a>","tag_info":"NOTICIAS","comment_count":0,"_links":{"self":[{"href":"https:\/\/autofans.com.ar\/index.php\/wp-json\/wp\/v2\/posts\/11474","targetHints":{"allow":["GET"]}}],"collection":[{"href":"https:\/\/autofans.com.ar\/index.php\/wp-json\/wp\/v2\/posts"}],"about":[{"href":"https:\/\/autofans.com.ar\/index.php\/wp-json\/wp\/v2\/types\/post"}],"author":[{"embeddable":true,"href":"https:\/\/autofans.com.ar\/index.php\/wp-json\/wp\/v2\/users\/2"}],"replies":[{"embeddable":true,"href":"https:\/\/autofans.com.ar\/index.php\/wp-json\/wp\/v2\/comments?post=11474"}],"version-history":[{"count":1,"href":"https:\/\/autofans.com.ar\/index.php\/wp-json\/wp\/v2\/posts\/11474\/revisions"}],"predecessor-version":[{"id":11479,"href":"https:\/\/autofans.com.ar\/index.php\/wp-json\/wp\/v2\/posts\/11474\/revisions\/11479"}],"wp:featuredmedia":[{"embeddable":true,"href":"https:\/\/autofans.com.ar\/index.php\/wp-json\/wp\/v2\/media\/11475"}],"wp:attachment":[{"href":"https:\/\/autofans.com.ar\/index.php\/wp-json\/wp\/v2\/media?parent=11474"}],"wp:term":[{"taxonomy":"category","embeddable":true,"href":"https:\/\/autofans.com.ar\/index.php\/wp-json\/wp\/v2\/categories?post=11474"},{"taxonomy":"post_tag","embeddable":true,"href":"https:\/\/autofans.com.ar\/index.php\/wp-json\/wp\/v2\/tags?post=11474"}],"curies":[{"name":"wp","href":"https:\/\/api.w.org\/{rel}","templated":true}]}}