{"id":11526,"date":"2025-03-17T20:31:55","date_gmt":"2025-03-17T23:31:55","guid":{"rendered":"https:\/\/autofans.com.ar\/?p=11526"},"modified":"2025-03-17T20:31:55","modified_gmt":"2025-03-17T23:31:55","slug":"expoagro-2025-la-apuesta-de-volkswagen-con-amarok-taos-y-camiones-pesados","status":"publish","type":"post","link":"https:\/\/autofans.com.ar\/index.php\/2025\/03\/17\/expoagro-2025-la-apuesta-de-volkswagen-con-amarok-taos-y-camiones-pesados\/","title":{"rendered":"Expoagro 2025, la apuesta de Volkswagen con Amarok, Taos y camiones pesados"},"content":{"rendered":"<p>Volkswagen reafirma su compromiso con el sector agropecuario al participar en Expoagro 2025, la feria m\u00e1s relevante del campo argentino. La cita ser\u00e1 del 11 al 14 de marzo en San Nicol\u00e1s, provincia de Buenos Aires, donde la marca exhibir\u00e1 su oferta de veh\u00edculos comerciales, camiones y soluciones de postventa.<\/p>\n<p><span style=\"color: #ffffff;\">.<\/span><\/p>\n<h2>Gama de productos: pick-ups, SUV y camiones pesados<\/h2>\n<p>&nbsp;<\/p>\n<div id='gallery-1' class='gallery galleryid-11526 gallery-columns-3 gallery-size-full'><figure class='gallery-item'>\n\t\t\t<div class='gallery-icon landscape'>\n\t\t\t\t<a href='https:\/\/autofans.com.ar\/index.php\/2025\/03\/17\/expoagro-2025-la-apuesta-de-volkswagen-con-amarok-taos-y-camiones-pesados\/wv-1-5\/'><img loading=\"lazy\" width=\"1000\" height=\"667\" src=\"https:\/\/autofans.com.ar\/wp-content\/uploads\/2025\/03\/wv-1.jpg\" class=\"attachment-full size-full\" alt=\"Expoagro 2025\" srcset=\"https:\/\/autofans.com.ar\/wp-content\/uploads\/2025\/03\/wv-1.jpg 1000w, https:\/\/autofans.com.ar\/wp-content\/uploads\/2025\/03\/wv-1-300x200.jpg 300w, https:\/\/autofans.com.ar\/wp-content\/uploads\/2025\/03\/wv-1-768x512.jpg 768w\" sizes=\"auto, (max-width: 1000px) 100vw, 1000px\" loading=\"lazy\" decoding=\"async\" \/><\/a>\n\t\t\t<\/div><\/figure><figure class='gallery-item'>\n\t\t\t<div class='gallery-icon landscape'>\n\t\t\t\t<a href='https:\/\/autofans.com.ar\/index.php\/2025\/03\/17\/expoagro-2025-la-apuesta-de-volkswagen-con-amarok-taos-y-camiones-pesados\/vw-2-13\/'><img loading=\"lazy\" width=\"1000\" height=\"667\" src=\"https:\/\/autofans.com.ar\/wp-content\/uploads\/2025\/03\/vw-2.jpg\" class=\"attachment-full size-full\" alt=\"Expoagro 2025\" srcset=\"https:\/\/autofans.com.ar\/wp-content\/uploads\/2025\/03\/vw-2.jpg 1000w, https:\/\/autofans.com.ar\/wp-content\/uploads\/2025\/03\/vw-2-300x200.jpg 300w, https:\/\/autofans.com.ar\/wp-content\/uploads\/2025\/03\/vw-2-768x512.jpg 768w\" sizes=\"auto, (max-width: 1000px) 100vw, 1000px\" loading=\"lazy\" decoding=\"async\" \/><\/a>\n\t\t\t<\/div><\/figure><figure class='gallery-item'>\n\t\t\t<div class='gallery-icon landscape'>\n\t\t\t\t<a href='https:\/\/autofans.com.ar\/index.php\/2025\/03\/17\/expoagro-2025-la-apuesta-de-volkswagen-con-amarok-taos-y-camiones-pesados\/vw-3-14\/'><img loading=\"lazy\" width=\"1000\" height=\"667\" src=\"https:\/\/autofans.com.ar\/wp-content\/uploads\/2025\/03\/vw-3.jpg\" class=\"attachment-full size-full\" alt=\"Expoagro 2025\" srcset=\"https:\/\/autofans.com.ar\/wp-content\/uploads\/2025\/03\/vw-3.jpg 1000w, https:\/\/autofans.com.ar\/wp-content\/uploads\/2025\/03\/vw-3-300x200.jpg 300w, https:\/\/autofans.com.ar\/wp-content\/uploads\/2025\/03\/vw-3-768x512.jpg 768w\" sizes=\"auto, (max-width: 1000px) 100vw, 1000px\" loading=\"lazy\" decoding=\"async\" \/><\/a>\n\t\t\t<\/div><\/figure>\n\t\t<\/div>\n\n<p>&nbsp;<\/p>\n<p>El stand de Volkswagen contar\u00e1 con un amplio despliegue de modelos, incluyendo:<\/p>\n<ul data-spread=\"false\">\n<li>Nuevo Saveiro en versi\u00f3n cabina simple.<\/li>\n<li>Nueva Amarok Trendline 4&#215;4 MT y la Amarok V6 Hero.<\/li>\n<li>Volkswagen Taos, el SUV fabricado en Argentina.<\/li>\n<li>Volkswagen Camiones y Buses, con los modelos Delivery 11.180 4&#215;4, Constellation 33.460 y Meteor 28.460.<\/li>\n<\/ul>\n<p>La presencia de estos veh\u00edculos apunta a reforzar la relaci\u00f3n de la marca con el sector agroindustrial, ofreciendo soluciones para transporte y log\u00edstica.<\/p>\n<p>&nbsp;<\/p>\n<h2>Postventa y asistencia en Expoagro 2025<\/h2>\n<p>&nbsp;<\/p>\n<p><img fetchpriority=\"high\" decoding=\"async\" class=\"aligncenter wp-image-11529 size-full\" src=\"https:\/\/autofans.com.ar\/wp-content\/uploads\/2025\/03\/vw-6.jpg\" alt=\"Expoagro 2025\" width=\"1000\" height=\"667\" srcset=\"https:\/\/autofans.com.ar\/wp-content\/uploads\/2025\/03\/vw-6.jpg 1000w, https:\/\/autofans.com.ar\/wp-content\/uploads\/2025\/03\/vw-6-300x200.jpg 300w, https:\/\/autofans.com.ar\/wp-content\/uploads\/2025\/03\/vw-6-768x512.jpg 768w\" sizes=\"(max-width: 1000px) 100vw, 1000px\" \/><\/p>\n<p>&nbsp;<\/p>\n<p>Volkswagen tambi\u00e9n exhibir\u00e1 sus servicios de postventa, con un espacio dedicado a:<\/p>\n<ul data-spread=\"false\">\n<li>Volks|Assistance, que ahora incorpora atenci\u00f3n v\u00eda WhatsApp para facilitar la comunicaci\u00f3n en tiempo real.<\/li>\n<li>Unidad de Servicio M\u00f3vil, con camionetas Amarok adaptadas como talleres rodantes, ideales para mantenimiento y asistencia a flotas y clientes particulares.<\/li>\n<li>Accesorios y bicicletas Volkswagen, disponibles en concesionarios y en la tienda oficial de Mercado Libre.<\/li>\n<\/ul>\n<p>&nbsp;<\/p>\n<h2>Soluciones financieras para el agro<\/h2>\n<p>&nbsp;<\/p>\n<div id='gallery-2' class='gallery galleryid-11526 gallery-columns-3 gallery-size-full'><figure class='gallery-item'>\n\t\t\t<div class='gallery-icon landscape'>\n\t\t\t\t<a href='https:\/\/autofans.com.ar\/index.php\/2025\/03\/17\/expoagro-2025-la-apuesta-de-volkswagen-con-amarok-taos-y-camiones-pesados\/vw-7\/'><img loading=\"lazy\" width=\"1000\" height=\"667\" src=\"https:\/\/autofans.com.ar\/wp-content\/uploads\/2025\/03\/vw-7.jpg\" class=\"attachment-full size-full\" alt=\"Expoagro 2025\" srcset=\"https:\/\/autofans.com.ar\/wp-content\/uploads\/2025\/03\/vw-7.jpg 1000w, https:\/\/autofans.com.ar\/wp-content\/uploads\/2025\/03\/vw-7-300x200.jpg 300w, https:\/\/autofans.com.ar\/wp-content\/uploads\/2025\/03\/vw-7-768x512.jpg 768w\" sizes=\"auto, (max-width: 1000px) 100vw, 1000px\" loading=\"lazy\" decoding=\"async\" \/><\/a>\n\t\t\t<\/div><\/figure><figure class='gallery-item'>\n\t\t\t<div class='gallery-icon landscape'>\n\t\t\t\t<a href='https:\/\/autofans.com.ar\/index.php\/2025\/03\/17\/expoagro-2025-la-apuesta-de-volkswagen-con-amarok-taos-y-camiones-pesados\/vw-5-5\/'><img loading=\"lazy\" width=\"1000\" height=\"667\" src=\"https:\/\/autofans.com.ar\/wp-content\/uploads\/2025\/03\/vw-5.jpg\" class=\"attachment-full size-full\" alt=\"Expoagro 2025\" srcset=\"https:\/\/autofans.com.ar\/wp-content\/uploads\/2025\/03\/vw-5.jpg 1000w, https:\/\/autofans.com.ar\/wp-content\/uploads\/2025\/03\/vw-5-300x200.jpg 300w, https:\/\/autofans.com.ar\/wp-content\/uploads\/2025\/03\/vw-5-768x512.jpg 768w\" sizes=\"auto, (max-width: 1000px) 100vw, 1000px\" loading=\"lazy\" decoding=\"async\" \/><\/a>\n\t\t\t<\/div><\/figure><figure class='gallery-item'>\n\t\t\t<div class='gallery-icon landscape'>\n\t\t\t\t<a href='https:\/\/autofans.com.ar\/index.php\/2025\/03\/17\/expoagro-2025-la-apuesta-de-volkswagen-con-amarok-taos-y-camiones-pesados\/vw-4-12\/'><img loading=\"lazy\" width=\"1000\" height=\"667\" src=\"https:\/\/autofans.com.ar\/wp-content\/uploads\/2025\/03\/vw-4.jpg\" class=\"attachment-full size-full\" alt=\"Expoagro 2025\" srcset=\"https:\/\/autofans.com.ar\/wp-content\/uploads\/2025\/03\/vw-4.jpg 1000w, https:\/\/autofans.com.ar\/wp-content\/uploads\/2025\/03\/vw-4-300x200.jpg 300w, https:\/\/autofans.com.ar\/wp-content\/uploads\/2025\/03\/vw-4-768x512.jpg 768w\" sizes=\"auto, (max-width: 1000px) 100vw, 1000px\" loading=\"lazy\" decoding=\"async\" \/><\/a>\n\t\t\t<\/div><\/figure>\n\t\t<\/div>\n\n<p>&nbsp;<\/p>\n<p>Volkswagen Financial Services ofrecer\u00e1 opciones de financiamiento con tasas competitivas:<\/p>\n<ul data-spread=\"false\">\n<li>Financiaci\u00f3n de hasta el 75% del valor de una Amarok, con planes de hasta 60 meses y opciones con tasa 0% a 12 meses.<\/li>\n<li>Planes especiales para la gama Taos y SUVW, con cuotas fijas en pesos.<\/li>\n<li>Promociones en seguros de Cobertura Volkswagen &#8211; Zurich.<\/li>\n<\/ul>\n<p>Con esta participaci\u00f3n, Volkswagen busca fortalecer su v\u00ednculo con el campo y ofrecer soluciones de movilidad, asistencia y financiamiento a los productores y empresas agropecuarias.<\/p>\n<p>&nbsp;<\/p>\n<p>&nbsp;<\/p>\n<p>&nbsp;<\/p>\n<p><i>Para enterarte de m\u00e1s novedades, no dejes de leer\u00a0<\/i><a href=\"https:\/\/autofans.thebrandsoup.com\/\"><i>nuestras notas<\/i><\/a><i>, de ver<\/i><b><i>\u00a0<\/i><\/b><a href=\"https:\/\/www.youtube.com\/channel\/UCgAC8UGHZYbT6P7PpmVnP7g\"><b><i>AUTOFANS TV<\/i><\/b><\/a><b><i>\u00a0<\/i><\/b><i>en nuestro\u00a0canal de Youtube. Adem\u00e1s seguinos en\u00a0<\/i><a href=\"https:\/\/www.instagram.com\/autofanstv\/\"><i>INSTAGRAM<\/i><\/a><i> y <\/i><a href=\"https:\/\/www.facebook.com\/autofansmas\/\"><i>FACEBOOK<\/i><\/a><i> para no perderte nada sobre las novedades del segmento automotor de Argentina y el mundo.<\/i><\/p>\n","protected":false},"excerpt":{"rendered":"<p>Volkswagen reafirma su compromiso con el sector agropecuario al participar en Expoagro 2025, la feria&#8230;<\/p>\n","protected":false},"author":2,"featured_media":11535,"comment_status":"closed","ping_status":"closed","sticky":false,"template":"","format":"standard","meta":{"footnotes":""},"categories":[292,16],"tags":[6287,6245,6286,2077,6288,4372,3766,382,4274,2573,3930],"class_list":["post-11526","post","type-post","status-publish","format-standard","has-post-thumbnail","hentry","category-empresas","category-noticias","tag-asistencia-vehicular","tag-expoagro-2025","tag-expoagro-san-nicolas","tag-financiamiento-volkswagen","tag-movilidad-para-el-agro","tag-postventa-volkswagen","tag-saveiro","tag-volkswagen","tag-volkswagen-amarok","tag-volkswagen-camiones","tag-volkswagen-taos"],"yoast_head":"<!-- This site is optimized with the Yoast SEO plugin v27.5 - https:\/\/yoast.com\/product\/yoast-seo-wordpress\/ -->\n<title>Expoagro 2025, la apuesta de Volkswagen con Amarok, Taos y camiones pesados -<\/title>\n<meta name=\"description\" content=\"Volkswagen reafirma su compromiso con el sector agropecuario al participar en Expoagro 2025, la feria m\u00e1s relevante del campo argentino...\" \/>\n<meta name=\"robots\" content=\"index, follow, max-snippet:-1, max-image-preview:large, max-video-preview:-1\" \/>\n<link rel=\"canonical\" href=\"https:\/\/autofans.com.ar\/index.php\/2025\/03\/17\/expoagro-2025-la-apuesta-de-volkswagen-con-amarok-taos-y-camiones-pesados\/\" \/>\n<meta property=\"og:locale\" content=\"es_ES\" \/>\n<meta property=\"og:type\" content=\"article\" \/>\n<meta property=\"og:title\" content=\"Expoagro 2025, la apuesta de Volkswagen con Amarok, Taos y camiones pesados -\" \/>\n<meta property=\"og:description\" content=\"Volkswagen reafirma su compromiso con el sector agropecuario al participar en Expoagro 2025, la feria m\u00e1s relevante del campo argentino...\" \/>\n<meta property=\"og:url\" content=\"https:\/\/autofans.com.ar\/index.php\/2025\/03\/17\/expoagro-2025-la-apuesta-de-volkswagen-con-amarok-taos-y-camiones-pesados\/\" \/>\n<meta property=\"article:published_time\" content=\"2025-03-17T23:31:55+00:00\" \/>\n<meta property=\"og:image\" content=\"https:\/\/autofans.com.ar\/wp-content\/uploads\/2025\/03\/vw-8.jpg\" \/>\n\t<meta property=\"og:image:width\" content=\"1000\" \/>\n\t<meta property=\"og:image:height\" content=\"667\" \/>\n\t<meta property=\"og:image:type\" content=\"image\/jpeg\" \/>\n<meta name=\"author\" content=\"Alejandro Gabriel Rosito\" \/>\n<meta name=\"twitter:card\" content=\"summary_large_image\" \/>\n<meta name=\"twitter:label1\" content=\"Escrito por\" \/>\n\t<meta name=\"twitter:data1\" content=\"Alejandro Gabriel Rosito\" \/>\n\t<meta name=\"twitter:label2\" content=\"Tiempo de lectura\" \/>\n\t<meta name=\"twitter:data2\" content=\"2 minutos\" \/>\n<script type=\"application\/ld+json\" class=\"yoast-schema-graph\">{\"@context\":\"https:\\\/\\\/schema.org\",\"@graph\":[{\"@type\":\"Article\",\"@id\":\"https:\\\/\\\/autofans.com.ar\\\/index.php\\\/2025\\\/03\\\/17\\\/expoagro-2025-la-apuesta-de-volkswagen-con-amarok-taos-y-camiones-pesados\\\/#article\",\"isPartOf\":{\"@id\":\"https:\\\/\\\/autofans.com.ar\\\/index.php\\\/2025\\\/03\\\/17\\\/expoagro-2025-la-apuesta-de-volkswagen-con-amarok-taos-y-camiones-pesados\\\/\"},\"author\":{\"name\":\"Alejandro Gabriel Rosito\",\"@id\":\"https:\\\/\\\/autofans.com.ar\\\/#\\\/schema\\\/person\\\/4a8dda0b6df83ac3d6723e921274c2aa\"},\"headline\":\"Expoagro 2025, la apuesta de Volkswagen con Amarok, Taos y camiones pesados\",\"datePublished\":\"2025-03-17T23:31:55+00:00\",\"mainEntityOfPage\":{\"@id\":\"https:\\\/\\\/autofans.com.ar\\\/index.php\\\/2025\\\/03\\\/17\\\/expoagro-2025-la-apuesta-de-volkswagen-con-amarok-taos-y-camiones-pesados\\\/\"},\"wordCount\":362,\"image\":{\"@id\":\"https:\\\/\\\/autofans.com.ar\\\/index.php\\\/2025\\\/03\\\/17\\\/expoagro-2025-la-apuesta-de-volkswagen-con-amarok-taos-y-camiones-pesados\\\/#primaryimage\"},\"thumbnailUrl\":\"https:\\\/\\\/autofans.com.ar\\\/wp-content\\\/uploads\\\/2025\\\/03\\\/vw-8.jpg\",\"keywords\":[\"asistencia vehicular\",\"Expoagro 2025\",\"Expoagro San Nicol\u00e1s\",\"Financiamiento Volkswagen\",\"movilidad para el agro\",\"postventa Volkswagen\",\"Saveiro\",\"Volkswagen\",\"Volkswagen Amarok\",\"Volkswagen Camiones\",\"Volkswagen Taos\"],\"articleSection\":[\"EMPRESAS\",\"NOTICIAS\"],\"inLanguage\":\"es\"},{\"@type\":\"WebPage\",\"@id\":\"https:\\\/\\\/autofans.com.ar\\\/index.php\\\/2025\\\/03\\\/17\\\/expoagro-2025-la-apuesta-de-volkswagen-con-amarok-taos-y-camiones-pesados\\\/\",\"url\":\"https:\\\/\\\/autofans.com.ar\\\/index.php\\\/2025\\\/03\\\/17\\\/expoagro-2025-la-apuesta-de-volkswagen-con-amarok-taos-y-camiones-pesados\\\/\",\"name\":\"Expoagro 2025, la apuesta de Volkswagen con Amarok, Taos y camiones pesados -\",\"isPartOf\":{\"@id\":\"https:\\\/\\\/autofans.com.ar\\\/#website\"},\"primaryImageOfPage\":{\"@id\":\"https:\\\/\\\/autofans.com.ar\\\/index.php\\\/2025\\\/03\\\/17\\\/expoagro-2025-la-apuesta-de-volkswagen-con-amarok-taos-y-camiones-pesados\\\/#primaryimage\"},\"image\":{\"@id\":\"https:\\\/\\\/autofans.com.ar\\\/index.php\\\/2025\\\/03\\\/17\\\/expoagro-2025-la-apuesta-de-volkswagen-con-amarok-taos-y-camiones-pesados\\\/#primaryimage\"},\"thumbnailUrl\":\"https:\\\/\\\/autofans.com.ar\\\/wp-content\\\/uploads\\\/2025\\\/03\\\/vw-8.jpg\",\"datePublished\":\"2025-03-17T23:31:55+00:00\",\"author\":{\"@id\":\"https:\\\/\\\/autofans.com.ar\\\/#\\\/schema\\\/person\\\/4a8dda0b6df83ac3d6723e921274c2aa\"},\"description\":\"Volkswagen reafirma su compromiso con el sector agropecuario al participar en Expoagro 2025, la feria m\u00e1s relevante del campo argentino...\",\"breadcrumb\":{\"@id\":\"https:\\\/\\\/autofans.com.ar\\\/index.php\\\/2025\\\/03\\\/17\\\/expoagro-2025-la-apuesta-de-volkswagen-con-amarok-taos-y-camiones-pesados\\\/#breadcrumb\"},\"inLanguage\":\"es\",\"potentialAction\":[{\"@type\":\"ReadAction\",\"target\":[\"https:\\\/\\\/autofans.com.ar\\\/index.php\\\/2025\\\/03\\\/17\\\/expoagro-2025-la-apuesta-de-volkswagen-con-amarok-taos-y-camiones-pesados\\\/\"]}]},{\"@type\":\"ImageObject\",\"inLanguage\":\"es\",\"@id\":\"https:\\\/\\\/autofans.com.ar\\\/index.php\\\/2025\\\/03\\\/17\\\/expoagro-2025-la-apuesta-de-volkswagen-con-amarok-taos-y-camiones-pesados\\\/#primaryimage\",\"url\":\"https:\\\/\\\/autofans.com.ar\\\/wp-content\\\/uploads\\\/2025\\\/03\\\/vw-8.jpg\",\"contentUrl\":\"https:\\\/\\\/autofans.com.ar\\\/wp-content\\\/uploads\\\/2025\\\/03\\\/vw-8.jpg\",\"width\":1000,\"height\":667},{\"@type\":\"BreadcrumbList\",\"@id\":\"https:\\\/\\\/autofans.com.ar\\\/index.php\\\/2025\\\/03\\\/17\\\/expoagro-2025-la-apuesta-de-volkswagen-con-amarok-taos-y-camiones-pesados\\\/#breadcrumb\",\"itemListElement\":[{\"@type\":\"ListItem\",\"position\":1,\"name\":\"Inicio\",\"item\":\"https:\\\/\\\/autofans.com.ar\\\/\"},{\"@type\":\"ListItem\",\"position\":2,\"name\":\"Expoagro 2025, la apuesta de Volkswagen con Amarok, Taos y camiones pesados\"}]},{\"@type\":\"WebSite\",\"@id\":\"https:\\\/\\\/autofans.com.ar\\\/#website\",\"url\":\"https:\\\/\\\/autofans.com.ar\\\/\",\"name\":\"\",\"description\":\"El multimedio referente de la industria automotriz\",\"potentialAction\":[{\"@type\":\"SearchAction\",\"target\":{\"@type\":\"EntryPoint\",\"urlTemplate\":\"https:\\\/\\\/autofans.com.ar\\\/?s={search_term_string}\"},\"query-input\":{\"@type\":\"PropertyValueSpecification\",\"valueRequired\":true,\"valueName\":\"search_term_string\"}}],\"inLanguage\":\"es\"},{\"@type\":\"Person\",\"@id\":\"https:\\\/\\\/autofans.com.ar\\\/#\\\/schema\\\/person\\\/4a8dda0b6df83ac3d6723e921274c2aa\",\"name\":\"Alejandro Gabriel Rosito\",\"image\":{\"@type\":\"ImageObject\",\"inLanguage\":\"es\",\"@id\":\"https:\\\/\\\/secure.gravatar.com\\\/avatar\\\/16c5dda1489adfc62618084dcbb91cffd879c374b13fe5dd8e44ed6733852c88?s=96&d=mm&r=g\",\"url\":\"https:\\\/\\\/secure.gravatar.com\\\/avatar\\\/16c5dda1489adfc62618084dcbb91cffd879c374b13fe5dd8e44ed6733852c88?s=96&d=mm&r=g\",\"contentUrl\":\"https:\\\/\\\/secure.gravatar.com\\\/avatar\\\/16c5dda1489adfc62618084dcbb91cffd879c374b13fe5dd8e44ed6733852c88?s=96&d=mm&r=g\",\"caption\":\"Alejandro Gabriel Rosito\"},\"url\":\"https:\\\/\\\/autofans.com.ar\\\/index.php\\\/author\\\/gabrielr\\\/\"}]}<\/script>\n<!-- \/ Yoast SEO plugin. -->","yoast_head_json":{"title":"Expoagro 2025, la apuesta de Volkswagen con Amarok, Taos y camiones pesados -","description":"Volkswagen reafirma su compromiso con el sector agropecuario al participar en Expoagro 2025, la feria m\u00e1s relevante del campo argentino...","robots":{"index":"index","follow":"follow","max-snippet":"max-snippet:-1","max-image-preview":"max-image-preview:large","max-video-preview":"max-video-preview:-1"},"canonical":"https:\/\/autofans.com.ar\/index.php\/2025\/03\/17\/expoagro-2025-la-apuesta-de-volkswagen-con-amarok-taos-y-camiones-pesados\/","og_locale":"es_ES","og_type":"article","og_title":"Expoagro 2025, la apuesta de Volkswagen con Amarok, Taos y camiones pesados -","og_description":"Volkswagen reafirma su compromiso con el sector agropecuario al participar en Expoagro 2025, la feria m\u00e1s relevante del campo argentino...","og_url":"https:\/\/autofans.com.ar\/index.php\/2025\/03\/17\/expoagro-2025-la-apuesta-de-volkswagen-con-amarok-taos-y-camiones-pesados\/","article_published_time":"2025-03-17T23:31:55+00:00","og_image":[{"width":1000,"height":667,"url":"https:\/\/autofans.com.ar\/wp-content\/uploads\/2025\/03\/vw-8.jpg","type":"image\/jpeg"}],"author":"Alejandro Gabriel Rosito","twitter_card":"summary_large_image","twitter_misc":{"Escrito por":"Alejandro Gabriel Rosito","Tiempo de lectura":"2 minutos"},"schema":{"@context":"https:\/\/schema.org","@graph":[{"@type":"Article","@id":"https:\/\/autofans.com.ar\/index.php\/2025\/03\/17\/expoagro-2025-la-apuesta-de-volkswagen-con-amarok-taos-y-camiones-pesados\/#article","isPartOf":{"@id":"https:\/\/autofans.com.ar\/index.php\/2025\/03\/17\/expoagro-2025-la-apuesta-de-volkswagen-con-amarok-taos-y-camiones-pesados\/"},"author":{"name":"Alejandro Gabriel Rosito","@id":"https:\/\/autofans.com.ar\/#\/schema\/person\/4a8dda0b6df83ac3d6723e921274c2aa"},"headline":"Expoagro 2025, la apuesta de Volkswagen con Amarok, Taos y camiones pesados","datePublished":"2025-03-17T23:31:55+00:00","mainEntityOfPage":{"@id":"https:\/\/autofans.com.ar\/index.php\/2025\/03\/17\/expoagro-2025-la-apuesta-de-volkswagen-con-amarok-taos-y-camiones-pesados\/"},"wordCount":362,"image":{"@id":"https:\/\/autofans.com.ar\/index.php\/2025\/03\/17\/expoagro-2025-la-apuesta-de-volkswagen-con-amarok-taos-y-camiones-pesados\/#primaryimage"},"thumbnailUrl":"https:\/\/autofans.com.ar\/wp-content\/uploads\/2025\/03\/vw-8.jpg","keywords":["asistencia vehicular","Expoagro 2025","Expoagro San Nicol\u00e1s","Financiamiento Volkswagen","movilidad para el agro","postventa Volkswagen","Saveiro","Volkswagen","Volkswagen Amarok","Volkswagen Camiones","Volkswagen Taos"],"articleSection":["EMPRESAS","NOTICIAS"],"inLanguage":"es"},{"@type":"WebPage","@id":"https:\/\/autofans.com.ar\/index.php\/2025\/03\/17\/expoagro-2025-la-apuesta-de-volkswagen-con-amarok-taos-y-camiones-pesados\/","url":"https:\/\/autofans.com.ar\/index.php\/2025\/03\/17\/expoagro-2025-la-apuesta-de-volkswagen-con-amarok-taos-y-camiones-pesados\/","name":"Expoagro 2025, la apuesta de Volkswagen con Amarok, Taos y camiones pesados -","isPartOf":{"@id":"https:\/\/autofans.com.ar\/#website"},"primaryImageOfPage":{"@id":"https:\/\/autofans.com.ar\/index.php\/2025\/03\/17\/expoagro-2025-la-apuesta-de-volkswagen-con-amarok-taos-y-camiones-pesados\/#primaryimage"},"image":{"@id":"https:\/\/autofans.com.ar\/index.php\/2025\/03\/17\/expoagro-2025-la-apuesta-de-volkswagen-con-amarok-taos-y-camiones-pesados\/#primaryimage"},"thumbnailUrl":"https:\/\/autofans.com.ar\/wp-content\/uploads\/2025\/03\/vw-8.jpg","datePublished":"2025-03-17T23:31:55+00:00","author":{"@id":"https:\/\/autofans.com.ar\/#\/schema\/person\/4a8dda0b6df83ac3d6723e921274c2aa"},"description":"Volkswagen reafirma su compromiso con el sector agropecuario al participar en Expoagro 2025, la feria m\u00e1s relevante del campo argentino...","breadcrumb":{"@id":"https:\/\/autofans.com.ar\/index.php\/2025\/03\/17\/expoagro-2025-la-apuesta-de-volkswagen-con-amarok-taos-y-camiones-pesados\/#breadcrumb"},"inLanguage":"es","potentialAction":[{"@type":"ReadAction","target":["https:\/\/autofans.com.ar\/index.php\/2025\/03\/17\/expoagro-2025-la-apuesta-de-volkswagen-con-amarok-taos-y-camiones-pesados\/"]}]},{"@type":"ImageObject","inLanguage":"es","@id":"https:\/\/autofans.com.ar\/index.php\/2025\/03\/17\/expoagro-2025-la-apuesta-de-volkswagen-con-amarok-taos-y-camiones-pesados\/#primaryimage","url":"https:\/\/autofans.com.ar\/wp-content\/uploads\/2025\/03\/vw-8.jpg","contentUrl":"https:\/\/autofans.com.ar\/wp-content\/uploads\/2025\/03\/vw-8.jpg","width":1000,"height":667},{"@type":"BreadcrumbList","@id":"https:\/\/autofans.com.ar\/index.php\/2025\/03\/17\/expoagro-2025-la-apuesta-de-volkswagen-con-amarok-taos-y-camiones-pesados\/#breadcrumb","itemListElement":[{"@type":"ListItem","position":1,"name":"Inicio","item":"https:\/\/autofans.com.ar\/"},{"@type":"ListItem","position":2,"name":"Expoagro 2025, la apuesta de Volkswagen con Amarok, Taos y camiones pesados"}]},{"@type":"WebSite","@id":"https:\/\/autofans.com.ar\/#website","url":"https:\/\/autofans.com.ar\/","name":"","description":"El multimedio referente de la industria automotriz","potentialAction":[{"@type":"SearchAction","target":{"@type":"EntryPoint","urlTemplate":"https:\/\/autofans.com.ar\/?s={search_term_string}"},"query-input":{"@type":"PropertyValueSpecification","valueRequired":true,"valueName":"search_term_string"}}],"inLanguage":"es"},{"@type":"Person","@id":"https:\/\/autofans.com.ar\/#\/schema\/person\/4a8dda0b6df83ac3d6723e921274c2aa","name":"Alejandro Gabriel Rosito","image":{"@type":"ImageObject","inLanguage":"es","@id":"https:\/\/secure.gravatar.com\/avatar\/16c5dda1489adfc62618084dcbb91cffd879c374b13fe5dd8e44ed6733852c88?s=96&d=mm&r=g","url":"https:\/\/secure.gravatar.com\/avatar\/16c5dda1489adfc62618084dcbb91cffd879c374b13fe5dd8e44ed6733852c88?s=96&d=mm&r=g","contentUrl":"https:\/\/secure.gravatar.com\/avatar\/16c5dda1489adfc62618084dcbb91cffd879c374b13fe5dd8e44ed6733852c88?s=96&d=mm&r=g","caption":"Alejandro Gabriel Rosito"},"url":"https:\/\/autofans.com.ar\/index.php\/author\/gabrielr\/"}]}},"featured_image_urls":{"full":["https:\/\/autofans.com.ar\/wp-content\/uploads\/2025\/03\/vw-8.jpg",1000,667,false],"thumbnail":["https:\/\/autofans.com.ar\/wp-content\/uploads\/2025\/03\/vw-8-150x150.jpg",150,150,true],"medium":["https:\/\/autofans.com.ar\/wp-content\/uploads\/2025\/03\/vw-8-300x200.jpg",300,200,true],"medium_large":["https:\/\/autofans.com.ar\/wp-content\/uploads\/2025\/03\/vw-8-768x512.jpg",640,427,true],"large":["https:\/\/autofans.com.ar\/wp-content\/uploads\/2025\/03\/vw-8.jpg",640,427,false],"1536x1536":["https:\/\/autofans.com.ar\/wp-content\/uploads\/2025\/03\/vw-8.jpg",1000,667,false],"2048x2048":["https:\/\/autofans.com.ar\/wp-content\/uploads\/2025\/03\/vw-8.jpg",1000,667,false],"covernews-featured":["https:\/\/autofans.com.ar\/wp-content\/uploads\/2025\/03\/vw-8.jpg",1000,667,false],"covernews-medium":["https:\/\/autofans.com.ar\/wp-content\/uploads\/2025\/03\/vw-8-540x340.jpg",540,340,true]},"author_info":{"display_name":"Alejandro Gabriel Rosito","author_link":"https:\/\/autofans.com.ar\/index.php\/author\/gabrielr\/"},"category_info":"<a href=\"https:\/\/autofans.com.ar\/index.php\/category\/noticias\/empresas\/\" rel=\"category tag\">EMPRESAS<\/a> <a href=\"https:\/\/autofans.com.ar\/index.php\/category\/noticias\/\" rel=\"category tag\">NOTICIAS<\/a>","tag_info":"NOTICIAS","comment_count":0,"_links":{"self":[{"href":"https:\/\/autofans.com.ar\/index.php\/wp-json\/wp\/v2\/posts\/11526","targetHints":{"allow":["GET"]}}],"collection":[{"href":"https:\/\/autofans.com.ar\/index.php\/wp-json\/wp\/v2\/posts"}],"about":[{"href":"https:\/\/autofans.com.ar\/index.php\/wp-json\/wp\/v2\/types\/post"}],"author":[{"embeddable":true,"href":"https:\/\/autofans.com.ar\/index.php\/wp-json\/wp\/v2\/users\/2"}],"replies":[{"embeddable":true,"href":"https:\/\/autofans.com.ar\/index.php\/wp-json\/wp\/v2\/comments?post=11526"}],"version-history":[{"count":2,"href":"https:\/\/autofans.com.ar\/index.php\/wp-json\/wp\/v2\/posts\/11526\/revisions"}],"predecessor-version":[{"id":11536,"href":"https:\/\/autofans.com.ar\/index.php\/wp-json\/wp\/v2\/posts\/11526\/revisions\/11536"}],"wp:featuredmedia":[{"embeddable":true,"href":"https:\/\/autofans.com.ar\/index.php\/wp-json\/wp\/v2\/media\/11535"}],"wp:attachment":[{"href":"https:\/\/autofans.com.ar\/index.php\/wp-json\/wp\/v2\/media?parent=11526"}],"wp:term":[{"taxonomy":"category","embeddable":true,"href":"https:\/\/autofans.com.ar\/index.php\/wp-json\/wp\/v2\/categories?post=11526"},{"taxonomy":"post_tag","embeddable":true,"href":"https:\/\/autofans.com.ar\/index.php\/wp-json\/wp\/v2\/tags?post=11526"}],"curies":[{"name":"wp","href":"https:\/\/api.w.org\/{rel}","templated":true}]}}