{"id":11537,"date":"2025-03-18T15:00:02","date_gmt":"2025-03-18T18:00:02","guid":{"rendered":"https:\/\/autofans.com.ar\/?p=11537"},"modified":"2025-03-18T15:03:12","modified_gmt":"2025-03-18T18:03:12","slug":"la-apuesta-de-mercedes-benz-en-expoagro-2025","status":"publish","type":"post","link":"https:\/\/autofans.com.ar\/index.php\/2025\/03\/18\/la-apuesta-de-mercedes-benz-en-expoagro-2025\/","title":{"rendered":"La apuesta de Mercedes-Benz en Expoagro 2025"},"content":{"rendered":"<p data-pm-slice=\"1 1 []\">Mercedes-Benz Camiones y Buses reafirma su compromiso con el agro en Expoagro 2025, presentando la Nueva Generaci\u00f3n de Camiones y un portfolio de servicios dise\u00f1ado para optimizar la operatividad y rentabilidad del transporte. La marca exhibe los modelos Atego y Accelo, junto a nuevas versiones del Actros, y destaca su renovada oferta de soluciones digitales, postventa y financiamiento.<\/p>\n<p data-pm-slice=\"1 1 []\"><span style=\"color: #ffffff;\">.<\/span><\/p>\n<blockquote>\n<p style=\"text-align: center;\">\u00abExpoagro es una importante cita que permite acercarnos a nuestros clientes y amigos de la marca. Este a\u00f1o, junto a la Nueva Generaci\u00f3n de camiones Mercedes-Benz, presentamos nuevos servicios que nos posicionan como aliados claves para seguir acompa\u00f1ando a los principales actores que dinamizan el desarrollo del pa\u00eds. Ofrecemos productos innovadores y servicios a medida que aseguran un transporte eficiente y seguro\u00bb se\u00f1al\u00f3 Fernando Rivero, Director de Desarrollo de Red Comercial de Ventas y Postventa de Mercedes-Benz Camiones y Buses.<\/p>\n<\/blockquote>\n<p data-pm-slice=\"1 1 []\">\n<h2 data-pm-slice=\"1 1 []\">Servicios digitales y postventa<\/h2>\n<p>&nbsp;<\/p>\n<div id='gallery-1' class='gallery galleryid-11537 gallery-columns-2 gallery-size-full'><figure class='gallery-item'>\n\t\t\t<div class='gallery-icon landscape'>\n\t\t\t\t<a href='https:\/\/autofans.com.ar\/index.php\/2025\/03\/18\/la-apuesta-de-mercedes-benz-en-expoagro-2025\/mercedes-3-34\/'><img loading=\"lazy\" width=\"1000\" height=\"667\" src=\"https:\/\/autofans.com.ar\/wp-content\/uploads\/2025\/03\/mercedes-3.jpg\" class=\"attachment-full size-full\" alt=\"Mercedes-Benz\" srcset=\"https:\/\/autofans.com.ar\/wp-content\/uploads\/2025\/03\/mercedes-3.jpg 1000w, https:\/\/autofans.com.ar\/wp-content\/uploads\/2025\/03\/mercedes-3-300x200.jpg 300w, https:\/\/autofans.com.ar\/wp-content\/uploads\/2025\/03\/mercedes-3-768x512.jpg 768w\" sizes=\"auto, (max-width: 1000px) 100vw, 1000px\" loading=\"lazy\" decoding=\"async\" \/><\/a>\n\t\t\t<\/div><\/figure><figure class='gallery-item'>\n\t\t\t<div class='gallery-icon landscape'>\n\t\t\t\t<a href='https:\/\/autofans.com.ar\/index.php\/2025\/03\/18\/la-apuesta-de-mercedes-benz-en-expoagro-2025\/mercedes-4-17\/'><img loading=\"lazy\" width=\"1000\" height=\"667\" src=\"https:\/\/autofans.com.ar\/wp-content\/uploads\/2025\/03\/mercedes-4.jpg\" class=\"attachment-full size-full\" alt=\"Mercedes-Benz\" srcset=\"https:\/\/autofans.com.ar\/wp-content\/uploads\/2025\/03\/mercedes-4.jpg 1000w, https:\/\/autofans.com.ar\/wp-content\/uploads\/2025\/03\/mercedes-4-300x200.jpg 300w, https:\/\/autofans.com.ar\/wp-content\/uploads\/2025\/03\/mercedes-4-768x512.jpg 768w\" sizes=\"auto, (max-width: 1000px) 100vw, 1000px\" loading=\"lazy\" decoding=\"async\" \/><\/a>\n\t\t\t<\/div><\/figure>\n\t\t<\/div>\n\n<p>&nbsp;<\/p>\n<ul data-spread=\"false\">\n<li>FleetBoard: El nuevo portal global permite monitorear y administrar flotas en tiempo real con telemetr\u00eda avanzada, localizaci\u00f3n precisa y an\u00e1lisis de rendimiento en la nube. Integrado con Truck Uptime, optimiza la disponibilidad de los veh\u00edculos.<\/li>\n<li>Programa de Mantenimiento Flex: La renovaci\u00f3n de Serviceplus ofrece planes de mantenimiento personalizados con cuotas ajustadas seg\u00fan los kil\u00f3metros recorridos, asegurando mayor flexibilidad y eficiencia operativa.<\/li>\n<li>Atenci\u00f3n v\u00eda WhatsApp: Servicio disponible 24\/7 para consultas y asistencia en ruta. M\u00e1s del 80% de las reparaciones pueden realizarse in situ, minimizando el tiempo de inactividad.<\/li>\n<li>Torre de Control: Herramienta para gestionar reparaciones en concesionarios, agilizando la entrega de veh\u00edculos en los talleres.<\/li>\n<\/ul>\n<p>&nbsp;<\/p>\n<blockquote>\n<p style=\"text-align: center;\">\u00abCon nuestra robusta oferta de servicios, buscamos brindar soluciones integrales que acompa\u00f1en a nuestros clientes en todo el ciclo de vida de sus veh\u00edculos. Est\u00e1n dise\u00f1ados para reducir costos, optimizar tiempos y ofrecer una experiencia sin interrupciones en el d\u00eda a d\u00eda del transportista\u00bb, afirm\u00f3 Paula D\u00edaz, Gerenta de Servicios al Cliente y Conectividad de Mercedes-Benz Camiones y Buses.<\/p>\n<\/blockquote>\n<p>&nbsp;<\/p>\n<h2>Mercedes-Benz &#8211; soluciones financieras<\/h2>\n<p>Mercedes-Benz Compa\u00f1\u00eda Financiera presenta nuevas opciones de financiamiento, incluyendo una l\u00ednea en d\u00f3lares en alianza con Banco Galicia, dirigida a clientes del agro. Adem\u00e1s, ofrece leasing con financiaci\u00f3n del 100% del valor del cami\u00f3n y beneficios impositivos. En el stand, los interesados podr\u00e1n simular cr\u00e9ditos y obtener preaprobaciones instant\u00e1neas mediante la plataforma digital MyCredit.<\/p>\n<p>&nbsp;<\/p>\n<div id='gallery-2' class='gallery galleryid-11537 gallery-columns-2 gallery-size-full'><figure class='gallery-item'>\n\t\t\t<div class='gallery-icon landscape'>\n\t\t\t\t<a href='https:\/\/autofans.com.ar\/index.php\/2025\/03\/18\/la-apuesta-de-mercedes-benz-en-expoagro-2025\/mercedes-2-41\/'><img loading=\"lazy\" width=\"1000\" height=\"667\" src=\"https:\/\/autofans.com.ar\/wp-content\/uploads\/2025\/03\/mercedes-2.jpg\" class=\"attachment-full size-full\" alt=\"Mercedes-Benz\" srcset=\"https:\/\/autofans.com.ar\/wp-content\/uploads\/2025\/03\/mercedes-2.jpg 1000w, https:\/\/autofans.com.ar\/wp-content\/uploads\/2025\/03\/mercedes-2-300x200.jpg 300w, https:\/\/autofans.com.ar\/wp-content\/uploads\/2025\/03\/mercedes-2-768x512.jpg 768w\" sizes=\"auto, (max-width: 1000px) 100vw, 1000px\" loading=\"lazy\" decoding=\"async\" \/><\/a>\n\t\t\t<\/div><\/figure><figure class='gallery-item'>\n\t\t\t<div class='gallery-icon landscape'>\n\t\t\t\t<a href='https:\/\/autofans.com.ar\/index.php\/2025\/03\/18\/la-apuesta-de-mercedes-benz-en-expoagro-2025\/mercedes-5-9\/'><img loading=\"lazy\" width=\"1000\" height=\"667\" src=\"https:\/\/autofans.com.ar\/wp-content\/uploads\/2025\/03\/mercedes-5.jpg\" class=\"attachment-full size-full\" alt=\"Mercedes-Benz\" srcset=\"https:\/\/autofans.com.ar\/wp-content\/uploads\/2025\/03\/mercedes-5.jpg 1000w, https:\/\/autofans.com.ar\/wp-content\/uploads\/2025\/03\/mercedes-5-300x200.jpg 300w, https:\/\/autofans.com.ar\/wp-content\/uploads\/2025\/03\/mercedes-5-768x512.jpg 768w\" sizes=\"auto, (max-width: 1000px) 100vw, 1000px\" loading=\"lazy\" decoding=\"async\" \/><\/a>\n\t\t\t<\/div><\/figure>\n\t\t<\/div>\n\n<p>&nbsp;<\/p>\n<p>Con 45 puntos de atenci\u00f3n en Argentina, Mercedes-Benz Camiones y Buses reafirma su compromiso con los transportistas, ofreciendo un enfoque integral que abarca desde la compra hasta el mantenimiento y financiamiento, consolid\u00e1ndose como un socio estrat\u00e9gico del sector en Expoagro 2025.<\/p>\n<p>&nbsp;<\/p>\n<p>&nbsp;<\/p>\n<p>&nbsp;<\/p>\n<p><i>Para enterarte de m\u00e1s novedades, no dejes de leer\u00a0<\/i><a href=\"https:\/\/autofans.thebrandsoup.com\/\"><i>nuestras notas<\/i><\/a><i>, de ver<\/i><b><i>\u00a0<\/i><\/b><a href=\"https:\/\/www.youtube.com\/channel\/UCgAC8UGHZYbT6P7PpmVnP7g\"><b><i>AUTOFANS TV<\/i><\/b><\/a><b><i>\u00a0<\/i><\/b><i>en nuestro\u00a0canal de Youtube. Adem\u00e1s seguinos en\u00a0<\/i><a href=\"https:\/\/www.instagram.com\/autofanstv\/\"><i>INSTAGRAM<\/i><\/a><i> y <\/i><a href=\"https:\/\/www.facebook.com\/autofansmas\/\"><i>FACEBOOK<\/i><\/a><i> para no perderte nada sobre las novedades del segmento automotor de Argentina y el mundo.<\/i><\/p>\n","protected":false},"excerpt":{"rendered":"<p>Mercedes-Benz Camiones y Buses reafirma su compromiso con el agro en Expoagro 2025, presentando la&#8230;<\/p>\n","protected":false},"author":2,"featured_media":11542,"comment_status":"closed","ping_status":"closed","sticky":false,"template":"","format":"standard","meta":{"footnotes":""},"categories":[16,10],"tags":[6287,1427,6245,6290,5079,6292,3608,364,6291,6289],"class_list":["post-11537","post","type-post","status-publish","format-standard","has-post-thumbnail","hentry","category-noticias","category-utilitarios-y-pesados-lanzamientos","tag-asistencia-vehicular","tag-camiones-mercedes-benz","tag-expoagro-2025","tag-financiamiento-para-camiones","tag-fleetboard","tag-leasing-para-camiones","tag-mantenimiento-de-flotas","tag-mercedes-benz","tag-mercedes-benz-financiera","tag-soluciones-para-el-agro"],"yoast_head":"<!-- This site is optimized with the Yoast SEO plugin v27.5 - https:\/\/yoast.com\/product\/yoast-seo-wordpress\/ -->\n<title>La apuesta de Mercedes-Benz en Expoagro 2025 -<\/title>\n<meta name=\"description\" content=\"Mercedes-Benz Camiones y Buses reafirma su compromiso con el agro en Expoagro 2025, presentando la Nueva Generaci\u00f3n de Camiones...\" \/>\n<meta name=\"robots\" content=\"index, follow, max-snippet:-1, max-image-preview:large, max-video-preview:-1\" \/>\n<link rel=\"canonical\" href=\"https:\/\/autofans.com.ar\/index.php\/2025\/03\/18\/la-apuesta-de-mercedes-benz-en-expoagro-2025\/\" \/>\n<meta property=\"og:locale\" content=\"es_ES\" \/>\n<meta property=\"og:type\" content=\"article\" \/>\n<meta property=\"og:title\" content=\"La apuesta de Mercedes-Benz en Expoagro 2025 -\" \/>\n<meta property=\"og:description\" content=\"Mercedes-Benz Camiones y Buses reafirma su compromiso con el agro en Expoagro 2025, presentando la Nueva Generaci\u00f3n de Camiones...\" \/>\n<meta property=\"og:url\" content=\"https:\/\/autofans.com.ar\/index.php\/2025\/03\/18\/la-apuesta-de-mercedes-benz-en-expoagro-2025\/\" \/>\n<meta property=\"article:published_time\" content=\"2025-03-18T18:00:02+00:00\" \/>\n<meta property=\"article:modified_time\" content=\"2025-03-18T18:03:12+00:00\" \/>\n<meta property=\"og:image\" content=\"https:\/\/autofans.com.ar\/wp-content\/uploads\/2025\/03\/mercedes-1.jpg\" \/>\n\t<meta property=\"og:image:width\" content=\"1000\" \/>\n\t<meta property=\"og:image:height\" content=\"667\" \/>\n\t<meta property=\"og:image:type\" content=\"image\/jpeg\" \/>\n<meta name=\"author\" content=\"Alejandro Gabriel Rosito\" \/>\n<meta name=\"twitter:card\" content=\"summary_large_image\" \/>\n<meta name=\"twitter:label1\" content=\"Escrito por\" \/>\n\t<meta name=\"twitter:data1\" content=\"Alejandro Gabriel Rosito\" \/>\n\t<meta name=\"twitter:label2\" content=\"Tiempo de lectura\" \/>\n\t<meta name=\"twitter:data2\" content=\"2 minutos\" \/>\n<script type=\"application\/ld+json\" class=\"yoast-schema-graph\">{\"@context\":\"https:\\\/\\\/schema.org\",\"@graph\":[{\"@type\":\"Article\",\"@id\":\"https:\\\/\\\/autofans.com.ar\\\/index.php\\\/2025\\\/03\\\/18\\\/la-apuesta-de-mercedes-benz-en-expoagro-2025\\\/#article\",\"isPartOf\":{\"@id\":\"https:\\\/\\\/autofans.com.ar\\\/index.php\\\/2025\\\/03\\\/18\\\/la-apuesta-de-mercedes-benz-en-expoagro-2025\\\/\"},\"author\":{\"name\":\"Alejandro Gabriel Rosito\",\"@id\":\"https:\\\/\\\/autofans.com.ar\\\/#\\\/schema\\\/person\\\/4a8dda0b6df83ac3d6723e921274c2aa\"},\"headline\":\"La apuesta de Mercedes-Benz en Expoagro 2025\",\"datePublished\":\"2025-03-18T18:00:02+00:00\",\"dateModified\":\"2025-03-18T18:03:12+00:00\",\"mainEntityOfPage\":{\"@id\":\"https:\\\/\\\/autofans.com.ar\\\/index.php\\\/2025\\\/03\\\/18\\\/la-apuesta-de-mercedes-benz-en-expoagro-2025\\\/\"},\"wordCount\":504,\"image\":{\"@id\":\"https:\\\/\\\/autofans.com.ar\\\/index.php\\\/2025\\\/03\\\/18\\\/la-apuesta-de-mercedes-benz-en-expoagro-2025\\\/#primaryimage\"},\"thumbnailUrl\":\"https:\\\/\\\/autofans.com.ar\\\/wp-content\\\/uploads\\\/2025\\\/03\\\/mercedes-1.jpg\",\"keywords\":[\"asistencia vehicular\",\"camiones Mercedes-Benz\",\"Expoagro 2025\",\"financiamiento para camiones\",\"Fleetboard\",\"leasing para camiones\",\"mantenimiento de flotas\",\"Mercedes-Benz\",\"Mercedes-Benz Financiera\",\"soluciones para el agro\"],\"articleSection\":[\"NOTICIAS\",\"Pick Ups, Utilitarios y Pesados\"],\"inLanguage\":\"es\"},{\"@type\":\"WebPage\",\"@id\":\"https:\\\/\\\/autofans.com.ar\\\/index.php\\\/2025\\\/03\\\/18\\\/la-apuesta-de-mercedes-benz-en-expoagro-2025\\\/\",\"url\":\"https:\\\/\\\/autofans.com.ar\\\/index.php\\\/2025\\\/03\\\/18\\\/la-apuesta-de-mercedes-benz-en-expoagro-2025\\\/\",\"name\":\"La apuesta de Mercedes-Benz en Expoagro 2025 -\",\"isPartOf\":{\"@id\":\"https:\\\/\\\/autofans.com.ar\\\/#website\"},\"primaryImageOfPage\":{\"@id\":\"https:\\\/\\\/autofans.com.ar\\\/index.php\\\/2025\\\/03\\\/18\\\/la-apuesta-de-mercedes-benz-en-expoagro-2025\\\/#primaryimage\"},\"image\":{\"@id\":\"https:\\\/\\\/autofans.com.ar\\\/index.php\\\/2025\\\/03\\\/18\\\/la-apuesta-de-mercedes-benz-en-expoagro-2025\\\/#primaryimage\"},\"thumbnailUrl\":\"https:\\\/\\\/autofans.com.ar\\\/wp-content\\\/uploads\\\/2025\\\/03\\\/mercedes-1.jpg\",\"datePublished\":\"2025-03-18T18:00:02+00:00\",\"dateModified\":\"2025-03-18T18:03:12+00:00\",\"author\":{\"@id\":\"https:\\\/\\\/autofans.com.ar\\\/#\\\/schema\\\/person\\\/4a8dda0b6df83ac3d6723e921274c2aa\"},\"description\":\"Mercedes-Benz Camiones y Buses reafirma su compromiso con el agro en Expoagro 2025, presentando la Nueva Generaci\u00f3n de Camiones...\",\"breadcrumb\":{\"@id\":\"https:\\\/\\\/autofans.com.ar\\\/index.php\\\/2025\\\/03\\\/18\\\/la-apuesta-de-mercedes-benz-en-expoagro-2025\\\/#breadcrumb\"},\"inLanguage\":\"es\",\"potentialAction\":[{\"@type\":\"ReadAction\",\"target\":[\"https:\\\/\\\/autofans.com.ar\\\/index.php\\\/2025\\\/03\\\/18\\\/la-apuesta-de-mercedes-benz-en-expoagro-2025\\\/\"]}]},{\"@type\":\"ImageObject\",\"inLanguage\":\"es\",\"@id\":\"https:\\\/\\\/autofans.com.ar\\\/index.php\\\/2025\\\/03\\\/18\\\/la-apuesta-de-mercedes-benz-en-expoagro-2025\\\/#primaryimage\",\"url\":\"https:\\\/\\\/autofans.com.ar\\\/wp-content\\\/uploads\\\/2025\\\/03\\\/mercedes-1.jpg\",\"contentUrl\":\"https:\\\/\\\/autofans.com.ar\\\/wp-content\\\/uploads\\\/2025\\\/03\\\/mercedes-1.jpg\",\"width\":1000,\"height\":667,\"caption\":\"Mercedes-Benz\"},{\"@type\":\"BreadcrumbList\",\"@id\":\"https:\\\/\\\/autofans.com.ar\\\/index.php\\\/2025\\\/03\\\/18\\\/la-apuesta-de-mercedes-benz-en-expoagro-2025\\\/#breadcrumb\",\"itemListElement\":[{\"@type\":\"ListItem\",\"position\":1,\"name\":\"Inicio\",\"item\":\"https:\\\/\\\/autofans.com.ar\\\/\"},{\"@type\":\"ListItem\",\"position\":2,\"name\":\"La apuesta de Mercedes-Benz en Expoagro 2025\"}]},{\"@type\":\"WebSite\",\"@id\":\"https:\\\/\\\/autofans.com.ar\\\/#website\",\"url\":\"https:\\\/\\\/autofans.com.ar\\\/\",\"name\":\"\",\"description\":\"El multimedio referente de la industria automotriz\",\"potentialAction\":[{\"@type\":\"SearchAction\",\"target\":{\"@type\":\"EntryPoint\",\"urlTemplate\":\"https:\\\/\\\/autofans.com.ar\\\/?s={search_term_string}\"},\"query-input\":{\"@type\":\"PropertyValueSpecification\",\"valueRequired\":true,\"valueName\":\"search_term_string\"}}],\"inLanguage\":\"es\"},{\"@type\":\"Person\",\"@id\":\"https:\\\/\\\/autofans.com.ar\\\/#\\\/schema\\\/person\\\/4a8dda0b6df83ac3d6723e921274c2aa\",\"name\":\"Alejandro Gabriel Rosito\",\"image\":{\"@type\":\"ImageObject\",\"inLanguage\":\"es\",\"@id\":\"https:\\\/\\\/secure.gravatar.com\\\/avatar\\\/16c5dda1489adfc62618084dcbb91cffd879c374b13fe5dd8e44ed6733852c88?s=96&d=mm&r=g\",\"url\":\"https:\\\/\\\/secure.gravatar.com\\\/avatar\\\/16c5dda1489adfc62618084dcbb91cffd879c374b13fe5dd8e44ed6733852c88?s=96&d=mm&r=g\",\"contentUrl\":\"https:\\\/\\\/secure.gravatar.com\\\/avatar\\\/16c5dda1489adfc62618084dcbb91cffd879c374b13fe5dd8e44ed6733852c88?s=96&d=mm&r=g\",\"caption\":\"Alejandro Gabriel Rosito\"},\"url\":\"https:\\\/\\\/autofans.com.ar\\\/index.php\\\/author\\\/gabrielr\\\/\"}]}<\/script>\n<!-- \/ Yoast SEO plugin. -->","yoast_head_json":{"title":"La apuesta de Mercedes-Benz en Expoagro 2025 -","description":"Mercedes-Benz Camiones y Buses reafirma su compromiso con el agro en Expoagro 2025, presentando la Nueva Generaci\u00f3n de Camiones...","robots":{"index":"index","follow":"follow","max-snippet":"max-snippet:-1","max-image-preview":"max-image-preview:large","max-video-preview":"max-video-preview:-1"},"canonical":"https:\/\/autofans.com.ar\/index.php\/2025\/03\/18\/la-apuesta-de-mercedes-benz-en-expoagro-2025\/","og_locale":"es_ES","og_type":"article","og_title":"La apuesta de Mercedes-Benz en Expoagro 2025 -","og_description":"Mercedes-Benz Camiones y Buses reafirma su compromiso con el agro en Expoagro 2025, presentando la Nueva Generaci\u00f3n de Camiones...","og_url":"https:\/\/autofans.com.ar\/index.php\/2025\/03\/18\/la-apuesta-de-mercedes-benz-en-expoagro-2025\/","article_published_time":"2025-03-18T18:00:02+00:00","article_modified_time":"2025-03-18T18:03:12+00:00","og_image":[{"width":1000,"height":667,"url":"https:\/\/autofans.com.ar\/wp-content\/uploads\/2025\/03\/mercedes-1.jpg","type":"image\/jpeg"}],"author":"Alejandro Gabriel Rosito","twitter_card":"summary_large_image","twitter_misc":{"Escrito por":"Alejandro Gabriel Rosito","Tiempo de lectura":"2 minutos"},"schema":{"@context":"https:\/\/schema.org","@graph":[{"@type":"Article","@id":"https:\/\/autofans.com.ar\/index.php\/2025\/03\/18\/la-apuesta-de-mercedes-benz-en-expoagro-2025\/#article","isPartOf":{"@id":"https:\/\/autofans.com.ar\/index.php\/2025\/03\/18\/la-apuesta-de-mercedes-benz-en-expoagro-2025\/"},"author":{"name":"Alejandro Gabriel Rosito","@id":"https:\/\/autofans.com.ar\/#\/schema\/person\/4a8dda0b6df83ac3d6723e921274c2aa"},"headline":"La apuesta de Mercedes-Benz en Expoagro 2025","datePublished":"2025-03-18T18:00:02+00:00","dateModified":"2025-03-18T18:03:12+00:00","mainEntityOfPage":{"@id":"https:\/\/autofans.com.ar\/index.php\/2025\/03\/18\/la-apuesta-de-mercedes-benz-en-expoagro-2025\/"},"wordCount":504,"image":{"@id":"https:\/\/autofans.com.ar\/index.php\/2025\/03\/18\/la-apuesta-de-mercedes-benz-en-expoagro-2025\/#primaryimage"},"thumbnailUrl":"https:\/\/autofans.com.ar\/wp-content\/uploads\/2025\/03\/mercedes-1.jpg","keywords":["asistencia vehicular","camiones Mercedes-Benz","Expoagro 2025","financiamiento para camiones","Fleetboard","leasing para camiones","mantenimiento de flotas","Mercedes-Benz","Mercedes-Benz Financiera","soluciones para el agro"],"articleSection":["NOTICIAS","Pick Ups, Utilitarios y Pesados"],"inLanguage":"es"},{"@type":"WebPage","@id":"https:\/\/autofans.com.ar\/index.php\/2025\/03\/18\/la-apuesta-de-mercedes-benz-en-expoagro-2025\/","url":"https:\/\/autofans.com.ar\/index.php\/2025\/03\/18\/la-apuesta-de-mercedes-benz-en-expoagro-2025\/","name":"La apuesta de Mercedes-Benz en Expoagro 2025 -","isPartOf":{"@id":"https:\/\/autofans.com.ar\/#website"},"primaryImageOfPage":{"@id":"https:\/\/autofans.com.ar\/index.php\/2025\/03\/18\/la-apuesta-de-mercedes-benz-en-expoagro-2025\/#primaryimage"},"image":{"@id":"https:\/\/autofans.com.ar\/index.php\/2025\/03\/18\/la-apuesta-de-mercedes-benz-en-expoagro-2025\/#primaryimage"},"thumbnailUrl":"https:\/\/autofans.com.ar\/wp-content\/uploads\/2025\/03\/mercedes-1.jpg","datePublished":"2025-03-18T18:00:02+00:00","dateModified":"2025-03-18T18:03:12+00:00","author":{"@id":"https:\/\/autofans.com.ar\/#\/schema\/person\/4a8dda0b6df83ac3d6723e921274c2aa"},"description":"Mercedes-Benz Camiones y Buses reafirma su compromiso con el agro en Expoagro 2025, presentando la Nueva Generaci\u00f3n de Camiones...","breadcrumb":{"@id":"https:\/\/autofans.com.ar\/index.php\/2025\/03\/18\/la-apuesta-de-mercedes-benz-en-expoagro-2025\/#breadcrumb"},"inLanguage":"es","potentialAction":[{"@type":"ReadAction","target":["https:\/\/autofans.com.ar\/index.php\/2025\/03\/18\/la-apuesta-de-mercedes-benz-en-expoagro-2025\/"]}]},{"@type":"ImageObject","inLanguage":"es","@id":"https:\/\/autofans.com.ar\/index.php\/2025\/03\/18\/la-apuesta-de-mercedes-benz-en-expoagro-2025\/#primaryimage","url":"https:\/\/autofans.com.ar\/wp-content\/uploads\/2025\/03\/mercedes-1.jpg","contentUrl":"https:\/\/autofans.com.ar\/wp-content\/uploads\/2025\/03\/mercedes-1.jpg","width":1000,"height":667,"caption":"Mercedes-Benz"},{"@type":"BreadcrumbList","@id":"https:\/\/autofans.com.ar\/index.php\/2025\/03\/18\/la-apuesta-de-mercedes-benz-en-expoagro-2025\/#breadcrumb","itemListElement":[{"@type":"ListItem","position":1,"name":"Inicio","item":"https:\/\/autofans.com.ar\/"},{"@type":"ListItem","position":2,"name":"La apuesta de Mercedes-Benz en Expoagro 2025"}]},{"@type":"WebSite","@id":"https:\/\/autofans.com.ar\/#website","url":"https:\/\/autofans.com.ar\/","name":"","description":"El multimedio referente de la industria automotriz","potentialAction":[{"@type":"SearchAction","target":{"@type":"EntryPoint","urlTemplate":"https:\/\/autofans.com.ar\/?s={search_term_string}"},"query-input":{"@type":"PropertyValueSpecification","valueRequired":true,"valueName":"search_term_string"}}],"inLanguage":"es"},{"@type":"Person","@id":"https:\/\/autofans.com.ar\/#\/schema\/person\/4a8dda0b6df83ac3d6723e921274c2aa","name":"Alejandro Gabriel Rosito","image":{"@type":"ImageObject","inLanguage":"es","@id":"https:\/\/secure.gravatar.com\/avatar\/16c5dda1489adfc62618084dcbb91cffd879c374b13fe5dd8e44ed6733852c88?s=96&d=mm&r=g","url":"https:\/\/secure.gravatar.com\/avatar\/16c5dda1489adfc62618084dcbb91cffd879c374b13fe5dd8e44ed6733852c88?s=96&d=mm&r=g","contentUrl":"https:\/\/secure.gravatar.com\/avatar\/16c5dda1489adfc62618084dcbb91cffd879c374b13fe5dd8e44ed6733852c88?s=96&d=mm&r=g","caption":"Alejandro Gabriel Rosito"},"url":"https:\/\/autofans.com.ar\/index.php\/author\/gabrielr\/"}]}},"featured_image_urls":{"full":["https:\/\/autofans.com.ar\/wp-content\/uploads\/2025\/03\/mercedes-1.jpg",1000,667,false],"thumbnail":["https:\/\/autofans.com.ar\/wp-content\/uploads\/2025\/03\/mercedes-1-150x150.jpg",150,150,true],"medium":["https:\/\/autofans.com.ar\/wp-content\/uploads\/2025\/03\/mercedes-1-300x200.jpg",300,200,true],"medium_large":["https:\/\/autofans.com.ar\/wp-content\/uploads\/2025\/03\/mercedes-1-768x512.jpg",640,427,true],"large":["https:\/\/autofans.com.ar\/wp-content\/uploads\/2025\/03\/mercedes-1.jpg",640,427,false],"1536x1536":["https:\/\/autofans.com.ar\/wp-content\/uploads\/2025\/03\/mercedes-1.jpg",1000,667,false],"2048x2048":["https:\/\/autofans.com.ar\/wp-content\/uploads\/2025\/03\/mercedes-1.jpg",1000,667,false],"covernews-featured":["https:\/\/autofans.com.ar\/wp-content\/uploads\/2025\/03\/mercedes-1.jpg",1000,667,false],"covernews-medium":["https:\/\/autofans.com.ar\/wp-content\/uploads\/2025\/03\/mercedes-1-540x340.jpg",540,340,true]},"author_info":{"display_name":"Alejandro Gabriel Rosito","author_link":"https:\/\/autofans.com.ar\/index.php\/author\/gabrielr\/"},"category_info":"<a href=\"https:\/\/autofans.com.ar\/index.php\/category\/noticias\/\" rel=\"category tag\">NOTICIAS<\/a> <a href=\"https:\/\/autofans.com.ar\/index.php\/category\/lanzamientos\/utilitarios-y-pesados-lanzamientos\/\" rel=\"category tag\">Pick Ups, Utilitarios y Pesados<\/a>","tag_info":"Pick Ups, Utilitarios y Pesados","comment_count":0,"_links":{"self":[{"href":"https:\/\/autofans.com.ar\/index.php\/wp-json\/wp\/v2\/posts\/11537","targetHints":{"allow":["GET"]}}],"collection":[{"href":"https:\/\/autofans.com.ar\/index.php\/wp-json\/wp\/v2\/posts"}],"about":[{"href":"https:\/\/autofans.com.ar\/index.php\/wp-json\/wp\/v2\/types\/post"}],"author":[{"embeddable":true,"href":"https:\/\/autofans.com.ar\/index.php\/wp-json\/wp\/v2\/users\/2"}],"replies":[{"embeddable":true,"href":"https:\/\/autofans.com.ar\/index.php\/wp-json\/wp\/v2\/comments?post=11537"}],"version-history":[{"count":3,"href":"https:\/\/autofans.com.ar\/index.php\/wp-json\/wp\/v2\/posts\/11537\/revisions"}],"predecessor-version":[{"id":11545,"href":"https:\/\/autofans.com.ar\/index.php\/wp-json\/wp\/v2\/posts\/11537\/revisions\/11545"}],"wp:featuredmedia":[{"embeddable":true,"href":"https:\/\/autofans.com.ar\/index.php\/wp-json\/wp\/v2\/media\/11542"}],"wp:attachment":[{"href":"https:\/\/autofans.com.ar\/index.php\/wp-json\/wp\/v2\/media?parent=11537"}],"wp:term":[{"taxonomy":"category","embeddable":true,"href":"https:\/\/autofans.com.ar\/index.php\/wp-json\/wp\/v2\/categories?post=11537"},{"taxonomy":"post_tag","embeddable":true,"href":"https:\/\/autofans.com.ar\/index.php\/wp-json\/wp\/v2\/tags?post=11537"}],"curies":[{"name":"wp","href":"https:\/\/api.w.org\/{rel}","templated":true}]}}