{"id":11546,"date":"2025-03-18T19:54:47","date_gmt":"2025-03-18T22:54:47","guid":{"rendered":"https:\/\/autofans.com.ar\/?p=11546"},"modified":"2025-03-18T19:54:47","modified_gmt":"2025-03-18T22:54:47","slug":"citroen-gs-y-sm-cumplen-55-anos","status":"publish","type":"post","link":"https:\/\/autofans.com.ar\/index.php\/2025\/03\/18\/citroen-gs-y-sm-cumplen-55-anos\/","title":{"rendered":"Citro\u00ebn GS y SM cumplen 55 a\u00f1os"},"content":{"rendered":"<p data-pm-slice=\"1 1 []\">El 11 de marzo de 1970, en el Sal\u00f3n del Autom\u00f3vil de Ginebra, Citro\u00ebn present\u00f3 dos modelos que redefinir\u00edan la industria automotriz: el Citro\u00ebn GS y el Citro\u00ebn SM. A 55 a\u00f1os de su debut, estos veh\u00edculos siguen siendo referencia en innovaci\u00f3n, confort y dise\u00f1o vanguardista.<\/p>\n<h2>Citro\u00ebn GS &#8211; eficiencia y confort<\/h2>\n<p>El Citro\u00ebn GS revolucion\u00f3 el segmento de los medianos con su dise\u00f1o aerodin\u00e1mico y tecnolog\u00eda avanzada. Su suspensi\u00f3n hidroneum\u00e1tica garantizaba un andar suave y estable, superando a muchos competidores de su \u00e9poca. Impulsado por un motor de cuatro cilindros refrigerado por aire, el GS destac\u00f3 por su fiabilidad y eficiencia.<\/p>\n<p>&nbsp;<\/p>\n<div id='gallery-1' class='gallery galleryid-11546 gallery-columns-2 gallery-size-full'><figure class='gallery-item'>\n\t\t\t<div class='gallery-icon landscape'>\n\t\t\t\t<a href='https:\/\/autofans.com.ar\/index.php\/2025\/03\/18\/citroen-gs-y-sm-cumplen-55-anos\/gs3\/'><img loading=\"lazy\" width=\"1000\" height=\"667\" src=\"https:\/\/autofans.com.ar\/wp-content\/uploads\/2025\/03\/gs3.jpg\" class=\"attachment-full size-full\" alt=\"Citro\u00ebn GS\" srcset=\"https:\/\/autofans.com.ar\/wp-content\/uploads\/2025\/03\/gs3.jpg 1000w, https:\/\/autofans.com.ar\/wp-content\/uploads\/2025\/03\/gs3-300x200.jpg 300w, https:\/\/autofans.com.ar\/wp-content\/uploads\/2025\/03\/gs3-768x512.jpg 768w\" sizes=\"auto, (max-width: 1000px) 100vw, 1000px\" loading=\"lazy\" decoding=\"async\" \/><\/a>\n\t\t\t<\/div><\/figure><figure class='gallery-item'>\n\t\t\t<div class='gallery-icon landscape'>\n\t\t\t\t<a href='https:\/\/autofans.com.ar\/index.php\/2025\/03\/18\/citroen-gs-y-sm-cumplen-55-anos\/gs5\/'><img loading=\"lazy\" width=\"1000\" height=\"667\" src=\"https:\/\/autofans.com.ar\/wp-content\/uploads\/2025\/03\/gs5.jpg\" class=\"attachment-full size-full\" alt=\"Citro\u00ebn GS\" srcset=\"https:\/\/autofans.com.ar\/wp-content\/uploads\/2025\/03\/gs5.jpg 1000w, https:\/\/autofans.com.ar\/wp-content\/uploads\/2025\/03\/gs5-300x200.jpg 300w, https:\/\/autofans.com.ar\/wp-content\/uploads\/2025\/03\/gs5-768x512.jpg 768w\" sizes=\"auto, (max-width: 1000px) 100vw, 1000px\" loading=\"lazy\" decoding=\"async\" \/><\/a>\n\t\t\t<\/div><\/figure>\n\t\t<\/div>\n\n<p>&nbsp;<\/p>\n<p>En 1971, la gama se ampli\u00f3 con las versiones Break y Service, optimizando la capacidad de carga y la versatilidad del modelo. La versi\u00f3n Break ofrec\u00eda un ba\u00fal de 710 litros, mientras que el GS Service contaba con opciones comerciales adaptadas al transporte de mercader\u00edas. Gracias a su innovaci\u00f3n y practicidad, el GS fue elegido \u00abAuto Europeo del A\u00f1o\u00bb en 1971 y alcanz\u00f3 una producci\u00f3n de 2,5 millones de unidades hasta 1986.<\/p>\n<p>&nbsp;<\/p>\n<h2>Citro\u00ebn SM &#8211; lujo y deportividad<\/h2>\n<p>El Citro\u00ebn SM llev\u00f3 el concepto de Gran Turismo a otro nivel. Equipado con un motor V6 desarrollado por Maserati, alcanzaba los 220 km\/h, convirti\u00e9ndose en uno de los modelos de tracci\u00f3n delantera m\u00e1s r\u00e1pidos de la d\u00e9cada de 1970. Su dise\u00f1o futurista, obra de Robert Opron, combinaba aerodin\u00e1mica con elegancia, logrando un coeficiente de resistencia de apenas 0,26.<\/p>\n<p>&nbsp;<\/p>\n<div id='gallery-2' class='gallery galleryid-11546 gallery-columns-3 gallery-size-full'><figure class='gallery-item'>\n\t\t\t<div class='gallery-icon landscape'>\n\t\t\t\t<a href='https:\/\/autofans.com.ar\/index.php\/2025\/03\/18\/citroen-gs-y-sm-cumplen-55-anos\/sm2\/'><img loading=\"lazy\" width=\"1000\" height=\"667\" src=\"https:\/\/autofans.com.ar\/wp-content\/uploads\/2025\/03\/sm2.jpg\" class=\"attachment-full size-full\" alt=\"Citro\u00ebn GS\" aria-describedby=\"gallery-2-11549\" srcset=\"https:\/\/autofans.com.ar\/wp-content\/uploads\/2025\/03\/sm2.jpg 1000w, https:\/\/autofans.com.ar\/wp-content\/uploads\/2025\/03\/sm2-300x200.jpg 300w, https:\/\/autofans.com.ar\/wp-content\/uploads\/2025\/03\/sm2-768x512.jpg 768w\" sizes=\"auto, (max-width: 1000px) 100vw, 1000px\" loading=\"lazy\" decoding=\"async\" \/><\/a>\n\t\t\t<\/div>\n\t\t\t\t<figcaption class='wp-caption-text gallery-caption' id='gallery-2-11549'>\n\t\t\t\tCitro\u00ebn SM2\n\t\t\t\t<\/figcaption><\/figure><figure class='gallery-item'>\n\t\t\t<div class='gallery-icon landscape'>\n\t\t\t\t<a href='https:\/\/autofans.com.ar\/index.php\/2025\/03\/18\/citroen-gs-y-sm-cumplen-55-anos\/sm3\/'><img loading=\"lazy\" width=\"1000\" height=\"667\" src=\"https:\/\/autofans.com.ar\/wp-content\/uploads\/2025\/03\/sm3.jpg\" class=\"attachment-full size-full\" alt=\"Citro\u00ebn GS\" aria-describedby=\"gallery-2-11548\" srcset=\"https:\/\/autofans.com.ar\/wp-content\/uploads\/2025\/03\/sm3.jpg 1000w, https:\/\/autofans.com.ar\/wp-content\/uploads\/2025\/03\/sm3-300x200.jpg 300w, https:\/\/autofans.com.ar\/wp-content\/uploads\/2025\/03\/sm3-768x512.jpg 768w\" sizes=\"auto, (max-width: 1000px) 100vw, 1000px\" loading=\"lazy\" decoding=\"async\" \/><\/a>\n\t\t\t<\/div>\n\t\t\t\t<figcaption class='wp-caption-text gallery-caption' id='gallery-2-11548'>\n\t\t\t\tCitro\u00ebn SM3\n\t\t\t\t<\/figcaption><\/figure><figure class='gallery-item'>\n\t\t\t<div class='gallery-icon landscape'>\n\t\t\t\t<a href='https:\/\/autofans.com.ar\/index.php\/2025\/03\/18\/citroen-gs-y-sm-cumplen-55-anos\/sm5\/'><img loading=\"lazy\" width=\"1000\" height=\"667\" src=\"https:\/\/autofans.com.ar\/wp-content\/uploads\/2025\/03\/sm5.jpg\" class=\"attachment-full size-full\" alt=\"Citro\u00ebn GS\" aria-describedby=\"gallery-2-11547\" srcset=\"https:\/\/autofans.com.ar\/wp-content\/uploads\/2025\/03\/sm5.jpg 1000w, https:\/\/autofans.com.ar\/wp-content\/uploads\/2025\/03\/sm5-300x200.jpg 300w, https:\/\/autofans.com.ar\/wp-content\/uploads\/2025\/03\/sm5-768x512.jpg 768w\" sizes=\"auto, (max-width: 1000px) 100vw, 1000px\" loading=\"lazy\" decoding=\"async\" \/><\/a>\n\t\t\t<\/div>\n\t\t\t\t<figcaption class='wp-caption-text gallery-caption' id='gallery-2-11547'>\n\t\t\t\tCitro\u00ebn SM5\n\t\t\t\t<\/figcaption><\/figure>\n\t\t<\/div>\n\n<p>&nbsp;<\/p>\n<p>Entre sus innovaciones, se destacaban la suspensi\u00f3n hidroneum\u00e1tica autonivelante y la direcci\u00f3n asistida progresiva Diravi, que ajustaba la asistencia seg\u00fan la velocidad. Adem\u00e1s, fue pionero en incorporar un volante regulable en altura y profundidad, mejorando la ergonom\u00eda de manejo.<\/p>\n<p>El Citro\u00ebn SM conquist\u00f3 a celebridades y mandatarios, incluyendo a Johan Cruyff, Jay Leno y Georges Pompidou. Aunque su producci\u00f3n ces\u00f3 en 1975, su legado sigue vivo como un cl\u00e1sico de culto que refleja la audacia y el esp\u00edritu innovador de Citro\u00ebn.<\/p>\n<p>&nbsp;<\/p>\n<p>&nbsp;<\/p>\n<p>&nbsp;<\/p>\n<p><i>Para enterarte de m\u00e1s novedades, no dejes de leer\u00a0<\/i><a href=\"https:\/\/autofans.thebrandsoup.com\/\"><i>nuestras notas<\/i><\/a><i>, de ver<\/i><b><i>\u00a0<\/i><\/b><a href=\"https:\/\/www.youtube.com\/channel\/UCgAC8UGHZYbT6P7PpmVnP7g\"><b><i>AUTOFANS TV<\/i><\/b><\/a><b><i>\u00a0<\/i><\/b><i>en nuestro\u00a0canal de Youtube. Adem\u00e1s seguinos en\u00a0<\/i><a href=\"https:\/\/www.instagram.com\/autofanstv\/\"><i>INSTAGRAM<\/i><\/a><i> y <\/i><a href=\"https:\/\/www.facebook.com\/autofansmas\/\"><i>FACEBOOK<\/i><\/a><i> para no perderte nada sobre las novedades del segmento automotor de Argentina y el mundo.<\/i><\/p>\n","protected":false},"excerpt":{"rendered":"<p>El 11 de marzo de 1970, en el Sal\u00f3n del Autom\u00f3vil de Ginebra, Citro\u00ebn present\u00f3&#8230;<\/p>\n","protected":false},"author":2,"featured_media":11550,"comment_status":"closed","ping_status":"closed","sticky":false,"template":"","format":"standard","meta":{"footnotes":""},"categories":[3,16],"tags":[5356,6299,6293,6296,6294,6297,6295,2891,6298,6300],"class_list":["post-11546","post","type-post","status-publish","format-standard","has-post-thumbnail","hentry","category-autos","category-noticias","tag-autos-clasicos-citroen","tag-autos-europeos-historicos","tag-citroen-gs","tag-citroen-gs-1970","tag-citroen-sm","tag-citroen-sm-1970","tag-historia-citroen","tag-historia-del-automovil","tag-innovaciones-citroen","tag-mejores-autos-de-los-70"],"yoast_head":"<!-- This site is optimized with the Yoast SEO plugin v27.5 - https:\/\/yoast.com\/product\/yoast-seo-wordpress\/ -->\n<title>Citro\u00ebn GS y SM cumplen 55 a\u00f1os -<\/title>\n<meta name=\"description\" content=\"En el Sal\u00f3n del Autom\u00f3vil de Ginebra, Citro\u00ebn present\u00f3 dos modelos que redefinir\u00edan la industria automotriz: el Citro\u00ebn GS y el Citro\u00ebn SM...\" \/>\n<meta name=\"robots\" content=\"index, follow, max-snippet:-1, max-image-preview:large, max-video-preview:-1\" \/>\n<link rel=\"canonical\" href=\"https:\/\/autofans.com.ar\/index.php\/2025\/03\/18\/citroen-gs-y-sm-cumplen-55-anos\/\" \/>\n<meta property=\"og:locale\" content=\"es_ES\" \/>\n<meta property=\"og:type\" content=\"article\" \/>\n<meta property=\"og:title\" content=\"Citro\u00ebn GS y SM cumplen 55 a\u00f1os -\" \/>\n<meta property=\"og:description\" content=\"En el Sal\u00f3n del Autom\u00f3vil de Ginebra, Citro\u00ebn present\u00f3 dos modelos que redefinir\u00edan la industria automotriz: el Citro\u00ebn GS y el Citro\u00ebn SM...\" \/>\n<meta property=\"og:url\" content=\"https:\/\/autofans.com.ar\/index.php\/2025\/03\/18\/citroen-gs-y-sm-cumplen-55-anos\/\" \/>\n<meta property=\"article:published_time\" content=\"2025-03-18T22:54:47+00:00\" \/>\n<meta property=\"og:image\" content=\"https:\/\/autofans.com.ar\/wp-content\/uploads\/2025\/03\/sm1.jpg\" \/>\n\t<meta property=\"og:image:width\" content=\"1000\" \/>\n\t<meta property=\"og:image:height\" content=\"667\" \/>\n\t<meta property=\"og:image:type\" content=\"image\/jpeg\" \/>\n<meta name=\"author\" content=\"Alejandro Gabriel Rosito\" \/>\n<meta name=\"twitter:card\" content=\"summary_large_image\" \/>\n<meta name=\"twitter:label1\" content=\"Escrito por\" \/>\n\t<meta name=\"twitter:data1\" content=\"Alejandro Gabriel Rosito\" \/>\n\t<meta name=\"twitter:label2\" content=\"Tiempo de lectura\" \/>\n\t<meta name=\"twitter:data2\" content=\"2 minutos\" \/>\n<script type=\"application\/ld+json\" class=\"yoast-schema-graph\">{\"@context\":\"https:\\\/\\\/schema.org\",\"@graph\":[{\"@type\":\"Article\",\"@id\":\"https:\\\/\\\/autofans.com.ar\\\/index.php\\\/2025\\\/03\\\/18\\\/citroen-gs-y-sm-cumplen-55-anos\\\/#article\",\"isPartOf\":{\"@id\":\"https:\\\/\\\/autofans.com.ar\\\/index.php\\\/2025\\\/03\\\/18\\\/citroen-gs-y-sm-cumplen-55-anos\\\/\"},\"author\":{\"name\":\"Alejandro Gabriel Rosito\",\"@id\":\"https:\\\/\\\/autofans.com.ar\\\/#\\\/schema\\\/person\\\/4a8dda0b6df83ac3d6723e921274c2aa\"},\"headline\":\"Citro\u00ebn GS y SM cumplen 55 a\u00f1os\",\"datePublished\":\"2025-03-18T22:54:47+00:00\",\"mainEntityOfPage\":{\"@id\":\"https:\\\/\\\/autofans.com.ar\\\/index.php\\\/2025\\\/03\\\/18\\\/citroen-gs-y-sm-cumplen-55-anos\\\/\"},\"wordCount\":421,\"image\":{\"@id\":\"https:\\\/\\\/autofans.com.ar\\\/index.php\\\/2025\\\/03\\\/18\\\/citroen-gs-y-sm-cumplen-55-anos\\\/#primaryimage\"},\"thumbnailUrl\":\"https:\\\/\\\/autofans.com.ar\\\/wp-content\\\/uploads\\\/2025\\\/03\\\/sm1.jpg\",\"keywords\":[\"autos cl\u00e1sicos Citro\u00ebn\",\"autos europeos hist\u00f3ricos\",\"citroen gs\",\"citroen gs 1970\",\"citroen sm\",\"citroen sm 1970\",\"historia citroen\",\"historia del autom\u00f3vil\",\"innovaciones citroen\",\"mejores autos de los 70\"],\"articleSection\":[\"AUTOS y SUV\",\"NOTICIAS\"],\"inLanguage\":\"es\"},{\"@type\":\"WebPage\",\"@id\":\"https:\\\/\\\/autofans.com.ar\\\/index.php\\\/2025\\\/03\\\/18\\\/citroen-gs-y-sm-cumplen-55-anos\\\/\",\"url\":\"https:\\\/\\\/autofans.com.ar\\\/index.php\\\/2025\\\/03\\\/18\\\/citroen-gs-y-sm-cumplen-55-anos\\\/\",\"name\":\"Citro\u00ebn GS y SM cumplen 55 a\u00f1os -\",\"isPartOf\":{\"@id\":\"https:\\\/\\\/autofans.com.ar\\\/#website\"},\"primaryImageOfPage\":{\"@id\":\"https:\\\/\\\/autofans.com.ar\\\/index.php\\\/2025\\\/03\\\/18\\\/citroen-gs-y-sm-cumplen-55-anos\\\/#primaryimage\"},\"image\":{\"@id\":\"https:\\\/\\\/autofans.com.ar\\\/index.php\\\/2025\\\/03\\\/18\\\/citroen-gs-y-sm-cumplen-55-anos\\\/#primaryimage\"},\"thumbnailUrl\":\"https:\\\/\\\/autofans.com.ar\\\/wp-content\\\/uploads\\\/2025\\\/03\\\/sm1.jpg\",\"datePublished\":\"2025-03-18T22:54:47+00:00\",\"author\":{\"@id\":\"https:\\\/\\\/autofans.com.ar\\\/#\\\/schema\\\/person\\\/4a8dda0b6df83ac3d6723e921274c2aa\"},\"description\":\"En el Sal\u00f3n del Autom\u00f3vil de Ginebra, Citro\u00ebn present\u00f3 dos modelos que redefinir\u00edan la industria automotriz: el Citro\u00ebn GS y el Citro\u00ebn SM...\",\"breadcrumb\":{\"@id\":\"https:\\\/\\\/autofans.com.ar\\\/index.php\\\/2025\\\/03\\\/18\\\/citroen-gs-y-sm-cumplen-55-anos\\\/#breadcrumb\"},\"inLanguage\":\"es\",\"potentialAction\":[{\"@type\":\"ReadAction\",\"target\":[\"https:\\\/\\\/autofans.com.ar\\\/index.php\\\/2025\\\/03\\\/18\\\/citroen-gs-y-sm-cumplen-55-anos\\\/\"]}]},{\"@type\":\"ImageObject\",\"inLanguage\":\"es\",\"@id\":\"https:\\\/\\\/autofans.com.ar\\\/index.php\\\/2025\\\/03\\\/18\\\/citroen-gs-y-sm-cumplen-55-anos\\\/#primaryimage\",\"url\":\"https:\\\/\\\/autofans.com.ar\\\/wp-content\\\/uploads\\\/2025\\\/03\\\/sm1.jpg\",\"contentUrl\":\"https:\\\/\\\/autofans.com.ar\\\/wp-content\\\/uploads\\\/2025\\\/03\\\/sm1.jpg\",\"width\":1000,\"height\":667,\"caption\":\"Citro\u00ebn GS\"},{\"@type\":\"BreadcrumbList\",\"@id\":\"https:\\\/\\\/autofans.com.ar\\\/index.php\\\/2025\\\/03\\\/18\\\/citroen-gs-y-sm-cumplen-55-anos\\\/#breadcrumb\",\"itemListElement\":[{\"@type\":\"ListItem\",\"position\":1,\"name\":\"Inicio\",\"item\":\"https:\\\/\\\/autofans.com.ar\\\/\"},{\"@type\":\"ListItem\",\"position\":2,\"name\":\"Citro\u00ebn GS y SM cumplen 55 a\u00f1os\"}]},{\"@type\":\"WebSite\",\"@id\":\"https:\\\/\\\/autofans.com.ar\\\/#website\",\"url\":\"https:\\\/\\\/autofans.com.ar\\\/\",\"name\":\"\",\"description\":\"El multimedio referente de la industria automotriz\",\"potentialAction\":[{\"@type\":\"SearchAction\",\"target\":{\"@type\":\"EntryPoint\",\"urlTemplate\":\"https:\\\/\\\/autofans.com.ar\\\/?s={search_term_string}\"},\"query-input\":{\"@type\":\"PropertyValueSpecification\",\"valueRequired\":true,\"valueName\":\"search_term_string\"}}],\"inLanguage\":\"es\"},{\"@type\":\"Person\",\"@id\":\"https:\\\/\\\/autofans.com.ar\\\/#\\\/schema\\\/person\\\/4a8dda0b6df83ac3d6723e921274c2aa\",\"name\":\"Alejandro Gabriel Rosito\",\"image\":{\"@type\":\"ImageObject\",\"inLanguage\":\"es\",\"@id\":\"https:\\\/\\\/secure.gravatar.com\\\/avatar\\\/16c5dda1489adfc62618084dcbb91cffd879c374b13fe5dd8e44ed6733852c88?s=96&d=mm&r=g\",\"url\":\"https:\\\/\\\/secure.gravatar.com\\\/avatar\\\/16c5dda1489adfc62618084dcbb91cffd879c374b13fe5dd8e44ed6733852c88?s=96&d=mm&r=g\",\"contentUrl\":\"https:\\\/\\\/secure.gravatar.com\\\/avatar\\\/16c5dda1489adfc62618084dcbb91cffd879c374b13fe5dd8e44ed6733852c88?s=96&d=mm&r=g\",\"caption\":\"Alejandro Gabriel Rosito\"},\"url\":\"https:\\\/\\\/autofans.com.ar\\\/index.php\\\/author\\\/gabrielr\\\/\"}]}<\/script>\n<!-- \/ Yoast SEO plugin. -->","yoast_head_json":{"title":"Citro\u00ebn GS y SM cumplen 55 a\u00f1os -","description":"En el Sal\u00f3n del Autom\u00f3vil de Ginebra, Citro\u00ebn present\u00f3 dos modelos que redefinir\u00edan la industria automotriz: el Citro\u00ebn GS y el Citro\u00ebn SM...","robots":{"index":"index","follow":"follow","max-snippet":"max-snippet:-1","max-image-preview":"max-image-preview:large","max-video-preview":"max-video-preview:-1"},"canonical":"https:\/\/autofans.com.ar\/index.php\/2025\/03\/18\/citroen-gs-y-sm-cumplen-55-anos\/","og_locale":"es_ES","og_type":"article","og_title":"Citro\u00ebn GS y SM cumplen 55 a\u00f1os -","og_description":"En el Sal\u00f3n del Autom\u00f3vil de Ginebra, Citro\u00ebn present\u00f3 dos modelos que redefinir\u00edan la industria automotriz: el Citro\u00ebn GS y el Citro\u00ebn SM...","og_url":"https:\/\/autofans.com.ar\/index.php\/2025\/03\/18\/citroen-gs-y-sm-cumplen-55-anos\/","article_published_time":"2025-03-18T22:54:47+00:00","og_image":[{"width":1000,"height":667,"url":"https:\/\/autofans.com.ar\/wp-content\/uploads\/2025\/03\/sm1.jpg","type":"image\/jpeg"}],"author":"Alejandro Gabriel Rosito","twitter_card":"summary_large_image","twitter_misc":{"Escrito por":"Alejandro Gabriel Rosito","Tiempo de lectura":"2 minutos"},"schema":{"@context":"https:\/\/schema.org","@graph":[{"@type":"Article","@id":"https:\/\/autofans.com.ar\/index.php\/2025\/03\/18\/citroen-gs-y-sm-cumplen-55-anos\/#article","isPartOf":{"@id":"https:\/\/autofans.com.ar\/index.php\/2025\/03\/18\/citroen-gs-y-sm-cumplen-55-anos\/"},"author":{"name":"Alejandro Gabriel Rosito","@id":"https:\/\/autofans.com.ar\/#\/schema\/person\/4a8dda0b6df83ac3d6723e921274c2aa"},"headline":"Citro\u00ebn GS y SM cumplen 55 a\u00f1os","datePublished":"2025-03-18T22:54:47+00:00","mainEntityOfPage":{"@id":"https:\/\/autofans.com.ar\/index.php\/2025\/03\/18\/citroen-gs-y-sm-cumplen-55-anos\/"},"wordCount":421,"image":{"@id":"https:\/\/autofans.com.ar\/index.php\/2025\/03\/18\/citroen-gs-y-sm-cumplen-55-anos\/#primaryimage"},"thumbnailUrl":"https:\/\/autofans.com.ar\/wp-content\/uploads\/2025\/03\/sm1.jpg","keywords":["autos cl\u00e1sicos Citro\u00ebn","autos europeos hist\u00f3ricos","citroen gs","citroen gs 1970","citroen sm","citroen sm 1970","historia citroen","historia del autom\u00f3vil","innovaciones citroen","mejores autos de los 70"],"articleSection":["AUTOS y SUV","NOTICIAS"],"inLanguage":"es"},{"@type":"WebPage","@id":"https:\/\/autofans.com.ar\/index.php\/2025\/03\/18\/citroen-gs-y-sm-cumplen-55-anos\/","url":"https:\/\/autofans.com.ar\/index.php\/2025\/03\/18\/citroen-gs-y-sm-cumplen-55-anos\/","name":"Citro\u00ebn GS y SM cumplen 55 a\u00f1os -","isPartOf":{"@id":"https:\/\/autofans.com.ar\/#website"},"primaryImageOfPage":{"@id":"https:\/\/autofans.com.ar\/index.php\/2025\/03\/18\/citroen-gs-y-sm-cumplen-55-anos\/#primaryimage"},"image":{"@id":"https:\/\/autofans.com.ar\/index.php\/2025\/03\/18\/citroen-gs-y-sm-cumplen-55-anos\/#primaryimage"},"thumbnailUrl":"https:\/\/autofans.com.ar\/wp-content\/uploads\/2025\/03\/sm1.jpg","datePublished":"2025-03-18T22:54:47+00:00","author":{"@id":"https:\/\/autofans.com.ar\/#\/schema\/person\/4a8dda0b6df83ac3d6723e921274c2aa"},"description":"En el Sal\u00f3n del Autom\u00f3vil de Ginebra, Citro\u00ebn present\u00f3 dos modelos que redefinir\u00edan la industria automotriz: el Citro\u00ebn GS y el Citro\u00ebn SM...","breadcrumb":{"@id":"https:\/\/autofans.com.ar\/index.php\/2025\/03\/18\/citroen-gs-y-sm-cumplen-55-anos\/#breadcrumb"},"inLanguage":"es","potentialAction":[{"@type":"ReadAction","target":["https:\/\/autofans.com.ar\/index.php\/2025\/03\/18\/citroen-gs-y-sm-cumplen-55-anos\/"]}]},{"@type":"ImageObject","inLanguage":"es","@id":"https:\/\/autofans.com.ar\/index.php\/2025\/03\/18\/citroen-gs-y-sm-cumplen-55-anos\/#primaryimage","url":"https:\/\/autofans.com.ar\/wp-content\/uploads\/2025\/03\/sm1.jpg","contentUrl":"https:\/\/autofans.com.ar\/wp-content\/uploads\/2025\/03\/sm1.jpg","width":1000,"height":667,"caption":"Citro\u00ebn GS"},{"@type":"BreadcrumbList","@id":"https:\/\/autofans.com.ar\/index.php\/2025\/03\/18\/citroen-gs-y-sm-cumplen-55-anos\/#breadcrumb","itemListElement":[{"@type":"ListItem","position":1,"name":"Inicio","item":"https:\/\/autofans.com.ar\/"},{"@type":"ListItem","position":2,"name":"Citro\u00ebn GS y SM cumplen 55 a\u00f1os"}]},{"@type":"WebSite","@id":"https:\/\/autofans.com.ar\/#website","url":"https:\/\/autofans.com.ar\/","name":"","description":"El multimedio referente de la industria automotriz","potentialAction":[{"@type":"SearchAction","target":{"@type":"EntryPoint","urlTemplate":"https:\/\/autofans.com.ar\/?s={search_term_string}"},"query-input":{"@type":"PropertyValueSpecification","valueRequired":true,"valueName":"search_term_string"}}],"inLanguage":"es"},{"@type":"Person","@id":"https:\/\/autofans.com.ar\/#\/schema\/person\/4a8dda0b6df83ac3d6723e921274c2aa","name":"Alejandro Gabriel Rosito","image":{"@type":"ImageObject","inLanguage":"es","@id":"https:\/\/secure.gravatar.com\/avatar\/16c5dda1489adfc62618084dcbb91cffd879c374b13fe5dd8e44ed6733852c88?s=96&d=mm&r=g","url":"https:\/\/secure.gravatar.com\/avatar\/16c5dda1489adfc62618084dcbb91cffd879c374b13fe5dd8e44ed6733852c88?s=96&d=mm&r=g","contentUrl":"https:\/\/secure.gravatar.com\/avatar\/16c5dda1489adfc62618084dcbb91cffd879c374b13fe5dd8e44ed6733852c88?s=96&d=mm&r=g","caption":"Alejandro Gabriel Rosito"},"url":"https:\/\/autofans.com.ar\/index.php\/author\/gabrielr\/"}]}},"featured_image_urls":{"full":["https:\/\/autofans.com.ar\/wp-content\/uploads\/2025\/03\/sm1.jpg",1000,667,false],"thumbnail":["https:\/\/autofans.com.ar\/wp-content\/uploads\/2025\/03\/sm1-150x150.jpg",150,150,true],"medium":["https:\/\/autofans.com.ar\/wp-content\/uploads\/2025\/03\/sm1-300x200.jpg",300,200,true],"medium_large":["https:\/\/autofans.com.ar\/wp-content\/uploads\/2025\/03\/sm1-768x512.jpg",640,427,true],"large":["https:\/\/autofans.com.ar\/wp-content\/uploads\/2025\/03\/sm1.jpg",640,427,false],"1536x1536":["https:\/\/autofans.com.ar\/wp-content\/uploads\/2025\/03\/sm1.jpg",1000,667,false],"2048x2048":["https:\/\/autofans.com.ar\/wp-content\/uploads\/2025\/03\/sm1.jpg",1000,667,false],"covernews-featured":["https:\/\/autofans.com.ar\/wp-content\/uploads\/2025\/03\/sm1.jpg",1000,667,false],"covernews-medium":["https:\/\/autofans.com.ar\/wp-content\/uploads\/2025\/03\/sm1-540x340.jpg",540,340,true]},"author_info":{"display_name":"Alejandro Gabriel Rosito","author_link":"https:\/\/autofans.com.ar\/index.php\/author\/gabrielr\/"},"category_info":"<a href=\"https:\/\/autofans.com.ar\/index.php\/category\/noticias\/autos\/\" rel=\"category tag\">AUTOS y SUV<\/a> <a href=\"https:\/\/autofans.com.ar\/index.php\/category\/noticias\/\" rel=\"category tag\">NOTICIAS<\/a>","tag_info":"NOTICIAS","comment_count":0,"_links":{"self":[{"href":"https:\/\/autofans.com.ar\/index.php\/wp-json\/wp\/v2\/posts\/11546","targetHints":{"allow":["GET"]}}],"collection":[{"href":"https:\/\/autofans.com.ar\/index.php\/wp-json\/wp\/v2\/posts"}],"about":[{"href":"https:\/\/autofans.com.ar\/index.php\/wp-json\/wp\/v2\/types\/post"}],"author":[{"embeddable":true,"href":"https:\/\/autofans.com.ar\/index.php\/wp-json\/wp\/v2\/users\/2"}],"replies":[{"embeddable":true,"href":"https:\/\/autofans.com.ar\/index.php\/wp-json\/wp\/v2\/comments?post=11546"}],"version-history":[{"count":2,"href":"https:\/\/autofans.com.ar\/index.php\/wp-json\/wp\/v2\/posts\/11546\/revisions"}],"predecessor-version":[{"id":11554,"href":"https:\/\/autofans.com.ar\/index.php\/wp-json\/wp\/v2\/posts\/11546\/revisions\/11554"}],"wp:featuredmedia":[{"embeddable":true,"href":"https:\/\/autofans.com.ar\/index.php\/wp-json\/wp\/v2\/media\/11550"}],"wp:attachment":[{"href":"https:\/\/autofans.com.ar\/index.php\/wp-json\/wp\/v2\/media?parent=11546"}],"wp:term":[{"taxonomy":"category","embeddable":true,"href":"https:\/\/autofans.com.ar\/index.php\/wp-json\/wp\/v2\/categories?post=11546"},{"taxonomy":"post_tag","embeddable":true,"href":"https:\/\/autofans.com.ar\/index.php\/wp-json\/wp\/v2\/tags?post=11546"}],"curies":[{"name":"wp","href":"https:\/\/api.w.org\/{rel}","templated":true}]}}