{"id":11555,"date":"2025-03-18T19:50:23","date_gmt":"2025-03-18T22:50:23","guid":{"rendered":"https:\/\/autofans.com.ar\/?p=11555"},"modified":"2025-03-18T19:50:23","modified_gmt":"2025-03-18T22:50:23","slug":"maxus-desembarca-en-argentina-con-su-primera-pick-up-100-electrica","status":"publish","type":"post","link":"https:\/\/autofans.com.ar\/index.php\/2025\/03\/18\/maxus-desembarca-en-argentina-con-su-primera-pick-up-100-electrica\/","title":{"rendered":"Maxus desembarca en Argentina con su primera pick-up 100% el\u00e9ctrica"},"content":{"rendered":"<p>Maxus, la marca internacional de veh\u00edculos comerciales, anunci\u00f3 su llegada a Argentina durante la edici\u00f3n 2025 de Expoagro. Con presencia en m\u00e1s de 40 pa\u00edses, la firma apuesta por la innovaci\u00f3n y la sostenibilidad en el transporte, ofreciendo un portafolio de modelos tanto a combusti\u00f3n como el\u00e9ctricos.<\/p>\n<p><span style=\"color: #ffffff;\">.<\/span><\/p>\n<h2>Maxus en Expoagro 2025 &#8211; presentaci\u00f3n oficial y prueba de manejo<\/h2>\n<p>&nbsp;<\/p>\n<div id='gallery-1' class='gallery galleryid-11555 gallery-columns-2 gallery-size-full'><figure class='gallery-item'>\n\t\t\t<div class='gallery-icon landscape'>\n\t\t\t\t<a href='https:\/\/autofans.com.ar\/index.php\/2025\/03\/18\/maxus-desembarca-en-argentina-con-su-primera-pick-up-100-electrica\/t90ev-2\/'><img loading=\"lazy\" width=\"1000\" height=\"667\" src=\"https:\/\/autofans.com.ar\/wp-content\/uploads\/2025\/03\/T90EV-2.jpg\" class=\"attachment-full size-full\" alt=\"Maxus\" aria-describedby=\"gallery-1-11564\" srcset=\"https:\/\/autofans.com.ar\/wp-content\/uploads\/2025\/03\/T90EV-2.jpg 1000w, https:\/\/autofans.com.ar\/wp-content\/uploads\/2025\/03\/T90EV-2-300x200.jpg 300w, https:\/\/autofans.com.ar\/wp-content\/uploads\/2025\/03\/T90EV-2-768x512.jpg 768w\" sizes=\"auto, (max-width: 1000px) 100vw, 1000px\" loading=\"lazy\" decoding=\"async\" \/><\/a>\n\t\t\t<\/div>\n\t\t\t\t<figcaption class='wp-caption-text gallery-caption' id='gallery-1-11564'>\n\t\t\t\tMaxus T90EV\n\t\t\t\t<\/figcaption><\/figure><figure class='gallery-item'>\n\t\t\t<div class='gallery-icon landscape'>\n\t\t\t\t<a href='https:\/\/autofans.com.ar\/index.php\/2025\/03\/18\/maxus-desembarca-en-argentina-con-su-primera-pick-up-100-electrica\/t90-1\/'><img loading=\"lazy\" width=\"1000\" height=\"667\" src=\"https:\/\/autofans.com.ar\/wp-content\/uploads\/2025\/03\/T90-1.jpg\" class=\"attachment-full size-full\" alt=\"Maxus\" aria-describedby=\"gallery-1-11557\" srcset=\"https:\/\/autofans.com.ar\/wp-content\/uploads\/2025\/03\/T90-1.jpg 1000w, https:\/\/autofans.com.ar\/wp-content\/uploads\/2025\/03\/T90-1-300x200.jpg 300w, https:\/\/autofans.com.ar\/wp-content\/uploads\/2025\/03\/T90-1-768x512.jpg 768w\" sizes=\"auto, (max-width: 1000px) 100vw, 1000px\" loading=\"lazy\" decoding=\"async\" \/><\/a>\n\t\t\t<\/div>\n\t\t\t\t<figcaption class='wp-caption-text gallery-caption' id='gallery-1-11557'>\n\t\t\t\tMaxus T90\n\t\t\t\t<\/figcaption><\/figure>\n\t\t<\/div>\n\n<p>&nbsp;<\/p>\n<p>Del 11 al 14 de marzo, en el predio ferial de San Nicol\u00e1s, la marca exhibir\u00e1 su l\u00ednea de veh\u00edculos en Expoagro, una de las ferias agroindustriales m\u00e1s importantes del pa\u00eds. Entre las principales atracciones, se destaca la T90 EV, la primera pick-up 100% el\u00e9ctrica en Argentina. Adem\u00e1s, los asistentes podr\u00e1n conocer y probar otros modelos de la marca en una pista dise\u00f1ada especialmente para la expo.<\/p>\n<p>&nbsp;<\/p>\n<blockquote>\n<p style=\"text-align: center;\">En palabras de Nicol\u00e1s Mu\u00f1oz, gerente general de MAXUS en Argentina: \u201cEstamos muy emocionados de llevar a MAXUS a Argentina. Con una propuesta de valor que incluye veh\u00edculos de \u00faltima generaci\u00f3n, tanto a combusti\u00f3n como el\u00e9ctricos, estamos comprometidos en ofrecer opciones que se alineen con las necesidades del mercado local. Nuestra llegada a Argentina representa una nueva era en la movilidad, en la que la innovaci\u00f3n, la sostenibilidad y la eficiencia ser\u00e1n las claves para transformar el futuro del transporte\u201d.<\/p>\n<\/blockquote>\n<p>&nbsp;<\/p>\n<h2>Un portafolio completo para el mercado argentino<\/h2>\n<p><a href=\"https:\/\/autofans.com.ar\/wp-content\/uploads\/2025\/03\/Maxus_Ficha_Tecnica_T90EV.pdf\" target=\"_blank\" rel=\"noopener\">Ficha Tecnica: Maxus T90EV<\/a> | <a href=\"https:\/\/autofans.com.ar\/wp-content\/uploads\/2025\/03\/Maxus_Ficha_Tecnica_T60AT.pdf\" target=\"_blank\" rel=\"noopener\">Ficha Tecnica: Maxus T60AT<\/a> | <a href=\"https:\/\/autofans.com.ar\/wp-content\/uploads\/2025\/03\/Maxus_Ficha_Tecnica_eDeliver9.pdf\" target=\"_blank\" rel=\"noopener\">Ficha Tecnica: Maxus eDeliver9<\/a> | <a href=\"https:\/\/autofans.com.ar\/wp-content\/uploads\/2025\/03\/Maxus_Ficha_Tecnica_T60MA.pdf\" target=\"_blank\" rel=\"noopener\">Ficha Tecnica: Maxus T60MA<\/a><\/p>\n<div id='gallery-2' class='gallery galleryid-11555 gallery-columns-3 gallery-size-full'><figure class='gallery-item'>\n\t\t\t<div class='gallery-icon landscape'>\n\t\t\t\t<a href='https:\/\/autofans.com.ar\/index.php\/2025\/03\/18\/maxus-desembarca-en-argentina-con-su-primera-pick-up-100-electrica\/t90ev-3\/'><img loading=\"lazy\" width=\"1000\" height=\"667\" src=\"https:\/\/autofans.com.ar\/wp-content\/uploads\/2025\/03\/T90EV-3.jpg\" class=\"attachment-full size-full\" alt=\"Maxus\" aria-describedby=\"gallery-2-11563\" srcset=\"https:\/\/autofans.com.ar\/wp-content\/uploads\/2025\/03\/T90EV-3.jpg 1000w, https:\/\/autofans.com.ar\/wp-content\/uploads\/2025\/03\/T90EV-3-300x200.jpg 300w, https:\/\/autofans.com.ar\/wp-content\/uploads\/2025\/03\/T90EV-3-768x512.jpg 768w\" sizes=\"auto, (max-width: 1000px) 100vw, 1000px\" loading=\"lazy\" decoding=\"async\" \/><\/a>\n\t\t\t<\/div>\n\t\t\t\t<figcaption class='wp-caption-text gallery-caption' id='gallery-2-11563'>\n\t\t\t\tMaxus T90EV\n\t\t\t\t<\/figcaption><\/figure><figure class='gallery-item'>\n\t\t\t<div class='gallery-icon landscape'>\n\t\t\t\t<a href='https:\/\/autofans.com.ar\/index.php\/2025\/03\/18\/maxus-desembarca-en-argentina-con-su-primera-pick-up-100-electrica\/t60-3\/'><img loading=\"lazy\" width=\"1000\" height=\"667\" src=\"https:\/\/autofans.com.ar\/wp-content\/uploads\/2025\/03\/T60-3.jpg\" class=\"attachment-full size-full\" alt=\"Maxus\" aria-describedby=\"gallery-2-11560\" srcset=\"https:\/\/autofans.com.ar\/wp-content\/uploads\/2025\/03\/T60-3.jpg 1000w, https:\/\/autofans.com.ar\/wp-content\/uploads\/2025\/03\/T60-3-300x200.jpg 300w, https:\/\/autofans.com.ar\/wp-content\/uploads\/2025\/03\/T60-3-768x512.jpg 768w\" sizes=\"auto, (max-width: 1000px) 100vw, 1000px\" loading=\"lazy\" decoding=\"async\" \/><\/a>\n\t\t\t<\/div>\n\t\t\t\t<figcaption class='wp-caption-text gallery-caption' id='gallery-2-11560'>\n\t\t\t\tMaxus T60\n\t\t\t\t<\/figcaption><\/figure><figure class='gallery-item'>\n\t\t\t<div class='gallery-icon landscape'>\n\t\t\t\t<a href='https:\/\/autofans.com.ar\/index.php\/2025\/03\/18\/maxus-desembarca-en-argentina-con-su-primera-pick-up-100-electrica\/e-deliver9\/'><img loading=\"lazy\" width=\"1000\" height=\"667\" src=\"https:\/\/autofans.com.ar\/wp-content\/uploads\/2025\/03\/e-deliver9.jpg\" class=\"attachment-full size-full\" alt=\"Maxus\" aria-describedby=\"gallery-2-11559\" srcset=\"https:\/\/autofans.com.ar\/wp-content\/uploads\/2025\/03\/e-deliver9.jpg 1000w, https:\/\/autofans.com.ar\/wp-content\/uploads\/2025\/03\/e-deliver9-300x200.jpg 300w, https:\/\/autofans.com.ar\/wp-content\/uploads\/2025\/03\/e-deliver9-768x512.jpg 768w\" sizes=\"auto, (max-width: 1000px) 100vw, 1000px\" loading=\"lazy\" decoding=\"async\" \/><\/a>\n\t\t\t<\/div>\n\t\t\t\t<figcaption class='wp-caption-text gallery-caption' id='gallery-2-11559'>\n\t\t\t\tMaxus e-deliver9\n\t\t\t\t<\/figcaption><\/figure>\n\t\t<\/div>\n\n<p>&nbsp;<\/p>\n<p>La automotriz ofrecer\u00e1 en el pa\u00eds una amplia gama de veh\u00edculos adaptados a distintas necesidades:<\/p>\n<ul data-spread=\"false\">\n<li><strong>Vans<\/strong>: E-Deliver 9 Chasis y E-Deliver 9 Vans.<\/li>\n<li><strong>Pick-ups<\/strong>: T60 Manual, T60 Autom\u00e1tica y T90.<\/li>\n<li><strong>Pick-up el\u00e9ctrica<\/strong>: T90 EV, la primera en su tipo en Argentina.<\/li>\n<li><strong>SUV<\/strong>: D90 Turbo Diesel h\u00edbrida.<\/li>\n<\/ul>\n<p>&nbsp;<\/p>\n<p><a href=\"https:\/\/autofans.com.ar\/wp-content\/uploads\/2025\/03\/Maxus_Ficha_Tecnica_D90.pdf\" target=\"_blank\" rel=\"noopener\">Ficha Tecnica: Maxus D90<\/a>\u00a0 | <a href=\"https:\/\/autofans.com.ar\/wp-content\/uploads\/2025\/03\/Maxus_Ficha_Tecnica_T90.pdf\" target=\"_blank\" rel=\"noopener\">Ficha Tecnica: Maxus T90<\/a><\/p>\n<div id='gallery-3' class='gallery galleryid-11555 gallery-columns-2 gallery-size-full'><figure class='gallery-item'>\n\t\t\t<div class='gallery-icon landscape'>\n\t\t\t\t<a href='https:\/\/autofans.com.ar\/index.php\/2025\/03\/18\/maxus-desembarca-en-argentina-con-su-primera-pick-up-100-electrica\/d90-1\/'><img loading=\"lazy\" width=\"1000\" height=\"667\" src=\"https:\/\/autofans.com.ar\/wp-content\/uploads\/2025\/03\/D90-1.jpg\" class=\"attachment-full size-full\" alt=\"Maxus\" aria-describedby=\"gallery-3-11566\" srcset=\"https:\/\/autofans.com.ar\/wp-content\/uploads\/2025\/03\/D90-1.jpg 1000w, https:\/\/autofans.com.ar\/wp-content\/uploads\/2025\/03\/D90-1-300x200.jpg 300w, https:\/\/autofans.com.ar\/wp-content\/uploads\/2025\/03\/D90-1-768x512.jpg 768w\" sizes=\"auto, (max-width: 1000px) 100vw, 1000px\" loading=\"lazy\" decoding=\"async\" \/><\/a>\n\t\t\t<\/div>\n\t\t\t\t<figcaption class='wp-caption-text gallery-caption' id='gallery-3-11566'>\n\t\t\t\tMaxus D90\n\t\t\t\t<\/figcaption><\/figure><figure class='gallery-item'>\n\t\t\t<div class='gallery-icon landscape'>\n\t\t\t\t<a href='https:\/\/autofans.com.ar\/index.php\/2025\/03\/18\/maxus-desembarca-en-argentina-con-su-primera-pick-up-100-electrica\/t90-1\/'><img loading=\"lazy\" width=\"1000\" height=\"667\" src=\"https:\/\/autofans.com.ar\/wp-content\/uploads\/2025\/03\/T90-1.jpg\" class=\"attachment-full size-full\" alt=\"Maxus\" aria-describedby=\"gallery-3-11557\" srcset=\"https:\/\/autofans.com.ar\/wp-content\/uploads\/2025\/03\/T90-1.jpg 1000w, https:\/\/autofans.com.ar\/wp-content\/uploads\/2025\/03\/T90-1-300x200.jpg 300w, https:\/\/autofans.com.ar\/wp-content\/uploads\/2025\/03\/T90-1-768x512.jpg 768w\" sizes=\"auto, (max-width: 1000px) 100vw, 1000px\" loading=\"lazy\" decoding=\"async\" \/><\/a>\n\t\t\t<\/div>\n\t\t\t\t<figcaption class='wp-caption-text gallery-caption' id='gallery-3-11557'>\n\t\t\t\tMaxus T90\n\t\t\t\t<\/figcaption><\/figure>\n\t\t<\/div>\n\n<p>&nbsp;<\/p>\n<p>Con esta l\u00ednea de modelos, la marca busca posicionarse como un referente en movilidad sustentable y tecnolog\u00eda avanzada.<\/p>\n<p>&nbsp;<\/p>\n<h2>Grupo Empresario Prieto &#8211; respaldo y experiencia<\/h2>\n<p>Este desembarco en Argentina est\u00e1 respaldado por el Grupo Empresario Prieto (GEP), una compa\u00f1\u00eda con m\u00e1s de 50 a\u00f1os de trayectoria en el sector automotor. Su experiencia en comercializaci\u00f3n y postventa garantizar\u00e1 un servicio de calidad para los nuevos clientes de la marca.<\/p>\n<p>Maxus llega con el objetivo de ofrecer soluciones de transporte eficientes y accesibles, impulsando la transici\u00f3n hacia una movilidad m\u00e1s sustentable en Argentina.<\/p>\n<p>&nbsp;<\/p>\n<p>&nbsp;<\/p>\n<p>&nbsp;<\/p>\n<p><i>Para enterarte de m\u00e1s novedades, no dejes de leer\u00a0<\/i><a href=\"https:\/\/autofans.thebrandsoup.com\/\"><i>nuestras notas<\/i><\/a><i>, de ver<\/i><b><i>\u00a0<\/i><\/b><a href=\"https:\/\/www.youtube.com\/channel\/UCgAC8UGHZYbT6P7PpmVnP7g\"><b><i>AUTOFANS TV<\/i><\/b><\/a><b><i>\u00a0<\/i><\/b><i>en nuestro\u00a0canal de Youtube. Adem\u00e1s seguinos en\u00a0<\/i><a href=\"https:\/\/www.instagram.com\/autofanstv\/\"><i>INSTAGRAM<\/i><\/a><i> y <\/i><a href=\"https:\/\/www.facebook.com\/autofansmas\/\"><i>FACEBOOK<\/i><\/a><i> para no perderte nada sobre las novedades del segmento automotor de Argentina y el mundo.<\/i><\/p>\n","protected":false},"excerpt":{"rendered":"<p>Maxus, la marca internacional de veh\u00edculos comerciales, anunci\u00f3 su llegada a Argentina durante la edici\u00f3n&#8230;<\/p>\n","protected":false},"author":2,"featured_media":11556,"comment_status":"closed","ping_status":"closed","sticky":false,"template":"","format":"standard","meta":{"footnotes":""},"categories":[341,16,5],"tags":[6245,6305,6301,6303,6302,1460,6304,5504],"class_list":["post-11555","post","type-post","status-publish","format-standard","has-post-thumbnail","hentry","category-hibridos-y-electricos","category-noticias","category-otros","tag-expoagro-2025","tag-grupo-empresario-prieto","tag-maxus-argentina","tag-maxus-expoagro","tag-maxus-t90-ev","tag-movilidad-sustentable","tag-pick-up-electrica-argentina","tag-vehiculos-electricos-argentina"],"yoast_head":"<!-- This site is optimized with the Yoast SEO plugin v27.5 - https:\/\/yoast.com\/product\/yoast-seo-wordpress\/ -->\n<title>Maxus desembarca en Argentina con su primera pick-up 100% el\u00e9ctrica -<\/title>\n<meta name=\"description\" content=\"Maxus, la marca internacional de veh\u00edculos comerciales, anunci\u00f3 su llegada a Argentina durante la edici\u00f3n 2025 de Expoagro...\" \/>\n<meta name=\"robots\" content=\"index, follow, max-snippet:-1, max-image-preview:large, max-video-preview:-1\" \/>\n<link rel=\"canonical\" href=\"https:\/\/autofans.com.ar\/index.php\/2025\/03\/18\/maxus-desembarca-en-argentina-con-su-primera-pick-up-100-electrica\/\" \/>\n<meta property=\"og:locale\" content=\"es_ES\" \/>\n<meta property=\"og:type\" content=\"article\" \/>\n<meta property=\"og:title\" content=\"Maxus desembarca en Argentina con su primera pick-up 100% el\u00e9ctrica -\" \/>\n<meta property=\"og:description\" content=\"Maxus, la marca internacional de veh\u00edculos comerciales, anunci\u00f3 su llegada a Argentina durante la edici\u00f3n 2025 de Expoagro...\" \/>\n<meta property=\"og:url\" content=\"https:\/\/autofans.com.ar\/index.php\/2025\/03\/18\/maxus-desembarca-en-argentina-con-su-primera-pick-up-100-electrica\/\" \/>\n<meta property=\"article:published_time\" content=\"2025-03-18T22:50:23+00:00\" \/>\n<meta property=\"og:image\" content=\"https:\/\/autofans.com.ar\/wp-content\/uploads\/2025\/03\/grupo.jpg\" \/>\n\t<meta property=\"og:image:width\" content=\"1000\" \/>\n\t<meta property=\"og:image:height\" content=\"667\" \/>\n\t<meta property=\"og:image:type\" content=\"image\/jpeg\" \/>\n<meta name=\"author\" content=\"Alejandro Gabriel Rosito\" \/>\n<meta name=\"twitter:card\" content=\"summary_large_image\" \/>\n<meta name=\"twitter:label1\" content=\"Escrito por\" \/>\n\t<meta name=\"twitter:data1\" content=\"Alejandro Gabriel Rosito\" \/>\n\t<meta name=\"twitter:label2\" content=\"Tiempo de lectura\" \/>\n\t<meta name=\"twitter:data2\" content=\"2 minutos\" \/>\n<script type=\"application\/ld+json\" class=\"yoast-schema-graph\">{\"@context\":\"https:\\\/\\\/schema.org\",\"@graph\":[{\"@type\":\"Article\",\"@id\":\"https:\\\/\\\/autofans.com.ar\\\/index.php\\\/2025\\\/03\\\/18\\\/maxus-desembarca-en-argentina-con-su-primera-pick-up-100-electrica\\\/#article\",\"isPartOf\":{\"@id\":\"https:\\\/\\\/autofans.com.ar\\\/index.php\\\/2025\\\/03\\\/18\\\/maxus-desembarca-en-argentina-con-su-primera-pick-up-100-electrica\\\/\"},\"author\":{\"name\":\"Alejandro Gabriel Rosito\",\"@id\":\"https:\\\/\\\/autofans.com.ar\\\/#\\\/schema\\\/person\\\/4a8dda0b6df83ac3d6723e921274c2aa\"},\"headline\":\"Maxus desembarca en Argentina con su primera pick-up 100% el\u00e9ctrica\",\"datePublished\":\"2025-03-18T22:50:23+00:00\",\"mainEntityOfPage\":{\"@id\":\"https:\\\/\\\/autofans.com.ar\\\/index.php\\\/2025\\\/03\\\/18\\\/maxus-desembarca-en-argentina-con-su-primera-pick-up-100-electrica\\\/\"},\"wordCount\":483,\"image\":{\"@id\":\"https:\\\/\\\/autofans.com.ar\\\/index.php\\\/2025\\\/03\\\/18\\\/maxus-desembarca-en-argentina-con-su-primera-pick-up-100-electrica\\\/#primaryimage\"},\"thumbnailUrl\":\"https:\\\/\\\/autofans.com.ar\\\/wp-content\\\/uploads\\\/2025\\\/03\\\/grupo.jpg\",\"keywords\":[\"Expoagro 2025\",\"grupo empresario prieto\",\"maxus argentina\",\"maxus expoagro\",\"maxus t90 ev\",\"movilidad sustentable\",\"pick-up electrica argentina\",\"veh\u00edculos el\u00e9ctricos Argentina\"],\"articleSection\":[\"HIBRIDOS, ELECTRICOS y otros\",\"NOTICIAS\",\"PICK UPs, UTILITARIOS Y OTROS\"],\"inLanguage\":\"es\"},{\"@type\":\"WebPage\",\"@id\":\"https:\\\/\\\/autofans.com.ar\\\/index.php\\\/2025\\\/03\\\/18\\\/maxus-desembarca-en-argentina-con-su-primera-pick-up-100-electrica\\\/\",\"url\":\"https:\\\/\\\/autofans.com.ar\\\/index.php\\\/2025\\\/03\\\/18\\\/maxus-desembarca-en-argentina-con-su-primera-pick-up-100-electrica\\\/\",\"name\":\"Maxus desembarca en Argentina con su primera pick-up 100% el\u00e9ctrica -\",\"isPartOf\":{\"@id\":\"https:\\\/\\\/autofans.com.ar\\\/#website\"},\"primaryImageOfPage\":{\"@id\":\"https:\\\/\\\/autofans.com.ar\\\/index.php\\\/2025\\\/03\\\/18\\\/maxus-desembarca-en-argentina-con-su-primera-pick-up-100-electrica\\\/#primaryimage\"},\"image\":{\"@id\":\"https:\\\/\\\/autofans.com.ar\\\/index.php\\\/2025\\\/03\\\/18\\\/maxus-desembarca-en-argentina-con-su-primera-pick-up-100-electrica\\\/#primaryimage\"},\"thumbnailUrl\":\"https:\\\/\\\/autofans.com.ar\\\/wp-content\\\/uploads\\\/2025\\\/03\\\/grupo.jpg\",\"datePublished\":\"2025-03-18T22:50:23+00:00\",\"author\":{\"@id\":\"https:\\\/\\\/autofans.com.ar\\\/#\\\/schema\\\/person\\\/4a8dda0b6df83ac3d6723e921274c2aa\"},\"description\":\"Maxus, la marca internacional de veh\u00edculos comerciales, anunci\u00f3 su llegada a Argentina durante la edici\u00f3n 2025 de Expoagro...\",\"breadcrumb\":{\"@id\":\"https:\\\/\\\/autofans.com.ar\\\/index.php\\\/2025\\\/03\\\/18\\\/maxus-desembarca-en-argentina-con-su-primera-pick-up-100-electrica\\\/#breadcrumb\"},\"inLanguage\":\"es\",\"potentialAction\":[{\"@type\":\"ReadAction\",\"target\":[\"https:\\\/\\\/autofans.com.ar\\\/index.php\\\/2025\\\/03\\\/18\\\/maxus-desembarca-en-argentina-con-su-primera-pick-up-100-electrica\\\/\"]}]},{\"@type\":\"ImageObject\",\"inLanguage\":\"es\",\"@id\":\"https:\\\/\\\/autofans.com.ar\\\/index.php\\\/2025\\\/03\\\/18\\\/maxus-desembarca-en-argentina-con-su-primera-pick-up-100-electrica\\\/#primaryimage\",\"url\":\"https:\\\/\\\/autofans.com.ar\\\/wp-content\\\/uploads\\\/2025\\\/03\\\/grupo.jpg\",\"contentUrl\":\"https:\\\/\\\/autofans.com.ar\\\/wp-content\\\/uploads\\\/2025\\\/03\\\/grupo.jpg\",\"width\":1000,\"height\":667},{\"@type\":\"BreadcrumbList\",\"@id\":\"https:\\\/\\\/autofans.com.ar\\\/index.php\\\/2025\\\/03\\\/18\\\/maxus-desembarca-en-argentina-con-su-primera-pick-up-100-electrica\\\/#breadcrumb\",\"itemListElement\":[{\"@type\":\"ListItem\",\"position\":1,\"name\":\"Inicio\",\"item\":\"https:\\\/\\\/autofans.com.ar\\\/\"},{\"@type\":\"ListItem\",\"position\":2,\"name\":\"Maxus desembarca en Argentina con su primera pick-up 100% el\u00e9ctrica\"}]},{\"@type\":\"WebSite\",\"@id\":\"https:\\\/\\\/autofans.com.ar\\\/#website\",\"url\":\"https:\\\/\\\/autofans.com.ar\\\/\",\"name\":\"\",\"description\":\"El multimedio referente de la industria automotriz\",\"potentialAction\":[{\"@type\":\"SearchAction\",\"target\":{\"@type\":\"EntryPoint\",\"urlTemplate\":\"https:\\\/\\\/autofans.com.ar\\\/?s={search_term_string}\"},\"query-input\":{\"@type\":\"PropertyValueSpecification\",\"valueRequired\":true,\"valueName\":\"search_term_string\"}}],\"inLanguage\":\"es\"},{\"@type\":\"Person\",\"@id\":\"https:\\\/\\\/autofans.com.ar\\\/#\\\/schema\\\/person\\\/4a8dda0b6df83ac3d6723e921274c2aa\",\"name\":\"Alejandro Gabriel Rosito\",\"image\":{\"@type\":\"ImageObject\",\"inLanguage\":\"es\",\"@id\":\"https:\\\/\\\/secure.gravatar.com\\\/avatar\\\/16c5dda1489adfc62618084dcbb91cffd879c374b13fe5dd8e44ed6733852c88?s=96&d=mm&r=g\",\"url\":\"https:\\\/\\\/secure.gravatar.com\\\/avatar\\\/16c5dda1489adfc62618084dcbb91cffd879c374b13fe5dd8e44ed6733852c88?s=96&d=mm&r=g\",\"contentUrl\":\"https:\\\/\\\/secure.gravatar.com\\\/avatar\\\/16c5dda1489adfc62618084dcbb91cffd879c374b13fe5dd8e44ed6733852c88?s=96&d=mm&r=g\",\"caption\":\"Alejandro Gabriel Rosito\"},\"url\":\"https:\\\/\\\/autofans.com.ar\\\/index.php\\\/author\\\/gabrielr\\\/\"}]}<\/script>\n<!-- \/ Yoast SEO plugin. -->","yoast_head_json":{"title":"Maxus desembarca en Argentina con su primera pick-up 100% el\u00e9ctrica -","description":"Maxus, la marca internacional de veh\u00edculos comerciales, anunci\u00f3 su llegada a Argentina durante la edici\u00f3n 2025 de Expoagro...","robots":{"index":"index","follow":"follow","max-snippet":"max-snippet:-1","max-image-preview":"max-image-preview:large","max-video-preview":"max-video-preview:-1"},"canonical":"https:\/\/autofans.com.ar\/index.php\/2025\/03\/18\/maxus-desembarca-en-argentina-con-su-primera-pick-up-100-electrica\/","og_locale":"es_ES","og_type":"article","og_title":"Maxus desembarca en Argentina con su primera pick-up 100% el\u00e9ctrica -","og_description":"Maxus, la marca internacional de veh\u00edculos comerciales, anunci\u00f3 su llegada a Argentina durante la edici\u00f3n 2025 de Expoagro...","og_url":"https:\/\/autofans.com.ar\/index.php\/2025\/03\/18\/maxus-desembarca-en-argentina-con-su-primera-pick-up-100-electrica\/","article_published_time":"2025-03-18T22:50:23+00:00","og_image":[{"width":1000,"height":667,"url":"https:\/\/autofans.com.ar\/wp-content\/uploads\/2025\/03\/grupo.jpg","type":"image\/jpeg"}],"author":"Alejandro Gabriel Rosito","twitter_card":"summary_large_image","twitter_misc":{"Escrito por":"Alejandro Gabriel Rosito","Tiempo de lectura":"2 minutos"},"schema":{"@context":"https:\/\/schema.org","@graph":[{"@type":"Article","@id":"https:\/\/autofans.com.ar\/index.php\/2025\/03\/18\/maxus-desembarca-en-argentina-con-su-primera-pick-up-100-electrica\/#article","isPartOf":{"@id":"https:\/\/autofans.com.ar\/index.php\/2025\/03\/18\/maxus-desembarca-en-argentina-con-su-primera-pick-up-100-electrica\/"},"author":{"name":"Alejandro Gabriel Rosito","@id":"https:\/\/autofans.com.ar\/#\/schema\/person\/4a8dda0b6df83ac3d6723e921274c2aa"},"headline":"Maxus desembarca en Argentina con su primera pick-up 100% el\u00e9ctrica","datePublished":"2025-03-18T22:50:23+00:00","mainEntityOfPage":{"@id":"https:\/\/autofans.com.ar\/index.php\/2025\/03\/18\/maxus-desembarca-en-argentina-con-su-primera-pick-up-100-electrica\/"},"wordCount":483,"image":{"@id":"https:\/\/autofans.com.ar\/index.php\/2025\/03\/18\/maxus-desembarca-en-argentina-con-su-primera-pick-up-100-electrica\/#primaryimage"},"thumbnailUrl":"https:\/\/autofans.com.ar\/wp-content\/uploads\/2025\/03\/grupo.jpg","keywords":["Expoagro 2025","grupo empresario prieto","maxus argentina","maxus expoagro","maxus t90 ev","movilidad sustentable","pick-up electrica argentina","veh\u00edculos el\u00e9ctricos Argentina"],"articleSection":["HIBRIDOS, ELECTRICOS y otros","NOTICIAS","PICK UPs, UTILITARIOS Y OTROS"],"inLanguage":"es"},{"@type":"WebPage","@id":"https:\/\/autofans.com.ar\/index.php\/2025\/03\/18\/maxus-desembarca-en-argentina-con-su-primera-pick-up-100-electrica\/","url":"https:\/\/autofans.com.ar\/index.php\/2025\/03\/18\/maxus-desembarca-en-argentina-con-su-primera-pick-up-100-electrica\/","name":"Maxus desembarca en Argentina con su primera pick-up 100% el\u00e9ctrica -","isPartOf":{"@id":"https:\/\/autofans.com.ar\/#website"},"primaryImageOfPage":{"@id":"https:\/\/autofans.com.ar\/index.php\/2025\/03\/18\/maxus-desembarca-en-argentina-con-su-primera-pick-up-100-electrica\/#primaryimage"},"image":{"@id":"https:\/\/autofans.com.ar\/index.php\/2025\/03\/18\/maxus-desembarca-en-argentina-con-su-primera-pick-up-100-electrica\/#primaryimage"},"thumbnailUrl":"https:\/\/autofans.com.ar\/wp-content\/uploads\/2025\/03\/grupo.jpg","datePublished":"2025-03-18T22:50:23+00:00","author":{"@id":"https:\/\/autofans.com.ar\/#\/schema\/person\/4a8dda0b6df83ac3d6723e921274c2aa"},"description":"Maxus, la marca internacional de veh\u00edculos comerciales, anunci\u00f3 su llegada a Argentina durante la edici\u00f3n 2025 de Expoagro...","breadcrumb":{"@id":"https:\/\/autofans.com.ar\/index.php\/2025\/03\/18\/maxus-desembarca-en-argentina-con-su-primera-pick-up-100-electrica\/#breadcrumb"},"inLanguage":"es","potentialAction":[{"@type":"ReadAction","target":["https:\/\/autofans.com.ar\/index.php\/2025\/03\/18\/maxus-desembarca-en-argentina-con-su-primera-pick-up-100-electrica\/"]}]},{"@type":"ImageObject","inLanguage":"es","@id":"https:\/\/autofans.com.ar\/index.php\/2025\/03\/18\/maxus-desembarca-en-argentina-con-su-primera-pick-up-100-electrica\/#primaryimage","url":"https:\/\/autofans.com.ar\/wp-content\/uploads\/2025\/03\/grupo.jpg","contentUrl":"https:\/\/autofans.com.ar\/wp-content\/uploads\/2025\/03\/grupo.jpg","width":1000,"height":667},{"@type":"BreadcrumbList","@id":"https:\/\/autofans.com.ar\/index.php\/2025\/03\/18\/maxus-desembarca-en-argentina-con-su-primera-pick-up-100-electrica\/#breadcrumb","itemListElement":[{"@type":"ListItem","position":1,"name":"Inicio","item":"https:\/\/autofans.com.ar\/"},{"@type":"ListItem","position":2,"name":"Maxus desembarca en Argentina con su primera pick-up 100% el\u00e9ctrica"}]},{"@type":"WebSite","@id":"https:\/\/autofans.com.ar\/#website","url":"https:\/\/autofans.com.ar\/","name":"","description":"El multimedio referente de la industria automotriz","potentialAction":[{"@type":"SearchAction","target":{"@type":"EntryPoint","urlTemplate":"https:\/\/autofans.com.ar\/?s={search_term_string}"},"query-input":{"@type":"PropertyValueSpecification","valueRequired":true,"valueName":"search_term_string"}}],"inLanguage":"es"},{"@type":"Person","@id":"https:\/\/autofans.com.ar\/#\/schema\/person\/4a8dda0b6df83ac3d6723e921274c2aa","name":"Alejandro Gabriel Rosito","image":{"@type":"ImageObject","inLanguage":"es","@id":"https:\/\/secure.gravatar.com\/avatar\/16c5dda1489adfc62618084dcbb91cffd879c374b13fe5dd8e44ed6733852c88?s=96&d=mm&r=g","url":"https:\/\/secure.gravatar.com\/avatar\/16c5dda1489adfc62618084dcbb91cffd879c374b13fe5dd8e44ed6733852c88?s=96&d=mm&r=g","contentUrl":"https:\/\/secure.gravatar.com\/avatar\/16c5dda1489adfc62618084dcbb91cffd879c374b13fe5dd8e44ed6733852c88?s=96&d=mm&r=g","caption":"Alejandro Gabriel Rosito"},"url":"https:\/\/autofans.com.ar\/index.php\/author\/gabrielr\/"}]}},"featured_image_urls":{"full":["https:\/\/autofans.com.ar\/wp-content\/uploads\/2025\/03\/grupo.jpg",1000,667,false],"thumbnail":["https:\/\/autofans.com.ar\/wp-content\/uploads\/2025\/03\/grupo-150x150.jpg",150,150,true],"medium":["https:\/\/autofans.com.ar\/wp-content\/uploads\/2025\/03\/grupo-300x200.jpg",300,200,true],"medium_large":["https:\/\/autofans.com.ar\/wp-content\/uploads\/2025\/03\/grupo-768x512.jpg",640,427,true],"large":["https:\/\/autofans.com.ar\/wp-content\/uploads\/2025\/03\/grupo.jpg",640,427,false],"1536x1536":["https:\/\/autofans.com.ar\/wp-content\/uploads\/2025\/03\/grupo.jpg",1000,667,false],"2048x2048":["https:\/\/autofans.com.ar\/wp-content\/uploads\/2025\/03\/grupo.jpg",1000,667,false],"covernews-featured":["https:\/\/autofans.com.ar\/wp-content\/uploads\/2025\/03\/grupo.jpg",1000,667,false],"covernews-medium":["https:\/\/autofans.com.ar\/wp-content\/uploads\/2025\/03\/grupo-540x340.jpg",540,340,true]},"author_info":{"display_name":"Alejandro Gabriel Rosito","author_link":"https:\/\/autofans.com.ar\/index.php\/author\/gabrielr\/"},"category_info":"<a href=\"https:\/\/autofans.com.ar\/index.php\/category\/noticias\/hibridos-y-electricos\/\" rel=\"category tag\">HIBRIDOS, ELECTRICOS y otros<\/a> <a href=\"https:\/\/autofans.com.ar\/index.php\/category\/noticias\/\" rel=\"category tag\">NOTICIAS<\/a> <a href=\"https:\/\/autofans.com.ar\/index.php\/category\/noticias\/otros\/\" rel=\"category tag\">PICK UPs, UTILITARIOS Y OTROS<\/a>","tag_info":"PICK UPs, UTILITARIOS Y OTROS","comment_count":0,"_links":{"self":[{"href":"https:\/\/autofans.com.ar\/index.php\/wp-json\/wp\/v2\/posts\/11555","targetHints":{"allow":["GET"]}}],"collection":[{"href":"https:\/\/autofans.com.ar\/index.php\/wp-json\/wp\/v2\/posts"}],"about":[{"href":"https:\/\/autofans.com.ar\/index.php\/wp-json\/wp\/v2\/types\/post"}],"author":[{"embeddable":true,"href":"https:\/\/autofans.com.ar\/index.php\/wp-json\/wp\/v2\/users\/2"}],"replies":[{"embeddable":true,"href":"https:\/\/autofans.com.ar\/index.php\/wp-json\/wp\/v2\/comments?post=11555"}],"version-history":[{"count":4,"href":"https:\/\/autofans.com.ar\/index.php\/wp-json\/wp\/v2\/posts\/11555\/revisions"}],"predecessor-version":[{"id":11576,"href":"https:\/\/autofans.com.ar\/index.php\/wp-json\/wp\/v2\/posts\/11555\/revisions\/11576"}],"wp:featuredmedia":[{"embeddable":true,"href":"https:\/\/autofans.com.ar\/index.php\/wp-json\/wp\/v2\/media\/11556"}],"wp:attachment":[{"href":"https:\/\/autofans.com.ar\/index.php\/wp-json\/wp\/v2\/media?parent=11555"}],"wp:term":[{"taxonomy":"category","embeddable":true,"href":"https:\/\/autofans.com.ar\/index.php\/wp-json\/wp\/v2\/categories?post=11555"},{"taxonomy":"post_tag","embeddable":true,"href":"https:\/\/autofans.com.ar\/index.php\/wp-json\/wp\/v2\/tags?post=11555"}],"curies":[{"name":"wp","href":"https:\/\/api.w.org\/{rel}","templated":true}]}}