{"id":11590,"date":"2025-03-19T20:33:14","date_gmt":"2025-03-19T23:33:14","guid":{"rendered":"https:\/\/autofans.com.ar\/?p=11590"},"modified":"2025-03-19T20:33:14","modified_gmt":"2025-03-19T23:33:14","slug":"iveco-refuerza-su-liderazgo-en-expoagro-2025","status":"publish","type":"post","link":"https:\/\/autofans.com.ar\/index.php\/2025\/03\/19\/iveco-refuerza-su-liderazgo-en-expoagro-2025\/","title":{"rendered":"IVECO refuerza su liderazgo en Expoagro 2025"},"content":{"rendered":"<p data-pm-slice=\"1 1 []\">IVECO se presento en Expoagro con innovaciones en su l\u00ednea Tector, soluciones de transporte y un enfoque en la sustentabilidad. La marca exhibir\u00e1 su gama completa de veh\u00edculos y presentar\u00e1 su modelo Euro VI, anticip\u00e1ndose a las futuras normativas de emisiones.<\/p>\n<p data-pm-slice=\"1 1 []\"><span style=\"color: #ffffff;\">.<\/span><\/p>\n<h2>IVECO y su protagonismo en Expoagro 2025<\/h2>\n<p>&nbsp;<\/p>\n<div id='gallery-1' class='gallery galleryid-11590 gallery-columns-2 gallery-size-full'><figure class='gallery-item'>\n\t\t\t<div class='gallery-icon landscape'>\n\t\t\t\t<a href='https:\/\/autofans.com.ar\/index.php\/2025\/03\/19\/iveco-refuerza-su-liderazgo-en-expoagro-2025\/iveco-6\/'><img loading=\"lazy\" width=\"1000\" height=\"667\" src=\"https:\/\/autofans.com.ar\/wp-content\/uploads\/2025\/03\/iveco-6.jpg\" class=\"attachment-full size-full\" alt=\"IVECO\" srcset=\"https:\/\/autofans.com.ar\/wp-content\/uploads\/2025\/03\/iveco-6.jpg 1000w, https:\/\/autofans.com.ar\/wp-content\/uploads\/2025\/03\/iveco-6-300x200.jpg 300w, https:\/\/autofans.com.ar\/wp-content\/uploads\/2025\/03\/iveco-6-768x512.jpg 768w\" sizes=\"auto, (max-width: 1000px) 100vw, 1000px\" loading=\"lazy\" decoding=\"async\" \/><\/a>\n\t\t\t<\/div><\/figure><figure class='gallery-item'>\n\t\t\t<div class='gallery-icon landscape'>\n\t\t\t\t<a href='https:\/\/autofans.com.ar\/index.php\/2025\/03\/19\/iveco-refuerza-su-liderazgo-en-expoagro-2025\/iveco-3-19\/'><img loading=\"lazy\" width=\"1000\" height=\"667\" src=\"https:\/\/autofans.com.ar\/wp-content\/uploads\/2025\/03\/iveco-3.jpg\" class=\"attachment-full size-full\" alt=\"IVECO\" srcset=\"https:\/\/autofans.com.ar\/wp-content\/uploads\/2025\/03\/iveco-3.jpg 1000w, https:\/\/autofans.com.ar\/wp-content\/uploads\/2025\/03\/iveco-3-300x200.jpg 300w, https:\/\/autofans.com.ar\/wp-content\/uploads\/2025\/03\/iveco-3-768x512.jpg 768w\" sizes=\"auto, (max-width: 1000px) 100vw, 1000px\" loading=\"lazy\" decoding=\"async\" \/><\/a>\n\t\t\t<\/div><\/figure>\n\t\t<\/div>\n\n<p>&nbsp;<\/p>\n<p>En el predio ferial de San Nicol\u00e1s, Buenos Aires, IVECO se presento en Expoagro con su stand, donde exhibir\u00e1 su oferta de camiones, soluciones de posventa y planes de financiamiento. La marca reafirma su liderazgo en el transporte pesado y su compromiso con la innovaci\u00f3n.<\/p>\n<p>&nbsp;<\/p>\n<h2>Renovaci\u00f3n de la l\u00ednea Tector<\/h2>\n<p>El IVECO Tector, con producci\u00f3n nacional y opciones de 9 a 26 toneladas, se destaca por su versatilidad en el sector agropecuario. Se presentar\u00e1 en versiones di\u00e9sel y GNC, esta \u00faltima como alternativa sustentable con menor costo operativo y reducci\u00f3n de emisiones.<\/p>\n<p>&nbsp;<\/p>\n<p><img fetchpriority=\"high\" decoding=\"async\" class=\"aligncenter wp-image-11595 size-full\" src=\"https:\/\/autofans.com.ar\/wp-content\/uploads\/2025\/03\/iveco-2-1.jpg\" alt=\"IVECO\" width=\"1000\" height=\"667\" srcset=\"https:\/\/autofans.com.ar\/wp-content\/uploads\/2025\/03\/iveco-2-1.jpg 1000w, https:\/\/autofans.com.ar\/wp-content\/uploads\/2025\/03\/iveco-2-1-300x200.jpg 300w, https:\/\/autofans.com.ar\/wp-content\/uploads\/2025\/03\/iveco-2-1-768x512.jpg 768w\" sizes=\"(max-width: 1000px) 100vw, 1000px\" \/><\/p>\n<p>&nbsp;<\/p>\n<p>Entre las novedades, la gama incorpora mejoras en seguridad y tecnolog\u00eda. La inclusi\u00f3n del sistema de frenado EBS y el control de estabilidad ESC optimizan la seguridad activa y el rendimiento del veh\u00edculo. Adem\u00e1s, la nueva versi\u00f3n Delta, con tres configuraciones, redefine la entrada de gama con un equipamiento m\u00e1s robusto.<\/p>\n<p>&nbsp;<\/p>\n<h2>IVECO apuesta a la movilidad sustentable<\/h2>\n<p>IVECO refuerza su compromiso con la tecnolog\u00eda a gas natural, impulsando soluciones eficientes y ecol\u00f3gicas para el transporte. En Expoagro, exhibir\u00e1 el IVECO BUS a GNC, una opci\u00f3n sostenible para el transporte de pasajeros.<\/p>\n<p>&nbsp;<\/p>\n<p><img decoding=\"async\" class=\"aligncenter wp-image-11593 size-full\" src=\"https:\/\/autofans.com.ar\/wp-content\/uploads\/2025\/03\/iveco-4.jpg\" alt=\"IVECO\" width=\"1000\" height=\"667\" srcset=\"https:\/\/autofans.com.ar\/wp-content\/uploads\/2025\/03\/iveco-4.jpg 1000w, https:\/\/autofans.com.ar\/wp-content\/uploads\/2025\/03\/iveco-4-300x200.jpg 300w, https:\/\/autofans.com.ar\/wp-content\/uploads\/2025\/03\/iveco-4-768x512.jpg 768w\" sizes=\"(max-width: 1000px) 100vw, 1000px\" \/><\/p>\n<p>&nbsp;<\/p>\n<p>Adem\u00e1s, la marca presenta el Tector Euro VI, su primer cami\u00f3n en Argentina que cumple con esta normativa de emisiones. Este modelo reduce el impacto ambiental y mejora la eficiencia de combustible, adelant\u00e1ndose a futuras regulaciones.<\/p>\n<p>La oferta de IVECO en Expoagro incluye los camiones Hi-Road y Hi-Way con suspensi\u00f3n neum\u00e1tica y caja automatizada TraXon, dise\u00f1ados para largas distancias. Tambi\u00e9n se exhibir\u00e1 el IVECO Daily en su versi\u00f3n taller m\u00f3vil, una soluci\u00f3n para el mantenimiento en ruta.<\/p>\n<p>&nbsp;<\/p>\n<h2>Posventa y financiamiento<\/h2>\n<p>IVECO presentar\u00e1 su servicio de Asistencia en Ruta, que permite realizar mantenimientos y reparaciones sin trasladar los camiones a un taller, optimizando la operatividad de las unidades.<\/p>\n<p>&nbsp;<\/p>\n<p><img decoding=\"async\" class=\"aligncenter wp-image-11592 size-full\" src=\"https:\/\/autofans.com.ar\/wp-content\/uploads\/2025\/03\/iveco-5.jpg\" alt=\"IVECO\" width=\"1000\" height=\"667\" srcset=\"https:\/\/autofans.com.ar\/wp-content\/uploads\/2025\/03\/iveco-5.jpg 1000w, https:\/\/autofans.com.ar\/wp-content\/uploads\/2025\/03\/iveco-5-300x200.jpg 300w, https:\/\/autofans.com.ar\/wp-content\/uploads\/2025\/03\/iveco-5-768x512.jpg 768w\" sizes=\"(max-width: 1000px) 100vw, 1000px\" \/><\/p>\n<p>&nbsp;<\/p>\n<p>A trav\u00e9s de IVECO Capital, ofrecer\u00e1 planes de financiamiento exclusivos con tasas desde el 12,4% TNA y plazos de hasta 72 meses, en alianza con Santander, facilitando el acceso a unidades para clientes de todo el pa\u00eds.<\/p>\n<p>Con esta presencia en Expoagro 2025,<a href=\"https:\/\/autofans.com.ar\/index.php\/2025\/01\/31\/iveco-fortalece-su-presencia-en-paraguay\/\" target=\"_blank\" rel=\"noopener\"> IVECO<\/a> refuerza su compromiso con el transporte sustentable y la innovaci\u00f3n tecnol\u00f3gica, consolidando su posici\u00f3n como referente del sector.<\/p>\n<p>&nbsp;<\/p>\n<p>&nbsp;<\/p>\n<p>&nbsp;<\/p>\n<p><i>Para enterarte de m\u00e1s novedades, no dejes de leer\u00a0<\/i><a href=\"https:\/\/autofans.thebrandsoup.com\/\"><i>nuestras notas<\/i><\/a><i>, de ver<\/i><b><i>\u00a0<\/i><\/b><a href=\"https:\/\/www.youtube.com\/channel\/UCgAC8UGHZYbT6P7PpmVnP7g\"><b><i>AUTOFANS TV<\/i><\/b><\/a><b><i>\u00a0<\/i><\/b><i>en nuestro\u00a0canal de Youtube. Adem\u00e1s seguinos en\u00a0<\/i><a href=\"https:\/\/www.instagram.com\/autofanstv\/\"><i>INSTAGRAM<\/i><\/a><i> y <\/i><a href=\"https:\/\/www.facebook.com\/autofansmas\/\"><i>FACEBOOK<\/i><\/a><i> para no perderte nada sobre las novedades del segmento automotor de Argentina y el mundo.<\/i><\/p>\n","protected":false},"excerpt":{"rendered":"<p>IVECO se presento en Expoagro con innovaciones en su l\u00ednea Tector, soluciones de transporte y&#8230;<\/p>\n","protected":false},"author":2,"featured_media":11596,"comment_status":"closed","ping_status":"closed","sticky":false,"template":"","format":"standard","meta":{"footnotes":""},"categories":[16,5],"tags":[6319,1493,5935,6245,6320,654,6318,6070,584],"class_list":["post-11590","post","type-post","status-publish","format-standard","has-post-thumbnail","hentry","category-noticias","category-otros","tag-camion-euro-vi","tag-camiones-a-gnc","tag-camiones-iveco","tag-expoagro-2025","tag-financiamiento-iveco","tag-iveco","tag-iveco-tector","tag-posventa-iveco","tag-transporte-sustentable"],"yoast_head":"<!-- This site is optimized with the Yoast SEO plugin v27.5 - https:\/\/yoast.com\/product\/yoast-seo-wordpress\/ -->\n<title>IVECO refuerza su liderazgo en Expoagro 2025 -<\/title>\n<meta name=\"description\" content=\"IVECO se presento en Expoagro con innovaciones en su l\u00ednea Tector, soluciones de transporte y un enfoque en la sustentabilidad...\" \/>\n<meta name=\"robots\" content=\"index, follow, max-snippet:-1, max-image-preview:large, max-video-preview:-1\" \/>\n<link rel=\"canonical\" href=\"https:\/\/autofans.com.ar\/index.php\/2025\/03\/19\/iveco-refuerza-su-liderazgo-en-expoagro-2025\/\" \/>\n<meta property=\"og:locale\" content=\"es_ES\" \/>\n<meta property=\"og:type\" content=\"article\" \/>\n<meta property=\"og:title\" content=\"IVECO refuerza su liderazgo en Expoagro 2025 -\" \/>\n<meta property=\"og:description\" content=\"IVECO se presento en Expoagro con innovaciones en su l\u00ednea Tector, soluciones de transporte y un enfoque en la sustentabilidad...\" \/>\n<meta property=\"og:url\" content=\"https:\/\/autofans.com.ar\/index.php\/2025\/03\/19\/iveco-refuerza-su-liderazgo-en-expoagro-2025\/\" \/>\n<meta property=\"article:published_time\" content=\"2025-03-19T23:33:14+00:00\" \/>\n<meta property=\"og:image\" content=\"https:\/\/autofans.com.ar\/wp-content\/uploads\/2025\/03\/iveco-1-1.jpg\" \/>\n\t<meta property=\"og:image:width\" content=\"1000\" \/>\n\t<meta property=\"og:image:height\" content=\"667\" \/>\n\t<meta property=\"og:image:type\" content=\"image\/jpeg\" \/>\n<meta name=\"author\" content=\"Alejandro Gabriel Rosito\" \/>\n<meta name=\"twitter:card\" content=\"summary_large_image\" \/>\n<meta name=\"twitter:label1\" content=\"Escrito por\" \/>\n\t<meta name=\"twitter:data1\" content=\"Alejandro Gabriel Rosito\" \/>\n\t<meta name=\"twitter:label2\" content=\"Tiempo de lectura\" \/>\n\t<meta name=\"twitter:data2\" content=\"3 minutos\" \/>\n<script type=\"application\/ld+json\" class=\"yoast-schema-graph\">{\"@context\":\"https:\\\/\\\/schema.org\",\"@graph\":[{\"@type\":\"Article\",\"@id\":\"https:\\\/\\\/autofans.com.ar\\\/index.php\\\/2025\\\/03\\\/19\\\/iveco-refuerza-su-liderazgo-en-expoagro-2025\\\/#article\",\"isPartOf\":{\"@id\":\"https:\\\/\\\/autofans.com.ar\\\/index.php\\\/2025\\\/03\\\/19\\\/iveco-refuerza-su-liderazgo-en-expoagro-2025\\\/\"},\"author\":{\"name\":\"Alejandro Gabriel Rosito\",\"@id\":\"https:\\\/\\\/autofans.com.ar\\\/#\\\/schema\\\/person\\\/4a8dda0b6df83ac3d6723e921274c2aa\"},\"headline\":\"IVECO refuerza su liderazgo en Expoagro 2025\",\"datePublished\":\"2025-03-19T23:33:14+00:00\",\"mainEntityOfPage\":{\"@id\":\"https:\\\/\\\/autofans.com.ar\\\/index.php\\\/2025\\\/03\\\/19\\\/iveco-refuerza-su-liderazgo-en-expoagro-2025\\\/\"},\"wordCount\":496,\"image\":{\"@id\":\"https:\\\/\\\/autofans.com.ar\\\/index.php\\\/2025\\\/03\\\/19\\\/iveco-refuerza-su-liderazgo-en-expoagro-2025\\\/#primaryimage\"},\"thumbnailUrl\":\"https:\\\/\\\/autofans.com.ar\\\/wp-content\\\/uploads\\\/2025\\\/03\\\/iveco-1-1.jpg\",\"keywords\":[\"cami\u00f3n Euro VI\",\"Camiones a GNC\",\"camiones IVECO\",\"Expoagro 2025\",\"financiamiento IVECO\",\"IVECO\",\"IVECO Tector\",\"posventa IVECO\",\"transporte sustentable\"],\"articleSection\":[\"NOTICIAS\",\"PICK UPs, UTILITARIOS Y OTROS\"],\"inLanguage\":\"es\"},{\"@type\":\"WebPage\",\"@id\":\"https:\\\/\\\/autofans.com.ar\\\/index.php\\\/2025\\\/03\\\/19\\\/iveco-refuerza-su-liderazgo-en-expoagro-2025\\\/\",\"url\":\"https:\\\/\\\/autofans.com.ar\\\/index.php\\\/2025\\\/03\\\/19\\\/iveco-refuerza-su-liderazgo-en-expoagro-2025\\\/\",\"name\":\"IVECO refuerza su liderazgo en Expoagro 2025 -\",\"isPartOf\":{\"@id\":\"https:\\\/\\\/autofans.com.ar\\\/#website\"},\"primaryImageOfPage\":{\"@id\":\"https:\\\/\\\/autofans.com.ar\\\/index.php\\\/2025\\\/03\\\/19\\\/iveco-refuerza-su-liderazgo-en-expoagro-2025\\\/#primaryimage\"},\"image\":{\"@id\":\"https:\\\/\\\/autofans.com.ar\\\/index.php\\\/2025\\\/03\\\/19\\\/iveco-refuerza-su-liderazgo-en-expoagro-2025\\\/#primaryimage\"},\"thumbnailUrl\":\"https:\\\/\\\/autofans.com.ar\\\/wp-content\\\/uploads\\\/2025\\\/03\\\/iveco-1-1.jpg\",\"datePublished\":\"2025-03-19T23:33:14+00:00\",\"author\":{\"@id\":\"https:\\\/\\\/autofans.com.ar\\\/#\\\/schema\\\/person\\\/4a8dda0b6df83ac3d6723e921274c2aa\"},\"description\":\"IVECO se presento en Expoagro con innovaciones en su l\u00ednea Tector, soluciones de transporte y un enfoque en la sustentabilidad...\",\"breadcrumb\":{\"@id\":\"https:\\\/\\\/autofans.com.ar\\\/index.php\\\/2025\\\/03\\\/19\\\/iveco-refuerza-su-liderazgo-en-expoagro-2025\\\/#breadcrumb\"},\"inLanguage\":\"es\",\"potentialAction\":[{\"@type\":\"ReadAction\",\"target\":[\"https:\\\/\\\/autofans.com.ar\\\/index.php\\\/2025\\\/03\\\/19\\\/iveco-refuerza-su-liderazgo-en-expoagro-2025\\\/\"]}]},{\"@type\":\"ImageObject\",\"inLanguage\":\"es\",\"@id\":\"https:\\\/\\\/autofans.com.ar\\\/index.php\\\/2025\\\/03\\\/19\\\/iveco-refuerza-su-liderazgo-en-expoagro-2025\\\/#primaryimage\",\"url\":\"https:\\\/\\\/autofans.com.ar\\\/wp-content\\\/uploads\\\/2025\\\/03\\\/iveco-1-1.jpg\",\"contentUrl\":\"https:\\\/\\\/autofans.com.ar\\\/wp-content\\\/uploads\\\/2025\\\/03\\\/iveco-1-1.jpg\",\"width\":1000,\"height\":667,\"caption\":\"IVECO\"},{\"@type\":\"BreadcrumbList\",\"@id\":\"https:\\\/\\\/autofans.com.ar\\\/index.php\\\/2025\\\/03\\\/19\\\/iveco-refuerza-su-liderazgo-en-expoagro-2025\\\/#breadcrumb\",\"itemListElement\":[{\"@type\":\"ListItem\",\"position\":1,\"name\":\"Inicio\",\"item\":\"https:\\\/\\\/autofans.com.ar\\\/\"},{\"@type\":\"ListItem\",\"position\":2,\"name\":\"IVECO refuerza su liderazgo en Expoagro 2025\"}]},{\"@type\":\"WebSite\",\"@id\":\"https:\\\/\\\/autofans.com.ar\\\/#website\",\"url\":\"https:\\\/\\\/autofans.com.ar\\\/\",\"name\":\"\",\"description\":\"El multimedio referente de la industria automotriz\",\"potentialAction\":[{\"@type\":\"SearchAction\",\"target\":{\"@type\":\"EntryPoint\",\"urlTemplate\":\"https:\\\/\\\/autofans.com.ar\\\/?s={search_term_string}\"},\"query-input\":{\"@type\":\"PropertyValueSpecification\",\"valueRequired\":true,\"valueName\":\"search_term_string\"}}],\"inLanguage\":\"es\"},{\"@type\":\"Person\",\"@id\":\"https:\\\/\\\/autofans.com.ar\\\/#\\\/schema\\\/person\\\/4a8dda0b6df83ac3d6723e921274c2aa\",\"name\":\"Alejandro Gabriel Rosito\",\"image\":{\"@type\":\"ImageObject\",\"inLanguage\":\"es\",\"@id\":\"https:\\\/\\\/secure.gravatar.com\\\/avatar\\\/16c5dda1489adfc62618084dcbb91cffd879c374b13fe5dd8e44ed6733852c88?s=96&d=mm&r=g\",\"url\":\"https:\\\/\\\/secure.gravatar.com\\\/avatar\\\/16c5dda1489adfc62618084dcbb91cffd879c374b13fe5dd8e44ed6733852c88?s=96&d=mm&r=g\",\"contentUrl\":\"https:\\\/\\\/secure.gravatar.com\\\/avatar\\\/16c5dda1489adfc62618084dcbb91cffd879c374b13fe5dd8e44ed6733852c88?s=96&d=mm&r=g\",\"caption\":\"Alejandro Gabriel Rosito\"},\"url\":\"https:\\\/\\\/autofans.com.ar\\\/index.php\\\/author\\\/gabrielr\\\/\"}]}<\/script>\n<!-- \/ Yoast SEO plugin. -->","yoast_head_json":{"title":"IVECO refuerza su liderazgo en Expoagro 2025 -","description":"IVECO se presento en Expoagro con innovaciones en su l\u00ednea Tector, soluciones de transporte y un enfoque en la sustentabilidad...","robots":{"index":"index","follow":"follow","max-snippet":"max-snippet:-1","max-image-preview":"max-image-preview:large","max-video-preview":"max-video-preview:-1"},"canonical":"https:\/\/autofans.com.ar\/index.php\/2025\/03\/19\/iveco-refuerza-su-liderazgo-en-expoagro-2025\/","og_locale":"es_ES","og_type":"article","og_title":"IVECO refuerza su liderazgo en Expoagro 2025 -","og_description":"IVECO se presento en Expoagro con innovaciones en su l\u00ednea Tector, soluciones de transporte y un enfoque en la sustentabilidad...","og_url":"https:\/\/autofans.com.ar\/index.php\/2025\/03\/19\/iveco-refuerza-su-liderazgo-en-expoagro-2025\/","article_published_time":"2025-03-19T23:33:14+00:00","og_image":[{"width":1000,"height":667,"url":"https:\/\/autofans.com.ar\/wp-content\/uploads\/2025\/03\/iveco-1-1.jpg","type":"image\/jpeg"}],"author":"Alejandro Gabriel Rosito","twitter_card":"summary_large_image","twitter_misc":{"Escrito por":"Alejandro Gabriel Rosito","Tiempo de lectura":"3 minutos"},"schema":{"@context":"https:\/\/schema.org","@graph":[{"@type":"Article","@id":"https:\/\/autofans.com.ar\/index.php\/2025\/03\/19\/iveco-refuerza-su-liderazgo-en-expoagro-2025\/#article","isPartOf":{"@id":"https:\/\/autofans.com.ar\/index.php\/2025\/03\/19\/iveco-refuerza-su-liderazgo-en-expoagro-2025\/"},"author":{"name":"Alejandro Gabriel Rosito","@id":"https:\/\/autofans.com.ar\/#\/schema\/person\/4a8dda0b6df83ac3d6723e921274c2aa"},"headline":"IVECO refuerza su liderazgo en Expoagro 2025","datePublished":"2025-03-19T23:33:14+00:00","mainEntityOfPage":{"@id":"https:\/\/autofans.com.ar\/index.php\/2025\/03\/19\/iveco-refuerza-su-liderazgo-en-expoagro-2025\/"},"wordCount":496,"image":{"@id":"https:\/\/autofans.com.ar\/index.php\/2025\/03\/19\/iveco-refuerza-su-liderazgo-en-expoagro-2025\/#primaryimage"},"thumbnailUrl":"https:\/\/autofans.com.ar\/wp-content\/uploads\/2025\/03\/iveco-1-1.jpg","keywords":["cami\u00f3n Euro VI","Camiones a GNC","camiones IVECO","Expoagro 2025","financiamiento IVECO","IVECO","IVECO Tector","posventa IVECO","transporte sustentable"],"articleSection":["NOTICIAS","PICK UPs, UTILITARIOS Y OTROS"],"inLanguage":"es"},{"@type":"WebPage","@id":"https:\/\/autofans.com.ar\/index.php\/2025\/03\/19\/iveco-refuerza-su-liderazgo-en-expoagro-2025\/","url":"https:\/\/autofans.com.ar\/index.php\/2025\/03\/19\/iveco-refuerza-su-liderazgo-en-expoagro-2025\/","name":"IVECO refuerza su liderazgo en Expoagro 2025 -","isPartOf":{"@id":"https:\/\/autofans.com.ar\/#website"},"primaryImageOfPage":{"@id":"https:\/\/autofans.com.ar\/index.php\/2025\/03\/19\/iveco-refuerza-su-liderazgo-en-expoagro-2025\/#primaryimage"},"image":{"@id":"https:\/\/autofans.com.ar\/index.php\/2025\/03\/19\/iveco-refuerza-su-liderazgo-en-expoagro-2025\/#primaryimage"},"thumbnailUrl":"https:\/\/autofans.com.ar\/wp-content\/uploads\/2025\/03\/iveco-1-1.jpg","datePublished":"2025-03-19T23:33:14+00:00","author":{"@id":"https:\/\/autofans.com.ar\/#\/schema\/person\/4a8dda0b6df83ac3d6723e921274c2aa"},"description":"IVECO se presento en Expoagro con innovaciones en su l\u00ednea Tector, soluciones de transporte y un enfoque en la sustentabilidad...","breadcrumb":{"@id":"https:\/\/autofans.com.ar\/index.php\/2025\/03\/19\/iveco-refuerza-su-liderazgo-en-expoagro-2025\/#breadcrumb"},"inLanguage":"es","potentialAction":[{"@type":"ReadAction","target":["https:\/\/autofans.com.ar\/index.php\/2025\/03\/19\/iveco-refuerza-su-liderazgo-en-expoagro-2025\/"]}]},{"@type":"ImageObject","inLanguage":"es","@id":"https:\/\/autofans.com.ar\/index.php\/2025\/03\/19\/iveco-refuerza-su-liderazgo-en-expoagro-2025\/#primaryimage","url":"https:\/\/autofans.com.ar\/wp-content\/uploads\/2025\/03\/iveco-1-1.jpg","contentUrl":"https:\/\/autofans.com.ar\/wp-content\/uploads\/2025\/03\/iveco-1-1.jpg","width":1000,"height":667,"caption":"IVECO"},{"@type":"BreadcrumbList","@id":"https:\/\/autofans.com.ar\/index.php\/2025\/03\/19\/iveco-refuerza-su-liderazgo-en-expoagro-2025\/#breadcrumb","itemListElement":[{"@type":"ListItem","position":1,"name":"Inicio","item":"https:\/\/autofans.com.ar\/"},{"@type":"ListItem","position":2,"name":"IVECO refuerza su liderazgo en Expoagro 2025"}]},{"@type":"WebSite","@id":"https:\/\/autofans.com.ar\/#website","url":"https:\/\/autofans.com.ar\/","name":"","description":"El multimedio referente de la industria automotriz","potentialAction":[{"@type":"SearchAction","target":{"@type":"EntryPoint","urlTemplate":"https:\/\/autofans.com.ar\/?s={search_term_string}"},"query-input":{"@type":"PropertyValueSpecification","valueRequired":true,"valueName":"search_term_string"}}],"inLanguage":"es"},{"@type":"Person","@id":"https:\/\/autofans.com.ar\/#\/schema\/person\/4a8dda0b6df83ac3d6723e921274c2aa","name":"Alejandro Gabriel Rosito","image":{"@type":"ImageObject","inLanguage":"es","@id":"https:\/\/secure.gravatar.com\/avatar\/16c5dda1489adfc62618084dcbb91cffd879c374b13fe5dd8e44ed6733852c88?s=96&d=mm&r=g","url":"https:\/\/secure.gravatar.com\/avatar\/16c5dda1489adfc62618084dcbb91cffd879c374b13fe5dd8e44ed6733852c88?s=96&d=mm&r=g","contentUrl":"https:\/\/secure.gravatar.com\/avatar\/16c5dda1489adfc62618084dcbb91cffd879c374b13fe5dd8e44ed6733852c88?s=96&d=mm&r=g","caption":"Alejandro Gabriel Rosito"},"url":"https:\/\/autofans.com.ar\/index.php\/author\/gabrielr\/"}]}},"featured_image_urls":{"full":["https:\/\/autofans.com.ar\/wp-content\/uploads\/2025\/03\/iveco-1-1.jpg",1000,667,false],"thumbnail":["https:\/\/autofans.com.ar\/wp-content\/uploads\/2025\/03\/iveco-1-1-150x150.jpg",150,150,true],"medium":["https:\/\/autofans.com.ar\/wp-content\/uploads\/2025\/03\/iveco-1-1-300x200.jpg",300,200,true],"medium_large":["https:\/\/autofans.com.ar\/wp-content\/uploads\/2025\/03\/iveco-1-1-768x512.jpg",640,427,true],"large":["https:\/\/autofans.com.ar\/wp-content\/uploads\/2025\/03\/iveco-1-1.jpg",640,427,false],"1536x1536":["https:\/\/autofans.com.ar\/wp-content\/uploads\/2025\/03\/iveco-1-1.jpg",1000,667,false],"2048x2048":["https:\/\/autofans.com.ar\/wp-content\/uploads\/2025\/03\/iveco-1-1.jpg",1000,667,false],"covernews-featured":["https:\/\/autofans.com.ar\/wp-content\/uploads\/2025\/03\/iveco-1-1.jpg",1000,667,false],"covernews-medium":["https:\/\/autofans.com.ar\/wp-content\/uploads\/2025\/03\/iveco-1-1-540x340.jpg",540,340,true]},"author_info":{"display_name":"Alejandro Gabriel Rosito","author_link":"https:\/\/autofans.com.ar\/index.php\/author\/gabrielr\/"},"category_info":"<a href=\"https:\/\/autofans.com.ar\/index.php\/category\/noticias\/\" rel=\"category tag\">NOTICIAS<\/a> <a href=\"https:\/\/autofans.com.ar\/index.php\/category\/noticias\/otros\/\" rel=\"category tag\">PICK UPs, UTILITARIOS Y OTROS<\/a>","tag_info":"PICK UPs, UTILITARIOS Y OTROS","comment_count":0,"_links":{"self":[{"href":"https:\/\/autofans.com.ar\/index.php\/wp-json\/wp\/v2\/posts\/11590","targetHints":{"allow":["GET"]}}],"collection":[{"href":"https:\/\/autofans.com.ar\/index.php\/wp-json\/wp\/v2\/posts"}],"about":[{"href":"https:\/\/autofans.com.ar\/index.php\/wp-json\/wp\/v2\/types\/post"}],"author":[{"embeddable":true,"href":"https:\/\/autofans.com.ar\/index.php\/wp-json\/wp\/v2\/users\/2"}],"replies":[{"embeddable":true,"href":"https:\/\/autofans.com.ar\/index.php\/wp-json\/wp\/v2\/comments?post=11590"}],"version-history":[{"count":5,"href":"https:\/\/autofans.com.ar\/index.php\/wp-json\/wp\/v2\/posts\/11590\/revisions"}],"predecessor-version":[{"id":11601,"href":"https:\/\/autofans.com.ar\/index.php\/wp-json\/wp\/v2\/posts\/11590\/revisions\/11601"}],"wp:featuredmedia":[{"embeddable":true,"href":"https:\/\/autofans.com.ar\/index.php\/wp-json\/wp\/v2\/media\/11596"}],"wp:attachment":[{"href":"https:\/\/autofans.com.ar\/index.php\/wp-json\/wp\/v2\/media?parent=11590"}],"wp:term":[{"taxonomy":"category","embeddable":true,"href":"https:\/\/autofans.com.ar\/index.php\/wp-json\/wp\/v2\/categories?post=11590"},{"taxonomy":"post_tag","embeddable":true,"href":"https:\/\/autofans.com.ar\/index.php\/wp-json\/wp\/v2\/tags?post=11590"}],"curies":[{"name":"wp","href":"https:\/\/api.w.org\/{rel}","templated":true}]}}