{"id":11636,"date":"2025-03-21T21:29:54","date_gmt":"2025-03-22T00:29:54","guid":{"rendered":"https:\/\/autofans.com.ar\/?p=11636"},"modified":"2025-03-21T21:29:54","modified_gmt":"2025-03-22T00:29:54","slug":"bosch-lanza-sus-nuevas-lamparas-eco","status":"publish","type":"post","link":"https:\/\/autofans.com.ar\/index.php\/2025\/03\/21\/bosch-lanza-sus-nuevas-lamparas-eco\/","title":{"rendered":"Bosch lanza sus nuevas l\u00e1mparas ECO"},"content":{"rendered":"<p data-pm-slice=\"1 1 []\">En Argentina, los veh\u00edculos pesados deben cumplir con normas de iluminaci\u00f3n que garantizan la seguridad vial. Con esto en mente, Bosch Mobility Aftermarket presenta su nueva l\u00ednea de l\u00e1mparas ECO, dise\u00f1adas para brindar una opci\u00f3n accesible, duradera y eficiente en el consumo energ\u00e9tico, sin comprometer calidad ni rendimiento.<\/p>\n<p data-pm-slice=\"1 1 []\"><span style=\"color: #ffffff;\">.<\/span><\/p>\n<h2>L\u00e1mparas ECO y ECO Truck: m\u00e1s seguridad y durabilidad<\/h2>\n<p>&nbsp;<\/p>\n<div id='gallery-1' class='gallery galleryid-11636 gallery-columns-2 gallery-size-full'><figure class='gallery-item'>\n\t\t\t<div class='gallery-icon landscape'>\n\t\t\t\t<a href='https:\/\/autofans.com.ar\/index.php\/2025\/03\/21\/bosch-lanza-sus-nuevas-lamparas-eco\/bosch-3-4\/'><img loading=\"lazy\" width=\"1000\" height=\"667\" src=\"https:\/\/autofans.com.ar\/wp-content\/uploads\/2025\/03\/bosch-3.jpg\" class=\"attachment-full size-full\" alt=\"Bosch\" srcset=\"https:\/\/autofans.com.ar\/wp-content\/uploads\/2025\/03\/bosch-3.jpg 1000w, https:\/\/autofans.com.ar\/wp-content\/uploads\/2025\/03\/bosch-3-300x200.jpg 300w, https:\/\/autofans.com.ar\/wp-content\/uploads\/2025\/03\/bosch-3-768x512.jpg 768w\" sizes=\"auto, (max-width: 1000px) 100vw, 1000px\" loading=\"lazy\" decoding=\"async\" \/><\/a>\n\t\t\t<\/div><\/figure><figure class='gallery-item'>\n\t\t\t<div class='gallery-icon landscape'>\n\t\t\t\t<a href='https:\/\/autofans.com.ar\/index.php\/2025\/03\/21\/bosch-lanza-sus-nuevas-lamparas-eco\/bosch-4-2\/'><img loading=\"lazy\" width=\"1000\" height=\"667\" src=\"https:\/\/autofans.com.ar\/wp-content\/uploads\/2025\/03\/bosch-4.jpg\" class=\"attachment-full size-full\" alt=\"Bosch\" srcset=\"https:\/\/autofans.com.ar\/wp-content\/uploads\/2025\/03\/bosch-4.jpg 1000w, https:\/\/autofans.com.ar\/wp-content\/uploads\/2025\/03\/bosch-4-300x200.jpg 300w, https:\/\/autofans.com.ar\/wp-content\/uploads\/2025\/03\/bosch-4-768x512.jpg 768w\" sizes=\"auto, (max-width: 1000px) 100vw, 1000px\" loading=\"lazy\" decoding=\"async\" \/><\/a>\n\t\t\t<\/div><\/figure>\n\t\t<\/div>\n\n<p>&nbsp;<\/p>\n<p>Disponibles en las versiones ECO y ECO Truck, estas l\u00e1mparas cuentan con un dise\u00f1o robusto y materiales de alta calidad que aseguran una vida \u00fatil prolongada. Est\u00e1n pensadas para transportistas y empresas que requieren soluciones confiables para recorridos largos y condiciones de manejo exigentes.<\/p>\n<p>&nbsp;<\/p>\n<h2>Bosch consejos para una iluminaci\u00f3n segura<\/h2>\n<p>&nbsp;<\/p>\n<div id='gallery-2' class='gallery galleryid-11636 gallery-columns-2 gallery-size-full'><figure class='gallery-item'>\n\t\t\t<div class='gallery-icon landscape'>\n\t\t\t\t<a href='https:\/\/autofans.com.ar\/index.php\/2025\/03\/21\/bosch-lanza-sus-nuevas-lamparas-eco\/bosch-1-3\/'><img loading=\"lazy\" width=\"1000\" height=\"667\" src=\"https:\/\/autofans.com.ar\/wp-content\/uploads\/2025\/03\/bosch-1.jpg\" class=\"attachment-full size-full\" alt=\"Bosch\" srcset=\"https:\/\/autofans.com.ar\/wp-content\/uploads\/2025\/03\/bosch-1.jpg 1000w, https:\/\/autofans.com.ar\/wp-content\/uploads\/2025\/03\/bosch-1-300x200.jpg 300w, https:\/\/autofans.com.ar\/wp-content\/uploads\/2025\/03\/bosch-1-768x512.jpg 768w\" sizes=\"auto, (max-width: 1000px) 100vw, 1000px\" loading=\"lazy\" decoding=\"async\" \/><\/a>\n\t\t\t<\/div><\/figure><figure class='gallery-item'>\n\t\t\t<div class='gallery-icon landscape'>\n\t\t\t\t<a href='https:\/\/autofans.com.ar\/index.php\/2025\/03\/21\/bosch-lanza-sus-nuevas-lamparas-eco\/bosch-2-4\/'><img loading=\"lazy\" width=\"1000\" height=\"667\" src=\"https:\/\/autofans.com.ar\/wp-content\/uploads\/2025\/03\/bosch-2.jpg\" class=\"attachment-full size-full\" alt=\"Bosch\" srcset=\"https:\/\/autofans.com.ar\/wp-content\/uploads\/2025\/03\/bosch-2.jpg 1000w, https:\/\/autofans.com.ar\/wp-content\/uploads\/2025\/03\/bosch-2-300x200.jpg 300w, https:\/\/autofans.com.ar\/wp-content\/uploads\/2025\/03\/bosch-2-768x512.jpg 768w\" sizes=\"auto, (max-width: 1000px) 100vw, 1000px\" loading=\"lazy\" decoding=\"async\" \/><\/a>\n\t\t\t<\/div><\/figure>\n\t\t<\/div>\n\n<p>&nbsp;<\/p>\n<p>Bosch Mobility Aftermarket recomienda seguir una serie de buenas pr\u00e1cticas para garantizar una iluminaci\u00f3n vehicular eficiente:<\/p>\n<ul data-spread=\"false\">\n<li><strong>Revisi\u00f3n peri\u00f3dica:<\/strong> Antes de cada viaje, verificar que las luces est\u00e9n alineadas correctamente.<\/li>\n<li><strong>Reemplazo oportuno:<\/strong> Ante signos de desgaste o reducci\u00f3n de intensidad, cambiar las l\u00e1mparas para evitar problemas de visibilidad.<\/li>\n<li><strong>Mantenimiento:<\/strong> Mantener los faros limpios para asegurar un alcance lum\u00ednico \u00f3ptimo.<\/li>\n<li><strong>Uso adecuado:<\/strong> Circular con luces bajas para evitar encandilamientos y utilizar luces altas solo en rutas oscuras sin tr\u00e1nsito de frente.<\/li>\n<\/ul>\n<p>Las l\u00e1mparas Bosch ECO, junto con el resto de la l\u00ednea de productos para movilidad de la marca, est\u00e1n disponibles en casas de repuestos y distribuidores oficiales homologados en todo el pa\u00eds.<\/p>\n<p>&nbsp;<\/p>\n<p>&nbsp;<\/p>\n<p>&nbsp;<\/p>\n<p><i>Para enterarte de m\u00e1s novedades, no dejes de leer\u00a0<\/i><a href=\"https:\/\/autofans.thebrandsoup.com\/\"><i>nuestras notas<\/i><\/a><i>, de ver<\/i><b><i>\u00a0<\/i><\/b><a href=\"https:\/\/www.youtube.com\/channel\/UCgAC8UGHZYbT6P7PpmVnP7g\"><b><i>AUTOFANS TV<\/i><\/b><\/a><b><i>\u00a0<\/i><\/b><i>en nuestro\u00a0canal de Youtube. Adem\u00e1s seguinos en\u00a0<\/i><a href=\"https:\/\/www.instagram.com\/autofanstv\/\"><i>INSTAGRAM<\/i><\/a><i> y <\/i><a href=\"https:\/\/www.facebook.com\/autofansmas\/\"><i>FACEBOOK<\/i><\/a><i> para no perderte nada sobre las novedades del segmento automotor de Argentina y el mundo.<\/i><\/p>\n","protected":false},"excerpt":{"rendered":"<p>En Argentina, los veh\u00edculos pesados deben cumplir con normas de iluminaci\u00f3n que garantizan la seguridad&#8230;<\/p>\n","protected":false},"author":2,"featured_media":11637,"comment_status":"closed","ping_status":"closed","sticky":false,"template":"","format":"standard","meta":{"footnotes":""},"categories":[11,1],"tags":[6359,6353,6355,6354,6356,6357,6358,698,444],"class_list":["post-11636","post","type-post","status-publish","format-standard","has-post-thumbnail","hentry","category-accesorios","category-lanzamientos","tag-autopartes-bosch","tag-bosch-mobility-aftermarket","tag-iluminacion-vehicular","tag-lamparas-eco","tag-lamparas-para-camiones","tag-lamparas-para-transporte-pesado","tag-normativa-de-transito","tag-seguridad-vial","tag-vehiculos-comerciales"],"yoast_head":"<!-- This site is optimized with the Yoast SEO plugin v27.5 - https:\/\/yoast.com\/product\/yoast-seo-wordpress\/ -->\n<title>Bosch lanza sus nuevas l\u00e1mparas ECO -<\/title>\n<meta name=\"description\" content=\"Los veh\u00edculos pesados deben cumplir con normas de iluminaci\u00f3n que garantizan la seguridad vial. Bosch presenta su nueva l\u00ednea de l\u00e1mparas ECO\" \/>\n<meta name=\"robots\" content=\"index, follow, max-snippet:-1, max-image-preview:large, max-video-preview:-1\" \/>\n<link rel=\"canonical\" href=\"https:\/\/autofans.com.ar\/index.php\/2025\/03\/21\/bosch-lanza-sus-nuevas-lamparas-eco\/\" \/>\n<meta property=\"og:locale\" content=\"es_ES\" \/>\n<meta property=\"og:type\" content=\"article\" \/>\n<meta property=\"og:title\" content=\"Bosch lanza sus nuevas l\u00e1mparas ECO -\" \/>\n<meta property=\"og:description\" content=\"Los veh\u00edculos pesados deben cumplir con normas de iluminaci\u00f3n que garantizan la seguridad vial. Bosch presenta su nueva l\u00ednea de l\u00e1mparas ECO\" \/>\n<meta property=\"og:url\" content=\"https:\/\/autofans.com.ar\/index.php\/2025\/03\/21\/bosch-lanza-sus-nuevas-lamparas-eco\/\" \/>\n<meta property=\"article:published_time\" content=\"2025-03-22T00:29:54+00:00\" \/>\n<meta property=\"og:image\" content=\"https:\/\/autofans.com.ar\/wp-content\/uploads\/2025\/03\/bosch-5.jpg\" \/>\n\t<meta property=\"og:image:width\" content=\"1000\" \/>\n\t<meta property=\"og:image:height\" content=\"635\" \/>\n\t<meta property=\"og:image:type\" content=\"image\/jpeg\" \/>\n<meta name=\"author\" content=\"Alejandro Gabriel Rosito\" \/>\n<meta name=\"twitter:card\" content=\"summary_large_image\" \/>\n<meta name=\"twitter:label1\" content=\"Escrito por\" \/>\n\t<meta name=\"twitter:data1\" content=\"Alejandro Gabriel Rosito\" \/>\n\t<meta name=\"twitter:label2\" content=\"Tiempo de lectura\" \/>\n\t<meta name=\"twitter:data2\" content=\"2 minutos\" \/>\n<script type=\"application\/ld+json\" class=\"yoast-schema-graph\">{\"@context\":\"https:\\\/\\\/schema.org\",\"@graph\":[{\"@type\":\"Article\",\"@id\":\"https:\\\/\\\/autofans.com.ar\\\/index.php\\\/2025\\\/03\\\/21\\\/bosch-lanza-sus-nuevas-lamparas-eco\\\/#article\",\"isPartOf\":{\"@id\":\"https:\\\/\\\/autofans.com.ar\\\/index.php\\\/2025\\\/03\\\/21\\\/bosch-lanza-sus-nuevas-lamparas-eco\\\/\"},\"author\":{\"name\":\"Alejandro Gabriel Rosito\",\"@id\":\"https:\\\/\\\/autofans.com.ar\\\/#\\\/schema\\\/person\\\/4a8dda0b6df83ac3d6723e921274c2aa\"},\"headline\":\"Bosch lanza sus nuevas l\u00e1mparas ECO\",\"datePublished\":\"2025-03-22T00:29:54+00:00\",\"mainEntityOfPage\":{\"@id\":\"https:\\\/\\\/autofans.com.ar\\\/index.php\\\/2025\\\/03\\\/21\\\/bosch-lanza-sus-nuevas-lamparas-eco\\\/\"},\"wordCount\":312,\"image\":{\"@id\":\"https:\\\/\\\/autofans.com.ar\\\/index.php\\\/2025\\\/03\\\/21\\\/bosch-lanza-sus-nuevas-lamparas-eco\\\/#primaryimage\"},\"thumbnailUrl\":\"https:\\\/\\\/autofans.com.ar\\\/wp-content\\\/uploads\\\/2025\\\/03\\\/bosch-5.jpg\",\"keywords\":[\"autopartes Bosch\",\"Bosch Mobility Aftermarket\",\"iluminaci\u00f3n vehicular\",\"l\u00e1mparas ECO\",\"l\u00e1mparas para camiones\",\"l\u00e1mparas para transporte pesado\",\"normativa de tr\u00e1nsito\",\"Seguridad Vial\",\"Veh\u00edculos Comerciales\"],\"articleSection\":[\"Accesorios\",\"LANZAMIENTOS\"],\"inLanguage\":\"es\"},{\"@type\":\"WebPage\",\"@id\":\"https:\\\/\\\/autofans.com.ar\\\/index.php\\\/2025\\\/03\\\/21\\\/bosch-lanza-sus-nuevas-lamparas-eco\\\/\",\"url\":\"https:\\\/\\\/autofans.com.ar\\\/index.php\\\/2025\\\/03\\\/21\\\/bosch-lanza-sus-nuevas-lamparas-eco\\\/\",\"name\":\"Bosch lanza sus nuevas l\u00e1mparas ECO -\",\"isPartOf\":{\"@id\":\"https:\\\/\\\/autofans.com.ar\\\/#website\"},\"primaryImageOfPage\":{\"@id\":\"https:\\\/\\\/autofans.com.ar\\\/index.php\\\/2025\\\/03\\\/21\\\/bosch-lanza-sus-nuevas-lamparas-eco\\\/#primaryimage\"},\"image\":{\"@id\":\"https:\\\/\\\/autofans.com.ar\\\/index.php\\\/2025\\\/03\\\/21\\\/bosch-lanza-sus-nuevas-lamparas-eco\\\/#primaryimage\"},\"thumbnailUrl\":\"https:\\\/\\\/autofans.com.ar\\\/wp-content\\\/uploads\\\/2025\\\/03\\\/bosch-5.jpg\",\"datePublished\":\"2025-03-22T00:29:54+00:00\",\"author\":{\"@id\":\"https:\\\/\\\/autofans.com.ar\\\/#\\\/schema\\\/person\\\/4a8dda0b6df83ac3d6723e921274c2aa\"},\"description\":\"Los veh\u00edculos pesados deben cumplir con normas de iluminaci\u00f3n que garantizan la seguridad vial. Bosch presenta su nueva l\u00ednea de l\u00e1mparas ECO\",\"breadcrumb\":{\"@id\":\"https:\\\/\\\/autofans.com.ar\\\/index.php\\\/2025\\\/03\\\/21\\\/bosch-lanza-sus-nuevas-lamparas-eco\\\/#breadcrumb\"},\"inLanguage\":\"es\",\"potentialAction\":[{\"@type\":\"ReadAction\",\"target\":[\"https:\\\/\\\/autofans.com.ar\\\/index.php\\\/2025\\\/03\\\/21\\\/bosch-lanza-sus-nuevas-lamparas-eco\\\/\"]}]},{\"@type\":\"ImageObject\",\"inLanguage\":\"es\",\"@id\":\"https:\\\/\\\/autofans.com.ar\\\/index.php\\\/2025\\\/03\\\/21\\\/bosch-lanza-sus-nuevas-lamparas-eco\\\/#primaryimage\",\"url\":\"https:\\\/\\\/autofans.com.ar\\\/wp-content\\\/uploads\\\/2025\\\/03\\\/bosch-5.jpg\",\"contentUrl\":\"https:\\\/\\\/autofans.com.ar\\\/wp-content\\\/uploads\\\/2025\\\/03\\\/bosch-5.jpg\",\"width\":1000,\"height\":635},{\"@type\":\"BreadcrumbList\",\"@id\":\"https:\\\/\\\/autofans.com.ar\\\/index.php\\\/2025\\\/03\\\/21\\\/bosch-lanza-sus-nuevas-lamparas-eco\\\/#breadcrumb\",\"itemListElement\":[{\"@type\":\"ListItem\",\"position\":1,\"name\":\"Inicio\",\"item\":\"https:\\\/\\\/autofans.com.ar\\\/\"},{\"@type\":\"ListItem\",\"position\":2,\"name\":\"Bosch lanza sus nuevas l\u00e1mparas ECO\"}]},{\"@type\":\"WebSite\",\"@id\":\"https:\\\/\\\/autofans.com.ar\\\/#website\",\"url\":\"https:\\\/\\\/autofans.com.ar\\\/\",\"name\":\"\",\"description\":\"El multimedio referente de la industria automotriz\",\"potentialAction\":[{\"@type\":\"SearchAction\",\"target\":{\"@type\":\"EntryPoint\",\"urlTemplate\":\"https:\\\/\\\/autofans.com.ar\\\/?s={search_term_string}\"},\"query-input\":{\"@type\":\"PropertyValueSpecification\",\"valueRequired\":true,\"valueName\":\"search_term_string\"}}],\"inLanguage\":\"es\"},{\"@type\":\"Person\",\"@id\":\"https:\\\/\\\/autofans.com.ar\\\/#\\\/schema\\\/person\\\/4a8dda0b6df83ac3d6723e921274c2aa\",\"name\":\"Alejandro Gabriel Rosito\",\"image\":{\"@type\":\"ImageObject\",\"inLanguage\":\"es\",\"@id\":\"https:\\\/\\\/secure.gravatar.com\\\/avatar\\\/16c5dda1489adfc62618084dcbb91cffd879c374b13fe5dd8e44ed6733852c88?s=96&d=mm&r=g\",\"url\":\"https:\\\/\\\/secure.gravatar.com\\\/avatar\\\/16c5dda1489adfc62618084dcbb91cffd879c374b13fe5dd8e44ed6733852c88?s=96&d=mm&r=g\",\"contentUrl\":\"https:\\\/\\\/secure.gravatar.com\\\/avatar\\\/16c5dda1489adfc62618084dcbb91cffd879c374b13fe5dd8e44ed6733852c88?s=96&d=mm&r=g\",\"caption\":\"Alejandro Gabriel Rosito\"},\"url\":\"https:\\\/\\\/autofans.com.ar\\\/index.php\\\/author\\\/gabrielr\\\/\"}]}<\/script>\n<!-- \/ Yoast SEO plugin. -->","yoast_head_json":{"title":"Bosch lanza sus nuevas l\u00e1mparas ECO -","description":"Los veh\u00edculos pesados deben cumplir con normas de iluminaci\u00f3n que garantizan la seguridad vial. Bosch presenta su nueva l\u00ednea de l\u00e1mparas ECO","robots":{"index":"index","follow":"follow","max-snippet":"max-snippet:-1","max-image-preview":"max-image-preview:large","max-video-preview":"max-video-preview:-1"},"canonical":"https:\/\/autofans.com.ar\/index.php\/2025\/03\/21\/bosch-lanza-sus-nuevas-lamparas-eco\/","og_locale":"es_ES","og_type":"article","og_title":"Bosch lanza sus nuevas l\u00e1mparas ECO -","og_description":"Los veh\u00edculos pesados deben cumplir con normas de iluminaci\u00f3n que garantizan la seguridad vial. Bosch presenta su nueva l\u00ednea de l\u00e1mparas ECO","og_url":"https:\/\/autofans.com.ar\/index.php\/2025\/03\/21\/bosch-lanza-sus-nuevas-lamparas-eco\/","article_published_time":"2025-03-22T00:29:54+00:00","og_image":[{"width":1000,"height":635,"url":"https:\/\/autofans.com.ar\/wp-content\/uploads\/2025\/03\/bosch-5.jpg","type":"image\/jpeg"}],"author":"Alejandro Gabriel Rosito","twitter_card":"summary_large_image","twitter_misc":{"Escrito por":"Alejandro Gabriel Rosito","Tiempo de lectura":"2 minutos"},"schema":{"@context":"https:\/\/schema.org","@graph":[{"@type":"Article","@id":"https:\/\/autofans.com.ar\/index.php\/2025\/03\/21\/bosch-lanza-sus-nuevas-lamparas-eco\/#article","isPartOf":{"@id":"https:\/\/autofans.com.ar\/index.php\/2025\/03\/21\/bosch-lanza-sus-nuevas-lamparas-eco\/"},"author":{"name":"Alejandro Gabriel Rosito","@id":"https:\/\/autofans.com.ar\/#\/schema\/person\/4a8dda0b6df83ac3d6723e921274c2aa"},"headline":"Bosch lanza sus nuevas l\u00e1mparas ECO","datePublished":"2025-03-22T00:29:54+00:00","mainEntityOfPage":{"@id":"https:\/\/autofans.com.ar\/index.php\/2025\/03\/21\/bosch-lanza-sus-nuevas-lamparas-eco\/"},"wordCount":312,"image":{"@id":"https:\/\/autofans.com.ar\/index.php\/2025\/03\/21\/bosch-lanza-sus-nuevas-lamparas-eco\/#primaryimage"},"thumbnailUrl":"https:\/\/autofans.com.ar\/wp-content\/uploads\/2025\/03\/bosch-5.jpg","keywords":["autopartes Bosch","Bosch Mobility Aftermarket","iluminaci\u00f3n vehicular","l\u00e1mparas ECO","l\u00e1mparas para camiones","l\u00e1mparas para transporte pesado","normativa de tr\u00e1nsito","Seguridad Vial","Veh\u00edculos Comerciales"],"articleSection":["Accesorios","LANZAMIENTOS"],"inLanguage":"es"},{"@type":"WebPage","@id":"https:\/\/autofans.com.ar\/index.php\/2025\/03\/21\/bosch-lanza-sus-nuevas-lamparas-eco\/","url":"https:\/\/autofans.com.ar\/index.php\/2025\/03\/21\/bosch-lanza-sus-nuevas-lamparas-eco\/","name":"Bosch lanza sus nuevas l\u00e1mparas ECO -","isPartOf":{"@id":"https:\/\/autofans.com.ar\/#website"},"primaryImageOfPage":{"@id":"https:\/\/autofans.com.ar\/index.php\/2025\/03\/21\/bosch-lanza-sus-nuevas-lamparas-eco\/#primaryimage"},"image":{"@id":"https:\/\/autofans.com.ar\/index.php\/2025\/03\/21\/bosch-lanza-sus-nuevas-lamparas-eco\/#primaryimage"},"thumbnailUrl":"https:\/\/autofans.com.ar\/wp-content\/uploads\/2025\/03\/bosch-5.jpg","datePublished":"2025-03-22T00:29:54+00:00","author":{"@id":"https:\/\/autofans.com.ar\/#\/schema\/person\/4a8dda0b6df83ac3d6723e921274c2aa"},"description":"Los veh\u00edculos pesados deben cumplir con normas de iluminaci\u00f3n que garantizan la seguridad vial. Bosch presenta su nueva l\u00ednea de l\u00e1mparas ECO","breadcrumb":{"@id":"https:\/\/autofans.com.ar\/index.php\/2025\/03\/21\/bosch-lanza-sus-nuevas-lamparas-eco\/#breadcrumb"},"inLanguage":"es","potentialAction":[{"@type":"ReadAction","target":["https:\/\/autofans.com.ar\/index.php\/2025\/03\/21\/bosch-lanza-sus-nuevas-lamparas-eco\/"]}]},{"@type":"ImageObject","inLanguage":"es","@id":"https:\/\/autofans.com.ar\/index.php\/2025\/03\/21\/bosch-lanza-sus-nuevas-lamparas-eco\/#primaryimage","url":"https:\/\/autofans.com.ar\/wp-content\/uploads\/2025\/03\/bosch-5.jpg","contentUrl":"https:\/\/autofans.com.ar\/wp-content\/uploads\/2025\/03\/bosch-5.jpg","width":1000,"height":635},{"@type":"BreadcrumbList","@id":"https:\/\/autofans.com.ar\/index.php\/2025\/03\/21\/bosch-lanza-sus-nuevas-lamparas-eco\/#breadcrumb","itemListElement":[{"@type":"ListItem","position":1,"name":"Inicio","item":"https:\/\/autofans.com.ar\/"},{"@type":"ListItem","position":2,"name":"Bosch lanza sus nuevas l\u00e1mparas ECO"}]},{"@type":"WebSite","@id":"https:\/\/autofans.com.ar\/#website","url":"https:\/\/autofans.com.ar\/","name":"","description":"El multimedio referente de la industria automotriz","potentialAction":[{"@type":"SearchAction","target":{"@type":"EntryPoint","urlTemplate":"https:\/\/autofans.com.ar\/?s={search_term_string}"},"query-input":{"@type":"PropertyValueSpecification","valueRequired":true,"valueName":"search_term_string"}}],"inLanguage":"es"},{"@type":"Person","@id":"https:\/\/autofans.com.ar\/#\/schema\/person\/4a8dda0b6df83ac3d6723e921274c2aa","name":"Alejandro Gabriel Rosito","image":{"@type":"ImageObject","inLanguage":"es","@id":"https:\/\/secure.gravatar.com\/avatar\/16c5dda1489adfc62618084dcbb91cffd879c374b13fe5dd8e44ed6733852c88?s=96&d=mm&r=g","url":"https:\/\/secure.gravatar.com\/avatar\/16c5dda1489adfc62618084dcbb91cffd879c374b13fe5dd8e44ed6733852c88?s=96&d=mm&r=g","contentUrl":"https:\/\/secure.gravatar.com\/avatar\/16c5dda1489adfc62618084dcbb91cffd879c374b13fe5dd8e44ed6733852c88?s=96&d=mm&r=g","caption":"Alejandro Gabriel Rosito"},"url":"https:\/\/autofans.com.ar\/index.php\/author\/gabrielr\/"}]}},"featured_image_urls":{"full":["https:\/\/autofans.com.ar\/wp-content\/uploads\/2025\/03\/bosch-5.jpg",1000,635,false],"thumbnail":["https:\/\/autofans.com.ar\/wp-content\/uploads\/2025\/03\/bosch-5-150x150.jpg",150,150,true],"medium":["https:\/\/autofans.com.ar\/wp-content\/uploads\/2025\/03\/bosch-5-300x191.jpg",300,191,true],"medium_large":["https:\/\/autofans.com.ar\/wp-content\/uploads\/2025\/03\/bosch-5-768x488.jpg",640,407,true],"large":["https:\/\/autofans.com.ar\/wp-content\/uploads\/2025\/03\/bosch-5.jpg",640,406,false],"1536x1536":["https:\/\/autofans.com.ar\/wp-content\/uploads\/2025\/03\/bosch-5.jpg",1000,635,false],"2048x2048":["https:\/\/autofans.com.ar\/wp-content\/uploads\/2025\/03\/bosch-5.jpg",1000,635,false],"covernews-featured":["https:\/\/autofans.com.ar\/wp-content\/uploads\/2025\/03\/bosch-5.jpg",1000,635,false],"covernews-medium":["https:\/\/autofans.com.ar\/wp-content\/uploads\/2025\/03\/bosch-5-540x340.jpg",540,340,true]},"author_info":{"display_name":"Alejandro Gabriel Rosito","author_link":"https:\/\/autofans.com.ar\/index.php\/author\/gabrielr\/"},"category_info":"<a href=\"https:\/\/autofans.com.ar\/index.php\/category\/lanzamientos\/accesorios\/\" rel=\"category tag\">Accesorios<\/a> <a href=\"https:\/\/autofans.com.ar\/index.php\/category\/lanzamientos\/\" rel=\"category tag\">LANZAMIENTOS<\/a>","tag_info":"LANZAMIENTOS","comment_count":0,"_links":{"self":[{"href":"https:\/\/autofans.com.ar\/index.php\/wp-json\/wp\/v2\/posts\/11636","targetHints":{"allow":["GET"]}}],"collection":[{"href":"https:\/\/autofans.com.ar\/index.php\/wp-json\/wp\/v2\/posts"}],"about":[{"href":"https:\/\/autofans.com.ar\/index.php\/wp-json\/wp\/v2\/types\/post"}],"author":[{"embeddable":true,"href":"https:\/\/autofans.com.ar\/index.php\/wp-json\/wp\/v2\/users\/2"}],"replies":[{"embeddable":true,"href":"https:\/\/autofans.com.ar\/index.php\/wp-json\/wp\/v2\/comments?post=11636"}],"version-history":[{"count":1,"href":"https:\/\/autofans.com.ar\/index.php\/wp-json\/wp\/v2\/posts\/11636\/revisions"}],"predecessor-version":[{"id":11642,"href":"https:\/\/autofans.com.ar\/index.php\/wp-json\/wp\/v2\/posts\/11636\/revisions\/11642"}],"wp:featuredmedia":[{"embeddable":true,"href":"https:\/\/autofans.com.ar\/index.php\/wp-json\/wp\/v2\/media\/11637"}],"wp:attachment":[{"href":"https:\/\/autofans.com.ar\/index.php\/wp-json\/wp\/v2\/media?parent=11636"}],"wp:term":[{"taxonomy":"category","embeddable":true,"href":"https:\/\/autofans.com.ar\/index.php\/wp-json\/wp\/v2\/categories?post=11636"},{"taxonomy":"post_tag","embeddable":true,"href":"https:\/\/autofans.com.ar\/index.php\/wp-json\/wp\/v2\/tags?post=11636"}],"curies":[{"name":"wp","href":"https:\/\/api.w.org\/{rel}","templated":true}]}}