{"id":11657,"date":"2025-03-25T16:51:58","date_gmt":"2025-03-25T19:51:58","guid":{"rendered":"https:\/\/autofans.com.ar\/?p=11657"},"modified":"2025-03-25T16:51:58","modified_gmt":"2025-03-25T19:51:58","slug":"benjamin-vicuna-y-ds-automobiles-presentan-un-viaje-al-futuro-de-la-movilidad","status":"publish","type":"post","link":"https:\/\/autofans.com.ar\/index.php\/2025\/03\/25\/benjamin-vicuna-y-ds-automobiles-presentan-un-viaje-al-futuro-de-la-movilidad\/","title":{"rendered":"Benjam\u00edn Vicu\u00f1a y DS Automobiles presentan un viaje al futuro de la movilidad"},"content":{"rendered":"<p data-pm-slice=\"1 1 []\">DS Automobiles sigue apostando a la electrificaci\u00f3n con el lanzamiento del nuevo DS 7 E-TENSE, un SUV h\u00edbrido enchufable que redefine la experiencia de conducci\u00f3n a trav\u00e9s de tecnolog\u00eda de punta, dise\u00f1o exclusivo y eficiencia energ\u00e9tica. Para acompa\u00f1ar este hito, la marca francesa present\u00f3 junto a la agencia Don by Havas un cortometraje protagonizado por Benjam\u00edn Vicu\u00f1a, donde la inteligencia artificial juega un rol central.<\/p>\n<p data-pm-slice=\"1 1 []\"><span style=\"color: #ffffff;\">.<\/span><\/p>\n<h2>Benjam\u00edn Vicu\u00f1a y un viaje entre el arte y la tecnolog\u00eda<\/h2>\n<p>&nbsp;<\/p>\n<p><img fetchpriority=\"high\" decoding=\"async\" class=\"aligncenter wp-image-11664 size-full\" src=\"https:\/\/autofans.com.ar\/wp-content\/uploads\/2025\/03\/ds-4-1.jpg\" alt=\"Benjam\u00edn Vicu\u00f1a\" width=\"1000\" height=\"667\" srcset=\"https:\/\/autofans.com.ar\/wp-content\/uploads\/2025\/03\/ds-4-1.jpg 1000w, https:\/\/autofans.com.ar\/wp-content\/uploads\/2025\/03\/ds-4-1-300x200.jpg 300w, https:\/\/autofans.com.ar\/wp-content\/uploads\/2025\/03\/ds-4-1-768x512.jpg 768w\" sizes=\"(max-width: 1000px) 100vw, 1000px\" \/><\/p>\n<p>&nbsp;<\/p>\n<p>&nbsp;<\/p>\n<p>El cortometraje, disponible en cines, plataformas de streaming y redes sociales de DS Automobiles, muestra a Vicu\u00f1a explorando los l\u00edmites entre la actuaci\u00f3n y la inteligencia artificial. La narrativa se fusiona con las caracter\u00edsticas del DS 7 E-TENSE. Un veh\u00edculo que integra el sistema de infoentretenimiento DS IRIS SYSTEM. Accesible a trav\u00e9s de una pantalla t\u00e1ctil HD de 12\u201d y con reconocimiento de voz inteligente. Adem\u00e1s, incorpora un panel de instrumentos digital de 12,3\u201d, optimizando la interacci\u00f3n entre el conductor y el veh\u00edculo.<\/p>\n<p>&nbsp;<\/p>\n<h2>Innovaci\u00f3n y eficiencia en movimiento<\/h2>\n<p>&nbsp;<\/p>\n<div id='gallery-1' class='gallery galleryid-11657 gallery-columns-2 gallery-size-full'><figure class='gallery-item'>\n\t\t\t<div class='gallery-icon landscape'>\n\t\t\t\t<a href='https:\/\/autofans.com.ar\/index.php\/2025\/03\/25\/benjamin-vicuna-y-ds-automobiles-presentan-un-viaje-al-futuro-de-la-movilidad\/ds-1-6\/'><img loading=\"lazy\" width=\"1000\" height=\"667\" src=\"https:\/\/autofans.com.ar\/wp-content\/uploads\/2025\/03\/ds-1-1.jpg\" class=\"attachment-full size-full\" alt=\"Benjam\u00edn Vicu\u00f1a\" srcset=\"https:\/\/autofans.com.ar\/wp-content\/uploads\/2025\/03\/ds-1-1.jpg 1000w, https:\/\/autofans.com.ar\/wp-content\/uploads\/2025\/03\/ds-1-1-300x200.jpg 300w, https:\/\/autofans.com.ar\/wp-content\/uploads\/2025\/03\/ds-1-1-768x512.jpg 768w\" sizes=\"auto, (max-width: 1000px) 100vw, 1000px\" loading=\"lazy\" decoding=\"async\" \/><\/a>\n\t\t\t<\/div><\/figure><figure class='gallery-item'>\n\t\t\t<div class='gallery-icon landscape'>\n\t\t\t\t<a href='https:\/\/autofans.com.ar\/index.php\/2025\/03\/25\/benjamin-vicuna-y-ds-automobiles-presentan-un-viaje-al-futuro-de-la-movilidad\/ds-2-6\/'><img loading=\"lazy\" width=\"1000\" height=\"667\" src=\"https:\/\/autofans.com.ar\/wp-content\/uploads\/2025\/03\/ds-2-1.jpg\" class=\"attachment-full size-full\" alt=\"Benjam\u00edn Vicu\u00f1a\" srcset=\"https:\/\/autofans.com.ar\/wp-content\/uploads\/2025\/03\/ds-2-1.jpg 1000w, https:\/\/autofans.com.ar\/wp-content\/uploads\/2025\/03\/ds-2-1-300x200.jpg 300w, https:\/\/autofans.com.ar\/wp-content\/uploads\/2025\/03\/ds-2-1-768x512.jpg 768w\" sizes=\"auto, (max-width: 1000px) 100vw, 1000px\" loading=\"lazy\" decoding=\"async\" \/><\/a>\n\t\t\t<\/div><\/figure>\n\t\t<\/div>\n\n<p>&nbsp;<\/p>\n<p>El nuevo DS 7 E-TENSE 4&#215;4 combina dise\u00f1o, rendimiento y tecnolog\u00eda. Gracias a la experiencia de DS Performance en la F\u00f3rmula E, este modelo optimiza su eficiencia energ\u00e9tica, posicion\u00e1ndose como una de las opciones m\u00e1s avanzadas en el segmento de los h\u00edbridos enchufables. Su sistema de propulsi\u00f3n electrificada ofrece un equilibrio entre potencia y sustentabilidad. Ideal para quienes buscan sofisticaci\u00f3n e innovaci\u00f3n en cada viaje.<\/p>\n<p>&nbsp;<\/p>\n<h2>Un futuro donde movilidad e inteligencia artificial convergen<\/h2>\n<p>&nbsp;<\/p>\n<p><img decoding=\"async\" class=\"aligncenter wp-image-11665 size-full\" src=\"https:\/\/autofans.com.ar\/wp-content\/uploads\/2025\/03\/ds-3-1.jpg\" alt=\"Benjam\u00edn Vicu\u00f1a\" width=\"1000\" height=\"667\" srcset=\"https:\/\/autofans.com.ar\/wp-content\/uploads\/2025\/03\/ds-3-1.jpg 1000w, https:\/\/autofans.com.ar\/wp-content\/uploads\/2025\/03\/ds-3-1-300x200.jpg 300w, https:\/\/autofans.com.ar\/wp-content\/uploads\/2025\/03\/ds-3-1-768x512.jpg 768w\" sizes=\"(max-width: 1000px) 100vw, 1000px\" \/><\/p>\n<p>&nbsp;<\/p>\n<p>El cortometraje y el lanzamiento del DS 7 E-TENSE marcan un nuevo cap\u00edtulo en la evoluci\u00f3n de la movilidad premium. DS Automobiles reafirma su compromiso con la innovaci\u00f3n y la electrificaci\u00f3n. Ofreciendo una experiencia de conducci\u00f3n que combina tecnolog\u00eda de vanguardia con el placer de viajar.<\/p>\n<p>&nbsp;<\/p>\n<p>&nbsp;<\/p>\n<p><center><iframe title=\"&quot;El arte de viajar\u201d junto al DS7 E-Tense y Benjam\u00edn Vicu\u00f1a\" width=\"640\" height=\"360\" src=\"https:\/\/www.youtube.com\/embed\/J-kG5xrc6VA?feature=oembed\" frameborder=\"0\" allow=\"accelerometer; autoplay; clipboard-write; encrypted-media; gyroscope; picture-in-picture; web-share\" referrerpolicy=\"strict-origin-when-cross-origin\" allowfullscreen><\/iframe><\/p>\n<p>&nbsp;<\/p>\n<p>&nbsp;<\/p>\n<p><\/center>&nbsp;<\/p>\n<p>&nbsp;<\/p>\n<p>&nbsp;<\/p>\n<p><i>Para enterarte de m\u00e1s novedades, no dejes de leer\u00a0<\/i><a href=\"https:\/\/autofans.thebrandsoup.com\/\"><i>nuestras notas<\/i><\/a><i>, de ver<\/i><b><i>\u00a0<\/i><\/b><a href=\"https:\/\/www.youtube.com\/channel\/UCgAC8UGHZYbT6P7PpmVnP7g\"><b><i>AUTOFANS TV<\/i><\/b><\/a><b><i>\u00a0<\/i><\/b><i>en nuestro\u00a0canal de Youtube. Adem\u00e1s seguinos en\u00a0<\/i><a href=\"https:\/\/www.instagram.com\/autofanstv\/\"><i>INSTAGRAM<\/i><\/a><i> y <\/i><a href=\"https:\/\/www.facebook.com\/autofansmas\/\"><i>FACEBOOK<\/i><\/a><i> para no perderte nada sobre las novedades del segmento automotor de Argentina y el mundo.<\/i><\/p>\n","protected":false},"excerpt":{"rendered":"<p>DS Automobiles sigue apostando a la electrificaci\u00f3n con el lanzamiento del nuevo DS 7 E-TENSE,&#8230;<\/p>\n","protected":false},"author":2,"featured_media":11663,"comment_status":"closed","ping_status":"closed","sticky":false,"template":"","format":"standard","meta":{"footnotes":""},"categories":[341,1],"tags":[6362,6348,545,6364,267,1882,1436,4827,6365,6363],"class_list":["post-11657","post","type-post","status-publish","format-standard","has-post-thumbnail","hentry","category-hibridos-y-electricos","category-lanzamientos","tag-benjamin-vicuna","tag-ds-7-e-tense","tag-ds-automobiles","tag-ds-iris-system","tag-formula-e","tag-hibrido-enchufable","tag-inteligencia-artificial","tag-lujo-y-tecnologia","tag-movilidad-premium","tag-suv-electrificado"],"yoast_head":"<!-- This site is optimized with the Yoast SEO plugin v27.5 - https:\/\/yoast.com\/product\/yoast-seo-wordpress\/ -->\n<title>Benjam\u00edn Vicu\u00f1a y DS Automobiles presentan un viaje al futuro de la movilidad -<\/title>\n<meta name=\"description\" content=\"Para acompa\u00f1ar este hito, la marca francesa present\u00f3 junto a la agencia Don by Havas un cortometraje protagonizado por Benjam\u00edn Vicu\u00f1a...\" \/>\n<meta name=\"robots\" content=\"index, follow, max-snippet:-1, max-image-preview:large, max-video-preview:-1\" \/>\n<link rel=\"canonical\" href=\"https:\/\/autofans.com.ar\/index.php\/2025\/03\/25\/benjamin-vicuna-y-ds-automobiles-presentan-un-viaje-al-futuro-de-la-movilidad\/\" \/>\n<meta property=\"og:locale\" content=\"es_ES\" \/>\n<meta property=\"og:type\" content=\"article\" \/>\n<meta property=\"og:title\" content=\"Benjam\u00edn Vicu\u00f1a y DS Automobiles presentan un viaje al futuro de la movilidad -\" \/>\n<meta property=\"og:description\" content=\"Para acompa\u00f1ar este hito, la marca francesa present\u00f3 junto a la agencia Don by Havas un cortometraje protagonizado por Benjam\u00edn Vicu\u00f1a...\" \/>\n<meta property=\"og:url\" content=\"https:\/\/autofans.com.ar\/index.php\/2025\/03\/25\/benjamin-vicuna-y-ds-automobiles-presentan-un-viaje-al-futuro-de-la-movilidad\/\" \/>\n<meta property=\"article:published_time\" content=\"2025-03-25T19:51:58+00:00\" \/>\n<meta property=\"og:image\" content=\"https:\/\/autofans.com.ar\/wp-content\/uploads\/2025\/03\/ds-5-1.jpg\" \/>\n\t<meta property=\"og:image:width\" content=\"1000\" \/>\n\t<meta property=\"og:image:height\" content=\"667\" \/>\n\t<meta property=\"og:image:type\" content=\"image\/jpeg\" \/>\n<meta name=\"author\" content=\"Alejandro Gabriel Rosito\" \/>\n<meta name=\"twitter:card\" content=\"summary_large_image\" \/>\n<meta name=\"twitter:label1\" content=\"Escrito por\" \/>\n\t<meta name=\"twitter:data1\" content=\"Alejandro Gabriel Rosito\" \/>\n\t<meta name=\"twitter:label2\" content=\"Tiempo de lectura\" \/>\n\t<meta name=\"twitter:data2\" content=\"3 minutos\" \/>\n<script type=\"application\/ld+json\" class=\"yoast-schema-graph\">{\"@context\":\"https:\\\/\\\/schema.org\",\"@graph\":[{\"@type\":\"Article\",\"@id\":\"https:\\\/\\\/autofans.com.ar\\\/index.php\\\/2025\\\/03\\\/25\\\/benjamin-vicuna-y-ds-automobiles-presentan-un-viaje-al-futuro-de-la-movilidad\\\/#article\",\"isPartOf\":{\"@id\":\"https:\\\/\\\/autofans.com.ar\\\/index.php\\\/2025\\\/03\\\/25\\\/benjamin-vicuna-y-ds-automobiles-presentan-un-viaje-al-futuro-de-la-movilidad\\\/\"},\"author\":{\"name\":\"Alejandro Gabriel Rosito\",\"@id\":\"https:\\\/\\\/autofans.com.ar\\\/#\\\/schema\\\/person\\\/4a8dda0b6df83ac3d6723e921274c2aa\"},\"headline\":\"Benjam\u00edn Vicu\u00f1a y DS Automobiles presentan un viaje al futuro de la movilidad\",\"datePublished\":\"2025-03-25T19:51:58+00:00\",\"mainEntityOfPage\":{\"@id\":\"https:\\\/\\\/autofans.com.ar\\\/index.php\\\/2025\\\/03\\\/25\\\/benjamin-vicuna-y-ds-automobiles-presentan-un-viaje-al-futuro-de-la-movilidad\\\/\"},\"wordCount\":407,\"image\":{\"@id\":\"https:\\\/\\\/autofans.com.ar\\\/index.php\\\/2025\\\/03\\\/25\\\/benjamin-vicuna-y-ds-automobiles-presentan-un-viaje-al-futuro-de-la-movilidad\\\/#primaryimage\"},\"thumbnailUrl\":\"https:\\\/\\\/autofans.com.ar\\\/wp-content\\\/uploads\\\/2025\\\/03\\\/ds-5-1.jpg\",\"keywords\":[\"Benjam\u00edn Vicu\u00f1a\",\"DS 7 E-TENSE\",\"DS Automobiles\",\"DS IRIS SYSTEM\",\"F\u00f3rmula E\",\"Hibrido enchufable\",\"Inteligencia Artificial\",\"lujo y tecnolog\u00eda\",\"movilidad premium\",\"SUV electrificado\"],\"articleSection\":[\"HIBRIDOS, ELECTRICOS y otros\",\"LANZAMIENTOS\"],\"inLanguage\":\"es\"},{\"@type\":\"WebPage\",\"@id\":\"https:\\\/\\\/autofans.com.ar\\\/index.php\\\/2025\\\/03\\\/25\\\/benjamin-vicuna-y-ds-automobiles-presentan-un-viaje-al-futuro-de-la-movilidad\\\/\",\"url\":\"https:\\\/\\\/autofans.com.ar\\\/index.php\\\/2025\\\/03\\\/25\\\/benjamin-vicuna-y-ds-automobiles-presentan-un-viaje-al-futuro-de-la-movilidad\\\/\",\"name\":\"Benjam\u00edn Vicu\u00f1a y DS Automobiles presentan un viaje al futuro de la movilidad -\",\"isPartOf\":{\"@id\":\"https:\\\/\\\/autofans.com.ar\\\/#website\"},\"primaryImageOfPage\":{\"@id\":\"https:\\\/\\\/autofans.com.ar\\\/index.php\\\/2025\\\/03\\\/25\\\/benjamin-vicuna-y-ds-automobiles-presentan-un-viaje-al-futuro-de-la-movilidad\\\/#primaryimage\"},\"image\":{\"@id\":\"https:\\\/\\\/autofans.com.ar\\\/index.php\\\/2025\\\/03\\\/25\\\/benjamin-vicuna-y-ds-automobiles-presentan-un-viaje-al-futuro-de-la-movilidad\\\/#primaryimage\"},\"thumbnailUrl\":\"https:\\\/\\\/autofans.com.ar\\\/wp-content\\\/uploads\\\/2025\\\/03\\\/ds-5-1.jpg\",\"datePublished\":\"2025-03-25T19:51:58+00:00\",\"author\":{\"@id\":\"https:\\\/\\\/autofans.com.ar\\\/#\\\/schema\\\/person\\\/4a8dda0b6df83ac3d6723e921274c2aa\"},\"description\":\"Para acompa\u00f1ar este hito, la marca francesa present\u00f3 junto a la agencia Don by Havas un cortometraje protagonizado por Benjam\u00edn Vicu\u00f1a...\",\"breadcrumb\":{\"@id\":\"https:\\\/\\\/autofans.com.ar\\\/index.php\\\/2025\\\/03\\\/25\\\/benjamin-vicuna-y-ds-automobiles-presentan-un-viaje-al-futuro-de-la-movilidad\\\/#breadcrumb\"},\"inLanguage\":\"es\",\"potentialAction\":[{\"@type\":\"ReadAction\",\"target\":[\"https:\\\/\\\/autofans.com.ar\\\/index.php\\\/2025\\\/03\\\/25\\\/benjamin-vicuna-y-ds-automobiles-presentan-un-viaje-al-futuro-de-la-movilidad\\\/\"]}]},{\"@type\":\"ImageObject\",\"inLanguage\":\"es\",\"@id\":\"https:\\\/\\\/autofans.com.ar\\\/index.php\\\/2025\\\/03\\\/25\\\/benjamin-vicuna-y-ds-automobiles-presentan-un-viaje-al-futuro-de-la-movilidad\\\/#primaryimage\",\"url\":\"https:\\\/\\\/autofans.com.ar\\\/wp-content\\\/uploads\\\/2025\\\/03\\\/ds-5-1.jpg\",\"contentUrl\":\"https:\\\/\\\/autofans.com.ar\\\/wp-content\\\/uploads\\\/2025\\\/03\\\/ds-5-1.jpg\",\"width\":1000,\"height\":667},{\"@type\":\"BreadcrumbList\",\"@id\":\"https:\\\/\\\/autofans.com.ar\\\/index.php\\\/2025\\\/03\\\/25\\\/benjamin-vicuna-y-ds-automobiles-presentan-un-viaje-al-futuro-de-la-movilidad\\\/#breadcrumb\",\"itemListElement\":[{\"@type\":\"ListItem\",\"position\":1,\"name\":\"Inicio\",\"item\":\"https:\\\/\\\/autofans.com.ar\\\/\"},{\"@type\":\"ListItem\",\"position\":2,\"name\":\"Benjam\u00edn Vicu\u00f1a y DS Automobiles presentan un viaje al futuro de la movilidad\"}]},{\"@type\":\"WebSite\",\"@id\":\"https:\\\/\\\/autofans.com.ar\\\/#website\",\"url\":\"https:\\\/\\\/autofans.com.ar\\\/\",\"name\":\"\",\"description\":\"El multimedio referente de la industria automotriz\",\"potentialAction\":[{\"@type\":\"SearchAction\",\"target\":{\"@type\":\"EntryPoint\",\"urlTemplate\":\"https:\\\/\\\/autofans.com.ar\\\/?s={search_term_string}\"},\"query-input\":{\"@type\":\"PropertyValueSpecification\",\"valueRequired\":true,\"valueName\":\"search_term_string\"}}],\"inLanguage\":\"es\"},{\"@type\":\"Person\",\"@id\":\"https:\\\/\\\/autofans.com.ar\\\/#\\\/schema\\\/person\\\/4a8dda0b6df83ac3d6723e921274c2aa\",\"name\":\"Alejandro Gabriel Rosito\",\"image\":{\"@type\":\"ImageObject\",\"inLanguage\":\"es\",\"@id\":\"https:\\\/\\\/secure.gravatar.com\\\/avatar\\\/16c5dda1489adfc62618084dcbb91cffd879c374b13fe5dd8e44ed6733852c88?s=96&d=mm&r=g\",\"url\":\"https:\\\/\\\/secure.gravatar.com\\\/avatar\\\/16c5dda1489adfc62618084dcbb91cffd879c374b13fe5dd8e44ed6733852c88?s=96&d=mm&r=g\",\"contentUrl\":\"https:\\\/\\\/secure.gravatar.com\\\/avatar\\\/16c5dda1489adfc62618084dcbb91cffd879c374b13fe5dd8e44ed6733852c88?s=96&d=mm&r=g\",\"caption\":\"Alejandro Gabriel Rosito\"},\"url\":\"https:\\\/\\\/autofans.com.ar\\\/index.php\\\/author\\\/gabrielr\\\/\"}]}<\/script>\n<!-- \/ Yoast SEO plugin. -->","yoast_head_json":{"title":"Benjam\u00edn Vicu\u00f1a y DS Automobiles presentan un viaje al futuro de la movilidad -","description":"Para acompa\u00f1ar este hito, la marca francesa present\u00f3 junto a la agencia Don by Havas un cortometraje protagonizado por Benjam\u00edn Vicu\u00f1a...","robots":{"index":"index","follow":"follow","max-snippet":"max-snippet:-1","max-image-preview":"max-image-preview:large","max-video-preview":"max-video-preview:-1"},"canonical":"https:\/\/autofans.com.ar\/index.php\/2025\/03\/25\/benjamin-vicuna-y-ds-automobiles-presentan-un-viaje-al-futuro-de-la-movilidad\/","og_locale":"es_ES","og_type":"article","og_title":"Benjam\u00edn Vicu\u00f1a y DS Automobiles presentan un viaje al futuro de la movilidad -","og_description":"Para acompa\u00f1ar este hito, la marca francesa present\u00f3 junto a la agencia Don by Havas un cortometraje protagonizado por Benjam\u00edn Vicu\u00f1a...","og_url":"https:\/\/autofans.com.ar\/index.php\/2025\/03\/25\/benjamin-vicuna-y-ds-automobiles-presentan-un-viaje-al-futuro-de-la-movilidad\/","article_published_time":"2025-03-25T19:51:58+00:00","og_image":[{"width":1000,"height":667,"url":"https:\/\/autofans.com.ar\/wp-content\/uploads\/2025\/03\/ds-5-1.jpg","type":"image\/jpeg"}],"author":"Alejandro Gabriel Rosito","twitter_card":"summary_large_image","twitter_misc":{"Escrito por":"Alejandro Gabriel Rosito","Tiempo de lectura":"3 minutos"},"schema":{"@context":"https:\/\/schema.org","@graph":[{"@type":"Article","@id":"https:\/\/autofans.com.ar\/index.php\/2025\/03\/25\/benjamin-vicuna-y-ds-automobiles-presentan-un-viaje-al-futuro-de-la-movilidad\/#article","isPartOf":{"@id":"https:\/\/autofans.com.ar\/index.php\/2025\/03\/25\/benjamin-vicuna-y-ds-automobiles-presentan-un-viaje-al-futuro-de-la-movilidad\/"},"author":{"name":"Alejandro Gabriel Rosito","@id":"https:\/\/autofans.com.ar\/#\/schema\/person\/4a8dda0b6df83ac3d6723e921274c2aa"},"headline":"Benjam\u00edn Vicu\u00f1a y DS Automobiles presentan un viaje al futuro de la movilidad","datePublished":"2025-03-25T19:51:58+00:00","mainEntityOfPage":{"@id":"https:\/\/autofans.com.ar\/index.php\/2025\/03\/25\/benjamin-vicuna-y-ds-automobiles-presentan-un-viaje-al-futuro-de-la-movilidad\/"},"wordCount":407,"image":{"@id":"https:\/\/autofans.com.ar\/index.php\/2025\/03\/25\/benjamin-vicuna-y-ds-automobiles-presentan-un-viaje-al-futuro-de-la-movilidad\/#primaryimage"},"thumbnailUrl":"https:\/\/autofans.com.ar\/wp-content\/uploads\/2025\/03\/ds-5-1.jpg","keywords":["Benjam\u00edn Vicu\u00f1a","DS 7 E-TENSE","DS Automobiles","DS IRIS SYSTEM","F\u00f3rmula E","Hibrido enchufable","Inteligencia Artificial","lujo y tecnolog\u00eda","movilidad premium","SUV electrificado"],"articleSection":["HIBRIDOS, ELECTRICOS y otros","LANZAMIENTOS"],"inLanguage":"es"},{"@type":"WebPage","@id":"https:\/\/autofans.com.ar\/index.php\/2025\/03\/25\/benjamin-vicuna-y-ds-automobiles-presentan-un-viaje-al-futuro-de-la-movilidad\/","url":"https:\/\/autofans.com.ar\/index.php\/2025\/03\/25\/benjamin-vicuna-y-ds-automobiles-presentan-un-viaje-al-futuro-de-la-movilidad\/","name":"Benjam\u00edn Vicu\u00f1a y DS Automobiles presentan un viaje al futuro de la movilidad -","isPartOf":{"@id":"https:\/\/autofans.com.ar\/#website"},"primaryImageOfPage":{"@id":"https:\/\/autofans.com.ar\/index.php\/2025\/03\/25\/benjamin-vicuna-y-ds-automobiles-presentan-un-viaje-al-futuro-de-la-movilidad\/#primaryimage"},"image":{"@id":"https:\/\/autofans.com.ar\/index.php\/2025\/03\/25\/benjamin-vicuna-y-ds-automobiles-presentan-un-viaje-al-futuro-de-la-movilidad\/#primaryimage"},"thumbnailUrl":"https:\/\/autofans.com.ar\/wp-content\/uploads\/2025\/03\/ds-5-1.jpg","datePublished":"2025-03-25T19:51:58+00:00","author":{"@id":"https:\/\/autofans.com.ar\/#\/schema\/person\/4a8dda0b6df83ac3d6723e921274c2aa"},"description":"Para acompa\u00f1ar este hito, la marca francesa present\u00f3 junto a la agencia Don by Havas un cortometraje protagonizado por Benjam\u00edn Vicu\u00f1a...","breadcrumb":{"@id":"https:\/\/autofans.com.ar\/index.php\/2025\/03\/25\/benjamin-vicuna-y-ds-automobiles-presentan-un-viaje-al-futuro-de-la-movilidad\/#breadcrumb"},"inLanguage":"es","potentialAction":[{"@type":"ReadAction","target":["https:\/\/autofans.com.ar\/index.php\/2025\/03\/25\/benjamin-vicuna-y-ds-automobiles-presentan-un-viaje-al-futuro-de-la-movilidad\/"]}]},{"@type":"ImageObject","inLanguage":"es","@id":"https:\/\/autofans.com.ar\/index.php\/2025\/03\/25\/benjamin-vicuna-y-ds-automobiles-presentan-un-viaje-al-futuro-de-la-movilidad\/#primaryimage","url":"https:\/\/autofans.com.ar\/wp-content\/uploads\/2025\/03\/ds-5-1.jpg","contentUrl":"https:\/\/autofans.com.ar\/wp-content\/uploads\/2025\/03\/ds-5-1.jpg","width":1000,"height":667},{"@type":"BreadcrumbList","@id":"https:\/\/autofans.com.ar\/index.php\/2025\/03\/25\/benjamin-vicuna-y-ds-automobiles-presentan-un-viaje-al-futuro-de-la-movilidad\/#breadcrumb","itemListElement":[{"@type":"ListItem","position":1,"name":"Inicio","item":"https:\/\/autofans.com.ar\/"},{"@type":"ListItem","position":2,"name":"Benjam\u00edn Vicu\u00f1a y DS Automobiles presentan un viaje al futuro de la movilidad"}]},{"@type":"WebSite","@id":"https:\/\/autofans.com.ar\/#website","url":"https:\/\/autofans.com.ar\/","name":"","description":"El multimedio referente de la industria automotriz","potentialAction":[{"@type":"SearchAction","target":{"@type":"EntryPoint","urlTemplate":"https:\/\/autofans.com.ar\/?s={search_term_string}"},"query-input":{"@type":"PropertyValueSpecification","valueRequired":true,"valueName":"search_term_string"}}],"inLanguage":"es"},{"@type":"Person","@id":"https:\/\/autofans.com.ar\/#\/schema\/person\/4a8dda0b6df83ac3d6723e921274c2aa","name":"Alejandro Gabriel Rosito","image":{"@type":"ImageObject","inLanguage":"es","@id":"https:\/\/secure.gravatar.com\/avatar\/16c5dda1489adfc62618084dcbb91cffd879c374b13fe5dd8e44ed6733852c88?s=96&d=mm&r=g","url":"https:\/\/secure.gravatar.com\/avatar\/16c5dda1489adfc62618084dcbb91cffd879c374b13fe5dd8e44ed6733852c88?s=96&d=mm&r=g","contentUrl":"https:\/\/secure.gravatar.com\/avatar\/16c5dda1489adfc62618084dcbb91cffd879c374b13fe5dd8e44ed6733852c88?s=96&d=mm&r=g","caption":"Alejandro Gabriel Rosito"},"url":"https:\/\/autofans.com.ar\/index.php\/author\/gabrielr\/"}]}},"featured_image_urls":{"full":["https:\/\/autofans.com.ar\/wp-content\/uploads\/2025\/03\/ds-5-1.jpg",1000,667,false],"thumbnail":["https:\/\/autofans.com.ar\/wp-content\/uploads\/2025\/03\/ds-5-1-150x150.jpg",150,150,true],"medium":["https:\/\/autofans.com.ar\/wp-content\/uploads\/2025\/03\/ds-5-1-300x200.jpg",300,200,true],"medium_large":["https:\/\/autofans.com.ar\/wp-content\/uploads\/2025\/03\/ds-5-1-768x512.jpg",640,427,true],"large":["https:\/\/autofans.com.ar\/wp-content\/uploads\/2025\/03\/ds-5-1.jpg",640,427,false],"1536x1536":["https:\/\/autofans.com.ar\/wp-content\/uploads\/2025\/03\/ds-5-1.jpg",1000,667,false],"2048x2048":["https:\/\/autofans.com.ar\/wp-content\/uploads\/2025\/03\/ds-5-1.jpg",1000,667,false],"covernews-featured":["https:\/\/autofans.com.ar\/wp-content\/uploads\/2025\/03\/ds-5-1.jpg",1000,667,false],"covernews-medium":["https:\/\/autofans.com.ar\/wp-content\/uploads\/2025\/03\/ds-5-1-540x340.jpg",540,340,true]},"author_info":{"display_name":"Alejandro Gabriel Rosito","author_link":"https:\/\/autofans.com.ar\/index.php\/author\/gabrielr\/"},"category_info":"<a href=\"https:\/\/autofans.com.ar\/index.php\/category\/noticias\/hibridos-y-electricos\/\" rel=\"category tag\">HIBRIDOS, ELECTRICOS y otros<\/a> <a href=\"https:\/\/autofans.com.ar\/index.php\/category\/lanzamientos\/\" rel=\"category tag\">LANZAMIENTOS<\/a>","tag_info":"LANZAMIENTOS","comment_count":0,"_links":{"self":[{"href":"https:\/\/autofans.com.ar\/index.php\/wp-json\/wp\/v2\/posts\/11657","targetHints":{"allow":["GET"]}}],"collection":[{"href":"https:\/\/autofans.com.ar\/index.php\/wp-json\/wp\/v2\/posts"}],"about":[{"href":"https:\/\/autofans.com.ar\/index.php\/wp-json\/wp\/v2\/types\/post"}],"author":[{"embeddable":true,"href":"https:\/\/autofans.com.ar\/index.php\/wp-json\/wp\/v2\/users\/2"}],"replies":[{"embeddable":true,"href":"https:\/\/autofans.com.ar\/index.php\/wp-json\/wp\/v2\/comments?post=11657"}],"version-history":[{"count":7,"href":"https:\/\/autofans.com.ar\/index.php\/wp-json\/wp\/v2\/posts\/11657\/revisions"}],"predecessor-version":[{"id":11674,"href":"https:\/\/autofans.com.ar\/index.php\/wp-json\/wp\/v2\/posts\/11657\/revisions\/11674"}],"wp:featuredmedia":[{"embeddable":true,"href":"https:\/\/autofans.com.ar\/index.php\/wp-json\/wp\/v2\/media\/11663"}],"wp:attachment":[{"href":"https:\/\/autofans.com.ar\/index.php\/wp-json\/wp\/v2\/media?parent=11657"}],"wp:term":[{"taxonomy":"category","embeddable":true,"href":"https:\/\/autofans.com.ar\/index.php\/wp-json\/wp\/v2\/categories?post=11657"},{"taxonomy":"post_tag","embeddable":true,"href":"https:\/\/autofans.com.ar\/index.php\/wp-json\/wp\/v2\/tags?post=11657"}],"curies":[{"name":"wp","href":"https:\/\/api.w.org\/{rel}","templated":true}]}}