{"id":1167,"date":"2023-03-30T15:13:02","date_gmt":"2023-03-30T18:13:02","guid":{"rendered":"https:\/\/autofans.com.ar\/?p=1167"},"modified":"2023-03-30T19:23:42","modified_gmt":"2023-03-30T22:23:42","slug":"jeep-presenta-la-nueva-serie-s-para-sus-modelos-compass-y-renegade","status":"publish","type":"post","link":"https:\/\/autofans.com.ar\/index.php\/2023\/03\/30\/jeep-presenta-la-nueva-serie-s-para-sus-modelos-compass-y-renegade\/","title":{"rendered":"Jeep\u00ae presenta la nueva \u201cSerie-S\u201d para sus modelos Compass y Renegade"},"content":{"rendered":"<p>Jeep\u00ae actualiza sus modelos Compass y Renegade con la presentaci\u00f3n de su nueva versi\u00f3n \u201cSerie-S\u201d. La incorporaci\u00f3n de esta nueva serie a la gama de modelos de la marca ofrece una opci\u00f3n m\u00e1s sofisticada y vers\u00e1til a los compradores. Adem\u00e1s de sumar un nivel de equipamiento con novedades tanto est\u00e9ticas como funcionales. La nueva versi\u00f3n se encuentra equipada con el motor turbo nafta T270, que ofrece una potencia de 175 CV y 270 Nm de torque.<\/p>\n<p>&nbsp;<\/p>\n<div id='gallery-1' class='gallery galleryid-1167 gallery-columns-2 gallery-size-large'><figure class='gallery-item'>\n\t\t\t<div class='gallery-icon landscape'>\n\t\t\t\t<a href='https:\/\/autofans.com.ar\/index.php\/2023\/03\/30\/jeep-presenta-la-nueva-serie-s-para-sus-modelos-compass-y-renegade\/foto-7-6\/'><img loading=\"lazy\" width=\"640\" height=\"427\" src=\"https:\/\/autofans.com.ar\/wp-content\/uploads\/2023\/03\/foto-7-5-jpg.webp\" class=\"attachment-large size-large\" alt=\"jeep\" srcset=\"https:\/\/autofans.com.ar\/wp-content\/uploads\/2023\/03\/foto-7-5-jpg.webp 1000w, https:\/\/autofans.com.ar\/wp-content\/uploads\/2023\/03\/foto-7-5-300x200.webp 300w, https:\/\/autofans.com.ar\/wp-content\/uploads\/2023\/03\/foto-7-5-768x512.webp 768w\" sizes=\"auto, (max-width: 640px) 100vw, 640px\" loading=\"lazy\" decoding=\"async\" \/><\/a>\n\t\t\t<\/div><\/figure><figure class='gallery-item'>\n\t\t\t<div class='gallery-icon landscape'>\n\t\t\t\t<a href='https:\/\/autofans.com.ar\/index.php\/2023\/03\/30\/jeep-presenta-la-nueva-serie-s-para-sus-modelos-compass-y-renegade\/foto-6-9\/'><img loading=\"lazy\" width=\"640\" height=\"427\" src=\"https:\/\/autofans.com.ar\/wp-content\/uploads\/2023\/03\/foto-6-8-jpg.webp\" class=\"attachment-large size-large\" alt=\"jeep\" srcset=\"https:\/\/autofans.com.ar\/wp-content\/uploads\/2023\/03\/foto-6-8-jpg.webp 1000w, https:\/\/autofans.com.ar\/wp-content\/uploads\/2023\/03\/foto-6-8-300x200.webp 300w, https:\/\/autofans.com.ar\/wp-content\/uploads\/2023\/03\/foto-6-8-768x512.webp 768w\" sizes=\"auto, (max-width: 640px) 100vw, 640px\" loading=\"lazy\" decoding=\"async\" \/><\/a>\n\t\t\t<\/div><\/figure><figure class='gallery-item'>\n\t\t\t<div class='gallery-icon landscape'>\n\t\t\t\t<a href='https:\/\/autofans.com.ar\/index.php\/2023\/03\/30\/jeep-presenta-la-nueva-serie-s-para-sus-modelos-compass-y-renegade\/foto-5-11\/'><img loading=\"lazy\" width=\"640\" height=\"427\" src=\"https:\/\/autofans.com.ar\/wp-content\/uploads\/2023\/03\/foto-5-10-jpg.webp\" class=\"attachment-large size-large\" alt=\"jeep\" srcset=\"https:\/\/autofans.com.ar\/wp-content\/uploads\/2023\/03\/foto-5-10-jpg.webp 1000w, https:\/\/autofans.com.ar\/wp-content\/uploads\/2023\/03\/foto-5-10-300x200.webp 300w, https:\/\/autofans.com.ar\/wp-content\/uploads\/2023\/03\/foto-5-10-768x512.webp 768w\" sizes=\"auto, (max-width: 640px) 100vw, 640px\" loading=\"lazy\" decoding=\"async\" \/><\/a>\n\t\t\t<\/div><\/figure><figure class='gallery-item'>\n\t\t\t<div class='gallery-icon landscape'>\n\t\t\t\t<a href='https:\/\/autofans.com.ar\/index.php\/2023\/03\/30\/jeep-presenta-la-nueva-serie-s-para-sus-modelos-compass-y-renegade\/foto-10-3\/'><img loading=\"lazy\" width=\"640\" height=\"427\" src=\"https:\/\/autofans.com.ar\/wp-content\/uploads\/2023\/03\/foto-10-2-jpg.webp\" class=\"attachment-large size-large\" alt=\"jeep\" srcset=\"https:\/\/autofans.com.ar\/wp-content\/uploads\/2023\/03\/foto-10-2-jpg.webp 1000w, https:\/\/autofans.com.ar\/wp-content\/uploads\/2023\/03\/foto-10-2-300x200.webp 300w, https:\/\/autofans.com.ar\/wp-content\/uploads\/2023\/03\/foto-10-2-768x512.webp 768w\" sizes=\"auto, (max-width: 640px) 100vw, 640px\" loading=\"lazy\" decoding=\"async\" \/><\/a>\n\t\t\t<\/div><\/figure>\n\t\t<\/div>\n\n<p>En cuanto a las caracter\u00edsticas que distinguen a la \u201cSerie-S\u201d de las dem\u00e1s versiones de ambos modelos, se pueden destacar los dise\u00f1os de llantas oscurecidas de 18\u201d y 19\u201d para el Renegade y el Compass, respectivamente. Adem\u00e1s, ambos modelos tienen carrocer\u00eda bitono con techo negro y emblemas negros. Como as\u00ed tambi\u00e9n molduras inferiores en color carrocer\u00eda que acent\u00faan su car\u00e1cter distintivo. El interior de ambos modelos cuenta con un revestimiento de techo y apliques en color negro, en juego con el tapizado de cuero y las terminaciones de su consola central y t\u00fanel de transmisi\u00f3n.<\/p>\n<p>En cuanto a la tecnolog\u00eda, ambos modelos disponen de una central multimedia t\u00e1ctil de 8,4\u201d para el Renegade y de 10,1\u201d para el Compass en la versi\u00f3n \u201cSerie-S\u201d, adem\u00e1s de la capacidad de acceder a las aplicaciones Android Auto y Apple CarPlay sin necesidad de un cable f\u00edsico. El tablero de instrumentos es full digital a color para ambos modelos.<\/p>\n<p>&nbsp;<\/p>\n<p><img fetchpriority=\"high\" decoding=\"async\" class=\"aligncenter wp-image-1169 size-full\" src=\"https:\/\/autofans.com.ar\/wp-content\/uploads\/2023\/03\/foto-9-2-jpg.webp\" alt=\"jeep\" width=\"1000\" height=\"667\" srcset=\"https:\/\/autofans.com.ar\/wp-content\/uploads\/2023\/03\/foto-9-2-jpg.webp 1000w, https:\/\/autofans.com.ar\/wp-content\/uploads\/2023\/03\/foto-9-2-300x200.webp 300w, https:\/\/autofans.com.ar\/wp-content\/uploads\/2023\/03\/foto-9-2-768x512.webp 768w\" sizes=\"(max-width: 1000px) 100vw, 1000px\" \/><\/p>\n<p>Esta renovaci\u00f3n del modelo Renegade presenta una variante de motorizaci\u00f3n eTorq Evo 1.8L para el nivel de equipamiento Sport. Mientras que las versiones Longitude, Serie-S y Trailhawk montan la motorizaci\u00f3n turbo naftera T270. En cuanto al modelo Compass, las versiones Sport, Longitude, Limited y Serie-S integran el motor turbo nafta T270 1.3L de 175 cv y 270 nm. Y por ultimo la versi\u00f3n Trailhawk equipa la motorizaci\u00f3n turbo di\u00e9sel TD350 4X4.<\/p>\n<p>Para finalizar con esta actualizaci\u00f3n, <a href=\"https:\/\/www.jeep.com.ar\/?utm_source=search&amp;utm_medium=search&amp;utm_term=search&amp;utm_content=anuncio-de-texto&amp;utm_campaign=aonsearchagosto&amp;ds_rl=1280816&amp;ds_rl=1280816&amp;gclid=CjwKCAjw5pShBhB_EiwAvmnNV3xRMXiEwl9U3H1-G04pIw1zsxLZaOoYfbEYj8txWRB1eKBHRZo7YhoCeBsQAvD_BwE&amp;gclsrc=aw.ds\" target=\"_blank\" rel=\"noopener\">Jeep\u00ae<\/a> muestra su compromiso de seguir innovando y mejorando sus modelos, ofreciendo opciones cada vez m\u00e1s sofisticadas y vers\u00e1tiles a los compradores.<\/p>\n<p>&nbsp;<\/p>\n<p><i>Para enterarte de m\u00e1s novedades, no dejes de leer\u00a0<\/i><a href=\"https:\/\/autofans.thebrandsoup.com\/\"><i>nuestras notas<\/i><\/a><i>, de ver<\/i><b><i>\u00a0<\/i><\/b><a href=\"https:\/\/www.youtube.com\/channel\/UCgAC8UGHZYbT6P7PpmVnP7g\"><b><i>AUTOFANS TV<\/i><\/b><\/a><b><i>\u00a0<\/i><\/b><i>en nuestro\u00a0canal de Youtube. Adem\u00e1s seguinos en\u00a0<\/i><a href=\"https:\/\/www.instagram.com\/autofanstv\/\"><i>INSTAGRAM<\/i><\/a><i> y <\/i><a href=\"https:\/\/www.facebook.com\/autofansmas\/\"><i>FACEBOOK<\/i><\/a><i> para no perderte nada sobre las novedades del segmento automotor de Argentina y el mundo.<\/i><\/p>\n<p>&nbsp;<\/p>\n","protected":false},"excerpt":{"rendered":"<p>Jeep\u00ae actualiza sus modelos Compass y Renegade con la presentaci\u00f3n de su nueva versi\u00f3n \u201cSerie-S\u201d&#8230;.<\/p>\n","protected":false},"author":2,"featured_media":1175,"comment_status":"closed","ping_status":"closed","sticky":false,"template":"","format":"standard","meta":{"footnotes":""},"categories":[3,1],"tags":[534,535,536,538,537],"class_list":["post-1167","post","type-post","status-publish","format-standard","has-post-thumbnail","hentry","category-autos","category-lanzamientos","tag-jeep","tag-jeepcompass","tag-jeeprenegade","tag-jepp-argentina","tag-series"],"yoast_head":"<!-- This site is optimized with the Yoast SEO plugin v27.5 - https:\/\/yoast.com\/product\/yoast-seo-wordpress\/ -->\n<title>Jeep\u00ae presenta la nueva \u201cSerie-S\u201d para sus modelos Compass y Renegade -<\/title>\n<meta name=\"description\" content=\"Jeep\u00ae actualiza sus modelos Compass y Renegade con la presentaci\u00f3n de su nueva versi\u00f3n \u201cSerie-S&quot;. Con el motor turbo nafta T270..\" \/>\n<meta name=\"robots\" content=\"index, follow, max-snippet:-1, max-image-preview:large, max-video-preview:-1\" \/>\n<link rel=\"canonical\" href=\"https:\/\/autofans.com.ar\/index.php\/2023\/03\/30\/jeep-presenta-la-nueva-serie-s-para-sus-modelos-compass-y-renegade\/\" \/>\n<meta property=\"og:locale\" content=\"es_ES\" \/>\n<meta property=\"og:type\" content=\"article\" \/>\n<meta property=\"og:title\" content=\"Jeep\u00ae presenta la nueva \u201cSerie-S\u201d para sus modelos Compass y Renegade -\" \/>\n<meta property=\"og:description\" content=\"Jeep\u00ae actualiza sus modelos Compass y Renegade con la presentaci\u00f3n de su nueva versi\u00f3n \u201cSerie-S&quot;. Con el motor turbo nafta T270..\" \/>\n<meta property=\"og:url\" content=\"https:\/\/autofans.com.ar\/index.php\/2023\/03\/30\/jeep-presenta-la-nueva-serie-s-para-sus-modelos-compass-y-renegade\/\" \/>\n<meta property=\"article:published_time\" content=\"2023-03-30T18:13:02+00:00\" \/>\n<meta property=\"article:modified_time\" content=\"2023-03-30T22:23:42+00:00\" \/>\n<meta property=\"og:image\" content=\"https:\/\/autofans.com.ar\/wp-content\/uploads\/2023\/03\/foto-3-12-jpg.webp\" \/>\n\t<meta property=\"og:image:width\" content=\"1000\" \/>\n\t<meta property=\"og:image:height\" content=\"667\" \/>\n\t<meta property=\"og:image:type\" content=\"image\/jpeg\" \/>\n<meta name=\"author\" content=\"Alejandro Gabriel Rosito\" \/>\n<meta name=\"twitter:card\" content=\"summary_large_image\" \/>\n<meta name=\"twitter:label1\" content=\"Escrito por\" \/>\n\t<meta name=\"twitter:data1\" content=\"Alejandro Gabriel Rosito\" \/>\n\t<meta name=\"twitter:label2\" content=\"Tiempo de lectura\" \/>\n\t<meta name=\"twitter:data2\" content=\"2 minutos\" \/>\n<script type=\"application\/ld+json\" class=\"yoast-schema-graph\">{\"@context\":\"https:\\\/\\\/schema.org\",\"@graph\":[{\"@type\":\"Article\",\"@id\":\"https:\\\/\\\/autofans.com.ar\\\/index.php\\\/2023\\\/03\\\/30\\\/jeep-presenta-la-nueva-serie-s-para-sus-modelos-compass-y-renegade\\\/#article\",\"isPartOf\":{\"@id\":\"https:\\\/\\\/autofans.com.ar\\\/index.php\\\/2023\\\/03\\\/30\\\/jeep-presenta-la-nueva-serie-s-para-sus-modelos-compass-y-renegade\\\/\"},\"author\":{\"name\":\"Alejandro Gabriel Rosito\",\"@id\":\"https:\\\/\\\/autofans.com.ar\\\/#\\\/schema\\\/person\\\/4a8dda0b6df83ac3d6723e921274c2aa\"},\"headline\":\"Jeep\u00ae presenta la nueva \u201cSerie-S\u201d para sus modelos Compass y Renegade\",\"datePublished\":\"2023-03-30T18:13:02+00:00\",\"dateModified\":\"2023-03-30T22:23:42+00:00\",\"mainEntityOfPage\":{\"@id\":\"https:\\\/\\\/autofans.com.ar\\\/index.php\\\/2023\\\/03\\\/30\\\/jeep-presenta-la-nueva-serie-s-para-sus-modelos-compass-y-renegade\\\/\"},\"wordCount\":418,\"image\":{\"@id\":\"https:\\\/\\\/autofans.com.ar\\\/index.php\\\/2023\\\/03\\\/30\\\/jeep-presenta-la-nueva-serie-s-para-sus-modelos-compass-y-renegade\\\/#primaryimage\"},\"thumbnailUrl\":\"https:\\\/\\\/autofans.com.ar\\\/wp-content\\\/uploads\\\/2023\\\/03\\\/foto-3-12-jpg.webp\",\"keywords\":[\"Jeep\",\"JeepCompass\",\"JeepRenegade\",\"Jepp argentina\",\"SerieS\"],\"articleSection\":[\"AUTOS y SUV\",\"LANZAMIENTOS\"],\"inLanguage\":\"es\"},{\"@type\":\"WebPage\",\"@id\":\"https:\\\/\\\/autofans.com.ar\\\/index.php\\\/2023\\\/03\\\/30\\\/jeep-presenta-la-nueva-serie-s-para-sus-modelos-compass-y-renegade\\\/\",\"url\":\"https:\\\/\\\/autofans.com.ar\\\/index.php\\\/2023\\\/03\\\/30\\\/jeep-presenta-la-nueva-serie-s-para-sus-modelos-compass-y-renegade\\\/\",\"name\":\"Jeep\u00ae presenta la nueva \u201cSerie-S\u201d para sus modelos Compass y Renegade -\",\"isPartOf\":{\"@id\":\"https:\\\/\\\/autofans.com.ar\\\/#website\"},\"primaryImageOfPage\":{\"@id\":\"https:\\\/\\\/autofans.com.ar\\\/index.php\\\/2023\\\/03\\\/30\\\/jeep-presenta-la-nueva-serie-s-para-sus-modelos-compass-y-renegade\\\/#primaryimage\"},\"image\":{\"@id\":\"https:\\\/\\\/autofans.com.ar\\\/index.php\\\/2023\\\/03\\\/30\\\/jeep-presenta-la-nueva-serie-s-para-sus-modelos-compass-y-renegade\\\/#primaryimage\"},\"thumbnailUrl\":\"https:\\\/\\\/autofans.com.ar\\\/wp-content\\\/uploads\\\/2023\\\/03\\\/foto-3-12-jpg.webp\",\"datePublished\":\"2023-03-30T18:13:02+00:00\",\"dateModified\":\"2023-03-30T22:23:42+00:00\",\"author\":{\"@id\":\"https:\\\/\\\/autofans.com.ar\\\/#\\\/schema\\\/person\\\/4a8dda0b6df83ac3d6723e921274c2aa\"},\"description\":\"Jeep\u00ae actualiza sus modelos Compass y Renegade con la presentaci\u00f3n de su nueva versi\u00f3n \u201cSerie-S\\\". Con el motor turbo nafta T270..\",\"breadcrumb\":{\"@id\":\"https:\\\/\\\/autofans.com.ar\\\/index.php\\\/2023\\\/03\\\/30\\\/jeep-presenta-la-nueva-serie-s-para-sus-modelos-compass-y-renegade\\\/#breadcrumb\"},\"inLanguage\":\"es\",\"potentialAction\":[{\"@type\":\"ReadAction\",\"target\":[\"https:\\\/\\\/autofans.com.ar\\\/index.php\\\/2023\\\/03\\\/30\\\/jeep-presenta-la-nueva-serie-s-para-sus-modelos-compass-y-renegade\\\/\"]}]},{\"@type\":\"ImageObject\",\"inLanguage\":\"es\",\"@id\":\"https:\\\/\\\/autofans.com.ar\\\/index.php\\\/2023\\\/03\\\/30\\\/jeep-presenta-la-nueva-serie-s-para-sus-modelos-compass-y-renegade\\\/#primaryimage\",\"url\":\"https:\\\/\\\/autofans.com.ar\\\/wp-content\\\/uploads\\\/2023\\\/03\\\/foto-3-12-jpg.webp\",\"contentUrl\":\"https:\\\/\\\/autofans.com.ar\\\/wp-content\\\/uploads\\\/2023\\\/03\\\/foto-3-12-jpg.webp\",\"width\":1000,\"height\":667,\"caption\":\"jeep\"},{\"@type\":\"BreadcrumbList\",\"@id\":\"https:\\\/\\\/autofans.com.ar\\\/index.php\\\/2023\\\/03\\\/30\\\/jeep-presenta-la-nueva-serie-s-para-sus-modelos-compass-y-renegade\\\/#breadcrumb\",\"itemListElement\":[{\"@type\":\"ListItem\",\"position\":1,\"name\":\"Inicio\",\"item\":\"https:\\\/\\\/autofans.com.ar\\\/\"},{\"@type\":\"ListItem\",\"position\":2,\"name\":\"Jeep\u00ae presenta la nueva \u201cSerie-S\u201d para sus modelos Compass y Renegade\"}]},{\"@type\":\"WebSite\",\"@id\":\"https:\\\/\\\/autofans.com.ar\\\/#website\",\"url\":\"https:\\\/\\\/autofans.com.ar\\\/\",\"name\":\"\",\"description\":\"El multimedio referente de la industria automotriz\",\"potentialAction\":[{\"@type\":\"SearchAction\",\"target\":{\"@type\":\"EntryPoint\",\"urlTemplate\":\"https:\\\/\\\/autofans.com.ar\\\/?s={search_term_string}\"},\"query-input\":{\"@type\":\"PropertyValueSpecification\",\"valueRequired\":true,\"valueName\":\"search_term_string\"}}],\"inLanguage\":\"es\"},{\"@type\":\"Person\",\"@id\":\"https:\\\/\\\/autofans.com.ar\\\/#\\\/schema\\\/person\\\/4a8dda0b6df83ac3d6723e921274c2aa\",\"name\":\"Alejandro Gabriel Rosito\",\"image\":{\"@type\":\"ImageObject\",\"inLanguage\":\"es\",\"@id\":\"https:\\\/\\\/secure.gravatar.com\\\/avatar\\\/16c5dda1489adfc62618084dcbb91cffd879c374b13fe5dd8e44ed6733852c88?s=96&d=mm&r=g\",\"url\":\"https:\\\/\\\/secure.gravatar.com\\\/avatar\\\/16c5dda1489adfc62618084dcbb91cffd879c374b13fe5dd8e44ed6733852c88?s=96&d=mm&r=g\",\"contentUrl\":\"https:\\\/\\\/secure.gravatar.com\\\/avatar\\\/16c5dda1489adfc62618084dcbb91cffd879c374b13fe5dd8e44ed6733852c88?s=96&d=mm&r=g\",\"caption\":\"Alejandro Gabriel Rosito\"},\"url\":\"https:\\\/\\\/autofans.com.ar\\\/index.php\\\/author\\\/gabrielr\\\/\"}]}<\/script>\n<!-- \/ Yoast SEO plugin. -->","yoast_head_json":{"title":"Jeep\u00ae presenta la nueva \u201cSerie-S\u201d para sus modelos Compass y Renegade -","description":"Jeep\u00ae actualiza sus modelos Compass y Renegade con la presentaci\u00f3n de su nueva versi\u00f3n \u201cSerie-S\". Con el motor turbo nafta T270..","robots":{"index":"index","follow":"follow","max-snippet":"max-snippet:-1","max-image-preview":"max-image-preview:large","max-video-preview":"max-video-preview:-1"},"canonical":"https:\/\/autofans.com.ar\/index.php\/2023\/03\/30\/jeep-presenta-la-nueva-serie-s-para-sus-modelos-compass-y-renegade\/","og_locale":"es_ES","og_type":"article","og_title":"Jeep\u00ae presenta la nueva \u201cSerie-S\u201d para sus modelos Compass y Renegade -","og_description":"Jeep\u00ae actualiza sus modelos Compass y Renegade con la presentaci\u00f3n de su nueva versi\u00f3n \u201cSerie-S\". Con el motor turbo nafta T270..","og_url":"https:\/\/autofans.com.ar\/index.php\/2023\/03\/30\/jeep-presenta-la-nueva-serie-s-para-sus-modelos-compass-y-renegade\/","article_published_time":"2023-03-30T18:13:02+00:00","article_modified_time":"2023-03-30T22:23:42+00:00","og_image":[{"width":1000,"height":667,"url":"https:\/\/autofans.com.ar\/wp-content\/uploads\/2023\/03\/foto-3-12-jpg.webp","type":"image\/jpeg"}],"author":"Alejandro Gabriel Rosito","twitter_card":"summary_large_image","twitter_misc":{"Escrito por":"Alejandro Gabriel Rosito","Tiempo de lectura":"2 minutos"},"schema":{"@context":"https:\/\/schema.org","@graph":[{"@type":"Article","@id":"https:\/\/autofans.com.ar\/index.php\/2023\/03\/30\/jeep-presenta-la-nueva-serie-s-para-sus-modelos-compass-y-renegade\/#article","isPartOf":{"@id":"https:\/\/autofans.com.ar\/index.php\/2023\/03\/30\/jeep-presenta-la-nueva-serie-s-para-sus-modelos-compass-y-renegade\/"},"author":{"name":"Alejandro Gabriel Rosito","@id":"https:\/\/autofans.com.ar\/#\/schema\/person\/4a8dda0b6df83ac3d6723e921274c2aa"},"headline":"Jeep\u00ae presenta la nueva \u201cSerie-S\u201d para sus modelos Compass y Renegade","datePublished":"2023-03-30T18:13:02+00:00","dateModified":"2023-03-30T22:23:42+00:00","mainEntityOfPage":{"@id":"https:\/\/autofans.com.ar\/index.php\/2023\/03\/30\/jeep-presenta-la-nueva-serie-s-para-sus-modelos-compass-y-renegade\/"},"wordCount":418,"image":{"@id":"https:\/\/autofans.com.ar\/index.php\/2023\/03\/30\/jeep-presenta-la-nueva-serie-s-para-sus-modelos-compass-y-renegade\/#primaryimage"},"thumbnailUrl":"https:\/\/autofans.com.ar\/wp-content\/uploads\/2023\/03\/foto-3-12-jpg.webp","keywords":["Jeep","JeepCompass","JeepRenegade","Jepp argentina","SerieS"],"articleSection":["AUTOS y SUV","LANZAMIENTOS"],"inLanguage":"es"},{"@type":"WebPage","@id":"https:\/\/autofans.com.ar\/index.php\/2023\/03\/30\/jeep-presenta-la-nueva-serie-s-para-sus-modelos-compass-y-renegade\/","url":"https:\/\/autofans.com.ar\/index.php\/2023\/03\/30\/jeep-presenta-la-nueva-serie-s-para-sus-modelos-compass-y-renegade\/","name":"Jeep\u00ae presenta la nueva \u201cSerie-S\u201d para sus modelos Compass y Renegade -","isPartOf":{"@id":"https:\/\/autofans.com.ar\/#website"},"primaryImageOfPage":{"@id":"https:\/\/autofans.com.ar\/index.php\/2023\/03\/30\/jeep-presenta-la-nueva-serie-s-para-sus-modelos-compass-y-renegade\/#primaryimage"},"image":{"@id":"https:\/\/autofans.com.ar\/index.php\/2023\/03\/30\/jeep-presenta-la-nueva-serie-s-para-sus-modelos-compass-y-renegade\/#primaryimage"},"thumbnailUrl":"https:\/\/autofans.com.ar\/wp-content\/uploads\/2023\/03\/foto-3-12-jpg.webp","datePublished":"2023-03-30T18:13:02+00:00","dateModified":"2023-03-30T22:23:42+00:00","author":{"@id":"https:\/\/autofans.com.ar\/#\/schema\/person\/4a8dda0b6df83ac3d6723e921274c2aa"},"description":"Jeep\u00ae actualiza sus modelos Compass y Renegade con la presentaci\u00f3n de su nueva versi\u00f3n \u201cSerie-S\". Con el motor turbo nafta T270..","breadcrumb":{"@id":"https:\/\/autofans.com.ar\/index.php\/2023\/03\/30\/jeep-presenta-la-nueva-serie-s-para-sus-modelos-compass-y-renegade\/#breadcrumb"},"inLanguage":"es","potentialAction":[{"@type":"ReadAction","target":["https:\/\/autofans.com.ar\/index.php\/2023\/03\/30\/jeep-presenta-la-nueva-serie-s-para-sus-modelos-compass-y-renegade\/"]}]},{"@type":"ImageObject","inLanguage":"es","@id":"https:\/\/autofans.com.ar\/index.php\/2023\/03\/30\/jeep-presenta-la-nueva-serie-s-para-sus-modelos-compass-y-renegade\/#primaryimage","url":"https:\/\/autofans.com.ar\/wp-content\/uploads\/2023\/03\/foto-3-12-jpg.webp","contentUrl":"https:\/\/autofans.com.ar\/wp-content\/uploads\/2023\/03\/foto-3-12-jpg.webp","width":1000,"height":667,"caption":"jeep"},{"@type":"BreadcrumbList","@id":"https:\/\/autofans.com.ar\/index.php\/2023\/03\/30\/jeep-presenta-la-nueva-serie-s-para-sus-modelos-compass-y-renegade\/#breadcrumb","itemListElement":[{"@type":"ListItem","position":1,"name":"Inicio","item":"https:\/\/autofans.com.ar\/"},{"@type":"ListItem","position":2,"name":"Jeep\u00ae presenta la nueva \u201cSerie-S\u201d para sus modelos Compass y Renegade"}]},{"@type":"WebSite","@id":"https:\/\/autofans.com.ar\/#website","url":"https:\/\/autofans.com.ar\/","name":"","description":"El multimedio referente de la industria automotriz","potentialAction":[{"@type":"SearchAction","target":{"@type":"EntryPoint","urlTemplate":"https:\/\/autofans.com.ar\/?s={search_term_string}"},"query-input":{"@type":"PropertyValueSpecification","valueRequired":true,"valueName":"search_term_string"}}],"inLanguage":"es"},{"@type":"Person","@id":"https:\/\/autofans.com.ar\/#\/schema\/person\/4a8dda0b6df83ac3d6723e921274c2aa","name":"Alejandro Gabriel Rosito","image":{"@type":"ImageObject","inLanguage":"es","@id":"https:\/\/secure.gravatar.com\/avatar\/16c5dda1489adfc62618084dcbb91cffd879c374b13fe5dd8e44ed6733852c88?s=96&d=mm&r=g","url":"https:\/\/secure.gravatar.com\/avatar\/16c5dda1489adfc62618084dcbb91cffd879c374b13fe5dd8e44ed6733852c88?s=96&d=mm&r=g","contentUrl":"https:\/\/secure.gravatar.com\/avatar\/16c5dda1489adfc62618084dcbb91cffd879c374b13fe5dd8e44ed6733852c88?s=96&d=mm&r=g","caption":"Alejandro Gabriel Rosito"},"url":"https:\/\/autofans.com.ar\/index.php\/author\/gabrielr\/"}]}},"featured_image_urls":{"full":["https:\/\/autofans.com.ar\/wp-content\/uploads\/2023\/03\/foto-3-12-jpg.webp",1000,667,false],"thumbnail":["https:\/\/autofans.com.ar\/wp-content\/uploads\/2023\/03\/foto-3-12-150x150.webp",150,150,true],"medium":["https:\/\/autofans.com.ar\/wp-content\/uploads\/2023\/03\/foto-3-12-300x200.webp",300,200,true],"medium_large":["https:\/\/autofans.com.ar\/wp-content\/uploads\/2023\/03\/foto-3-12-768x512.webp",640,427,true],"large":["https:\/\/autofans.com.ar\/wp-content\/uploads\/2023\/03\/foto-3-12-jpg.webp",640,427,false],"1536x1536":["https:\/\/autofans.com.ar\/wp-content\/uploads\/2023\/03\/foto-3-12-jpg.webp",1000,667,false],"2048x2048":["https:\/\/autofans.com.ar\/wp-content\/uploads\/2023\/03\/foto-3-12-jpg.webp",1000,667,false],"covernews-featured":["https:\/\/autofans.com.ar\/wp-content\/uploads\/2023\/03\/foto-3-12-jpg.webp",1000,667,false],"covernews-medium":["https:\/\/autofans.com.ar\/wp-content\/uploads\/2023\/03\/foto-3-12-540x340.webp",540,340,true]},"author_info":{"display_name":"Alejandro Gabriel Rosito","author_link":"https:\/\/autofans.com.ar\/index.php\/author\/gabrielr\/"},"category_info":"<a href=\"https:\/\/autofans.com.ar\/index.php\/category\/noticias\/autos\/\" rel=\"category tag\">AUTOS y SUV<\/a> <a href=\"https:\/\/autofans.com.ar\/index.php\/category\/lanzamientos\/\" rel=\"category tag\">LANZAMIENTOS<\/a>","tag_info":"LANZAMIENTOS","comment_count":0,"_links":{"self":[{"href":"https:\/\/autofans.com.ar\/index.php\/wp-json\/wp\/v2\/posts\/1167","targetHints":{"allow":["GET"]}}],"collection":[{"href":"https:\/\/autofans.com.ar\/index.php\/wp-json\/wp\/v2\/posts"}],"about":[{"href":"https:\/\/autofans.com.ar\/index.php\/wp-json\/wp\/v2\/types\/post"}],"author":[{"embeddable":true,"href":"https:\/\/autofans.com.ar\/index.php\/wp-json\/wp\/v2\/users\/2"}],"replies":[{"embeddable":true,"href":"https:\/\/autofans.com.ar\/index.php\/wp-json\/wp\/v2\/comments?post=1167"}],"version-history":[{"count":1,"href":"https:\/\/autofans.com.ar\/index.php\/wp-json\/wp\/v2\/posts\/1167\/revisions"}],"predecessor-version":[{"id":1178,"href":"https:\/\/autofans.com.ar\/index.php\/wp-json\/wp\/v2\/posts\/1167\/revisions\/1178"}],"wp:featuredmedia":[{"embeddable":true,"href":"https:\/\/autofans.com.ar\/index.php\/wp-json\/wp\/v2\/media\/1175"}],"wp:attachment":[{"href":"https:\/\/autofans.com.ar\/index.php\/wp-json\/wp\/v2\/media?parent=1167"}],"wp:term":[{"taxonomy":"category","embeddable":true,"href":"https:\/\/autofans.com.ar\/index.php\/wp-json\/wp\/v2\/categories?post=1167"},{"taxonomy":"post_tag","embeddable":true,"href":"https:\/\/autofans.com.ar\/index.php\/wp-json\/wp\/v2\/tags?post=1167"}],"curies":[{"name":"wp","href":"https:\/\/api.w.org\/{rel}","templated":true}]}}