{"id":11698,"date":"2025-03-26T19:03:06","date_gmt":"2025-03-26T22:03:06","guid":{"rendered":"https:\/\/autofans.com.ar\/?p=11698"},"modified":"2025-03-27T16:31:56","modified_gmt":"2025-03-27T19:31:56","slug":"autopremier-y-sergio-trepat-automoviles-premiados-por-bmw-en-las-vegas","status":"publish","type":"post","link":"https:\/\/autofans.com.ar\/index.php\/2025\/03\/26\/autopremier-y-sergio-trepat-automoviles-premiados-por-bmw-en-las-vegas\/","title":{"rendered":"AutoPremier y Sergio Trepat Autom\u00f3viles premiados por BMW en Las Vegas"},"content":{"rendered":"<p data-pm-slice=\"1 1 []\">BMW Group Latinoam\u00e9rica realiz\u00f3 su Conferencia de la Red de Concesionarios y Mercados Importadores 2025 en Las Vegas, donde se reconocieron las mejores pr\u00e1cticas y desempe\u00f1os de la regi\u00f3n. Entre los premiados, los concesionarios argentinos AutoPremier y Sergio Trepat Autom\u00f3viles recibieron distinciones por su excelencia operativa.<\/p>\n<p data-pm-slice=\"1 1 []\"><span style=\"color: #ffffff;\">.<\/span><\/p>\n<h2>BMW &#8211; reconocimiento a la excelencia<\/h2>\n<p>&nbsp;<\/p>\n<div id='gallery-1' class='gallery galleryid-11698 gallery-columns-2 gallery-size-full'><figure class='gallery-item'>\n\t\t\t<div class='gallery-icon landscape'>\n\t\t\t\t<a href='https:\/\/autofans.com.ar\/index.php\/2025\/03\/26\/autopremier-y-sergio-trepat-automoviles-premiados-por-bmw-en-las-vegas\/bmw-5-15\/'><img loading=\"lazy\" width=\"1000\" height=\"667\" src=\"https:\/\/autofans.com.ar\/wp-content\/uploads\/2025\/03\/bmw-5-1.jpg\" class=\"attachment-full size-full\" alt=\"AutoPremier\" srcset=\"https:\/\/autofans.com.ar\/wp-content\/uploads\/2025\/03\/bmw-5-1.jpg 1000w, https:\/\/autofans.com.ar\/wp-content\/uploads\/2025\/03\/bmw-5-1-300x200.jpg 300w, https:\/\/autofans.com.ar\/wp-content\/uploads\/2025\/03\/bmw-5-1-768x512.jpg 768w\" sizes=\"auto, (max-width: 1000px) 100vw, 1000px\" loading=\"lazy\" decoding=\"async\" \/><\/a>\n\t\t\t<\/div><\/figure><figure class='gallery-item'>\n\t\t\t<div class='gallery-icon landscape'>\n\t\t\t\t<a href='https:\/\/autofans.com.ar\/index.php\/2025\/03\/26\/autopremier-y-sergio-trepat-automoviles-premiados-por-bmw-en-las-vegas\/bmw-2-22\/'><img loading=\"lazy\" width=\"1000\" height=\"667\" src=\"https:\/\/autofans.com.ar\/wp-content\/uploads\/2025\/03\/bmw-2-1.jpg\" class=\"attachment-full size-full\" alt=\"AutoPremier\" srcset=\"https:\/\/autofans.com.ar\/wp-content\/uploads\/2025\/03\/bmw-2-1.jpg 1000w, https:\/\/autofans.com.ar\/wp-content\/uploads\/2025\/03\/bmw-2-1-300x200.jpg 300w, https:\/\/autofans.com.ar\/wp-content\/uploads\/2025\/03\/bmw-2-1-768x512.jpg 768w\" sizes=\"auto, (max-width: 1000px) 100vw, 1000px\" loading=\"lazy\" decoding=\"async\" \/><\/a>\n\t\t\t<\/div><\/figure>\n\t\t<\/div>\n\n<p>&nbsp;<\/p>\n<p>Durante el evento, que reuni\u00f3 a directivos y ejecutivos de BMW Group junto a representantes de concesionarios de toda Latinoam\u00e9rica, se establecieron los objetivos regionales para 2025 y se revisaron los resultados de negocio. En ese contexto, BMW y MINI galardonaron a los distribuidores m\u00e1s destacados en ventas y servicio.<\/p>\n<p>&nbsp;<\/p>\n<h2>AutoPremier y Sergio Trepat Autom\u00f3viles entre los mejores de la regi\u00f3n<\/h2>\n<p>&nbsp;<\/p>\n<p><img fetchpriority=\"high\" decoding=\"async\" class=\"aligncenter wp-image-11701 size-full\" src=\"https:\/\/autofans.com.ar\/wp-content\/uploads\/2025\/03\/bmw-3-1.jpg\" alt=\"AutoPremier\" width=\"1000\" height=\"667\" srcset=\"https:\/\/autofans.com.ar\/wp-content\/uploads\/2025\/03\/bmw-3-1.jpg 1000w, https:\/\/autofans.com.ar\/wp-content\/uploads\/2025\/03\/bmw-3-1-300x200.jpg 300w, https:\/\/autofans.com.ar\/wp-content\/uploads\/2025\/03\/bmw-3-1-768x512.jpg 768w\" sizes=\"(max-width: 1000px) 100vw, 1000px\" \/><\/p>\n<p>&nbsp;<\/p>\n<p>Los concesionarios argentinos fueron reconocidos por su desempe\u00f1o en base a diversos indicadores de gesti\u00f3n, destac\u00e1ndose dentro de una red altamente competitiva. Estos premios refuerzan el compromiso de la marca y su red de concesionarios con la calidad y la satisfacci\u00f3n del cliente.<\/p>\n<p>&nbsp;<\/p>\n<h2>Un evento clave para la estrategia regional<\/h2>\n<p>&nbsp;<\/p>\n<p><img decoding=\"async\" class=\"aligncenter wp-image-11700 size-full\" src=\"https:\/\/autofans.com.ar\/wp-content\/uploads\/2025\/03\/mbw-4.jpg\" alt=\"AutoPremier\" width=\"1000\" height=\"667\" srcset=\"https:\/\/autofans.com.ar\/wp-content\/uploads\/2025\/03\/mbw-4.jpg 1000w, https:\/\/autofans.com.ar\/wp-content\/uploads\/2025\/03\/mbw-4-300x200.jpg 300w, https:\/\/autofans.com.ar\/wp-content\/uploads\/2025\/03\/mbw-4-768x512.jpg 768w\" sizes=\"(max-width: 1000px) 100vw, 1000px\" \/><\/p>\n<p>&nbsp;<\/p>\n<p>La conferencia tambi\u00e9n permiti\u00f3 definir estrategias comerciales y operativas para el pr\u00f3ximo a\u00f1o, consolidando a <a href=\"https:\/\/autofans.com.ar\/index.php\/2025\/01\/15\/bmw-group-consolida-su-liderazgo-global-en-ventas-de-bev\/\" target=\"_blank\" rel=\"noopener\">BMW Group<\/a> como l\u00edder en el sector automotor premium. Con estas distinciones, la marca reafirma su apuesta por la innovaci\u00f3n y el servicio de excelencia en la regi\u00f3n.<\/p>\n<p>&nbsp;<\/p>\n<p>&nbsp;<\/p>\n<p><i>Para enterarte de m\u00e1s novedades, no dejes de leer\u00a0<\/i><a href=\"https:\/\/autofans.thebrandsoup.com\/\"><i>nuestras notas<\/i><\/a><i>, de ver<\/i><b><i>\u00a0<\/i><\/b><a href=\"https:\/\/www.youtube.com\/channel\/UCgAC8UGHZYbT6P7PpmVnP7g\"><b><i>AUTOFANS TV<\/i><\/b><\/a><b><i>\u00a0<\/i><\/b><i>en nuestro\u00a0canal de Youtube. Adem\u00e1s seguinos en\u00a0<\/i><a href=\"https:\/\/www.instagram.com\/autofanstv\/\"><i>INSTAGRAM<\/i><\/a><i> y <\/i><a href=\"https:\/\/www.facebook.com\/autofansmas\/\"><i>FACEBOOK<\/i><\/a><i> para no perderte nada sobre las novedades del segmento automotor de Argentina y el mundo.<\/i><\/p>\n","protected":false},"excerpt":{"rendered":"<p>BMW Group Latinoam\u00e9rica realiz\u00f3 su Conferencia de la Red de Concesionarios y Mercados Importadores 2025&#8230;<\/p>\n","protected":false},"author":2,"featured_media":11703,"comment_status":"closed","ping_status":"closed","sticky":false,"template":"","format":"standard","meta":{"footnotes":""},"categories":[292,16],"tags":[6376,6374,590,6373,6377,6379,6043,6375,6378],"class_list":["post-11698","post","type-post","status-publish","format-standard","has-post-thumbnail","hentry","category-empresas","category-noticias","tag-celebratory-jeroboam","tag-champagne-oficial","tag-formula-1","tag-gran-premio-de-australia-2025","tag-historia-f1","tag-leyendas-f1","tag-moet-chandon","tag-podio-f1","tag-tradicion-automovilismo"],"yoast_head":"<!-- This site is optimized with the Yoast SEO plugin v27.5 - https:\/\/yoast.com\/product\/yoast-seo-wordpress\/ -->\n<title>AutoPremier y Sergio Trepat Autom\u00f3viles premiados por BMW en Las Vegas -<\/title>\n<meta name=\"description\" content=\"BMW Group Latinoam\u00e9rica realiz\u00f3 su Conferencia de la Red de Concesionarios y Mercados Importadores 2025 en Las Vegas...\" \/>\n<meta name=\"robots\" content=\"index, follow, max-snippet:-1, max-image-preview:large, max-video-preview:-1\" \/>\n<link rel=\"canonical\" href=\"https:\/\/autofans.com.ar\/index.php\/2025\/03\/26\/autopremier-y-sergio-trepat-automoviles-premiados-por-bmw-en-las-vegas\/\" \/>\n<meta property=\"og:locale\" content=\"es_ES\" \/>\n<meta property=\"og:type\" content=\"article\" \/>\n<meta property=\"og:title\" content=\"AutoPremier y Sergio Trepat Autom\u00f3viles premiados por BMW en Las Vegas -\" \/>\n<meta property=\"og:description\" content=\"BMW Group Latinoam\u00e9rica realiz\u00f3 su Conferencia de la Red de Concesionarios y Mercados Importadores 2025 en Las Vegas...\" \/>\n<meta property=\"og:url\" content=\"https:\/\/autofans.com.ar\/index.php\/2025\/03\/26\/autopremier-y-sergio-trepat-automoviles-premiados-por-bmw-en-las-vegas\/\" \/>\n<meta property=\"article:published_time\" content=\"2025-03-26T22:03:06+00:00\" \/>\n<meta property=\"article:modified_time\" content=\"2025-03-27T19:31:56+00:00\" \/>\n<meta property=\"og:image\" content=\"https:\/\/autofans.com.ar\/wp-content\/uploads\/2025\/03\/bmw-1-1.jpg\" \/>\n\t<meta property=\"og:image:width\" content=\"1000\" \/>\n\t<meta property=\"og:image:height\" content=\"667\" \/>\n\t<meta property=\"og:image:type\" content=\"image\/jpeg\" \/>\n<meta name=\"author\" content=\"Alejandro Gabriel Rosito\" \/>\n<meta name=\"twitter:card\" content=\"summary_large_image\" \/>\n<meta name=\"twitter:label1\" content=\"Escrito por\" \/>\n\t<meta name=\"twitter:data1\" content=\"Alejandro Gabriel Rosito\" \/>\n\t<meta name=\"twitter:label2\" content=\"Tiempo de lectura\" \/>\n\t<meta name=\"twitter:data2\" content=\"2 minutos\" \/>\n<script type=\"application\/ld+json\" class=\"yoast-schema-graph\">{\"@context\":\"https:\\\/\\\/schema.org\",\"@graph\":[{\"@type\":\"Article\",\"@id\":\"https:\\\/\\\/autofans.com.ar\\\/index.php\\\/2025\\\/03\\\/26\\\/autopremier-y-sergio-trepat-automoviles-premiados-por-bmw-en-las-vegas\\\/#article\",\"isPartOf\":{\"@id\":\"https:\\\/\\\/autofans.com.ar\\\/index.php\\\/2025\\\/03\\\/26\\\/autopremier-y-sergio-trepat-automoviles-premiados-por-bmw-en-las-vegas\\\/\"},\"author\":{\"name\":\"Alejandro Gabriel Rosito\",\"@id\":\"https:\\\/\\\/autofans.com.ar\\\/#\\\/schema\\\/person\\\/4a8dda0b6df83ac3d6723e921274c2aa\"},\"headline\":\"AutoPremier y Sergio Trepat Autom\u00f3viles premiados por BMW en Las Vegas\",\"datePublished\":\"2025-03-26T22:03:06+00:00\",\"dateModified\":\"2025-03-27T19:31:56+00:00\",\"mainEntityOfPage\":{\"@id\":\"https:\\\/\\\/autofans.com.ar\\\/index.php\\\/2025\\\/03\\\/26\\\/autopremier-y-sergio-trepat-automoviles-premiados-por-bmw-en-las-vegas\\\/\"},\"wordCount\":293,\"image\":{\"@id\":\"https:\\\/\\\/autofans.com.ar\\\/index.php\\\/2025\\\/03\\\/26\\\/autopremier-y-sergio-trepat-automoviles-premiados-por-bmw-en-las-vegas\\\/#primaryimage\"},\"thumbnailUrl\":\"https:\\\/\\\/autofans.com.ar\\\/wp-content\\\/uploads\\\/2025\\\/03\\\/bmw-1-1.jpg\",\"keywords\":[\"Celebratory Jeroboam\",\"champagne oficial\",\"F\u00f3rmula 1\",\"Gran Premio de Australia 2025\",\"historia F1\",\"leyendas F1\",\"Mo\u00ebt &amp; Chandon\",\"podio F1\",\"tradici\u00f3n automovilismo\"],\"articleSection\":[\"EMPRESAS\",\"NOTICIAS\"],\"inLanguage\":\"es\"},{\"@type\":\"WebPage\",\"@id\":\"https:\\\/\\\/autofans.com.ar\\\/index.php\\\/2025\\\/03\\\/26\\\/autopremier-y-sergio-trepat-automoviles-premiados-por-bmw-en-las-vegas\\\/\",\"url\":\"https:\\\/\\\/autofans.com.ar\\\/index.php\\\/2025\\\/03\\\/26\\\/autopremier-y-sergio-trepat-automoviles-premiados-por-bmw-en-las-vegas\\\/\",\"name\":\"AutoPremier y Sergio Trepat Autom\u00f3viles premiados por BMW en Las Vegas -\",\"isPartOf\":{\"@id\":\"https:\\\/\\\/autofans.com.ar\\\/#website\"},\"primaryImageOfPage\":{\"@id\":\"https:\\\/\\\/autofans.com.ar\\\/index.php\\\/2025\\\/03\\\/26\\\/autopremier-y-sergio-trepat-automoviles-premiados-por-bmw-en-las-vegas\\\/#primaryimage\"},\"image\":{\"@id\":\"https:\\\/\\\/autofans.com.ar\\\/index.php\\\/2025\\\/03\\\/26\\\/autopremier-y-sergio-trepat-automoviles-premiados-por-bmw-en-las-vegas\\\/#primaryimage\"},\"thumbnailUrl\":\"https:\\\/\\\/autofans.com.ar\\\/wp-content\\\/uploads\\\/2025\\\/03\\\/bmw-1-1.jpg\",\"datePublished\":\"2025-03-26T22:03:06+00:00\",\"dateModified\":\"2025-03-27T19:31:56+00:00\",\"author\":{\"@id\":\"https:\\\/\\\/autofans.com.ar\\\/#\\\/schema\\\/person\\\/4a8dda0b6df83ac3d6723e921274c2aa\"},\"description\":\"BMW Group Latinoam\u00e9rica realiz\u00f3 su Conferencia de la Red de Concesionarios y Mercados Importadores 2025 en Las Vegas...\",\"breadcrumb\":{\"@id\":\"https:\\\/\\\/autofans.com.ar\\\/index.php\\\/2025\\\/03\\\/26\\\/autopremier-y-sergio-trepat-automoviles-premiados-por-bmw-en-las-vegas\\\/#breadcrumb\"},\"inLanguage\":\"es\",\"potentialAction\":[{\"@type\":\"ReadAction\",\"target\":[\"https:\\\/\\\/autofans.com.ar\\\/index.php\\\/2025\\\/03\\\/26\\\/autopremier-y-sergio-trepat-automoviles-premiados-por-bmw-en-las-vegas\\\/\"]}]},{\"@type\":\"ImageObject\",\"inLanguage\":\"es\",\"@id\":\"https:\\\/\\\/autofans.com.ar\\\/index.php\\\/2025\\\/03\\\/26\\\/autopremier-y-sergio-trepat-automoviles-premiados-por-bmw-en-las-vegas\\\/#primaryimage\",\"url\":\"https:\\\/\\\/autofans.com.ar\\\/wp-content\\\/uploads\\\/2025\\\/03\\\/bmw-1-1.jpg\",\"contentUrl\":\"https:\\\/\\\/autofans.com.ar\\\/wp-content\\\/uploads\\\/2025\\\/03\\\/bmw-1-1.jpg\",\"width\":1000,\"height\":667,\"caption\":\"AutoPremier\"},{\"@type\":\"BreadcrumbList\",\"@id\":\"https:\\\/\\\/autofans.com.ar\\\/index.php\\\/2025\\\/03\\\/26\\\/autopremier-y-sergio-trepat-automoviles-premiados-por-bmw-en-las-vegas\\\/#breadcrumb\",\"itemListElement\":[{\"@type\":\"ListItem\",\"position\":1,\"name\":\"Inicio\",\"item\":\"https:\\\/\\\/autofans.com.ar\\\/\"},{\"@type\":\"ListItem\",\"position\":2,\"name\":\"AutoPremier y Sergio Trepat Autom\u00f3viles premiados por BMW en Las Vegas\"}]},{\"@type\":\"WebSite\",\"@id\":\"https:\\\/\\\/autofans.com.ar\\\/#website\",\"url\":\"https:\\\/\\\/autofans.com.ar\\\/\",\"name\":\"\",\"description\":\"El multimedio referente de la industria automotriz\",\"potentialAction\":[{\"@type\":\"SearchAction\",\"target\":{\"@type\":\"EntryPoint\",\"urlTemplate\":\"https:\\\/\\\/autofans.com.ar\\\/?s={search_term_string}\"},\"query-input\":{\"@type\":\"PropertyValueSpecification\",\"valueRequired\":true,\"valueName\":\"search_term_string\"}}],\"inLanguage\":\"es\"},{\"@type\":\"Person\",\"@id\":\"https:\\\/\\\/autofans.com.ar\\\/#\\\/schema\\\/person\\\/4a8dda0b6df83ac3d6723e921274c2aa\",\"name\":\"Alejandro Gabriel Rosito\",\"image\":{\"@type\":\"ImageObject\",\"inLanguage\":\"es\",\"@id\":\"https:\\\/\\\/secure.gravatar.com\\\/avatar\\\/16c5dda1489adfc62618084dcbb91cffd879c374b13fe5dd8e44ed6733852c88?s=96&d=mm&r=g\",\"url\":\"https:\\\/\\\/secure.gravatar.com\\\/avatar\\\/16c5dda1489adfc62618084dcbb91cffd879c374b13fe5dd8e44ed6733852c88?s=96&d=mm&r=g\",\"contentUrl\":\"https:\\\/\\\/secure.gravatar.com\\\/avatar\\\/16c5dda1489adfc62618084dcbb91cffd879c374b13fe5dd8e44ed6733852c88?s=96&d=mm&r=g\",\"caption\":\"Alejandro Gabriel Rosito\"},\"url\":\"https:\\\/\\\/autofans.com.ar\\\/index.php\\\/author\\\/gabrielr\\\/\"}]}<\/script>\n<!-- \/ Yoast SEO plugin. -->","yoast_head_json":{"title":"AutoPremier y Sergio Trepat Autom\u00f3viles premiados por BMW en Las Vegas -","description":"BMW Group Latinoam\u00e9rica realiz\u00f3 su Conferencia de la Red de Concesionarios y Mercados Importadores 2025 en Las Vegas...","robots":{"index":"index","follow":"follow","max-snippet":"max-snippet:-1","max-image-preview":"max-image-preview:large","max-video-preview":"max-video-preview:-1"},"canonical":"https:\/\/autofans.com.ar\/index.php\/2025\/03\/26\/autopremier-y-sergio-trepat-automoviles-premiados-por-bmw-en-las-vegas\/","og_locale":"es_ES","og_type":"article","og_title":"AutoPremier y Sergio Trepat Autom\u00f3viles premiados por BMW en Las Vegas -","og_description":"BMW Group Latinoam\u00e9rica realiz\u00f3 su Conferencia de la Red de Concesionarios y Mercados Importadores 2025 en Las Vegas...","og_url":"https:\/\/autofans.com.ar\/index.php\/2025\/03\/26\/autopremier-y-sergio-trepat-automoviles-premiados-por-bmw-en-las-vegas\/","article_published_time":"2025-03-26T22:03:06+00:00","article_modified_time":"2025-03-27T19:31:56+00:00","og_image":[{"width":1000,"height":667,"url":"https:\/\/autofans.com.ar\/wp-content\/uploads\/2025\/03\/bmw-1-1.jpg","type":"image\/jpeg"}],"author":"Alejandro Gabriel Rosito","twitter_card":"summary_large_image","twitter_misc":{"Escrito por":"Alejandro Gabriel Rosito","Tiempo de lectura":"2 minutos"},"schema":{"@context":"https:\/\/schema.org","@graph":[{"@type":"Article","@id":"https:\/\/autofans.com.ar\/index.php\/2025\/03\/26\/autopremier-y-sergio-trepat-automoviles-premiados-por-bmw-en-las-vegas\/#article","isPartOf":{"@id":"https:\/\/autofans.com.ar\/index.php\/2025\/03\/26\/autopremier-y-sergio-trepat-automoviles-premiados-por-bmw-en-las-vegas\/"},"author":{"name":"Alejandro Gabriel Rosito","@id":"https:\/\/autofans.com.ar\/#\/schema\/person\/4a8dda0b6df83ac3d6723e921274c2aa"},"headline":"AutoPremier y Sergio Trepat Autom\u00f3viles premiados por BMW en Las Vegas","datePublished":"2025-03-26T22:03:06+00:00","dateModified":"2025-03-27T19:31:56+00:00","mainEntityOfPage":{"@id":"https:\/\/autofans.com.ar\/index.php\/2025\/03\/26\/autopremier-y-sergio-trepat-automoviles-premiados-por-bmw-en-las-vegas\/"},"wordCount":293,"image":{"@id":"https:\/\/autofans.com.ar\/index.php\/2025\/03\/26\/autopremier-y-sergio-trepat-automoviles-premiados-por-bmw-en-las-vegas\/#primaryimage"},"thumbnailUrl":"https:\/\/autofans.com.ar\/wp-content\/uploads\/2025\/03\/bmw-1-1.jpg","keywords":["Celebratory Jeroboam","champagne oficial","F\u00f3rmula 1","Gran Premio de Australia 2025","historia F1","leyendas F1","Mo\u00ebt &amp; Chandon","podio F1","tradici\u00f3n automovilismo"],"articleSection":["EMPRESAS","NOTICIAS"],"inLanguage":"es"},{"@type":"WebPage","@id":"https:\/\/autofans.com.ar\/index.php\/2025\/03\/26\/autopremier-y-sergio-trepat-automoviles-premiados-por-bmw-en-las-vegas\/","url":"https:\/\/autofans.com.ar\/index.php\/2025\/03\/26\/autopremier-y-sergio-trepat-automoviles-premiados-por-bmw-en-las-vegas\/","name":"AutoPremier y Sergio Trepat Autom\u00f3viles premiados por BMW en Las Vegas -","isPartOf":{"@id":"https:\/\/autofans.com.ar\/#website"},"primaryImageOfPage":{"@id":"https:\/\/autofans.com.ar\/index.php\/2025\/03\/26\/autopremier-y-sergio-trepat-automoviles-premiados-por-bmw-en-las-vegas\/#primaryimage"},"image":{"@id":"https:\/\/autofans.com.ar\/index.php\/2025\/03\/26\/autopremier-y-sergio-trepat-automoviles-premiados-por-bmw-en-las-vegas\/#primaryimage"},"thumbnailUrl":"https:\/\/autofans.com.ar\/wp-content\/uploads\/2025\/03\/bmw-1-1.jpg","datePublished":"2025-03-26T22:03:06+00:00","dateModified":"2025-03-27T19:31:56+00:00","author":{"@id":"https:\/\/autofans.com.ar\/#\/schema\/person\/4a8dda0b6df83ac3d6723e921274c2aa"},"description":"BMW Group Latinoam\u00e9rica realiz\u00f3 su Conferencia de la Red de Concesionarios y Mercados Importadores 2025 en Las Vegas...","breadcrumb":{"@id":"https:\/\/autofans.com.ar\/index.php\/2025\/03\/26\/autopremier-y-sergio-trepat-automoviles-premiados-por-bmw-en-las-vegas\/#breadcrumb"},"inLanguage":"es","potentialAction":[{"@type":"ReadAction","target":["https:\/\/autofans.com.ar\/index.php\/2025\/03\/26\/autopremier-y-sergio-trepat-automoviles-premiados-por-bmw-en-las-vegas\/"]}]},{"@type":"ImageObject","inLanguage":"es","@id":"https:\/\/autofans.com.ar\/index.php\/2025\/03\/26\/autopremier-y-sergio-trepat-automoviles-premiados-por-bmw-en-las-vegas\/#primaryimage","url":"https:\/\/autofans.com.ar\/wp-content\/uploads\/2025\/03\/bmw-1-1.jpg","contentUrl":"https:\/\/autofans.com.ar\/wp-content\/uploads\/2025\/03\/bmw-1-1.jpg","width":1000,"height":667,"caption":"AutoPremier"},{"@type":"BreadcrumbList","@id":"https:\/\/autofans.com.ar\/index.php\/2025\/03\/26\/autopremier-y-sergio-trepat-automoviles-premiados-por-bmw-en-las-vegas\/#breadcrumb","itemListElement":[{"@type":"ListItem","position":1,"name":"Inicio","item":"https:\/\/autofans.com.ar\/"},{"@type":"ListItem","position":2,"name":"AutoPremier y Sergio Trepat Autom\u00f3viles premiados por BMW en Las Vegas"}]},{"@type":"WebSite","@id":"https:\/\/autofans.com.ar\/#website","url":"https:\/\/autofans.com.ar\/","name":"","description":"El multimedio referente de la industria automotriz","potentialAction":[{"@type":"SearchAction","target":{"@type":"EntryPoint","urlTemplate":"https:\/\/autofans.com.ar\/?s={search_term_string}"},"query-input":{"@type":"PropertyValueSpecification","valueRequired":true,"valueName":"search_term_string"}}],"inLanguage":"es"},{"@type":"Person","@id":"https:\/\/autofans.com.ar\/#\/schema\/person\/4a8dda0b6df83ac3d6723e921274c2aa","name":"Alejandro Gabriel Rosito","image":{"@type":"ImageObject","inLanguage":"es","@id":"https:\/\/secure.gravatar.com\/avatar\/16c5dda1489adfc62618084dcbb91cffd879c374b13fe5dd8e44ed6733852c88?s=96&d=mm&r=g","url":"https:\/\/secure.gravatar.com\/avatar\/16c5dda1489adfc62618084dcbb91cffd879c374b13fe5dd8e44ed6733852c88?s=96&d=mm&r=g","contentUrl":"https:\/\/secure.gravatar.com\/avatar\/16c5dda1489adfc62618084dcbb91cffd879c374b13fe5dd8e44ed6733852c88?s=96&d=mm&r=g","caption":"Alejandro Gabriel Rosito"},"url":"https:\/\/autofans.com.ar\/index.php\/author\/gabrielr\/"}]}},"featured_image_urls":{"full":["https:\/\/autofans.com.ar\/wp-content\/uploads\/2025\/03\/bmw-1-1.jpg",1000,667,false],"thumbnail":["https:\/\/autofans.com.ar\/wp-content\/uploads\/2025\/03\/bmw-1-1-150x150.jpg",150,150,true],"medium":["https:\/\/autofans.com.ar\/wp-content\/uploads\/2025\/03\/bmw-1-1-300x200.jpg",300,200,true],"medium_large":["https:\/\/autofans.com.ar\/wp-content\/uploads\/2025\/03\/bmw-1-1-768x512.jpg",640,427,true],"large":["https:\/\/autofans.com.ar\/wp-content\/uploads\/2025\/03\/bmw-1-1.jpg",640,427,false],"1536x1536":["https:\/\/autofans.com.ar\/wp-content\/uploads\/2025\/03\/bmw-1-1.jpg",1000,667,false],"2048x2048":["https:\/\/autofans.com.ar\/wp-content\/uploads\/2025\/03\/bmw-1-1.jpg",1000,667,false],"covernews-featured":["https:\/\/autofans.com.ar\/wp-content\/uploads\/2025\/03\/bmw-1-1.jpg",1000,667,false],"covernews-medium":["https:\/\/autofans.com.ar\/wp-content\/uploads\/2025\/03\/bmw-1-1-540x340.jpg",540,340,true]},"author_info":{"display_name":"Alejandro Gabriel Rosito","author_link":"https:\/\/autofans.com.ar\/index.php\/author\/gabrielr\/"},"category_info":"<a href=\"https:\/\/autofans.com.ar\/index.php\/category\/noticias\/empresas\/\" rel=\"category tag\">EMPRESAS<\/a> <a href=\"https:\/\/autofans.com.ar\/index.php\/category\/noticias\/\" rel=\"category tag\">NOTICIAS<\/a>","tag_info":"NOTICIAS","comment_count":0,"_links":{"self":[{"href":"https:\/\/autofans.com.ar\/index.php\/wp-json\/wp\/v2\/posts\/11698","targetHints":{"allow":["GET"]}}],"collection":[{"href":"https:\/\/autofans.com.ar\/index.php\/wp-json\/wp\/v2\/posts"}],"about":[{"href":"https:\/\/autofans.com.ar\/index.php\/wp-json\/wp\/v2\/types\/post"}],"author":[{"embeddable":true,"href":"https:\/\/autofans.com.ar\/index.php\/wp-json\/wp\/v2\/users\/2"}],"replies":[{"embeddable":true,"href":"https:\/\/autofans.com.ar\/index.php\/wp-json\/wp\/v2\/comments?post=11698"}],"version-history":[{"count":2,"href":"https:\/\/autofans.com.ar\/index.php\/wp-json\/wp\/v2\/posts\/11698\/revisions"}],"predecessor-version":[{"id":11705,"href":"https:\/\/autofans.com.ar\/index.php\/wp-json\/wp\/v2\/posts\/11698\/revisions\/11705"}],"wp:featuredmedia":[{"embeddable":true,"href":"https:\/\/autofans.com.ar\/index.php\/wp-json\/wp\/v2\/media\/11703"}],"wp:attachment":[{"href":"https:\/\/autofans.com.ar\/index.php\/wp-json\/wp\/v2\/media?parent=11698"}],"wp:term":[{"taxonomy":"category","embeddable":true,"href":"https:\/\/autofans.com.ar\/index.php\/wp-json\/wp\/v2\/categories?post=11698"},{"taxonomy":"post_tag","embeddable":true,"href":"https:\/\/autofans.com.ar\/index.php\/wp-json\/wp\/v2\/tags?post=11698"}],"curies":[{"name":"wp","href":"https:\/\/api.w.org\/{rel}","templated":true}]}}