{"id":117,"date":"2023-01-12T00:44:06","date_gmt":"2023-01-12T00:44:06","guid":{"rendered":"https:\/\/autofans.thebrandsoup.com\/?p=117"},"modified":"2023-03-02T18:06:09","modified_gmt":"2023-03-02T18:06:09","slug":"audi-y-ducati-presentes-en-el-verano-de-carilo-2023","status":"publish","type":"post","link":"https:\/\/autofans.com.ar\/index.php\/2023\/01\/12\/audi-y-ducati-presentes-en-el-verano-de-carilo-2023\/","title":{"rendered":"AUDI y DUCATI presentes en el verano de Caril\u00f3 2023"},"content":{"rendered":"<h4><em><strong>Audi est\u00e1 presente por 24\u00b0 a\u00f1o consecutivo en la Costa Argentina.<\/strong><\/em><\/h4>\n<p>&nbsp;<\/p>\n<div id=\"detalle_contenido\">\n<div class=\"justify\">\n<p>En su stand, la marca contin\u00faa anticipando el futuro de la movilidad y exhibe sus novedades y adelantos de lanzamientos para 2023 en el mercado local. La marca Ducati cuenta con un espacio destacado dentro del stand donde exhibe sus novedades.<\/p>\n<\/div>\n<div class=\"justify\">\n<p>Audi est\u00e1 presente nuevamente en Caril\u00f3 a trav\u00e9s de un espacio de exhibici\u00f3n a cielo abierto inspirado en los valores de la marca. El dise\u00f1o, la sustentabilidad, la digitalizaci\u00f3n y la performance se integran a la naturaleza del bosque componiendo un espacio \u00fanico.<\/p>\n<p>La marca exhibe la gama que la posiciona como referente en electromovilidad: el Audi e-tron Sportback y el recientemente lanzado Audi RS e-tron GT se llevan todas las miradas de los visitantes.<\/p>\n<p>Adem\u00e1s se presentan dos importantes novedades que completan la exhibici\u00f3n de modelos: el Audi RS3 y el Audi A1 40 TFSI.<\/p>\n<p>El espacio invita tambi\u00e9n a conocer y experimentar en mayor profundidad las caracter\u00edsticas de sistemas de carga para veh\u00edculos el\u00e9ctricos.<\/p>\n<p>Asimismo, la marca Ducati reafirma, por noveno a\u00f1o consecutivo, su presencia en el pa\u00eds acompa\u00f1ando a sus clientes en el centro de veraneo m\u00e1s exclusivo para los argentinos. En un sector destacado del Stands Ducati se identifica con el universo Scrambler, proponiendo un concepto que inspira un estilo de vida descontracturado, y donde la libertad y las ansias de descubrir nuevos horizontes son parte de su filosof\u00eda.<\/p>\n<p>La exhibici\u00f3n de este verano se destaca por la presencia de las dos versiones de Scrambler: Scrambler Icon (en sus tonos de color rojo o amarillo) y Scrambler Icon Dark (con su caracter\u00edstica decoraci\u00f3n y el agregado de accesorios especiales de personalizaci\u00f3n).<\/p>\n<p>El Stand permanecer\u00e1 abierto hasta fines de febrero, todos los d\u00edas de 11hs a 13hs y de 18hs a 23hs.<\/p>\n<p>&nbsp;<\/p>\n<\/div>\n<p><span style=\"color: #ff9900;\"><span style=\"color: #dbdbdb;\"><em>Para enterarte de m\u00e1s novedades, no dejes de ver<\/em><\/span><strong><em> <a style=\"color: #ff9900;\" href=\"https:\/\/www.youtube.com\/channel\/UCgAC8UGHZYbT6P7PpmVnP7g\" target=\"_blank\" rel=\"noopener\"><span style=\"color: #00ccff;\"><span style=\"color: #3366ff;\">AUTOFANS TV<\/span><\/span><\/a> <\/em><\/strong><span style=\"color: #dbdbdb;\"><em>en nuestro<\/em><\/span><em><span style=\"color: #dbdbdb;\"> canal de Youtube. Adem\u00e1s seguinos en<\/span> <span style=\"color: #3366ff;\"><a style=\"color: #3366ff;\" href=\"https:\/\/www.instagram.com\/autofanstv\/\" target=\"_blank\" rel=\"noopener\">INSTAGRAM<\/a> <\/span><span style=\"color: #dbdbdb;\">y <span style=\"color: #3366ff;\">FACEBOOK<\/span> para no perderte nada sobre las novedades del segmento automotor de Argentina y el mundo.<\/span><\/em><\/span><\/p>\n<\/div>\n","protected":false},"excerpt":{"rendered":"<p>Audi est\u00e1 presente por 24\u00b0 a\u00f1o consecutivo en la Costa Argentina. &nbsp; En su stand,&#8230;<\/p>\n","protected":false},"author":1,"featured_media":118,"comment_status":"closed","ping_status":"open","sticky":false,"template":"","format":"standard","meta":{"footnotes":""},"categories":[6,16],"tags":[55,25,54,26,56,42],"class_list":["post-117","post","type-post","status-publish","format-standard","has-post-thumbnail","hentry","category-bizstyle","category-noticias","tag-audi-argentina","tag-carilo","tag-ducati-argentina","tag-marketing","tag-stand","tag-verano-2023"],"yoast_head":"<!-- This site is optimized with the Yoast SEO plugin v27.5 - https:\/\/yoast.com\/product\/yoast-seo-wordpress\/ -->\n<title>AUDI y DUCATI presentes en el verano de Caril\u00f3 2023<\/title>\n<meta name=\"description\" content=\"En su stand, la marca contin\u00faa anticipando el futuro de la movilidad y exhibe sus novedades y adelantos de lanzamientos para 2023...\" \/>\n<meta name=\"robots\" content=\"index, follow, max-snippet:-1, max-image-preview:large, max-video-preview:-1\" \/>\n<link rel=\"canonical\" href=\"https:\/\/autofans.com.ar\/index.php\/2023\/01\/12\/audi-y-ducati-presentes-en-el-verano-de-carilo-2023\/\" \/>\n<meta property=\"og:locale\" content=\"es_ES\" \/>\n<meta property=\"og:type\" content=\"article\" \/>\n<meta property=\"og:title\" content=\"AUDI y DUCATI presentes en el verano de Caril\u00f3 2023\" \/>\n<meta property=\"og:description\" content=\"En su stand, la marca contin\u00faa anticipando el futuro de la movilidad y exhibe sus novedades y adelantos de lanzamientos para 2023...\" \/>\n<meta property=\"og:url\" content=\"https:\/\/autofans.com.ar\/index.php\/2023\/01\/12\/audi-y-ducati-presentes-en-el-verano-de-carilo-2023\/\" \/>\n<meta property=\"article:published_time\" content=\"2023-01-12T00:44:06+00:00\" \/>\n<meta property=\"article:modified_time\" content=\"2023-03-02T18:06:09+00:00\" \/>\n<meta property=\"og:image\" content=\"https:\/\/autofans.com.ar\/wp-content\/uploads\/2023\/02\/Audi-Carilo-2023.jpg\" \/>\n\t<meta property=\"og:image:width\" content=\"600\" \/>\n\t<meta property=\"og:image:height\" content=\"400\" \/>\n\t<meta property=\"og:image:type\" content=\"image\/jpeg\" \/>\n<meta name=\"author\" content=\"AleCAF\" \/>\n<meta name=\"twitter:card\" content=\"summary_large_image\" \/>\n<meta name=\"twitter:label1\" content=\"Escrito por\" \/>\n\t<meta name=\"twitter:data1\" content=\"AleCAF\" \/>\n\t<meta name=\"twitter:label2\" content=\"Tiempo de lectura\" \/>\n\t<meta name=\"twitter:data2\" content=\"2 minutos\" \/>\n<script type=\"application\/ld+json\" class=\"yoast-schema-graph\">{\"@context\":\"https:\\\/\\\/schema.org\",\"@graph\":[{\"@type\":\"Article\",\"@id\":\"https:\\\/\\\/autofans.com.ar\\\/index.php\\\/2023\\\/01\\\/12\\\/audi-y-ducati-presentes-en-el-verano-de-carilo-2023\\\/#article\",\"isPartOf\":{\"@id\":\"https:\\\/\\\/autofans.com.ar\\\/index.php\\\/2023\\\/01\\\/12\\\/audi-y-ducati-presentes-en-el-verano-de-carilo-2023\\\/\"},\"author\":{\"name\":\"AleCAF\",\"@id\":\"https:\\\/\\\/autofans.com.ar\\\/#\\\/schema\\\/person\\\/4f260a29da3cfebb7f29121591a73481\"},\"headline\":\"AUDI y DUCATI presentes en el verano de Caril\u00f3 2023\",\"datePublished\":\"2023-01-12T00:44:06+00:00\",\"dateModified\":\"2023-03-02T18:06:09+00:00\",\"mainEntityOfPage\":{\"@id\":\"https:\\\/\\\/autofans.com.ar\\\/index.php\\\/2023\\\/01\\\/12\\\/audi-y-ducati-presentes-en-el-verano-de-carilo-2023\\\/\"},\"wordCount\":366,\"image\":{\"@id\":\"https:\\\/\\\/autofans.com.ar\\\/index.php\\\/2023\\\/01\\\/12\\\/audi-y-ducati-presentes-en-el-verano-de-carilo-2023\\\/#primaryimage\"},\"thumbnailUrl\":\"https:\\\/\\\/autofans.com.ar\\\/wp-content\\\/uploads\\\/2023\\\/02\\\/Audi-Carilo-2023.jpg\",\"keywords\":[\"Audi Argentina\",\"Carilo\",\"Ducati Argentina\",\"Marketing\",\"Stand\",\"Verano 2023\"],\"articleSection\":[\"BIZSTYLE\",\"NOTICIAS\"],\"inLanguage\":\"es\"},{\"@type\":\"WebPage\",\"@id\":\"https:\\\/\\\/autofans.com.ar\\\/index.php\\\/2023\\\/01\\\/12\\\/audi-y-ducati-presentes-en-el-verano-de-carilo-2023\\\/\",\"url\":\"https:\\\/\\\/autofans.com.ar\\\/index.php\\\/2023\\\/01\\\/12\\\/audi-y-ducati-presentes-en-el-verano-de-carilo-2023\\\/\",\"name\":\"AUDI y DUCATI presentes en el verano de Caril\u00f3 2023\",\"isPartOf\":{\"@id\":\"https:\\\/\\\/autofans.com.ar\\\/#website\"},\"primaryImageOfPage\":{\"@id\":\"https:\\\/\\\/autofans.com.ar\\\/index.php\\\/2023\\\/01\\\/12\\\/audi-y-ducati-presentes-en-el-verano-de-carilo-2023\\\/#primaryimage\"},\"image\":{\"@id\":\"https:\\\/\\\/autofans.com.ar\\\/index.php\\\/2023\\\/01\\\/12\\\/audi-y-ducati-presentes-en-el-verano-de-carilo-2023\\\/#primaryimage\"},\"thumbnailUrl\":\"https:\\\/\\\/autofans.com.ar\\\/wp-content\\\/uploads\\\/2023\\\/02\\\/Audi-Carilo-2023.jpg\",\"datePublished\":\"2023-01-12T00:44:06+00:00\",\"dateModified\":\"2023-03-02T18:06:09+00:00\",\"author\":{\"@id\":\"https:\\\/\\\/autofans.com.ar\\\/#\\\/schema\\\/person\\\/4f260a29da3cfebb7f29121591a73481\"},\"description\":\"En su stand, la marca contin\u00faa anticipando el futuro de la movilidad y exhibe sus novedades y adelantos de lanzamientos para 2023...\",\"breadcrumb\":{\"@id\":\"https:\\\/\\\/autofans.com.ar\\\/index.php\\\/2023\\\/01\\\/12\\\/audi-y-ducati-presentes-en-el-verano-de-carilo-2023\\\/#breadcrumb\"},\"inLanguage\":\"es\",\"potentialAction\":[{\"@type\":\"ReadAction\",\"target\":[\"https:\\\/\\\/autofans.com.ar\\\/index.php\\\/2023\\\/01\\\/12\\\/audi-y-ducati-presentes-en-el-verano-de-carilo-2023\\\/\"]}]},{\"@type\":\"ImageObject\",\"inLanguage\":\"es\",\"@id\":\"https:\\\/\\\/autofans.com.ar\\\/index.php\\\/2023\\\/01\\\/12\\\/audi-y-ducati-presentes-en-el-verano-de-carilo-2023\\\/#primaryimage\",\"url\":\"https:\\\/\\\/autofans.com.ar\\\/wp-content\\\/uploads\\\/2023\\\/02\\\/Audi-Carilo-2023.jpg\",\"contentUrl\":\"https:\\\/\\\/autofans.com.ar\\\/wp-content\\\/uploads\\\/2023\\\/02\\\/Audi-Carilo-2023.jpg\",\"width\":600,\"height\":400,\"caption\":\"AUDI y DUCATI presentes en el verano de Caril\u00f3 2023\"},{\"@type\":\"BreadcrumbList\",\"@id\":\"https:\\\/\\\/autofans.com.ar\\\/index.php\\\/2023\\\/01\\\/12\\\/audi-y-ducati-presentes-en-el-verano-de-carilo-2023\\\/#breadcrumb\",\"itemListElement\":[{\"@type\":\"ListItem\",\"position\":1,\"name\":\"Inicio\",\"item\":\"https:\\\/\\\/autofans.com.ar\\\/\"},{\"@type\":\"ListItem\",\"position\":2,\"name\":\"AUDI y DUCATI presentes en el verano de Caril\u00f3 2023\"}]},{\"@type\":\"WebSite\",\"@id\":\"https:\\\/\\\/autofans.com.ar\\\/#website\",\"url\":\"https:\\\/\\\/autofans.com.ar\\\/\",\"name\":\"\",\"description\":\"El multimedio referente de la industria automotriz\",\"potentialAction\":[{\"@type\":\"SearchAction\",\"target\":{\"@type\":\"EntryPoint\",\"urlTemplate\":\"https:\\\/\\\/autofans.com.ar\\\/?s={search_term_string}\"},\"query-input\":{\"@type\":\"PropertyValueSpecification\",\"valueRequired\":true,\"valueName\":\"search_term_string\"}}],\"inLanguage\":\"es\"},{\"@type\":\"Person\",\"@id\":\"https:\\\/\\\/autofans.com.ar\\\/#\\\/schema\\\/person\\\/4f260a29da3cfebb7f29121591a73481\",\"name\":\"AleCAF\",\"image\":{\"@type\":\"ImageObject\",\"inLanguage\":\"es\",\"@id\":\"https:\\\/\\\/secure.gravatar.com\\\/avatar\\\/959b1ac26ee9dfc67318763f0a21a739fce256ee110a46fe86a2957f5568f27e?s=96&d=mm&r=g\",\"url\":\"https:\\\/\\\/secure.gravatar.com\\\/avatar\\\/959b1ac26ee9dfc67318763f0a21a739fce256ee110a46fe86a2957f5568f27e?s=96&d=mm&r=g\",\"contentUrl\":\"https:\\\/\\\/secure.gravatar.com\\\/avatar\\\/959b1ac26ee9dfc67318763f0a21a739fce256ee110a46fe86a2957f5568f27e?s=96&d=mm&r=g\",\"caption\":\"AleCAF\"},\"description\":\"Se trata del sitio web del multimedio Autofans, dedicado a informar las novedades y tendencias del segmento automotor nacional e internacional. El multimedio est\u00e1 conformado por Autofans web, Autofans TV (Programa), Youtube, Intagram y Facebook\",\"sameAs\":[\"https:\\\/\\\/autofans.com.ar\"],\"url\":\"https:\\\/\\\/autofans.com.ar\\\/index.php\\\/author\\\/alecampolieto\\\/\"}]}<\/script>\n<!-- \/ Yoast SEO plugin. -->","yoast_head_json":{"title":"AUDI y DUCATI presentes en el verano de Caril\u00f3 2023","description":"En su stand, la marca contin\u00faa anticipando el futuro de la movilidad y exhibe sus novedades y adelantos de lanzamientos para 2023...","robots":{"index":"index","follow":"follow","max-snippet":"max-snippet:-1","max-image-preview":"max-image-preview:large","max-video-preview":"max-video-preview:-1"},"canonical":"https:\/\/autofans.com.ar\/index.php\/2023\/01\/12\/audi-y-ducati-presentes-en-el-verano-de-carilo-2023\/","og_locale":"es_ES","og_type":"article","og_title":"AUDI y DUCATI presentes en el verano de Caril\u00f3 2023","og_description":"En su stand, la marca contin\u00faa anticipando el futuro de la movilidad y exhibe sus novedades y adelantos de lanzamientos para 2023...","og_url":"https:\/\/autofans.com.ar\/index.php\/2023\/01\/12\/audi-y-ducati-presentes-en-el-verano-de-carilo-2023\/","article_published_time":"2023-01-12T00:44:06+00:00","article_modified_time":"2023-03-02T18:06:09+00:00","og_image":[{"width":600,"height":400,"url":"https:\/\/autofans.com.ar\/wp-content\/uploads\/2023\/02\/Audi-Carilo-2023.jpg","type":"image\/jpeg"}],"author":"AleCAF","twitter_card":"summary_large_image","twitter_misc":{"Escrito por":"AleCAF","Tiempo de lectura":"2 minutos"},"schema":{"@context":"https:\/\/schema.org","@graph":[{"@type":"Article","@id":"https:\/\/autofans.com.ar\/index.php\/2023\/01\/12\/audi-y-ducati-presentes-en-el-verano-de-carilo-2023\/#article","isPartOf":{"@id":"https:\/\/autofans.com.ar\/index.php\/2023\/01\/12\/audi-y-ducati-presentes-en-el-verano-de-carilo-2023\/"},"author":{"name":"AleCAF","@id":"https:\/\/autofans.com.ar\/#\/schema\/person\/4f260a29da3cfebb7f29121591a73481"},"headline":"AUDI y DUCATI presentes en el verano de Caril\u00f3 2023","datePublished":"2023-01-12T00:44:06+00:00","dateModified":"2023-03-02T18:06:09+00:00","mainEntityOfPage":{"@id":"https:\/\/autofans.com.ar\/index.php\/2023\/01\/12\/audi-y-ducati-presentes-en-el-verano-de-carilo-2023\/"},"wordCount":366,"image":{"@id":"https:\/\/autofans.com.ar\/index.php\/2023\/01\/12\/audi-y-ducati-presentes-en-el-verano-de-carilo-2023\/#primaryimage"},"thumbnailUrl":"https:\/\/autofans.com.ar\/wp-content\/uploads\/2023\/02\/Audi-Carilo-2023.jpg","keywords":["Audi Argentina","Carilo","Ducati Argentina","Marketing","Stand","Verano 2023"],"articleSection":["BIZSTYLE","NOTICIAS"],"inLanguage":"es"},{"@type":"WebPage","@id":"https:\/\/autofans.com.ar\/index.php\/2023\/01\/12\/audi-y-ducati-presentes-en-el-verano-de-carilo-2023\/","url":"https:\/\/autofans.com.ar\/index.php\/2023\/01\/12\/audi-y-ducati-presentes-en-el-verano-de-carilo-2023\/","name":"AUDI y DUCATI presentes en el verano de Caril\u00f3 2023","isPartOf":{"@id":"https:\/\/autofans.com.ar\/#website"},"primaryImageOfPage":{"@id":"https:\/\/autofans.com.ar\/index.php\/2023\/01\/12\/audi-y-ducati-presentes-en-el-verano-de-carilo-2023\/#primaryimage"},"image":{"@id":"https:\/\/autofans.com.ar\/index.php\/2023\/01\/12\/audi-y-ducati-presentes-en-el-verano-de-carilo-2023\/#primaryimage"},"thumbnailUrl":"https:\/\/autofans.com.ar\/wp-content\/uploads\/2023\/02\/Audi-Carilo-2023.jpg","datePublished":"2023-01-12T00:44:06+00:00","dateModified":"2023-03-02T18:06:09+00:00","author":{"@id":"https:\/\/autofans.com.ar\/#\/schema\/person\/4f260a29da3cfebb7f29121591a73481"},"description":"En su stand, la marca contin\u00faa anticipando el futuro de la movilidad y exhibe sus novedades y adelantos de lanzamientos para 2023...","breadcrumb":{"@id":"https:\/\/autofans.com.ar\/index.php\/2023\/01\/12\/audi-y-ducati-presentes-en-el-verano-de-carilo-2023\/#breadcrumb"},"inLanguage":"es","potentialAction":[{"@type":"ReadAction","target":["https:\/\/autofans.com.ar\/index.php\/2023\/01\/12\/audi-y-ducati-presentes-en-el-verano-de-carilo-2023\/"]}]},{"@type":"ImageObject","inLanguage":"es","@id":"https:\/\/autofans.com.ar\/index.php\/2023\/01\/12\/audi-y-ducati-presentes-en-el-verano-de-carilo-2023\/#primaryimage","url":"https:\/\/autofans.com.ar\/wp-content\/uploads\/2023\/02\/Audi-Carilo-2023.jpg","contentUrl":"https:\/\/autofans.com.ar\/wp-content\/uploads\/2023\/02\/Audi-Carilo-2023.jpg","width":600,"height":400,"caption":"AUDI y DUCATI presentes en el verano de Caril\u00f3 2023"},{"@type":"BreadcrumbList","@id":"https:\/\/autofans.com.ar\/index.php\/2023\/01\/12\/audi-y-ducati-presentes-en-el-verano-de-carilo-2023\/#breadcrumb","itemListElement":[{"@type":"ListItem","position":1,"name":"Inicio","item":"https:\/\/autofans.com.ar\/"},{"@type":"ListItem","position":2,"name":"AUDI y DUCATI presentes en el verano de Caril\u00f3 2023"}]},{"@type":"WebSite","@id":"https:\/\/autofans.com.ar\/#website","url":"https:\/\/autofans.com.ar\/","name":"","description":"El multimedio referente de la industria automotriz","potentialAction":[{"@type":"SearchAction","target":{"@type":"EntryPoint","urlTemplate":"https:\/\/autofans.com.ar\/?s={search_term_string}"},"query-input":{"@type":"PropertyValueSpecification","valueRequired":true,"valueName":"search_term_string"}}],"inLanguage":"es"},{"@type":"Person","@id":"https:\/\/autofans.com.ar\/#\/schema\/person\/4f260a29da3cfebb7f29121591a73481","name":"AleCAF","image":{"@type":"ImageObject","inLanguage":"es","@id":"https:\/\/secure.gravatar.com\/avatar\/959b1ac26ee9dfc67318763f0a21a739fce256ee110a46fe86a2957f5568f27e?s=96&d=mm&r=g","url":"https:\/\/secure.gravatar.com\/avatar\/959b1ac26ee9dfc67318763f0a21a739fce256ee110a46fe86a2957f5568f27e?s=96&d=mm&r=g","contentUrl":"https:\/\/secure.gravatar.com\/avatar\/959b1ac26ee9dfc67318763f0a21a739fce256ee110a46fe86a2957f5568f27e?s=96&d=mm&r=g","caption":"AleCAF"},"description":"Se trata del sitio web del multimedio Autofans, dedicado a informar las novedades y tendencias del segmento automotor nacional e internacional. El multimedio est\u00e1 conformado por Autofans web, Autofans TV (Programa), Youtube, Intagram y Facebook","sameAs":["https:\/\/autofans.com.ar"],"url":"https:\/\/autofans.com.ar\/index.php\/author\/alecampolieto\/"}]}},"featured_image_urls":{"full":["https:\/\/autofans.com.ar\/wp-content\/uploads\/2023\/02\/Audi-Carilo-2023.jpg",600,400,false],"thumbnail":["https:\/\/autofans.com.ar\/wp-content\/uploads\/2023\/02\/Audi-Carilo-2023-150x150.jpg",150,150,true],"medium":["https:\/\/autofans.com.ar\/wp-content\/uploads\/2023\/02\/Audi-Carilo-2023-300x200.jpg",300,200,true],"medium_large":["https:\/\/autofans.com.ar\/wp-content\/uploads\/2023\/02\/Audi-Carilo-2023.jpg",600,400,false],"large":["https:\/\/autofans.com.ar\/wp-content\/uploads\/2023\/02\/Audi-Carilo-2023.jpg",600,400,false],"1536x1536":["https:\/\/autofans.com.ar\/wp-content\/uploads\/2023\/02\/Audi-Carilo-2023.jpg",600,400,false],"2048x2048":["https:\/\/autofans.com.ar\/wp-content\/uploads\/2023\/02\/Audi-Carilo-2023.jpg",600,400,false],"covernews-featured":["https:\/\/autofans.com.ar\/wp-content\/uploads\/2023\/02\/Audi-Carilo-2023.jpg",600,400,false],"covernews-medium":["https:\/\/autofans.com.ar\/wp-content\/uploads\/2023\/02\/Audi-Carilo-2023-540x340.jpg",540,340,true]},"author_info":{"display_name":"AleCAF","author_link":"https:\/\/autofans.com.ar\/index.php\/author\/alecampolieto\/"},"category_info":"<a href=\"https:\/\/autofans.com.ar\/index.php\/category\/noticias\/bizstyle\/\" rel=\"category tag\">BIZSTYLE<\/a> <a href=\"https:\/\/autofans.com.ar\/index.php\/category\/noticias\/\" rel=\"category tag\">NOTICIAS<\/a>","tag_info":"NOTICIAS","comment_count":0,"_links":{"self":[{"href":"https:\/\/autofans.com.ar\/index.php\/wp-json\/wp\/v2\/posts\/117","targetHints":{"allow":["GET"]}}],"collection":[{"href":"https:\/\/autofans.com.ar\/index.php\/wp-json\/wp\/v2\/posts"}],"about":[{"href":"https:\/\/autofans.com.ar\/index.php\/wp-json\/wp\/v2\/types\/post"}],"author":[{"embeddable":true,"href":"https:\/\/autofans.com.ar\/index.php\/wp-json\/wp\/v2\/users\/1"}],"replies":[{"embeddable":true,"href":"https:\/\/autofans.com.ar\/index.php\/wp-json\/wp\/v2\/comments?post=117"}],"version-history":[{"count":1,"href":"https:\/\/autofans.com.ar\/index.php\/wp-json\/wp\/v2\/posts\/117\/revisions"}],"predecessor-version":[{"id":119,"href":"https:\/\/autofans.com.ar\/index.php\/wp-json\/wp\/v2\/posts\/117\/revisions\/119"}],"wp:featuredmedia":[{"embeddable":true,"href":"https:\/\/autofans.com.ar\/index.php\/wp-json\/wp\/v2\/media\/118"}],"wp:attachment":[{"href":"https:\/\/autofans.com.ar\/index.php\/wp-json\/wp\/v2\/media?parent=117"}],"wp:term":[{"taxonomy":"category","embeddable":true,"href":"https:\/\/autofans.com.ar\/index.php\/wp-json\/wp\/v2\/categories?post=117"},{"taxonomy":"post_tag","embeddable":true,"href":"https:\/\/autofans.com.ar\/index.php\/wp-json\/wp\/v2\/tags?post=117"}],"curies":[{"name":"wp","href":"https:\/\/api.w.org\/{rel}","templated":true}]}}