{"id":11707,"date":"2025-03-27T14:48:22","date_gmt":"2025-03-27T17:48:22","guid":{"rendered":"https:\/\/autofans.com.ar\/?p=11707"},"modified":"2025-03-27T14:48:22","modified_gmt":"2025-03-27T17:48:22","slug":"nuevo-kia-k3-innovacion-y-seguridad-para-el-segmento-subcompacto","status":"publish","type":"post","link":"https:\/\/autofans.com.ar\/index.php\/2025\/03\/27\/nuevo-kia-k3-innovacion-y-seguridad-para-el-segmento-subcompacto\/","title":{"rendered":"Nuevo Kia K3, innovaci\u00f3n y seguridad para el segmento subcompacto"},"content":{"rendered":"<p data-pm-slice=\"1 1 []\">Kia Argentina presenta el All-New K3, un modelo que redefine el segmento de los subcompactos al combinar dise\u00f1o, tecnolog\u00eda y seguridad. Fabricado en la planta de Nueva Le\u00f3n, M\u00e9xico, est\u00e1 disponible en dos versiones: Sed\u00e1n y Cross, ambas bajo el concepto \u00abOpposites United\u00bb.<\/p>\n<p data-pm-slice=\"1 1 []\"><span style=\"color: #ffffff;\">.<\/span><\/p>\n<h2>Kia K3 &#8211; dise\u00f1o distintivo y funcional<\/h2>\n<p>El All-New K3 se destaca por su identidad visual con faros LED verticales y \u00f3pticas integradas a la parrilla. La versi\u00f3n Sed\u00e1n incorpora una ca\u00edda fastback que aporta dinamismo, mientras que el Cross ofrece una postura m\u00e1s robusta con mayor despeje y barras de techo. La variante GT-Line suma detalles deportivos como llantas de 17&#8243; y salida de escape doble.<\/p>\n<p>&nbsp;<\/p>\n<div id='gallery-1' class='gallery galleryid-11707 gallery-columns-2 gallery-size-full'><figure class='gallery-item'>\n\t\t\t<div class='gallery-icon landscape'>\n\t\t\t\t<a href='https:\/\/autofans.com.ar\/index.php\/2025\/03\/27\/nuevo-kia-k3-innovacion-y-seguridad-para-el-segmento-subcompacto\/kia-1-7\/'><img loading=\"lazy\" width=\"1000\" height=\"667\" src=\"https:\/\/autofans.com.ar\/wp-content\/uploads\/2025\/03\/kia-1.jpg\" class=\"attachment-full size-full\" alt=\"Kia K3\" srcset=\"https:\/\/autofans.com.ar\/wp-content\/uploads\/2025\/03\/kia-1.jpg 1000w, https:\/\/autofans.com.ar\/wp-content\/uploads\/2025\/03\/kia-1-300x200.jpg 300w, https:\/\/autofans.com.ar\/wp-content\/uploads\/2025\/03\/kia-1-768x512.jpg 768w\" sizes=\"auto, (max-width: 1000px) 100vw, 1000px\" loading=\"lazy\" decoding=\"async\" \/><\/a>\n\t\t\t<\/div><\/figure><figure class='gallery-item'>\n\t\t\t<div class='gallery-icon landscape'>\n\t\t\t\t<a href='https:\/\/autofans.com.ar\/index.php\/2025\/03\/27\/nuevo-kia-k3-innovacion-y-seguridad-para-el-segmento-subcompacto\/kia-3-7\/'><img loading=\"lazy\" width=\"1000\" height=\"667\" src=\"https:\/\/autofans.com.ar\/wp-content\/uploads\/2025\/03\/kia-3.jpg\" class=\"attachment-full size-full\" alt=\"Kia K3\" srcset=\"https:\/\/autofans.com.ar\/wp-content\/uploads\/2025\/03\/kia-3.jpg 1000w, https:\/\/autofans.com.ar\/wp-content\/uploads\/2025\/03\/kia-3-300x200.jpg 300w, https:\/\/autofans.com.ar\/wp-content\/uploads\/2025\/03\/kia-3-768x512.jpg 768w\" sizes=\"auto, (max-width: 1000px) 100vw, 1000px\" loading=\"lazy\" decoding=\"async\" \/><\/a>\n\t\t\t<\/div><\/figure>\n\t\t<\/div>\n\n<p>&nbsp;<\/p>\n<p>En el interior, el dise\u00f1o minimalista combina tecnolog\u00eda y confort con un tablero digital que integra el cuadro de instrumentos y el sistema multimedia en una pantalla unificada.<\/p>\n<p>&nbsp;<\/p>\n<h2>M\u00e1xima seguridad y asistencia a la conducci\u00f3n<\/h2>\n<p>&nbsp;<\/p>\n<div id='gallery-2' class='gallery galleryid-11707 gallery-columns-2 gallery-size-full'><figure class='gallery-item'>\n\t\t\t<div class='gallery-icon landscape'>\n\t\t\t\t<a href='https:\/\/autofans.com.ar\/index.php\/2025\/03\/27\/nuevo-kia-k3-innovacion-y-seguridad-para-el-segmento-subcompacto\/kia-4-5\/'><img loading=\"lazy\" width=\"1000\" height=\"667\" src=\"https:\/\/autofans.com.ar\/wp-content\/uploads\/2025\/03\/kia-4.jpg\" class=\"attachment-full size-full\" alt=\"Kia K3\" srcset=\"https:\/\/autofans.com.ar\/wp-content\/uploads\/2025\/03\/kia-4.jpg 1000w, https:\/\/autofans.com.ar\/wp-content\/uploads\/2025\/03\/kia-4-300x200.jpg 300w, https:\/\/autofans.com.ar\/wp-content\/uploads\/2025\/03\/kia-4-768x512.jpg 768w\" sizes=\"auto, (max-width: 1000px) 100vw, 1000px\" loading=\"lazy\" decoding=\"async\" \/><\/a>\n\t\t\t<\/div><\/figure><figure class='gallery-item'>\n\t\t\t<div class='gallery-icon landscape'>\n\t\t\t\t<a href='https:\/\/autofans.com.ar\/index.php\/2025\/03\/27\/nuevo-kia-k3-innovacion-y-seguridad-para-el-segmento-subcompacto\/kia-7\/'><img loading=\"lazy\" width=\"1000\" height=\"667\" src=\"https:\/\/autofans.com.ar\/wp-content\/uploads\/2025\/03\/kia-7.jpg\" class=\"attachment-full size-full\" alt=\"Kia K3\" srcset=\"https:\/\/autofans.com.ar\/wp-content\/uploads\/2025\/03\/kia-7.jpg 1000w, https:\/\/autofans.com.ar\/wp-content\/uploads\/2025\/03\/kia-7-300x200.jpg 300w, https:\/\/autofans.com.ar\/wp-content\/uploads\/2025\/03\/kia-7-768x512.jpg 768w\" sizes=\"auto, (max-width: 1000px) 100vw, 1000px\" loading=\"lazy\" decoding=\"async\" \/><\/a>\n\t\t\t<\/div><\/figure>\n\t\t<\/div>\n\n<p>&nbsp;<\/p>\n<p>Todas las versiones incluyen frenos a disco en las cuatro ruedas, ABS, control de estabilidad y seis airbags. Adem\u00e1s, incorpora un paquete de asistencia a la conducci\u00f3n ADAS con:<\/p>\n<ul data-spread=\"false\">\n<li>Prevenci\u00f3n de colisiones frontales (FCA)<\/li>\n<li>Asistencia para mantenerse en el carril (LKA)<\/li>\n<li>Alerta de colisi\u00f3n en puntos ciegos (BCA)<\/li>\n<li>Advertencia de atenci\u00f3n al conductor (DAW)<\/li>\n<li>Tr\u00e1fico cruzado trasero (RCCA)<\/li>\n<\/ul>\n<p>Gracias a su equipamiento, el K3 obtuvo la calificaci\u00f3n de 5 estrellas en seguridad por Latin NCAP.<\/p>\n<p>&nbsp;<\/p>\n<h2>Tecnolog\u00eda y conectividad de nivel superior<\/h2>\n<p>&nbsp;<\/p>\n<p>El K3 ofrece dos pantallas de 10,25&#8243;: una para el panel de instrumentos y otra para el sistema multimedia compatible con Android Auto y Apple CarPlay. Adem\u00e1s, cuenta con:<\/p>\n<ul data-spread=\"false\">\n<li>Conexi\u00f3n inal\u00e1mbrica<\/li>\n<li>Sincronizaci\u00f3n de dos celulares simult\u00e1neos<\/li>\n<li>Cargador inal\u00e1mbrico y puertos USB en todas las plazas<\/li>\n<li>Llave inteligente \u00abKeyless\u00bb y bot\u00f3n de arranque<\/li>\n<li>C\u00e1mara de retroceso con gu\u00edas din\u00e1micas<\/li>\n<\/ul>\n<p>&nbsp;<\/p>\n<p><img fetchpriority=\"high\" decoding=\"async\" class=\"aligncenter wp-image-11713 size-full\" src=\"https:\/\/autofans.com.ar\/wp-content\/uploads\/2025\/03\/kia-2.jpg\" alt=\"Kia K3\" width=\"1000\" height=\"667\" srcset=\"https:\/\/autofans.com.ar\/wp-content\/uploads\/2025\/03\/kia-2.jpg 1000w, https:\/\/autofans.com.ar\/wp-content\/uploads\/2025\/03\/kia-2-300x200.jpg 300w, https:\/\/autofans.com.ar\/wp-content\/uploads\/2025\/03\/kia-2-768x512.jpg 768w\" sizes=\"(max-width: 1000px) 100vw, 1000px\" \/><\/p>\n<p>&nbsp;<\/p>\n<p>Bajo el cap\u00f3, equipa un motor naftero 1.6 litros con cadena de distribuci\u00f3n, que entrega 121 CV y 151 Nm de torque, acoplado a una transmisi\u00f3n autom\u00e1tica secuencial de seis marchas.<\/p>\n<p>El confort est\u00e1 garantizado con un amplio espacio interior, insonorizaci\u00f3n optimizada y una distancia entre ejes que mejora la estabilidad. Adem\u00e1s, el ba\u00fal del Sed\u00e1n es el m\u00e1s grande de su segmento con 544 litros de capacidad.<\/p>\n<p>Otros detalles incluyen techo solar, climatizador bi-zona, tapizados en cuero ecol\u00f3gico y salidas de aire en las plazas traseras.<\/p>\n<p>El <a href=\"https:\/\/autofans.com.ar\/index.php\/2024\/10\/18\/kia-k3-maxima-seguridad-con-5-estrellas-en-latin-ncap\/\" target=\"_blank\" rel=\"noopener\">Kia K3<\/a> llega en versiones EX y GT-Line, con precios de USD 25.000 y USD 28.500 respectivamente. La garant\u00eda es de 5 a\u00f1os o 100.000 km.<\/p>\n<p>&nbsp;<\/p>\n<h2>Kia K3 &#8211; un lanzamiento con sello mendocino<\/h2>\n<p><a href=\"https:\/\/autofans.com.ar\/wp-content\/uploads\/2025\/03\/Ficha-tA\u00a9cnica-K3-Cross-EX.pdf\" target=\"_blank\" rel=\"noopener\">Ficha T\u00e9cnica: K3 Cross EX<\/a> &#8211; <a href=\"https:\/\/autofans.com.ar\/wp-content\/uploads\/2025\/03\/Ficha-tA\u00a9cnica-K3-Cross-GT.pdf\" target=\"_blank\" rel=\"noopener\">Ficha T\u00e9cnica: K3 Cross GT<\/a> &#8211; <a href=\"https:\/\/autofans.com.ar\/wp-content\/uploads\/2025\/03\/Ficha-tA\u00a9cnica-K3-Sedan-EX-1.6-AT.pdf\" target=\"_blank\" rel=\"noopener\">Ficha T\u00e9cnica: K3 Sedan EX 1.6 AT<\/a> &#8211; <a href=\"https:\/\/autofans.com.ar\/wp-content\/uploads\/2025\/03\/Ficha-tA\u00a9cnica-K3-Sedan-GT-LINE-1.6-AT.pdf\" target=\"_blank\" rel=\"noopener\">Ficha T\u00e9cnica: K3 Sedan GT-LINE 1.6 AT<\/a><\/p>\n<p>&nbsp;<\/p>\n<p><img decoding=\"async\" class=\"aligncenter wp-image-11710 size-full\" src=\"https:\/\/autofans.com.ar\/wp-content\/uploads\/2025\/03\/kia-5.jpg\" alt=\"Kia K3\" width=\"1000\" height=\"667\" srcset=\"https:\/\/autofans.com.ar\/wp-content\/uploads\/2025\/03\/kia-5.jpg 1000w, https:\/\/autofans.com.ar\/wp-content\/uploads\/2025\/03\/kia-5-300x200.jpg 300w, https:\/\/autofans.com.ar\/wp-content\/uploads\/2025\/03\/kia-5-768x512.jpg 768w\" sizes=\"(max-width: 1000px) 100vw, 1000px\" \/><\/p>\n<p>&nbsp;<\/p>\n<p>La presentaci\u00f3n oficial se realiz\u00f3 en ANAIA, la bodega mendocina premiada por su innovaci\u00f3n y experiencias gastron\u00f3micas exclusivas, como el Full Moon Dining by Kia, donde chefs destacados ofrecieron cenas bajo la luna llena.<\/p>\n<p>Con el K3, Kia refuerza su compromiso con la calidad y la innovaci\u00f3n en el mercado argentino.<\/p>\n<p>&nbsp;<\/p>\n<p>&nbsp;<\/p>\n<p>&nbsp;<\/p>\n<p>&nbsp;<\/p>\n<p><i>Para enterarte de m\u00e1s novedades, no dejes de leer\u00a0<\/i><a href=\"https:\/\/autofans.thebrandsoup.com\/\"><i>nuestras notas<\/i><\/a><i>, de ver<\/i><b><i>\u00a0<\/i><\/b><a href=\"https:\/\/www.youtube.com\/channel\/UCgAC8UGHZYbT6P7PpmVnP7g\"><b><i>AUTOFANS TV<\/i><\/b><\/a><b><i>\u00a0<\/i><\/b><i>en nuestro\u00a0canal de Youtube. Adem\u00e1s seguinos en\u00a0<\/i><a href=\"https:\/\/www.instagram.com\/autofanstv\/\"><i>INSTAGRAM<\/i><\/a><i> y <\/i><a href=\"https:\/\/www.facebook.com\/autofansmas\/\"><i>FACEBOOK<\/i><\/a><i> para no perderte nada sobre las novedades del segmento automotor de Argentina y el mundo.<\/i><\/p>\n","protected":false},"excerpt":{"rendered":"<p>Kia Argentina presenta el All-New K3, un modelo que redefine el segmento de los subcompactos&#8230;<\/p>\n","protected":false},"author":2,"featured_media":11709,"comment_status":"closed","ping_status":"closed","sticky":false,"template":"","format":"standard","meta":{"footnotes":""},"categories":[3,1],"tags":[1715,2256,6382,6383,6386,6381,6384,6385,6387,6380],"class_list":["post-11707","post","type-post","status-publish","format-standard","has-post-thumbnail","hentry","category-autos","category-lanzamientos","tag-kia-argentina","tag-kia-k3","tag-kia-k3-caracteristicas","tag-kia-k3-ficha-tecnica","tag-kia-k3-motor","tag-kia-k3-precio","tag-kia-k3-seguridad","tag-kia-k3-tecnologia","tag-kia-k3-versiones","tag-nuevo-kia-k3"],"yoast_head":"<!-- This site is optimized with the Yoast SEO plugin v27.5 - https:\/\/yoast.com\/product\/yoast-seo-wordpress\/ -->\n<title>Nuevo Kia K3, innovaci\u00f3n y seguridad para el segmento subcompacto -<\/title>\n<meta name=\"description\" content=\"Kia Argentina presenta el All-New K3, un modelo que redefine el segmento de los subcompactos al combinar dise\u00f1o, tecnolog\u00eda y seguridad.\" \/>\n<meta name=\"robots\" content=\"index, follow, max-snippet:-1, max-image-preview:large, max-video-preview:-1\" \/>\n<link rel=\"canonical\" href=\"https:\/\/autofans.com.ar\/index.php\/2025\/03\/27\/nuevo-kia-k3-innovacion-y-seguridad-para-el-segmento-subcompacto\/\" \/>\n<meta property=\"og:locale\" content=\"es_ES\" \/>\n<meta property=\"og:type\" content=\"article\" \/>\n<meta property=\"og:title\" content=\"Nuevo Kia K3, innovaci\u00f3n y seguridad para el segmento subcompacto -\" \/>\n<meta property=\"og:description\" content=\"Kia Argentina presenta el All-New K3, un modelo que redefine el segmento de los subcompactos al combinar dise\u00f1o, tecnolog\u00eda y seguridad.\" \/>\n<meta property=\"og:url\" content=\"https:\/\/autofans.com.ar\/index.php\/2025\/03\/27\/nuevo-kia-k3-innovacion-y-seguridad-para-el-segmento-subcompacto\/\" \/>\n<meta property=\"article:published_time\" content=\"2025-03-27T17:48:22+00:00\" \/>\n<meta property=\"og:image\" content=\"https:\/\/autofans.com.ar\/wp-content\/uploads\/2025\/03\/kia-6.jpg\" \/>\n\t<meta property=\"og:image:width\" content=\"1000\" \/>\n\t<meta property=\"og:image:height\" content=\"667\" \/>\n\t<meta property=\"og:image:type\" content=\"image\/jpeg\" \/>\n<meta name=\"author\" content=\"Alejandro Gabriel Rosito\" \/>\n<meta name=\"twitter:card\" content=\"summary_large_image\" \/>\n<meta name=\"twitter:label1\" content=\"Escrito por\" \/>\n\t<meta name=\"twitter:data1\" content=\"Alejandro Gabriel Rosito\" \/>\n\t<meta name=\"twitter:label2\" content=\"Tiempo de lectura\" \/>\n\t<meta name=\"twitter:data2\" content=\"4 minutos\" \/>\n<script type=\"application\/ld+json\" class=\"yoast-schema-graph\">{\"@context\":\"https:\\\/\\\/schema.org\",\"@graph\":[{\"@type\":\"Article\",\"@id\":\"https:\\\/\\\/autofans.com.ar\\\/index.php\\\/2025\\\/03\\\/27\\\/nuevo-kia-k3-innovacion-y-seguridad-para-el-segmento-subcompacto\\\/#article\",\"isPartOf\":{\"@id\":\"https:\\\/\\\/autofans.com.ar\\\/index.php\\\/2025\\\/03\\\/27\\\/nuevo-kia-k3-innovacion-y-seguridad-para-el-segmento-subcompacto\\\/\"},\"author\":{\"name\":\"Alejandro Gabriel Rosito\",\"@id\":\"https:\\\/\\\/autofans.com.ar\\\/#\\\/schema\\\/person\\\/4a8dda0b6df83ac3d6723e921274c2aa\"},\"headline\":\"Nuevo Kia K3, innovaci\u00f3n y seguridad para el segmento subcompacto\",\"datePublished\":\"2025-03-27T17:48:22+00:00\",\"mainEntityOfPage\":{\"@id\":\"https:\\\/\\\/autofans.com.ar\\\/index.php\\\/2025\\\/03\\\/27\\\/nuevo-kia-k3-innovacion-y-seguridad-para-el-segmento-subcompacto\\\/\"},\"wordCount\":602,\"image\":{\"@id\":\"https:\\\/\\\/autofans.com.ar\\\/index.php\\\/2025\\\/03\\\/27\\\/nuevo-kia-k3-innovacion-y-seguridad-para-el-segmento-subcompacto\\\/#primaryimage\"},\"thumbnailUrl\":\"https:\\\/\\\/autofans.com.ar\\\/wp-content\\\/uploads\\\/2025\\\/03\\\/kia-6.jpg\",\"keywords\":[\"Kia Argentina\",\"Kia K3\",\"Kia K3 caracter\u00edsticas\",\"Kia K3 ficha t\u00e9cnica\",\"Kia K3 motor\",\"Kia K3 precio\",\"Kia K3 seguridad\",\"Kia K3 tecnolog\u00eda\",\"Kia K3 versiones\",\"nuevo Kia K3\"],\"articleSection\":[\"AUTOS y SUV\",\"LANZAMIENTOS\"],\"inLanguage\":\"es\"},{\"@type\":\"WebPage\",\"@id\":\"https:\\\/\\\/autofans.com.ar\\\/index.php\\\/2025\\\/03\\\/27\\\/nuevo-kia-k3-innovacion-y-seguridad-para-el-segmento-subcompacto\\\/\",\"url\":\"https:\\\/\\\/autofans.com.ar\\\/index.php\\\/2025\\\/03\\\/27\\\/nuevo-kia-k3-innovacion-y-seguridad-para-el-segmento-subcompacto\\\/\",\"name\":\"Nuevo Kia K3, innovaci\u00f3n y seguridad para el segmento subcompacto -\",\"isPartOf\":{\"@id\":\"https:\\\/\\\/autofans.com.ar\\\/#website\"},\"primaryImageOfPage\":{\"@id\":\"https:\\\/\\\/autofans.com.ar\\\/index.php\\\/2025\\\/03\\\/27\\\/nuevo-kia-k3-innovacion-y-seguridad-para-el-segmento-subcompacto\\\/#primaryimage\"},\"image\":{\"@id\":\"https:\\\/\\\/autofans.com.ar\\\/index.php\\\/2025\\\/03\\\/27\\\/nuevo-kia-k3-innovacion-y-seguridad-para-el-segmento-subcompacto\\\/#primaryimage\"},\"thumbnailUrl\":\"https:\\\/\\\/autofans.com.ar\\\/wp-content\\\/uploads\\\/2025\\\/03\\\/kia-6.jpg\",\"datePublished\":\"2025-03-27T17:48:22+00:00\",\"author\":{\"@id\":\"https:\\\/\\\/autofans.com.ar\\\/#\\\/schema\\\/person\\\/4a8dda0b6df83ac3d6723e921274c2aa\"},\"description\":\"Kia Argentina presenta el All-New K3, un modelo que redefine el segmento de los subcompactos al combinar dise\u00f1o, tecnolog\u00eda y seguridad.\",\"breadcrumb\":{\"@id\":\"https:\\\/\\\/autofans.com.ar\\\/index.php\\\/2025\\\/03\\\/27\\\/nuevo-kia-k3-innovacion-y-seguridad-para-el-segmento-subcompacto\\\/#breadcrumb\"},\"inLanguage\":\"es\",\"potentialAction\":[{\"@type\":\"ReadAction\",\"target\":[\"https:\\\/\\\/autofans.com.ar\\\/index.php\\\/2025\\\/03\\\/27\\\/nuevo-kia-k3-innovacion-y-seguridad-para-el-segmento-subcompacto\\\/\"]}]},{\"@type\":\"ImageObject\",\"inLanguage\":\"es\",\"@id\":\"https:\\\/\\\/autofans.com.ar\\\/index.php\\\/2025\\\/03\\\/27\\\/nuevo-kia-k3-innovacion-y-seguridad-para-el-segmento-subcompacto\\\/#primaryimage\",\"url\":\"https:\\\/\\\/autofans.com.ar\\\/wp-content\\\/uploads\\\/2025\\\/03\\\/kia-6.jpg\",\"contentUrl\":\"https:\\\/\\\/autofans.com.ar\\\/wp-content\\\/uploads\\\/2025\\\/03\\\/kia-6.jpg\",\"width\":1000,\"height\":667,\"caption\":\"Kia K3\"},{\"@type\":\"BreadcrumbList\",\"@id\":\"https:\\\/\\\/autofans.com.ar\\\/index.php\\\/2025\\\/03\\\/27\\\/nuevo-kia-k3-innovacion-y-seguridad-para-el-segmento-subcompacto\\\/#breadcrumb\",\"itemListElement\":[{\"@type\":\"ListItem\",\"position\":1,\"name\":\"Inicio\",\"item\":\"https:\\\/\\\/autofans.com.ar\\\/\"},{\"@type\":\"ListItem\",\"position\":2,\"name\":\"Nuevo Kia K3, innovaci\u00f3n y seguridad para el segmento subcompacto\"}]},{\"@type\":\"WebSite\",\"@id\":\"https:\\\/\\\/autofans.com.ar\\\/#website\",\"url\":\"https:\\\/\\\/autofans.com.ar\\\/\",\"name\":\"\",\"description\":\"El multimedio referente de la industria automotriz\",\"potentialAction\":[{\"@type\":\"SearchAction\",\"target\":{\"@type\":\"EntryPoint\",\"urlTemplate\":\"https:\\\/\\\/autofans.com.ar\\\/?s={search_term_string}\"},\"query-input\":{\"@type\":\"PropertyValueSpecification\",\"valueRequired\":true,\"valueName\":\"search_term_string\"}}],\"inLanguage\":\"es\"},{\"@type\":\"Person\",\"@id\":\"https:\\\/\\\/autofans.com.ar\\\/#\\\/schema\\\/person\\\/4a8dda0b6df83ac3d6723e921274c2aa\",\"name\":\"Alejandro Gabriel Rosito\",\"image\":{\"@type\":\"ImageObject\",\"inLanguage\":\"es\",\"@id\":\"https:\\\/\\\/secure.gravatar.com\\\/avatar\\\/16c5dda1489adfc62618084dcbb91cffd879c374b13fe5dd8e44ed6733852c88?s=96&d=mm&r=g\",\"url\":\"https:\\\/\\\/secure.gravatar.com\\\/avatar\\\/16c5dda1489adfc62618084dcbb91cffd879c374b13fe5dd8e44ed6733852c88?s=96&d=mm&r=g\",\"contentUrl\":\"https:\\\/\\\/secure.gravatar.com\\\/avatar\\\/16c5dda1489adfc62618084dcbb91cffd879c374b13fe5dd8e44ed6733852c88?s=96&d=mm&r=g\",\"caption\":\"Alejandro Gabriel Rosito\"},\"url\":\"https:\\\/\\\/autofans.com.ar\\\/index.php\\\/author\\\/gabrielr\\\/\"}]}<\/script>\n<!-- \/ Yoast SEO plugin. -->","yoast_head_json":{"title":"Nuevo Kia K3, innovaci\u00f3n y seguridad para el segmento subcompacto -","description":"Kia Argentina presenta el All-New K3, un modelo que redefine el segmento de los subcompactos al combinar dise\u00f1o, tecnolog\u00eda y seguridad.","robots":{"index":"index","follow":"follow","max-snippet":"max-snippet:-1","max-image-preview":"max-image-preview:large","max-video-preview":"max-video-preview:-1"},"canonical":"https:\/\/autofans.com.ar\/index.php\/2025\/03\/27\/nuevo-kia-k3-innovacion-y-seguridad-para-el-segmento-subcompacto\/","og_locale":"es_ES","og_type":"article","og_title":"Nuevo Kia K3, innovaci\u00f3n y seguridad para el segmento subcompacto -","og_description":"Kia Argentina presenta el All-New K3, un modelo que redefine el segmento de los subcompactos al combinar dise\u00f1o, tecnolog\u00eda y seguridad.","og_url":"https:\/\/autofans.com.ar\/index.php\/2025\/03\/27\/nuevo-kia-k3-innovacion-y-seguridad-para-el-segmento-subcompacto\/","article_published_time":"2025-03-27T17:48:22+00:00","og_image":[{"width":1000,"height":667,"url":"https:\/\/autofans.com.ar\/wp-content\/uploads\/2025\/03\/kia-6.jpg","type":"image\/jpeg"}],"author":"Alejandro Gabriel Rosito","twitter_card":"summary_large_image","twitter_misc":{"Escrito por":"Alejandro Gabriel Rosito","Tiempo de lectura":"4 minutos"},"schema":{"@context":"https:\/\/schema.org","@graph":[{"@type":"Article","@id":"https:\/\/autofans.com.ar\/index.php\/2025\/03\/27\/nuevo-kia-k3-innovacion-y-seguridad-para-el-segmento-subcompacto\/#article","isPartOf":{"@id":"https:\/\/autofans.com.ar\/index.php\/2025\/03\/27\/nuevo-kia-k3-innovacion-y-seguridad-para-el-segmento-subcompacto\/"},"author":{"name":"Alejandro Gabriel Rosito","@id":"https:\/\/autofans.com.ar\/#\/schema\/person\/4a8dda0b6df83ac3d6723e921274c2aa"},"headline":"Nuevo Kia K3, innovaci\u00f3n y seguridad para el segmento subcompacto","datePublished":"2025-03-27T17:48:22+00:00","mainEntityOfPage":{"@id":"https:\/\/autofans.com.ar\/index.php\/2025\/03\/27\/nuevo-kia-k3-innovacion-y-seguridad-para-el-segmento-subcompacto\/"},"wordCount":602,"image":{"@id":"https:\/\/autofans.com.ar\/index.php\/2025\/03\/27\/nuevo-kia-k3-innovacion-y-seguridad-para-el-segmento-subcompacto\/#primaryimage"},"thumbnailUrl":"https:\/\/autofans.com.ar\/wp-content\/uploads\/2025\/03\/kia-6.jpg","keywords":["Kia Argentina","Kia K3","Kia K3 caracter\u00edsticas","Kia K3 ficha t\u00e9cnica","Kia K3 motor","Kia K3 precio","Kia K3 seguridad","Kia K3 tecnolog\u00eda","Kia K3 versiones","nuevo Kia K3"],"articleSection":["AUTOS y SUV","LANZAMIENTOS"],"inLanguage":"es"},{"@type":"WebPage","@id":"https:\/\/autofans.com.ar\/index.php\/2025\/03\/27\/nuevo-kia-k3-innovacion-y-seguridad-para-el-segmento-subcompacto\/","url":"https:\/\/autofans.com.ar\/index.php\/2025\/03\/27\/nuevo-kia-k3-innovacion-y-seguridad-para-el-segmento-subcompacto\/","name":"Nuevo Kia K3, innovaci\u00f3n y seguridad para el segmento subcompacto -","isPartOf":{"@id":"https:\/\/autofans.com.ar\/#website"},"primaryImageOfPage":{"@id":"https:\/\/autofans.com.ar\/index.php\/2025\/03\/27\/nuevo-kia-k3-innovacion-y-seguridad-para-el-segmento-subcompacto\/#primaryimage"},"image":{"@id":"https:\/\/autofans.com.ar\/index.php\/2025\/03\/27\/nuevo-kia-k3-innovacion-y-seguridad-para-el-segmento-subcompacto\/#primaryimage"},"thumbnailUrl":"https:\/\/autofans.com.ar\/wp-content\/uploads\/2025\/03\/kia-6.jpg","datePublished":"2025-03-27T17:48:22+00:00","author":{"@id":"https:\/\/autofans.com.ar\/#\/schema\/person\/4a8dda0b6df83ac3d6723e921274c2aa"},"description":"Kia Argentina presenta el All-New K3, un modelo que redefine el segmento de los subcompactos al combinar dise\u00f1o, tecnolog\u00eda y seguridad.","breadcrumb":{"@id":"https:\/\/autofans.com.ar\/index.php\/2025\/03\/27\/nuevo-kia-k3-innovacion-y-seguridad-para-el-segmento-subcompacto\/#breadcrumb"},"inLanguage":"es","potentialAction":[{"@type":"ReadAction","target":["https:\/\/autofans.com.ar\/index.php\/2025\/03\/27\/nuevo-kia-k3-innovacion-y-seguridad-para-el-segmento-subcompacto\/"]}]},{"@type":"ImageObject","inLanguage":"es","@id":"https:\/\/autofans.com.ar\/index.php\/2025\/03\/27\/nuevo-kia-k3-innovacion-y-seguridad-para-el-segmento-subcompacto\/#primaryimage","url":"https:\/\/autofans.com.ar\/wp-content\/uploads\/2025\/03\/kia-6.jpg","contentUrl":"https:\/\/autofans.com.ar\/wp-content\/uploads\/2025\/03\/kia-6.jpg","width":1000,"height":667,"caption":"Kia K3"},{"@type":"BreadcrumbList","@id":"https:\/\/autofans.com.ar\/index.php\/2025\/03\/27\/nuevo-kia-k3-innovacion-y-seguridad-para-el-segmento-subcompacto\/#breadcrumb","itemListElement":[{"@type":"ListItem","position":1,"name":"Inicio","item":"https:\/\/autofans.com.ar\/"},{"@type":"ListItem","position":2,"name":"Nuevo Kia K3, innovaci\u00f3n y seguridad para el segmento subcompacto"}]},{"@type":"WebSite","@id":"https:\/\/autofans.com.ar\/#website","url":"https:\/\/autofans.com.ar\/","name":"","description":"El multimedio referente de la industria automotriz","potentialAction":[{"@type":"SearchAction","target":{"@type":"EntryPoint","urlTemplate":"https:\/\/autofans.com.ar\/?s={search_term_string}"},"query-input":{"@type":"PropertyValueSpecification","valueRequired":true,"valueName":"search_term_string"}}],"inLanguage":"es"},{"@type":"Person","@id":"https:\/\/autofans.com.ar\/#\/schema\/person\/4a8dda0b6df83ac3d6723e921274c2aa","name":"Alejandro Gabriel Rosito","image":{"@type":"ImageObject","inLanguage":"es","@id":"https:\/\/secure.gravatar.com\/avatar\/16c5dda1489adfc62618084dcbb91cffd879c374b13fe5dd8e44ed6733852c88?s=96&d=mm&r=g","url":"https:\/\/secure.gravatar.com\/avatar\/16c5dda1489adfc62618084dcbb91cffd879c374b13fe5dd8e44ed6733852c88?s=96&d=mm&r=g","contentUrl":"https:\/\/secure.gravatar.com\/avatar\/16c5dda1489adfc62618084dcbb91cffd879c374b13fe5dd8e44ed6733852c88?s=96&d=mm&r=g","caption":"Alejandro Gabriel Rosito"},"url":"https:\/\/autofans.com.ar\/index.php\/author\/gabrielr\/"}]}},"featured_image_urls":{"full":["https:\/\/autofans.com.ar\/wp-content\/uploads\/2025\/03\/kia-6.jpg",1000,667,false],"thumbnail":["https:\/\/autofans.com.ar\/wp-content\/uploads\/2025\/03\/kia-6-150x150.jpg",150,150,true],"medium":["https:\/\/autofans.com.ar\/wp-content\/uploads\/2025\/03\/kia-6-300x200.jpg",300,200,true],"medium_large":["https:\/\/autofans.com.ar\/wp-content\/uploads\/2025\/03\/kia-6-768x512.jpg",640,427,true],"large":["https:\/\/autofans.com.ar\/wp-content\/uploads\/2025\/03\/kia-6.jpg",640,427,false],"1536x1536":["https:\/\/autofans.com.ar\/wp-content\/uploads\/2025\/03\/kia-6.jpg",1000,667,false],"2048x2048":["https:\/\/autofans.com.ar\/wp-content\/uploads\/2025\/03\/kia-6.jpg",1000,667,false],"covernews-featured":["https:\/\/autofans.com.ar\/wp-content\/uploads\/2025\/03\/kia-6.jpg",1000,667,false],"covernews-medium":["https:\/\/autofans.com.ar\/wp-content\/uploads\/2025\/03\/kia-6-540x340.jpg",540,340,true]},"author_info":{"display_name":"Alejandro Gabriel Rosito","author_link":"https:\/\/autofans.com.ar\/index.php\/author\/gabrielr\/"},"category_info":"<a href=\"https:\/\/autofans.com.ar\/index.php\/category\/noticias\/autos\/\" rel=\"category tag\">AUTOS y SUV<\/a> <a href=\"https:\/\/autofans.com.ar\/index.php\/category\/lanzamientos\/\" rel=\"category tag\">LANZAMIENTOS<\/a>","tag_info":"LANZAMIENTOS","comment_count":0,"_links":{"self":[{"href":"https:\/\/autofans.com.ar\/index.php\/wp-json\/wp\/v2\/posts\/11707","targetHints":{"allow":["GET"]}}],"collection":[{"href":"https:\/\/autofans.com.ar\/index.php\/wp-json\/wp\/v2\/posts"}],"about":[{"href":"https:\/\/autofans.com.ar\/index.php\/wp-json\/wp\/v2\/types\/post"}],"author":[{"embeddable":true,"href":"https:\/\/autofans.com.ar\/index.php\/wp-json\/wp\/v2\/users\/2"}],"replies":[{"embeddable":true,"href":"https:\/\/autofans.com.ar\/index.php\/wp-json\/wp\/v2\/comments?post=11707"}],"version-history":[{"count":2,"href":"https:\/\/autofans.com.ar\/index.php\/wp-json\/wp\/v2\/posts\/11707\/revisions"}],"predecessor-version":[{"id":11720,"href":"https:\/\/autofans.com.ar\/index.php\/wp-json\/wp\/v2\/posts\/11707\/revisions\/11720"}],"wp:featuredmedia":[{"embeddable":true,"href":"https:\/\/autofans.com.ar\/index.php\/wp-json\/wp\/v2\/media\/11709"}],"wp:attachment":[{"href":"https:\/\/autofans.com.ar\/index.php\/wp-json\/wp\/v2\/media?parent=11707"}],"wp:term":[{"taxonomy":"category","embeddable":true,"href":"https:\/\/autofans.com.ar\/index.php\/wp-json\/wp\/v2\/categories?post=11707"},{"taxonomy":"post_tag","embeddable":true,"href":"https:\/\/autofans.com.ar\/index.php\/wp-json\/wp\/v2\/tags?post=11707"}],"curies":[{"name":"wp","href":"https:\/\/api.w.org\/{rel}","templated":true}]}}