{"id":11722,"date":"2025-03-27T16:59:49","date_gmt":"2025-03-27T19:59:49","guid":{"rendered":"https:\/\/autofans.com.ar\/?p=11722"},"modified":"2025-03-27T16:59:49","modified_gmt":"2025-03-27T19:59:49","slug":"ducati-arrasa-en-termas-con-marquez-como-protagonista","status":"publish","type":"post","link":"https:\/\/autofans.com.ar\/index.php\/2025\/03\/27\/ducati-arrasa-en-termas-con-marquez-como-protagonista\/","title":{"rendered":"Ducati arrasa en Termas con M\u00e1rquez como protagonista"},"content":{"rendered":"<p data-pm-slice=\"1 1 []\">El MotoGP en el aut\u00f3dromo de Termas de R\u00edo Hondo fue escenario de un despliegue impresionante por parte de Ducati. Con m\u00e1s de 150 motociclistas ingresando al Parking Exclusivo de la marca y una multitud de 100.000 espectadores en el Fan Zone, la presencia de Ducati Argentina y Shell Advance fue un gran atractivo durante todo el evento.<\/p>\n<p data-pm-slice=\"1 1 []\"><span style=\"color: #ffffff;\">.<\/span><\/p>\n<h2>Una previa con historia<\/h2>\n<p>&nbsp;<\/p>\n<p><img fetchpriority=\"high\" decoding=\"async\" class=\"aligncenter wp-image-11726 size-full\" src=\"https:\/\/autofans.com.ar\/wp-content\/uploads\/2025\/03\/ducati-4.jpg\" alt=\"Ducati\" width=\"1000\" height=\"667\" srcset=\"https:\/\/autofans.com.ar\/wp-content\/uploads\/2025\/03\/ducati-4.jpg 1000w, https:\/\/autofans.com.ar\/wp-content\/uploads\/2025\/03\/ducati-4-300x200.jpg 300w, https:\/\/autofans.com.ar\/wp-content\/uploads\/2025\/03\/ducati-4-768x512.jpg 768w\" sizes=\"(max-width: 1000px) 100vw, 1000px\" \/><\/p>\n<p>&nbsp;<\/p>\n<p>Antes de su destacada actuaci\u00f3n en la pista, Marc M\u00e1rquez visit\u00f3 el Audi Lounge en Buenos Aires. En una conferencia de prensa organizada por Ducati Argentina, el piloto espa\u00f1ol anticip\u00f3 lo que ser\u00eda un fin de semana inolvidable. Y cumpli\u00f3: se convirti\u00f3 en el primer protagonista de la era &#8216;sprint&#8217; en lograr la pole y ganar tanto la carrera corta del s\u00e1bado como el Gran Premio del domingo en las dos primeras fechas del campeonato. Adem\u00e1s, se transform\u00f3 en el primer piloto Ducati en alcanzar este hito.<\/p>\n<p>&nbsp;<\/p>\n<blockquote>\n<p style=\"text-align: center;\">Marc M\u00e1rquez (#93 Ducati Lenovo Team) \u2013 SprintRace &gt; P1 \/\/ GPRace &gt; P1<span class=\"Apple-converted-space\">\u00a0<\/span><\/p>\n<p style=\"text-align: center;\">\u00abEl ritmo de carrera fue muy alto y sobre el final tuve que tomar algunos riesgos. Alex me oblig\u00f3 a esforzarme demasiado y, tras los tiempos que registramos en esos \u00faltimos giros, hicimos una gran diferencia con el resto. No fue f\u00e1cil superarlo, por lo que la \u00fanica chance posible era en la frenada de la curva 5. Lo intent\u00e9 una vez pero me fui largo. Despu\u00e9s, al acercarme un poco m\u00e1s, logr\u00e9 aventajarlo. Estoy feliz por el equipo, que hizo un trabajo incre\u00edble. La respuesta de la moto no era tan segura como en Buriram, aqu\u00ed estaba un poco m\u00e1s nerviosa, pero finalmente logramos la competitividad necesaria. No veo la hora de que llegue la pr\u00f3xima cita en Austin para vivir otro gran fin de semana\u00bb.<span class=\"Apple-converted-space\">\u00a0<\/span><\/p>\n<\/blockquote>\n<p>&nbsp;<\/p>\n<h2>La pasi\u00f3n Ducatista en Argentina<\/h2>\n<p>Cada a\u00f1o, la comunidad de Ducati en Argentina crece y sus seguidores recorren largas distancias para vivir el MotoGP en primera persona. Ducati Argentina y Shell Advance ofrecieron nuevamente un parking exclusivo en ubicaci\u00f3n preferencial, donde se reunieron m\u00e1s de 150 motociclistas de distintos puntos del pa\u00eds y de naciones lim\u00edtrofes.<\/p>\n<p>&nbsp;<\/p>\n<p><img decoding=\"async\" class=\"aligncenter wp-image-11724 size-full\" src=\"https:\/\/autofans.com.ar\/wp-content\/uploads\/2025\/03\/ducati-6.jpg\" alt=\"Ducati\" width=\"1000\" height=\"667\" srcset=\"https:\/\/autofans.com.ar\/wp-content\/uploads\/2025\/03\/ducati-6.jpg 1000w, https:\/\/autofans.com.ar\/wp-content\/uploads\/2025\/03\/ducati-6-300x200.jpg 300w, https:\/\/autofans.com.ar\/wp-content\/uploads\/2025\/03\/ducati-6-768x512.jpg 768w\" sizes=\"(max-width: 1000px) 100vw, 1000px\" \/><\/p>\n<p>&nbsp;<\/p>\n<p>En el Fan Zone, Ducati exhibi\u00f3 sus modelos Panigale V4 S y Multistrada V4, mientras los visitantes disfrutaban de actividades interactivas con premios exclusivos. La Sprint Race del s\u00e1bado fue uno de los momentos m\u00e1s esperados, con Marc M\u00e1rquez logrando la pole y liderando las 13 vueltas, escoltado por \u00c1lex M\u00e1rquez y Francesco Bagnaia.<\/p>\n<p>&nbsp;<\/p>\n<blockquote>\n<p style=\"text-align: center;\">Luigi Dall\u2019Igna (Director General de Ducati Corse)<span class=\"Apple-converted-space\">\u00a0<\/span><\/p>\n<p style=\"text-align: center;\">\u201dTermas de R\u00edo Hondo es un circuito en donde siempre tuvimos pocos resultados; por lo tanto, culminar con cinco motos Ducati en el Top5 es un logro importante, m\u00e1s si un representante de cada escuadra pudo subir al podio. Eso es una buena se\u00f1al. Marc realiz\u00f3 una vez m\u00e1s un fin de semana perfecto y hay poco que decir para describir su performance, los resultados hablan por s\u00ed solos. Lamentablemente \u2018Pecco\u2019 tuvo algunas dificultades, pero ya estamos trabajando para solucionarlas. Es un piloto muy capaz, y se brinda todo por el todo para obtener el mejor resultado posible; por lo que estoy seguro que r\u00e1pidamente volver\u00e1 al nivel de competitividad con el que obtuvo sus dos t\u00edtulos mundiales\u201d. <span class=\"Apple-converted-space\">\u00a0 \u00a0<\/span><\/p>\n<\/blockquote>\n<p>&nbsp;<\/p>\n<h2>Ducati lidera las clasificaciones<\/h2>\n<p>Concluido el segundo Gran Premio de la temporada 2025, Marc M\u00e1rquez encabeza la tabla con 74 puntos, seguido por \u00c1lex M\u00e1rquez a 16 unidades y Bagnaia en tercer lugar con 31 puntos. En la clasificaci\u00f3n por equipos, el Ducati Lenovo Team lidera con 117 puntos, mientras que la marca se posiciona primera en la tabla de constructores con 74 unidades.<\/p>\n<p>&nbsp;<\/p>\n<div id='gallery-1' class='gallery galleryid-11722 gallery-columns-3 gallery-size-full'><figure class='gallery-item'>\n\t\t\t<div class='gallery-icon landscape'>\n\t\t\t\t<a href='https:\/\/autofans.com.ar\/index.php\/2025\/03\/27\/ducati-arrasa-en-termas-con-marquez-como-protagonista\/ducati-1-10\/'><img loading=\"lazy\" width=\"1000\" height=\"667\" src=\"https:\/\/autofans.com.ar\/wp-content\/uploads\/2025\/03\/ducati-1.jpg\" class=\"attachment-full size-full\" alt=\"Ducati\" srcset=\"https:\/\/autofans.com.ar\/wp-content\/uploads\/2025\/03\/ducati-1.jpg 1000w, https:\/\/autofans.com.ar\/wp-content\/uploads\/2025\/03\/ducati-1-300x200.jpg 300w, https:\/\/autofans.com.ar\/wp-content\/uploads\/2025\/03\/ducati-1-768x512.jpg 768w\" sizes=\"auto, (max-width: 1000px) 100vw, 1000px\" loading=\"lazy\" decoding=\"async\" \/><\/a>\n\t\t\t<\/div><\/figure><figure class='gallery-item'>\n\t\t\t<div class='gallery-icon landscape'>\n\t\t\t\t<a href='https:\/\/autofans.com.ar\/index.php\/2025\/03\/27\/ducati-arrasa-en-termas-con-marquez-como-protagonista\/ducati-3-7\/'><img loading=\"lazy\" width=\"1000\" height=\"667\" src=\"https:\/\/autofans.com.ar\/wp-content\/uploads\/2025\/03\/ducati-3.jpg\" class=\"attachment-full size-full\" alt=\"Ducati\" srcset=\"https:\/\/autofans.com.ar\/wp-content\/uploads\/2025\/03\/ducati-3.jpg 1000w, https:\/\/autofans.com.ar\/wp-content\/uploads\/2025\/03\/ducati-3-300x200.jpg 300w, https:\/\/autofans.com.ar\/wp-content\/uploads\/2025\/03\/ducati-3-768x512.jpg 768w\" sizes=\"auto, (max-width: 1000px) 100vw, 1000px\" loading=\"lazy\" decoding=\"async\" \/><\/a>\n\t\t\t<\/div><\/figure><figure class='gallery-item'>\n\t\t\t<div class='gallery-icon landscape'>\n\t\t\t\t<a href='https:\/\/autofans.com.ar\/index.php\/2025\/03\/27\/ducati-arrasa-en-termas-con-marquez-como-protagonista\/ducati-5-4\/'><img loading=\"lazy\" width=\"1000\" height=\"667\" src=\"https:\/\/autofans.com.ar\/wp-content\/uploads\/2025\/03\/ducati-5.jpg\" class=\"attachment-full size-full\" alt=\"Ducati\" srcset=\"https:\/\/autofans.com.ar\/wp-content\/uploads\/2025\/03\/ducati-5.jpg 1000w, https:\/\/autofans.com.ar\/wp-content\/uploads\/2025\/03\/ducati-5-300x200.jpg 300w, https:\/\/autofans.com.ar\/wp-content\/uploads\/2025\/03\/ducati-5-768x512.jpg 768w\" sizes=\"auto, (max-width: 1000px) 100vw, 1000px\" loading=\"lazy\" decoding=\"async\" \/><\/a>\n\t\t\t<\/div><\/figure>\n\t\t<\/div>\n\n<p>&nbsp;<\/p>\n<p>El pr\u00f3ximo desaf\u00edo de Ducati ser\u00e1 el Gran Premio de las Am\u00e9ricas, que se disputar\u00e1 del 28 al 30 de marzo en Austin, Texas. Para m\u00e1s novedades, segu\u00ed la cuenta oficial de Instagram @ducatiargentina.<\/p>\n<p>&nbsp;<\/p>\n<p>&nbsp;<\/p>\n<p>&nbsp;<\/p>\n<p><i>Para enterarte de m\u00e1s novedades, no dejes de leer\u00a0<\/i><a href=\"https:\/\/autofans.thebrandsoup.com\/\"><i>nuestras notas<\/i><\/a><i>, de ver<\/i><b><i>\u00a0<\/i><\/b><a href=\"https:\/\/www.youtube.com\/channel\/UCgAC8UGHZYbT6P7PpmVnP7g\"><b><i>AUTOFANS TV<\/i><\/b><\/a><b><i>\u00a0<\/i><\/b><i>en nuestro\u00a0canal de Youtube. Adem\u00e1s seguinos en\u00a0<\/i><a href=\"https:\/\/www.instagram.com\/autofanstv\/\"><i>INSTAGRAM<\/i><\/a><i> y <\/i><a href=\"https:\/\/www.facebook.com\/autofansmas\/\"><i>FACEBOOK<\/i><\/a><i> para no perderte nada sobre las novedades del segmento automotor de Argentina y el mundo.<\/i><\/p>\n","protected":false},"excerpt":{"rendered":"<p>El MotoGP en el aut\u00f3dromo de Termas de R\u00edo Hondo fue escenario de un despliegue&#8230;<\/p>\n","protected":false},"author":2,"featured_media":11728,"comment_status":"closed","ping_status":"closed","sticky":false,"template":"","format":"standard","meta":{"footnotes":""},"categories":[127,16],"tags":[54,4049,6391,6388,6268,1401,6390,6389,1255,530],"class_list":["post-11722","post","type-post","status-publish","format-standard","has-post-thumbnail","hentry","category-deporte","category-noticias","tag-ducati-argentina","tag-ducati-lenovo-team","tag-gran-premio-de-las-americas","tag-marc-marquez-ducati","tag-motogp-2025","tag-multistrada-v4","tag-panigale-v4-s","tag-shell-advance","tag-sprint-race","tag-termas-de-rio-hondo"],"yoast_head":"<!-- This site is optimized with the Yoast SEO plugin v27.5 - https:\/\/yoast.com\/product\/yoast-seo-wordpress\/ -->\n<title>Ducati arrasa en Termas con M\u00e1rquez como protagonista -<\/title>\n<meta name=\"description\" content=\"El MotoGP en el aut\u00f3dromo de Termas de R\u00edo Hondo fue escenario de un despliegue impresionante por parte de Ducati...\" \/>\n<meta name=\"robots\" content=\"index, follow, max-snippet:-1, max-image-preview:large, max-video-preview:-1\" \/>\n<link rel=\"canonical\" href=\"https:\/\/autofans.com.ar\/index.php\/2025\/03\/27\/ducati-arrasa-en-termas-con-marquez-como-protagonista\/\" \/>\n<meta property=\"og:locale\" content=\"es_ES\" \/>\n<meta property=\"og:type\" content=\"article\" \/>\n<meta property=\"og:title\" content=\"Ducati arrasa en Termas con M\u00e1rquez como protagonista -\" \/>\n<meta property=\"og:description\" content=\"El MotoGP en el aut\u00f3dromo de Termas de R\u00edo Hondo fue escenario de un despliegue impresionante por parte de Ducati...\" \/>\n<meta property=\"og:url\" content=\"https:\/\/autofans.com.ar\/index.php\/2025\/03\/27\/ducati-arrasa-en-termas-con-marquez-como-protagonista\/\" \/>\n<meta property=\"article:published_time\" content=\"2025-03-27T19:59:49+00:00\" \/>\n<meta property=\"og:image\" content=\"https:\/\/autofans.com.ar\/wp-content\/uploads\/2025\/03\/ducati-2.jpg\" \/>\n\t<meta property=\"og:image:width\" content=\"1000\" \/>\n\t<meta property=\"og:image:height\" content=\"667\" \/>\n\t<meta property=\"og:image:type\" content=\"image\/jpeg\" \/>\n<meta name=\"author\" content=\"Alejandro Gabriel Rosito\" \/>\n<meta name=\"twitter:card\" content=\"summary_large_image\" \/>\n<meta name=\"twitter:label1\" content=\"Escrito por\" \/>\n\t<meta name=\"twitter:data1\" content=\"Alejandro Gabriel Rosito\" \/>\n\t<meta name=\"twitter:label2\" content=\"Tiempo de lectura\" \/>\n\t<meta name=\"twitter:data2\" content=\"3 minutos\" \/>\n<script type=\"application\/ld+json\" class=\"yoast-schema-graph\">{\"@context\":\"https:\\\/\\\/schema.org\",\"@graph\":[{\"@type\":\"Article\",\"@id\":\"https:\\\/\\\/autofans.com.ar\\\/index.php\\\/2025\\\/03\\\/27\\\/ducati-arrasa-en-termas-con-marquez-como-protagonista\\\/#article\",\"isPartOf\":{\"@id\":\"https:\\\/\\\/autofans.com.ar\\\/index.php\\\/2025\\\/03\\\/27\\\/ducati-arrasa-en-termas-con-marquez-como-protagonista\\\/\"},\"author\":{\"name\":\"Alejandro Gabriel Rosito\",\"@id\":\"https:\\\/\\\/autofans.com.ar\\\/#\\\/schema\\\/person\\\/4a8dda0b6df83ac3d6723e921274c2aa\"},\"headline\":\"Ducati arrasa en Termas con M\u00e1rquez como protagonista\",\"datePublished\":\"2025-03-27T19:59:49+00:00\",\"mainEntityOfPage\":{\"@id\":\"https:\\\/\\\/autofans.com.ar\\\/index.php\\\/2025\\\/03\\\/27\\\/ducati-arrasa-en-termas-con-marquez-como-protagonista\\\/\"},\"wordCount\":716,\"image\":{\"@id\":\"https:\\\/\\\/autofans.com.ar\\\/index.php\\\/2025\\\/03\\\/27\\\/ducati-arrasa-en-termas-con-marquez-como-protagonista\\\/#primaryimage\"},\"thumbnailUrl\":\"https:\\\/\\\/autofans.com.ar\\\/wp-content\\\/uploads\\\/2025\\\/03\\\/ducati-2.jpg\",\"keywords\":[\"Ducati Argentina\",\"Ducati Lenovo Team\",\"Gran Premio de las Am\u00e9ricas\",\"Marc M\u00e1rquez Ducati\",\"MotoGP 2025\",\"Multistrada V4\",\"Panigale V4 S\",\"Shell Advance\",\"Sprint Race\",\"Termas de R\u00edo Hondo\"],\"articleSection\":[\"DEPORTE MOTOR\",\"NOTICIAS\"],\"inLanguage\":\"es\"},{\"@type\":\"WebPage\",\"@id\":\"https:\\\/\\\/autofans.com.ar\\\/index.php\\\/2025\\\/03\\\/27\\\/ducati-arrasa-en-termas-con-marquez-como-protagonista\\\/\",\"url\":\"https:\\\/\\\/autofans.com.ar\\\/index.php\\\/2025\\\/03\\\/27\\\/ducati-arrasa-en-termas-con-marquez-como-protagonista\\\/\",\"name\":\"Ducati arrasa en Termas con M\u00e1rquez como protagonista -\",\"isPartOf\":{\"@id\":\"https:\\\/\\\/autofans.com.ar\\\/#website\"},\"primaryImageOfPage\":{\"@id\":\"https:\\\/\\\/autofans.com.ar\\\/index.php\\\/2025\\\/03\\\/27\\\/ducati-arrasa-en-termas-con-marquez-como-protagonista\\\/#primaryimage\"},\"image\":{\"@id\":\"https:\\\/\\\/autofans.com.ar\\\/index.php\\\/2025\\\/03\\\/27\\\/ducati-arrasa-en-termas-con-marquez-como-protagonista\\\/#primaryimage\"},\"thumbnailUrl\":\"https:\\\/\\\/autofans.com.ar\\\/wp-content\\\/uploads\\\/2025\\\/03\\\/ducati-2.jpg\",\"datePublished\":\"2025-03-27T19:59:49+00:00\",\"author\":{\"@id\":\"https:\\\/\\\/autofans.com.ar\\\/#\\\/schema\\\/person\\\/4a8dda0b6df83ac3d6723e921274c2aa\"},\"description\":\"El MotoGP en el aut\u00f3dromo de Termas de R\u00edo Hondo fue escenario de un despliegue impresionante por parte de Ducati...\",\"breadcrumb\":{\"@id\":\"https:\\\/\\\/autofans.com.ar\\\/index.php\\\/2025\\\/03\\\/27\\\/ducati-arrasa-en-termas-con-marquez-como-protagonista\\\/#breadcrumb\"},\"inLanguage\":\"es\",\"potentialAction\":[{\"@type\":\"ReadAction\",\"target\":[\"https:\\\/\\\/autofans.com.ar\\\/index.php\\\/2025\\\/03\\\/27\\\/ducati-arrasa-en-termas-con-marquez-como-protagonista\\\/\"]}]},{\"@type\":\"ImageObject\",\"inLanguage\":\"es\",\"@id\":\"https:\\\/\\\/autofans.com.ar\\\/index.php\\\/2025\\\/03\\\/27\\\/ducati-arrasa-en-termas-con-marquez-como-protagonista\\\/#primaryimage\",\"url\":\"https:\\\/\\\/autofans.com.ar\\\/wp-content\\\/uploads\\\/2025\\\/03\\\/ducati-2.jpg\",\"contentUrl\":\"https:\\\/\\\/autofans.com.ar\\\/wp-content\\\/uploads\\\/2025\\\/03\\\/ducati-2.jpg\",\"width\":1000,\"height\":667,\"caption\":\"Ducati\"},{\"@type\":\"BreadcrumbList\",\"@id\":\"https:\\\/\\\/autofans.com.ar\\\/index.php\\\/2025\\\/03\\\/27\\\/ducati-arrasa-en-termas-con-marquez-como-protagonista\\\/#breadcrumb\",\"itemListElement\":[{\"@type\":\"ListItem\",\"position\":1,\"name\":\"Inicio\",\"item\":\"https:\\\/\\\/autofans.com.ar\\\/\"},{\"@type\":\"ListItem\",\"position\":2,\"name\":\"Ducati arrasa en Termas con M\u00e1rquez como protagonista\"}]},{\"@type\":\"WebSite\",\"@id\":\"https:\\\/\\\/autofans.com.ar\\\/#website\",\"url\":\"https:\\\/\\\/autofans.com.ar\\\/\",\"name\":\"\",\"description\":\"El multimedio referente de la industria automotriz\",\"potentialAction\":[{\"@type\":\"SearchAction\",\"target\":{\"@type\":\"EntryPoint\",\"urlTemplate\":\"https:\\\/\\\/autofans.com.ar\\\/?s={search_term_string}\"},\"query-input\":{\"@type\":\"PropertyValueSpecification\",\"valueRequired\":true,\"valueName\":\"search_term_string\"}}],\"inLanguage\":\"es\"},{\"@type\":\"Person\",\"@id\":\"https:\\\/\\\/autofans.com.ar\\\/#\\\/schema\\\/person\\\/4a8dda0b6df83ac3d6723e921274c2aa\",\"name\":\"Alejandro Gabriel Rosito\",\"image\":{\"@type\":\"ImageObject\",\"inLanguage\":\"es\",\"@id\":\"https:\\\/\\\/secure.gravatar.com\\\/avatar\\\/16c5dda1489adfc62618084dcbb91cffd879c374b13fe5dd8e44ed6733852c88?s=96&d=mm&r=g\",\"url\":\"https:\\\/\\\/secure.gravatar.com\\\/avatar\\\/16c5dda1489adfc62618084dcbb91cffd879c374b13fe5dd8e44ed6733852c88?s=96&d=mm&r=g\",\"contentUrl\":\"https:\\\/\\\/secure.gravatar.com\\\/avatar\\\/16c5dda1489adfc62618084dcbb91cffd879c374b13fe5dd8e44ed6733852c88?s=96&d=mm&r=g\",\"caption\":\"Alejandro Gabriel Rosito\"},\"url\":\"https:\\\/\\\/autofans.com.ar\\\/index.php\\\/author\\\/gabrielr\\\/\"}]}<\/script>\n<!-- \/ Yoast SEO plugin. -->","yoast_head_json":{"title":"Ducati arrasa en Termas con M\u00e1rquez como protagonista -","description":"El MotoGP en el aut\u00f3dromo de Termas de R\u00edo Hondo fue escenario de un despliegue impresionante por parte de Ducati...","robots":{"index":"index","follow":"follow","max-snippet":"max-snippet:-1","max-image-preview":"max-image-preview:large","max-video-preview":"max-video-preview:-1"},"canonical":"https:\/\/autofans.com.ar\/index.php\/2025\/03\/27\/ducati-arrasa-en-termas-con-marquez-como-protagonista\/","og_locale":"es_ES","og_type":"article","og_title":"Ducati arrasa en Termas con M\u00e1rquez como protagonista -","og_description":"El MotoGP en el aut\u00f3dromo de Termas de R\u00edo Hondo fue escenario de un despliegue impresionante por parte de Ducati...","og_url":"https:\/\/autofans.com.ar\/index.php\/2025\/03\/27\/ducati-arrasa-en-termas-con-marquez-como-protagonista\/","article_published_time":"2025-03-27T19:59:49+00:00","og_image":[{"width":1000,"height":667,"url":"https:\/\/autofans.com.ar\/wp-content\/uploads\/2025\/03\/ducati-2.jpg","type":"image\/jpeg"}],"author":"Alejandro Gabriel Rosito","twitter_card":"summary_large_image","twitter_misc":{"Escrito por":"Alejandro Gabriel Rosito","Tiempo de lectura":"3 minutos"},"schema":{"@context":"https:\/\/schema.org","@graph":[{"@type":"Article","@id":"https:\/\/autofans.com.ar\/index.php\/2025\/03\/27\/ducati-arrasa-en-termas-con-marquez-como-protagonista\/#article","isPartOf":{"@id":"https:\/\/autofans.com.ar\/index.php\/2025\/03\/27\/ducati-arrasa-en-termas-con-marquez-como-protagonista\/"},"author":{"name":"Alejandro Gabriel Rosito","@id":"https:\/\/autofans.com.ar\/#\/schema\/person\/4a8dda0b6df83ac3d6723e921274c2aa"},"headline":"Ducati arrasa en Termas con M\u00e1rquez como protagonista","datePublished":"2025-03-27T19:59:49+00:00","mainEntityOfPage":{"@id":"https:\/\/autofans.com.ar\/index.php\/2025\/03\/27\/ducati-arrasa-en-termas-con-marquez-como-protagonista\/"},"wordCount":716,"image":{"@id":"https:\/\/autofans.com.ar\/index.php\/2025\/03\/27\/ducati-arrasa-en-termas-con-marquez-como-protagonista\/#primaryimage"},"thumbnailUrl":"https:\/\/autofans.com.ar\/wp-content\/uploads\/2025\/03\/ducati-2.jpg","keywords":["Ducati Argentina","Ducati Lenovo Team","Gran Premio de las Am\u00e9ricas","Marc M\u00e1rquez Ducati","MotoGP 2025","Multistrada V4","Panigale V4 S","Shell Advance","Sprint Race","Termas de R\u00edo Hondo"],"articleSection":["DEPORTE MOTOR","NOTICIAS"],"inLanguage":"es"},{"@type":"WebPage","@id":"https:\/\/autofans.com.ar\/index.php\/2025\/03\/27\/ducati-arrasa-en-termas-con-marquez-como-protagonista\/","url":"https:\/\/autofans.com.ar\/index.php\/2025\/03\/27\/ducati-arrasa-en-termas-con-marquez-como-protagonista\/","name":"Ducati arrasa en Termas con M\u00e1rquez como protagonista -","isPartOf":{"@id":"https:\/\/autofans.com.ar\/#website"},"primaryImageOfPage":{"@id":"https:\/\/autofans.com.ar\/index.php\/2025\/03\/27\/ducati-arrasa-en-termas-con-marquez-como-protagonista\/#primaryimage"},"image":{"@id":"https:\/\/autofans.com.ar\/index.php\/2025\/03\/27\/ducati-arrasa-en-termas-con-marquez-como-protagonista\/#primaryimage"},"thumbnailUrl":"https:\/\/autofans.com.ar\/wp-content\/uploads\/2025\/03\/ducati-2.jpg","datePublished":"2025-03-27T19:59:49+00:00","author":{"@id":"https:\/\/autofans.com.ar\/#\/schema\/person\/4a8dda0b6df83ac3d6723e921274c2aa"},"description":"El MotoGP en el aut\u00f3dromo de Termas de R\u00edo Hondo fue escenario de un despliegue impresionante por parte de Ducati...","breadcrumb":{"@id":"https:\/\/autofans.com.ar\/index.php\/2025\/03\/27\/ducati-arrasa-en-termas-con-marquez-como-protagonista\/#breadcrumb"},"inLanguage":"es","potentialAction":[{"@type":"ReadAction","target":["https:\/\/autofans.com.ar\/index.php\/2025\/03\/27\/ducati-arrasa-en-termas-con-marquez-como-protagonista\/"]}]},{"@type":"ImageObject","inLanguage":"es","@id":"https:\/\/autofans.com.ar\/index.php\/2025\/03\/27\/ducati-arrasa-en-termas-con-marquez-como-protagonista\/#primaryimage","url":"https:\/\/autofans.com.ar\/wp-content\/uploads\/2025\/03\/ducati-2.jpg","contentUrl":"https:\/\/autofans.com.ar\/wp-content\/uploads\/2025\/03\/ducati-2.jpg","width":1000,"height":667,"caption":"Ducati"},{"@type":"BreadcrumbList","@id":"https:\/\/autofans.com.ar\/index.php\/2025\/03\/27\/ducati-arrasa-en-termas-con-marquez-como-protagonista\/#breadcrumb","itemListElement":[{"@type":"ListItem","position":1,"name":"Inicio","item":"https:\/\/autofans.com.ar\/"},{"@type":"ListItem","position":2,"name":"Ducati arrasa en Termas con M\u00e1rquez como protagonista"}]},{"@type":"WebSite","@id":"https:\/\/autofans.com.ar\/#website","url":"https:\/\/autofans.com.ar\/","name":"","description":"El multimedio referente de la industria automotriz","potentialAction":[{"@type":"SearchAction","target":{"@type":"EntryPoint","urlTemplate":"https:\/\/autofans.com.ar\/?s={search_term_string}"},"query-input":{"@type":"PropertyValueSpecification","valueRequired":true,"valueName":"search_term_string"}}],"inLanguage":"es"},{"@type":"Person","@id":"https:\/\/autofans.com.ar\/#\/schema\/person\/4a8dda0b6df83ac3d6723e921274c2aa","name":"Alejandro Gabriel Rosito","image":{"@type":"ImageObject","inLanguage":"es","@id":"https:\/\/secure.gravatar.com\/avatar\/16c5dda1489adfc62618084dcbb91cffd879c374b13fe5dd8e44ed6733852c88?s=96&d=mm&r=g","url":"https:\/\/secure.gravatar.com\/avatar\/16c5dda1489adfc62618084dcbb91cffd879c374b13fe5dd8e44ed6733852c88?s=96&d=mm&r=g","contentUrl":"https:\/\/secure.gravatar.com\/avatar\/16c5dda1489adfc62618084dcbb91cffd879c374b13fe5dd8e44ed6733852c88?s=96&d=mm&r=g","caption":"Alejandro Gabriel Rosito"},"url":"https:\/\/autofans.com.ar\/index.php\/author\/gabrielr\/"}]}},"featured_image_urls":{"full":["https:\/\/autofans.com.ar\/wp-content\/uploads\/2025\/03\/ducati-2.jpg",1000,667,false],"thumbnail":["https:\/\/autofans.com.ar\/wp-content\/uploads\/2025\/03\/ducati-2-150x150.jpg",150,150,true],"medium":["https:\/\/autofans.com.ar\/wp-content\/uploads\/2025\/03\/ducati-2-300x200.jpg",300,200,true],"medium_large":["https:\/\/autofans.com.ar\/wp-content\/uploads\/2025\/03\/ducati-2-768x512.jpg",640,427,true],"large":["https:\/\/autofans.com.ar\/wp-content\/uploads\/2025\/03\/ducati-2.jpg",640,427,false],"1536x1536":["https:\/\/autofans.com.ar\/wp-content\/uploads\/2025\/03\/ducati-2.jpg",1000,667,false],"2048x2048":["https:\/\/autofans.com.ar\/wp-content\/uploads\/2025\/03\/ducati-2.jpg",1000,667,false],"covernews-featured":["https:\/\/autofans.com.ar\/wp-content\/uploads\/2025\/03\/ducati-2.jpg",1000,667,false],"covernews-medium":["https:\/\/autofans.com.ar\/wp-content\/uploads\/2025\/03\/ducati-2-540x340.jpg",540,340,true]},"author_info":{"display_name":"Alejandro Gabriel Rosito","author_link":"https:\/\/autofans.com.ar\/index.php\/author\/gabrielr\/"},"category_info":"<a href=\"https:\/\/autofans.com.ar\/index.php\/category\/noticias\/deporte\/\" rel=\"category tag\">DEPORTE MOTOR<\/a> <a href=\"https:\/\/autofans.com.ar\/index.php\/category\/noticias\/\" rel=\"category tag\">NOTICIAS<\/a>","tag_info":"NOTICIAS","comment_count":0,"_links":{"self":[{"href":"https:\/\/autofans.com.ar\/index.php\/wp-json\/wp\/v2\/posts\/11722","targetHints":{"allow":["GET"]}}],"collection":[{"href":"https:\/\/autofans.com.ar\/index.php\/wp-json\/wp\/v2\/posts"}],"about":[{"href":"https:\/\/autofans.com.ar\/index.php\/wp-json\/wp\/v2\/types\/post"}],"author":[{"embeddable":true,"href":"https:\/\/autofans.com.ar\/index.php\/wp-json\/wp\/v2\/users\/2"}],"replies":[{"embeddable":true,"href":"https:\/\/autofans.com.ar\/index.php\/wp-json\/wp\/v2\/comments?post=11722"}],"version-history":[{"count":4,"href":"https:\/\/autofans.com.ar\/index.php\/wp-json\/wp\/v2\/posts\/11722\/revisions"}],"predecessor-version":[{"id":11733,"href":"https:\/\/autofans.com.ar\/index.php\/wp-json\/wp\/v2\/posts\/11722\/revisions\/11733"}],"wp:featuredmedia":[{"embeddable":true,"href":"https:\/\/autofans.com.ar\/index.php\/wp-json\/wp\/v2\/media\/11728"}],"wp:attachment":[{"href":"https:\/\/autofans.com.ar\/index.php\/wp-json\/wp\/v2\/media?parent=11722"}],"wp:term":[{"taxonomy":"category","embeddable":true,"href":"https:\/\/autofans.com.ar\/index.php\/wp-json\/wp\/v2\/categories?post=11722"},{"taxonomy":"post_tag","embeddable":true,"href":"https:\/\/autofans.com.ar\/index.php\/wp-json\/wp\/v2\/tags?post=11722"}],"curies":[{"name":"wp","href":"https:\/\/api.w.org\/{rel}","templated":true}]}}