{"id":11780,"date":"2025-04-01T19:46:21","date_gmt":"2025-04-01T22:46:21","guid":{"rendered":"https:\/\/autofans.com.ar\/?p=11780"},"modified":"2025-04-01T20:28:16","modified_gmt":"2025-04-01T23:28:16","slug":"bmw-r-12-g-s-la-nueva-trail-con-adn-aventurero","status":"publish","type":"post","link":"https:\/\/autofans.com.ar\/index.php\/2025\/04\/01\/bmw-r-12-g-s-la-nueva-trail-con-adn-aventurero\/","title":{"rendered":"BMW R 12 G\/S, la nueva trail con ADN aventurero"},"content":{"rendered":"<p>BMW Motorrad sigue apostando por la tradici\u00f3n y la innovaci\u00f3n con la nueva BMW R 12 G\/S, una motocicleta que combina la esencia de la ic\u00f3nica R 80 G\/S con mejoras tecnol\u00f3gicas para un rendimiento superior en cualquier terreno. Con un dise\u00f1o cl\u00e1sico de enduro, ergonom\u00eda optimizada y equipamiento de \u00faltima generaci\u00f3n, la R 12 G\/S est\u00e1 pensada para quienes buscan aventuras sin l\u00edmites.<\/p>\n<p><span style=\"color: #ffffff;\">.<\/span><\/p>\n<h2>Dise\u00f1o y ergonom\u00eda &#8211; un tributo al pasado con tecnolog\u00eda actual<\/h2>\n<p>Inspirada en la R 80 G\/S de 1980, la nueva BMW R 12 G\/S mantiene el esp\u00edritu aventurero con una est\u00e9tica cl\u00e1sica y detalles modernos. Sus l\u00edneas robustas, el peque\u00f1o carenado de cockpit y las ruedas de radios cruzados refuerzan su identidad off-road.<\/p>\n<p>&nbsp;<\/p>\n<p><img fetchpriority=\"high\" decoding=\"async\" class=\"aligncenter wp-image-11782 size-full\" src=\"https:\/\/autofans.com.ar\/wp-content\/uploads\/2025\/04\/bmw-6.jpg\" alt=\"BMW R 12\" width=\"1000\" height=\"667\" srcset=\"https:\/\/autofans.com.ar\/wp-content\/uploads\/2025\/04\/bmw-6.jpg 1000w, https:\/\/autofans.com.ar\/wp-content\/uploads\/2025\/04\/bmw-6-300x200.jpg 300w, https:\/\/autofans.com.ar\/wp-content\/uploads\/2025\/04\/bmw-6-768x512.jpg 768w\" sizes=\"(max-width: 1000px) 100vw, 1000px\" \/><\/p>\n<p>&nbsp;<\/p>\n<p>Para mejorar la comodidad y el control, ofrece tres opciones de asiento y estriberas de enduro, adem\u00e1s de un manillar ajustable. Su altura est\u00e1ndar es de 860 mm, con variantes que alcanzan los 895 mm en la versi\u00f3n Rallye. Tambi\u00e9n cuenta con ojales de acero en el marco trasero para un mejor amarre del equipaje.<\/p>\n<p>&nbsp;<\/p>\n<h2>Motor boxer y prestaciones &#8211; potencia y resistencia<\/h2>\n<p>El cl\u00e1sico motor boxer de BMW Motorrad, refrigerado por aire y aceite, equipa a la R 12 G\/S con 1.170 cc, entregando 109 CV a 7.000 rpm y un torque m\u00e1ximo de 115 Nm a 6.500 rpm. Su sistema de escape de flujo \u00fanico, con silenciador elevado, refuerza su car\u00e1cter de enduro cl\u00e1sica.<\/p>\n<p>&nbsp;<\/p>\n<p><img decoding=\"async\" class=\"aligncenter wp-image-11783 size-full\" src=\"https:\/\/autofans.com.ar\/wp-content\/uploads\/2025\/04\/bmw-5.jpg\" alt=\"BMW R 12\" width=\"1000\" height=\"667\" srcset=\"https:\/\/autofans.com.ar\/wp-content\/uploads\/2025\/04\/bmw-5.jpg 1000w, https:\/\/autofans.com.ar\/wp-content\/uploads\/2025\/04\/bmw-5-300x200.jpg 300w, https:\/\/autofans.com.ar\/wp-content\/uploads\/2025\/04\/bmw-5-768x512.jpg 768w\" sizes=\"(max-width: 1000px) 100vw, 1000px\" \/><\/p>\n<p>&nbsp;<\/p>\n<p>La BMW R 12 G\/S incorpora de serie tres modos de conducci\u00f3n: \u00abLluvia\u00bb, \u00abCarretera\u00bb y \u00abEnduro\u00bb. Para los m\u00e1s exigentes, el paquete \u00abEnduro Pro\u00bb a\u00f1ade un cuarto modo de conducci\u00f3n. Tambi\u00e9n incluye Control de Tracci\u00f3n Din\u00e1mico (DTC) y control de par motor (MSR) para mayor seguridad.<\/p>\n<p>El Asistente de Cambio Pro, opcional, permite subir y bajar marchas sin necesidad de embrague, ofreciendo mayor fluidez y dinamismo en la conducci\u00f3n.<\/p>\n<p>&nbsp;<\/p>\n<h2>Chasis y suspensi\u00f3n &#8211; estabilidad en cualquier terreno<\/h2>\n<p>El chasis de acero tubular de una sola pieza, con un marco trasero atornillado, proporciona una base robusta para el off-road. Su horquilla telesc\u00f3pica invertida y el basculante Paralever con amortiguador ajustable aseguran un \u00f3ptimo desempe\u00f1o fuera de la carretera.<\/p>\n<p>La rueda delantera de 21 pulgadas mejora la estabilidad en terrenos dif\u00edciles, mientras que la trasera de 17 pulgadas (o 18 en el paquete Enduro Pro) optimiza la tracci\u00f3n.<\/p>\n<p>&nbsp;<\/p>\n<p><img decoding=\"async\" class=\"aligncenter wp-image-11781 size-full\" src=\"https:\/\/autofans.com.ar\/wp-content\/uploads\/2025\/04\/bmw-7.jpg\" alt=\"BMW R 12\" width=\"1000\" height=\"667\" srcset=\"https:\/\/autofans.com.ar\/wp-content\/uploads\/2025\/04\/bmw-7.jpg 1000w, https:\/\/autofans.com.ar\/wp-content\/uploads\/2025\/04\/bmw-7-300x200.jpg 300w, https:\/\/autofans.com.ar\/wp-content\/uploads\/2025\/04\/bmw-7-768x512.jpg 768w\" sizes=\"(max-width: 1000px) 100vw, 1000px\" \/><\/p>\n<p>&nbsp;<\/p>\n<p>El sistema de frenos de doble disco delantero y disco simple trasero, en conjunto con el BMW Motorrad ABS Pro, garantiza frenadas seguras incluso en curvas. La iluminaci\u00f3n LED de serie incluye un faro redondo con firma lum\u00ednica en \u00abX\u00bb, mientras que el opcional Headlight Pro ofrece iluminaci\u00f3n adaptativa.<\/p>\n<p>Adem\u00e1s, cuenta con instrumentaci\u00f3n redonda de dise\u00f1o cl\u00e1sico y toma de 12V para accesorios.<\/p>\n<p>&nbsp;<\/p>\n<h2>BMW R 12 &#8211; colores y versiones<\/h2>\n<p>La BMW R 12 G\/S est\u00e1 disponible en tres opciones de color:<\/p>\n<p><a href=\"https:\/\/autofans.com.ar\/wp-content\/uploads\/2025\/04\/BMW_R_12_G_S_Technical_Specs.pdf\" target=\"_blank\" rel=\"noopener\">Ficha T\u00e9cnica: BMW R12 GS<\/a><\/p>\n<p><img loading=\"lazy\" decoding=\"async\" class=\"aligncenter wp-image-11786 size-full\" src=\"https:\/\/autofans.com.ar\/wp-content\/uploads\/2025\/04\/bmw-2.jpg\" alt=\"BMW R 12\" width=\"1000\" height=\"667\" srcset=\"https:\/\/autofans.com.ar\/wp-content\/uploads\/2025\/04\/bmw-2.jpg 1000w, https:\/\/autofans.com.ar\/wp-content\/uploads\/2025\/04\/bmw-2-300x200.jpg 300w, https:\/\/autofans.com.ar\/wp-content\/uploads\/2025\/04\/bmw-2-768x512.jpg 768w\" sizes=\"(max-width: 1000px) 100vw, 1000px\" \/><\/p>\n<ul data-spread=\"false\">\n<li><strong>Negro mate<\/strong>: estilo sobrio y cl\u00e1sico.<\/li>\n<\/ul>\n<p>&nbsp;<\/p>\n<p><img loading=\"lazy\" decoding=\"async\" class=\"aligncenter wp-image-11784 size-full\" src=\"https:\/\/autofans.com.ar\/wp-content\/uploads\/2025\/04\/bmw-4.jpg\" alt=\"BMW R 12\" width=\"1000\" height=\"667\" srcset=\"https:\/\/autofans.com.ar\/wp-content\/uploads\/2025\/04\/bmw-4.jpg 1000w, https:\/\/autofans.com.ar\/wp-content\/uploads\/2025\/04\/bmw-4-300x200.jpg 300w, https:\/\/autofans.com.ar\/wp-content\/uploads\/2025\/04\/bmw-4-768x512.jpg 768w\" sizes=\"(max-width: 1000px) 100vw, 1000px\" \/><\/p>\n<ul data-spread=\"false\">\n<li><strong>Blanco claro con detalles rojos<\/strong>: un look m\u00e1s deportivo.<\/li>\n<\/ul>\n<p>&nbsp;<\/p>\n<p><img loading=\"lazy\" decoding=\"async\" class=\"aligncenter wp-image-11785 size-full\" src=\"https:\/\/autofans.com.ar\/wp-content\/uploads\/2025\/04\/bmw-3.jpg\" alt=\"BMW R 12\" width=\"1000\" height=\"667\" srcset=\"https:\/\/autofans.com.ar\/wp-content\/uploads\/2025\/04\/bmw-3.jpg 1000w, https:\/\/autofans.com.ar\/wp-content\/uploads\/2025\/04\/bmw-3-300x200.jpg 300w, https:\/\/autofans.com.ar\/wp-content\/uploads\/2025\/04\/bmw-3-768x512.jpg 768w\" sizes=\"(max-width: 1000px) 100vw, 1000px\" \/><\/p>\n<ul data-spread=\"false\">\n<li><strong>Opci\u00f3n 719 Aragonit<\/strong>: combinaci\u00f3n premium en tonos mate Sandrover, Racing Red y Mineral Grey Metallic.<\/li>\n<\/ul>\n<p>La BMW R 12 G\/S fusiona la historia de BMW Motorrad con la innovaci\u00f3n actual, ofreciendo una moto vers\u00e1til y potente para los amantes del off-road y la aventura en carretera. Con tecnolog\u00eda avanzada, dise\u00f1o ic\u00f3nico y opciones de personalizaci\u00f3n, esta enduro promete una experiencia de conducci\u00f3n \u00fanica.<\/p>\n<p>&nbsp;<\/p>\n<p>&nbsp;<\/p>\n<p>&nbsp;<\/p>\n<p>&nbsp;<\/p>\n<p><i>Para enterarte de m\u00e1s novedades, no dejes de leer\u00a0<\/i><a href=\"https:\/\/autofans.thebrandsoup.com\/\"><i>nuestras notas<\/i><\/a><i>, de ver<\/i><b><i>\u00a0<\/i><\/b><a href=\"https:\/\/www.youtube.com\/channel\/UCgAC8UGHZYbT6P7PpmVnP7g\"><b><i>AUTOFANS TV<\/i><\/b><\/a><b><i>\u00a0<\/i><\/b><i>en nuestro\u00a0canal de Youtube. Adem\u00e1s seguinos en\u00a0<\/i><a href=\"https:\/\/www.instagram.com\/autofanstv\/\"><i>INSTAGRAM<\/i><\/a><i> y <\/i><a href=\"https:\/\/www.facebook.com\/autofansmas\/\"><i>FACEBOOK<\/i><\/a><i> para no perderte nada sobre las novedades del segmento automotor de Argentina y el mundo.<\/i><\/p>\n","protected":false},"excerpt":{"rendered":"<p>BMW Motorrad sigue apostando por la tradici\u00f3n y la innovaci\u00f3n con la nueva BMW R&#8230;<\/p>\n","protected":false},"author":2,"featured_media":11787,"comment_status":"closed","ping_status":"closed","sticky":false,"template":"","format":"standard","meta":{"footnotes":""},"categories":[1,9],"tags":[3920,6425,6426,3919,6428,3136,6424,6427,6253],"class_list":["post-11780","post","type-post","status-publish","format-standard","has-post-thumbnail","hentry","category-lanzamientos","category-motos-lanzamientos","tag-bmw-motorrad-argentina","tag-enduro-bmw","tag-moto-adventure","tag-motocicletas-bmw","tag-motor-boxer-bmw","tag-motos-bmw","tag-mw-r-12-g-s","tag-off-road-bmw","tag-tecnologia-bmw-motorrad"],"yoast_head":"<!-- This site is optimized with the Yoast SEO plugin v27.5 - https:\/\/yoast.com\/product\/yoast-seo-wordpress\/ -->\n<title>BMW R 12 G\/S, la nueva trail con ADN aventurero -<\/title>\n<meta name=\"description\" content=\"BMW Motorrad sigue apostando por la tradici\u00f3n con la nueva BMW R 12 G\/S, una motocicleta que combina la esencia de la ic\u00f3nica R 80 G\/S...\" \/>\n<meta name=\"robots\" content=\"index, follow, max-snippet:-1, max-image-preview:large, max-video-preview:-1\" \/>\n<link rel=\"canonical\" href=\"https:\/\/autofans.com.ar\/index.php\/2025\/04\/01\/bmw-r-12-g-s-la-nueva-trail-con-adn-aventurero\/\" \/>\n<meta property=\"og:locale\" content=\"es_ES\" \/>\n<meta property=\"og:type\" content=\"article\" \/>\n<meta property=\"og:title\" content=\"BMW R 12 G\/S, la nueva trail con ADN aventurero -\" \/>\n<meta property=\"og:description\" content=\"BMW Motorrad sigue apostando por la tradici\u00f3n con la nueva BMW R 12 G\/S, una motocicleta que combina la esencia de la ic\u00f3nica R 80 G\/S...\" \/>\n<meta property=\"og:url\" content=\"https:\/\/autofans.com.ar\/index.php\/2025\/04\/01\/bmw-r-12-g-s-la-nueva-trail-con-adn-aventurero\/\" \/>\n<meta property=\"article:published_time\" content=\"2025-04-01T22:46:21+00:00\" \/>\n<meta property=\"article:modified_time\" content=\"2025-04-01T23:28:16+00:00\" \/>\n<meta property=\"og:image\" content=\"https:\/\/autofans.com.ar\/wp-content\/uploads\/2025\/04\/bmw-1.jpg\" \/>\n\t<meta property=\"og:image:width\" content=\"1000\" \/>\n\t<meta property=\"og:image:height\" content=\"667\" \/>\n\t<meta property=\"og:image:type\" content=\"image\/jpeg\" \/>\n<meta name=\"author\" content=\"Alejandro Gabriel Rosito\" \/>\n<meta name=\"twitter:card\" content=\"summary_large_image\" \/>\n<meta name=\"twitter:label1\" content=\"Escrito por\" \/>\n\t<meta name=\"twitter:data1\" content=\"Alejandro Gabriel Rosito\" \/>\n\t<meta name=\"twitter:label2\" content=\"Tiempo de lectura\" \/>\n\t<meta name=\"twitter:data2\" content=\"5 minutos\" \/>\n<script type=\"application\/ld+json\" class=\"yoast-schema-graph\">{\"@context\":\"https:\\\/\\\/schema.org\",\"@graph\":[{\"@type\":\"Article\",\"@id\":\"https:\\\/\\\/autofans.com.ar\\\/index.php\\\/2025\\\/04\\\/01\\\/bmw-r-12-g-s-la-nueva-trail-con-adn-aventurero\\\/#article\",\"isPartOf\":{\"@id\":\"https:\\\/\\\/autofans.com.ar\\\/index.php\\\/2025\\\/04\\\/01\\\/bmw-r-12-g-s-la-nueva-trail-con-adn-aventurero\\\/\"},\"author\":{\"name\":\"Alejandro Gabriel Rosito\",\"@id\":\"https:\\\/\\\/autofans.com.ar\\\/#\\\/schema\\\/person\\\/4a8dda0b6df83ac3d6723e921274c2aa\"},\"headline\":\"BMW R 12 G\\\/S, la nueva trail con ADN aventurero\",\"datePublished\":\"2025-04-01T22:46:21+00:00\",\"dateModified\":\"2025-04-01T23:28:16+00:00\",\"mainEntityOfPage\":{\"@id\":\"https:\\\/\\\/autofans.com.ar\\\/index.php\\\/2025\\\/04\\\/01\\\/bmw-r-12-g-s-la-nueva-trail-con-adn-aventurero\\\/\"},\"wordCount\":657,\"image\":{\"@id\":\"https:\\\/\\\/autofans.com.ar\\\/index.php\\\/2025\\\/04\\\/01\\\/bmw-r-12-g-s-la-nueva-trail-con-adn-aventurero\\\/#primaryimage\"},\"thumbnailUrl\":\"https:\\\/\\\/autofans.com.ar\\\/wp-content\\\/uploads\\\/2025\\\/04\\\/bmw-1.jpg\",\"keywords\":[\"BMW Motorrad Argentina\",\"enduro BMW\",\"moto adventure\",\"motocicletas BMW\",\"motor boxer BMW\",\"Motos BMW\",\"MW R 12 G\\\/S\",\"off-road BMW\",\"tecnolog\u00eda BMW Motorrad\"],\"articleSection\":[\"LANZAMIENTOS\",\"Motos\"],\"inLanguage\":\"es\"},{\"@type\":\"WebPage\",\"@id\":\"https:\\\/\\\/autofans.com.ar\\\/index.php\\\/2025\\\/04\\\/01\\\/bmw-r-12-g-s-la-nueva-trail-con-adn-aventurero\\\/\",\"url\":\"https:\\\/\\\/autofans.com.ar\\\/index.php\\\/2025\\\/04\\\/01\\\/bmw-r-12-g-s-la-nueva-trail-con-adn-aventurero\\\/\",\"name\":\"BMW R 12 G\\\/S, la nueva trail con ADN aventurero -\",\"isPartOf\":{\"@id\":\"https:\\\/\\\/autofans.com.ar\\\/#website\"},\"primaryImageOfPage\":{\"@id\":\"https:\\\/\\\/autofans.com.ar\\\/index.php\\\/2025\\\/04\\\/01\\\/bmw-r-12-g-s-la-nueva-trail-con-adn-aventurero\\\/#primaryimage\"},\"image\":{\"@id\":\"https:\\\/\\\/autofans.com.ar\\\/index.php\\\/2025\\\/04\\\/01\\\/bmw-r-12-g-s-la-nueva-trail-con-adn-aventurero\\\/#primaryimage\"},\"thumbnailUrl\":\"https:\\\/\\\/autofans.com.ar\\\/wp-content\\\/uploads\\\/2025\\\/04\\\/bmw-1.jpg\",\"datePublished\":\"2025-04-01T22:46:21+00:00\",\"dateModified\":\"2025-04-01T23:28:16+00:00\",\"author\":{\"@id\":\"https:\\\/\\\/autofans.com.ar\\\/#\\\/schema\\\/person\\\/4a8dda0b6df83ac3d6723e921274c2aa\"},\"description\":\"BMW Motorrad sigue apostando por la tradici\u00f3n con la nueva BMW R 12 G\\\/S, una motocicleta que combina la esencia de la ic\u00f3nica R 80 G\\\/S...\",\"breadcrumb\":{\"@id\":\"https:\\\/\\\/autofans.com.ar\\\/index.php\\\/2025\\\/04\\\/01\\\/bmw-r-12-g-s-la-nueva-trail-con-adn-aventurero\\\/#breadcrumb\"},\"inLanguage\":\"es\",\"potentialAction\":[{\"@type\":\"ReadAction\",\"target\":[\"https:\\\/\\\/autofans.com.ar\\\/index.php\\\/2025\\\/04\\\/01\\\/bmw-r-12-g-s-la-nueva-trail-con-adn-aventurero\\\/\"]}]},{\"@type\":\"ImageObject\",\"inLanguage\":\"es\",\"@id\":\"https:\\\/\\\/autofans.com.ar\\\/index.php\\\/2025\\\/04\\\/01\\\/bmw-r-12-g-s-la-nueva-trail-con-adn-aventurero\\\/#primaryimage\",\"url\":\"https:\\\/\\\/autofans.com.ar\\\/wp-content\\\/uploads\\\/2025\\\/04\\\/bmw-1.jpg\",\"contentUrl\":\"https:\\\/\\\/autofans.com.ar\\\/wp-content\\\/uploads\\\/2025\\\/04\\\/bmw-1.jpg\",\"width\":1000,\"height\":667,\"caption\":\"BMW R 12\"},{\"@type\":\"BreadcrumbList\",\"@id\":\"https:\\\/\\\/autofans.com.ar\\\/index.php\\\/2025\\\/04\\\/01\\\/bmw-r-12-g-s-la-nueva-trail-con-adn-aventurero\\\/#breadcrumb\",\"itemListElement\":[{\"@type\":\"ListItem\",\"position\":1,\"name\":\"Inicio\",\"item\":\"https:\\\/\\\/autofans.com.ar\\\/\"},{\"@type\":\"ListItem\",\"position\":2,\"name\":\"BMW R 12 G\\\/S, la nueva trail con ADN aventurero\"}]},{\"@type\":\"WebSite\",\"@id\":\"https:\\\/\\\/autofans.com.ar\\\/#website\",\"url\":\"https:\\\/\\\/autofans.com.ar\\\/\",\"name\":\"\",\"description\":\"El multimedio referente de la industria automotriz\",\"potentialAction\":[{\"@type\":\"SearchAction\",\"target\":{\"@type\":\"EntryPoint\",\"urlTemplate\":\"https:\\\/\\\/autofans.com.ar\\\/?s={search_term_string}\"},\"query-input\":{\"@type\":\"PropertyValueSpecification\",\"valueRequired\":true,\"valueName\":\"search_term_string\"}}],\"inLanguage\":\"es\"},{\"@type\":\"Person\",\"@id\":\"https:\\\/\\\/autofans.com.ar\\\/#\\\/schema\\\/person\\\/4a8dda0b6df83ac3d6723e921274c2aa\",\"name\":\"Alejandro Gabriel Rosito\",\"image\":{\"@type\":\"ImageObject\",\"inLanguage\":\"es\",\"@id\":\"https:\\\/\\\/secure.gravatar.com\\\/avatar\\\/16c5dda1489adfc62618084dcbb91cffd879c374b13fe5dd8e44ed6733852c88?s=96&d=mm&r=g\",\"url\":\"https:\\\/\\\/secure.gravatar.com\\\/avatar\\\/16c5dda1489adfc62618084dcbb91cffd879c374b13fe5dd8e44ed6733852c88?s=96&d=mm&r=g\",\"contentUrl\":\"https:\\\/\\\/secure.gravatar.com\\\/avatar\\\/16c5dda1489adfc62618084dcbb91cffd879c374b13fe5dd8e44ed6733852c88?s=96&d=mm&r=g\",\"caption\":\"Alejandro Gabriel Rosito\"},\"url\":\"https:\\\/\\\/autofans.com.ar\\\/index.php\\\/author\\\/gabrielr\\\/\"}]}<\/script>\n<!-- \/ Yoast SEO plugin. -->","yoast_head_json":{"title":"BMW R 12 G\/S, la nueva trail con ADN aventurero -","description":"BMW Motorrad sigue apostando por la tradici\u00f3n con la nueva BMW R 12 G\/S, una motocicleta que combina la esencia de la ic\u00f3nica R 80 G\/S...","robots":{"index":"index","follow":"follow","max-snippet":"max-snippet:-1","max-image-preview":"max-image-preview:large","max-video-preview":"max-video-preview:-1"},"canonical":"https:\/\/autofans.com.ar\/index.php\/2025\/04\/01\/bmw-r-12-g-s-la-nueva-trail-con-adn-aventurero\/","og_locale":"es_ES","og_type":"article","og_title":"BMW R 12 G\/S, la nueva trail con ADN aventurero -","og_description":"BMW Motorrad sigue apostando por la tradici\u00f3n con la nueva BMW R 12 G\/S, una motocicleta que combina la esencia de la ic\u00f3nica R 80 G\/S...","og_url":"https:\/\/autofans.com.ar\/index.php\/2025\/04\/01\/bmw-r-12-g-s-la-nueva-trail-con-adn-aventurero\/","article_published_time":"2025-04-01T22:46:21+00:00","article_modified_time":"2025-04-01T23:28:16+00:00","og_image":[{"width":1000,"height":667,"url":"https:\/\/autofans.com.ar\/wp-content\/uploads\/2025\/04\/bmw-1.jpg","type":"image\/jpeg"}],"author":"Alejandro Gabriel Rosito","twitter_card":"summary_large_image","twitter_misc":{"Escrito por":"Alejandro Gabriel Rosito","Tiempo de lectura":"5 minutos"},"schema":{"@context":"https:\/\/schema.org","@graph":[{"@type":"Article","@id":"https:\/\/autofans.com.ar\/index.php\/2025\/04\/01\/bmw-r-12-g-s-la-nueva-trail-con-adn-aventurero\/#article","isPartOf":{"@id":"https:\/\/autofans.com.ar\/index.php\/2025\/04\/01\/bmw-r-12-g-s-la-nueva-trail-con-adn-aventurero\/"},"author":{"name":"Alejandro Gabriel Rosito","@id":"https:\/\/autofans.com.ar\/#\/schema\/person\/4a8dda0b6df83ac3d6723e921274c2aa"},"headline":"BMW R 12 G\/S, la nueva trail con ADN aventurero","datePublished":"2025-04-01T22:46:21+00:00","dateModified":"2025-04-01T23:28:16+00:00","mainEntityOfPage":{"@id":"https:\/\/autofans.com.ar\/index.php\/2025\/04\/01\/bmw-r-12-g-s-la-nueva-trail-con-adn-aventurero\/"},"wordCount":657,"image":{"@id":"https:\/\/autofans.com.ar\/index.php\/2025\/04\/01\/bmw-r-12-g-s-la-nueva-trail-con-adn-aventurero\/#primaryimage"},"thumbnailUrl":"https:\/\/autofans.com.ar\/wp-content\/uploads\/2025\/04\/bmw-1.jpg","keywords":["BMW Motorrad Argentina","enduro BMW","moto adventure","motocicletas BMW","motor boxer BMW","Motos BMW","MW R 12 G\/S","off-road BMW","tecnolog\u00eda BMW Motorrad"],"articleSection":["LANZAMIENTOS","Motos"],"inLanguage":"es"},{"@type":"WebPage","@id":"https:\/\/autofans.com.ar\/index.php\/2025\/04\/01\/bmw-r-12-g-s-la-nueva-trail-con-adn-aventurero\/","url":"https:\/\/autofans.com.ar\/index.php\/2025\/04\/01\/bmw-r-12-g-s-la-nueva-trail-con-adn-aventurero\/","name":"BMW R 12 G\/S, la nueva trail con ADN aventurero -","isPartOf":{"@id":"https:\/\/autofans.com.ar\/#website"},"primaryImageOfPage":{"@id":"https:\/\/autofans.com.ar\/index.php\/2025\/04\/01\/bmw-r-12-g-s-la-nueva-trail-con-adn-aventurero\/#primaryimage"},"image":{"@id":"https:\/\/autofans.com.ar\/index.php\/2025\/04\/01\/bmw-r-12-g-s-la-nueva-trail-con-adn-aventurero\/#primaryimage"},"thumbnailUrl":"https:\/\/autofans.com.ar\/wp-content\/uploads\/2025\/04\/bmw-1.jpg","datePublished":"2025-04-01T22:46:21+00:00","dateModified":"2025-04-01T23:28:16+00:00","author":{"@id":"https:\/\/autofans.com.ar\/#\/schema\/person\/4a8dda0b6df83ac3d6723e921274c2aa"},"description":"BMW Motorrad sigue apostando por la tradici\u00f3n con la nueva BMW R 12 G\/S, una motocicleta que combina la esencia de la ic\u00f3nica R 80 G\/S...","breadcrumb":{"@id":"https:\/\/autofans.com.ar\/index.php\/2025\/04\/01\/bmw-r-12-g-s-la-nueva-trail-con-adn-aventurero\/#breadcrumb"},"inLanguage":"es","potentialAction":[{"@type":"ReadAction","target":["https:\/\/autofans.com.ar\/index.php\/2025\/04\/01\/bmw-r-12-g-s-la-nueva-trail-con-adn-aventurero\/"]}]},{"@type":"ImageObject","inLanguage":"es","@id":"https:\/\/autofans.com.ar\/index.php\/2025\/04\/01\/bmw-r-12-g-s-la-nueva-trail-con-adn-aventurero\/#primaryimage","url":"https:\/\/autofans.com.ar\/wp-content\/uploads\/2025\/04\/bmw-1.jpg","contentUrl":"https:\/\/autofans.com.ar\/wp-content\/uploads\/2025\/04\/bmw-1.jpg","width":1000,"height":667,"caption":"BMW R 12"},{"@type":"BreadcrumbList","@id":"https:\/\/autofans.com.ar\/index.php\/2025\/04\/01\/bmw-r-12-g-s-la-nueva-trail-con-adn-aventurero\/#breadcrumb","itemListElement":[{"@type":"ListItem","position":1,"name":"Inicio","item":"https:\/\/autofans.com.ar\/"},{"@type":"ListItem","position":2,"name":"BMW R 12 G\/S, la nueva trail con ADN aventurero"}]},{"@type":"WebSite","@id":"https:\/\/autofans.com.ar\/#website","url":"https:\/\/autofans.com.ar\/","name":"","description":"El multimedio referente de la industria automotriz","potentialAction":[{"@type":"SearchAction","target":{"@type":"EntryPoint","urlTemplate":"https:\/\/autofans.com.ar\/?s={search_term_string}"},"query-input":{"@type":"PropertyValueSpecification","valueRequired":true,"valueName":"search_term_string"}}],"inLanguage":"es"},{"@type":"Person","@id":"https:\/\/autofans.com.ar\/#\/schema\/person\/4a8dda0b6df83ac3d6723e921274c2aa","name":"Alejandro Gabriel Rosito","image":{"@type":"ImageObject","inLanguage":"es","@id":"https:\/\/secure.gravatar.com\/avatar\/16c5dda1489adfc62618084dcbb91cffd879c374b13fe5dd8e44ed6733852c88?s=96&d=mm&r=g","url":"https:\/\/secure.gravatar.com\/avatar\/16c5dda1489adfc62618084dcbb91cffd879c374b13fe5dd8e44ed6733852c88?s=96&d=mm&r=g","contentUrl":"https:\/\/secure.gravatar.com\/avatar\/16c5dda1489adfc62618084dcbb91cffd879c374b13fe5dd8e44ed6733852c88?s=96&d=mm&r=g","caption":"Alejandro Gabriel Rosito"},"url":"https:\/\/autofans.com.ar\/index.php\/author\/gabrielr\/"}]}},"featured_image_urls":{"full":["https:\/\/autofans.com.ar\/wp-content\/uploads\/2025\/04\/bmw-1.jpg",1000,667,false],"thumbnail":["https:\/\/autofans.com.ar\/wp-content\/uploads\/2025\/04\/bmw-1-150x150.jpg",150,150,true],"medium":["https:\/\/autofans.com.ar\/wp-content\/uploads\/2025\/04\/bmw-1-300x200.jpg",300,200,true],"medium_large":["https:\/\/autofans.com.ar\/wp-content\/uploads\/2025\/04\/bmw-1-768x512.jpg",640,427,true],"large":["https:\/\/autofans.com.ar\/wp-content\/uploads\/2025\/04\/bmw-1.jpg",640,427,false],"1536x1536":["https:\/\/autofans.com.ar\/wp-content\/uploads\/2025\/04\/bmw-1.jpg",1000,667,false],"2048x2048":["https:\/\/autofans.com.ar\/wp-content\/uploads\/2025\/04\/bmw-1.jpg",1000,667,false],"covernews-featured":["https:\/\/autofans.com.ar\/wp-content\/uploads\/2025\/04\/bmw-1.jpg",1000,667,false],"covernews-medium":["https:\/\/autofans.com.ar\/wp-content\/uploads\/2025\/04\/bmw-1-540x340.jpg",540,340,true]},"author_info":{"display_name":"Alejandro Gabriel Rosito","author_link":"https:\/\/autofans.com.ar\/index.php\/author\/gabrielr\/"},"category_info":"<a href=\"https:\/\/autofans.com.ar\/index.php\/category\/lanzamientos\/\" rel=\"category tag\">LANZAMIENTOS<\/a> <a href=\"https:\/\/autofans.com.ar\/index.php\/category\/lanzamientos\/motos-lanzamientos\/\" rel=\"category tag\">Motos<\/a>","tag_info":"Motos","comment_count":0,"_links":{"self":[{"href":"https:\/\/autofans.com.ar\/index.php\/wp-json\/wp\/v2\/posts\/11780","targetHints":{"allow":["GET"]}}],"collection":[{"href":"https:\/\/autofans.com.ar\/index.php\/wp-json\/wp\/v2\/posts"}],"about":[{"href":"https:\/\/autofans.com.ar\/index.php\/wp-json\/wp\/v2\/types\/post"}],"author":[{"embeddable":true,"href":"https:\/\/autofans.com.ar\/index.php\/wp-json\/wp\/v2\/users\/2"}],"replies":[{"embeddable":true,"href":"https:\/\/autofans.com.ar\/index.php\/wp-json\/wp\/v2\/comments?post=11780"}],"version-history":[{"count":5,"href":"https:\/\/autofans.com.ar\/index.php\/wp-json\/wp\/v2\/posts\/11780\/revisions"}],"predecessor-version":[{"id":11795,"href":"https:\/\/autofans.com.ar\/index.php\/wp-json\/wp\/v2\/posts\/11780\/revisions\/11795"}],"wp:featuredmedia":[{"embeddable":true,"href":"https:\/\/autofans.com.ar\/index.php\/wp-json\/wp\/v2\/media\/11787"}],"wp:attachment":[{"href":"https:\/\/autofans.com.ar\/index.php\/wp-json\/wp\/v2\/media?parent=11780"}],"wp:term":[{"taxonomy":"category","embeddable":true,"href":"https:\/\/autofans.com.ar\/index.php\/wp-json\/wp\/v2\/categories?post=11780"},{"taxonomy":"post_tag","embeddable":true,"href":"https:\/\/autofans.com.ar\/index.php\/wp-json\/wp\/v2\/tags?post=11780"}],"curies":[{"name":"wp","href":"https:\/\/api.w.org\/{rel}","templated":true}]}}