{"id":11806,"date":"2025-04-03T18:36:41","date_gmt":"2025-04-03T21:36:41","guid":{"rendered":"https:\/\/autofans.com.ar\/?p=11806"},"modified":"2025-04-03T18:36:41","modified_gmt":"2025-04-03T21:36:41","slug":"reestructuracion-en-nissan-cambios-clave-en-la-produccion-automotriz-latinoamericana","status":"publish","type":"post","link":"https:\/\/autofans.com.ar\/index.php\/2025\/04\/03\/reestructuracion-en-nissan-cambios-clave-en-la-produccion-automotriz-latinoamericana\/","title":{"rendered":"Reestructuraci\u00f3n en Nissan, cambios clave en la producci\u00f3n automotriz latinoamericana"},"content":{"rendered":"<p data-pm-slice=\"1 1 []\">Nissan Motor Corp. ha anunciado un cambio estrat\u00e9gico en sus operaciones industriales en Am\u00e9rica Latina con el objetivo de mejorar la eficiencia y fortalecer su crecimiento en la regi\u00f3n. La compa\u00f1\u00eda consolidar\u00e1 la producci\u00f3n de las pickups Nissan Frontier y Nissan Navara en su planta de CIVAC, Morelos, M\u00e9xico, a partir de enero de 2026.<\/p>\n<p data-pm-slice=\"1 1 []\"><span style=\"color: #ffffff;\">.<\/span><\/p>\n<h2>Nissan &#8211; reorganizaci\u00f3n industrial para mayor eficiencia<\/h2>\n<p>Am\u00e9rica Latina representa el 15% de las ventas globales de Nissan y el 25% de su producci\u00f3n mundial. En 2024, la compa\u00f1\u00eda vendi\u00f3 426,000 unidades en la regi\u00f3n, un 6% m\u00e1s que en 2023. Para sostener este crecimiento, Nissan ha decidido centralizar la fabricaci\u00f3n de sus pickups en M\u00e9xico. Esto permitir\u00e1 optimizar costos y agilizar la respuesta a la demanda del mercado.<\/p>\n<p>Actualmente, la producci\u00f3n de las pickups est\u00e1 dividida entre Argentina y M\u00e9xico. Con la reestructuraci\u00f3n, la planta de CIVAC operar\u00e1 dos l\u00edneas de producci\u00f3n: una enfocada exclusivamente en pickups y otra que cesar\u00e1 la fabricaci\u00f3n de veh\u00edculos de pasajeros en el \u00faltimo trimestre de 2025, tras superar su objetivo productivo en m\u00e1s de un 30%.<\/p>\n<p>&nbsp;<\/p>\n<p><img fetchpriority=\"high\" decoding=\"async\" class=\"aligncenter wp-image-11809 size-full\" src=\"https:\/\/autofans.com.ar\/wp-content\/uploads\/2025\/04\/nissan-1.jpg\" alt=\"Nissan\" width=\"1000\" height=\"667\" srcset=\"https:\/\/autofans.com.ar\/wp-content\/uploads\/2025\/04\/nissan-1.jpg 1000w, https:\/\/autofans.com.ar\/wp-content\/uploads\/2025\/04\/nissan-1-300x200.jpg 300w, https:\/\/autofans.com.ar\/wp-content\/uploads\/2025\/04\/nissan-1-768x512.jpg 768w\" sizes=\"(max-width: 1000px) 100vw, 1000px\" \/><\/p>\n<p>&nbsp;<\/p>\n<p>A pesar del traslado de la producci\u00f3n, Nissan continuar\u00e1 operando comercialmente en Argentina sin cambios en su portafolio de productos. La red de concesionarios, con 65 puntos de venta y servicio en el pa\u00eds, seguir\u00e1 brindando atenci\u00f3n y postventa de alta calidad.<\/p>\n<p>&nbsp;<\/p>\n<blockquote>\n<p style=\"text-align: center;\">Ricardo Flammini, Presidente de Nissan Argentina, Chile y Per\u00fa, destac\u00f3 la evoluci\u00f3n de la marca en el pa\u00eds desde su llegada en 2015: \u201cEn esta primera d\u00e9cada, hemos sido reconocidos por nuestra innovaci\u00f3n, calidad y servicio. Para este a\u00f1o proyectamos un aumento superior al 50% en volumen y nuevos lanzamientos que reforzar\u00e1n nuestra presencia en el mercado\u201d.<\/p>\n<\/blockquote>\n<p>&nbsp;<\/p>\n<h2>Una estrategia regional para un crecimiento sostenible<\/h2>\n<p>La reestructuraci\u00f3n forma parte de la transformaci\u00f3n global de Nissan, alineada con su plan de competitividad a largo plazo. Adem\u00e1s de la planta de CIVAC, Nissan mantendr\u00e1 operativas sus f\u00e1bricas en Aguascalientes (A1, A2 y planta de motores Powertrain) y Resende, Brasil, asegurando un abastecimiento eficiente para Am\u00e9rica Latina y otros 70 mercados de exportaci\u00f3n.<\/p>\n<p>&nbsp;<\/p>\n<p><img decoding=\"async\" class=\"aligncenter wp-image-11807 size-full\" src=\"https:\/\/autofans.com.ar\/wp-content\/uploads\/2025\/04\/nissan-3.jpg\" alt=\"Nissan\" width=\"1000\" height=\"667\" srcset=\"https:\/\/autofans.com.ar\/wp-content\/uploads\/2025\/04\/nissan-3.jpg 1000w, https:\/\/autofans.com.ar\/wp-content\/uploads\/2025\/04\/nissan-3-300x200.jpg 300w, https:\/\/autofans.com.ar\/wp-content\/uploads\/2025\/04\/nissan-3-768x512.jpg 768w\" sizes=\"(max-width: 1000px) 100vw, 1000px\" \/><\/p>\n<p>&nbsp;<\/p>\n<p>Con esta consolidaci\u00f3n, <a href=\"https:\/\/autofans.com.ar\/index.php\/2025\/03\/31\/nueva-era-para-nissan-e-infiniti-innovacion-y-electrificacion\/\" target=\"_blank\" rel=\"noopener\">Nissan<\/a> busca fortalecer su presencia en la regi\u00f3n. Mejorar su capacidad de adaptaci\u00f3n a un entorno competitivo y asegurar una manufactura de calidad mundial.<\/p>\n<p>&nbsp;<\/p>\n<p>&nbsp;<\/p>\n<p>&nbsp;<\/p>\n<p><i>Para enterarte de m\u00e1s novedades, no dejes de leer\u00a0<\/i><a href=\"https:\/\/autofans.thebrandsoup.com\/\"><i>nuestras notas<\/i><\/a><i>, de ver<\/i><b><i>\u00a0<\/i><\/b><a href=\"https:\/\/www.youtube.com\/channel\/UCgAC8UGHZYbT6P7PpmVnP7g\"><b><i>AUTOFANS TV<\/i><\/b><\/a><b><i>\u00a0<\/i><\/b><i>en nuestro\u00a0canal de Youtube. Adem\u00e1s seguinos en\u00a0<\/i><a href=\"https:\/\/www.instagram.com\/autofanstv\/\"><i>INSTAGRAM<\/i><\/a><i> y <\/i><a href=\"https:\/\/www.facebook.com\/autofansmas\/\"><i>FACEBOOK<\/i><\/a><i> para no perderte nada sobre las novedades del segmento automotor de Argentina y el mundo.<\/i><\/p>\n","protected":false},"excerpt":{"rendered":"<p>Nissan Motor Corp. ha anunciado un cambio estrat\u00e9gico en sus operaciones industriales en Am\u00e9rica Latina&#8230;<\/p>\n","protected":false},"author":2,"featured_media":11808,"comment_status":"closed","ping_status":"closed","sticky":false,"template":"","format":"standard","meta":{"footnotes":""},"categories":[3,16],"tags":[6027,6395,988,86,1979,4205,897,3392,4176,6434],"class_list":["post-11806","post","type-post","status-publish","format-standard","has-post-thumbnail","hentry","category-autos","category-noticias","tag-autos-en-argentina","tag-concesionarios-nissan-argentina","tag-fabricacion-de-autos","tag-industria-automotriz","tag-mercado-automotor","tag-nissan-america-latina","tag-nissan-frontier","tag-nissan-navara","tag-pickups-nissan","tag-produccion-nissan-mexico"],"yoast_head":"<!-- This site is optimized with the Yoast SEO plugin v27.5 - https:\/\/yoast.com\/product\/yoast-seo-wordpress\/ -->\n<title>Reestructuraci\u00f3n en Nissan, cambios clave en la producci\u00f3n automotriz latinoamericana -<\/title>\n<meta name=\"description\" content=\"Nissan Motor Corp. ha anunciado un cambio estrat\u00e9gico en sus operaciones industriales en Am\u00e9rica Latina con el objetivo de mejorar..\" \/>\n<meta name=\"robots\" content=\"index, follow, max-snippet:-1, max-image-preview:large, max-video-preview:-1\" \/>\n<link rel=\"canonical\" href=\"https:\/\/autofans.com.ar\/index.php\/2025\/04\/03\/reestructuracion-en-nissan-cambios-clave-en-la-produccion-automotriz-latinoamericana\/\" \/>\n<meta property=\"og:locale\" content=\"es_ES\" \/>\n<meta property=\"og:type\" content=\"article\" \/>\n<meta property=\"og:title\" content=\"Reestructuraci\u00f3n en Nissan, cambios clave en la producci\u00f3n automotriz latinoamericana -\" \/>\n<meta property=\"og:description\" content=\"Nissan Motor Corp. ha anunciado un cambio estrat\u00e9gico en sus operaciones industriales en Am\u00e9rica Latina con el objetivo de mejorar..\" \/>\n<meta property=\"og:url\" content=\"https:\/\/autofans.com.ar\/index.php\/2025\/04\/03\/reestructuracion-en-nissan-cambios-clave-en-la-produccion-automotriz-latinoamericana\/\" \/>\n<meta property=\"article:published_time\" content=\"2025-04-03T21:36:41+00:00\" \/>\n<meta property=\"og:image\" content=\"https:\/\/autofans.com.ar\/wp-content\/uploads\/2025\/04\/nissan-2.jpg\" \/>\n\t<meta property=\"og:image:width\" content=\"1000\" \/>\n\t<meta property=\"og:image:height\" content=\"667\" \/>\n\t<meta property=\"og:image:type\" content=\"image\/jpeg\" \/>\n<meta name=\"author\" content=\"Alejandro Gabriel Rosito\" \/>\n<meta name=\"twitter:card\" content=\"summary_large_image\" \/>\n<meta name=\"twitter:label1\" content=\"Escrito por\" \/>\n\t<meta name=\"twitter:data1\" content=\"Alejandro Gabriel Rosito\" \/>\n\t<meta name=\"twitter:label2\" content=\"Tiempo de lectura\" \/>\n\t<meta name=\"twitter:data2\" content=\"3 minutos\" \/>\n<script type=\"application\/ld+json\" class=\"yoast-schema-graph\">{\"@context\":\"https:\\\/\\\/schema.org\",\"@graph\":[{\"@type\":\"Article\",\"@id\":\"https:\\\/\\\/autofans.com.ar\\\/index.php\\\/2025\\\/04\\\/03\\\/reestructuracion-en-nissan-cambios-clave-en-la-produccion-automotriz-latinoamericana\\\/#article\",\"isPartOf\":{\"@id\":\"https:\\\/\\\/autofans.com.ar\\\/index.php\\\/2025\\\/04\\\/03\\\/reestructuracion-en-nissan-cambios-clave-en-la-produccion-automotriz-latinoamericana\\\/\"},\"author\":{\"name\":\"Alejandro Gabriel Rosito\",\"@id\":\"https:\\\/\\\/autofans.com.ar\\\/#\\\/schema\\\/person\\\/4a8dda0b6df83ac3d6723e921274c2aa\"},\"headline\":\"Reestructuraci\u00f3n en Nissan, cambios clave en la producci\u00f3n automotriz latinoamericana\",\"datePublished\":\"2025-04-03T21:36:41+00:00\",\"mainEntityOfPage\":{\"@id\":\"https:\\\/\\\/autofans.com.ar\\\/index.php\\\/2025\\\/04\\\/03\\\/reestructuracion-en-nissan-cambios-clave-en-la-produccion-automotriz-latinoamericana\\\/\"},\"wordCount\":458,\"image\":{\"@id\":\"https:\\\/\\\/autofans.com.ar\\\/index.php\\\/2025\\\/04\\\/03\\\/reestructuracion-en-nissan-cambios-clave-en-la-produccion-automotriz-latinoamericana\\\/#primaryimage\"},\"thumbnailUrl\":\"https:\\\/\\\/autofans.com.ar\\\/wp-content\\\/uploads\\\/2025\\\/04\\\/nissan-2.jpg\",\"keywords\":[\"autos en Argentina\",\"concesionarios Nissan Argentina\",\"fabricaci\u00f3n de autos\",\"Industria Automotriz\",\"mercado automotor\",\"Nissan Am\u00e9rica Latina\",\"Nissan Frontier\",\"Nissan Navara\",\"pickups Nissan\",\"producci\u00f3n nissan m\u00e9xico\"],\"articleSection\":[\"AUTOS y SUV\",\"NOTICIAS\"],\"inLanguage\":\"es\"},{\"@type\":\"WebPage\",\"@id\":\"https:\\\/\\\/autofans.com.ar\\\/index.php\\\/2025\\\/04\\\/03\\\/reestructuracion-en-nissan-cambios-clave-en-la-produccion-automotriz-latinoamericana\\\/\",\"url\":\"https:\\\/\\\/autofans.com.ar\\\/index.php\\\/2025\\\/04\\\/03\\\/reestructuracion-en-nissan-cambios-clave-en-la-produccion-automotriz-latinoamericana\\\/\",\"name\":\"Reestructuraci\u00f3n en Nissan, cambios clave en la producci\u00f3n automotriz latinoamericana -\",\"isPartOf\":{\"@id\":\"https:\\\/\\\/autofans.com.ar\\\/#website\"},\"primaryImageOfPage\":{\"@id\":\"https:\\\/\\\/autofans.com.ar\\\/index.php\\\/2025\\\/04\\\/03\\\/reestructuracion-en-nissan-cambios-clave-en-la-produccion-automotriz-latinoamericana\\\/#primaryimage\"},\"image\":{\"@id\":\"https:\\\/\\\/autofans.com.ar\\\/index.php\\\/2025\\\/04\\\/03\\\/reestructuracion-en-nissan-cambios-clave-en-la-produccion-automotriz-latinoamericana\\\/#primaryimage\"},\"thumbnailUrl\":\"https:\\\/\\\/autofans.com.ar\\\/wp-content\\\/uploads\\\/2025\\\/04\\\/nissan-2.jpg\",\"datePublished\":\"2025-04-03T21:36:41+00:00\",\"author\":{\"@id\":\"https:\\\/\\\/autofans.com.ar\\\/#\\\/schema\\\/person\\\/4a8dda0b6df83ac3d6723e921274c2aa\"},\"description\":\"Nissan Motor Corp. ha anunciado un cambio estrat\u00e9gico en sus operaciones industriales en Am\u00e9rica Latina con el objetivo de mejorar..\",\"breadcrumb\":{\"@id\":\"https:\\\/\\\/autofans.com.ar\\\/index.php\\\/2025\\\/04\\\/03\\\/reestructuracion-en-nissan-cambios-clave-en-la-produccion-automotriz-latinoamericana\\\/#breadcrumb\"},\"inLanguage\":\"es\",\"potentialAction\":[{\"@type\":\"ReadAction\",\"target\":[\"https:\\\/\\\/autofans.com.ar\\\/index.php\\\/2025\\\/04\\\/03\\\/reestructuracion-en-nissan-cambios-clave-en-la-produccion-automotriz-latinoamericana\\\/\"]}]},{\"@type\":\"ImageObject\",\"inLanguage\":\"es\",\"@id\":\"https:\\\/\\\/autofans.com.ar\\\/index.php\\\/2025\\\/04\\\/03\\\/reestructuracion-en-nissan-cambios-clave-en-la-produccion-automotriz-latinoamericana\\\/#primaryimage\",\"url\":\"https:\\\/\\\/autofans.com.ar\\\/wp-content\\\/uploads\\\/2025\\\/04\\\/nissan-2.jpg\",\"contentUrl\":\"https:\\\/\\\/autofans.com.ar\\\/wp-content\\\/uploads\\\/2025\\\/04\\\/nissan-2.jpg\",\"width\":1000,\"height\":667,\"caption\":\"Nissan\"},{\"@type\":\"BreadcrumbList\",\"@id\":\"https:\\\/\\\/autofans.com.ar\\\/index.php\\\/2025\\\/04\\\/03\\\/reestructuracion-en-nissan-cambios-clave-en-la-produccion-automotriz-latinoamericana\\\/#breadcrumb\",\"itemListElement\":[{\"@type\":\"ListItem\",\"position\":1,\"name\":\"Inicio\",\"item\":\"https:\\\/\\\/autofans.com.ar\\\/\"},{\"@type\":\"ListItem\",\"position\":2,\"name\":\"Reestructuraci\u00f3n en Nissan, cambios clave en la producci\u00f3n automotriz latinoamericana\"}]},{\"@type\":\"WebSite\",\"@id\":\"https:\\\/\\\/autofans.com.ar\\\/#website\",\"url\":\"https:\\\/\\\/autofans.com.ar\\\/\",\"name\":\"\",\"description\":\"El multimedio referente de la industria automotriz\",\"potentialAction\":[{\"@type\":\"SearchAction\",\"target\":{\"@type\":\"EntryPoint\",\"urlTemplate\":\"https:\\\/\\\/autofans.com.ar\\\/?s={search_term_string}\"},\"query-input\":{\"@type\":\"PropertyValueSpecification\",\"valueRequired\":true,\"valueName\":\"search_term_string\"}}],\"inLanguage\":\"es\"},{\"@type\":\"Person\",\"@id\":\"https:\\\/\\\/autofans.com.ar\\\/#\\\/schema\\\/person\\\/4a8dda0b6df83ac3d6723e921274c2aa\",\"name\":\"Alejandro Gabriel Rosito\",\"image\":{\"@type\":\"ImageObject\",\"inLanguage\":\"es\",\"@id\":\"https:\\\/\\\/secure.gravatar.com\\\/avatar\\\/16c5dda1489adfc62618084dcbb91cffd879c374b13fe5dd8e44ed6733852c88?s=96&d=mm&r=g\",\"url\":\"https:\\\/\\\/secure.gravatar.com\\\/avatar\\\/16c5dda1489adfc62618084dcbb91cffd879c374b13fe5dd8e44ed6733852c88?s=96&d=mm&r=g\",\"contentUrl\":\"https:\\\/\\\/secure.gravatar.com\\\/avatar\\\/16c5dda1489adfc62618084dcbb91cffd879c374b13fe5dd8e44ed6733852c88?s=96&d=mm&r=g\",\"caption\":\"Alejandro Gabriel Rosito\"},\"url\":\"https:\\\/\\\/autofans.com.ar\\\/index.php\\\/author\\\/gabrielr\\\/\"}]}<\/script>\n<!-- \/ Yoast SEO plugin. -->","yoast_head_json":{"title":"Reestructuraci\u00f3n en Nissan, cambios clave en la producci\u00f3n automotriz latinoamericana -","description":"Nissan Motor Corp. ha anunciado un cambio estrat\u00e9gico en sus operaciones industriales en Am\u00e9rica Latina con el objetivo de mejorar..","robots":{"index":"index","follow":"follow","max-snippet":"max-snippet:-1","max-image-preview":"max-image-preview:large","max-video-preview":"max-video-preview:-1"},"canonical":"https:\/\/autofans.com.ar\/index.php\/2025\/04\/03\/reestructuracion-en-nissan-cambios-clave-en-la-produccion-automotriz-latinoamericana\/","og_locale":"es_ES","og_type":"article","og_title":"Reestructuraci\u00f3n en Nissan, cambios clave en la producci\u00f3n automotriz latinoamericana -","og_description":"Nissan Motor Corp. ha anunciado un cambio estrat\u00e9gico en sus operaciones industriales en Am\u00e9rica Latina con el objetivo de mejorar..","og_url":"https:\/\/autofans.com.ar\/index.php\/2025\/04\/03\/reestructuracion-en-nissan-cambios-clave-en-la-produccion-automotriz-latinoamericana\/","article_published_time":"2025-04-03T21:36:41+00:00","og_image":[{"width":1000,"height":667,"url":"https:\/\/autofans.com.ar\/wp-content\/uploads\/2025\/04\/nissan-2.jpg","type":"image\/jpeg"}],"author":"Alejandro Gabriel Rosito","twitter_card":"summary_large_image","twitter_misc":{"Escrito por":"Alejandro Gabriel Rosito","Tiempo de lectura":"3 minutos"},"schema":{"@context":"https:\/\/schema.org","@graph":[{"@type":"Article","@id":"https:\/\/autofans.com.ar\/index.php\/2025\/04\/03\/reestructuracion-en-nissan-cambios-clave-en-la-produccion-automotriz-latinoamericana\/#article","isPartOf":{"@id":"https:\/\/autofans.com.ar\/index.php\/2025\/04\/03\/reestructuracion-en-nissan-cambios-clave-en-la-produccion-automotriz-latinoamericana\/"},"author":{"name":"Alejandro Gabriel Rosito","@id":"https:\/\/autofans.com.ar\/#\/schema\/person\/4a8dda0b6df83ac3d6723e921274c2aa"},"headline":"Reestructuraci\u00f3n en Nissan, cambios clave en la producci\u00f3n automotriz latinoamericana","datePublished":"2025-04-03T21:36:41+00:00","mainEntityOfPage":{"@id":"https:\/\/autofans.com.ar\/index.php\/2025\/04\/03\/reestructuracion-en-nissan-cambios-clave-en-la-produccion-automotriz-latinoamericana\/"},"wordCount":458,"image":{"@id":"https:\/\/autofans.com.ar\/index.php\/2025\/04\/03\/reestructuracion-en-nissan-cambios-clave-en-la-produccion-automotriz-latinoamericana\/#primaryimage"},"thumbnailUrl":"https:\/\/autofans.com.ar\/wp-content\/uploads\/2025\/04\/nissan-2.jpg","keywords":["autos en Argentina","concesionarios Nissan Argentina","fabricaci\u00f3n de autos","Industria Automotriz","mercado automotor","Nissan Am\u00e9rica Latina","Nissan Frontier","Nissan Navara","pickups Nissan","producci\u00f3n nissan m\u00e9xico"],"articleSection":["AUTOS y SUV","NOTICIAS"],"inLanguage":"es"},{"@type":"WebPage","@id":"https:\/\/autofans.com.ar\/index.php\/2025\/04\/03\/reestructuracion-en-nissan-cambios-clave-en-la-produccion-automotriz-latinoamericana\/","url":"https:\/\/autofans.com.ar\/index.php\/2025\/04\/03\/reestructuracion-en-nissan-cambios-clave-en-la-produccion-automotriz-latinoamericana\/","name":"Reestructuraci\u00f3n en Nissan, cambios clave en la producci\u00f3n automotriz latinoamericana -","isPartOf":{"@id":"https:\/\/autofans.com.ar\/#website"},"primaryImageOfPage":{"@id":"https:\/\/autofans.com.ar\/index.php\/2025\/04\/03\/reestructuracion-en-nissan-cambios-clave-en-la-produccion-automotriz-latinoamericana\/#primaryimage"},"image":{"@id":"https:\/\/autofans.com.ar\/index.php\/2025\/04\/03\/reestructuracion-en-nissan-cambios-clave-en-la-produccion-automotriz-latinoamericana\/#primaryimage"},"thumbnailUrl":"https:\/\/autofans.com.ar\/wp-content\/uploads\/2025\/04\/nissan-2.jpg","datePublished":"2025-04-03T21:36:41+00:00","author":{"@id":"https:\/\/autofans.com.ar\/#\/schema\/person\/4a8dda0b6df83ac3d6723e921274c2aa"},"description":"Nissan Motor Corp. ha anunciado un cambio estrat\u00e9gico en sus operaciones industriales en Am\u00e9rica Latina con el objetivo de mejorar..","breadcrumb":{"@id":"https:\/\/autofans.com.ar\/index.php\/2025\/04\/03\/reestructuracion-en-nissan-cambios-clave-en-la-produccion-automotriz-latinoamericana\/#breadcrumb"},"inLanguage":"es","potentialAction":[{"@type":"ReadAction","target":["https:\/\/autofans.com.ar\/index.php\/2025\/04\/03\/reestructuracion-en-nissan-cambios-clave-en-la-produccion-automotriz-latinoamericana\/"]}]},{"@type":"ImageObject","inLanguage":"es","@id":"https:\/\/autofans.com.ar\/index.php\/2025\/04\/03\/reestructuracion-en-nissan-cambios-clave-en-la-produccion-automotriz-latinoamericana\/#primaryimage","url":"https:\/\/autofans.com.ar\/wp-content\/uploads\/2025\/04\/nissan-2.jpg","contentUrl":"https:\/\/autofans.com.ar\/wp-content\/uploads\/2025\/04\/nissan-2.jpg","width":1000,"height":667,"caption":"Nissan"},{"@type":"BreadcrumbList","@id":"https:\/\/autofans.com.ar\/index.php\/2025\/04\/03\/reestructuracion-en-nissan-cambios-clave-en-la-produccion-automotriz-latinoamericana\/#breadcrumb","itemListElement":[{"@type":"ListItem","position":1,"name":"Inicio","item":"https:\/\/autofans.com.ar\/"},{"@type":"ListItem","position":2,"name":"Reestructuraci\u00f3n en Nissan, cambios clave en la producci\u00f3n automotriz latinoamericana"}]},{"@type":"WebSite","@id":"https:\/\/autofans.com.ar\/#website","url":"https:\/\/autofans.com.ar\/","name":"","description":"El multimedio referente de la industria automotriz","potentialAction":[{"@type":"SearchAction","target":{"@type":"EntryPoint","urlTemplate":"https:\/\/autofans.com.ar\/?s={search_term_string}"},"query-input":{"@type":"PropertyValueSpecification","valueRequired":true,"valueName":"search_term_string"}}],"inLanguage":"es"},{"@type":"Person","@id":"https:\/\/autofans.com.ar\/#\/schema\/person\/4a8dda0b6df83ac3d6723e921274c2aa","name":"Alejandro Gabriel Rosito","image":{"@type":"ImageObject","inLanguage":"es","@id":"https:\/\/secure.gravatar.com\/avatar\/16c5dda1489adfc62618084dcbb91cffd879c374b13fe5dd8e44ed6733852c88?s=96&d=mm&r=g","url":"https:\/\/secure.gravatar.com\/avatar\/16c5dda1489adfc62618084dcbb91cffd879c374b13fe5dd8e44ed6733852c88?s=96&d=mm&r=g","contentUrl":"https:\/\/secure.gravatar.com\/avatar\/16c5dda1489adfc62618084dcbb91cffd879c374b13fe5dd8e44ed6733852c88?s=96&d=mm&r=g","caption":"Alejandro Gabriel Rosito"},"url":"https:\/\/autofans.com.ar\/index.php\/author\/gabrielr\/"}]}},"featured_image_urls":{"full":["https:\/\/autofans.com.ar\/wp-content\/uploads\/2025\/04\/nissan-2.jpg",1000,667,false],"thumbnail":["https:\/\/autofans.com.ar\/wp-content\/uploads\/2025\/04\/nissan-2-150x150.jpg",150,150,true],"medium":["https:\/\/autofans.com.ar\/wp-content\/uploads\/2025\/04\/nissan-2-300x200.jpg",300,200,true],"medium_large":["https:\/\/autofans.com.ar\/wp-content\/uploads\/2025\/04\/nissan-2-768x512.jpg",640,427,true],"large":["https:\/\/autofans.com.ar\/wp-content\/uploads\/2025\/04\/nissan-2.jpg",640,427,false],"1536x1536":["https:\/\/autofans.com.ar\/wp-content\/uploads\/2025\/04\/nissan-2.jpg",1000,667,false],"2048x2048":["https:\/\/autofans.com.ar\/wp-content\/uploads\/2025\/04\/nissan-2.jpg",1000,667,false],"covernews-featured":["https:\/\/autofans.com.ar\/wp-content\/uploads\/2025\/04\/nissan-2.jpg",1000,667,false],"covernews-medium":["https:\/\/autofans.com.ar\/wp-content\/uploads\/2025\/04\/nissan-2-540x340.jpg",540,340,true]},"author_info":{"display_name":"Alejandro Gabriel Rosito","author_link":"https:\/\/autofans.com.ar\/index.php\/author\/gabrielr\/"},"category_info":"<a href=\"https:\/\/autofans.com.ar\/index.php\/category\/noticias\/autos\/\" rel=\"category tag\">AUTOS y SUV<\/a> <a href=\"https:\/\/autofans.com.ar\/index.php\/category\/noticias\/\" rel=\"category tag\">NOTICIAS<\/a>","tag_info":"NOTICIAS","comment_count":0,"_links":{"self":[{"href":"https:\/\/autofans.com.ar\/index.php\/wp-json\/wp\/v2\/posts\/11806","targetHints":{"allow":["GET"]}}],"collection":[{"href":"https:\/\/autofans.com.ar\/index.php\/wp-json\/wp\/v2\/posts"}],"about":[{"href":"https:\/\/autofans.com.ar\/index.php\/wp-json\/wp\/v2\/types\/post"}],"author":[{"embeddable":true,"href":"https:\/\/autofans.com.ar\/index.php\/wp-json\/wp\/v2\/users\/2"}],"replies":[{"embeddable":true,"href":"https:\/\/autofans.com.ar\/index.php\/wp-json\/wp\/v2\/comments?post=11806"}],"version-history":[{"count":1,"href":"https:\/\/autofans.com.ar\/index.php\/wp-json\/wp\/v2\/posts\/11806\/revisions"}],"predecessor-version":[{"id":11810,"href":"https:\/\/autofans.com.ar\/index.php\/wp-json\/wp\/v2\/posts\/11806\/revisions\/11810"}],"wp:featuredmedia":[{"embeddable":true,"href":"https:\/\/autofans.com.ar\/index.php\/wp-json\/wp\/v2\/media\/11808"}],"wp:attachment":[{"href":"https:\/\/autofans.com.ar\/index.php\/wp-json\/wp\/v2\/media?parent=11806"}],"wp:term":[{"taxonomy":"category","embeddable":true,"href":"https:\/\/autofans.com.ar\/index.php\/wp-json\/wp\/v2\/categories?post=11806"},{"taxonomy":"post_tag","embeddable":true,"href":"https:\/\/autofans.com.ar\/index.php\/wp-json\/wp\/v2\/tags?post=11806"}],"curies":[{"name":"wp","href":"https:\/\/api.w.org\/{rel}","templated":true}]}}