{"id":11844,"date":"2025-04-08T18:31:47","date_gmt":"2025-04-08T21:31:47","guid":{"rendered":"https:\/\/autofans.com.ar\/?p=11844"},"modified":"2025-04-08T18:31:47","modified_gmt":"2025-04-08T21:31:47","slug":"volkswagen-producira-una-nueva-pick-up-en-general-pacheco","status":"publish","type":"post","link":"https:\/\/autofans.com.ar\/index.php\/2025\/04\/08\/volkswagen-producira-una-nueva-pick-up-en-general-pacheco\/","title":{"rendered":"Volkswagen producir\u00e1 una nueva pick-up en General Pacheco"},"content":{"rendered":"<p class=\"\" data-start=\"547\" data-end=\"844\">Volkswagen Argentina anunci\u00f3 una inversi\u00f3n de USD 580 millones para fabricar una nueva pick-up mediana a partir de 2027. Este nuevo modelo ser\u00e1 el reemplazo de la Amarok y se producir\u00e1 en el Centro Industrial Pacheco, consolidando el rol estrat\u00e9gico de la filial local dentro del Grupo Volkswagen.<\/p>\n<p class=\"\" data-start=\"846\" data-end=\"1105\">La inversi\u00f3n forma parte del compromiso de la marca con la movilidad sustentable, la innovaci\u00f3n y la eficiencia en sus procesos productivos. Adem\u00e1s, representa un nuevo paso para seguir posicionando a la Argentina como centro de producci\u00f3n clave en la regi\u00f3n.<\/p>\n<p data-start=\"846\" data-end=\"1105\"><span style=\"color: #ffffff;\">.<\/span><\/p>\n<h2 data-start=\"1112\" data-end=\"1172\">Amarok &#8211; 15 a\u00f1os de historia desde Argentina al mundo<\/h2>\n<p class=\"\" data-start=\"1174\" data-end=\"1392\">Lanzada en 2010, la Amarok lleva m\u00e1s de 770.000 unidades fabricadas en el pa\u00eds. Fue la primera pick-up de Volkswagen y la planta de Pacheco, la primera en producir este tipo de veh\u00edculos para la marca a nivel mundial.<\/p>\n<p data-start=\"1174\" data-end=\"1392\"><span style=\"color: #ffffff;\">.<\/span><\/p>\n<p data-start=\"1174\" data-end=\"1392\"><img fetchpriority=\"high\" decoding=\"async\" class=\"aligncenter wp-image-11849 size-full\" src=\"https:\/\/autofans.com.ar\/wp-content\/uploads\/2025\/04\/amarok-2.jpg\" alt=\"Volkswagen\" width=\"1000\" height=\"667\" srcset=\"https:\/\/autofans.com.ar\/wp-content\/uploads\/2025\/04\/amarok-2.jpg 1000w, https:\/\/autofans.com.ar\/wp-content\/uploads\/2025\/04\/amarok-2-300x200.jpg 300w, https:\/\/autofans.com.ar\/wp-content\/uploads\/2025\/04\/amarok-2-768x512.jpg 768w\" sizes=\"(max-width: 1000px) 100vw, 1000px\" \/><\/p>\n<p data-start=\"1174\" data-end=\"1392\"><span style=\"color: #ffffff;\">.<\/span><\/p>\n<p class=\"\" data-start=\"1394\" data-end=\"1685\">Con la experiencia acumulada durante estos a\u00f1os, Volkswagen desarrollar\u00e1 un nuevo modelo con tecnolog\u00eda de \u00faltima generaci\u00f3n y soluciones digitales avanzadas. Tambi\u00e9n se prev\u00e9n mejoras en los procesos industriales para elevar los est\u00e1ndares de calidad, innovaci\u00f3n y sostenibilidad ambiental.<\/p>\n<p data-start=\"1692\" data-end=\"1737\"><span style=\"color: #ffffff;\">.<\/span><\/p>\n<h2 data-start=\"1692\" data-end=\"1737\">Volkswagen &#8211; producci\u00f3n regional con mirada global<\/h2>\n<p class=\"\" data-start=\"1739\" data-end=\"2029\">Aunque la nueva pick-up se fabricar\u00e1 en Argentina para el mercado latinoamericano, la actual alianza productiva en Sud\u00e1frica seguir\u00e1 vigente para abastecer a otros mercados internacionales. As\u00ed, Volkswagen busca garantizar una cobertura global sin perder foco en las necesidades regionales.<\/p>\n<p data-start=\"1739\" data-end=\"2029\"><span style=\"color: #ffffff;\">.<\/span><\/p>\n<p data-start=\"1739\" data-end=\"2029\"><img decoding=\"async\" class=\"aligncenter wp-image-11848 size-full\" src=\"https:\/\/autofans.com.ar\/wp-content\/uploads\/2025\/04\/amarok-3.jpg\" alt=\"Volkswagen\" width=\"1000\" height=\"667\" srcset=\"https:\/\/autofans.com.ar\/wp-content\/uploads\/2025\/04\/amarok-3.jpg 1000w, https:\/\/autofans.com.ar\/wp-content\/uploads\/2025\/04\/amarok-3-300x200.jpg 300w, https:\/\/autofans.com.ar\/wp-content\/uploads\/2025\/04\/amarok-3-768x512.jpg 768w\" sizes=\"(max-width: 1000px) 100vw, 1000px\" \/><\/p>\n<p data-start=\"2031\" data-end=\"2200\"><span style=\"color: #ffffff;\">.<\/span><\/p>\n<p class=\"\" data-start=\"2031\" data-end=\"2200\">Esta inversi\u00f3n reafirma la apuesta de la marca por el desarrollo industrial del pa\u00eds, potenciando su capacidad exportadora y su impacto en la cadena de valor automotriz.<\/p>\n<p data-start=\"2031\" data-end=\"2200\"><span style=\"color: #ffffff;\">.<\/span><\/p>\n<p data-start=\"2031\" data-end=\"2200\"><span style=\"color: #ffffff;\">.<\/span><\/p>\n<p data-start=\"2031\" data-end=\"2200\"><span style=\"color: #ffffff;\">.<\/span><\/p>\n<p data-start=\"2031\" data-end=\"2200\"><span style=\"color: #ffffff;\">.<\/span><\/p>\n<p><i>Para enterarte de m\u00e1s novedades, no dejes de leer\u00a0<\/i><a href=\"https:\/\/autofans.thebrandsoup.com\/\"><i>nuestras notas<\/i><\/a><i>, de ver<\/i><b><i>\u00a0<\/i><\/b><a href=\"https:\/\/www.youtube.com\/channel\/UCgAC8UGHZYbT6P7PpmVnP7g\"><b><i>AUTOFANS TV<\/i><\/b><\/a><b><i>\u00a0<\/i><\/b><i>en nuestro\u00a0canal de Youtube. Adem\u00e1s seguinos en\u00a0<\/i><a href=\"https:\/\/www.instagram.com\/autofanstv\/\"><i>INSTAGRAM<\/i><\/a><i> y <\/i><a href=\"https:\/\/www.facebook.com\/autofansmas\/\"><i>FACEBOOK<\/i><\/a><i> para no perderte nada sobre las novedades del segmento automotor de Argentina y el mundo.<\/i><\/p>\n","protected":false},"excerpt":{"rendered":"<p>Volkswagen Argentina anunci\u00f3 una inversi\u00f3n de USD 580 millones para fabricar una nueva pick-up mediana&#8230;<\/p>\n","protected":false},"author":2,"featured_media":11850,"comment_status":"closed","ping_status":"closed","sticky":false,"template":"","format":"standard","meta":{"footnotes":""},"categories":[16,5],"tags":[2995,2526,3717,1460,4366,6456,6457,75],"class_list":["post-11844","post","type-post","status-publish","format-standard","has-post-thumbnail","hentry","category-noticias","category-otros","tag-grupo-volkswagen","tag-industria-automotriz-argentina","tag-inversion-automotriz","tag-movilidad-sustentable","tag-nueva-amarok","tag-pick-up-mediana","tag-planta-pacheco","tag-volkswagen-argentina"],"yoast_head":"<!-- This site is optimized with the Yoast SEO plugin v27.5 - https:\/\/yoast.com\/product\/yoast-seo-wordpress\/ -->\n<title>Volkswagen producir\u00e1 una nueva pick-up en General Pacheco -<\/title>\n<meta name=\"description\" content=\"Volkswagen Argentina anunci\u00f3 una inversi\u00f3n de USD 580 millones para fabricar una nueva pick-up mediana a partir de 2027....\" \/>\n<meta name=\"robots\" content=\"index, follow, max-snippet:-1, max-image-preview:large, max-video-preview:-1\" \/>\n<link rel=\"canonical\" href=\"https:\/\/autofans.com.ar\/index.php\/2025\/04\/08\/volkswagen-producira-una-nueva-pick-up-en-general-pacheco\/\" \/>\n<meta property=\"og:locale\" content=\"es_ES\" \/>\n<meta property=\"og:type\" content=\"article\" \/>\n<meta property=\"og:title\" content=\"Volkswagen producir\u00e1 una nueva pick-up en General Pacheco -\" \/>\n<meta property=\"og:description\" content=\"Volkswagen Argentina anunci\u00f3 una inversi\u00f3n de USD 580 millones para fabricar una nueva pick-up mediana a partir de 2027....\" \/>\n<meta property=\"og:url\" content=\"https:\/\/autofans.com.ar\/index.php\/2025\/04\/08\/volkswagen-producira-una-nueva-pick-up-en-general-pacheco\/\" \/>\n<meta property=\"article:published_time\" content=\"2025-04-08T21:31:47+00:00\" \/>\n<meta property=\"og:image\" content=\"https:\/\/autofans.com.ar\/wp-content\/uploads\/2025\/04\/amarok-1.jpg\" \/>\n\t<meta property=\"og:image:width\" content=\"1000\" \/>\n\t<meta property=\"og:image:height\" content=\"667\" \/>\n\t<meta property=\"og:image:type\" content=\"image\/jpeg\" \/>\n<meta name=\"author\" content=\"Alejandro Gabriel Rosito\" \/>\n<meta name=\"twitter:card\" content=\"summary_large_image\" \/>\n<meta name=\"twitter:label1\" content=\"Escrito por\" \/>\n\t<meta name=\"twitter:data1\" content=\"Alejandro Gabriel Rosito\" \/>\n\t<meta name=\"twitter:label2\" content=\"Tiempo de lectura\" \/>\n\t<meta name=\"twitter:data2\" content=\"2 minutos\" \/>\n<script type=\"application\/ld+json\" class=\"yoast-schema-graph\">{\"@context\":\"https:\\\/\\\/schema.org\",\"@graph\":[{\"@type\":\"Article\",\"@id\":\"https:\\\/\\\/autofans.com.ar\\\/index.php\\\/2025\\\/04\\\/08\\\/volkswagen-producira-una-nueva-pick-up-en-general-pacheco\\\/#article\",\"isPartOf\":{\"@id\":\"https:\\\/\\\/autofans.com.ar\\\/index.php\\\/2025\\\/04\\\/08\\\/volkswagen-producira-una-nueva-pick-up-en-general-pacheco\\\/\"},\"author\":{\"name\":\"Alejandro Gabriel Rosito\",\"@id\":\"https:\\\/\\\/autofans.com.ar\\\/#\\\/schema\\\/person\\\/4a8dda0b6df83ac3d6723e921274c2aa\"},\"headline\":\"Volkswagen producir\u00e1 una nueva pick-up en General Pacheco\",\"datePublished\":\"2025-04-08T21:31:47+00:00\",\"mainEntityOfPage\":{\"@id\":\"https:\\\/\\\/autofans.com.ar\\\/index.php\\\/2025\\\/04\\\/08\\\/volkswagen-producira-una-nueva-pick-up-en-general-pacheco\\\/\"},\"wordCount\":319,\"image\":{\"@id\":\"https:\\\/\\\/autofans.com.ar\\\/index.php\\\/2025\\\/04\\\/08\\\/volkswagen-producira-una-nueva-pick-up-en-general-pacheco\\\/#primaryimage\"},\"thumbnailUrl\":\"https:\\\/\\\/autofans.com.ar\\\/wp-content\\\/uploads\\\/2025\\\/04\\\/amarok-1.jpg\",\"keywords\":[\"Grupo Volkswagen\",\"industria automotriz argentina\",\"Inversi\u00f3n Automotriz\",\"movilidad sustentable\",\"nueva Amarok\",\"pick-up mediana\",\"planta Pacheco\",\"Volkswagen Argentina\"],\"articleSection\":[\"NOTICIAS\",\"PICK UPs, UTILITARIOS Y OTROS\"],\"inLanguage\":\"es\"},{\"@type\":\"WebPage\",\"@id\":\"https:\\\/\\\/autofans.com.ar\\\/index.php\\\/2025\\\/04\\\/08\\\/volkswagen-producira-una-nueva-pick-up-en-general-pacheco\\\/\",\"url\":\"https:\\\/\\\/autofans.com.ar\\\/index.php\\\/2025\\\/04\\\/08\\\/volkswagen-producira-una-nueva-pick-up-en-general-pacheco\\\/\",\"name\":\"Volkswagen producir\u00e1 una nueva pick-up en General Pacheco -\",\"isPartOf\":{\"@id\":\"https:\\\/\\\/autofans.com.ar\\\/#website\"},\"primaryImageOfPage\":{\"@id\":\"https:\\\/\\\/autofans.com.ar\\\/index.php\\\/2025\\\/04\\\/08\\\/volkswagen-producira-una-nueva-pick-up-en-general-pacheco\\\/#primaryimage\"},\"image\":{\"@id\":\"https:\\\/\\\/autofans.com.ar\\\/index.php\\\/2025\\\/04\\\/08\\\/volkswagen-producira-una-nueva-pick-up-en-general-pacheco\\\/#primaryimage\"},\"thumbnailUrl\":\"https:\\\/\\\/autofans.com.ar\\\/wp-content\\\/uploads\\\/2025\\\/04\\\/amarok-1.jpg\",\"datePublished\":\"2025-04-08T21:31:47+00:00\",\"author\":{\"@id\":\"https:\\\/\\\/autofans.com.ar\\\/#\\\/schema\\\/person\\\/4a8dda0b6df83ac3d6723e921274c2aa\"},\"description\":\"Volkswagen Argentina anunci\u00f3 una inversi\u00f3n de USD 580 millones para fabricar una nueva pick-up mediana a partir de 2027....\",\"breadcrumb\":{\"@id\":\"https:\\\/\\\/autofans.com.ar\\\/index.php\\\/2025\\\/04\\\/08\\\/volkswagen-producira-una-nueva-pick-up-en-general-pacheco\\\/#breadcrumb\"},\"inLanguage\":\"es\",\"potentialAction\":[{\"@type\":\"ReadAction\",\"target\":[\"https:\\\/\\\/autofans.com.ar\\\/index.php\\\/2025\\\/04\\\/08\\\/volkswagen-producira-una-nueva-pick-up-en-general-pacheco\\\/\"]}]},{\"@type\":\"ImageObject\",\"inLanguage\":\"es\",\"@id\":\"https:\\\/\\\/autofans.com.ar\\\/index.php\\\/2025\\\/04\\\/08\\\/volkswagen-producira-una-nueva-pick-up-en-general-pacheco\\\/#primaryimage\",\"url\":\"https:\\\/\\\/autofans.com.ar\\\/wp-content\\\/uploads\\\/2025\\\/04\\\/amarok-1.jpg\",\"contentUrl\":\"https:\\\/\\\/autofans.com.ar\\\/wp-content\\\/uploads\\\/2025\\\/04\\\/amarok-1.jpg\",\"width\":1000,\"height\":667,\"caption\":\"Volkswagen\"},{\"@type\":\"BreadcrumbList\",\"@id\":\"https:\\\/\\\/autofans.com.ar\\\/index.php\\\/2025\\\/04\\\/08\\\/volkswagen-producira-una-nueva-pick-up-en-general-pacheco\\\/#breadcrumb\",\"itemListElement\":[{\"@type\":\"ListItem\",\"position\":1,\"name\":\"Inicio\",\"item\":\"https:\\\/\\\/autofans.com.ar\\\/\"},{\"@type\":\"ListItem\",\"position\":2,\"name\":\"Volkswagen producir\u00e1 una nueva pick-up en General Pacheco\"}]},{\"@type\":\"WebSite\",\"@id\":\"https:\\\/\\\/autofans.com.ar\\\/#website\",\"url\":\"https:\\\/\\\/autofans.com.ar\\\/\",\"name\":\"\",\"description\":\"El multimedio referente de la industria automotriz\",\"potentialAction\":[{\"@type\":\"SearchAction\",\"target\":{\"@type\":\"EntryPoint\",\"urlTemplate\":\"https:\\\/\\\/autofans.com.ar\\\/?s={search_term_string}\"},\"query-input\":{\"@type\":\"PropertyValueSpecification\",\"valueRequired\":true,\"valueName\":\"search_term_string\"}}],\"inLanguage\":\"es\"},{\"@type\":\"Person\",\"@id\":\"https:\\\/\\\/autofans.com.ar\\\/#\\\/schema\\\/person\\\/4a8dda0b6df83ac3d6723e921274c2aa\",\"name\":\"Alejandro Gabriel Rosito\",\"image\":{\"@type\":\"ImageObject\",\"inLanguage\":\"es\",\"@id\":\"https:\\\/\\\/secure.gravatar.com\\\/avatar\\\/16c5dda1489adfc62618084dcbb91cffd879c374b13fe5dd8e44ed6733852c88?s=96&d=mm&r=g\",\"url\":\"https:\\\/\\\/secure.gravatar.com\\\/avatar\\\/16c5dda1489adfc62618084dcbb91cffd879c374b13fe5dd8e44ed6733852c88?s=96&d=mm&r=g\",\"contentUrl\":\"https:\\\/\\\/secure.gravatar.com\\\/avatar\\\/16c5dda1489adfc62618084dcbb91cffd879c374b13fe5dd8e44ed6733852c88?s=96&d=mm&r=g\",\"caption\":\"Alejandro Gabriel Rosito\"},\"url\":\"https:\\\/\\\/autofans.com.ar\\\/index.php\\\/author\\\/gabrielr\\\/\"}]}<\/script>\n<!-- \/ Yoast SEO plugin. -->","yoast_head_json":{"title":"Volkswagen producir\u00e1 una nueva pick-up en General Pacheco -","description":"Volkswagen Argentina anunci\u00f3 una inversi\u00f3n de USD 580 millones para fabricar una nueva pick-up mediana a partir de 2027....","robots":{"index":"index","follow":"follow","max-snippet":"max-snippet:-1","max-image-preview":"max-image-preview:large","max-video-preview":"max-video-preview:-1"},"canonical":"https:\/\/autofans.com.ar\/index.php\/2025\/04\/08\/volkswagen-producira-una-nueva-pick-up-en-general-pacheco\/","og_locale":"es_ES","og_type":"article","og_title":"Volkswagen producir\u00e1 una nueva pick-up en General Pacheco -","og_description":"Volkswagen Argentina anunci\u00f3 una inversi\u00f3n de USD 580 millones para fabricar una nueva pick-up mediana a partir de 2027....","og_url":"https:\/\/autofans.com.ar\/index.php\/2025\/04\/08\/volkswagen-producira-una-nueva-pick-up-en-general-pacheco\/","article_published_time":"2025-04-08T21:31:47+00:00","og_image":[{"width":1000,"height":667,"url":"https:\/\/autofans.com.ar\/wp-content\/uploads\/2025\/04\/amarok-1.jpg","type":"image\/jpeg"}],"author":"Alejandro Gabriel Rosito","twitter_card":"summary_large_image","twitter_misc":{"Escrito por":"Alejandro Gabriel Rosito","Tiempo de lectura":"2 minutos"},"schema":{"@context":"https:\/\/schema.org","@graph":[{"@type":"Article","@id":"https:\/\/autofans.com.ar\/index.php\/2025\/04\/08\/volkswagen-producira-una-nueva-pick-up-en-general-pacheco\/#article","isPartOf":{"@id":"https:\/\/autofans.com.ar\/index.php\/2025\/04\/08\/volkswagen-producira-una-nueva-pick-up-en-general-pacheco\/"},"author":{"name":"Alejandro Gabriel Rosito","@id":"https:\/\/autofans.com.ar\/#\/schema\/person\/4a8dda0b6df83ac3d6723e921274c2aa"},"headline":"Volkswagen producir\u00e1 una nueva pick-up en General Pacheco","datePublished":"2025-04-08T21:31:47+00:00","mainEntityOfPage":{"@id":"https:\/\/autofans.com.ar\/index.php\/2025\/04\/08\/volkswagen-producira-una-nueva-pick-up-en-general-pacheco\/"},"wordCount":319,"image":{"@id":"https:\/\/autofans.com.ar\/index.php\/2025\/04\/08\/volkswagen-producira-una-nueva-pick-up-en-general-pacheco\/#primaryimage"},"thumbnailUrl":"https:\/\/autofans.com.ar\/wp-content\/uploads\/2025\/04\/amarok-1.jpg","keywords":["Grupo Volkswagen","industria automotriz argentina","Inversi\u00f3n Automotriz","movilidad sustentable","nueva Amarok","pick-up mediana","planta Pacheco","Volkswagen Argentina"],"articleSection":["NOTICIAS","PICK UPs, UTILITARIOS Y OTROS"],"inLanguage":"es"},{"@type":"WebPage","@id":"https:\/\/autofans.com.ar\/index.php\/2025\/04\/08\/volkswagen-producira-una-nueva-pick-up-en-general-pacheco\/","url":"https:\/\/autofans.com.ar\/index.php\/2025\/04\/08\/volkswagen-producira-una-nueva-pick-up-en-general-pacheco\/","name":"Volkswagen producir\u00e1 una nueva pick-up en General Pacheco -","isPartOf":{"@id":"https:\/\/autofans.com.ar\/#website"},"primaryImageOfPage":{"@id":"https:\/\/autofans.com.ar\/index.php\/2025\/04\/08\/volkswagen-producira-una-nueva-pick-up-en-general-pacheco\/#primaryimage"},"image":{"@id":"https:\/\/autofans.com.ar\/index.php\/2025\/04\/08\/volkswagen-producira-una-nueva-pick-up-en-general-pacheco\/#primaryimage"},"thumbnailUrl":"https:\/\/autofans.com.ar\/wp-content\/uploads\/2025\/04\/amarok-1.jpg","datePublished":"2025-04-08T21:31:47+00:00","author":{"@id":"https:\/\/autofans.com.ar\/#\/schema\/person\/4a8dda0b6df83ac3d6723e921274c2aa"},"description":"Volkswagen Argentina anunci\u00f3 una inversi\u00f3n de USD 580 millones para fabricar una nueva pick-up mediana a partir de 2027....","breadcrumb":{"@id":"https:\/\/autofans.com.ar\/index.php\/2025\/04\/08\/volkswagen-producira-una-nueva-pick-up-en-general-pacheco\/#breadcrumb"},"inLanguage":"es","potentialAction":[{"@type":"ReadAction","target":["https:\/\/autofans.com.ar\/index.php\/2025\/04\/08\/volkswagen-producira-una-nueva-pick-up-en-general-pacheco\/"]}]},{"@type":"ImageObject","inLanguage":"es","@id":"https:\/\/autofans.com.ar\/index.php\/2025\/04\/08\/volkswagen-producira-una-nueva-pick-up-en-general-pacheco\/#primaryimage","url":"https:\/\/autofans.com.ar\/wp-content\/uploads\/2025\/04\/amarok-1.jpg","contentUrl":"https:\/\/autofans.com.ar\/wp-content\/uploads\/2025\/04\/amarok-1.jpg","width":1000,"height":667,"caption":"Volkswagen"},{"@type":"BreadcrumbList","@id":"https:\/\/autofans.com.ar\/index.php\/2025\/04\/08\/volkswagen-producira-una-nueva-pick-up-en-general-pacheco\/#breadcrumb","itemListElement":[{"@type":"ListItem","position":1,"name":"Inicio","item":"https:\/\/autofans.com.ar\/"},{"@type":"ListItem","position":2,"name":"Volkswagen producir\u00e1 una nueva pick-up en General Pacheco"}]},{"@type":"WebSite","@id":"https:\/\/autofans.com.ar\/#website","url":"https:\/\/autofans.com.ar\/","name":"","description":"El multimedio referente de la industria automotriz","potentialAction":[{"@type":"SearchAction","target":{"@type":"EntryPoint","urlTemplate":"https:\/\/autofans.com.ar\/?s={search_term_string}"},"query-input":{"@type":"PropertyValueSpecification","valueRequired":true,"valueName":"search_term_string"}}],"inLanguage":"es"},{"@type":"Person","@id":"https:\/\/autofans.com.ar\/#\/schema\/person\/4a8dda0b6df83ac3d6723e921274c2aa","name":"Alejandro Gabriel Rosito","image":{"@type":"ImageObject","inLanguage":"es","@id":"https:\/\/secure.gravatar.com\/avatar\/16c5dda1489adfc62618084dcbb91cffd879c374b13fe5dd8e44ed6733852c88?s=96&d=mm&r=g","url":"https:\/\/secure.gravatar.com\/avatar\/16c5dda1489adfc62618084dcbb91cffd879c374b13fe5dd8e44ed6733852c88?s=96&d=mm&r=g","contentUrl":"https:\/\/secure.gravatar.com\/avatar\/16c5dda1489adfc62618084dcbb91cffd879c374b13fe5dd8e44ed6733852c88?s=96&d=mm&r=g","caption":"Alejandro Gabriel Rosito"},"url":"https:\/\/autofans.com.ar\/index.php\/author\/gabrielr\/"}]}},"featured_image_urls":{"full":["https:\/\/autofans.com.ar\/wp-content\/uploads\/2025\/04\/amarok-1.jpg",1000,667,false],"thumbnail":["https:\/\/autofans.com.ar\/wp-content\/uploads\/2025\/04\/amarok-1-150x150.jpg",150,150,true],"medium":["https:\/\/autofans.com.ar\/wp-content\/uploads\/2025\/04\/amarok-1-300x200.jpg",300,200,true],"medium_large":["https:\/\/autofans.com.ar\/wp-content\/uploads\/2025\/04\/amarok-1-768x512.jpg",640,427,true],"large":["https:\/\/autofans.com.ar\/wp-content\/uploads\/2025\/04\/amarok-1.jpg",640,427,false],"1536x1536":["https:\/\/autofans.com.ar\/wp-content\/uploads\/2025\/04\/amarok-1.jpg",1000,667,false],"2048x2048":["https:\/\/autofans.com.ar\/wp-content\/uploads\/2025\/04\/amarok-1.jpg",1000,667,false],"covernews-featured":["https:\/\/autofans.com.ar\/wp-content\/uploads\/2025\/04\/amarok-1.jpg",1000,667,false],"covernews-medium":["https:\/\/autofans.com.ar\/wp-content\/uploads\/2025\/04\/amarok-1-540x340.jpg",540,340,true]},"author_info":{"display_name":"Alejandro Gabriel Rosito","author_link":"https:\/\/autofans.com.ar\/index.php\/author\/gabrielr\/"},"category_info":"<a href=\"https:\/\/autofans.com.ar\/index.php\/category\/noticias\/\" rel=\"category tag\">NOTICIAS<\/a> <a href=\"https:\/\/autofans.com.ar\/index.php\/category\/noticias\/otros\/\" rel=\"category tag\">PICK UPs, UTILITARIOS Y OTROS<\/a>","tag_info":"PICK UPs, UTILITARIOS Y OTROS","comment_count":0,"_links":{"self":[{"href":"https:\/\/autofans.com.ar\/index.php\/wp-json\/wp\/v2\/posts\/11844","targetHints":{"allow":["GET"]}}],"collection":[{"href":"https:\/\/autofans.com.ar\/index.php\/wp-json\/wp\/v2\/posts"}],"about":[{"href":"https:\/\/autofans.com.ar\/index.php\/wp-json\/wp\/v2\/types\/post"}],"author":[{"embeddable":true,"href":"https:\/\/autofans.com.ar\/index.php\/wp-json\/wp\/v2\/users\/2"}],"replies":[{"embeddable":true,"href":"https:\/\/autofans.com.ar\/index.php\/wp-json\/wp\/v2\/comments?post=11844"}],"version-history":[{"count":8,"href":"https:\/\/autofans.com.ar\/index.php\/wp-json\/wp\/v2\/posts\/11844\/revisions"}],"predecessor-version":[{"id":11855,"href":"https:\/\/autofans.com.ar\/index.php\/wp-json\/wp\/v2\/posts\/11844\/revisions\/11855"}],"wp:featuredmedia":[{"embeddable":true,"href":"https:\/\/autofans.com.ar\/index.php\/wp-json\/wp\/v2\/media\/11850"}],"wp:attachment":[{"href":"https:\/\/autofans.com.ar\/index.php\/wp-json\/wp\/v2\/media?parent=11844"}],"wp:term":[{"taxonomy":"category","embeddable":true,"href":"https:\/\/autofans.com.ar\/index.php\/wp-json\/wp\/v2\/categories?post=11844"},{"taxonomy":"post_tag","embeddable":true,"href":"https:\/\/autofans.com.ar\/index.php\/wp-json\/wp\/v2\/tags?post=11844"}],"curies":[{"name":"wp","href":"https:\/\/api.w.org\/{rel}","templated":true}]}}