{"id":11903,"date":"2025-04-11T20:39:29","date_gmt":"2025-04-11T23:39:29","guid":{"rendered":"https:\/\/autofans.com.ar\/?p=11903"},"modified":"2025-04-11T20:39:29","modified_gmt":"2025-04-11T23:39:29","slug":"ds-automobiles-va-con-todo-al-e-prix-de-miami","status":"publish","type":"post","link":"https:\/\/autofans.com.ar\/index.php\/2025\/04\/11\/ds-automobiles-va-con-todo-al-e-prix-de-miami\/","title":{"rendered":"DS Automobiles va con todo al E-Prix de Miami"},"content":{"rendered":"<p class=\"\" data-start=\"597\" data-end=\"905\">Despu\u00e9s de una actuaci\u00f3n impecable en Jeedah, donde lograron la pole, la victoria y la vuelta r\u00e1pida, DS Automobiles y el equipo Penske Autosport se preparan para disputar la quinta fecha del Campeonato Mundial de F\u00f3rmula E ABB FIA, este s\u00e1bado 12 de abril, en el m\u00edtico Homestead Miami Speedway.<\/p>\n<p data-start=\"597\" data-end=\"905\"><span style=\"color: #ffffff;\">.<\/span><\/p>\n<h2 data-start=\"907\" data-end=\"1185\">Del rugido del NASCAR al silencio el\u00e9ctrico<\/h2>\n<p class=\"\" data-start=\"907\" data-end=\"1185\">Esta ser\u00e1 la primera vez que la F\u00f3rmula E corra en este ic\u00f3nico circuito estadounidense, m\u00e1s conocido por sus carreras de NASCAR e IndyCar. El trazado elegido tiene 3,5 kil\u00f3metros y mezcla parte del \u00f3valo con el circuito mixto, prometiendo una carrera intensa y estrat\u00e9gica.<\/p>\n<p data-start=\"907\" data-end=\"1185\"><img fetchpriority=\"high\" decoding=\"async\" class=\"aligncenter wp-image-11909 size-full\" src=\"https:\/\/autofans.com.ar\/wp-content\/uploads\/2025\/04\/ds-1.jpg\" alt=\"DS Automobiles\" width=\"1000\" height=\"667\" srcset=\"https:\/\/autofans.com.ar\/wp-content\/uploads\/2025\/04\/ds-1.jpg 1000w, https:\/\/autofans.com.ar\/wp-content\/uploads\/2025\/04\/ds-1-300x200.jpg 300w, https:\/\/autofans.com.ar\/wp-content\/uploads\/2025\/04\/ds-1-768x512.jpg 768w\" sizes=\"(max-width: 1000px) 100vw, 1000px\" \/><\/p>\n<p data-start=\"907\" data-end=\"1185\"><span style=\"color: #ffffff;\">.<\/span><\/p>\n<h2 data-start=\"907\" data-end=\"1185\">DS Automobiles &#8211; pilotos, rendimiento y objetivos<\/h2>\n<p class=\"\" data-start=\"1225\" data-end=\"1482\">Jean-Eric Vergne, \u00fanico bicampe\u00f3n de la categor\u00eda, y Maximilian G\u00fcnther, quien brill\u00f3 en Arabia Saudita, ser\u00e1n nuevamente los encargados de llevar al l\u00edmite los DS E-TENSE FE25, con el objetivo de mantenerse firmes en la lucha por el campeonato.<\/p>\n<p class=\"\" data-start=\"1484\" data-end=\"1719\">Actualmente, DS PENSKE se ubica en la cuarta posici\u00f3n del campeonato de equipos, a solo cinco puntos del l\u00edder. La escuder\u00eda franco-estadounidense llega con confianza y motivaci\u00f3n para sumar otro podio y seguir peleando arriba.<\/p>\n<p data-start=\"1484\" data-end=\"1719\"><span style=\"color: #ffffff;\">.<\/span><\/p>\n<blockquote>\n<p style=\"text-align: center;\">Eugenio Franzetti, director de DS Performance:<\/p>\n<p style=\"text-align: center;\">\u201cTras la fant\u00e1stica victoria de Maximilian en Jeedah, el equipo ha trabajado arduamente para prepararse para esta carrera en Homestead. Es un circuito ic\u00f3nico, completamente nuevo para la F\u00f3rmula E, y estamos especialmente motivados para la quinta carrera de la temporada. Gracias al talento de nuestros ingenieros, mec\u00e1nicos y dos pilotos, as\u00ed como al rendimiento del DS E-TENSE FE25, estoy seguro de que estamos perfectamente preparados para lograr grandes resultados en Miami\u201d.<\/p>\n<p style=\"text-align: center;\">\n<\/blockquote>\n<h2 data-start=\"1721\" data-end=\"1762\">Regreso a Miami y r\u00e9cords de la marca<\/h2>\n<p>&nbsp;<\/p>\n<p><img decoding=\"async\" class=\"aligncenter wp-image-11907 size-full\" src=\"https:\/\/autofans.com.ar\/wp-content\/uploads\/2025\/04\/ds-3.jpg\" alt=\"DS Automobiles\" width=\"1000\" height=\"667\" srcset=\"https:\/\/autofans.com.ar\/wp-content\/uploads\/2025\/04\/ds-3.jpg 1000w, https:\/\/autofans.com.ar\/wp-content\/uploads\/2025\/04\/ds-3-300x200.jpg 300w, https:\/\/autofans.com.ar\/wp-content\/uploads\/2025\/04\/ds-3-768x512.jpg 768w\" sizes=\"(max-width: 1000px) 100vw, 1000px\" \/><\/p>\n<p>&nbsp;<\/p>\n<p class=\"\" data-start=\"1764\" data-end=\"1916\">Despu\u00e9s de 10 a\u00f1os de ausencia, Miami vuelve al calendario de la F\u00f3rmula E, y el debut de esta categor\u00eda en Homestead genera altas expectativas.<\/p>\n<p class=\"\" data-start=\"1918\" data-end=\"1981\">Desde su llegada a la F\u00f3rmula E, DS Automobiles ya acumula:<\/p>\n<ul data-start=\"1983\" data-end=\"2078\">\n<li class=\"\" data-start=\"1983\" data-end=\"1999\">\n<p class=\"\" data-start=\"1985\" data-end=\"1999\">125 carreras<\/p>\n<\/li>\n<li class=\"\" data-start=\"2000\" data-end=\"2027\">\n<p class=\"\" data-start=\"2002\" data-end=\"2027\">4 t\u00edtulos de campeonato<\/p>\n<\/li>\n<li class=\"\" data-start=\"2028\" data-end=\"2044\">\n<p class=\"\" data-start=\"2030\" data-end=\"2044\">17 victorias<\/p>\n<\/li>\n<li class=\"\" data-start=\"2045\" data-end=\"2058\">\n<p class=\"\" data-start=\"2047\" data-end=\"2058\">52 podios<\/p>\n<\/li>\n<li class=\"\" data-start=\"2059\" data-end=\"2078\">\n<p class=\"\" data-start=\"2061\" data-end=\"2078\">25 pole positions<\/p>\n<\/li>\n<\/ul>\n<p class=\"\" data-start=\"2080\" data-end=\"2193\">La carrera en Miami arrancar\u00e1 a las 15:00 (hora Argentina) y promete ser clave para el futuro del campeonato.<\/p>\n<p data-start=\"2080\" data-end=\"2193\"><span style=\"color: #ffffff;\">.<\/span><\/p>\n<p data-start=\"2080\" data-end=\"2193\"><span style=\"color: #ffffff;\">.<\/span><\/p>\n<p data-start=\"2080\" data-end=\"2193\"><span style=\"color: #ffffff;\">.<\/span><\/p>\n<p><i>Para enterarte de m\u00e1s novedades, no dejes de leer\u00a0<\/i><a href=\"https:\/\/autofans.thebrandsoup.com\/\"><i>nuestras notas<\/i><\/a><i>, de ver<\/i><b><i>\u00a0<\/i><\/b><a href=\"https:\/\/www.youtube.com\/channel\/UCgAC8UGHZYbT6P7PpmVnP7g\"><b><i>AUTOFANS TV<\/i><\/b><\/a><b><i>\u00a0<\/i><\/b><i>en nuestro\u00a0canal de Youtube. Adem\u00e1s seguinos en\u00a0<\/i><a href=\"https:\/\/www.instagram.com\/autofanstv\/\"><i>INSTAGRAM<\/i><\/a><i> y <\/i><a href=\"https:\/\/www.facebook.com\/autofansmas\/\"><i>FACEBOOK<\/i><\/a><i> para no perderte nada sobre las novedades del segmento automotor de Argentina y el mundo.<\/i><\/p>\n","protected":false},"excerpt":{"rendered":"<p>Despu\u00e9s de una actuaci\u00f3n impecable en Jeedah, donde lograron la pole, la victoria y la&#8230;<\/p>\n","protected":false},"author":2,"featured_media":11908,"comment_status":"closed","ping_status":"closed","sticky":false,"template":"","format":"standard","meta":{"footnotes":""},"categories":[127,16],"tags":[1545,6096,545,5492,6492,6491,880,6493,5493,1157],"class_list":["post-11903","post","type-post","status-publish","format-standard","has-post-thumbnail","hentry","category-deporte","category-noticias","tag-automovilismo-electrico","tag-campeonato-formula-e","tag-ds-automobiles","tag-ds-e-tense-fe25","tag-e-prix-homestead","tag-formula-e-miami","tag-jean-eric-vergne","tag-marcas-argentinas-automotrices","tag-maximilian-gunther","tag-penske-autosport"],"yoast_head":"<!-- This site is optimized with the Yoast SEO plugin v27.5 - https:\/\/yoast.com\/product\/yoast-seo-wordpress\/ -->\n<title>DS Automobiles va con todo al E-Prix de Miami -<\/title>\n<meta name=\"description\" content=\"Despu\u00e9s de una actuaci\u00f3n impecable en Jeedah, donde lograron la pole, la victoria y la vuelta r\u00e1pida, DS Automobiles y el equipo Penske...\" \/>\n<meta name=\"robots\" content=\"index, follow, max-snippet:-1, max-image-preview:large, max-video-preview:-1\" \/>\n<link rel=\"canonical\" href=\"https:\/\/autofans.com.ar\/index.php\/2025\/04\/11\/ds-automobiles-va-con-todo-al-e-prix-de-miami\/\" \/>\n<meta property=\"og:locale\" content=\"es_ES\" \/>\n<meta property=\"og:type\" content=\"article\" \/>\n<meta property=\"og:title\" content=\"DS Automobiles va con todo al E-Prix de Miami -\" \/>\n<meta property=\"og:description\" content=\"Despu\u00e9s de una actuaci\u00f3n impecable en Jeedah, donde lograron la pole, la victoria y la vuelta r\u00e1pida, DS Automobiles y el equipo Penske...\" \/>\n<meta property=\"og:url\" content=\"https:\/\/autofans.com.ar\/index.php\/2025\/04\/11\/ds-automobiles-va-con-todo-al-e-prix-de-miami\/\" \/>\n<meta property=\"article:published_time\" content=\"2025-04-11T23:39:29+00:00\" \/>\n<meta property=\"og:image\" content=\"https:\/\/autofans.com.ar\/wp-content\/uploads\/2025\/04\/ds-2.jpg\" \/>\n\t<meta property=\"og:image:width\" content=\"1000\" \/>\n\t<meta property=\"og:image:height\" content=\"667\" \/>\n\t<meta property=\"og:image:type\" content=\"image\/jpeg\" \/>\n<meta name=\"author\" content=\"Alejandro Gabriel Rosito\" \/>\n<meta name=\"twitter:card\" content=\"summary_large_image\" \/>\n<meta name=\"twitter:label1\" content=\"Escrito por\" \/>\n\t<meta name=\"twitter:data1\" content=\"Alejandro Gabriel Rosito\" \/>\n\t<meta name=\"twitter:label2\" content=\"Tiempo de lectura\" \/>\n\t<meta name=\"twitter:data2\" content=\"2 minutos\" \/>\n<script type=\"application\/ld+json\" class=\"yoast-schema-graph\">{\"@context\":\"https:\\\/\\\/schema.org\",\"@graph\":[{\"@type\":\"Article\",\"@id\":\"https:\\\/\\\/autofans.com.ar\\\/index.php\\\/2025\\\/04\\\/11\\\/ds-automobiles-va-con-todo-al-e-prix-de-miami\\\/#article\",\"isPartOf\":{\"@id\":\"https:\\\/\\\/autofans.com.ar\\\/index.php\\\/2025\\\/04\\\/11\\\/ds-automobiles-va-con-todo-al-e-prix-de-miami\\\/\"},\"author\":{\"name\":\"Alejandro Gabriel Rosito\",\"@id\":\"https:\\\/\\\/autofans.com.ar\\\/#\\\/schema\\\/person\\\/4a8dda0b6df83ac3d6723e921274c2aa\"},\"headline\":\"DS Automobiles va con todo al E-Prix de Miami\",\"datePublished\":\"2025-04-11T23:39:29+00:00\",\"mainEntityOfPage\":{\"@id\":\"https:\\\/\\\/autofans.com.ar\\\/index.php\\\/2025\\\/04\\\/11\\\/ds-automobiles-va-con-todo-al-e-prix-de-miami\\\/\"},\"wordCount\":414,\"image\":{\"@id\":\"https:\\\/\\\/autofans.com.ar\\\/index.php\\\/2025\\\/04\\\/11\\\/ds-automobiles-va-con-todo-al-e-prix-de-miami\\\/#primaryimage\"},\"thumbnailUrl\":\"https:\\\/\\\/autofans.com.ar\\\/wp-content\\\/uploads\\\/2025\\\/04\\\/ds-2.jpg\",\"keywords\":[\"Automovilismo el\u00e9ctrico\",\"campeonato F\u00f3rmula E.\",\"DS Automobiles\",\"DS E-TENSE FE25\",\"E-Prix Homestead\",\"F\u00f3rmula E Miami\",\"Jean-Eric Vergne\",\"marcas argentinas automotrices\",\"Maximilian G\u00fcnther\",\"Penske Autosport\"],\"articleSection\":[\"DEPORTE MOTOR\",\"NOTICIAS\"],\"inLanguage\":\"es\"},{\"@type\":\"WebPage\",\"@id\":\"https:\\\/\\\/autofans.com.ar\\\/index.php\\\/2025\\\/04\\\/11\\\/ds-automobiles-va-con-todo-al-e-prix-de-miami\\\/\",\"url\":\"https:\\\/\\\/autofans.com.ar\\\/index.php\\\/2025\\\/04\\\/11\\\/ds-automobiles-va-con-todo-al-e-prix-de-miami\\\/\",\"name\":\"DS Automobiles va con todo al E-Prix de Miami -\",\"isPartOf\":{\"@id\":\"https:\\\/\\\/autofans.com.ar\\\/#website\"},\"primaryImageOfPage\":{\"@id\":\"https:\\\/\\\/autofans.com.ar\\\/index.php\\\/2025\\\/04\\\/11\\\/ds-automobiles-va-con-todo-al-e-prix-de-miami\\\/#primaryimage\"},\"image\":{\"@id\":\"https:\\\/\\\/autofans.com.ar\\\/index.php\\\/2025\\\/04\\\/11\\\/ds-automobiles-va-con-todo-al-e-prix-de-miami\\\/#primaryimage\"},\"thumbnailUrl\":\"https:\\\/\\\/autofans.com.ar\\\/wp-content\\\/uploads\\\/2025\\\/04\\\/ds-2.jpg\",\"datePublished\":\"2025-04-11T23:39:29+00:00\",\"author\":{\"@id\":\"https:\\\/\\\/autofans.com.ar\\\/#\\\/schema\\\/person\\\/4a8dda0b6df83ac3d6723e921274c2aa\"},\"description\":\"Despu\u00e9s de una actuaci\u00f3n impecable en Jeedah, donde lograron la pole, la victoria y la vuelta r\u00e1pida, DS Automobiles y el equipo Penske...\",\"breadcrumb\":{\"@id\":\"https:\\\/\\\/autofans.com.ar\\\/index.php\\\/2025\\\/04\\\/11\\\/ds-automobiles-va-con-todo-al-e-prix-de-miami\\\/#breadcrumb\"},\"inLanguage\":\"es\",\"potentialAction\":[{\"@type\":\"ReadAction\",\"target\":[\"https:\\\/\\\/autofans.com.ar\\\/index.php\\\/2025\\\/04\\\/11\\\/ds-automobiles-va-con-todo-al-e-prix-de-miami\\\/\"]}]},{\"@type\":\"ImageObject\",\"inLanguage\":\"es\",\"@id\":\"https:\\\/\\\/autofans.com.ar\\\/index.php\\\/2025\\\/04\\\/11\\\/ds-automobiles-va-con-todo-al-e-prix-de-miami\\\/#primaryimage\",\"url\":\"https:\\\/\\\/autofans.com.ar\\\/wp-content\\\/uploads\\\/2025\\\/04\\\/ds-2.jpg\",\"contentUrl\":\"https:\\\/\\\/autofans.com.ar\\\/wp-content\\\/uploads\\\/2025\\\/04\\\/ds-2.jpg\",\"width\":1000,\"height\":667,\"caption\":\"DS Automobiles\"},{\"@type\":\"BreadcrumbList\",\"@id\":\"https:\\\/\\\/autofans.com.ar\\\/index.php\\\/2025\\\/04\\\/11\\\/ds-automobiles-va-con-todo-al-e-prix-de-miami\\\/#breadcrumb\",\"itemListElement\":[{\"@type\":\"ListItem\",\"position\":1,\"name\":\"Inicio\",\"item\":\"https:\\\/\\\/autofans.com.ar\\\/\"},{\"@type\":\"ListItem\",\"position\":2,\"name\":\"DS Automobiles va con todo al E-Prix de Miami\"}]},{\"@type\":\"WebSite\",\"@id\":\"https:\\\/\\\/autofans.com.ar\\\/#website\",\"url\":\"https:\\\/\\\/autofans.com.ar\\\/\",\"name\":\"\",\"description\":\"El multimedio referente de la industria automotriz\",\"potentialAction\":[{\"@type\":\"SearchAction\",\"target\":{\"@type\":\"EntryPoint\",\"urlTemplate\":\"https:\\\/\\\/autofans.com.ar\\\/?s={search_term_string}\"},\"query-input\":{\"@type\":\"PropertyValueSpecification\",\"valueRequired\":true,\"valueName\":\"search_term_string\"}}],\"inLanguage\":\"es\"},{\"@type\":\"Person\",\"@id\":\"https:\\\/\\\/autofans.com.ar\\\/#\\\/schema\\\/person\\\/4a8dda0b6df83ac3d6723e921274c2aa\",\"name\":\"Alejandro Gabriel Rosito\",\"image\":{\"@type\":\"ImageObject\",\"inLanguage\":\"es\",\"@id\":\"https:\\\/\\\/secure.gravatar.com\\\/avatar\\\/16c5dda1489adfc62618084dcbb91cffd879c374b13fe5dd8e44ed6733852c88?s=96&d=mm&r=g\",\"url\":\"https:\\\/\\\/secure.gravatar.com\\\/avatar\\\/16c5dda1489adfc62618084dcbb91cffd879c374b13fe5dd8e44ed6733852c88?s=96&d=mm&r=g\",\"contentUrl\":\"https:\\\/\\\/secure.gravatar.com\\\/avatar\\\/16c5dda1489adfc62618084dcbb91cffd879c374b13fe5dd8e44ed6733852c88?s=96&d=mm&r=g\",\"caption\":\"Alejandro Gabriel Rosito\"},\"url\":\"https:\\\/\\\/autofans.com.ar\\\/index.php\\\/author\\\/gabrielr\\\/\"}]}<\/script>\n<!-- \/ Yoast SEO plugin. -->","yoast_head_json":{"title":"DS Automobiles va con todo al E-Prix de Miami -","description":"Despu\u00e9s de una actuaci\u00f3n impecable en Jeedah, donde lograron la pole, la victoria y la vuelta r\u00e1pida, DS Automobiles y el equipo Penske...","robots":{"index":"index","follow":"follow","max-snippet":"max-snippet:-1","max-image-preview":"max-image-preview:large","max-video-preview":"max-video-preview:-1"},"canonical":"https:\/\/autofans.com.ar\/index.php\/2025\/04\/11\/ds-automobiles-va-con-todo-al-e-prix-de-miami\/","og_locale":"es_ES","og_type":"article","og_title":"DS Automobiles va con todo al E-Prix de Miami -","og_description":"Despu\u00e9s de una actuaci\u00f3n impecable en Jeedah, donde lograron la pole, la victoria y la vuelta r\u00e1pida, DS Automobiles y el equipo Penske...","og_url":"https:\/\/autofans.com.ar\/index.php\/2025\/04\/11\/ds-automobiles-va-con-todo-al-e-prix-de-miami\/","article_published_time":"2025-04-11T23:39:29+00:00","og_image":[{"width":1000,"height":667,"url":"https:\/\/autofans.com.ar\/wp-content\/uploads\/2025\/04\/ds-2.jpg","type":"image\/jpeg"}],"author":"Alejandro Gabriel Rosito","twitter_card":"summary_large_image","twitter_misc":{"Escrito por":"Alejandro Gabriel Rosito","Tiempo de lectura":"2 minutos"},"schema":{"@context":"https:\/\/schema.org","@graph":[{"@type":"Article","@id":"https:\/\/autofans.com.ar\/index.php\/2025\/04\/11\/ds-automobiles-va-con-todo-al-e-prix-de-miami\/#article","isPartOf":{"@id":"https:\/\/autofans.com.ar\/index.php\/2025\/04\/11\/ds-automobiles-va-con-todo-al-e-prix-de-miami\/"},"author":{"name":"Alejandro Gabriel Rosito","@id":"https:\/\/autofans.com.ar\/#\/schema\/person\/4a8dda0b6df83ac3d6723e921274c2aa"},"headline":"DS Automobiles va con todo al E-Prix de Miami","datePublished":"2025-04-11T23:39:29+00:00","mainEntityOfPage":{"@id":"https:\/\/autofans.com.ar\/index.php\/2025\/04\/11\/ds-automobiles-va-con-todo-al-e-prix-de-miami\/"},"wordCount":414,"image":{"@id":"https:\/\/autofans.com.ar\/index.php\/2025\/04\/11\/ds-automobiles-va-con-todo-al-e-prix-de-miami\/#primaryimage"},"thumbnailUrl":"https:\/\/autofans.com.ar\/wp-content\/uploads\/2025\/04\/ds-2.jpg","keywords":["Automovilismo el\u00e9ctrico","campeonato F\u00f3rmula E.","DS Automobiles","DS E-TENSE FE25","E-Prix Homestead","F\u00f3rmula E Miami","Jean-Eric Vergne","marcas argentinas automotrices","Maximilian G\u00fcnther","Penske Autosport"],"articleSection":["DEPORTE MOTOR","NOTICIAS"],"inLanguage":"es"},{"@type":"WebPage","@id":"https:\/\/autofans.com.ar\/index.php\/2025\/04\/11\/ds-automobiles-va-con-todo-al-e-prix-de-miami\/","url":"https:\/\/autofans.com.ar\/index.php\/2025\/04\/11\/ds-automobiles-va-con-todo-al-e-prix-de-miami\/","name":"DS Automobiles va con todo al E-Prix de Miami -","isPartOf":{"@id":"https:\/\/autofans.com.ar\/#website"},"primaryImageOfPage":{"@id":"https:\/\/autofans.com.ar\/index.php\/2025\/04\/11\/ds-automobiles-va-con-todo-al-e-prix-de-miami\/#primaryimage"},"image":{"@id":"https:\/\/autofans.com.ar\/index.php\/2025\/04\/11\/ds-automobiles-va-con-todo-al-e-prix-de-miami\/#primaryimage"},"thumbnailUrl":"https:\/\/autofans.com.ar\/wp-content\/uploads\/2025\/04\/ds-2.jpg","datePublished":"2025-04-11T23:39:29+00:00","author":{"@id":"https:\/\/autofans.com.ar\/#\/schema\/person\/4a8dda0b6df83ac3d6723e921274c2aa"},"description":"Despu\u00e9s de una actuaci\u00f3n impecable en Jeedah, donde lograron la pole, la victoria y la vuelta r\u00e1pida, DS Automobiles y el equipo Penske...","breadcrumb":{"@id":"https:\/\/autofans.com.ar\/index.php\/2025\/04\/11\/ds-automobiles-va-con-todo-al-e-prix-de-miami\/#breadcrumb"},"inLanguage":"es","potentialAction":[{"@type":"ReadAction","target":["https:\/\/autofans.com.ar\/index.php\/2025\/04\/11\/ds-automobiles-va-con-todo-al-e-prix-de-miami\/"]}]},{"@type":"ImageObject","inLanguage":"es","@id":"https:\/\/autofans.com.ar\/index.php\/2025\/04\/11\/ds-automobiles-va-con-todo-al-e-prix-de-miami\/#primaryimage","url":"https:\/\/autofans.com.ar\/wp-content\/uploads\/2025\/04\/ds-2.jpg","contentUrl":"https:\/\/autofans.com.ar\/wp-content\/uploads\/2025\/04\/ds-2.jpg","width":1000,"height":667,"caption":"DS Automobiles"},{"@type":"BreadcrumbList","@id":"https:\/\/autofans.com.ar\/index.php\/2025\/04\/11\/ds-automobiles-va-con-todo-al-e-prix-de-miami\/#breadcrumb","itemListElement":[{"@type":"ListItem","position":1,"name":"Inicio","item":"https:\/\/autofans.com.ar\/"},{"@type":"ListItem","position":2,"name":"DS Automobiles va con todo al E-Prix de Miami"}]},{"@type":"WebSite","@id":"https:\/\/autofans.com.ar\/#website","url":"https:\/\/autofans.com.ar\/","name":"","description":"El multimedio referente de la industria automotriz","potentialAction":[{"@type":"SearchAction","target":{"@type":"EntryPoint","urlTemplate":"https:\/\/autofans.com.ar\/?s={search_term_string}"},"query-input":{"@type":"PropertyValueSpecification","valueRequired":true,"valueName":"search_term_string"}}],"inLanguage":"es"},{"@type":"Person","@id":"https:\/\/autofans.com.ar\/#\/schema\/person\/4a8dda0b6df83ac3d6723e921274c2aa","name":"Alejandro Gabriel Rosito","image":{"@type":"ImageObject","inLanguage":"es","@id":"https:\/\/secure.gravatar.com\/avatar\/16c5dda1489adfc62618084dcbb91cffd879c374b13fe5dd8e44ed6733852c88?s=96&d=mm&r=g","url":"https:\/\/secure.gravatar.com\/avatar\/16c5dda1489adfc62618084dcbb91cffd879c374b13fe5dd8e44ed6733852c88?s=96&d=mm&r=g","contentUrl":"https:\/\/secure.gravatar.com\/avatar\/16c5dda1489adfc62618084dcbb91cffd879c374b13fe5dd8e44ed6733852c88?s=96&d=mm&r=g","caption":"Alejandro Gabriel Rosito"},"url":"https:\/\/autofans.com.ar\/index.php\/author\/gabrielr\/"}]}},"featured_image_urls":{"full":["https:\/\/autofans.com.ar\/wp-content\/uploads\/2025\/04\/ds-2.jpg",1000,667,false],"thumbnail":["https:\/\/autofans.com.ar\/wp-content\/uploads\/2025\/04\/ds-2-150x150.jpg",150,150,true],"medium":["https:\/\/autofans.com.ar\/wp-content\/uploads\/2025\/04\/ds-2-300x200.jpg",300,200,true],"medium_large":["https:\/\/autofans.com.ar\/wp-content\/uploads\/2025\/04\/ds-2-768x512.jpg",640,427,true],"large":["https:\/\/autofans.com.ar\/wp-content\/uploads\/2025\/04\/ds-2.jpg",640,427,false],"1536x1536":["https:\/\/autofans.com.ar\/wp-content\/uploads\/2025\/04\/ds-2.jpg",1000,667,false],"2048x2048":["https:\/\/autofans.com.ar\/wp-content\/uploads\/2025\/04\/ds-2.jpg",1000,667,false],"covernews-featured":["https:\/\/autofans.com.ar\/wp-content\/uploads\/2025\/04\/ds-2.jpg",1000,667,false],"covernews-medium":["https:\/\/autofans.com.ar\/wp-content\/uploads\/2025\/04\/ds-2-540x340.jpg",540,340,true]},"author_info":{"display_name":"Alejandro Gabriel Rosito","author_link":"https:\/\/autofans.com.ar\/index.php\/author\/gabrielr\/"},"category_info":"<a href=\"https:\/\/autofans.com.ar\/index.php\/category\/noticias\/deporte\/\" rel=\"category tag\">DEPORTE MOTOR<\/a> <a href=\"https:\/\/autofans.com.ar\/index.php\/category\/noticias\/\" rel=\"category tag\">NOTICIAS<\/a>","tag_info":"NOTICIAS","comment_count":0,"_links":{"self":[{"href":"https:\/\/autofans.com.ar\/index.php\/wp-json\/wp\/v2\/posts\/11903","targetHints":{"allow":["GET"]}}],"collection":[{"href":"https:\/\/autofans.com.ar\/index.php\/wp-json\/wp\/v2\/posts"}],"about":[{"href":"https:\/\/autofans.com.ar\/index.php\/wp-json\/wp\/v2\/types\/post"}],"author":[{"embeddable":true,"href":"https:\/\/autofans.com.ar\/index.php\/wp-json\/wp\/v2\/users\/2"}],"replies":[{"embeddable":true,"href":"https:\/\/autofans.com.ar\/index.php\/wp-json\/wp\/v2\/comments?post=11903"}],"version-history":[{"count":7,"href":"https:\/\/autofans.com.ar\/index.php\/wp-json\/wp\/v2\/posts\/11903\/revisions"}],"predecessor-version":[{"id":11913,"href":"https:\/\/autofans.com.ar\/index.php\/wp-json\/wp\/v2\/posts\/11903\/revisions\/11913"}],"wp:featuredmedia":[{"embeddable":true,"href":"https:\/\/autofans.com.ar\/index.php\/wp-json\/wp\/v2\/media\/11908"}],"wp:attachment":[{"href":"https:\/\/autofans.com.ar\/index.php\/wp-json\/wp\/v2\/media?parent=11903"}],"wp:term":[{"taxonomy":"category","embeddable":true,"href":"https:\/\/autofans.com.ar\/index.php\/wp-json\/wp\/v2\/categories?post=11903"},{"taxonomy":"post_tag","embeddable":true,"href":"https:\/\/autofans.com.ar\/index.php\/wp-json\/wp\/v2\/tags?post=11903"}],"curies":[{"name":"wp","href":"https:\/\/api.w.org\/{rel}","templated":true}]}}