{"id":11992,"date":"2025-04-17T18:41:37","date_gmt":"2025-04-17T21:41:37","guid":{"rendered":"https:\/\/autofans.com.ar\/?p=11992"},"modified":"2025-04-17T18:41:37","modified_gmt":"2025-04-17T21:41:37","slug":"a-70-anos-del-mercedes-benz-300-slr-722","status":"publish","type":"post","link":"https:\/\/autofans.com.ar\/index.php\/2025\/04\/17\/a-70-anos-del-mercedes-benz-300-slr-722\/","title":{"rendered":"A 70 a\u00f1os del Mercedes-Benz 300 SLR \u201c722\u201d"},"content":{"rendered":"<p class=\"\" data-start=\"573\" data-end=\"718\">Un repaso por la haza\u00f1a hist\u00f3rica del modelo Mercedes-Benz 300 SLR \u201c722\u201d que marc\u00f3 un antes y un despu\u00e9s en el automovilismo y dej\u00f3 su huella en la Mille Miglia de 1955.<\/p>\n<p data-start=\"573\" data-end=\"718\"><span style=\"color: #ffffff;\">.<\/span><\/p>\n<h2 data-start=\"573\" data-end=\"718\">El d\u00eda que Mercedes hizo historia<\/h2>\n<p class=\"\" data-start=\"720\" data-end=\"1128\">El 1 de mayo de 1955 qued\u00f3 grabado en la historia del automovilismo. Ese d\u00eda, a las 7:22 de la ma\u00f1ana, el Mercedes-Benz 300 SLR \u201c722\u201d arrancaba la famosa Mille Miglia, una exigente carrera de 1.600 kil\u00f3metros entre Brescia y Roma. Al volante iba Stirling Moss, acompa\u00f1ado por el copiloto Denis Jenkinson. Juntos lograron una victoria que, 70 a\u00f1os despu\u00e9s, sigue siendo motivo de homenaje.<\/p>\n<p data-start=\"720\" data-end=\"1128\"><img fetchpriority=\"high\" decoding=\"async\" class=\"aligncenter wp-image-11993 size-full\" src=\"https:\/\/autofans.com.ar\/wp-content\/uploads\/2025\/04\/mercedes-3-2.jpg\" alt=\"Mercedes\" width=\"1000\" height=\"667\" srcset=\"https:\/\/autofans.com.ar\/wp-content\/uploads\/2025\/04\/mercedes-3-2.jpg 1000w, https:\/\/autofans.com.ar\/wp-content\/uploads\/2025\/04\/mercedes-3-2-300x200.jpg 300w, https:\/\/autofans.com.ar\/wp-content\/uploads\/2025\/04\/mercedes-3-2-768x512.jpg 768w\" sizes=\"(max-width: 1000px) 100vw, 1000px\" \/><\/p>\n<p data-start=\"1130\" data-end=\"1506\">El Museo Mercedes-Benz en Stuttgart expone hoy ese mismo modelo, s\u00edmbolo de una \u00e9poca donde la innovaci\u00f3n y la precisi\u00f3n eran clave en cada curva. El \u201c722\u201d combinaba tecnolog\u00eda de F\u00f3rmula 1 con la capacidad de circular en la calle. Su dise\u00f1o se basaba en el W 196 R, aunque con caracter\u00edsticas propias del 300 SLR (W 196 S), adaptado especialmente para la competici\u00f3n.<\/p>\n<p data-start=\"1130\" data-end=\"1506\"><span style=\"color: #ffffff;\">.<\/span><\/p>\n<h2 data-start=\"1130\" data-end=\"1506\">As\u00ed gan\u00f3 el Mercedes \u201c722\u201d la carrera m\u00e1s famosa de Italia<\/h2>\n<p class=\"\" data-start=\"1508\" data-end=\"1801\">El n\u00famero rojo \u201c722\u201d destaca en la carrocer\u00eda delantera, los laterales y la parte trasera. Su interior fue dise\u00f1ado con foco en la funcionalidad: desde un interruptor rotativo para el encendido hasta un sistema para regular las luces delanteras. Cada detalle fue pensado para rendir al m\u00e1ximo.<\/p>\n<p data-start=\"1508\" data-end=\"1801\"><img decoding=\"async\" class=\"aligncenter wp-image-11996 size-full\" src=\"https:\/\/autofans.com.ar\/wp-content\/uploads\/2025\/04\/mercedes-4-1.jpg\" alt=\"Mercedes\" width=\"1000\" height=\"667\" srcset=\"https:\/\/autofans.com.ar\/wp-content\/uploads\/2025\/04\/mercedes-4-1.jpg 1000w, https:\/\/autofans.com.ar\/wp-content\/uploads\/2025\/04\/mercedes-4-1-300x200.jpg 300w, https:\/\/autofans.com.ar\/wp-content\/uploads\/2025\/04\/mercedes-4-1-768x512.jpg 768w\" sizes=\"(max-width: 1000px) 100vw, 1000px\" \/><\/p>\n<p data-start=\"1803\" data-end=\"2018\"><span style=\"color: #ffffff;\">.<\/span><\/p>\n<p class=\"\" data-start=\"1803\" data-end=\"2018\">La carrera de 1955 no fue una m\u00e1s. Moss y Jenkinson completaron el recorrido en 10 horas, 7 minutos y 48 segundos, con una velocidad promedio de 157,6 km\/h, r\u00e9cord absoluto en la historia de la Mille Miglia.<\/p>\n<p class=\"\" data-start=\"2020\" data-end=\"2280\">Otro detalle que marc\u00f3 esa jornada fue el volante de tres radios que eligi\u00f3 Moss para tener mejor visibilidad de los instrumentos. Luego de la victoria, el piloto se lo llev\u00f3 como recuerdo. Hoy, el \u201c722\u201d expuesto luce una r\u00e9plica fiel de ese mismo volante.<\/p>\n<p data-start=\"2020\" data-end=\"2280\"><span style=\"color: #ffffff;\">.<\/span><\/p>\n<h2 data-start=\"2020\" data-end=\"2280\"><\/h2>\n<h2>F\u00f3rmula 1, Mille Miglia y un auto inolvidable<\/h2>\n<p class=\"\" data-start=\"2282\" data-end=\"2536\">Ese a\u00f1o, Mercedes-Benz tuvo una temporada consagratoria. El 300 SLR gan\u00f3 el Campeonato Mundial de Autos Deportivos, y Juan Manuel Fangio se coron\u00f3 campe\u00f3n del mundo en F\u00f3rmula 1 con el W 196 R, consolidando el dominio de la marca alemana.<\/p>\n<p data-start=\"2282\" data-end=\"2536\"><img decoding=\"async\" class=\"aligncenter wp-image-11994 size-full\" src=\"https:\/\/autofans.com.ar\/wp-content\/uploads\/2025\/04\/mercedes-2-3.jpg\" alt=\"Mercedes\" width=\"1000\" height=\"667\" srcset=\"https:\/\/autofans.com.ar\/wp-content\/uploads\/2025\/04\/mercedes-2-3.jpg 1000w, https:\/\/autofans.com.ar\/wp-content\/uploads\/2025\/04\/mercedes-2-3-300x200.jpg 300w, https:\/\/autofans.com.ar\/wp-content\/uploads\/2025\/04\/mercedes-2-3-768x512.jpg 768w\" sizes=\"(max-width: 1000px) 100vw, 1000px\" \/><\/p>\n<p class=\"\" data-start=\"2538\" data-end=\"2715\">Setenta a\u00f1os despu\u00e9s, la leyenda del 300 SLR \u201c722\u201d sigue viva. No solo por su velocidad, sino por todo lo que representa: dise\u00f1o, estrategia y un legado que se mantiene intacto.<\/p>\n<p data-start=\"2538\" data-end=\"2715\"><span style=\"color: #ffffff;\">.<\/span><\/p>\n<p data-start=\"2538\" data-end=\"2715\"><i>Para enterarte de m\u00e1s novedades, no dejes de leer\u00a0<\/i><a href=\"https:\/\/autofans.thebrandsoup.com\/\"><i>nuestras notas<\/i><\/a><i>, de ver<\/i><b><i>\u00a0<\/i><\/b><a href=\"https:\/\/www.youtube.com\/channel\/UCgAC8UGHZYbT6P7PpmVnP7g\"><b><i>AUTOFANS TV<\/i><\/b><\/a><b><i>\u00a0<\/i><\/b><i>en nuestro\u00a0canal de Youtube. Adem\u00e1s seguinos en\u00a0<\/i><a href=\"https:\/\/www.instagram.com\/autofanstv\/\"><i>INSTAGRAM<\/i><\/a><i> y <\/i><a href=\"https:\/\/www.facebook.com\/autofansmas\/\"><i>FACEBOOK<\/i><\/a><i> para no perderte nada sobre las novedades del segmento automotor de Argentina y el mundo.<\/i><\/p>\n","protected":false},"excerpt":{"rendered":"<p>Un repaso por la haza\u00f1a hist\u00f3rica del modelo Mercedes-Benz 300 SLR \u201c722\u201d que marc\u00f3 un&#8230;<\/p>\n","protected":false},"author":2,"featured_media":11995,"comment_status":"closed","ping_status":"closed","sticky":false,"template":"","format":"standard","meta":{"footnotes":""},"categories":[127,16],"tags":[6535,6540,6539,6538,3739,17,364,6536,3445,6537],"class_list":["post-11992","post","type-post","status-publish","format-standard","has-post-thumbnail","hentry","category-deporte","category-noticias","tag-300-slr-722","tag-aniversario-mille-miglia","tag-autos-deportivos-clasicos","tag-denis-jenkinson","tag-historia-del-automovilismo","tag-mercedes-benz-argentina","tag-mercedes-benz","tag-mille-miglia","tag-museo-mercedes-benz","tag-stirling-moss"],"yoast_head":"<!-- This site is optimized with the Yoast SEO plugin v27.5 - https:\/\/yoast.com\/product\/yoast-seo-wordpress\/ -->\n<title>A 70 a\u00f1os del Mercedes-Benz 300 SLR \u201c722\u201d -<\/title>\n<meta name=\"description\" content=\"Un repaso por la haza\u00f1a hist\u00f3rica Mercedes que marc\u00f3 un antes y un despu\u00e9s en el automovilismo y dej\u00f3 su huella en la Mille Miglia de 1955...\" \/>\n<meta name=\"robots\" content=\"index, follow, max-snippet:-1, max-image-preview:large, max-video-preview:-1\" \/>\n<link rel=\"canonical\" href=\"https:\/\/autofans.com.ar\/index.php\/2025\/04\/17\/a-70-anos-del-mercedes-benz-300-slr-722\/\" \/>\n<meta property=\"og:locale\" content=\"es_ES\" \/>\n<meta property=\"og:type\" content=\"article\" \/>\n<meta property=\"og:title\" content=\"A 70 a\u00f1os del Mercedes-Benz 300 SLR \u201c722\u201d -\" \/>\n<meta property=\"og:description\" content=\"Un repaso por la haza\u00f1a hist\u00f3rica Mercedes que marc\u00f3 un antes y un despu\u00e9s en el automovilismo y dej\u00f3 su huella en la Mille Miglia de 1955...\" \/>\n<meta property=\"og:url\" content=\"https:\/\/autofans.com.ar\/index.php\/2025\/04\/17\/a-70-anos-del-mercedes-benz-300-slr-722\/\" \/>\n<meta property=\"article:published_time\" content=\"2025-04-17T21:41:37+00:00\" \/>\n<meta property=\"og:image\" content=\"https:\/\/autofans.com.ar\/wp-content\/uploads\/2025\/04\/mercedes-1-3.jpg\" \/>\n\t<meta property=\"og:image:width\" content=\"1000\" \/>\n\t<meta property=\"og:image:height\" content=\"667\" \/>\n\t<meta property=\"og:image:type\" content=\"image\/jpeg\" \/>\n<meta name=\"author\" content=\"Alejandro Gabriel Rosito\" \/>\n<meta name=\"twitter:card\" content=\"summary_large_image\" \/>\n<meta name=\"twitter:label1\" content=\"Escrito por\" \/>\n\t<meta name=\"twitter:data1\" content=\"Alejandro Gabriel Rosito\" \/>\n\t<meta name=\"twitter:label2\" content=\"Tiempo de lectura\" \/>\n\t<meta name=\"twitter:data2\" content=\"3 minutos\" \/>\n<script type=\"application\/ld+json\" class=\"yoast-schema-graph\">{\"@context\":\"https:\\\/\\\/schema.org\",\"@graph\":[{\"@type\":\"Article\",\"@id\":\"https:\\\/\\\/autofans.com.ar\\\/index.php\\\/2025\\\/04\\\/17\\\/a-70-anos-del-mercedes-benz-300-slr-722\\\/#article\",\"isPartOf\":{\"@id\":\"https:\\\/\\\/autofans.com.ar\\\/index.php\\\/2025\\\/04\\\/17\\\/a-70-anos-del-mercedes-benz-300-slr-722\\\/\"},\"author\":{\"name\":\"Alejandro Gabriel Rosito\",\"@id\":\"https:\\\/\\\/autofans.com.ar\\\/#\\\/schema\\\/person\\\/4a8dda0b6df83ac3d6723e921274c2aa\"},\"headline\":\"A 70 a\u00f1os del Mercedes-Benz 300 SLR \u201c722\u201d\",\"datePublished\":\"2025-04-17T21:41:37+00:00\",\"mainEntityOfPage\":{\"@id\":\"https:\\\/\\\/autofans.com.ar\\\/index.php\\\/2025\\\/04\\\/17\\\/a-70-anos-del-mercedes-benz-300-slr-722\\\/\"},\"wordCount\":442,\"image\":{\"@id\":\"https:\\\/\\\/autofans.com.ar\\\/index.php\\\/2025\\\/04\\\/17\\\/a-70-anos-del-mercedes-benz-300-slr-722\\\/#primaryimage\"},\"thumbnailUrl\":\"https:\\\/\\\/autofans.com.ar\\\/wp-content\\\/uploads\\\/2025\\\/04\\\/mercedes-1-3.jpg\",\"keywords\":[\"300 SLR 722\",\"aniversario Mille Miglia\",\"autos deportivos cl\u00e1sicos\",\"Denis Jenkinson\",\"Historia del Automovilismo\",\"Mercedes Benz Argentina\",\"Mercedes-Benz\",\"Mille Miglia\",\"Museo Mercedes-Benz\",\"Stirling Moss\"],\"articleSection\":[\"DEPORTE MOTOR\",\"NOTICIAS\"],\"inLanguage\":\"es\"},{\"@type\":\"WebPage\",\"@id\":\"https:\\\/\\\/autofans.com.ar\\\/index.php\\\/2025\\\/04\\\/17\\\/a-70-anos-del-mercedes-benz-300-slr-722\\\/\",\"url\":\"https:\\\/\\\/autofans.com.ar\\\/index.php\\\/2025\\\/04\\\/17\\\/a-70-anos-del-mercedes-benz-300-slr-722\\\/\",\"name\":\"A 70 a\u00f1os del Mercedes-Benz 300 SLR \u201c722\u201d -\",\"isPartOf\":{\"@id\":\"https:\\\/\\\/autofans.com.ar\\\/#website\"},\"primaryImageOfPage\":{\"@id\":\"https:\\\/\\\/autofans.com.ar\\\/index.php\\\/2025\\\/04\\\/17\\\/a-70-anos-del-mercedes-benz-300-slr-722\\\/#primaryimage\"},\"image\":{\"@id\":\"https:\\\/\\\/autofans.com.ar\\\/index.php\\\/2025\\\/04\\\/17\\\/a-70-anos-del-mercedes-benz-300-slr-722\\\/#primaryimage\"},\"thumbnailUrl\":\"https:\\\/\\\/autofans.com.ar\\\/wp-content\\\/uploads\\\/2025\\\/04\\\/mercedes-1-3.jpg\",\"datePublished\":\"2025-04-17T21:41:37+00:00\",\"author\":{\"@id\":\"https:\\\/\\\/autofans.com.ar\\\/#\\\/schema\\\/person\\\/4a8dda0b6df83ac3d6723e921274c2aa\"},\"description\":\"Un repaso por la haza\u00f1a hist\u00f3rica Mercedes que marc\u00f3 un antes y un despu\u00e9s en el automovilismo y dej\u00f3 su huella en la Mille Miglia de 1955...\",\"breadcrumb\":{\"@id\":\"https:\\\/\\\/autofans.com.ar\\\/index.php\\\/2025\\\/04\\\/17\\\/a-70-anos-del-mercedes-benz-300-slr-722\\\/#breadcrumb\"},\"inLanguage\":\"es\",\"potentialAction\":[{\"@type\":\"ReadAction\",\"target\":[\"https:\\\/\\\/autofans.com.ar\\\/index.php\\\/2025\\\/04\\\/17\\\/a-70-anos-del-mercedes-benz-300-slr-722\\\/\"]}]},{\"@type\":\"ImageObject\",\"inLanguage\":\"es\",\"@id\":\"https:\\\/\\\/autofans.com.ar\\\/index.php\\\/2025\\\/04\\\/17\\\/a-70-anos-del-mercedes-benz-300-slr-722\\\/#primaryimage\",\"url\":\"https:\\\/\\\/autofans.com.ar\\\/wp-content\\\/uploads\\\/2025\\\/04\\\/mercedes-1-3.jpg\",\"contentUrl\":\"https:\\\/\\\/autofans.com.ar\\\/wp-content\\\/uploads\\\/2025\\\/04\\\/mercedes-1-3.jpg\",\"width\":1000,\"height\":667,\"caption\":\"Mercedes\"},{\"@type\":\"BreadcrumbList\",\"@id\":\"https:\\\/\\\/autofans.com.ar\\\/index.php\\\/2025\\\/04\\\/17\\\/a-70-anos-del-mercedes-benz-300-slr-722\\\/#breadcrumb\",\"itemListElement\":[{\"@type\":\"ListItem\",\"position\":1,\"name\":\"Inicio\",\"item\":\"https:\\\/\\\/autofans.com.ar\\\/\"},{\"@type\":\"ListItem\",\"position\":2,\"name\":\"A 70 a\u00f1os del Mercedes-Benz 300 SLR \u201c722\u201d\"}]},{\"@type\":\"WebSite\",\"@id\":\"https:\\\/\\\/autofans.com.ar\\\/#website\",\"url\":\"https:\\\/\\\/autofans.com.ar\\\/\",\"name\":\"\",\"description\":\"El multimedio referente de la industria automotriz\",\"potentialAction\":[{\"@type\":\"SearchAction\",\"target\":{\"@type\":\"EntryPoint\",\"urlTemplate\":\"https:\\\/\\\/autofans.com.ar\\\/?s={search_term_string}\"},\"query-input\":{\"@type\":\"PropertyValueSpecification\",\"valueRequired\":true,\"valueName\":\"search_term_string\"}}],\"inLanguage\":\"es\"},{\"@type\":\"Person\",\"@id\":\"https:\\\/\\\/autofans.com.ar\\\/#\\\/schema\\\/person\\\/4a8dda0b6df83ac3d6723e921274c2aa\",\"name\":\"Alejandro Gabriel Rosito\",\"image\":{\"@type\":\"ImageObject\",\"inLanguage\":\"es\",\"@id\":\"https:\\\/\\\/secure.gravatar.com\\\/avatar\\\/16c5dda1489adfc62618084dcbb91cffd879c374b13fe5dd8e44ed6733852c88?s=96&d=mm&r=g\",\"url\":\"https:\\\/\\\/secure.gravatar.com\\\/avatar\\\/16c5dda1489adfc62618084dcbb91cffd879c374b13fe5dd8e44ed6733852c88?s=96&d=mm&r=g\",\"contentUrl\":\"https:\\\/\\\/secure.gravatar.com\\\/avatar\\\/16c5dda1489adfc62618084dcbb91cffd879c374b13fe5dd8e44ed6733852c88?s=96&d=mm&r=g\",\"caption\":\"Alejandro Gabriel Rosito\"},\"url\":\"https:\\\/\\\/autofans.com.ar\\\/index.php\\\/author\\\/gabrielr\\\/\"}]}<\/script>\n<!-- \/ Yoast SEO plugin. -->","yoast_head_json":{"title":"A 70 a\u00f1os del Mercedes-Benz 300 SLR \u201c722\u201d -","description":"Un repaso por la haza\u00f1a hist\u00f3rica Mercedes que marc\u00f3 un antes y un despu\u00e9s en el automovilismo y dej\u00f3 su huella en la Mille Miglia de 1955...","robots":{"index":"index","follow":"follow","max-snippet":"max-snippet:-1","max-image-preview":"max-image-preview:large","max-video-preview":"max-video-preview:-1"},"canonical":"https:\/\/autofans.com.ar\/index.php\/2025\/04\/17\/a-70-anos-del-mercedes-benz-300-slr-722\/","og_locale":"es_ES","og_type":"article","og_title":"A 70 a\u00f1os del Mercedes-Benz 300 SLR \u201c722\u201d -","og_description":"Un repaso por la haza\u00f1a hist\u00f3rica Mercedes que marc\u00f3 un antes y un despu\u00e9s en el automovilismo y dej\u00f3 su huella en la Mille Miglia de 1955...","og_url":"https:\/\/autofans.com.ar\/index.php\/2025\/04\/17\/a-70-anos-del-mercedes-benz-300-slr-722\/","article_published_time":"2025-04-17T21:41:37+00:00","og_image":[{"width":1000,"height":667,"url":"https:\/\/autofans.com.ar\/wp-content\/uploads\/2025\/04\/mercedes-1-3.jpg","type":"image\/jpeg"}],"author":"Alejandro Gabriel Rosito","twitter_card":"summary_large_image","twitter_misc":{"Escrito por":"Alejandro Gabriel Rosito","Tiempo de lectura":"3 minutos"},"schema":{"@context":"https:\/\/schema.org","@graph":[{"@type":"Article","@id":"https:\/\/autofans.com.ar\/index.php\/2025\/04\/17\/a-70-anos-del-mercedes-benz-300-slr-722\/#article","isPartOf":{"@id":"https:\/\/autofans.com.ar\/index.php\/2025\/04\/17\/a-70-anos-del-mercedes-benz-300-slr-722\/"},"author":{"name":"Alejandro Gabriel Rosito","@id":"https:\/\/autofans.com.ar\/#\/schema\/person\/4a8dda0b6df83ac3d6723e921274c2aa"},"headline":"A 70 a\u00f1os del Mercedes-Benz 300 SLR \u201c722\u201d","datePublished":"2025-04-17T21:41:37+00:00","mainEntityOfPage":{"@id":"https:\/\/autofans.com.ar\/index.php\/2025\/04\/17\/a-70-anos-del-mercedes-benz-300-slr-722\/"},"wordCount":442,"image":{"@id":"https:\/\/autofans.com.ar\/index.php\/2025\/04\/17\/a-70-anos-del-mercedes-benz-300-slr-722\/#primaryimage"},"thumbnailUrl":"https:\/\/autofans.com.ar\/wp-content\/uploads\/2025\/04\/mercedes-1-3.jpg","keywords":["300 SLR 722","aniversario Mille Miglia","autos deportivos cl\u00e1sicos","Denis Jenkinson","Historia del Automovilismo","Mercedes Benz Argentina","Mercedes-Benz","Mille Miglia","Museo Mercedes-Benz","Stirling Moss"],"articleSection":["DEPORTE MOTOR","NOTICIAS"],"inLanguage":"es"},{"@type":"WebPage","@id":"https:\/\/autofans.com.ar\/index.php\/2025\/04\/17\/a-70-anos-del-mercedes-benz-300-slr-722\/","url":"https:\/\/autofans.com.ar\/index.php\/2025\/04\/17\/a-70-anos-del-mercedes-benz-300-slr-722\/","name":"A 70 a\u00f1os del Mercedes-Benz 300 SLR \u201c722\u201d -","isPartOf":{"@id":"https:\/\/autofans.com.ar\/#website"},"primaryImageOfPage":{"@id":"https:\/\/autofans.com.ar\/index.php\/2025\/04\/17\/a-70-anos-del-mercedes-benz-300-slr-722\/#primaryimage"},"image":{"@id":"https:\/\/autofans.com.ar\/index.php\/2025\/04\/17\/a-70-anos-del-mercedes-benz-300-slr-722\/#primaryimage"},"thumbnailUrl":"https:\/\/autofans.com.ar\/wp-content\/uploads\/2025\/04\/mercedes-1-3.jpg","datePublished":"2025-04-17T21:41:37+00:00","author":{"@id":"https:\/\/autofans.com.ar\/#\/schema\/person\/4a8dda0b6df83ac3d6723e921274c2aa"},"description":"Un repaso por la haza\u00f1a hist\u00f3rica Mercedes que marc\u00f3 un antes y un despu\u00e9s en el automovilismo y dej\u00f3 su huella en la Mille Miglia de 1955...","breadcrumb":{"@id":"https:\/\/autofans.com.ar\/index.php\/2025\/04\/17\/a-70-anos-del-mercedes-benz-300-slr-722\/#breadcrumb"},"inLanguage":"es","potentialAction":[{"@type":"ReadAction","target":["https:\/\/autofans.com.ar\/index.php\/2025\/04\/17\/a-70-anos-del-mercedes-benz-300-slr-722\/"]}]},{"@type":"ImageObject","inLanguage":"es","@id":"https:\/\/autofans.com.ar\/index.php\/2025\/04\/17\/a-70-anos-del-mercedes-benz-300-slr-722\/#primaryimage","url":"https:\/\/autofans.com.ar\/wp-content\/uploads\/2025\/04\/mercedes-1-3.jpg","contentUrl":"https:\/\/autofans.com.ar\/wp-content\/uploads\/2025\/04\/mercedes-1-3.jpg","width":1000,"height":667,"caption":"Mercedes"},{"@type":"BreadcrumbList","@id":"https:\/\/autofans.com.ar\/index.php\/2025\/04\/17\/a-70-anos-del-mercedes-benz-300-slr-722\/#breadcrumb","itemListElement":[{"@type":"ListItem","position":1,"name":"Inicio","item":"https:\/\/autofans.com.ar\/"},{"@type":"ListItem","position":2,"name":"A 70 a\u00f1os del Mercedes-Benz 300 SLR \u201c722\u201d"}]},{"@type":"WebSite","@id":"https:\/\/autofans.com.ar\/#website","url":"https:\/\/autofans.com.ar\/","name":"","description":"El multimedio referente de la industria automotriz","potentialAction":[{"@type":"SearchAction","target":{"@type":"EntryPoint","urlTemplate":"https:\/\/autofans.com.ar\/?s={search_term_string}"},"query-input":{"@type":"PropertyValueSpecification","valueRequired":true,"valueName":"search_term_string"}}],"inLanguage":"es"},{"@type":"Person","@id":"https:\/\/autofans.com.ar\/#\/schema\/person\/4a8dda0b6df83ac3d6723e921274c2aa","name":"Alejandro Gabriel Rosito","image":{"@type":"ImageObject","inLanguage":"es","@id":"https:\/\/secure.gravatar.com\/avatar\/16c5dda1489adfc62618084dcbb91cffd879c374b13fe5dd8e44ed6733852c88?s=96&d=mm&r=g","url":"https:\/\/secure.gravatar.com\/avatar\/16c5dda1489adfc62618084dcbb91cffd879c374b13fe5dd8e44ed6733852c88?s=96&d=mm&r=g","contentUrl":"https:\/\/secure.gravatar.com\/avatar\/16c5dda1489adfc62618084dcbb91cffd879c374b13fe5dd8e44ed6733852c88?s=96&d=mm&r=g","caption":"Alejandro Gabriel Rosito"},"url":"https:\/\/autofans.com.ar\/index.php\/author\/gabrielr\/"}]}},"featured_image_urls":{"full":["https:\/\/autofans.com.ar\/wp-content\/uploads\/2025\/04\/mercedes-1-3.jpg",1000,667,false],"thumbnail":["https:\/\/autofans.com.ar\/wp-content\/uploads\/2025\/04\/mercedes-1-3-150x150.jpg",150,150,true],"medium":["https:\/\/autofans.com.ar\/wp-content\/uploads\/2025\/04\/mercedes-1-3-300x200.jpg",300,200,true],"medium_large":["https:\/\/autofans.com.ar\/wp-content\/uploads\/2025\/04\/mercedes-1-3-768x512.jpg",640,427,true],"large":["https:\/\/autofans.com.ar\/wp-content\/uploads\/2025\/04\/mercedes-1-3.jpg",640,427,false],"1536x1536":["https:\/\/autofans.com.ar\/wp-content\/uploads\/2025\/04\/mercedes-1-3.jpg",1000,667,false],"2048x2048":["https:\/\/autofans.com.ar\/wp-content\/uploads\/2025\/04\/mercedes-1-3.jpg",1000,667,false],"covernews-featured":["https:\/\/autofans.com.ar\/wp-content\/uploads\/2025\/04\/mercedes-1-3.jpg",1000,667,false],"covernews-medium":["https:\/\/autofans.com.ar\/wp-content\/uploads\/2025\/04\/mercedes-1-3-540x340.jpg",540,340,true]},"author_info":{"display_name":"Alejandro Gabriel Rosito","author_link":"https:\/\/autofans.com.ar\/index.php\/author\/gabrielr\/"},"category_info":"<a href=\"https:\/\/autofans.com.ar\/index.php\/category\/noticias\/deporte\/\" rel=\"category tag\">DEPORTE MOTOR<\/a> <a href=\"https:\/\/autofans.com.ar\/index.php\/category\/noticias\/\" rel=\"category tag\">NOTICIAS<\/a>","tag_info":"NOTICIAS","comment_count":0,"_links":{"self":[{"href":"https:\/\/autofans.com.ar\/index.php\/wp-json\/wp\/v2\/posts\/11992","targetHints":{"allow":["GET"]}}],"collection":[{"href":"https:\/\/autofans.com.ar\/index.php\/wp-json\/wp\/v2\/posts"}],"about":[{"href":"https:\/\/autofans.com.ar\/index.php\/wp-json\/wp\/v2\/types\/post"}],"author":[{"embeddable":true,"href":"https:\/\/autofans.com.ar\/index.php\/wp-json\/wp\/v2\/users\/2"}],"replies":[{"embeddable":true,"href":"https:\/\/autofans.com.ar\/index.php\/wp-json\/wp\/v2\/comments?post=11992"}],"version-history":[{"count":8,"href":"https:\/\/autofans.com.ar\/index.php\/wp-json\/wp\/v2\/posts\/11992\/revisions"}],"predecessor-version":[{"id":12004,"href":"https:\/\/autofans.com.ar\/index.php\/wp-json\/wp\/v2\/posts\/11992\/revisions\/12004"}],"wp:featuredmedia":[{"embeddable":true,"href":"https:\/\/autofans.com.ar\/index.php\/wp-json\/wp\/v2\/media\/11995"}],"wp:attachment":[{"href":"https:\/\/autofans.com.ar\/index.php\/wp-json\/wp\/v2\/media?parent=11992"}],"wp:term":[{"taxonomy":"category","embeddable":true,"href":"https:\/\/autofans.com.ar\/index.php\/wp-json\/wp\/v2\/categories?post=11992"},{"taxonomy":"post_tag","embeddable":true,"href":"https:\/\/autofans.com.ar\/index.php\/wp-json\/wp\/v2\/tags?post=11992"}],"curies":[{"name":"wp","href":"https:\/\/api.w.org\/{rel}","templated":true}]}}