{"id":120,"date":"2023-01-17T00:51:56","date_gmt":"2023-01-17T00:51:56","guid":{"rendered":"https:\/\/autofans.thebrandsoup.com\/?p=120"},"modified":"2023-03-02T18:06:08","modified_gmt":"2023-03-02T18:06:08","slug":"corven-motos-activa-el-verano-argentino-2023","status":"publish","type":"post","link":"https:\/\/autofans.com.ar\/index.php\/2023\/01\/17\/corven-motos-activa-el-verano-argentino-2023\/","title":{"rendered":"CORVEN MOTOS activa el verano argentino 2023"},"content":{"rendered":"<h4><em>La marca llevar\u00e1 adelante una actividades en los centros veraniegos m\u00e1s visitados por los argentinos con juegos, premios y sorteos de motos para acompa\u00f1ar a su p\u00fablico en estas vacaciones.<\/em><\/h4>\n<p>&nbsp;<\/p>\n<p>Corven Motos, compa\u00f1\u00eda l\u00edder de mercado de motoveh\u00edculos, estar\u00e1 presente potenciando la energ\u00eda de este verano en las ciudades de Mar del Plata, Rosario y Villa Carlos Paz con una variedad de entretenidas propuestas y un espectacular sorteo de una Energy Tuning en cada una de las plazas. La marca activa el verano y refuerza con estas actividades el v\u00ednculo con su p\u00fablico joven sorprendi\u00e9ndolo en sus vacaciones con propuestas llenas de diversi\u00f3n, entretenimiento y con la posibilidad de ganar importantes premios.<\/p>\n<p>En la ciudad de Mar del Plata, Corven Motos arranca el a\u00f1o potenciando la energ\u00eda joven de Playa Grande, una de las m\u00e1s elegidas de la costa bonaerense. Con juegos deportivos y una ruleta m\u00f3vil, el equipo de promotores acompa\u00f1ar\u00e1 a los miles de j\u00f3venes que eligen esta playa para vacacionar cada d\u00eda. Durante enero, febrero y la primera quincena de marzo el p\u00fablico podr\u00e1 participar por premios tales como gorras, pilusos y remeras adem\u00e1s del incre\u00edble sorteo de una Energy Tuning.<\/p>\n<p>A partir del 13 de enero y durante toda la temporada veraniega, Corven tambi\u00e9n estar\u00e1 en C\u00f3rdoba, en el \u201cComplejo La Playa\u201d de la localidad de Mayu Sumaj, el lugar m\u00e1s elegido por la juventud en la provincia de C\u00f3rdoba. La marc\u00e1 dispondr\u00e1 de un stand de 3 x 4,5 m para activar el esp\u00edritu de miles de j\u00f3venes con la exhibici\u00f3n del line up de productos, DJs en vivo, juegos virtuales, equipos de promotores y sorteos de merchandising. Asimismo se realizar\u00e1n sorteos de entradas para el parador a trav\u00e9s de las redes sociales oficiales de Corven. C\u00f3rdoba es una plaza estrat\u00e9gica en la que Corven Motos siempre est\u00e1 presente y compite para incrementar su market share y servicios en la regi\u00f3n.<br \/>\nAdem\u00e1s estar\u00e1 presente en Rosario, espec\u00edficamente el Balneario La Florida, junto a m\u00e1s de 5.000 j\u00f3venes que lo eligen d\u00eda a d\u00eda para divertirse y disfrutar de las hermosas tardes de playa y amigos.<\/p>\n<p>De la mano del equipo de promotores, los asistentes podr\u00e1n entretenerse con los juegos playeros m\u00e1s innovadores de la temporada, ganar premios de la marca y tener la posibilidad de ganar una Energy Tuning 0Km. Adem\u00e1s, los d\u00edas 21 de enero y 25 de febrero Corven ser\u00e1 el Main Sponsor de la Fiesta Tradicional Rosarina m\u00e1s esperada del a\u00f1o: el Festival Somos R\u00edo. All\u00ed los asistentes podr\u00e1n disfrutar de shows en vivo de artistas urbanos, realizar actividades recreativas deportivas y visitarnos en stand de Corven para conocer y asesorarse con vendedores capacitados sobre la amplia l\u00ednea de productos.<\/p>\n<p>Nuevamente como todos los veranos Corven deja su marca desarrollando actividades que refuerzan su apuesta por el pa\u00eds, ofreciendo productos de la m\u00e1s alta calidad de producci\u00f3n nacional y con el mayor respaldo de su amplia red de concesionarios y servicios de post venta.<\/p>\n<p>&nbsp;<\/p>\n<p><span style=\"color: #ff9900;\"><span style=\"color: #dbdbdb;\"><em>Para enterarte de m\u00e1s novedades, no dejes de ver<\/em><\/span><strong><em> <a style=\"color: #ff9900;\" href=\"https:\/\/www.youtube.com\/channel\/UCgAC8UGHZYbT6P7PpmVnP7g\" target=\"_blank\" rel=\"noopener\"><span style=\"color: #00ccff;\"><span style=\"color: #3366ff;\">AUTOFANS TV<\/span><\/span><\/a> <\/em><\/strong><span style=\"color: #dbdbdb;\"><em>en nuestro<\/em><\/span><em><span style=\"color: #dbdbdb;\"> canal de Youtube. Adem\u00e1s seguinos en<\/span> <span style=\"color: #3366ff;\"><a style=\"color: #3366ff;\" href=\"https:\/\/www.instagram.com\/autofanstv\/\" target=\"_blank\" rel=\"noopener\">INSTAGRAM<\/a> <\/span><span style=\"color: #dbdbdb;\">y <span style=\"color: #3366ff;\">FACEBOOK<\/span> para no perderte nada sobre las novedades del segmento automotor de Argentina y el mundo.<\/span><\/em><\/span><\/p>\n","protected":false},"excerpt":{"rendered":"<p>La marca llevar\u00e1 adelante una actividades en los centros veraniegos m\u00e1s visitados por los argentinos&#8230;<\/p>\n","protected":false},"author":1,"featured_media":121,"comment_status":"closed","ping_status":"open","sticky":false,"template":"","format":"standard","meta":{"footnotes":""},"categories":[4,16],"tags":[58,65,57,67,68,62,61,60,69,63,66,59,42,64],"class_list":["post-120","post","type-post","status-publish","format-standard","has-post-thumbnail","hentry","category-motos","category-noticias","tag-activaciones-de-verano","tag-cordoba","tag-corven-motos","tag-costa-atlantica","tag-juegos","tag-mar-del-plata","tag-motocileta","tag-motos","tag-premios","tag-rosario","tag-santa-fe","tag-sorteo","tag-verano-2023","tag-villa-carlos-paz"],"yoast_head":"<!-- This site is optimized with the Yoast SEO plugin v27.5 - https:\/\/yoast.com\/product\/yoast-seo-wordpress\/ -->\n<title>CORVEN MOTOS activa el verano argentino 2023 -<\/title>\n<meta name=\"description\" content=\"Corven llevar\u00e1 adelante una actividades en los centros veraniegos m\u00e1s visitados por los argentinos con juegos, premios y sorteos de motos...\" \/>\n<meta name=\"robots\" content=\"index, follow, max-snippet:-1, max-image-preview:large, max-video-preview:-1\" \/>\n<link rel=\"canonical\" href=\"https:\/\/autofans.com.ar\/index.php\/2023\/01\/17\/corven-motos-activa-el-verano-argentino-2023\/\" \/>\n<meta property=\"og:locale\" content=\"es_ES\" \/>\n<meta property=\"og:type\" content=\"article\" \/>\n<meta property=\"og:title\" content=\"CORVEN MOTOS activa el verano argentino 2023 -\" \/>\n<meta property=\"og:description\" content=\"Corven llevar\u00e1 adelante una actividades en los centros veraniegos m\u00e1s visitados por los argentinos con juegos, premios y sorteos de motos...\" \/>\n<meta property=\"og:url\" content=\"https:\/\/autofans.com.ar\/index.php\/2023\/01\/17\/corven-motos-activa-el-verano-argentino-2023\/\" \/>\n<meta property=\"article:published_time\" content=\"2023-01-17T00:51:56+00:00\" \/>\n<meta property=\"article:modified_time\" content=\"2023-03-02T18:06:08+00:00\" \/>\n<meta property=\"og:image\" content=\"https:\/\/autofans.com.ar\/wp-content\/uploads\/2023\/02\/Corven-Motos-activa-el-verano.jpg\" \/>\n\t<meta property=\"og:image:width\" content=\"600\" \/>\n\t<meta property=\"og:image:height\" content=\"400\" \/>\n\t<meta property=\"og:image:type\" content=\"image\/jpeg\" \/>\n<meta name=\"author\" content=\"AleCAF\" \/>\n<meta name=\"twitter:card\" content=\"summary_large_image\" \/>\n<meta name=\"twitter:label1\" content=\"Escrito por\" \/>\n\t<meta name=\"twitter:data1\" content=\"AleCAF\" \/>\n\t<meta name=\"twitter:label2\" content=\"Tiempo de lectura\" \/>\n\t<meta name=\"twitter:data2\" content=\"3 minutos\" \/>\n<script type=\"application\/ld+json\" class=\"yoast-schema-graph\">{\"@context\":\"https:\\\/\\\/schema.org\",\"@graph\":[{\"@type\":\"Article\",\"@id\":\"https:\\\/\\\/autofans.com.ar\\\/index.php\\\/2023\\\/01\\\/17\\\/corven-motos-activa-el-verano-argentino-2023\\\/#article\",\"isPartOf\":{\"@id\":\"https:\\\/\\\/autofans.com.ar\\\/index.php\\\/2023\\\/01\\\/17\\\/corven-motos-activa-el-verano-argentino-2023\\\/\"},\"author\":{\"name\":\"AleCAF\",\"@id\":\"https:\\\/\\\/autofans.com.ar\\\/#\\\/schema\\\/person\\\/4f260a29da3cfebb7f29121591a73481\"},\"headline\":\"CORVEN MOTOS activa el verano argentino 2023\",\"datePublished\":\"2023-01-17T00:51:56+00:00\",\"dateModified\":\"2023-03-02T18:06:08+00:00\",\"mainEntityOfPage\":{\"@id\":\"https:\\\/\\\/autofans.com.ar\\\/index.php\\\/2023\\\/01\\\/17\\\/corven-motos-activa-el-verano-argentino-2023\\\/\"},\"wordCount\":584,\"image\":{\"@id\":\"https:\\\/\\\/autofans.com.ar\\\/index.php\\\/2023\\\/01\\\/17\\\/corven-motos-activa-el-verano-argentino-2023\\\/#primaryimage\"},\"thumbnailUrl\":\"https:\\\/\\\/autofans.com.ar\\\/wp-content\\\/uploads\\\/2023\\\/02\\\/Corven-Motos-activa-el-verano.jpg\",\"keywords\":[\"Activaciones de verano\",\"Cordoba\",\"Corven Motos\",\"Costa Atlantica\",\"Juegos\",\"Mar del Plata\",\"Motocileta\",\"Motos\",\"Premios\",\"Rosario\",\"Santa Fe\",\"Sorteo\",\"Verano 2023\",\"Villa Carlos Paz\"],\"articleSection\":[\"MOTOS\",\"NOTICIAS\"],\"inLanguage\":\"es\"},{\"@type\":\"WebPage\",\"@id\":\"https:\\\/\\\/autofans.com.ar\\\/index.php\\\/2023\\\/01\\\/17\\\/corven-motos-activa-el-verano-argentino-2023\\\/\",\"url\":\"https:\\\/\\\/autofans.com.ar\\\/index.php\\\/2023\\\/01\\\/17\\\/corven-motos-activa-el-verano-argentino-2023\\\/\",\"name\":\"CORVEN MOTOS activa el verano argentino 2023 -\",\"isPartOf\":{\"@id\":\"https:\\\/\\\/autofans.com.ar\\\/#website\"},\"primaryImageOfPage\":{\"@id\":\"https:\\\/\\\/autofans.com.ar\\\/index.php\\\/2023\\\/01\\\/17\\\/corven-motos-activa-el-verano-argentino-2023\\\/#primaryimage\"},\"image\":{\"@id\":\"https:\\\/\\\/autofans.com.ar\\\/index.php\\\/2023\\\/01\\\/17\\\/corven-motos-activa-el-verano-argentino-2023\\\/#primaryimage\"},\"thumbnailUrl\":\"https:\\\/\\\/autofans.com.ar\\\/wp-content\\\/uploads\\\/2023\\\/02\\\/Corven-Motos-activa-el-verano.jpg\",\"datePublished\":\"2023-01-17T00:51:56+00:00\",\"dateModified\":\"2023-03-02T18:06:08+00:00\",\"author\":{\"@id\":\"https:\\\/\\\/autofans.com.ar\\\/#\\\/schema\\\/person\\\/4f260a29da3cfebb7f29121591a73481\"},\"description\":\"Corven llevar\u00e1 adelante una actividades en los centros veraniegos m\u00e1s visitados por los argentinos con juegos, premios y sorteos de motos...\",\"breadcrumb\":{\"@id\":\"https:\\\/\\\/autofans.com.ar\\\/index.php\\\/2023\\\/01\\\/17\\\/corven-motos-activa-el-verano-argentino-2023\\\/#breadcrumb\"},\"inLanguage\":\"es\",\"potentialAction\":[{\"@type\":\"ReadAction\",\"target\":[\"https:\\\/\\\/autofans.com.ar\\\/index.php\\\/2023\\\/01\\\/17\\\/corven-motos-activa-el-verano-argentino-2023\\\/\"]}]},{\"@type\":\"ImageObject\",\"inLanguage\":\"es\",\"@id\":\"https:\\\/\\\/autofans.com.ar\\\/index.php\\\/2023\\\/01\\\/17\\\/corven-motos-activa-el-verano-argentino-2023\\\/#primaryimage\",\"url\":\"https:\\\/\\\/autofans.com.ar\\\/wp-content\\\/uploads\\\/2023\\\/02\\\/Corven-Motos-activa-el-verano.jpg\",\"contentUrl\":\"https:\\\/\\\/autofans.com.ar\\\/wp-content\\\/uploads\\\/2023\\\/02\\\/Corven-Motos-activa-el-verano.jpg\",\"width\":600,\"height\":400,\"caption\":\"CORVEN MOTOS activa el verano argentino 2023\"},{\"@type\":\"BreadcrumbList\",\"@id\":\"https:\\\/\\\/autofans.com.ar\\\/index.php\\\/2023\\\/01\\\/17\\\/corven-motos-activa-el-verano-argentino-2023\\\/#breadcrumb\",\"itemListElement\":[{\"@type\":\"ListItem\",\"position\":1,\"name\":\"Inicio\",\"item\":\"https:\\\/\\\/autofans.com.ar\\\/\"},{\"@type\":\"ListItem\",\"position\":2,\"name\":\"CORVEN MOTOS activa el verano argentino 2023\"}]},{\"@type\":\"WebSite\",\"@id\":\"https:\\\/\\\/autofans.com.ar\\\/#website\",\"url\":\"https:\\\/\\\/autofans.com.ar\\\/\",\"name\":\"\",\"description\":\"El multimedio referente de la industria automotriz\",\"potentialAction\":[{\"@type\":\"SearchAction\",\"target\":{\"@type\":\"EntryPoint\",\"urlTemplate\":\"https:\\\/\\\/autofans.com.ar\\\/?s={search_term_string}\"},\"query-input\":{\"@type\":\"PropertyValueSpecification\",\"valueRequired\":true,\"valueName\":\"search_term_string\"}}],\"inLanguage\":\"es\"},{\"@type\":\"Person\",\"@id\":\"https:\\\/\\\/autofans.com.ar\\\/#\\\/schema\\\/person\\\/4f260a29da3cfebb7f29121591a73481\",\"name\":\"AleCAF\",\"image\":{\"@type\":\"ImageObject\",\"inLanguage\":\"es\",\"@id\":\"https:\\\/\\\/secure.gravatar.com\\\/avatar\\\/959b1ac26ee9dfc67318763f0a21a739fce256ee110a46fe86a2957f5568f27e?s=96&d=mm&r=g\",\"url\":\"https:\\\/\\\/secure.gravatar.com\\\/avatar\\\/959b1ac26ee9dfc67318763f0a21a739fce256ee110a46fe86a2957f5568f27e?s=96&d=mm&r=g\",\"contentUrl\":\"https:\\\/\\\/secure.gravatar.com\\\/avatar\\\/959b1ac26ee9dfc67318763f0a21a739fce256ee110a46fe86a2957f5568f27e?s=96&d=mm&r=g\",\"caption\":\"AleCAF\"},\"description\":\"Se trata del sitio web del multimedio Autofans, dedicado a informar las novedades y tendencias del segmento automotor nacional e internacional. El multimedio est\u00e1 conformado por Autofans web, Autofans TV (Programa), Youtube, Intagram y Facebook\",\"sameAs\":[\"https:\\\/\\\/autofans.com.ar\"],\"url\":\"https:\\\/\\\/autofans.com.ar\\\/index.php\\\/author\\\/alecampolieto\\\/\"}]}<\/script>\n<!-- \/ Yoast SEO plugin. -->","yoast_head_json":{"title":"CORVEN MOTOS activa el verano argentino 2023 -","description":"Corven llevar\u00e1 adelante una actividades en los centros veraniegos m\u00e1s visitados por los argentinos con juegos, premios y sorteos de motos...","robots":{"index":"index","follow":"follow","max-snippet":"max-snippet:-1","max-image-preview":"max-image-preview:large","max-video-preview":"max-video-preview:-1"},"canonical":"https:\/\/autofans.com.ar\/index.php\/2023\/01\/17\/corven-motos-activa-el-verano-argentino-2023\/","og_locale":"es_ES","og_type":"article","og_title":"CORVEN MOTOS activa el verano argentino 2023 -","og_description":"Corven llevar\u00e1 adelante una actividades en los centros veraniegos m\u00e1s visitados por los argentinos con juegos, premios y sorteos de motos...","og_url":"https:\/\/autofans.com.ar\/index.php\/2023\/01\/17\/corven-motos-activa-el-verano-argentino-2023\/","article_published_time":"2023-01-17T00:51:56+00:00","article_modified_time":"2023-03-02T18:06:08+00:00","og_image":[{"width":600,"height":400,"url":"https:\/\/autofans.com.ar\/wp-content\/uploads\/2023\/02\/Corven-Motos-activa-el-verano.jpg","type":"image\/jpeg"}],"author":"AleCAF","twitter_card":"summary_large_image","twitter_misc":{"Escrito por":"AleCAF","Tiempo de lectura":"3 minutos"},"schema":{"@context":"https:\/\/schema.org","@graph":[{"@type":"Article","@id":"https:\/\/autofans.com.ar\/index.php\/2023\/01\/17\/corven-motos-activa-el-verano-argentino-2023\/#article","isPartOf":{"@id":"https:\/\/autofans.com.ar\/index.php\/2023\/01\/17\/corven-motos-activa-el-verano-argentino-2023\/"},"author":{"name":"AleCAF","@id":"https:\/\/autofans.com.ar\/#\/schema\/person\/4f260a29da3cfebb7f29121591a73481"},"headline":"CORVEN MOTOS activa el verano argentino 2023","datePublished":"2023-01-17T00:51:56+00:00","dateModified":"2023-03-02T18:06:08+00:00","mainEntityOfPage":{"@id":"https:\/\/autofans.com.ar\/index.php\/2023\/01\/17\/corven-motos-activa-el-verano-argentino-2023\/"},"wordCount":584,"image":{"@id":"https:\/\/autofans.com.ar\/index.php\/2023\/01\/17\/corven-motos-activa-el-verano-argentino-2023\/#primaryimage"},"thumbnailUrl":"https:\/\/autofans.com.ar\/wp-content\/uploads\/2023\/02\/Corven-Motos-activa-el-verano.jpg","keywords":["Activaciones de verano","Cordoba","Corven Motos","Costa Atlantica","Juegos","Mar del Plata","Motocileta","Motos","Premios","Rosario","Santa Fe","Sorteo","Verano 2023","Villa Carlos Paz"],"articleSection":["MOTOS","NOTICIAS"],"inLanguage":"es"},{"@type":"WebPage","@id":"https:\/\/autofans.com.ar\/index.php\/2023\/01\/17\/corven-motos-activa-el-verano-argentino-2023\/","url":"https:\/\/autofans.com.ar\/index.php\/2023\/01\/17\/corven-motos-activa-el-verano-argentino-2023\/","name":"CORVEN MOTOS activa el verano argentino 2023 -","isPartOf":{"@id":"https:\/\/autofans.com.ar\/#website"},"primaryImageOfPage":{"@id":"https:\/\/autofans.com.ar\/index.php\/2023\/01\/17\/corven-motos-activa-el-verano-argentino-2023\/#primaryimage"},"image":{"@id":"https:\/\/autofans.com.ar\/index.php\/2023\/01\/17\/corven-motos-activa-el-verano-argentino-2023\/#primaryimage"},"thumbnailUrl":"https:\/\/autofans.com.ar\/wp-content\/uploads\/2023\/02\/Corven-Motos-activa-el-verano.jpg","datePublished":"2023-01-17T00:51:56+00:00","dateModified":"2023-03-02T18:06:08+00:00","author":{"@id":"https:\/\/autofans.com.ar\/#\/schema\/person\/4f260a29da3cfebb7f29121591a73481"},"description":"Corven llevar\u00e1 adelante una actividades en los centros veraniegos m\u00e1s visitados por los argentinos con juegos, premios y sorteos de motos...","breadcrumb":{"@id":"https:\/\/autofans.com.ar\/index.php\/2023\/01\/17\/corven-motos-activa-el-verano-argentino-2023\/#breadcrumb"},"inLanguage":"es","potentialAction":[{"@type":"ReadAction","target":["https:\/\/autofans.com.ar\/index.php\/2023\/01\/17\/corven-motos-activa-el-verano-argentino-2023\/"]}]},{"@type":"ImageObject","inLanguage":"es","@id":"https:\/\/autofans.com.ar\/index.php\/2023\/01\/17\/corven-motos-activa-el-verano-argentino-2023\/#primaryimage","url":"https:\/\/autofans.com.ar\/wp-content\/uploads\/2023\/02\/Corven-Motos-activa-el-verano.jpg","contentUrl":"https:\/\/autofans.com.ar\/wp-content\/uploads\/2023\/02\/Corven-Motos-activa-el-verano.jpg","width":600,"height":400,"caption":"CORVEN MOTOS activa el verano argentino 2023"},{"@type":"BreadcrumbList","@id":"https:\/\/autofans.com.ar\/index.php\/2023\/01\/17\/corven-motos-activa-el-verano-argentino-2023\/#breadcrumb","itemListElement":[{"@type":"ListItem","position":1,"name":"Inicio","item":"https:\/\/autofans.com.ar\/"},{"@type":"ListItem","position":2,"name":"CORVEN MOTOS activa el verano argentino 2023"}]},{"@type":"WebSite","@id":"https:\/\/autofans.com.ar\/#website","url":"https:\/\/autofans.com.ar\/","name":"","description":"El multimedio referente de la industria automotriz","potentialAction":[{"@type":"SearchAction","target":{"@type":"EntryPoint","urlTemplate":"https:\/\/autofans.com.ar\/?s={search_term_string}"},"query-input":{"@type":"PropertyValueSpecification","valueRequired":true,"valueName":"search_term_string"}}],"inLanguage":"es"},{"@type":"Person","@id":"https:\/\/autofans.com.ar\/#\/schema\/person\/4f260a29da3cfebb7f29121591a73481","name":"AleCAF","image":{"@type":"ImageObject","inLanguage":"es","@id":"https:\/\/secure.gravatar.com\/avatar\/959b1ac26ee9dfc67318763f0a21a739fce256ee110a46fe86a2957f5568f27e?s=96&d=mm&r=g","url":"https:\/\/secure.gravatar.com\/avatar\/959b1ac26ee9dfc67318763f0a21a739fce256ee110a46fe86a2957f5568f27e?s=96&d=mm&r=g","contentUrl":"https:\/\/secure.gravatar.com\/avatar\/959b1ac26ee9dfc67318763f0a21a739fce256ee110a46fe86a2957f5568f27e?s=96&d=mm&r=g","caption":"AleCAF"},"description":"Se trata del sitio web del multimedio Autofans, dedicado a informar las novedades y tendencias del segmento automotor nacional e internacional. El multimedio est\u00e1 conformado por Autofans web, Autofans TV (Programa), Youtube, Intagram y Facebook","sameAs":["https:\/\/autofans.com.ar"],"url":"https:\/\/autofans.com.ar\/index.php\/author\/alecampolieto\/"}]}},"featured_image_urls":{"full":["https:\/\/autofans.com.ar\/wp-content\/uploads\/2023\/02\/Corven-Motos-activa-el-verano.jpg",600,400,false],"thumbnail":["https:\/\/autofans.com.ar\/wp-content\/uploads\/2023\/02\/Corven-Motos-activa-el-verano-150x150.jpg",150,150,true],"medium":["https:\/\/autofans.com.ar\/wp-content\/uploads\/2023\/02\/Corven-Motos-activa-el-verano-300x200.jpg",300,200,true],"medium_large":["https:\/\/autofans.com.ar\/wp-content\/uploads\/2023\/02\/Corven-Motos-activa-el-verano.jpg",600,400,false],"large":["https:\/\/autofans.com.ar\/wp-content\/uploads\/2023\/02\/Corven-Motos-activa-el-verano.jpg",600,400,false],"1536x1536":["https:\/\/autofans.com.ar\/wp-content\/uploads\/2023\/02\/Corven-Motos-activa-el-verano.jpg",600,400,false],"2048x2048":["https:\/\/autofans.com.ar\/wp-content\/uploads\/2023\/02\/Corven-Motos-activa-el-verano.jpg",600,400,false],"covernews-featured":["https:\/\/autofans.com.ar\/wp-content\/uploads\/2023\/02\/Corven-Motos-activa-el-verano.jpg",600,400,false],"covernews-medium":["https:\/\/autofans.com.ar\/wp-content\/uploads\/2023\/02\/Corven-Motos-activa-el-verano-540x340.jpg",540,340,true]},"author_info":{"display_name":"AleCAF","author_link":"https:\/\/autofans.com.ar\/index.php\/author\/alecampolieto\/"},"category_info":"<a href=\"https:\/\/autofans.com.ar\/index.php\/category\/noticias\/motos\/\" rel=\"category tag\">MOTOS<\/a> <a href=\"https:\/\/autofans.com.ar\/index.php\/category\/noticias\/\" rel=\"category tag\">NOTICIAS<\/a>","tag_info":"NOTICIAS","comment_count":0,"_links":{"self":[{"href":"https:\/\/autofans.com.ar\/index.php\/wp-json\/wp\/v2\/posts\/120","targetHints":{"allow":["GET"]}}],"collection":[{"href":"https:\/\/autofans.com.ar\/index.php\/wp-json\/wp\/v2\/posts"}],"about":[{"href":"https:\/\/autofans.com.ar\/index.php\/wp-json\/wp\/v2\/types\/post"}],"author":[{"embeddable":true,"href":"https:\/\/autofans.com.ar\/index.php\/wp-json\/wp\/v2\/users\/1"}],"replies":[{"embeddable":true,"href":"https:\/\/autofans.com.ar\/index.php\/wp-json\/wp\/v2\/comments?post=120"}],"version-history":[{"count":1,"href":"https:\/\/autofans.com.ar\/index.php\/wp-json\/wp\/v2\/posts\/120\/revisions"}],"predecessor-version":[{"id":122,"href":"https:\/\/autofans.com.ar\/index.php\/wp-json\/wp\/v2\/posts\/120\/revisions\/122"}],"wp:featuredmedia":[{"embeddable":true,"href":"https:\/\/autofans.com.ar\/index.php\/wp-json\/wp\/v2\/media\/121"}],"wp:attachment":[{"href":"https:\/\/autofans.com.ar\/index.php\/wp-json\/wp\/v2\/media?parent=120"}],"wp:term":[{"taxonomy":"category","embeddable":true,"href":"https:\/\/autofans.com.ar\/index.php\/wp-json\/wp\/v2\/categories?post=120"},{"taxonomy":"post_tag","embeddable":true,"href":"https:\/\/autofans.com.ar\/index.php\/wp-json\/wp\/v2\/tags?post=120"}],"curies":[{"name":"wp","href":"https:\/\/api.w.org\/{rel}","templated":true}]}}