{"id":12032,"date":"2025-04-22T19:35:18","date_gmt":"2025-04-22T22:35:18","guid":{"rendered":"https:\/\/autofans.com.ar\/?p=12032"},"modified":"2025-04-22T19:35:18","modified_gmt":"2025-04-22T22:35:18","slug":"chevrolet-suma-una-suv-electrica-llega-la-nueva-captiva-ev","status":"publish","type":"post","link":"https:\/\/autofans.com.ar\/index.php\/2025\/04\/22\/chevrolet-suma-una-suv-electrica-llega-la-nueva-captiva-ev\/","title":{"rendered":"Chevrolet suma una SUV el\u00e9ctrica, llega la nueva Captiva EV"},"content":{"rendered":"<p data-start=\"459\" data-end=\"785\">Chevrolet confirm\u00f3 el desembarco regional del modelo el\u00e9ctrico, que ya est\u00e1 en la fase final de pruebas y se lanzar\u00e1 en 2025.<\/p>\n<h4 data-start=\"459\" data-end=\"785\"><span style=\"color: #ffffff;\">1<\/span><\/h4>\n<h2 data-start=\"459\" data-end=\"785\">Nissan Kicks Play &#8211; espacio, potencia y color en un SUV<\/h2>\n<h4><span style=\"color: #ffffff;\">t<\/span><\/h4>\n<p><img fetchpriority=\"high\" decoding=\"async\" class=\"aligncenter wp-image-12038 size-full\" src=\"https:\/\/autofans.com.ar\/wp-content\/uploads\/2025\/04\/chevrolet-4.jpg\" alt=\"Chevrolet\" width=\"1000\" height=\"667\" srcset=\"https:\/\/autofans.com.ar\/wp-content\/uploads\/2025\/04\/chevrolet-4.jpg 1000w, https:\/\/autofans.com.ar\/wp-content\/uploads\/2025\/04\/chevrolet-4-300x200.jpg 300w, https:\/\/autofans.com.ar\/wp-content\/uploads\/2025\/04\/chevrolet-4-768x512.jpg 768w\" sizes=\"(max-width: 1000px) 100vw, 1000px\" \/><\/p>\n<h4><span style=\"color: #ffffff;\">.<\/span><\/h4>\n<p class=\"\" data-start=\"459\" data-end=\"785\">Chevrolet confirm\u00f3 que la Captiva EV, su nueva SUV 100% el\u00e9ctrica, llegar\u00e1 a Sudam\u00e9rica en 2025. El modelo, que ya se encuentra en la etapa final de pruebas de ingenier\u00eda y confiabilidad, forma parte de la estrategia global de General Motors para impulsar una movilidad m\u00e1s sustentable en la regi\u00f3n.<\/p>\n<h4 data-start=\"459\" data-end=\"785\"><span style=\"color: #ffffff;\">h<\/span><\/h4>\n<blockquote>\n<p style=\"text-align: center;\">\u201cLa totalmente nueva Chevrolet Captiva EV es un producto estrat\u00e9gico en el segmento de el\u00e9ctricos globales de la marca y ser\u00e1 lanzado en los pa\u00edses de Sudam\u00e9rica hacia final de a\u00f1o\u201d, revela Fabio Rua, vicepresidente de GM Sudam\u00e9rica.<\/p>\n<\/blockquote>\n<p><span style=\"color: #ffffff;\">w<\/span><\/p>\n<h2 data-start=\"787\" data-end=\"960\">Chevrolet apuesta a la electrificaci\u00f3n con un SUV<\/h2>\n<p class=\"\" data-start=\"787\" data-end=\"960\">Un lote de unidades ya fue desembarcado y est\u00e1 siendo evaluado en distintos escenarios de uso para garantizar su rendimiento antes del inicio oficial de su comercializaci\u00f3n.<\/p>\n<p data-start=\"787\" data-end=\"960\"><span style=\"color: #ffffff;\">1<\/span><\/p>\n<div id='gallery-1' class='gallery galleryid-12032 gallery-columns-2 gallery-size-full'><figure class='gallery-item'>\n\t\t\t<div class='gallery-icon landscape'>\n\t\t\t\t<a href='https:\/\/autofans.com.ar\/index.php\/2025\/04\/22\/chevrolet-suma-una-suv-electrica-llega-la-nueva-captiva-ev\/chevro-2-2\/'><img loading=\"lazy\" width=\"1000\" height=\"667\" src=\"https:\/\/autofans.com.ar\/wp-content\/uploads\/2025\/04\/chevro-2.jpg\" class=\"attachment-full size-full\" alt=\"Chevrolet\" srcset=\"https:\/\/autofans.com.ar\/wp-content\/uploads\/2025\/04\/chevro-2.jpg 1000w, https:\/\/autofans.com.ar\/wp-content\/uploads\/2025\/04\/chevro-2-300x200.jpg 300w, https:\/\/autofans.com.ar\/wp-content\/uploads\/2025\/04\/chevro-2-768x512.jpg 768w\" sizes=\"auto, (max-width: 1000px) 100vw, 1000px\" loading=\"lazy\" decoding=\"async\" \/><\/a>\n\t\t\t<\/div><\/figure><figure class='gallery-item'>\n\t\t\t<div class='gallery-icon landscape'>\n\t\t\t\t<a href='https:\/\/autofans.com.ar\/index.php\/2025\/04\/22\/chevrolet-suma-una-suv-electrica-llega-la-nueva-captiva-ev\/chevro-1-2\/'><img loading=\"lazy\" width=\"1000\" height=\"667\" src=\"https:\/\/autofans.com.ar\/wp-content\/uploads\/2025\/04\/chevro-1.jpg\" class=\"attachment-full size-full\" alt=\"Chevrolet\" srcset=\"https:\/\/autofans.com.ar\/wp-content\/uploads\/2025\/04\/chevro-1.jpg 1000w, https:\/\/autofans.com.ar\/wp-content\/uploads\/2025\/04\/chevro-1-300x200.jpg 300w, https:\/\/autofans.com.ar\/wp-content\/uploads\/2025\/04\/chevro-1-768x512.jpg 768w\" sizes=\"auto, (max-width: 1000px) 100vw, 1000px\" loading=\"lazy\" decoding=\"async\" \/><\/a>\n\t\t\t<\/div><\/figure>\n\t\t<\/div>\n\n<h4><span style=\"color: #ffffff;\">l<\/span><\/h4>\n<p class=\"\" data-start=\"962\" data-end=\"1256\">La Captiva EV apunta al p\u00fablico que busca un SUV familiar con buena autonom\u00eda, tecnolog\u00eda moderna y espacio interior. Seg\u00fan adelant\u00f3 la marca, ser\u00e1 una alternativa el\u00e9ctrica dentro del portafolio regional, sum\u00e1ndose al avance de la electrificaci\u00f3n que Chevrolet viene impulsando a nivel global.<\/p>\n<p class=\"\" data-start=\"1258\" data-end=\"1445\">Este modelo se inscribe en los planes de<a href=\"https:\/\/autofans.com.ar\/index.php\/2025\/03\/27\/nuevo-kia-k3-innovacion-y-seguridad-para-el-segmento-subcompacto\/\" target=\"_blank\" rel=\"noopener\"> GM<\/a> para 2025, que incluyen varios lanzamientos el\u00e9ctricos en distintos mercados, alineados con una pol\u00edtica de movilidad responsable e innovadora.<\/p>\n<h4 data-start=\"1258\" data-end=\"1445\"><span style=\"color: #ffffff;\">;<\/span><\/h4>\n<h4><span style=\"color: #ffffff;\">5<\/span><\/h4>\n<h4><span style=\"color: #ffffff;\">]<\/span><\/h4>\n<p><i>Para enterarte de m\u00e1s novedades, no dejes de leer\u00a0<\/i><a href=\"https:\/\/autofans.thebrandsoup.com\/\"><i>nuestras notas<\/i><\/a><i>, de ver<\/i><b><i>\u00a0<\/i><\/b><a href=\"https:\/\/www.youtube.com\/channel\/UCgAC8UGHZYbT6P7PpmVnP7g\"><b><i>AUTOFANS TV<\/i><\/b><\/a><b><i>\u00a0<\/i><\/b><i>en nuestro\u00a0canal de Youtube. Adem\u00e1s seguinos en\u00a0<\/i><a href=\"https:\/\/www.instagram.com\/autofanstv\/\"><i>INSTAGRAM<\/i><\/a><i> y <\/i><a href=\"https:\/\/www.facebook.com\/autofansmas\/\"><i>FACEBOOK<\/i><\/a><i> para no perderte nada sobre las novedades del segmento automotor de Argentina y el mundo.<\/i><\/p>\n","protected":false},"excerpt":{"rendered":"<p>Chevrolet confirm\u00f3 el desembarco regional del modelo el\u00e9ctrico, que ya est\u00e1 en la fase final&#8230;<\/p>\n","protected":false},"author":2,"featured_media":12039,"comment_status":"closed","ping_status":"closed","sticky":false,"template":"","format":"standard","meta":{"footnotes":""},"categories":[341,1],"tags":[6395,1699,6393,6392,6394,3380,4806,3018],"class_list":["post-12032","post","type-post","status-publish","format-standard","has-post-thumbnail","hentry","category-hibridos-y-electricos","category-lanzamientos","tag-concesionarios-nissan-argentina","tag-nissan-intelligent-mobility","tag-nissan-kicks-argentina","tag-nissan-kicks-play","tag-seguridad-nissan","tag-suv-compacto","tag-suv-nissan","tag-tecnologia-nissan"],"yoast_head":"<!-- This site is optimized with the Yoast SEO plugin v27.5 - https:\/\/yoast.com\/product\/yoast-seo-wordpress\/ -->\n<title>Chevrolet suma una SUV el\u00e9ctrica, llega la nueva Captiva EV -<\/title>\n<meta name=\"description\" content=\"Chevrolet, la marca confirm\u00f3 el desembarco regional del modelo el\u00e9ctrico, que ya est\u00e1 en la fase final de pruebas y se lanzar\u00e1 en 2025...\" \/>\n<meta name=\"robots\" content=\"index, follow, max-snippet:-1, max-image-preview:large, max-video-preview:-1\" \/>\n<link rel=\"canonical\" href=\"https:\/\/autofans.com.ar\/index.php\/2025\/04\/22\/chevrolet-suma-una-suv-electrica-llega-la-nueva-captiva-ev\/\" \/>\n<meta property=\"og:locale\" content=\"es_ES\" \/>\n<meta property=\"og:type\" content=\"article\" \/>\n<meta property=\"og:title\" content=\"Chevrolet suma una SUV el\u00e9ctrica, llega la nueva Captiva EV -\" \/>\n<meta property=\"og:description\" content=\"Chevrolet, la marca confirm\u00f3 el desembarco regional del modelo el\u00e9ctrico, que ya est\u00e1 en la fase final de pruebas y se lanzar\u00e1 en 2025...\" \/>\n<meta property=\"og:url\" content=\"https:\/\/autofans.com.ar\/index.php\/2025\/04\/22\/chevrolet-suma-una-suv-electrica-llega-la-nueva-captiva-ev\/\" \/>\n<meta property=\"article:published_time\" content=\"2025-04-22T22:35:18+00:00\" \/>\n<meta property=\"og:image\" content=\"https:\/\/autofans.com.ar\/wp-content\/uploads\/2025\/04\/chevro-3.jpg\" \/>\n\t<meta property=\"og:image:width\" content=\"1000\" \/>\n\t<meta property=\"og:image:height\" content=\"667\" \/>\n\t<meta property=\"og:image:type\" content=\"image\/jpeg\" \/>\n<meta name=\"author\" content=\"Alejandro Gabriel Rosito\" \/>\n<meta name=\"twitter:card\" content=\"summary_large_image\" \/>\n<meta name=\"twitter:label1\" content=\"Escrito por\" \/>\n\t<meta name=\"twitter:data1\" content=\"Alejandro Gabriel Rosito\" \/>\n\t<meta name=\"twitter:label2\" content=\"Tiempo de lectura\" \/>\n\t<meta name=\"twitter:data2\" content=\"2 minutos\" \/>\n<script type=\"application\/ld+json\" class=\"yoast-schema-graph\">{\"@context\":\"https:\\\/\\\/schema.org\",\"@graph\":[{\"@type\":\"Article\",\"@id\":\"https:\\\/\\\/autofans.com.ar\\\/index.php\\\/2025\\\/04\\\/22\\\/chevrolet-suma-una-suv-electrica-llega-la-nueva-captiva-ev\\\/#article\",\"isPartOf\":{\"@id\":\"https:\\\/\\\/autofans.com.ar\\\/index.php\\\/2025\\\/04\\\/22\\\/chevrolet-suma-una-suv-electrica-llega-la-nueva-captiva-ev\\\/\"},\"author\":{\"name\":\"Alejandro Gabriel Rosito\",\"@id\":\"https:\\\/\\\/autofans.com.ar\\\/#\\\/schema\\\/person\\\/4a8dda0b6df83ac3d6723e921274c2aa\"},\"headline\":\"Chevrolet suma una SUV el\u00e9ctrica, llega la nueva Captiva EV\",\"datePublished\":\"2025-04-22T22:35:18+00:00\",\"mainEntityOfPage\":{\"@id\":\"https:\\\/\\\/autofans.com.ar\\\/index.php\\\/2025\\\/04\\\/22\\\/chevrolet-suma-una-suv-electrica-llega-la-nueva-captiva-ev\\\/\"},\"wordCount\":310,\"image\":{\"@id\":\"https:\\\/\\\/autofans.com.ar\\\/index.php\\\/2025\\\/04\\\/22\\\/chevrolet-suma-una-suv-electrica-llega-la-nueva-captiva-ev\\\/#primaryimage\"},\"thumbnailUrl\":\"https:\\\/\\\/autofans.com.ar\\\/wp-content\\\/uploads\\\/2025\\\/04\\\/chevro-3.jpg\",\"keywords\":[\"concesionarios Nissan Argentina\",\"Nissan Intelligent Mobility\",\"Nissan Kicks Argentina\",\"Nissan Kicks Play\",\"seguridad Nissan\",\"SUV compacto\",\"SUV Nissan\",\"Tecnolog\u00eda Nissan\"],\"articleSection\":[\"HIBRIDOS, ELECTRICOS y otros\",\"LANZAMIENTOS\"],\"inLanguage\":\"es\"},{\"@type\":\"WebPage\",\"@id\":\"https:\\\/\\\/autofans.com.ar\\\/index.php\\\/2025\\\/04\\\/22\\\/chevrolet-suma-una-suv-electrica-llega-la-nueva-captiva-ev\\\/\",\"url\":\"https:\\\/\\\/autofans.com.ar\\\/index.php\\\/2025\\\/04\\\/22\\\/chevrolet-suma-una-suv-electrica-llega-la-nueva-captiva-ev\\\/\",\"name\":\"Chevrolet suma una SUV el\u00e9ctrica, llega la nueva Captiva EV -\",\"isPartOf\":{\"@id\":\"https:\\\/\\\/autofans.com.ar\\\/#website\"},\"primaryImageOfPage\":{\"@id\":\"https:\\\/\\\/autofans.com.ar\\\/index.php\\\/2025\\\/04\\\/22\\\/chevrolet-suma-una-suv-electrica-llega-la-nueva-captiva-ev\\\/#primaryimage\"},\"image\":{\"@id\":\"https:\\\/\\\/autofans.com.ar\\\/index.php\\\/2025\\\/04\\\/22\\\/chevrolet-suma-una-suv-electrica-llega-la-nueva-captiva-ev\\\/#primaryimage\"},\"thumbnailUrl\":\"https:\\\/\\\/autofans.com.ar\\\/wp-content\\\/uploads\\\/2025\\\/04\\\/chevro-3.jpg\",\"datePublished\":\"2025-04-22T22:35:18+00:00\",\"author\":{\"@id\":\"https:\\\/\\\/autofans.com.ar\\\/#\\\/schema\\\/person\\\/4a8dda0b6df83ac3d6723e921274c2aa\"},\"description\":\"Chevrolet, la marca confirm\u00f3 el desembarco regional del modelo el\u00e9ctrico, que ya est\u00e1 en la fase final de pruebas y se lanzar\u00e1 en 2025...\",\"breadcrumb\":{\"@id\":\"https:\\\/\\\/autofans.com.ar\\\/index.php\\\/2025\\\/04\\\/22\\\/chevrolet-suma-una-suv-electrica-llega-la-nueva-captiva-ev\\\/#breadcrumb\"},\"inLanguage\":\"es\",\"potentialAction\":[{\"@type\":\"ReadAction\",\"target\":[\"https:\\\/\\\/autofans.com.ar\\\/index.php\\\/2025\\\/04\\\/22\\\/chevrolet-suma-una-suv-electrica-llega-la-nueva-captiva-ev\\\/\"]}]},{\"@type\":\"ImageObject\",\"inLanguage\":\"es\",\"@id\":\"https:\\\/\\\/autofans.com.ar\\\/index.php\\\/2025\\\/04\\\/22\\\/chevrolet-suma-una-suv-electrica-llega-la-nueva-captiva-ev\\\/#primaryimage\",\"url\":\"https:\\\/\\\/autofans.com.ar\\\/wp-content\\\/uploads\\\/2025\\\/04\\\/chevro-3.jpg\",\"contentUrl\":\"https:\\\/\\\/autofans.com.ar\\\/wp-content\\\/uploads\\\/2025\\\/04\\\/chevro-3.jpg\",\"width\":1000,\"height\":667,\"caption\":\"Chevrolet\"},{\"@type\":\"BreadcrumbList\",\"@id\":\"https:\\\/\\\/autofans.com.ar\\\/index.php\\\/2025\\\/04\\\/22\\\/chevrolet-suma-una-suv-electrica-llega-la-nueva-captiva-ev\\\/#breadcrumb\",\"itemListElement\":[{\"@type\":\"ListItem\",\"position\":1,\"name\":\"Inicio\",\"item\":\"https:\\\/\\\/autofans.com.ar\\\/\"},{\"@type\":\"ListItem\",\"position\":2,\"name\":\"Chevrolet suma una SUV el\u00e9ctrica, llega la nueva Captiva EV\"}]},{\"@type\":\"WebSite\",\"@id\":\"https:\\\/\\\/autofans.com.ar\\\/#website\",\"url\":\"https:\\\/\\\/autofans.com.ar\\\/\",\"name\":\"\",\"description\":\"El multimedio referente de la industria automotriz\",\"potentialAction\":[{\"@type\":\"SearchAction\",\"target\":{\"@type\":\"EntryPoint\",\"urlTemplate\":\"https:\\\/\\\/autofans.com.ar\\\/?s={search_term_string}\"},\"query-input\":{\"@type\":\"PropertyValueSpecification\",\"valueRequired\":true,\"valueName\":\"search_term_string\"}}],\"inLanguage\":\"es\"},{\"@type\":\"Person\",\"@id\":\"https:\\\/\\\/autofans.com.ar\\\/#\\\/schema\\\/person\\\/4a8dda0b6df83ac3d6723e921274c2aa\",\"name\":\"Alejandro Gabriel Rosito\",\"image\":{\"@type\":\"ImageObject\",\"inLanguage\":\"es\",\"@id\":\"https:\\\/\\\/secure.gravatar.com\\\/avatar\\\/16c5dda1489adfc62618084dcbb91cffd879c374b13fe5dd8e44ed6733852c88?s=96&d=mm&r=g\",\"url\":\"https:\\\/\\\/secure.gravatar.com\\\/avatar\\\/16c5dda1489adfc62618084dcbb91cffd879c374b13fe5dd8e44ed6733852c88?s=96&d=mm&r=g\",\"contentUrl\":\"https:\\\/\\\/secure.gravatar.com\\\/avatar\\\/16c5dda1489adfc62618084dcbb91cffd879c374b13fe5dd8e44ed6733852c88?s=96&d=mm&r=g\",\"caption\":\"Alejandro Gabriel Rosito\"},\"url\":\"https:\\\/\\\/autofans.com.ar\\\/index.php\\\/author\\\/gabrielr\\\/\"}]}<\/script>\n<!-- \/ Yoast SEO plugin. -->","yoast_head_json":{"title":"Chevrolet suma una SUV el\u00e9ctrica, llega la nueva Captiva EV -","description":"Chevrolet, la marca confirm\u00f3 el desembarco regional del modelo el\u00e9ctrico, que ya est\u00e1 en la fase final de pruebas y se lanzar\u00e1 en 2025...","robots":{"index":"index","follow":"follow","max-snippet":"max-snippet:-1","max-image-preview":"max-image-preview:large","max-video-preview":"max-video-preview:-1"},"canonical":"https:\/\/autofans.com.ar\/index.php\/2025\/04\/22\/chevrolet-suma-una-suv-electrica-llega-la-nueva-captiva-ev\/","og_locale":"es_ES","og_type":"article","og_title":"Chevrolet suma una SUV el\u00e9ctrica, llega la nueva Captiva EV -","og_description":"Chevrolet, la marca confirm\u00f3 el desembarco regional del modelo el\u00e9ctrico, que ya est\u00e1 en la fase final de pruebas y se lanzar\u00e1 en 2025...","og_url":"https:\/\/autofans.com.ar\/index.php\/2025\/04\/22\/chevrolet-suma-una-suv-electrica-llega-la-nueva-captiva-ev\/","article_published_time":"2025-04-22T22:35:18+00:00","og_image":[{"width":1000,"height":667,"url":"https:\/\/autofans.com.ar\/wp-content\/uploads\/2025\/04\/chevro-3.jpg","type":"image\/jpeg"}],"author":"Alejandro Gabriel Rosito","twitter_card":"summary_large_image","twitter_misc":{"Escrito por":"Alejandro Gabriel Rosito","Tiempo de lectura":"2 minutos"},"schema":{"@context":"https:\/\/schema.org","@graph":[{"@type":"Article","@id":"https:\/\/autofans.com.ar\/index.php\/2025\/04\/22\/chevrolet-suma-una-suv-electrica-llega-la-nueva-captiva-ev\/#article","isPartOf":{"@id":"https:\/\/autofans.com.ar\/index.php\/2025\/04\/22\/chevrolet-suma-una-suv-electrica-llega-la-nueva-captiva-ev\/"},"author":{"name":"Alejandro Gabriel Rosito","@id":"https:\/\/autofans.com.ar\/#\/schema\/person\/4a8dda0b6df83ac3d6723e921274c2aa"},"headline":"Chevrolet suma una SUV el\u00e9ctrica, llega la nueva Captiva EV","datePublished":"2025-04-22T22:35:18+00:00","mainEntityOfPage":{"@id":"https:\/\/autofans.com.ar\/index.php\/2025\/04\/22\/chevrolet-suma-una-suv-electrica-llega-la-nueva-captiva-ev\/"},"wordCount":310,"image":{"@id":"https:\/\/autofans.com.ar\/index.php\/2025\/04\/22\/chevrolet-suma-una-suv-electrica-llega-la-nueva-captiva-ev\/#primaryimage"},"thumbnailUrl":"https:\/\/autofans.com.ar\/wp-content\/uploads\/2025\/04\/chevro-3.jpg","keywords":["concesionarios Nissan Argentina","Nissan Intelligent Mobility","Nissan Kicks Argentina","Nissan Kicks Play","seguridad Nissan","SUV compacto","SUV Nissan","Tecnolog\u00eda Nissan"],"articleSection":["HIBRIDOS, ELECTRICOS y otros","LANZAMIENTOS"],"inLanguage":"es"},{"@type":"WebPage","@id":"https:\/\/autofans.com.ar\/index.php\/2025\/04\/22\/chevrolet-suma-una-suv-electrica-llega-la-nueva-captiva-ev\/","url":"https:\/\/autofans.com.ar\/index.php\/2025\/04\/22\/chevrolet-suma-una-suv-electrica-llega-la-nueva-captiva-ev\/","name":"Chevrolet suma una SUV el\u00e9ctrica, llega la nueva Captiva EV -","isPartOf":{"@id":"https:\/\/autofans.com.ar\/#website"},"primaryImageOfPage":{"@id":"https:\/\/autofans.com.ar\/index.php\/2025\/04\/22\/chevrolet-suma-una-suv-electrica-llega-la-nueva-captiva-ev\/#primaryimage"},"image":{"@id":"https:\/\/autofans.com.ar\/index.php\/2025\/04\/22\/chevrolet-suma-una-suv-electrica-llega-la-nueva-captiva-ev\/#primaryimage"},"thumbnailUrl":"https:\/\/autofans.com.ar\/wp-content\/uploads\/2025\/04\/chevro-3.jpg","datePublished":"2025-04-22T22:35:18+00:00","author":{"@id":"https:\/\/autofans.com.ar\/#\/schema\/person\/4a8dda0b6df83ac3d6723e921274c2aa"},"description":"Chevrolet, la marca confirm\u00f3 el desembarco regional del modelo el\u00e9ctrico, que ya est\u00e1 en la fase final de pruebas y se lanzar\u00e1 en 2025...","breadcrumb":{"@id":"https:\/\/autofans.com.ar\/index.php\/2025\/04\/22\/chevrolet-suma-una-suv-electrica-llega-la-nueva-captiva-ev\/#breadcrumb"},"inLanguage":"es","potentialAction":[{"@type":"ReadAction","target":["https:\/\/autofans.com.ar\/index.php\/2025\/04\/22\/chevrolet-suma-una-suv-electrica-llega-la-nueva-captiva-ev\/"]}]},{"@type":"ImageObject","inLanguage":"es","@id":"https:\/\/autofans.com.ar\/index.php\/2025\/04\/22\/chevrolet-suma-una-suv-electrica-llega-la-nueva-captiva-ev\/#primaryimage","url":"https:\/\/autofans.com.ar\/wp-content\/uploads\/2025\/04\/chevro-3.jpg","contentUrl":"https:\/\/autofans.com.ar\/wp-content\/uploads\/2025\/04\/chevro-3.jpg","width":1000,"height":667,"caption":"Chevrolet"},{"@type":"BreadcrumbList","@id":"https:\/\/autofans.com.ar\/index.php\/2025\/04\/22\/chevrolet-suma-una-suv-electrica-llega-la-nueva-captiva-ev\/#breadcrumb","itemListElement":[{"@type":"ListItem","position":1,"name":"Inicio","item":"https:\/\/autofans.com.ar\/"},{"@type":"ListItem","position":2,"name":"Chevrolet suma una SUV el\u00e9ctrica, llega la nueva Captiva EV"}]},{"@type":"WebSite","@id":"https:\/\/autofans.com.ar\/#website","url":"https:\/\/autofans.com.ar\/","name":"","description":"El multimedio referente de la industria automotriz","potentialAction":[{"@type":"SearchAction","target":{"@type":"EntryPoint","urlTemplate":"https:\/\/autofans.com.ar\/?s={search_term_string}"},"query-input":{"@type":"PropertyValueSpecification","valueRequired":true,"valueName":"search_term_string"}}],"inLanguage":"es"},{"@type":"Person","@id":"https:\/\/autofans.com.ar\/#\/schema\/person\/4a8dda0b6df83ac3d6723e921274c2aa","name":"Alejandro Gabriel Rosito","image":{"@type":"ImageObject","inLanguage":"es","@id":"https:\/\/secure.gravatar.com\/avatar\/16c5dda1489adfc62618084dcbb91cffd879c374b13fe5dd8e44ed6733852c88?s=96&d=mm&r=g","url":"https:\/\/secure.gravatar.com\/avatar\/16c5dda1489adfc62618084dcbb91cffd879c374b13fe5dd8e44ed6733852c88?s=96&d=mm&r=g","contentUrl":"https:\/\/secure.gravatar.com\/avatar\/16c5dda1489adfc62618084dcbb91cffd879c374b13fe5dd8e44ed6733852c88?s=96&d=mm&r=g","caption":"Alejandro Gabriel Rosito"},"url":"https:\/\/autofans.com.ar\/index.php\/author\/gabrielr\/"}]}},"featured_image_urls":{"full":["https:\/\/autofans.com.ar\/wp-content\/uploads\/2025\/04\/chevro-3.jpg",1000,667,false],"thumbnail":["https:\/\/autofans.com.ar\/wp-content\/uploads\/2025\/04\/chevro-3-150x150.jpg",150,150,true],"medium":["https:\/\/autofans.com.ar\/wp-content\/uploads\/2025\/04\/chevro-3-300x200.jpg",300,200,true],"medium_large":["https:\/\/autofans.com.ar\/wp-content\/uploads\/2025\/04\/chevro-3-768x512.jpg",640,427,true],"large":["https:\/\/autofans.com.ar\/wp-content\/uploads\/2025\/04\/chevro-3.jpg",640,427,false],"1536x1536":["https:\/\/autofans.com.ar\/wp-content\/uploads\/2025\/04\/chevro-3.jpg",1000,667,false],"2048x2048":["https:\/\/autofans.com.ar\/wp-content\/uploads\/2025\/04\/chevro-3.jpg",1000,667,false],"covernews-featured":["https:\/\/autofans.com.ar\/wp-content\/uploads\/2025\/04\/chevro-3.jpg",1000,667,false],"covernews-medium":["https:\/\/autofans.com.ar\/wp-content\/uploads\/2025\/04\/chevro-3-540x340.jpg",540,340,true]},"author_info":{"display_name":"Alejandro Gabriel Rosito","author_link":"https:\/\/autofans.com.ar\/index.php\/author\/gabrielr\/"},"category_info":"<a href=\"https:\/\/autofans.com.ar\/index.php\/category\/noticias\/hibridos-y-electricos\/\" rel=\"category tag\">HIBRIDOS, ELECTRICOS y otros<\/a> <a href=\"https:\/\/autofans.com.ar\/index.php\/category\/lanzamientos\/\" rel=\"category tag\">LANZAMIENTOS<\/a>","tag_info":"LANZAMIENTOS","comment_count":0,"_links":{"self":[{"href":"https:\/\/autofans.com.ar\/index.php\/wp-json\/wp\/v2\/posts\/12032","targetHints":{"allow":["GET"]}}],"collection":[{"href":"https:\/\/autofans.com.ar\/index.php\/wp-json\/wp\/v2\/posts"}],"about":[{"href":"https:\/\/autofans.com.ar\/index.php\/wp-json\/wp\/v2\/types\/post"}],"author":[{"embeddable":true,"href":"https:\/\/autofans.com.ar\/index.php\/wp-json\/wp\/v2\/users\/2"}],"replies":[{"embeddable":true,"href":"https:\/\/autofans.com.ar\/index.php\/wp-json\/wp\/v2\/comments?post=12032"}],"version-history":[{"count":8,"href":"https:\/\/autofans.com.ar\/index.php\/wp-json\/wp\/v2\/posts\/12032\/revisions"}],"predecessor-version":[{"id":12046,"href":"https:\/\/autofans.com.ar\/index.php\/wp-json\/wp\/v2\/posts\/12032\/revisions\/12046"}],"wp:featuredmedia":[{"embeddable":true,"href":"https:\/\/autofans.com.ar\/index.php\/wp-json\/wp\/v2\/media\/12039"}],"wp:attachment":[{"href":"https:\/\/autofans.com.ar\/index.php\/wp-json\/wp\/v2\/media?parent=12032"}],"wp:term":[{"taxonomy":"category","embeddable":true,"href":"https:\/\/autofans.com.ar\/index.php\/wp-json\/wp\/v2\/categories?post=12032"},{"taxonomy":"post_tag","embeddable":true,"href":"https:\/\/autofans.com.ar\/index.php\/wp-json\/wp\/v2\/tags?post=12032"}],"curies":[{"name":"wp","href":"https:\/\/api.w.org\/{rel}","templated":true}]}}