{"id":12076,"date":"2025-04-24T16:36:56","date_gmt":"2025-04-24T19:36:56","guid":{"rendered":"https:\/\/autofans.com.ar\/?p=12076"},"modified":"2025-04-25T17:30:12","modified_gmt":"2025-04-25T20:30:12","slug":"llega-el-renault-arkana-hibrido-diseno-alpine-tecnologia-y-precio-en-pesos","status":"publish","type":"post","link":"https:\/\/autofans.com.ar\/index.php\/2025\/04\/24\/llega-el-renault-arkana-hibrido-diseno-alpine-tecnologia-y-precio-en-pesos\/","title":{"rendered":"Llega el Renault Arkana h\u00edbrido, dise\u00f1o Alpine, tecnolog\u00eda y precio en pesos"},"content":{"rendered":"<p class=\"ds-markdown-paragraph\">Renault Argentina acaba de lanzar el Arkana E-Tech Hybrid, su primer modelo h\u00edbrido en el pa\u00eds, con un precio de $43.900.000. Este SUV coup\u00e9 llega en su versi\u00f3n esprit Alpine, inspirada en la marca deportiva francesa, y se suma al Megane E-Tech 100% el\u00e9ctrico para reforzar la ofensiva de Renault en el segmento C.<\/p>\n<p class=\"ds-markdown-paragraph\">Disponible en cuatro colores (Azul Zanz\u00edbar, Blanco Universal, Gris Met\u00e1lico y Rojo Fuego, todos con techo bitono negro), el Arkana ya ha vendido m\u00e1s de 300.000 unidades en 50 pa\u00edses. Ahora busca conquistar el mercado local con tecnolog\u00eda h\u00edbrida, seguridad avanzada y un dise\u00f1o deportivo.<\/p>\n<h3><span style=\"color: #ffffff;\">u<\/span><\/h3>\n<h2>Renault Arkana &#8211; tecnolog\u00eda h\u00edbrida y eficiencia<\/h2>\n<p><span style=\"color: #ffffff;\">a<\/span><\/p>\n<div id='gallery-1' class='gallery galleryid-12076 gallery-columns-2 gallery-size-full'><figure class='gallery-item'>\n\t\t\t<div class='gallery-icon landscape'>\n\t\t\t\t<a href='https:\/\/autofans.com.ar\/index.php\/2025\/04\/24\/llega-el-renault-arkana-hibrido-diseno-alpine-tecnologia-y-precio-en-pesos\/renault-10\/'><img loading=\"lazy\" width=\"1000\" height=\"667\" src=\"https:\/\/autofans.com.ar\/wp-content\/uploads\/2025\/04\/renault-10.jpg\" class=\"attachment-full size-full\" alt=\"Pablo Sibilla, Presidente de Renault Argentina\" aria-describedby=\"gallery-1-12110\" srcset=\"https:\/\/autofans.com.ar\/wp-content\/uploads\/2025\/04\/renault-10.jpg 1000w, https:\/\/autofans.com.ar\/wp-content\/uploads\/2025\/04\/renault-10-300x200.jpg 300w, https:\/\/autofans.com.ar\/wp-content\/uploads\/2025\/04\/renault-10-768x512.jpg 768w\" sizes=\"auto, (max-width: 1000px) 100vw, 1000px\" loading=\"lazy\" decoding=\"async\" \/><\/a>\n\t\t\t<\/div>\n\t\t\t\t<figcaption class='wp-caption-text gallery-caption' id='gallery-1-12110'>\n\t\t\t\tPablo Sibilla, Presidente de Renault Argentina\n\t\t\t\t<\/figcaption><\/figure><figure class='gallery-item'>\n\t\t\t<div class='gallery-icon landscape'>\n\t\t\t\t<a href='https:\/\/autofans.com.ar\/index.php\/2025\/04\/24\/llega-el-renault-arkana-hibrido-diseno-alpine-tecnologia-y-precio-en-pesos\/renault-9\/'><img loading=\"lazy\" width=\"1000\" height=\"667\" src=\"https:\/\/autofans.com.ar\/wp-content\/uploads\/2025\/04\/renault-9.jpg\" class=\"attachment-full size-full\" alt=\"Renault Arkana\" srcset=\"https:\/\/autofans.com.ar\/wp-content\/uploads\/2025\/04\/renault-9.jpg 1000w, https:\/\/autofans.com.ar\/wp-content\/uploads\/2025\/04\/renault-9-300x200.jpg 300w, https:\/\/autofans.com.ar\/wp-content\/uploads\/2025\/04\/renault-9-768x512.jpg 768w\" sizes=\"auto, (max-width: 1000px) 100vw, 1000px\" loading=\"lazy\" decoding=\"async\" \/><\/a>\n\t\t\t<\/div><\/figure>\n\t\t<\/div>\n\n<p><span style=\"color: #ffffff;\">c<\/span><\/p>\n<p class=\"ds-markdown-paragraph\">El Arkana E-Tech Hybrid funciona con un motor turbo 1.3L y un sistema de hibridaci\u00f3n ligera, que incluye:<\/p>\n<ul>\n<li>\n<p class=\"ds-markdown-paragraph\">Motor-generador (BSG) y bater\u00eda de iones de litio para mayor eficiencia.<\/p>\n<\/li>\n<li>\n<p class=\"ds-markdown-paragraph\">Modo \u00abSailing Stop\u00bb: apaga el motor en desaceleraci\u00f3n para ahorrar combustible.<\/p>\n<\/li>\n<li>\n<p class=\"ds-markdown-paragraph\">Transmisi\u00f3n EDC de 7 velocidades con levas al volante.<\/p>\n<\/li>\n<\/ul>\n<p class=\"ds-markdown-paragraph\">Este sistema permite una conducci\u00f3n m\u00e1s suave y reduce emisiones, manteniendo un rendimiento de 140 CV.<\/p>\n<h3><span style=\"color: #ffffff;\">o<\/span><\/h3>\n<h2>Dise\u00f1o Alpine y equipamiento premium<\/h2>\n<p><span style=\"color: #ffffff;\">r<\/span><\/p>\n<div id='gallery-2' class='gallery galleryid-12076 gallery-columns-2 gallery-size-full'><figure class='gallery-item'>\n\t\t\t<div class='gallery-icon landscape'>\n\t\t\t\t<a href='https:\/\/autofans.com.ar\/index.php\/2025\/04\/24\/llega-el-renault-arkana-hibrido-diseno-alpine-tecnologia-y-precio-en-pesos\/renault-3-12\/'><img loading=\"lazy\" width=\"1000\" height=\"667\" src=\"https:\/\/autofans.com.ar\/wp-content\/uploads\/2025\/04\/renault-3-3.jpg\" class=\"attachment-full size-full\" alt=\"Renault Arkana\" srcset=\"https:\/\/autofans.com.ar\/wp-content\/uploads\/2025\/04\/renault-3-3.jpg 1000w, https:\/\/autofans.com.ar\/wp-content\/uploads\/2025\/04\/renault-3-3-300x200.jpg 300w, https:\/\/autofans.com.ar\/wp-content\/uploads\/2025\/04\/renault-3-3-768x512.jpg 768w\" sizes=\"auto, (max-width: 1000px) 100vw, 1000px\" loading=\"lazy\" decoding=\"async\" \/><\/a>\n\t\t\t<\/div><\/figure><figure class='gallery-item'>\n\t\t\t<div class='gallery-icon landscape'>\n\t\t\t\t<a href='https:\/\/autofans.com.ar\/index.php\/2025\/04\/24\/llega-el-renault-arkana-hibrido-diseno-alpine-tecnologia-y-precio-en-pesos\/renault-4-9\/'><img loading=\"lazy\" width=\"1000\" height=\"667\" src=\"https:\/\/autofans.com.ar\/wp-content\/uploads\/2025\/04\/renault-4-2.jpg\" class=\"attachment-full size-full\" alt=\"Renault Arkana\" srcset=\"https:\/\/autofans.com.ar\/wp-content\/uploads\/2025\/04\/renault-4-2.jpg 1000w, https:\/\/autofans.com.ar\/wp-content\/uploads\/2025\/04\/renault-4-2-300x200.jpg 300w, https:\/\/autofans.com.ar\/wp-content\/uploads\/2025\/04\/renault-4-2-768x512.jpg 768w\" sizes=\"auto, (max-width: 1000px) 100vw, 1000px\" loading=\"lazy\" decoding=\"async\" \/><\/a>\n\t\t\t<\/div><\/figure>\n\t\t<\/div>\n\n<p><span style=\"color: #ffffff;\">m<\/span><\/p>\n<p class=\"ds-markdown-paragraph\">El esprit Alpine se refleja en detalles como:<\/p>\n<ul>\n<li>\n<p class=\"ds-markdown-paragraph\">Llantas de 18&#8243; bitono y silueta coup\u00e9.<\/p>\n<\/li>\n<li>\n<p class=\"ds-markdown-paragraph\">Interior con materiales reciclados, tapicer\u00eda en cuero ecol\u00f3gico y alc\u00e1ntara.<\/p>\n<\/li>\n<li>\n<p class=\"ds-markdown-paragraph\">Pantalla Easy Link de 9,3&#8243;, cuadro digital de 10,2&#8243; y audio Bose\u00ae.<\/p>\n<\/li>\n<li>\n<p class=\"ds-markdown-paragraph\">Asientos calefaccionados, volante t\u00e9rmico y techo solar.<\/p>\n<\/li>\n<\/ul>\n<p class=\"ds-markdown-paragraph\">Adem\u00e1s, incluye 19 asistencias ADAS, como frenado aut\u00f3nomo, alerta de punto ciego y mantenimiento de carril.<\/p>\n<p><span style=\"color: #ffffff;\">s<\/span><\/p>\n<h2>Renault Arkana &#8211;\u00a0d\u00f3nde probarlo y c\u00f3mo comprarlo<\/h2>\n<p><span style=\"color: #ffffff;\">r<\/span><\/p>\n<div id='gallery-3' class='gallery galleryid-12076 gallery-columns-2 gallery-size-full'><figure class='gallery-item'>\n\t\t\t<div class='gallery-icon landscape'>\n\t\t\t\t<a href='https:\/\/autofans.com.ar\/index.php\/2025\/04\/24\/llega-el-renault-arkana-hibrido-diseno-alpine-tecnologia-y-precio-en-pesos\/renault-2-15\/'><img loading=\"lazy\" width=\"1000\" height=\"667\" src=\"https:\/\/autofans.com.ar\/wp-content\/uploads\/2025\/04\/renault-2-3.jpg\" class=\"attachment-full size-full\" alt=\"Renault Arkana\" srcset=\"https:\/\/autofans.com.ar\/wp-content\/uploads\/2025\/04\/renault-2-3.jpg 1000w, https:\/\/autofans.com.ar\/wp-content\/uploads\/2025\/04\/renault-2-3-300x200.jpg 300w, https:\/\/autofans.com.ar\/wp-content\/uploads\/2025\/04\/renault-2-3-768x512.jpg 768w\" sizes=\"auto, (max-width: 1000px) 100vw, 1000px\" loading=\"lazy\" decoding=\"async\" \/><\/a>\n\t\t\t<\/div><\/figure><figure class='gallery-item'>\n\t\t\t<div class='gallery-icon landscape'>\n\t\t\t\t<a href='https:\/\/autofans.com.ar\/index.php\/2025\/04\/24\/llega-el-renault-arkana-hibrido-diseno-alpine-tecnologia-y-precio-en-pesos\/renault-5-6\/'><img loading=\"lazy\" width=\"1000\" height=\"667\" src=\"https:\/\/autofans.com.ar\/wp-content\/uploads\/2025\/04\/renault-5-1.jpg\" class=\"attachment-full size-full\" alt=\"Renault Arkana\" srcset=\"https:\/\/autofans.com.ar\/wp-content\/uploads\/2025\/04\/renault-5-1.jpg 1000w, https:\/\/autofans.com.ar\/wp-content\/uploads\/2025\/04\/renault-5-1-300x200.jpg 300w, https:\/\/autofans.com.ar\/wp-content\/uploads\/2025\/04\/renault-5-1-768x512.jpg 768w\" sizes=\"auto, (max-width: 1000px) 100vw, 1000px\" loading=\"lazy\" decoding=\"async\" \/><\/a>\n\t\t\t<\/div><\/figure>\n\t\t<\/div>\n\n<p><span style=\"color: #ffffff;\">p<\/span><\/p>\n<p class=\"ds-markdown-paragraph\">Hasta el 11 de mayo, los interesados pueden:<\/p>\n<ul>\n<li>\n<p class=\"ds-markdown-paragraph\">Test drive exclusivo en <em>Experiencia Living \u2013 Bliss<\/em> (San Fernando).<\/p>\n<\/li>\n<li>\n<p class=\"ds-markdown-paragraph\">Adquirirlo en Renault Store, la plataforma online de la marca.<\/p>\n<\/li>\n<\/ul>\n<p class=\"ds-markdown-paragraph\">Renault tambi\u00e9n ofrece beneficios para clientes de My Renault, con acceso a experiencias premium con 20% de descuento.<\/p>\n<p><span style=\"color: #ffffff;\">,<\/span><\/p>\n<p><span style=\"color: #ffffff;\">r<\/span><\/p>\n<div style=\"display: flex; align-items: center; background: #d4cfcf; padding: 3px 20px; border-radius: 6px; box-shadow: 0 4px 12px rgba(0, 0, 0, 0.08); margin: 24px 0; gap: 16px; max-width: 600px;\">\n<p><!-- \u00cdcono SVG moderno --><\/p>\n<div style=\"flex-shrink: 0;\"><\/div>\n<div>\n<p style=\"margin: 0; font-size: 16px; color: #333; font-weight: 500;\">Descarg\u00e1 la ficha t\u00e9cnica del Renault Arkana h\u00edbrido<\/p>\n<p><a style=\"font-size: 15px; color: #620e0e; font-weight: 600; text-decoration: none;\" href=\"https:\/\/spaces.hightail.com\/receive\/nPYBIPl9SX\" target=\"_blank\" rel=\"noopener\">\u2192 Descargar ficha t\u00e9cnica<\/a><\/p>\n<\/div>\n<\/div>\n<p>&nbsp;<\/p>\n<p>&nbsp;<\/p>\n<p><i>Para enterarte de m\u00e1s novedades, no dejes de leer\u00a0<\/i><a href=\"https:\/\/autofans.thebrandsoup.com\/\"><i>nuestras notas<\/i><\/a><i>, de ver<\/i><b><i>\u00a0<\/i><\/b><a href=\"https:\/\/www.youtube.com\/channel\/UCgAC8UGHZYbT6P7PpmVnP7g\"><b><i>AUTOFANS TV<\/i><\/b><\/a><b><i>\u00a0<\/i><\/b><i>en nuestro\u00a0canal de Youtube. Adem\u00e1s seguinos en\u00a0<\/i><a href=\"https:\/\/www.instagram.com\/autofanstv\/\"><i>INSTAGRAM<\/i><\/a><i> y <\/i><a href=\"https:\/\/www.facebook.com\/autofansmas\/\"><i>FACEBOOK<\/i><\/a><i> para no perderte nada sobre las novedades del segmento automotor de Argentina y el mundo.<\/i><\/p>\n","protected":false},"excerpt":{"rendered":"<p>Renault Argentina acaba de lanzar el Arkana E-Tech Hybrid, su primer modelo h\u00edbrido en el&#8230;<\/p>\n","protected":false},"author":2,"featured_media":12078,"comment_status":"closed","ping_status":"closed","sticky":false,"template":"","format":"standard","meta":{"footnotes":""},"categories":[8,1],"tags":[6561,6565,6560,6559,3007,6562,6563,6564],"class_list":["post-12076","post","type-post","status-publish","format-standard","has-post-thumbnail","hentry","category-autos-y-suv","category-lanzamientos","tag-aceite-de-motor","tag-cuidado-del-motor","tag-grasa-lubricante","tag-lubricantes-para-autos","tag-mantenimiento-vehicular","tag-marcas-argentinas-autos","tag-mobil-lubricantes","tag-tipos-de-lubricantes-auto"],"yoast_head":"<!-- This site is optimized with the Yoast SEO plugin v27.5 - https:\/\/yoast.com\/product\/yoast-seo-wordpress\/ -->\n<title>Llega el Renault Arkana h\u00edbrido, dise\u00f1o Alpine, tecnolog\u00eda y precio en pesos -<\/title>\n<meta name=\"description\" content=\"Renault Argentina acaba de lanzar el Arkana E-Tech Hybrid, su primer modelo h\u00edbrido en el pa\u00eds, con un precio de $43.900.000...\" \/>\n<meta name=\"robots\" content=\"index, follow, max-snippet:-1, max-image-preview:large, max-video-preview:-1\" \/>\n<link rel=\"canonical\" href=\"https:\/\/autofans.com.ar\/index.php\/2025\/04\/24\/llega-el-renault-arkana-hibrido-diseno-alpine-tecnologia-y-precio-en-pesos\/\" \/>\n<meta property=\"og:locale\" content=\"es_ES\" \/>\n<meta property=\"og:type\" content=\"article\" \/>\n<meta property=\"og:title\" content=\"Llega el Renault Arkana h\u00edbrido, dise\u00f1o Alpine, tecnolog\u00eda y precio en pesos -\" \/>\n<meta property=\"og:description\" content=\"Renault Argentina acaba de lanzar el Arkana E-Tech Hybrid, su primer modelo h\u00edbrido en el pa\u00eds, con un precio de $43.900.000...\" \/>\n<meta property=\"og:url\" content=\"https:\/\/autofans.com.ar\/index.php\/2025\/04\/24\/llega-el-renault-arkana-hibrido-diseno-alpine-tecnologia-y-precio-en-pesos\/\" \/>\n<meta property=\"article:published_time\" content=\"2025-04-24T19:36:56+00:00\" \/>\n<meta property=\"article:modified_time\" content=\"2025-04-25T20:30:12+00:00\" \/>\n<meta property=\"og:image\" content=\"https:\/\/autofans.com.ar\/wp-content\/uploads\/2025\/04\/renault-6.jpg\" \/>\n\t<meta property=\"og:image:width\" content=\"1000\" \/>\n\t<meta property=\"og:image:height\" content=\"667\" \/>\n\t<meta property=\"og:image:type\" content=\"image\/jpeg\" \/>\n<meta name=\"author\" content=\"Alejandro Gabriel Rosito\" \/>\n<meta name=\"twitter:card\" content=\"summary_large_image\" \/>\n<meta name=\"twitter:label1\" content=\"Escrito por\" \/>\n\t<meta name=\"twitter:data1\" content=\"Alejandro Gabriel Rosito\" \/>\n\t<meta name=\"twitter:label2\" content=\"Tiempo de lectura\" \/>\n\t<meta name=\"twitter:data2\" content=\"2 minutos\" \/>\n<script type=\"application\/ld+json\" class=\"yoast-schema-graph\">{\"@context\":\"https:\\\/\\\/schema.org\",\"@graph\":[{\"@type\":\"Article\",\"@id\":\"https:\\\/\\\/autofans.com.ar\\\/index.php\\\/2025\\\/04\\\/24\\\/llega-el-renault-arkana-hibrido-diseno-alpine-tecnologia-y-precio-en-pesos\\\/#article\",\"isPartOf\":{\"@id\":\"https:\\\/\\\/autofans.com.ar\\\/index.php\\\/2025\\\/04\\\/24\\\/llega-el-renault-arkana-hibrido-diseno-alpine-tecnologia-y-precio-en-pesos\\\/\"},\"author\":{\"name\":\"Alejandro Gabriel Rosito\",\"@id\":\"https:\\\/\\\/autofans.com.ar\\\/#\\\/schema\\\/person\\\/4a8dda0b6df83ac3d6723e921274c2aa\"},\"headline\":\"Llega el Renault Arkana h\u00edbrido, dise\u00f1o Alpine, tecnolog\u00eda y precio en pesos\",\"datePublished\":\"2025-04-24T19:36:56+00:00\",\"dateModified\":\"2025-04-25T20:30:12+00:00\",\"mainEntityOfPage\":{\"@id\":\"https:\\\/\\\/autofans.com.ar\\\/index.php\\\/2025\\\/04\\\/24\\\/llega-el-renault-arkana-hibrido-diseno-alpine-tecnologia-y-precio-en-pesos\\\/\"},\"wordCount\":405,\"image\":{\"@id\":\"https:\\\/\\\/autofans.com.ar\\\/index.php\\\/2025\\\/04\\\/24\\\/llega-el-renault-arkana-hibrido-diseno-alpine-tecnologia-y-precio-en-pesos\\\/#primaryimage\"},\"thumbnailUrl\":\"https:\\\/\\\/autofans.com.ar\\\/wp-content\\\/uploads\\\/2025\\\/04\\\/renault-6.jpg\",\"keywords\":[\"aceite de motor\",\"cuidado del motor\",\"grasa lubricante\",\"lubricantes para autos\",\"mantenimiento vehicular\",\"marcas argentinas autos\",\"Mobil lubricantes\",\"tipos de lubricantes auto\"],\"articleSection\":[\"Autos y SUV\",\"LANZAMIENTOS\"],\"inLanguage\":\"es\"},{\"@type\":\"WebPage\",\"@id\":\"https:\\\/\\\/autofans.com.ar\\\/index.php\\\/2025\\\/04\\\/24\\\/llega-el-renault-arkana-hibrido-diseno-alpine-tecnologia-y-precio-en-pesos\\\/\",\"url\":\"https:\\\/\\\/autofans.com.ar\\\/index.php\\\/2025\\\/04\\\/24\\\/llega-el-renault-arkana-hibrido-diseno-alpine-tecnologia-y-precio-en-pesos\\\/\",\"name\":\"Llega el Renault Arkana h\u00edbrido, dise\u00f1o Alpine, tecnolog\u00eda y precio en pesos -\",\"isPartOf\":{\"@id\":\"https:\\\/\\\/autofans.com.ar\\\/#website\"},\"primaryImageOfPage\":{\"@id\":\"https:\\\/\\\/autofans.com.ar\\\/index.php\\\/2025\\\/04\\\/24\\\/llega-el-renault-arkana-hibrido-diseno-alpine-tecnologia-y-precio-en-pesos\\\/#primaryimage\"},\"image\":{\"@id\":\"https:\\\/\\\/autofans.com.ar\\\/index.php\\\/2025\\\/04\\\/24\\\/llega-el-renault-arkana-hibrido-diseno-alpine-tecnologia-y-precio-en-pesos\\\/#primaryimage\"},\"thumbnailUrl\":\"https:\\\/\\\/autofans.com.ar\\\/wp-content\\\/uploads\\\/2025\\\/04\\\/renault-6.jpg\",\"datePublished\":\"2025-04-24T19:36:56+00:00\",\"dateModified\":\"2025-04-25T20:30:12+00:00\",\"author\":{\"@id\":\"https:\\\/\\\/autofans.com.ar\\\/#\\\/schema\\\/person\\\/4a8dda0b6df83ac3d6723e921274c2aa\"},\"description\":\"Renault Argentina acaba de lanzar el Arkana E-Tech Hybrid, su primer modelo h\u00edbrido en el pa\u00eds, con un precio de $43.900.000...\",\"breadcrumb\":{\"@id\":\"https:\\\/\\\/autofans.com.ar\\\/index.php\\\/2025\\\/04\\\/24\\\/llega-el-renault-arkana-hibrido-diseno-alpine-tecnologia-y-precio-en-pesos\\\/#breadcrumb\"},\"inLanguage\":\"es\",\"potentialAction\":[{\"@type\":\"ReadAction\",\"target\":[\"https:\\\/\\\/autofans.com.ar\\\/index.php\\\/2025\\\/04\\\/24\\\/llega-el-renault-arkana-hibrido-diseno-alpine-tecnologia-y-precio-en-pesos\\\/\"]}]},{\"@type\":\"ImageObject\",\"inLanguage\":\"es\",\"@id\":\"https:\\\/\\\/autofans.com.ar\\\/index.php\\\/2025\\\/04\\\/24\\\/llega-el-renault-arkana-hibrido-diseno-alpine-tecnologia-y-precio-en-pesos\\\/#primaryimage\",\"url\":\"https:\\\/\\\/autofans.com.ar\\\/wp-content\\\/uploads\\\/2025\\\/04\\\/renault-6.jpg\",\"contentUrl\":\"https:\\\/\\\/autofans.com.ar\\\/wp-content\\\/uploads\\\/2025\\\/04\\\/renault-6.jpg\",\"width\":1000,\"height\":667,\"caption\":\"Renault Arkana\"},{\"@type\":\"BreadcrumbList\",\"@id\":\"https:\\\/\\\/autofans.com.ar\\\/index.php\\\/2025\\\/04\\\/24\\\/llega-el-renault-arkana-hibrido-diseno-alpine-tecnologia-y-precio-en-pesos\\\/#breadcrumb\",\"itemListElement\":[{\"@type\":\"ListItem\",\"position\":1,\"name\":\"Inicio\",\"item\":\"https:\\\/\\\/autofans.com.ar\\\/\"},{\"@type\":\"ListItem\",\"position\":2,\"name\":\"Llega el Renault Arkana h\u00edbrido, dise\u00f1o Alpine, tecnolog\u00eda y precio en pesos\"}]},{\"@type\":\"WebSite\",\"@id\":\"https:\\\/\\\/autofans.com.ar\\\/#website\",\"url\":\"https:\\\/\\\/autofans.com.ar\\\/\",\"name\":\"\",\"description\":\"El multimedio referente de la industria automotriz\",\"potentialAction\":[{\"@type\":\"SearchAction\",\"target\":{\"@type\":\"EntryPoint\",\"urlTemplate\":\"https:\\\/\\\/autofans.com.ar\\\/?s={search_term_string}\"},\"query-input\":{\"@type\":\"PropertyValueSpecification\",\"valueRequired\":true,\"valueName\":\"search_term_string\"}}],\"inLanguage\":\"es\"},{\"@type\":\"Person\",\"@id\":\"https:\\\/\\\/autofans.com.ar\\\/#\\\/schema\\\/person\\\/4a8dda0b6df83ac3d6723e921274c2aa\",\"name\":\"Alejandro Gabriel Rosito\",\"image\":{\"@type\":\"ImageObject\",\"inLanguage\":\"es\",\"@id\":\"https:\\\/\\\/secure.gravatar.com\\\/avatar\\\/16c5dda1489adfc62618084dcbb91cffd879c374b13fe5dd8e44ed6733852c88?s=96&d=mm&r=g\",\"url\":\"https:\\\/\\\/secure.gravatar.com\\\/avatar\\\/16c5dda1489adfc62618084dcbb91cffd879c374b13fe5dd8e44ed6733852c88?s=96&d=mm&r=g\",\"contentUrl\":\"https:\\\/\\\/secure.gravatar.com\\\/avatar\\\/16c5dda1489adfc62618084dcbb91cffd879c374b13fe5dd8e44ed6733852c88?s=96&d=mm&r=g\",\"caption\":\"Alejandro Gabriel Rosito\"},\"url\":\"https:\\\/\\\/autofans.com.ar\\\/index.php\\\/author\\\/gabrielr\\\/\"}]}<\/script>\n<!-- \/ Yoast SEO plugin. -->","yoast_head_json":{"title":"Llega el Renault Arkana h\u00edbrido, dise\u00f1o Alpine, tecnolog\u00eda y precio en pesos -","description":"Renault Argentina acaba de lanzar el Arkana E-Tech Hybrid, su primer modelo h\u00edbrido en el pa\u00eds, con un precio de $43.900.000...","robots":{"index":"index","follow":"follow","max-snippet":"max-snippet:-1","max-image-preview":"max-image-preview:large","max-video-preview":"max-video-preview:-1"},"canonical":"https:\/\/autofans.com.ar\/index.php\/2025\/04\/24\/llega-el-renault-arkana-hibrido-diseno-alpine-tecnologia-y-precio-en-pesos\/","og_locale":"es_ES","og_type":"article","og_title":"Llega el Renault Arkana h\u00edbrido, dise\u00f1o Alpine, tecnolog\u00eda y precio en pesos -","og_description":"Renault Argentina acaba de lanzar el Arkana E-Tech Hybrid, su primer modelo h\u00edbrido en el pa\u00eds, con un precio de $43.900.000...","og_url":"https:\/\/autofans.com.ar\/index.php\/2025\/04\/24\/llega-el-renault-arkana-hibrido-diseno-alpine-tecnologia-y-precio-en-pesos\/","article_published_time":"2025-04-24T19:36:56+00:00","article_modified_time":"2025-04-25T20:30:12+00:00","og_image":[{"width":1000,"height":667,"url":"https:\/\/autofans.com.ar\/wp-content\/uploads\/2025\/04\/renault-6.jpg","type":"image\/jpeg"}],"author":"Alejandro Gabriel Rosito","twitter_card":"summary_large_image","twitter_misc":{"Escrito por":"Alejandro Gabriel Rosito","Tiempo de lectura":"2 minutos"},"schema":{"@context":"https:\/\/schema.org","@graph":[{"@type":"Article","@id":"https:\/\/autofans.com.ar\/index.php\/2025\/04\/24\/llega-el-renault-arkana-hibrido-diseno-alpine-tecnologia-y-precio-en-pesos\/#article","isPartOf":{"@id":"https:\/\/autofans.com.ar\/index.php\/2025\/04\/24\/llega-el-renault-arkana-hibrido-diseno-alpine-tecnologia-y-precio-en-pesos\/"},"author":{"name":"Alejandro Gabriel Rosito","@id":"https:\/\/autofans.com.ar\/#\/schema\/person\/4a8dda0b6df83ac3d6723e921274c2aa"},"headline":"Llega el Renault Arkana h\u00edbrido, dise\u00f1o Alpine, tecnolog\u00eda y precio en pesos","datePublished":"2025-04-24T19:36:56+00:00","dateModified":"2025-04-25T20:30:12+00:00","mainEntityOfPage":{"@id":"https:\/\/autofans.com.ar\/index.php\/2025\/04\/24\/llega-el-renault-arkana-hibrido-diseno-alpine-tecnologia-y-precio-en-pesos\/"},"wordCount":405,"image":{"@id":"https:\/\/autofans.com.ar\/index.php\/2025\/04\/24\/llega-el-renault-arkana-hibrido-diseno-alpine-tecnologia-y-precio-en-pesos\/#primaryimage"},"thumbnailUrl":"https:\/\/autofans.com.ar\/wp-content\/uploads\/2025\/04\/renault-6.jpg","keywords":["aceite de motor","cuidado del motor","grasa lubricante","lubricantes para autos","mantenimiento vehicular","marcas argentinas autos","Mobil lubricantes","tipos de lubricantes auto"],"articleSection":["Autos y SUV","LANZAMIENTOS"],"inLanguage":"es"},{"@type":"WebPage","@id":"https:\/\/autofans.com.ar\/index.php\/2025\/04\/24\/llega-el-renault-arkana-hibrido-diseno-alpine-tecnologia-y-precio-en-pesos\/","url":"https:\/\/autofans.com.ar\/index.php\/2025\/04\/24\/llega-el-renault-arkana-hibrido-diseno-alpine-tecnologia-y-precio-en-pesos\/","name":"Llega el Renault Arkana h\u00edbrido, dise\u00f1o Alpine, tecnolog\u00eda y precio en pesos -","isPartOf":{"@id":"https:\/\/autofans.com.ar\/#website"},"primaryImageOfPage":{"@id":"https:\/\/autofans.com.ar\/index.php\/2025\/04\/24\/llega-el-renault-arkana-hibrido-diseno-alpine-tecnologia-y-precio-en-pesos\/#primaryimage"},"image":{"@id":"https:\/\/autofans.com.ar\/index.php\/2025\/04\/24\/llega-el-renault-arkana-hibrido-diseno-alpine-tecnologia-y-precio-en-pesos\/#primaryimage"},"thumbnailUrl":"https:\/\/autofans.com.ar\/wp-content\/uploads\/2025\/04\/renault-6.jpg","datePublished":"2025-04-24T19:36:56+00:00","dateModified":"2025-04-25T20:30:12+00:00","author":{"@id":"https:\/\/autofans.com.ar\/#\/schema\/person\/4a8dda0b6df83ac3d6723e921274c2aa"},"description":"Renault Argentina acaba de lanzar el Arkana E-Tech Hybrid, su primer modelo h\u00edbrido en el pa\u00eds, con un precio de $43.900.000...","breadcrumb":{"@id":"https:\/\/autofans.com.ar\/index.php\/2025\/04\/24\/llega-el-renault-arkana-hibrido-diseno-alpine-tecnologia-y-precio-en-pesos\/#breadcrumb"},"inLanguage":"es","potentialAction":[{"@type":"ReadAction","target":["https:\/\/autofans.com.ar\/index.php\/2025\/04\/24\/llega-el-renault-arkana-hibrido-diseno-alpine-tecnologia-y-precio-en-pesos\/"]}]},{"@type":"ImageObject","inLanguage":"es","@id":"https:\/\/autofans.com.ar\/index.php\/2025\/04\/24\/llega-el-renault-arkana-hibrido-diseno-alpine-tecnologia-y-precio-en-pesos\/#primaryimage","url":"https:\/\/autofans.com.ar\/wp-content\/uploads\/2025\/04\/renault-6.jpg","contentUrl":"https:\/\/autofans.com.ar\/wp-content\/uploads\/2025\/04\/renault-6.jpg","width":1000,"height":667,"caption":"Renault Arkana"},{"@type":"BreadcrumbList","@id":"https:\/\/autofans.com.ar\/index.php\/2025\/04\/24\/llega-el-renault-arkana-hibrido-diseno-alpine-tecnologia-y-precio-en-pesos\/#breadcrumb","itemListElement":[{"@type":"ListItem","position":1,"name":"Inicio","item":"https:\/\/autofans.com.ar\/"},{"@type":"ListItem","position":2,"name":"Llega el Renault Arkana h\u00edbrido, dise\u00f1o Alpine, tecnolog\u00eda y precio en pesos"}]},{"@type":"WebSite","@id":"https:\/\/autofans.com.ar\/#website","url":"https:\/\/autofans.com.ar\/","name":"","description":"El multimedio referente de la industria automotriz","potentialAction":[{"@type":"SearchAction","target":{"@type":"EntryPoint","urlTemplate":"https:\/\/autofans.com.ar\/?s={search_term_string}"},"query-input":{"@type":"PropertyValueSpecification","valueRequired":true,"valueName":"search_term_string"}}],"inLanguage":"es"},{"@type":"Person","@id":"https:\/\/autofans.com.ar\/#\/schema\/person\/4a8dda0b6df83ac3d6723e921274c2aa","name":"Alejandro Gabriel Rosito","image":{"@type":"ImageObject","inLanguage":"es","@id":"https:\/\/secure.gravatar.com\/avatar\/16c5dda1489adfc62618084dcbb91cffd879c374b13fe5dd8e44ed6733852c88?s=96&d=mm&r=g","url":"https:\/\/secure.gravatar.com\/avatar\/16c5dda1489adfc62618084dcbb91cffd879c374b13fe5dd8e44ed6733852c88?s=96&d=mm&r=g","contentUrl":"https:\/\/secure.gravatar.com\/avatar\/16c5dda1489adfc62618084dcbb91cffd879c374b13fe5dd8e44ed6733852c88?s=96&d=mm&r=g","caption":"Alejandro Gabriel Rosito"},"url":"https:\/\/autofans.com.ar\/index.php\/author\/gabrielr\/"}]}},"featured_image_urls":{"full":["https:\/\/autofans.com.ar\/wp-content\/uploads\/2025\/04\/renault-6.jpg",1000,667,false],"thumbnail":["https:\/\/autofans.com.ar\/wp-content\/uploads\/2025\/04\/renault-6-150x150.jpg",150,150,true],"medium":["https:\/\/autofans.com.ar\/wp-content\/uploads\/2025\/04\/renault-6-300x200.jpg",300,200,true],"medium_large":["https:\/\/autofans.com.ar\/wp-content\/uploads\/2025\/04\/renault-6-768x512.jpg",640,427,true],"large":["https:\/\/autofans.com.ar\/wp-content\/uploads\/2025\/04\/renault-6.jpg",640,427,false],"1536x1536":["https:\/\/autofans.com.ar\/wp-content\/uploads\/2025\/04\/renault-6.jpg",1000,667,false],"2048x2048":["https:\/\/autofans.com.ar\/wp-content\/uploads\/2025\/04\/renault-6.jpg",1000,667,false],"covernews-featured":["https:\/\/autofans.com.ar\/wp-content\/uploads\/2025\/04\/renault-6.jpg",1000,667,false],"covernews-medium":["https:\/\/autofans.com.ar\/wp-content\/uploads\/2025\/04\/renault-6-540x340.jpg",540,340,true]},"author_info":{"display_name":"Alejandro Gabriel Rosito","author_link":"https:\/\/autofans.com.ar\/index.php\/author\/gabrielr\/"},"category_info":"<a href=\"https:\/\/autofans.com.ar\/index.php\/category\/lanzamientos\/autos-y-suv\/\" rel=\"category tag\">Autos y SUV<\/a> <a href=\"https:\/\/autofans.com.ar\/index.php\/category\/lanzamientos\/\" rel=\"category tag\">LANZAMIENTOS<\/a>","tag_info":"LANZAMIENTOS","comment_count":0,"_links":{"self":[{"href":"https:\/\/autofans.com.ar\/index.php\/wp-json\/wp\/v2\/posts\/12076","targetHints":{"allow":["GET"]}}],"collection":[{"href":"https:\/\/autofans.com.ar\/index.php\/wp-json\/wp\/v2\/posts"}],"about":[{"href":"https:\/\/autofans.com.ar\/index.php\/wp-json\/wp\/v2\/types\/post"}],"author":[{"embeddable":true,"href":"https:\/\/autofans.com.ar\/index.php\/wp-json\/wp\/v2\/users\/2"}],"replies":[{"embeddable":true,"href":"https:\/\/autofans.com.ar\/index.php\/wp-json\/wp\/v2\/comments?post=12076"}],"version-history":[{"count":8,"href":"https:\/\/autofans.com.ar\/index.php\/wp-json\/wp\/v2\/posts\/12076\/revisions"}],"predecessor-version":[{"id":12111,"href":"https:\/\/autofans.com.ar\/index.php\/wp-json\/wp\/v2\/posts\/12076\/revisions\/12111"}],"wp:featuredmedia":[{"embeddable":true,"href":"https:\/\/autofans.com.ar\/index.php\/wp-json\/wp\/v2\/media\/12078"}],"wp:attachment":[{"href":"https:\/\/autofans.com.ar\/index.php\/wp-json\/wp\/v2\/media?parent=12076"}],"wp:term":[{"taxonomy":"category","embeddable":true,"href":"https:\/\/autofans.com.ar\/index.php\/wp-json\/wp\/v2\/categories?post=12076"},{"taxonomy":"post_tag","embeddable":true,"href":"https:\/\/autofans.com.ar\/index.php\/wp-json\/wp\/v2\/tags?post=12076"}],"curies":[{"name":"wp","href":"https:\/\/api.w.org\/{rel}","templated":true}]}}