{"id":12127,"date":"2025-04-25T20:16:13","date_gmt":"2025-04-25T23:16:13","guid":{"rendered":"https:\/\/autofans.com.ar\/?p=12127"},"modified":"2025-04-25T20:17:31","modified_gmt":"2025-04-25T23:17:31","slug":"iveco-bus-alcanza-los-10-000-buses-escolares-entregados-en-brasil","status":"publish","type":"post","link":"https:\/\/autofans.com.ar\/index.php\/2025\/04\/25\/iveco-bus-alcanza-los-10-000-buses-escolares-entregados-en-brasil\/","title":{"rendered":"IVECO BUS alcanza los 10.000 buses escolares entregados en Brasil"},"content":{"rendered":"<p class=\"ds-markdown-paragraph\">Desde 2009, IVECO BUS forma parte del programa \u201cCaminho da Escola\u201d, impulsado por el Gobierno de Brasil para facilitar el transporte seguro de estudiantes. Con m\u00e1s de 10.000 unidades entregadas, la marca refuerza su rol clave en la movilidad escolar, beneficiando a millones de alumnos en zonas rurales y urbanas.<\/p>\n<p><span style=\"color: #ffffff;\">.<\/span><\/p>\n<blockquote>\n<p style=\"text-align: center;\">Estamos muy orgullosos de haber superado el hito de las 10.000 unidades. El volumen entregado confirma nuestra historia de colaboraci\u00f3n y liderazgo estrat\u00e9gico en el Programa Caminho da Escola. Los buses IVECO BUS son reconocidos por municipios y secretar\u00edas por su robustez, rentabilidad y amplia red de servicios. Atributos que los convierten en la mejor opci\u00f3n, sea cual sea la demanda y la regi\u00f3n del pa\u00eds\u201d, afirma Danilo Fetzner, vicepresidente de IVECO BUS en Am\u00e9rica Latina.<\/p>\n<\/blockquote>\n<p><span style=\"color: #ffffff;\">l<\/span><\/p>\n<h2>Buses dise\u00f1ados para la seguridad y el confort<\/h2>\n<p><span style=\"color: #ffffff;\">e<\/span><\/p>\n<p><img fetchpriority=\"high\" decoding=\"async\" class=\"aligncenter wp-image-12133 size-full\" src=\"https:\/\/autofans.com.ar\/wp-content\/uploads\/2025\/04\/iveco-1.jpg\" alt=\"IVECO BUS\" width=\"1000\" height=\"667\" srcset=\"https:\/\/autofans.com.ar\/wp-content\/uploads\/2025\/04\/iveco-1.jpg 1000w, https:\/\/autofans.com.ar\/wp-content\/uploads\/2025\/04\/iveco-1-300x200.jpg 300w, https:\/\/autofans.com.ar\/wp-content\/uploads\/2025\/04\/iveco-1-768x512.jpg 768w\" sizes=\"(max-width: 1000px) 100vw, 1000px\" \/><\/p>\n<p><span style=\"color: #ffffff;\">o<\/span><\/p>\n<p class=\"ds-markdown-paragraph\">Los modelos BUS 10-190 ORE 2 y BUS 15-210 ORE 3 son la apuesta actual del programa, combinando:<\/p>\n<ul>\n<li>\n<p class=\"ds-markdown-paragraph\">Potencia y resistencia: Chasis reforzado para terrenos dif\u00edciles.<\/p>\n<\/li>\n<li>\n<p class=\"ds-markdown-paragraph\">Accesibilidad: Dispositivo M\u00f3vil de Asiento (DMP) para personas con movilidad reducida.<\/p>\n<\/li>\n<li>\n<p class=\"ds-markdown-paragraph\">Confort: Aire acondicionado y suspensi\u00f3n reforzada para mayor comodidad.<\/p>\n<\/li>\n<li>\n<p class=\"ds-markdown-paragraph\">Capacidad: Desde 44 hasta 59 pasajeros, seg\u00fan el modelo.<\/p>\n<\/li>\n<\/ul>\n<p class=\"ds-markdown-paragraph\">Solo en la \u00faltima edici\u00f3n, se formalizaron m\u00e1s de 3.500 pedidos para municipios de todo Brasil.<\/p>\n<p><span style=\"color: #ffffff;\">.<\/span><\/p>\n<blockquote>\n<p style=\"text-align: center;\">Fetzner destaca que la renovaci\u00f3n de la flota de transporte escolar es fundamental para el desarrollo de pol\u00edticas p\u00fablicas en educaci\u00f3n. Gracias a iniciativas como el Programa Caminho da Escola, Brasil e IVECO BUS se convirtieron en una referencia mundial en este \u00e1mbito. \u201cAl posibilitar mejores condiciones de aprendizaje, allanamos el camino para la formaci\u00f3n humana, ayudando a alimentar sue\u00f1os y a transformar el futuro no s\u00f3lo de los ni\u00f1os y adolescentes que van a clase, sino tambi\u00e9n de sus familias y del ambiente en el que todos conviven\u201d.<\/p>\n<\/blockquote>\n<p>&nbsp;<\/p>\n<h2><strong>IVECO BUS &#8211; tecnolog\u00eda y desempe\u00f1o en zonas rurales<\/strong><\/h2>\n<p>&nbsp;<\/p>\n<p><img decoding=\"async\" class=\"aligncenter wp-image-12132 size-full\" src=\"https:\/\/autofans.com.ar\/wp-content\/uploads\/2025\/04\/iveco-2.jpg\" alt=\"IVECO BUS\" width=\"1000\" height=\"667\" srcset=\"https:\/\/autofans.com.ar\/wp-content\/uploads\/2025\/04\/iveco-2.jpg 1000w, https:\/\/autofans.com.ar\/wp-content\/uploads\/2025\/04\/iveco-2-300x200.jpg 300w, https:\/\/autofans.com.ar\/wp-content\/uploads\/2025\/04\/iveco-2-768x512.jpg 768w\" sizes=\"(max-width: 1000px) 100vw, 1000px\" \/><\/p>\n<p>&nbsp;<\/p>\n<p class=\"ds-markdown-paragraph\">Producidos en Sete Lagoas, los buses ORE (Autob\u00fas Escolar Rural) incluyen:<\/p>\n<ul>\n<li>\n<p class=\"ds-markdown-paragraph\">Bloqueo autom\u00e1tico del diferencial para mejor tracci\u00f3n en terrenos irregulares.<\/p>\n<\/li>\n<li>\n<p class=\"ds-markdown-paragraph\">Motores FPT Industrial con hasta 210 caballos de fuerza.<\/p>\n<\/li>\n<li>\n<p class=\"ds-markdown-paragraph\">Tanques de combustible ampliados (140 y 220 litros) para mayor autonom\u00eda.<\/p>\n<\/li>\n<\/ul>\n<p><span style=\"color: #ffffff;\">t<\/span><\/p>\n<blockquote>\n<p style=\"text-align: center;\">Los modelos IVECO BUS para Caminho da Escola son c\u00f3modos, espaciosos y ofrecen la mayor potencia de su categor\u00eda. El chasis reforzado con bloqueo autom\u00e1tico del diferencial y suspensi\u00f3n reforzada para zonas rurales no tiene comparaci\u00f3n. Adem\u00e1s, el ORE 2 es m\u00e1s asequible que el ORE 1, lo que lo convierte en una excelente opci\u00f3n entre los minibuses del programa\u201d, afirma Paulo Kazuto, Especialista en Marketing de Producto de IVECO BUS<em>.<\/em><\/p>\n<\/blockquote>\n<p><span style=\"color: #ffffff;\">e<\/span><\/p>\n<h2>Nova Serrana &#8211; un caso de \u00e9xito<\/h2>\n<p><span style=\"color: #ffffff;\">l<\/span><\/p>\n<p><img decoding=\"async\" class=\"aligncenter wp-image-12132 size-full\" src=\"https:\/\/autofans.com.ar\/wp-content\/uploads\/2025\/04\/iveco-2.jpg\" alt=\"IVECO BUS\" width=\"1000\" height=\"667\" srcset=\"https:\/\/autofans.com.ar\/wp-content\/uploads\/2025\/04\/iveco-2.jpg 1000w, https:\/\/autofans.com.ar\/wp-content\/uploads\/2025\/04\/iveco-2-300x200.jpg 300w, https:\/\/autofans.com.ar\/wp-content\/uploads\/2025\/04\/iveco-2-768x512.jpg 768w\" sizes=\"(max-width: 1000px) 100vw, 1000px\" \/><\/p>\n<p><span style=\"color: #ffffff;\">e<\/span><\/p>\n<p class=\"ds-markdown-paragraph\">En esta ciudad de Minas Gerais, con m\u00e1s de 112.000 habitantes, la flota de IVECO BUS es fundamental para atender la creciente demanda estudiantil. Rodrigo Cec\u00edlio, responsable del transporte escolar local, destaca:<\/p>\n<blockquote>\n<p class=\"ds-markdown-paragraph\"><em>\u201cCada a\u00f1o sumamos cerca de 1.000 alumnos, y los buses IVECO garantizan seguridad y eficiencia\u201d<\/em>.<\/p>\n<\/blockquote>\n<p class=\"ds-markdown-paragraph\">Conductores y alumnos coinciden:<\/p>\n<ul>\n<li>\n<p class=\"ds-markdown-paragraph\">Jos\u00e9 Geraldo (conductor): <em>\u201cEl aire acondicionado y las ventanillas cerradas protegen a los ni\u00f1os\u201d<\/em>.<\/p>\n<\/li>\n<li>\n<p class=\"ds-markdown-paragraph\">V\u00edctor (11 a\u00f1os): <em>\u201cViajo seguro y c\u00f3modo\u201d<\/em>.<\/p>\n<\/li>\n<li>\n<p class=\"ds-markdown-paragraph\">Magna Alves (madre): <em>\u201cEl transporte mejor\u00f3 la rutina de los ni\u00f1os\u201d<\/em>.<\/p>\n<\/li>\n<\/ul>\n<p class=\"ds-markdown-paragraph\">IVECO BUS no solo cumple con el transporte escolar, sino que evoluciona el acceso a la educaci\u00f3n en Brasil. Con tecnolog\u00eda, robustez y enfoque en la seguridad, sigue siendo un aliado clave para gobiernos y comunidades.<\/p>\n<p><span style=\"color: #ffffff;\">g<\/span><\/p>\n<p><span style=\"color: #ffffff;\">,<\/span><\/p>\n<p><span style=\"color: #ffffff;\">d<\/span><\/p>\n<p><i>Para enterarte de m\u00e1s novedades, no dejes de leer\u00a0<\/i><a href=\"https:\/\/autofans.thebrandsoup.com\/\"><i>nuestras notas<\/i><\/a><i>, de ver<\/i><b><i>\u00a0<\/i><\/b><a href=\"https:\/\/www.youtube.com\/channel\/UCgAC8UGHZYbT6P7PpmVnP7g\"><b><i>AUTOFANS TV<\/i><\/b><\/a><b><i>\u00a0<\/i><\/b><i>en nuestro\u00a0canal de Youtube. Adem\u00e1s seguinos en\u00a0<\/i><a href=\"https:\/\/www.instagram.com\/autofanstv\/\"><i>INSTAGRAM<\/i><\/a><i> y <\/i><a href=\"https:\/\/www.facebook.com\/autofansmas\/\"><i>FACEBOOK<\/i><\/a><i> para no perderte nada sobre las novedades del segmento automotor de Argentina y el mundo.<\/i><\/p>\n","protected":false},"excerpt":{"rendered":"<p>Desde 2009, IVECO BUS forma parte del programa \u201cCaminho da Escola\u201d, impulsado por el Gobierno&#8230;<\/p>\n","protected":false},"author":2,"featured_media":12130,"comment_status":"closed","ping_status":"closed","sticky":false,"template":"","format":"standard","meta":{"footnotes":""},"categories":[16,5],"tags":[6581,6579,6577,6582,6580,5958,6578,6576,6583],"class_list":["post-12127","post","type-post","status-publish","format-standard","has-post-thumbnail","hentry","category-noticias","category-otros","tag-autobuses-escolares","tag-buses-rurales","tag-caminho-da-escola","tag-educacion-en-brasil","tag-movilidad-educativa","tag-seguridad-en-buses","tag-transporte-escolar-brasil","tag-veco-bus","tag-vehiculos-para-estudiantes"],"yoast_head":"<!-- This site is optimized with the Yoast SEO plugin v27.5 - https:\/\/yoast.com\/product\/yoast-seo-wordpress\/ -->\n<title>IVECO BUS alcanza los 10.000 buses escolares entregados en Brasil -<\/title>\n<meta name=\"description\" content=\"IVECO BUS forma parte del programa \u201cCaminho da Escola\u201d impulsado por el Gobierno de Brasil para facilitar el transporte seguro de estudiantes\" \/>\n<meta name=\"robots\" content=\"index, follow, max-snippet:-1, max-image-preview:large, max-video-preview:-1\" \/>\n<link rel=\"canonical\" href=\"https:\/\/autofans.com.ar\/index.php\/2025\/04\/25\/iveco-bus-alcanza-los-10-000-buses-escolares-entregados-en-brasil\/\" \/>\n<meta property=\"og:locale\" content=\"es_ES\" \/>\n<meta property=\"og:type\" content=\"article\" \/>\n<meta property=\"og:title\" content=\"IVECO BUS alcanza los 10.000 buses escolares entregados en Brasil -\" \/>\n<meta property=\"og:description\" content=\"IVECO BUS forma parte del programa \u201cCaminho da Escola\u201d impulsado por el Gobierno de Brasil para facilitar el transporte seguro de estudiantes\" \/>\n<meta property=\"og:url\" content=\"https:\/\/autofans.com.ar\/index.php\/2025\/04\/25\/iveco-bus-alcanza-los-10-000-buses-escolares-entregados-en-brasil\/\" \/>\n<meta property=\"article:published_time\" content=\"2025-04-25T23:16:13+00:00\" \/>\n<meta property=\"article:modified_time\" content=\"2025-04-25T23:17:31+00:00\" \/>\n<meta property=\"og:image\" content=\"https:\/\/autofans.com.ar\/wp-content\/uploads\/2025\/04\/iveco-4.jpg\" \/>\n\t<meta property=\"og:image:width\" content=\"1000\" \/>\n\t<meta property=\"og:image:height\" content=\"667\" \/>\n\t<meta property=\"og:image:type\" content=\"image\/jpeg\" \/>\n<meta name=\"author\" content=\"Alejandro Gabriel Rosito\" \/>\n<meta name=\"twitter:card\" content=\"summary_large_image\" \/>\n<meta name=\"twitter:label1\" content=\"Escrito por\" \/>\n\t<meta name=\"twitter:data1\" content=\"Alejandro Gabriel Rosito\" \/>\n\t<meta name=\"twitter:label2\" content=\"Tiempo de lectura\" \/>\n\t<meta name=\"twitter:data2\" content=\"3 minutos\" \/>\n<script type=\"application\/ld+json\" class=\"yoast-schema-graph\">{\"@context\":\"https:\\\/\\\/schema.org\",\"@graph\":[{\"@type\":\"Article\",\"@id\":\"https:\\\/\\\/autofans.com.ar\\\/index.php\\\/2025\\\/04\\\/25\\\/iveco-bus-alcanza-los-10-000-buses-escolares-entregados-en-brasil\\\/#article\",\"isPartOf\":{\"@id\":\"https:\\\/\\\/autofans.com.ar\\\/index.php\\\/2025\\\/04\\\/25\\\/iveco-bus-alcanza-los-10-000-buses-escolares-entregados-en-brasil\\\/\"},\"author\":{\"name\":\"Alejandro Gabriel Rosito\",\"@id\":\"https:\\\/\\\/autofans.com.ar\\\/#\\\/schema\\\/person\\\/4a8dda0b6df83ac3d6723e921274c2aa\"},\"headline\":\"IVECO BUS alcanza los 10.000 buses escolares entregados en Brasil\",\"datePublished\":\"2025-04-25T23:16:13+00:00\",\"dateModified\":\"2025-04-25T23:17:31+00:00\",\"mainEntityOfPage\":{\"@id\":\"https:\\\/\\\/autofans.com.ar\\\/index.php\\\/2025\\\/04\\\/25\\\/iveco-bus-alcanza-los-10-000-buses-escolares-entregados-en-brasil\\\/\"},\"wordCount\":637,\"image\":{\"@id\":\"https:\\\/\\\/autofans.com.ar\\\/index.php\\\/2025\\\/04\\\/25\\\/iveco-bus-alcanza-los-10-000-buses-escolares-entregados-en-brasil\\\/#primaryimage\"},\"thumbnailUrl\":\"https:\\\/\\\/autofans.com.ar\\\/wp-content\\\/uploads\\\/2025\\\/04\\\/iveco-4.jpg\",\"keywords\":[\"autobuses escolares\",\"buses rurales\",\"Caminho da Escola\",\"educaci\u00f3n en Brasil\",\"movilidad educativa\",\"seguridad en buses\",\"transporte escolar Brasil\",\"VECO BUS\",\"veh\u00edculos para estudiantes\"],\"articleSection\":[\"NOTICIAS\",\"PICK UPs, UTILITARIOS Y OTROS\"],\"inLanguage\":\"es\"},{\"@type\":\"WebPage\",\"@id\":\"https:\\\/\\\/autofans.com.ar\\\/index.php\\\/2025\\\/04\\\/25\\\/iveco-bus-alcanza-los-10-000-buses-escolares-entregados-en-brasil\\\/\",\"url\":\"https:\\\/\\\/autofans.com.ar\\\/index.php\\\/2025\\\/04\\\/25\\\/iveco-bus-alcanza-los-10-000-buses-escolares-entregados-en-brasil\\\/\",\"name\":\"IVECO BUS alcanza los 10.000 buses escolares entregados en Brasil -\",\"isPartOf\":{\"@id\":\"https:\\\/\\\/autofans.com.ar\\\/#website\"},\"primaryImageOfPage\":{\"@id\":\"https:\\\/\\\/autofans.com.ar\\\/index.php\\\/2025\\\/04\\\/25\\\/iveco-bus-alcanza-los-10-000-buses-escolares-entregados-en-brasil\\\/#primaryimage\"},\"image\":{\"@id\":\"https:\\\/\\\/autofans.com.ar\\\/index.php\\\/2025\\\/04\\\/25\\\/iveco-bus-alcanza-los-10-000-buses-escolares-entregados-en-brasil\\\/#primaryimage\"},\"thumbnailUrl\":\"https:\\\/\\\/autofans.com.ar\\\/wp-content\\\/uploads\\\/2025\\\/04\\\/iveco-4.jpg\",\"datePublished\":\"2025-04-25T23:16:13+00:00\",\"dateModified\":\"2025-04-25T23:17:31+00:00\",\"author\":{\"@id\":\"https:\\\/\\\/autofans.com.ar\\\/#\\\/schema\\\/person\\\/4a8dda0b6df83ac3d6723e921274c2aa\"},\"description\":\"IVECO BUS forma parte del programa \u201cCaminho da Escola\u201d impulsado por el Gobierno de Brasil para facilitar el transporte seguro de estudiantes\",\"breadcrumb\":{\"@id\":\"https:\\\/\\\/autofans.com.ar\\\/index.php\\\/2025\\\/04\\\/25\\\/iveco-bus-alcanza-los-10-000-buses-escolares-entregados-en-brasil\\\/#breadcrumb\"},\"inLanguage\":\"es\",\"potentialAction\":[{\"@type\":\"ReadAction\",\"target\":[\"https:\\\/\\\/autofans.com.ar\\\/index.php\\\/2025\\\/04\\\/25\\\/iveco-bus-alcanza-los-10-000-buses-escolares-entregados-en-brasil\\\/\"]}]},{\"@type\":\"ImageObject\",\"inLanguage\":\"es\",\"@id\":\"https:\\\/\\\/autofans.com.ar\\\/index.php\\\/2025\\\/04\\\/25\\\/iveco-bus-alcanza-los-10-000-buses-escolares-entregados-en-brasil\\\/#primaryimage\",\"url\":\"https:\\\/\\\/autofans.com.ar\\\/wp-content\\\/uploads\\\/2025\\\/04\\\/iveco-4.jpg\",\"contentUrl\":\"https:\\\/\\\/autofans.com.ar\\\/wp-content\\\/uploads\\\/2025\\\/04\\\/iveco-4.jpg\",\"width\":1000,\"height\":667,\"caption\":\"IVECO BUS\"},{\"@type\":\"BreadcrumbList\",\"@id\":\"https:\\\/\\\/autofans.com.ar\\\/index.php\\\/2025\\\/04\\\/25\\\/iveco-bus-alcanza-los-10-000-buses-escolares-entregados-en-brasil\\\/#breadcrumb\",\"itemListElement\":[{\"@type\":\"ListItem\",\"position\":1,\"name\":\"Inicio\",\"item\":\"https:\\\/\\\/autofans.com.ar\\\/\"},{\"@type\":\"ListItem\",\"position\":2,\"name\":\"IVECO BUS alcanza los 10.000 buses escolares entregados en Brasil\"}]},{\"@type\":\"WebSite\",\"@id\":\"https:\\\/\\\/autofans.com.ar\\\/#website\",\"url\":\"https:\\\/\\\/autofans.com.ar\\\/\",\"name\":\"\",\"description\":\"El multimedio referente de la industria automotriz\",\"potentialAction\":[{\"@type\":\"SearchAction\",\"target\":{\"@type\":\"EntryPoint\",\"urlTemplate\":\"https:\\\/\\\/autofans.com.ar\\\/?s={search_term_string}\"},\"query-input\":{\"@type\":\"PropertyValueSpecification\",\"valueRequired\":true,\"valueName\":\"search_term_string\"}}],\"inLanguage\":\"es\"},{\"@type\":\"Person\",\"@id\":\"https:\\\/\\\/autofans.com.ar\\\/#\\\/schema\\\/person\\\/4a8dda0b6df83ac3d6723e921274c2aa\",\"name\":\"Alejandro Gabriel Rosito\",\"image\":{\"@type\":\"ImageObject\",\"inLanguage\":\"es\",\"@id\":\"https:\\\/\\\/secure.gravatar.com\\\/avatar\\\/16c5dda1489adfc62618084dcbb91cffd879c374b13fe5dd8e44ed6733852c88?s=96&d=mm&r=g\",\"url\":\"https:\\\/\\\/secure.gravatar.com\\\/avatar\\\/16c5dda1489adfc62618084dcbb91cffd879c374b13fe5dd8e44ed6733852c88?s=96&d=mm&r=g\",\"contentUrl\":\"https:\\\/\\\/secure.gravatar.com\\\/avatar\\\/16c5dda1489adfc62618084dcbb91cffd879c374b13fe5dd8e44ed6733852c88?s=96&d=mm&r=g\",\"caption\":\"Alejandro Gabriel Rosito\"},\"url\":\"https:\\\/\\\/autofans.com.ar\\\/index.php\\\/author\\\/gabrielr\\\/\"}]}<\/script>\n<!-- \/ Yoast SEO plugin. -->","yoast_head_json":{"title":"IVECO BUS alcanza los 10.000 buses escolares entregados en Brasil -","description":"IVECO BUS forma parte del programa \u201cCaminho da Escola\u201d impulsado por el Gobierno de Brasil para facilitar el transporte seguro de estudiantes","robots":{"index":"index","follow":"follow","max-snippet":"max-snippet:-1","max-image-preview":"max-image-preview:large","max-video-preview":"max-video-preview:-1"},"canonical":"https:\/\/autofans.com.ar\/index.php\/2025\/04\/25\/iveco-bus-alcanza-los-10-000-buses-escolares-entregados-en-brasil\/","og_locale":"es_ES","og_type":"article","og_title":"IVECO BUS alcanza los 10.000 buses escolares entregados en Brasil -","og_description":"IVECO BUS forma parte del programa \u201cCaminho da Escola\u201d impulsado por el Gobierno de Brasil para facilitar el transporte seguro de estudiantes","og_url":"https:\/\/autofans.com.ar\/index.php\/2025\/04\/25\/iveco-bus-alcanza-los-10-000-buses-escolares-entregados-en-brasil\/","article_published_time":"2025-04-25T23:16:13+00:00","article_modified_time":"2025-04-25T23:17:31+00:00","og_image":[{"width":1000,"height":667,"url":"https:\/\/autofans.com.ar\/wp-content\/uploads\/2025\/04\/iveco-4.jpg","type":"image\/jpeg"}],"author":"Alejandro Gabriel Rosito","twitter_card":"summary_large_image","twitter_misc":{"Escrito por":"Alejandro Gabriel Rosito","Tiempo de lectura":"3 minutos"},"schema":{"@context":"https:\/\/schema.org","@graph":[{"@type":"Article","@id":"https:\/\/autofans.com.ar\/index.php\/2025\/04\/25\/iveco-bus-alcanza-los-10-000-buses-escolares-entregados-en-brasil\/#article","isPartOf":{"@id":"https:\/\/autofans.com.ar\/index.php\/2025\/04\/25\/iveco-bus-alcanza-los-10-000-buses-escolares-entregados-en-brasil\/"},"author":{"name":"Alejandro Gabriel Rosito","@id":"https:\/\/autofans.com.ar\/#\/schema\/person\/4a8dda0b6df83ac3d6723e921274c2aa"},"headline":"IVECO BUS alcanza los 10.000 buses escolares entregados en Brasil","datePublished":"2025-04-25T23:16:13+00:00","dateModified":"2025-04-25T23:17:31+00:00","mainEntityOfPage":{"@id":"https:\/\/autofans.com.ar\/index.php\/2025\/04\/25\/iveco-bus-alcanza-los-10-000-buses-escolares-entregados-en-brasil\/"},"wordCount":637,"image":{"@id":"https:\/\/autofans.com.ar\/index.php\/2025\/04\/25\/iveco-bus-alcanza-los-10-000-buses-escolares-entregados-en-brasil\/#primaryimage"},"thumbnailUrl":"https:\/\/autofans.com.ar\/wp-content\/uploads\/2025\/04\/iveco-4.jpg","keywords":["autobuses escolares","buses rurales","Caminho da Escola","educaci\u00f3n en Brasil","movilidad educativa","seguridad en buses","transporte escolar Brasil","VECO BUS","veh\u00edculos para estudiantes"],"articleSection":["NOTICIAS","PICK UPs, UTILITARIOS Y OTROS"],"inLanguage":"es"},{"@type":"WebPage","@id":"https:\/\/autofans.com.ar\/index.php\/2025\/04\/25\/iveco-bus-alcanza-los-10-000-buses-escolares-entregados-en-brasil\/","url":"https:\/\/autofans.com.ar\/index.php\/2025\/04\/25\/iveco-bus-alcanza-los-10-000-buses-escolares-entregados-en-brasil\/","name":"IVECO BUS alcanza los 10.000 buses escolares entregados en Brasil -","isPartOf":{"@id":"https:\/\/autofans.com.ar\/#website"},"primaryImageOfPage":{"@id":"https:\/\/autofans.com.ar\/index.php\/2025\/04\/25\/iveco-bus-alcanza-los-10-000-buses-escolares-entregados-en-brasil\/#primaryimage"},"image":{"@id":"https:\/\/autofans.com.ar\/index.php\/2025\/04\/25\/iveco-bus-alcanza-los-10-000-buses-escolares-entregados-en-brasil\/#primaryimage"},"thumbnailUrl":"https:\/\/autofans.com.ar\/wp-content\/uploads\/2025\/04\/iveco-4.jpg","datePublished":"2025-04-25T23:16:13+00:00","dateModified":"2025-04-25T23:17:31+00:00","author":{"@id":"https:\/\/autofans.com.ar\/#\/schema\/person\/4a8dda0b6df83ac3d6723e921274c2aa"},"description":"IVECO BUS forma parte del programa \u201cCaminho da Escola\u201d impulsado por el Gobierno de Brasil para facilitar el transporte seguro de estudiantes","breadcrumb":{"@id":"https:\/\/autofans.com.ar\/index.php\/2025\/04\/25\/iveco-bus-alcanza-los-10-000-buses-escolares-entregados-en-brasil\/#breadcrumb"},"inLanguage":"es","potentialAction":[{"@type":"ReadAction","target":["https:\/\/autofans.com.ar\/index.php\/2025\/04\/25\/iveco-bus-alcanza-los-10-000-buses-escolares-entregados-en-brasil\/"]}]},{"@type":"ImageObject","inLanguage":"es","@id":"https:\/\/autofans.com.ar\/index.php\/2025\/04\/25\/iveco-bus-alcanza-los-10-000-buses-escolares-entregados-en-brasil\/#primaryimage","url":"https:\/\/autofans.com.ar\/wp-content\/uploads\/2025\/04\/iveco-4.jpg","contentUrl":"https:\/\/autofans.com.ar\/wp-content\/uploads\/2025\/04\/iveco-4.jpg","width":1000,"height":667,"caption":"IVECO BUS"},{"@type":"BreadcrumbList","@id":"https:\/\/autofans.com.ar\/index.php\/2025\/04\/25\/iveco-bus-alcanza-los-10-000-buses-escolares-entregados-en-brasil\/#breadcrumb","itemListElement":[{"@type":"ListItem","position":1,"name":"Inicio","item":"https:\/\/autofans.com.ar\/"},{"@type":"ListItem","position":2,"name":"IVECO BUS alcanza los 10.000 buses escolares entregados en Brasil"}]},{"@type":"WebSite","@id":"https:\/\/autofans.com.ar\/#website","url":"https:\/\/autofans.com.ar\/","name":"","description":"El multimedio referente de la industria automotriz","potentialAction":[{"@type":"SearchAction","target":{"@type":"EntryPoint","urlTemplate":"https:\/\/autofans.com.ar\/?s={search_term_string}"},"query-input":{"@type":"PropertyValueSpecification","valueRequired":true,"valueName":"search_term_string"}}],"inLanguage":"es"},{"@type":"Person","@id":"https:\/\/autofans.com.ar\/#\/schema\/person\/4a8dda0b6df83ac3d6723e921274c2aa","name":"Alejandro Gabriel Rosito","image":{"@type":"ImageObject","inLanguage":"es","@id":"https:\/\/secure.gravatar.com\/avatar\/16c5dda1489adfc62618084dcbb91cffd879c374b13fe5dd8e44ed6733852c88?s=96&d=mm&r=g","url":"https:\/\/secure.gravatar.com\/avatar\/16c5dda1489adfc62618084dcbb91cffd879c374b13fe5dd8e44ed6733852c88?s=96&d=mm&r=g","contentUrl":"https:\/\/secure.gravatar.com\/avatar\/16c5dda1489adfc62618084dcbb91cffd879c374b13fe5dd8e44ed6733852c88?s=96&d=mm&r=g","caption":"Alejandro Gabriel Rosito"},"url":"https:\/\/autofans.com.ar\/index.php\/author\/gabrielr\/"}]}},"featured_image_urls":{"full":["https:\/\/autofans.com.ar\/wp-content\/uploads\/2025\/04\/iveco-4.jpg",1000,667,false],"thumbnail":["https:\/\/autofans.com.ar\/wp-content\/uploads\/2025\/04\/iveco-4-150x150.jpg",150,150,true],"medium":["https:\/\/autofans.com.ar\/wp-content\/uploads\/2025\/04\/iveco-4-300x200.jpg",300,200,true],"medium_large":["https:\/\/autofans.com.ar\/wp-content\/uploads\/2025\/04\/iveco-4-768x512.jpg",640,427,true],"large":["https:\/\/autofans.com.ar\/wp-content\/uploads\/2025\/04\/iveco-4.jpg",640,427,false],"1536x1536":["https:\/\/autofans.com.ar\/wp-content\/uploads\/2025\/04\/iveco-4.jpg",1000,667,false],"2048x2048":["https:\/\/autofans.com.ar\/wp-content\/uploads\/2025\/04\/iveco-4.jpg",1000,667,false],"covernews-featured":["https:\/\/autofans.com.ar\/wp-content\/uploads\/2025\/04\/iveco-4.jpg",1000,667,false],"covernews-medium":["https:\/\/autofans.com.ar\/wp-content\/uploads\/2025\/04\/iveco-4-540x340.jpg",540,340,true]},"author_info":{"display_name":"Alejandro Gabriel Rosito","author_link":"https:\/\/autofans.com.ar\/index.php\/author\/gabrielr\/"},"category_info":"<a href=\"https:\/\/autofans.com.ar\/index.php\/category\/noticias\/\" rel=\"category tag\">NOTICIAS<\/a> <a href=\"https:\/\/autofans.com.ar\/index.php\/category\/noticias\/otros\/\" rel=\"category tag\">PICK UPs, UTILITARIOS Y OTROS<\/a>","tag_info":"PICK UPs, UTILITARIOS Y OTROS","comment_count":0,"_links":{"self":[{"href":"https:\/\/autofans.com.ar\/index.php\/wp-json\/wp\/v2\/posts\/12127","targetHints":{"allow":["GET"]}}],"collection":[{"href":"https:\/\/autofans.com.ar\/index.php\/wp-json\/wp\/v2\/posts"}],"about":[{"href":"https:\/\/autofans.com.ar\/index.php\/wp-json\/wp\/v2\/types\/post"}],"author":[{"embeddable":true,"href":"https:\/\/autofans.com.ar\/index.php\/wp-json\/wp\/v2\/users\/2"}],"replies":[{"embeddable":true,"href":"https:\/\/autofans.com.ar\/index.php\/wp-json\/wp\/v2\/comments?post=12127"}],"version-history":[{"count":3,"href":"https:\/\/autofans.com.ar\/index.php\/wp-json\/wp\/v2\/posts\/12127\/revisions"}],"predecessor-version":[{"id":12134,"href":"https:\/\/autofans.com.ar\/index.php\/wp-json\/wp\/v2\/posts\/12127\/revisions\/12134"}],"wp:featuredmedia":[{"embeddable":true,"href":"https:\/\/autofans.com.ar\/index.php\/wp-json\/wp\/v2\/media\/12130"}],"wp:attachment":[{"href":"https:\/\/autofans.com.ar\/index.php\/wp-json\/wp\/v2\/media?parent=12127"}],"wp:term":[{"taxonomy":"category","embeddable":true,"href":"https:\/\/autofans.com.ar\/index.php\/wp-json\/wp\/v2\/categories?post=12127"},{"taxonomy":"post_tag","embeddable":true,"href":"https:\/\/autofans.com.ar\/index.php\/wp-json\/wp\/v2\/tags?post=12127"}],"curies":[{"name":"wp","href":"https:\/\/api.w.org\/{rel}","templated":true}]}}