{"id":12149,"date":"2025-04-28T21:50:42","date_gmt":"2025-04-29T00:50:42","guid":{"rendered":"https:\/\/autofans.com.ar\/?p=12149"},"modified":"2025-04-28T21:50:42","modified_gmt":"2025-04-29T00:50:42","slug":"nissan-apuesta-a-la-electrificacion-con-la-nueva-frontier-pro-hibrida-y-el-sedan-electrico-n7","status":"publish","type":"post","link":"https:\/\/autofans.com.ar\/index.php\/2025\/04\/28\/nissan-apuesta-a-la-electrificacion-con-la-nueva-frontier-pro-hibrida-y-el-sedan-electrico-n7\/","title":{"rendered":"Nissan apuesta a la electrificaci\u00f3n con la nueva Frontier Pro h\u00edbrida y el sed\u00e1n el\u00e9ctrico N7"},"content":{"rendered":"<p class=\"\" data-start=\"472\" data-end=\"823\">Durante el Auto Shangh\u00e1i 2025, Nissan present\u00f3 dos modelos clave para su expansi\u00f3n en movilidad el\u00e9ctrica: la nueva Frontier Pro h\u00edbrida enchufable y el sed\u00e1n el\u00e9ctrico N7 de Dongfeng Nissan. Ambos veh\u00edculos forman parte del plan de ocho nuevos modelos de energ\u00eda alternativa (NEV) que la marca planea lanzar en China antes del verano de 2027..<\/p>\n<p data-start=\"472\" data-end=\"823\"><span style=\"color: #ffffff;\">.<\/span><\/p>\n<h2 data-start=\"825\" data-end=\"896\">Nueva Frontier Pro &#8211; la primera pick-up h\u00edbrida enchufable de Nissan<\/h2>\n<p class=\"\" data-start=\"898\" data-end=\"1271\">La Frontier Pro marca un hito al convertirse en la primera pick-up electrificada de Nissan. Dise\u00f1ada bajo el concepto \u00abRugged Tech\u00bb, combina un dise\u00f1o robusto con tecnolog\u00eda moderna. Su tren motriz h\u00edbrido enchufable integra un motor 1.5 turbo de 4 cilindros y un motor el\u00e9ctrico de alto rendimiento, entregando m\u00e1s de 300 kW de potencia y 800 Nm de torque.<\/p>\n<p data-start=\"898\" data-end=\"1271\"><span style=\"color: #ffffff;\">l<\/span><\/p>\n<div id='gallery-1' class='gallery galleryid-12149 gallery-columns-3 gallery-size-full'><figure class='gallery-item'>\n\t\t\t<div class='gallery-icon landscape'>\n\t\t\t\t<a href='https:\/\/autofans.com.ar\/index.php\/2025\/04\/28\/nissan-apuesta-a-la-electrificacion-con-la-nueva-frontier-pro-hibrida-y-el-sedan-electrico-n7\/nissan-3-46\/'><img loading=\"lazy\" width=\"1000\" height=\"667\" src=\"https:\/\/autofans.com.ar\/wp-content\/uploads\/2025\/04\/nissan-3-2.jpg\" class=\"attachment-full size-full\" alt=\"Nissan\" srcset=\"https:\/\/autofans.com.ar\/wp-content\/uploads\/2025\/04\/nissan-3-2.jpg 1000w, https:\/\/autofans.com.ar\/wp-content\/uploads\/2025\/04\/nissan-3-2-300x200.jpg 300w, https:\/\/autofans.com.ar\/wp-content\/uploads\/2025\/04\/nissan-3-2-768x512.jpg 768w\" sizes=\"auto, (max-width: 1000px) 100vw, 1000px\" loading=\"lazy\" decoding=\"async\" \/><\/a>\n\t\t\t<\/div><\/figure><figure class='gallery-item'>\n\t\t\t<div class='gallery-icon landscape'>\n\t\t\t\t<a href='https:\/\/autofans.com.ar\/index.php\/2025\/04\/28\/nissan-apuesta-a-la-electrificacion-con-la-nueva-frontier-pro-hibrida-y-el-sedan-electrico-n7\/nissan-4-29\/'><img loading=\"lazy\" width=\"1000\" height=\"667\" src=\"https:\/\/autofans.com.ar\/wp-content\/uploads\/2025\/04\/nissan-4-1.jpg\" class=\"attachment-full size-full\" alt=\"Nissan\" srcset=\"https:\/\/autofans.com.ar\/wp-content\/uploads\/2025\/04\/nissan-4-1.jpg 1000w, https:\/\/autofans.com.ar\/wp-content\/uploads\/2025\/04\/nissan-4-1-300x200.jpg 300w, https:\/\/autofans.com.ar\/wp-content\/uploads\/2025\/04\/nissan-4-1-768x512.jpg 768w\" sizes=\"auto, (max-width: 1000px) 100vw, 1000px\" loading=\"lazy\" decoding=\"async\" \/><\/a>\n\t\t\t<\/div><\/figure><figure class='gallery-item'>\n\t\t\t<div class='gallery-icon landscape'>\n\t\t\t\t<a href='https:\/\/autofans.com.ar\/index.php\/2025\/04\/28\/nissan-apuesta-a-la-electrificacion-con-la-nueva-frontier-pro-hibrida-y-el-sedan-electrico-n7\/nissan-5-16\/'><img loading=\"lazy\" width=\"1000\" height=\"667\" src=\"https:\/\/autofans.com.ar\/wp-content\/uploads\/2025\/04\/nissan-5-1.jpg\" class=\"attachment-full size-full\" alt=\"Nissan\" srcset=\"https:\/\/autofans.com.ar\/wp-content\/uploads\/2025\/04\/nissan-5-1.jpg 1000w, https:\/\/autofans.com.ar\/wp-content\/uploads\/2025\/04\/nissan-5-1-300x200.jpg 300w, https:\/\/autofans.com.ar\/wp-content\/uploads\/2025\/04\/nissan-5-1-768x512.jpg 768w\" sizes=\"auto, (max-width: 1000px) 100vw, 1000px\" loading=\"lazy\" decoding=\"async\" \/><\/a>\n\t\t\t<\/div><\/figure>\n\t\t<\/div>\n\n<p data-start=\"898\" data-end=\"1271\"><span style=\"color: #ffffff;\">t<\/span><\/p>\n<p class=\"\" data-start=\"1273\" data-end=\"1471\">Ofrece hasta 135 km de autonom\u00eda en modo 100% el\u00e9ctrico y cuenta con tracci\u00f3n total inteligente, diferencial trasero bloqueable y cuatro modos de manejo: H\u00edbrido, El\u00e9ctrico, Performance y Nieve.<\/p>\n<p class=\"\" data-start=\"1473\" data-end=\"1808\">En su interior, la Frontier Pro ofrece un espacio amplio con un techo panor\u00e1mico, pantalla de infoentretenimiento de 14.6 pulgadas, panel de instrumentos digital de 10 pulgadas y asientos con calefacci\u00f3n, ventilaci\u00f3n y masaje. Adem\u00e1s, incorpora un puerto V2L que permite alimentar dispositivos el\u00e9ctricos de hasta 6 kW.<\/p>\n<p class=\"\" data-start=\"1810\" data-end=\"1939\">La nueva Frontier Pro ser\u00e1 producida y comercializada en China a finales de este a\u00f1o, con planes de exportaci\u00f3n a otros mercados.<\/p>\n<p data-start=\"1810\" data-end=\"1939\"><span style=\"color: #ffffff;\">f<\/span><\/p>\n<h2 data-start=\"1941\" data-end=\"2009\">Sed\u00e1n el\u00e9ctrico N7 &#8211; autonom\u00eda extendida y conducci\u00f3n inteligente<\/h2>\n<p class=\"\" data-start=\"2011\" data-end=\"2309\">Por su parte, el Dongfeng Nissan N7 refuerza la apuesta de la marca por la movilidad el\u00e9ctrica con un dise\u00f1o aerodin\u00e1mico y tecnolog\u00edas avanzadas. Con un coeficiente de arrastre de 0.208, ofrece una autonom\u00eda de hasta 635 kmgracias a sus opciones de bater\u00eda de 58 kWh y 73 kWh.<\/p>\n<p data-start=\"2011\" data-end=\"2309\"><span style=\"color: #ffffff;\">g<\/span><\/p>\n<div id='gallery-2' class='gallery galleryid-12149 gallery-columns-3 gallery-size-full'><figure class='gallery-item'>\n\t\t\t<div class='gallery-icon landscape'>\n\t\t\t\t<a href='https:\/\/autofans.com.ar\/index.php\/2025\/04\/28\/nissan-apuesta-a-la-electrificacion-con-la-nueva-frontier-pro-hibrida-y-el-sedan-electrico-n7\/nissan-7-3\/'><img loading=\"lazy\" width=\"1000\" height=\"667\" src=\"https:\/\/autofans.com.ar\/wp-content\/uploads\/2025\/04\/nissan-7-1.jpg\" class=\"attachment-full size-full\" alt=\"Nissan\" srcset=\"https:\/\/autofans.com.ar\/wp-content\/uploads\/2025\/04\/nissan-7-1.jpg 1000w, https:\/\/autofans.com.ar\/wp-content\/uploads\/2025\/04\/nissan-7-1-300x200.jpg 300w, https:\/\/autofans.com.ar\/wp-content\/uploads\/2025\/04\/nissan-7-1-768x512.jpg 768w\" sizes=\"auto, (max-width: 1000px) 100vw, 1000px\" loading=\"lazy\" decoding=\"async\" \/><\/a>\n\t\t\t<\/div><\/figure><figure class='gallery-item'>\n\t\t\t<div class='gallery-icon landscape'>\n\t\t\t\t<a href='https:\/\/autofans.com.ar\/index.php\/2025\/04\/28\/nissan-apuesta-a-la-electrificacion-con-la-nueva-frontier-pro-hibrida-y-el-sedan-electrico-n7\/nissan-8\/'><img loading=\"lazy\" width=\"1000\" height=\"667\" src=\"https:\/\/autofans.com.ar\/wp-content\/uploads\/2025\/04\/nissan-8.jpg\" class=\"attachment-full size-full\" alt=\"Nissan\" srcset=\"https:\/\/autofans.com.ar\/wp-content\/uploads\/2025\/04\/nissan-8.jpg 1000w, https:\/\/autofans.com.ar\/wp-content\/uploads\/2025\/04\/nissan-8-300x200.jpg 300w, https:\/\/autofans.com.ar\/wp-content\/uploads\/2025\/04\/nissan-8-768x512.jpg 768w\" sizes=\"auto, (max-width: 1000px) 100vw, 1000px\" loading=\"lazy\" decoding=\"async\" \/><\/a>\n\t\t\t<\/div><\/figure><figure class='gallery-item'>\n\t\t\t<div class='gallery-icon landscape'>\n\t\t\t\t<a href='https:\/\/autofans.com.ar\/index.php\/2025\/04\/28\/nissan-apuesta-a-la-electrificacion-con-la-nueva-frontier-pro-hibrida-y-el-sedan-electrico-n7\/nissan-9\/'><img loading=\"lazy\" width=\"1000\" height=\"667\" src=\"https:\/\/autofans.com.ar\/wp-content\/uploads\/2025\/04\/nissan-9.jpg\" class=\"attachment-full size-full\" alt=\"Nissan\" srcset=\"https:\/\/autofans.com.ar\/wp-content\/uploads\/2025\/04\/nissan-9.jpg 1000w, https:\/\/autofans.com.ar\/wp-content\/uploads\/2025\/04\/nissan-9-300x200.jpg 300w, https:\/\/autofans.com.ar\/wp-content\/uploads\/2025\/04\/nissan-9-768x512.jpg 768w\" sizes=\"auto, (max-width: 1000px) 100vw, 1000px\" loading=\"lazy\" decoding=\"async\" \/><\/a>\n\t\t\t<\/div><\/figure>\n\t\t<\/div>\n\n<p data-start=\"2011\" data-end=\"2309\"><span style=\"color: #ffffff;\">m<\/span><\/p>\n<p class=\"\" data-start=\"2311\" data-end=\"2582\">El N7 puede cargar del 30 % al 80 % en apenas 14 minutos, optimizando los tiempos de recarga para el usuario. Adem\u00e1s, est\u00e1 equipado con suspensi\u00f3n delantera McPherson y trasera multilink, junto a un sistema que ayuda a reducir el mareo durante los viajes.<\/p>\n<p class=\"\" data-start=\"2584\" data-end=\"2811\">Entre sus asistencias inteligentes, destaca el sistema \u00abNavigate on Autopilot\u00bb, desarrollado junto a la empresa Momenta, que permite realizar maniobras complejas en ciudad y autopistas, adem\u00e1s de estacionamiento autom\u00e1tico.<\/p>\n<p data-start=\"2584\" data-end=\"2811\"><span style=\"color: #ffffff;\">e<\/span><\/p>\n<h2 data-start=\"2813\" data-end=\"2845\">Confort y tecnolog\u00eda a bordo<\/h2>\n<p class=\"\" data-start=\"2847\" data-end=\"3223\">El interior del N7 prioriza la comodidad, con asientos delanteros adaptativos con 49 sensores, masaje de 12 puntos, y un coj\u00edn neum\u00e1tico extensible para el conductor. La pantalla de infoentretenimiento de 15.6 pulgadas tiene resoluci\u00f3n 2.5Ky funciona con un procesador Snapdragon\u2122 8295P, sumado a la integraci\u00f3n de inteligencia artificial DeepSeek-R1.<\/p>\n<p data-start=\"2847\" data-end=\"3223\"><span style=\"color: #ffffff;\">d<\/span><\/p>\n<p data-start=\"2847\" data-end=\"3223\"><img fetchpriority=\"high\" decoding=\"async\" class=\"aligncenter wp-image-12154 size-full\" src=\"https:\/\/autofans.com.ar\/wp-content\/uploads\/2025\/04\/nissan-6-1.jpg\" alt=\"Nissan\" width=\"1000\" height=\"667\" srcset=\"https:\/\/autofans.com.ar\/wp-content\/uploads\/2025\/04\/nissan-6-1.jpg 1000w, https:\/\/autofans.com.ar\/wp-content\/uploads\/2025\/04\/nissan-6-1-300x200.jpg 300w, https:\/\/autofans.com.ar\/wp-content\/uploads\/2025\/04\/nissan-6-1-768x512.jpg 768w\" sizes=\"(max-width: 1000px) 100vw, 1000px\" \/><\/p>\n<p data-start=\"2847\" data-end=\"3223\"><span style=\"color: #ffffff;\">r<\/span><\/p>\n<p class=\"\" data-start=\"3225\" data-end=\"3359\">Tambi\u00e9n incluye iluminaci\u00f3n ambiental de 256 colores, techo panor\u00e1mico y un compartimento que puede refrigerar o calentar bebidas.<\/p>\n<p class=\"\" data-start=\"3361\" data-end=\"3425\">El precio del N7 se dar\u00e1 a conocer a fines de este mes en China.<\/p>\n<p data-start=\"3361\" data-end=\"3425\"><span style=\"color: #ffffff;\">d<\/span><\/p>\n<p data-start=\"3361\" data-end=\"3425\"><span style=\"color: #ffffff;\">g<\/span><\/p>\n<p data-start=\"3361\" data-end=\"3425\"><span style=\"color: #ffffff;\">m<\/span><\/p>\n<p><i>Para enterarte de m\u00e1s novedades, no dejes de leer\u00a0<\/i><a href=\"https:\/\/autofans.thebrandsoup.com\/\"><i>nuestras notas<\/i><\/a><i>, de ver<\/i><b><i>\u00a0<\/i><\/b><a href=\"https:\/\/www.youtube.com\/channel\/UCgAC8UGHZYbT6P7PpmVnP7g\"><b><i>AUTOFANS TV<\/i><\/b><\/a><b><i>\u00a0<\/i><\/b><i>en nuestro\u00a0canal de Youtube. Adem\u00e1s seguinos en\u00a0<\/i><a href=\"https:\/\/www.instagram.com\/autofanstv\/\"><i>INSTAGRAM<\/i><\/a><i> y <\/i><a href=\"https:\/\/www.facebook.com\/autofansmas\/\"><i>FACEBOOK<\/i><\/a><i> para no perderte nada sobre las novedades del segmento automotor de Argentina y el mundo.<\/i><\/p>\n","protected":false},"excerpt":{"rendered":"<p>Durante el Auto Shangh\u00e1i 2025, Nissan present\u00f3 dos modelos clave para su expansi\u00f3n en movilidad&#8230;<\/p>\n","protected":false},"author":2,"featured_media":12159,"comment_status":"closed","ping_status":"closed","sticky":false,"template":"","format":"standard","meta":{"footnotes":""},"categories":[341,16],"tags":[6597,6599,6600,6594,6598,6593,6595,6596],"class_list":["post-12149","post","type-post","status-publish","format-standard","has-post-thumbnail","hentry","category-hibridos-y-electricos","category-noticias","tag-auto-show-shanghai-2025","tag-autonomia-sedan-electrico","tag-carga-rapida-nissan-n7","tag-dongfeng-nissan-n7","tag-movilidad-electrica-nissan","tag-nissan-frontier-pro-hibrida","tag-pick-up-hibrida-nissan","tag-sedan-electrico-nissan"],"yoast_head":"<!-- This site is optimized with the Yoast SEO plugin v27.5 - https:\/\/yoast.com\/product\/yoast-seo-wordpress\/ -->\n<title>Nissan apuesta a la electrificaci\u00f3n con la nueva Frontier Pro h\u00edbrida y el sed\u00e1n el\u00e9ctrico N7 -<\/title>\n<meta name=\"description\" content=\"Durante el Auto Shangh\u00e1i 2025 Nissan present\u00f3 dos modelos la nueva Frontier Pro h\u00edbrida enchufable y el sed\u00e1n el\u00e9ctrico N7 de Dongfeng Nissan\" \/>\n<meta name=\"robots\" content=\"index, follow, max-snippet:-1, max-image-preview:large, max-video-preview:-1\" \/>\n<link rel=\"canonical\" href=\"https:\/\/autofans.com.ar\/index.php\/2025\/04\/28\/nissan-apuesta-a-la-electrificacion-con-la-nueva-frontier-pro-hibrida-y-el-sedan-electrico-n7\/\" \/>\n<meta property=\"og:locale\" content=\"es_ES\" \/>\n<meta property=\"og:type\" content=\"article\" \/>\n<meta property=\"og:title\" content=\"Nissan apuesta a la electrificaci\u00f3n con la nueva Frontier Pro h\u00edbrida y el sed\u00e1n el\u00e9ctrico N7 -\" \/>\n<meta property=\"og:description\" content=\"Durante el Auto Shangh\u00e1i 2025 Nissan present\u00f3 dos modelos la nueva Frontier Pro h\u00edbrida enchufable y el sed\u00e1n el\u00e9ctrico N7 de Dongfeng Nissan\" \/>\n<meta property=\"og:url\" content=\"https:\/\/autofans.com.ar\/index.php\/2025\/04\/28\/nissan-apuesta-a-la-electrificacion-con-la-nueva-frontier-pro-hibrida-y-el-sedan-electrico-n7\/\" \/>\n<meta property=\"article:published_time\" content=\"2025-04-29T00:50:42+00:00\" \/>\n<meta property=\"og:image\" content=\"https:\/\/autofans.com.ar\/wp-content\/uploads\/2025\/04\/nissan-1-2.jpg\" \/>\n\t<meta property=\"og:image:width\" content=\"1000\" \/>\n\t<meta property=\"og:image:height\" content=\"667\" \/>\n\t<meta property=\"og:image:type\" content=\"image\/jpeg\" \/>\n<meta name=\"author\" content=\"Alejandro Gabriel Rosito\" \/>\n<meta name=\"twitter:card\" content=\"summary_large_image\" \/>\n<meta name=\"twitter:label1\" content=\"Escrito por\" \/>\n\t<meta name=\"twitter:data1\" content=\"Alejandro Gabriel Rosito\" \/>\n\t<meta name=\"twitter:label2\" content=\"Tiempo de lectura\" \/>\n\t<meta name=\"twitter:data2\" content=\"3 minutos\" \/>\n<script type=\"application\/ld+json\" class=\"yoast-schema-graph\">{\"@context\":\"https:\\\/\\\/schema.org\",\"@graph\":[{\"@type\":\"Article\",\"@id\":\"https:\\\/\\\/autofans.com.ar\\\/index.php\\\/2025\\\/04\\\/28\\\/nissan-apuesta-a-la-electrificacion-con-la-nueva-frontier-pro-hibrida-y-el-sedan-electrico-n7\\\/#article\",\"isPartOf\":{\"@id\":\"https:\\\/\\\/autofans.com.ar\\\/index.php\\\/2025\\\/04\\\/28\\\/nissan-apuesta-a-la-electrificacion-con-la-nueva-frontier-pro-hibrida-y-el-sedan-electrico-n7\\\/\"},\"author\":{\"name\":\"Alejandro Gabriel Rosito\",\"@id\":\"https:\\\/\\\/autofans.com.ar\\\/#\\\/schema\\\/person\\\/4a8dda0b6df83ac3d6723e921274c2aa\"},\"headline\":\"Nissan apuesta a la electrificaci\u00f3n con la nueva Frontier Pro h\u00edbrida y el sed\u00e1n el\u00e9ctrico N7\",\"datePublished\":\"2025-04-29T00:50:42+00:00\",\"mainEntityOfPage\":{\"@id\":\"https:\\\/\\\/autofans.com.ar\\\/index.php\\\/2025\\\/04\\\/28\\\/nissan-apuesta-a-la-electrificacion-con-la-nueva-frontier-pro-hibrida-y-el-sedan-electrico-n7\\\/\"},\"wordCount\":554,\"image\":{\"@id\":\"https:\\\/\\\/autofans.com.ar\\\/index.php\\\/2025\\\/04\\\/28\\\/nissan-apuesta-a-la-electrificacion-con-la-nueva-frontier-pro-hibrida-y-el-sedan-electrico-n7\\\/#primaryimage\"},\"thumbnailUrl\":\"https:\\\/\\\/autofans.com.ar\\\/wp-content\\\/uploads\\\/2025\\\/04\\\/nissan-1-2.jpg\",\"keywords\":[\"Auto Show Shangh\u00e1i 2025\",\"autonom\u00eda sed\u00e1n el\u00e9ctrico\",\"carga r\u00e1pida Nissan N7\",\"Dongfeng Nissan N7\",\"movilidad el\u00e9ctrica Nissan\",\"Nissan Frontier Pro h\u00edbrida\",\"pick-up h\u00edbrida Nissan\",\"sed\u00e1n el\u00e9ctrico Nissan\"],\"articleSection\":[\"HIBRIDOS, ELECTRICOS y otros\",\"NOTICIAS\"],\"inLanguage\":\"es\"},{\"@type\":\"WebPage\",\"@id\":\"https:\\\/\\\/autofans.com.ar\\\/index.php\\\/2025\\\/04\\\/28\\\/nissan-apuesta-a-la-electrificacion-con-la-nueva-frontier-pro-hibrida-y-el-sedan-electrico-n7\\\/\",\"url\":\"https:\\\/\\\/autofans.com.ar\\\/index.php\\\/2025\\\/04\\\/28\\\/nissan-apuesta-a-la-electrificacion-con-la-nueva-frontier-pro-hibrida-y-el-sedan-electrico-n7\\\/\",\"name\":\"Nissan apuesta a la electrificaci\u00f3n con la nueva Frontier Pro h\u00edbrida y el sed\u00e1n el\u00e9ctrico N7 -\",\"isPartOf\":{\"@id\":\"https:\\\/\\\/autofans.com.ar\\\/#website\"},\"primaryImageOfPage\":{\"@id\":\"https:\\\/\\\/autofans.com.ar\\\/index.php\\\/2025\\\/04\\\/28\\\/nissan-apuesta-a-la-electrificacion-con-la-nueva-frontier-pro-hibrida-y-el-sedan-electrico-n7\\\/#primaryimage\"},\"image\":{\"@id\":\"https:\\\/\\\/autofans.com.ar\\\/index.php\\\/2025\\\/04\\\/28\\\/nissan-apuesta-a-la-electrificacion-con-la-nueva-frontier-pro-hibrida-y-el-sedan-electrico-n7\\\/#primaryimage\"},\"thumbnailUrl\":\"https:\\\/\\\/autofans.com.ar\\\/wp-content\\\/uploads\\\/2025\\\/04\\\/nissan-1-2.jpg\",\"datePublished\":\"2025-04-29T00:50:42+00:00\",\"author\":{\"@id\":\"https:\\\/\\\/autofans.com.ar\\\/#\\\/schema\\\/person\\\/4a8dda0b6df83ac3d6723e921274c2aa\"},\"description\":\"Durante el Auto Shangh\u00e1i 2025 Nissan present\u00f3 dos modelos la nueva Frontier Pro h\u00edbrida enchufable y el sed\u00e1n el\u00e9ctrico N7 de Dongfeng Nissan\",\"breadcrumb\":{\"@id\":\"https:\\\/\\\/autofans.com.ar\\\/index.php\\\/2025\\\/04\\\/28\\\/nissan-apuesta-a-la-electrificacion-con-la-nueva-frontier-pro-hibrida-y-el-sedan-electrico-n7\\\/#breadcrumb\"},\"inLanguage\":\"es\",\"potentialAction\":[{\"@type\":\"ReadAction\",\"target\":[\"https:\\\/\\\/autofans.com.ar\\\/index.php\\\/2025\\\/04\\\/28\\\/nissan-apuesta-a-la-electrificacion-con-la-nueva-frontier-pro-hibrida-y-el-sedan-electrico-n7\\\/\"]}]},{\"@type\":\"ImageObject\",\"inLanguage\":\"es\",\"@id\":\"https:\\\/\\\/autofans.com.ar\\\/index.php\\\/2025\\\/04\\\/28\\\/nissan-apuesta-a-la-electrificacion-con-la-nueva-frontier-pro-hibrida-y-el-sedan-electrico-n7\\\/#primaryimage\",\"url\":\"https:\\\/\\\/autofans.com.ar\\\/wp-content\\\/uploads\\\/2025\\\/04\\\/nissan-1-2.jpg\",\"contentUrl\":\"https:\\\/\\\/autofans.com.ar\\\/wp-content\\\/uploads\\\/2025\\\/04\\\/nissan-1-2.jpg\",\"width\":1000,\"height\":667,\"caption\":\"Nissan\"},{\"@type\":\"BreadcrumbList\",\"@id\":\"https:\\\/\\\/autofans.com.ar\\\/index.php\\\/2025\\\/04\\\/28\\\/nissan-apuesta-a-la-electrificacion-con-la-nueva-frontier-pro-hibrida-y-el-sedan-electrico-n7\\\/#breadcrumb\",\"itemListElement\":[{\"@type\":\"ListItem\",\"position\":1,\"name\":\"Inicio\",\"item\":\"https:\\\/\\\/autofans.com.ar\\\/\"},{\"@type\":\"ListItem\",\"position\":2,\"name\":\"Nissan apuesta a la electrificaci\u00f3n con la nueva Frontier Pro h\u00edbrida y el sed\u00e1n el\u00e9ctrico N7\"}]},{\"@type\":\"WebSite\",\"@id\":\"https:\\\/\\\/autofans.com.ar\\\/#website\",\"url\":\"https:\\\/\\\/autofans.com.ar\\\/\",\"name\":\"\",\"description\":\"El multimedio referente de la industria automotriz\",\"potentialAction\":[{\"@type\":\"SearchAction\",\"target\":{\"@type\":\"EntryPoint\",\"urlTemplate\":\"https:\\\/\\\/autofans.com.ar\\\/?s={search_term_string}\"},\"query-input\":{\"@type\":\"PropertyValueSpecification\",\"valueRequired\":true,\"valueName\":\"search_term_string\"}}],\"inLanguage\":\"es\"},{\"@type\":\"Person\",\"@id\":\"https:\\\/\\\/autofans.com.ar\\\/#\\\/schema\\\/person\\\/4a8dda0b6df83ac3d6723e921274c2aa\",\"name\":\"Alejandro Gabriel Rosito\",\"image\":{\"@type\":\"ImageObject\",\"inLanguage\":\"es\",\"@id\":\"https:\\\/\\\/secure.gravatar.com\\\/avatar\\\/16c5dda1489adfc62618084dcbb91cffd879c374b13fe5dd8e44ed6733852c88?s=96&d=mm&r=g\",\"url\":\"https:\\\/\\\/secure.gravatar.com\\\/avatar\\\/16c5dda1489adfc62618084dcbb91cffd879c374b13fe5dd8e44ed6733852c88?s=96&d=mm&r=g\",\"contentUrl\":\"https:\\\/\\\/secure.gravatar.com\\\/avatar\\\/16c5dda1489adfc62618084dcbb91cffd879c374b13fe5dd8e44ed6733852c88?s=96&d=mm&r=g\",\"caption\":\"Alejandro Gabriel Rosito\"},\"url\":\"https:\\\/\\\/autofans.com.ar\\\/index.php\\\/author\\\/gabrielr\\\/\"}]}<\/script>\n<!-- \/ Yoast SEO plugin. -->","yoast_head_json":{"title":"Nissan apuesta a la electrificaci\u00f3n con la nueva Frontier Pro h\u00edbrida y el sed\u00e1n el\u00e9ctrico N7 -","description":"Durante el Auto Shangh\u00e1i 2025 Nissan present\u00f3 dos modelos la nueva Frontier Pro h\u00edbrida enchufable y el sed\u00e1n el\u00e9ctrico N7 de Dongfeng Nissan","robots":{"index":"index","follow":"follow","max-snippet":"max-snippet:-1","max-image-preview":"max-image-preview:large","max-video-preview":"max-video-preview:-1"},"canonical":"https:\/\/autofans.com.ar\/index.php\/2025\/04\/28\/nissan-apuesta-a-la-electrificacion-con-la-nueva-frontier-pro-hibrida-y-el-sedan-electrico-n7\/","og_locale":"es_ES","og_type":"article","og_title":"Nissan apuesta a la electrificaci\u00f3n con la nueva Frontier Pro h\u00edbrida y el sed\u00e1n el\u00e9ctrico N7 -","og_description":"Durante el Auto Shangh\u00e1i 2025 Nissan present\u00f3 dos modelos la nueva Frontier Pro h\u00edbrida enchufable y el sed\u00e1n el\u00e9ctrico N7 de Dongfeng Nissan","og_url":"https:\/\/autofans.com.ar\/index.php\/2025\/04\/28\/nissan-apuesta-a-la-electrificacion-con-la-nueva-frontier-pro-hibrida-y-el-sedan-electrico-n7\/","article_published_time":"2025-04-29T00:50:42+00:00","og_image":[{"width":1000,"height":667,"url":"https:\/\/autofans.com.ar\/wp-content\/uploads\/2025\/04\/nissan-1-2.jpg","type":"image\/jpeg"}],"author":"Alejandro Gabriel Rosito","twitter_card":"summary_large_image","twitter_misc":{"Escrito por":"Alejandro Gabriel Rosito","Tiempo de lectura":"3 minutos"},"schema":{"@context":"https:\/\/schema.org","@graph":[{"@type":"Article","@id":"https:\/\/autofans.com.ar\/index.php\/2025\/04\/28\/nissan-apuesta-a-la-electrificacion-con-la-nueva-frontier-pro-hibrida-y-el-sedan-electrico-n7\/#article","isPartOf":{"@id":"https:\/\/autofans.com.ar\/index.php\/2025\/04\/28\/nissan-apuesta-a-la-electrificacion-con-la-nueva-frontier-pro-hibrida-y-el-sedan-electrico-n7\/"},"author":{"name":"Alejandro Gabriel Rosito","@id":"https:\/\/autofans.com.ar\/#\/schema\/person\/4a8dda0b6df83ac3d6723e921274c2aa"},"headline":"Nissan apuesta a la electrificaci\u00f3n con la nueva Frontier Pro h\u00edbrida y el sed\u00e1n el\u00e9ctrico N7","datePublished":"2025-04-29T00:50:42+00:00","mainEntityOfPage":{"@id":"https:\/\/autofans.com.ar\/index.php\/2025\/04\/28\/nissan-apuesta-a-la-electrificacion-con-la-nueva-frontier-pro-hibrida-y-el-sedan-electrico-n7\/"},"wordCount":554,"image":{"@id":"https:\/\/autofans.com.ar\/index.php\/2025\/04\/28\/nissan-apuesta-a-la-electrificacion-con-la-nueva-frontier-pro-hibrida-y-el-sedan-electrico-n7\/#primaryimage"},"thumbnailUrl":"https:\/\/autofans.com.ar\/wp-content\/uploads\/2025\/04\/nissan-1-2.jpg","keywords":["Auto Show Shangh\u00e1i 2025","autonom\u00eda sed\u00e1n el\u00e9ctrico","carga r\u00e1pida Nissan N7","Dongfeng Nissan N7","movilidad el\u00e9ctrica Nissan","Nissan Frontier Pro h\u00edbrida","pick-up h\u00edbrida Nissan","sed\u00e1n el\u00e9ctrico Nissan"],"articleSection":["HIBRIDOS, ELECTRICOS y otros","NOTICIAS"],"inLanguage":"es"},{"@type":"WebPage","@id":"https:\/\/autofans.com.ar\/index.php\/2025\/04\/28\/nissan-apuesta-a-la-electrificacion-con-la-nueva-frontier-pro-hibrida-y-el-sedan-electrico-n7\/","url":"https:\/\/autofans.com.ar\/index.php\/2025\/04\/28\/nissan-apuesta-a-la-electrificacion-con-la-nueva-frontier-pro-hibrida-y-el-sedan-electrico-n7\/","name":"Nissan apuesta a la electrificaci\u00f3n con la nueva Frontier Pro h\u00edbrida y el sed\u00e1n el\u00e9ctrico N7 -","isPartOf":{"@id":"https:\/\/autofans.com.ar\/#website"},"primaryImageOfPage":{"@id":"https:\/\/autofans.com.ar\/index.php\/2025\/04\/28\/nissan-apuesta-a-la-electrificacion-con-la-nueva-frontier-pro-hibrida-y-el-sedan-electrico-n7\/#primaryimage"},"image":{"@id":"https:\/\/autofans.com.ar\/index.php\/2025\/04\/28\/nissan-apuesta-a-la-electrificacion-con-la-nueva-frontier-pro-hibrida-y-el-sedan-electrico-n7\/#primaryimage"},"thumbnailUrl":"https:\/\/autofans.com.ar\/wp-content\/uploads\/2025\/04\/nissan-1-2.jpg","datePublished":"2025-04-29T00:50:42+00:00","author":{"@id":"https:\/\/autofans.com.ar\/#\/schema\/person\/4a8dda0b6df83ac3d6723e921274c2aa"},"description":"Durante el Auto Shangh\u00e1i 2025 Nissan present\u00f3 dos modelos la nueva Frontier Pro h\u00edbrida enchufable y el sed\u00e1n el\u00e9ctrico N7 de Dongfeng Nissan","breadcrumb":{"@id":"https:\/\/autofans.com.ar\/index.php\/2025\/04\/28\/nissan-apuesta-a-la-electrificacion-con-la-nueva-frontier-pro-hibrida-y-el-sedan-electrico-n7\/#breadcrumb"},"inLanguage":"es","potentialAction":[{"@type":"ReadAction","target":["https:\/\/autofans.com.ar\/index.php\/2025\/04\/28\/nissan-apuesta-a-la-electrificacion-con-la-nueva-frontier-pro-hibrida-y-el-sedan-electrico-n7\/"]}]},{"@type":"ImageObject","inLanguage":"es","@id":"https:\/\/autofans.com.ar\/index.php\/2025\/04\/28\/nissan-apuesta-a-la-electrificacion-con-la-nueva-frontier-pro-hibrida-y-el-sedan-electrico-n7\/#primaryimage","url":"https:\/\/autofans.com.ar\/wp-content\/uploads\/2025\/04\/nissan-1-2.jpg","contentUrl":"https:\/\/autofans.com.ar\/wp-content\/uploads\/2025\/04\/nissan-1-2.jpg","width":1000,"height":667,"caption":"Nissan"},{"@type":"BreadcrumbList","@id":"https:\/\/autofans.com.ar\/index.php\/2025\/04\/28\/nissan-apuesta-a-la-electrificacion-con-la-nueva-frontier-pro-hibrida-y-el-sedan-electrico-n7\/#breadcrumb","itemListElement":[{"@type":"ListItem","position":1,"name":"Inicio","item":"https:\/\/autofans.com.ar\/"},{"@type":"ListItem","position":2,"name":"Nissan apuesta a la electrificaci\u00f3n con la nueva Frontier Pro h\u00edbrida y el sed\u00e1n el\u00e9ctrico N7"}]},{"@type":"WebSite","@id":"https:\/\/autofans.com.ar\/#website","url":"https:\/\/autofans.com.ar\/","name":"","description":"El multimedio referente de la industria automotriz","potentialAction":[{"@type":"SearchAction","target":{"@type":"EntryPoint","urlTemplate":"https:\/\/autofans.com.ar\/?s={search_term_string}"},"query-input":{"@type":"PropertyValueSpecification","valueRequired":true,"valueName":"search_term_string"}}],"inLanguage":"es"},{"@type":"Person","@id":"https:\/\/autofans.com.ar\/#\/schema\/person\/4a8dda0b6df83ac3d6723e921274c2aa","name":"Alejandro Gabriel Rosito","image":{"@type":"ImageObject","inLanguage":"es","@id":"https:\/\/secure.gravatar.com\/avatar\/16c5dda1489adfc62618084dcbb91cffd879c374b13fe5dd8e44ed6733852c88?s=96&d=mm&r=g","url":"https:\/\/secure.gravatar.com\/avatar\/16c5dda1489adfc62618084dcbb91cffd879c374b13fe5dd8e44ed6733852c88?s=96&d=mm&r=g","contentUrl":"https:\/\/secure.gravatar.com\/avatar\/16c5dda1489adfc62618084dcbb91cffd879c374b13fe5dd8e44ed6733852c88?s=96&d=mm&r=g","caption":"Alejandro Gabriel Rosito"},"url":"https:\/\/autofans.com.ar\/index.php\/author\/gabrielr\/"}]}},"featured_image_urls":{"full":["https:\/\/autofans.com.ar\/wp-content\/uploads\/2025\/04\/nissan-1-2.jpg",1000,667,false],"thumbnail":["https:\/\/autofans.com.ar\/wp-content\/uploads\/2025\/04\/nissan-1-2-150x150.jpg",150,150,true],"medium":["https:\/\/autofans.com.ar\/wp-content\/uploads\/2025\/04\/nissan-1-2-300x200.jpg",300,200,true],"medium_large":["https:\/\/autofans.com.ar\/wp-content\/uploads\/2025\/04\/nissan-1-2-768x512.jpg",640,427,true],"large":["https:\/\/autofans.com.ar\/wp-content\/uploads\/2025\/04\/nissan-1-2.jpg",640,427,false],"1536x1536":["https:\/\/autofans.com.ar\/wp-content\/uploads\/2025\/04\/nissan-1-2.jpg",1000,667,false],"2048x2048":["https:\/\/autofans.com.ar\/wp-content\/uploads\/2025\/04\/nissan-1-2.jpg",1000,667,false],"covernews-featured":["https:\/\/autofans.com.ar\/wp-content\/uploads\/2025\/04\/nissan-1-2.jpg",1000,667,false],"covernews-medium":["https:\/\/autofans.com.ar\/wp-content\/uploads\/2025\/04\/nissan-1-2-540x340.jpg",540,340,true]},"author_info":{"display_name":"Alejandro Gabriel Rosito","author_link":"https:\/\/autofans.com.ar\/index.php\/author\/gabrielr\/"},"category_info":"<a href=\"https:\/\/autofans.com.ar\/index.php\/category\/noticias\/hibridos-y-electricos\/\" rel=\"category tag\">HIBRIDOS, ELECTRICOS y otros<\/a> <a href=\"https:\/\/autofans.com.ar\/index.php\/category\/noticias\/\" rel=\"category tag\">NOTICIAS<\/a>","tag_info":"NOTICIAS","comment_count":0,"_links":{"self":[{"href":"https:\/\/autofans.com.ar\/index.php\/wp-json\/wp\/v2\/posts\/12149","targetHints":{"allow":["GET"]}}],"collection":[{"href":"https:\/\/autofans.com.ar\/index.php\/wp-json\/wp\/v2\/posts"}],"about":[{"href":"https:\/\/autofans.com.ar\/index.php\/wp-json\/wp\/v2\/types\/post"}],"author":[{"embeddable":true,"href":"https:\/\/autofans.com.ar\/index.php\/wp-json\/wp\/v2\/users\/2"}],"replies":[{"embeddable":true,"href":"https:\/\/autofans.com.ar\/index.php\/wp-json\/wp\/v2\/comments?post=12149"}],"version-history":[{"count":3,"href":"https:\/\/autofans.com.ar\/index.php\/wp-json\/wp\/v2\/posts\/12149\/revisions"}],"predecessor-version":[{"id":12161,"href":"https:\/\/autofans.com.ar\/index.php\/wp-json\/wp\/v2\/posts\/12149\/revisions\/12161"}],"wp:featuredmedia":[{"embeddable":true,"href":"https:\/\/autofans.com.ar\/index.php\/wp-json\/wp\/v2\/media\/12159"}],"wp:attachment":[{"href":"https:\/\/autofans.com.ar\/index.php\/wp-json\/wp\/v2\/media?parent=12149"}],"wp:term":[{"taxonomy":"category","embeddable":true,"href":"https:\/\/autofans.com.ar\/index.php\/wp-json\/wp\/v2\/categories?post=12149"},{"taxonomy":"post_tag","embeddable":true,"href":"https:\/\/autofans.com.ar\/index.php\/wp-json\/wp\/v2\/tags?post=12149"}],"curies":[{"name":"wp","href":"https:\/\/api.w.org\/{rel}","templated":true}]}}