{"id":12162,"date":"2025-04-29T17:28:51","date_gmt":"2025-04-29T20:28:51","guid":{"rendered":"https:\/\/autofans.com.ar\/?p=12162"},"modified":"2025-04-29T17:55:02","modified_gmt":"2025-04-29T20:55:02","slug":"3-anos-de-la-isla-ecologica-de-iveco-13-000-toneladas-recicladas","status":"publish","type":"post","link":"https:\/\/autofans.com.ar\/index.php\/2025\/04\/29\/3-anos-de-la-isla-ecologica-de-iveco-13-000-toneladas-recicladas\/","title":{"rendered":"3 a\u00f1os de la Isla Ecol\u00f3gica de Iveco, 13.000 toneladas recicladas"},"content":{"rendered":"<p class=\"ds-markdown-paragraph\">Desde 2022, este espacio en la planta de C\u00f3rdoba transforma desechos industriales en recursos, consolid\u00e1ndose como un referente en producci\u00f3n sustentable. Con m\u00e1s de 11.600 toneladas de madera, 1.244 de cart\u00f3n y 391 de pl\u00e1stico reciclados, el proyecto demuestra que la industria puede ser eficiente y responsable.<\/p>\n<p><span style=\"color: #ffffff;\">m<\/span><\/p>\n<blockquote>\n<p style=\"text-align: center;\">\u00abLa sostenibilidad no es solo un objetivo estrat\u00e9gico, es una responsabilidad colectiva que asumimos desde todas las \u00e1reas de Iveco Group. La Isla Ecol\u00f3gica naci\u00f3 de una convicci\u00f3n profunda: transformar nuestro modo de producir para hacerlo m\u00e1s eficiente, m\u00e1s consciente y con menor impacto ambiental. Hoy, tres a\u00f1os despu\u00e9s, celebramos una iniciativa que refleja nuestra forma de pensar el presente y construir el futuro de la industria\u201d, expres\u00f3 Ricardo Cardozo, Country Manager de Iveco Group en Argentina.<\/p>\n<\/blockquote>\n<p><span style=\"color: #ffffff;\">.<\/span><\/p>\n<h2>Iveco &#8211; innovaci\u00f3n con impacto concreto<\/h2>\n<p><span style=\"color: #ffffff;\">c<\/span><\/p>\n<p><img fetchpriority=\"high\" decoding=\"async\" class=\"aligncenter wp-image-12168 size-full\" src=\"https:\/\/autofans.com.ar\/wp-content\/uploads\/2025\/04\/iveco-2-1.jpg\" alt=\"Iveco\" width=\"1000\" height=\"667\" srcset=\"https:\/\/autofans.com.ar\/wp-content\/uploads\/2025\/04\/iveco-2-1.jpg 1000w, https:\/\/autofans.com.ar\/wp-content\/uploads\/2025\/04\/iveco-2-1-300x200.jpg 300w, https:\/\/autofans.com.ar\/wp-content\/uploads\/2025\/04\/iveco-2-1-768x512.jpg 768w\" sizes=\"(max-width: 1000px) 100vw, 1000px\" \/><\/p>\n<p><span style=\"color: #ffffff;\">j<\/span><\/p>\n<p class=\"ds-markdown-paragraph\">Entre los logros clave, destacan:<\/p>\n<ul>\n<li>\n<p class=\"ds-markdown-paragraph\">Piezas fabricadas con material reciclado, como escurrideros, volantes y carcasas.<\/p>\n<\/li>\n<li>\n<p class=\"ds-markdown-paragraph\">Reducci\u00f3n del 99% en residuos no reciclables, optimizando energ\u00eda y agua.<\/p>\n<\/li>\n<li>\n<p class=\"ds-markdown-paragraph\">Visitas educativas para universidades, proveedores y concesionarios, promoviendo buenas pr\u00e1cticas.<\/p>\n<\/li>\n<\/ul>\n<p><span style=\"color: #ffffff;\">f<\/span><\/p>\n<blockquote>\n<p style=\"text-align: center;\">En el marco del aniversario Magdalena Reyna, referente de Medio Ambiente en IVECO Argentina, destac\u00f3 \u201cNo s\u00f3lo conmemoramos la inauguraci\u00f3n de la Isla Ecol\u00f3gica como un espacio, sino la puesta en marcha de un camino hacia la circularidad en nuestros procesos y productos, logrando transformar los residuos en recursos para fabricar nuestros embalajes, piezas del cami\u00f3n y del motor, y m\u00faltiples productos con finalidad productiva y social\u201d.<\/p>\n<\/blockquote>\n<p><span style=\"color: #ffffff;\">d<\/span><\/p>\n<h2>Un modelo para replicar<\/h2>\n<p><span style=\"color: #ffffff;\">m<\/span><\/p>\n<p><img decoding=\"async\" class=\"aligncenter wp-image-12165 size-full\" src=\"https:\/\/autofans.com.ar\/wp-content\/uploads\/2025\/04\/iveco-5.jpg\" alt=\"Iveco\" width=\"1000\" height=\"667\" srcset=\"https:\/\/autofans.com.ar\/wp-content\/uploads\/2025\/04\/iveco-5.jpg 1000w, https:\/\/autofans.com.ar\/wp-content\/uploads\/2025\/04\/iveco-5-300x200.jpg 300w, https:\/\/autofans.com.ar\/wp-content\/uploads\/2025\/04\/iveco-5-768x512.jpg 768w\" sizes=\"(max-width: 1000px) 100vw, 1000px\" \/><\/p>\n<p><span style=\"color: #ffffff;\">q<\/span><\/p>\n<p class=\"ds-markdown-paragraph\"><a href=\"https:\/\/autofans.com.ar\/index.php\/2025\/02\/03\/iveco-group-apuesta-por-la-economia-circular-en-su-produccion-industrial\/\" target=\"_blank\" rel=\"noopener\">Iveco Group<\/a> eval\u00faa extender esta iniciativa a otras plantas, alineada con su estrategia global de descarbonizaci\u00f3n. La Isla Ecol\u00f3gica no solo minimiza el impacto ambiental, sino que fomenta una cultura de <strong>conciencia colectiva<\/strong> entre empleados y la comunidad.<\/p>\n<blockquote>\n<p style=\"text-align: center;\"><span style=\"color: #ffffff;\">.<\/span><\/p>\n<p style=\"text-align: center;\">\u201cEste aniversario marca un punto de inflexi\u00f3n en nuestra forma de producir: no solo en el c\u00f3mo, sino tambi\u00e9n en el para qui\u00e9n. Hoy trabajamos para satisfacer las necesidades de nuestros clientes cuidando, al mismo tiempo, los recursos naturales y contribuyendo a un futuro m\u00e1s justo para las pr\u00f3ximas generaciones. Es una celebraci\u00f3n compartida por todos los que formamos parte de Iveco Group: cada \u00e1rea, cada eslab\u00f3n de la compa\u00f1\u00eda, junto a nuestros proveedores y clientes. Todos somos protagonistas de esta transformaci\u00f3n\u201d, a\u00f1adi\u00f3 Ricardo Cardozo, Country Manager Iveco Group Argentina.<\/p>\n<\/blockquote>\n<p><span style=\"color: #ffffff;\">,<\/span><\/p>\n<h2>Celebrando el D\u00eda de la Tierra<\/h2>\n<p><span style=\"color: #ffffff;\">c<\/span><\/p>\n<p><img decoding=\"async\" class=\"aligncenter wp-image-12167 size-full\" src=\"https:\/\/autofans.com.ar\/wp-content\/uploads\/2025\/04\/iveco-3-1.jpg\" alt=\"Iveco\" width=\"1000\" height=\"667\" srcset=\"https:\/\/autofans.com.ar\/wp-content\/uploads\/2025\/04\/iveco-3-1.jpg 1000w, https:\/\/autofans.com.ar\/wp-content\/uploads\/2025\/04\/iveco-3-1-300x200.jpg 300w, https:\/\/autofans.com.ar\/wp-content\/uploads\/2025\/04\/iveco-3-1-768x512.jpg 768w\" sizes=\"(max-width: 1000px) 100vw, 1000px\" \/><\/p>\n<p><span style=\"color: #ffffff;\">a<\/span><\/p>\n<p class=\"ds-markdown-paragraph\">En su aniversario, la compa\u00f1\u00eda organiz\u00f3 un encuentro virtual bajo el lema <em>\u201cPensar, hacer y evolucionar con la Tierra\u201d<\/em>, con expertos en sostenibilidad y econom\u00eda circular. El evento reforz\u00f3 el compromiso hacia la neutralidad de carbono y la producci\u00f3n regenerativa.<\/p>\n<p><span style=\"color: #ffffff;\">e<\/span><\/p>\n<blockquote>\n<p style=\"text-align: center;\">\u00abDebemos pensar que el mejor residuo es el que no generamos\u201d, expres\u00f3 la L\u00edder en Cambio Clim\u00e1tico y Econom\u00eda Circular de Aero Regenerativo, Carolina Ulla, marcando el esp\u00edritu del encuentro. Magdalena Reyna, referente de Medio Ambiente en IVECO Argentina, subray\u00f3 la doble celebraci\u00f3n: \u201cHoy celebramos no solo la Isla Ecol\u00f3gica, sino tambi\u00e9n el compromiso diario de cada persona en nuestras plantas por construir un futuro m\u00e1s verde\u201d.<\/p>\n<\/blockquote>\n<p><span style=\"color: #ffffff;\">w<\/span><\/p>\n<p><span style=\"color: #ffffff;\">y<\/span><\/p>\n<p><span style=\"color: #ffffff;\">t<\/span><\/p>\n<p>&nbsp;<\/p>\n<p>&nbsp;<\/p>\n<p><i>Para enterarte de m\u00e1s novedades, no dejes de leer\u00a0<\/i><a href=\"https:\/\/autofans.thebrandsoup.com\/\"><i>nuestras notas<\/i><\/a><i>, de ver<\/i><b><i>\u00a0<\/i><\/b><a href=\"https:\/\/www.youtube.com\/channel\/UCgAC8UGHZYbT6P7PpmVnP7g\"><b><i>AUTOFANS TV<\/i><\/b><\/a><b><i>\u00a0<\/i><\/b><i>en nuestro\u00a0canal de Youtube. Adem\u00e1s seguinos en\u00a0<\/i><a href=\"https:\/\/www.instagram.com\/autofanstv\/\"><i>INSTAGRAM<\/i><\/a><i> y <\/i><a href=\"https:\/\/www.facebook.com\/autofansmas\/\"><i>FACEBOOK<\/i><\/a><i> para no perderte nada sobre las novedades del segmento automotor de Argentina y el mundo.<\/i><\/p>\n<p><span style=\"color: #ffffff;\">t<\/span><\/p>\n","protected":false},"excerpt":{"rendered":"<p>Desde 2022, este espacio en la planta de C\u00f3rdoba transforma desechos industriales en recursos, consolid\u00e1ndose&#8230;<\/p>\n","protected":false},"author":2,"featured_media":12166,"comment_status":"closed","ping_status":"closed","sticky":false,"template":"","format":"standard","meta":{"footnotes":""},"categories":[6,16],"tags":[2575,960,6603,6602,6009,6601],"class_list":["post-12162","post","type-post","status-publish","format-standard","has-post-thumbnail","hentry","category-bizstyle","category-noticias","tag-descarbonizacion","tag-economia-circular","tag-industria-responsable","tag-iveco-group-cordoba","tag-reciclaje-industrial","tag-sustentabilidad-industrial"],"yoast_head":"<!-- This site is optimized with the Yoast SEO plugin v27.5 - https:\/\/yoast.com\/product\/yoast-seo-wordpress\/ -->\n<title>3 a\u00f1os de la Isla Ecol\u00f3gica de Iveco, 13.000 toneladas recicladas -<\/title>\n<meta name=\"description\" content=\"Iveco Group celebra 3 a\u00f1os de su Isla Ecol\u00f3gica en C\u00f3rdoba, este impacto ambiental y se perfila como ejemplo replicable en otras plantas.\" \/>\n<meta name=\"robots\" content=\"index, follow, max-snippet:-1, max-image-preview:large, max-video-preview:-1\" \/>\n<link rel=\"canonical\" href=\"https:\/\/autofans.com.ar\/index.php\/2025\/04\/29\/3-anos-de-la-isla-ecologica-de-iveco-13-000-toneladas-recicladas\/\" \/>\n<meta property=\"og:locale\" content=\"es_ES\" \/>\n<meta property=\"og:type\" content=\"article\" \/>\n<meta property=\"og:title\" content=\"3 a\u00f1os de la Isla Ecol\u00f3gica de Iveco, 13.000 toneladas recicladas -\" \/>\n<meta property=\"og:description\" content=\"Iveco Group celebra 3 a\u00f1os de su Isla Ecol\u00f3gica en C\u00f3rdoba, este impacto ambiental y se perfila como ejemplo replicable en otras plantas.\" \/>\n<meta property=\"og:url\" content=\"https:\/\/autofans.com.ar\/index.php\/2025\/04\/29\/3-anos-de-la-isla-ecologica-de-iveco-13-000-toneladas-recicladas\/\" \/>\n<meta property=\"article:published_time\" content=\"2025-04-29T20:28:51+00:00\" \/>\n<meta property=\"article:modified_time\" content=\"2025-04-29T20:55:02+00:00\" \/>\n<meta property=\"og:image\" content=\"https:\/\/autofans.com.ar\/wp-content\/uploads\/2025\/04\/iveco-4-1.jpg\" \/>\n\t<meta property=\"og:image:width\" content=\"1000\" \/>\n\t<meta property=\"og:image:height\" content=\"667\" \/>\n\t<meta property=\"og:image:type\" content=\"image\/jpeg\" \/>\n<meta name=\"author\" content=\"Alejandro Gabriel Rosito\" \/>\n<meta name=\"twitter:card\" content=\"summary_large_image\" \/>\n<meta name=\"twitter:label1\" content=\"Escrito por\" \/>\n\t<meta name=\"twitter:data1\" content=\"Alejandro Gabriel Rosito\" \/>\n\t<meta name=\"twitter:label2\" content=\"Tiempo de lectura\" \/>\n\t<meta name=\"twitter:data2\" content=\"2 minutos\" \/>\n<script type=\"application\/ld+json\" class=\"yoast-schema-graph\">{\"@context\":\"https:\\\/\\\/schema.org\",\"@graph\":[{\"@type\":\"Article\",\"@id\":\"https:\\\/\\\/autofans.com.ar\\\/index.php\\\/2025\\\/04\\\/29\\\/3-anos-de-la-isla-ecologica-de-iveco-13-000-toneladas-recicladas\\\/#article\",\"isPartOf\":{\"@id\":\"https:\\\/\\\/autofans.com.ar\\\/index.php\\\/2025\\\/04\\\/29\\\/3-anos-de-la-isla-ecologica-de-iveco-13-000-toneladas-recicladas\\\/\"},\"author\":{\"name\":\"Alejandro Gabriel Rosito\",\"@id\":\"https:\\\/\\\/autofans.com.ar\\\/#\\\/schema\\\/person\\\/4a8dda0b6df83ac3d6723e921274c2aa\"},\"headline\":\"3 a\u00f1os de la Isla Ecol\u00f3gica de Iveco, 13.000 toneladas recicladas\",\"datePublished\":\"2025-04-29T20:28:51+00:00\",\"dateModified\":\"2025-04-29T20:55:02+00:00\",\"mainEntityOfPage\":{\"@id\":\"https:\\\/\\\/autofans.com.ar\\\/index.php\\\/2025\\\/04\\\/29\\\/3-anos-de-la-isla-ecologica-de-iveco-13-000-toneladas-recicladas\\\/\"},\"wordCount\":591,\"image\":{\"@id\":\"https:\\\/\\\/autofans.com.ar\\\/index.php\\\/2025\\\/04\\\/29\\\/3-anos-de-la-isla-ecologica-de-iveco-13-000-toneladas-recicladas\\\/#primaryimage\"},\"thumbnailUrl\":\"https:\\\/\\\/autofans.com.ar\\\/wp-content\\\/uploads\\\/2025\\\/04\\\/iveco-4-1.jpg\",\"keywords\":[\"Descarbonizaci\u00f3n\",\"Econom\u00eda Circular\",\"industria responsable\",\"Iveco Group C\u00f3rdoba\",\"reciclaje industrial\",\"sustentabilidad industrial\"],\"articleSection\":[\"BIZSTYLE\",\"NOTICIAS\"],\"inLanguage\":\"es\"},{\"@type\":\"WebPage\",\"@id\":\"https:\\\/\\\/autofans.com.ar\\\/index.php\\\/2025\\\/04\\\/29\\\/3-anos-de-la-isla-ecologica-de-iveco-13-000-toneladas-recicladas\\\/\",\"url\":\"https:\\\/\\\/autofans.com.ar\\\/index.php\\\/2025\\\/04\\\/29\\\/3-anos-de-la-isla-ecologica-de-iveco-13-000-toneladas-recicladas\\\/\",\"name\":\"3 a\u00f1os de la Isla Ecol\u00f3gica de Iveco, 13.000 toneladas recicladas -\",\"isPartOf\":{\"@id\":\"https:\\\/\\\/autofans.com.ar\\\/#website\"},\"primaryImageOfPage\":{\"@id\":\"https:\\\/\\\/autofans.com.ar\\\/index.php\\\/2025\\\/04\\\/29\\\/3-anos-de-la-isla-ecologica-de-iveco-13-000-toneladas-recicladas\\\/#primaryimage\"},\"image\":{\"@id\":\"https:\\\/\\\/autofans.com.ar\\\/index.php\\\/2025\\\/04\\\/29\\\/3-anos-de-la-isla-ecologica-de-iveco-13-000-toneladas-recicladas\\\/#primaryimage\"},\"thumbnailUrl\":\"https:\\\/\\\/autofans.com.ar\\\/wp-content\\\/uploads\\\/2025\\\/04\\\/iveco-4-1.jpg\",\"datePublished\":\"2025-04-29T20:28:51+00:00\",\"dateModified\":\"2025-04-29T20:55:02+00:00\",\"author\":{\"@id\":\"https:\\\/\\\/autofans.com.ar\\\/#\\\/schema\\\/person\\\/4a8dda0b6df83ac3d6723e921274c2aa\"},\"description\":\"Iveco Group celebra 3 a\u00f1os de su Isla Ecol\u00f3gica en C\u00f3rdoba, este impacto ambiental y se perfila como ejemplo replicable en otras plantas.\",\"breadcrumb\":{\"@id\":\"https:\\\/\\\/autofans.com.ar\\\/index.php\\\/2025\\\/04\\\/29\\\/3-anos-de-la-isla-ecologica-de-iveco-13-000-toneladas-recicladas\\\/#breadcrumb\"},\"inLanguage\":\"es\",\"potentialAction\":[{\"@type\":\"ReadAction\",\"target\":[\"https:\\\/\\\/autofans.com.ar\\\/index.php\\\/2025\\\/04\\\/29\\\/3-anos-de-la-isla-ecologica-de-iveco-13-000-toneladas-recicladas\\\/\"]}]},{\"@type\":\"ImageObject\",\"inLanguage\":\"es\",\"@id\":\"https:\\\/\\\/autofans.com.ar\\\/index.php\\\/2025\\\/04\\\/29\\\/3-anos-de-la-isla-ecologica-de-iveco-13-000-toneladas-recicladas\\\/#primaryimage\",\"url\":\"https:\\\/\\\/autofans.com.ar\\\/wp-content\\\/uploads\\\/2025\\\/04\\\/iveco-4-1.jpg\",\"contentUrl\":\"https:\\\/\\\/autofans.com.ar\\\/wp-content\\\/uploads\\\/2025\\\/04\\\/iveco-4-1.jpg\",\"width\":1000,\"height\":667,\"caption\":\"Iveco\"},{\"@type\":\"BreadcrumbList\",\"@id\":\"https:\\\/\\\/autofans.com.ar\\\/index.php\\\/2025\\\/04\\\/29\\\/3-anos-de-la-isla-ecologica-de-iveco-13-000-toneladas-recicladas\\\/#breadcrumb\",\"itemListElement\":[{\"@type\":\"ListItem\",\"position\":1,\"name\":\"Inicio\",\"item\":\"https:\\\/\\\/autofans.com.ar\\\/\"},{\"@type\":\"ListItem\",\"position\":2,\"name\":\"3 a\u00f1os de la Isla Ecol\u00f3gica de Iveco, 13.000 toneladas recicladas\"}]},{\"@type\":\"WebSite\",\"@id\":\"https:\\\/\\\/autofans.com.ar\\\/#website\",\"url\":\"https:\\\/\\\/autofans.com.ar\\\/\",\"name\":\"\",\"description\":\"El multimedio referente de la industria automotriz\",\"potentialAction\":[{\"@type\":\"SearchAction\",\"target\":{\"@type\":\"EntryPoint\",\"urlTemplate\":\"https:\\\/\\\/autofans.com.ar\\\/?s={search_term_string}\"},\"query-input\":{\"@type\":\"PropertyValueSpecification\",\"valueRequired\":true,\"valueName\":\"search_term_string\"}}],\"inLanguage\":\"es\"},{\"@type\":\"Person\",\"@id\":\"https:\\\/\\\/autofans.com.ar\\\/#\\\/schema\\\/person\\\/4a8dda0b6df83ac3d6723e921274c2aa\",\"name\":\"Alejandro Gabriel Rosito\",\"image\":{\"@type\":\"ImageObject\",\"inLanguage\":\"es\",\"@id\":\"https:\\\/\\\/secure.gravatar.com\\\/avatar\\\/16c5dda1489adfc62618084dcbb91cffd879c374b13fe5dd8e44ed6733852c88?s=96&d=mm&r=g\",\"url\":\"https:\\\/\\\/secure.gravatar.com\\\/avatar\\\/16c5dda1489adfc62618084dcbb91cffd879c374b13fe5dd8e44ed6733852c88?s=96&d=mm&r=g\",\"contentUrl\":\"https:\\\/\\\/secure.gravatar.com\\\/avatar\\\/16c5dda1489adfc62618084dcbb91cffd879c374b13fe5dd8e44ed6733852c88?s=96&d=mm&r=g\",\"caption\":\"Alejandro Gabriel Rosito\"},\"url\":\"https:\\\/\\\/autofans.com.ar\\\/index.php\\\/author\\\/gabrielr\\\/\"}]}<\/script>\n<!-- \/ Yoast SEO plugin. -->","yoast_head_json":{"title":"3 a\u00f1os de la Isla Ecol\u00f3gica de Iveco, 13.000 toneladas recicladas -","description":"Iveco Group celebra 3 a\u00f1os de su Isla Ecol\u00f3gica en C\u00f3rdoba, este impacto ambiental y se perfila como ejemplo replicable en otras plantas.","robots":{"index":"index","follow":"follow","max-snippet":"max-snippet:-1","max-image-preview":"max-image-preview:large","max-video-preview":"max-video-preview:-1"},"canonical":"https:\/\/autofans.com.ar\/index.php\/2025\/04\/29\/3-anos-de-la-isla-ecologica-de-iveco-13-000-toneladas-recicladas\/","og_locale":"es_ES","og_type":"article","og_title":"3 a\u00f1os de la Isla Ecol\u00f3gica de Iveco, 13.000 toneladas recicladas -","og_description":"Iveco Group celebra 3 a\u00f1os de su Isla Ecol\u00f3gica en C\u00f3rdoba, este impacto ambiental y se perfila como ejemplo replicable en otras plantas.","og_url":"https:\/\/autofans.com.ar\/index.php\/2025\/04\/29\/3-anos-de-la-isla-ecologica-de-iveco-13-000-toneladas-recicladas\/","article_published_time":"2025-04-29T20:28:51+00:00","article_modified_time":"2025-04-29T20:55:02+00:00","og_image":[{"width":1000,"height":667,"url":"https:\/\/autofans.com.ar\/wp-content\/uploads\/2025\/04\/iveco-4-1.jpg","type":"image\/jpeg"}],"author":"Alejandro Gabriel Rosito","twitter_card":"summary_large_image","twitter_misc":{"Escrito por":"Alejandro Gabriel Rosito","Tiempo de lectura":"2 minutos"},"schema":{"@context":"https:\/\/schema.org","@graph":[{"@type":"Article","@id":"https:\/\/autofans.com.ar\/index.php\/2025\/04\/29\/3-anos-de-la-isla-ecologica-de-iveco-13-000-toneladas-recicladas\/#article","isPartOf":{"@id":"https:\/\/autofans.com.ar\/index.php\/2025\/04\/29\/3-anos-de-la-isla-ecologica-de-iveco-13-000-toneladas-recicladas\/"},"author":{"name":"Alejandro Gabriel Rosito","@id":"https:\/\/autofans.com.ar\/#\/schema\/person\/4a8dda0b6df83ac3d6723e921274c2aa"},"headline":"3 a\u00f1os de la Isla Ecol\u00f3gica de Iveco, 13.000 toneladas recicladas","datePublished":"2025-04-29T20:28:51+00:00","dateModified":"2025-04-29T20:55:02+00:00","mainEntityOfPage":{"@id":"https:\/\/autofans.com.ar\/index.php\/2025\/04\/29\/3-anos-de-la-isla-ecologica-de-iveco-13-000-toneladas-recicladas\/"},"wordCount":591,"image":{"@id":"https:\/\/autofans.com.ar\/index.php\/2025\/04\/29\/3-anos-de-la-isla-ecologica-de-iveco-13-000-toneladas-recicladas\/#primaryimage"},"thumbnailUrl":"https:\/\/autofans.com.ar\/wp-content\/uploads\/2025\/04\/iveco-4-1.jpg","keywords":["Descarbonizaci\u00f3n","Econom\u00eda Circular","industria responsable","Iveco Group C\u00f3rdoba","reciclaje industrial","sustentabilidad industrial"],"articleSection":["BIZSTYLE","NOTICIAS"],"inLanguage":"es"},{"@type":"WebPage","@id":"https:\/\/autofans.com.ar\/index.php\/2025\/04\/29\/3-anos-de-la-isla-ecologica-de-iveco-13-000-toneladas-recicladas\/","url":"https:\/\/autofans.com.ar\/index.php\/2025\/04\/29\/3-anos-de-la-isla-ecologica-de-iveco-13-000-toneladas-recicladas\/","name":"3 a\u00f1os de la Isla Ecol\u00f3gica de Iveco, 13.000 toneladas recicladas -","isPartOf":{"@id":"https:\/\/autofans.com.ar\/#website"},"primaryImageOfPage":{"@id":"https:\/\/autofans.com.ar\/index.php\/2025\/04\/29\/3-anos-de-la-isla-ecologica-de-iveco-13-000-toneladas-recicladas\/#primaryimage"},"image":{"@id":"https:\/\/autofans.com.ar\/index.php\/2025\/04\/29\/3-anos-de-la-isla-ecologica-de-iveco-13-000-toneladas-recicladas\/#primaryimage"},"thumbnailUrl":"https:\/\/autofans.com.ar\/wp-content\/uploads\/2025\/04\/iveco-4-1.jpg","datePublished":"2025-04-29T20:28:51+00:00","dateModified":"2025-04-29T20:55:02+00:00","author":{"@id":"https:\/\/autofans.com.ar\/#\/schema\/person\/4a8dda0b6df83ac3d6723e921274c2aa"},"description":"Iveco Group celebra 3 a\u00f1os de su Isla Ecol\u00f3gica en C\u00f3rdoba, este impacto ambiental y se perfila como ejemplo replicable en otras plantas.","breadcrumb":{"@id":"https:\/\/autofans.com.ar\/index.php\/2025\/04\/29\/3-anos-de-la-isla-ecologica-de-iveco-13-000-toneladas-recicladas\/#breadcrumb"},"inLanguage":"es","potentialAction":[{"@type":"ReadAction","target":["https:\/\/autofans.com.ar\/index.php\/2025\/04\/29\/3-anos-de-la-isla-ecologica-de-iveco-13-000-toneladas-recicladas\/"]}]},{"@type":"ImageObject","inLanguage":"es","@id":"https:\/\/autofans.com.ar\/index.php\/2025\/04\/29\/3-anos-de-la-isla-ecologica-de-iveco-13-000-toneladas-recicladas\/#primaryimage","url":"https:\/\/autofans.com.ar\/wp-content\/uploads\/2025\/04\/iveco-4-1.jpg","contentUrl":"https:\/\/autofans.com.ar\/wp-content\/uploads\/2025\/04\/iveco-4-1.jpg","width":1000,"height":667,"caption":"Iveco"},{"@type":"BreadcrumbList","@id":"https:\/\/autofans.com.ar\/index.php\/2025\/04\/29\/3-anos-de-la-isla-ecologica-de-iveco-13-000-toneladas-recicladas\/#breadcrumb","itemListElement":[{"@type":"ListItem","position":1,"name":"Inicio","item":"https:\/\/autofans.com.ar\/"},{"@type":"ListItem","position":2,"name":"3 a\u00f1os de la Isla Ecol\u00f3gica de Iveco, 13.000 toneladas recicladas"}]},{"@type":"WebSite","@id":"https:\/\/autofans.com.ar\/#website","url":"https:\/\/autofans.com.ar\/","name":"","description":"El multimedio referente de la industria automotriz","potentialAction":[{"@type":"SearchAction","target":{"@type":"EntryPoint","urlTemplate":"https:\/\/autofans.com.ar\/?s={search_term_string}"},"query-input":{"@type":"PropertyValueSpecification","valueRequired":true,"valueName":"search_term_string"}}],"inLanguage":"es"},{"@type":"Person","@id":"https:\/\/autofans.com.ar\/#\/schema\/person\/4a8dda0b6df83ac3d6723e921274c2aa","name":"Alejandro Gabriel Rosito","image":{"@type":"ImageObject","inLanguage":"es","@id":"https:\/\/secure.gravatar.com\/avatar\/16c5dda1489adfc62618084dcbb91cffd879c374b13fe5dd8e44ed6733852c88?s=96&d=mm&r=g","url":"https:\/\/secure.gravatar.com\/avatar\/16c5dda1489adfc62618084dcbb91cffd879c374b13fe5dd8e44ed6733852c88?s=96&d=mm&r=g","contentUrl":"https:\/\/secure.gravatar.com\/avatar\/16c5dda1489adfc62618084dcbb91cffd879c374b13fe5dd8e44ed6733852c88?s=96&d=mm&r=g","caption":"Alejandro Gabriel Rosito"},"url":"https:\/\/autofans.com.ar\/index.php\/author\/gabrielr\/"}]}},"featured_image_urls":{"full":["https:\/\/autofans.com.ar\/wp-content\/uploads\/2025\/04\/iveco-4-1.jpg",1000,667,false],"thumbnail":["https:\/\/autofans.com.ar\/wp-content\/uploads\/2025\/04\/iveco-4-1-150x150.jpg",150,150,true],"medium":["https:\/\/autofans.com.ar\/wp-content\/uploads\/2025\/04\/iveco-4-1-300x200.jpg",300,200,true],"medium_large":["https:\/\/autofans.com.ar\/wp-content\/uploads\/2025\/04\/iveco-4-1-768x512.jpg",640,427,true],"large":["https:\/\/autofans.com.ar\/wp-content\/uploads\/2025\/04\/iveco-4-1.jpg",640,427,false],"1536x1536":["https:\/\/autofans.com.ar\/wp-content\/uploads\/2025\/04\/iveco-4-1.jpg",1000,667,false],"2048x2048":["https:\/\/autofans.com.ar\/wp-content\/uploads\/2025\/04\/iveco-4-1.jpg",1000,667,false],"covernews-featured":["https:\/\/autofans.com.ar\/wp-content\/uploads\/2025\/04\/iveco-4-1.jpg",1000,667,false],"covernews-medium":["https:\/\/autofans.com.ar\/wp-content\/uploads\/2025\/04\/iveco-4-1-540x340.jpg",540,340,true]},"author_info":{"display_name":"Alejandro Gabriel Rosito","author_link":"https:\/\/autofans.com.ar\/index.php\/author\/gabrielr\/"},"category_info":"<a href=\"https:\/\/autofans.com.ar\/index.php\/category\/noticias\/bizstyle\/\" rel=\"category tag\">BIZSTYLE<\/a> <a href=\"https:\/\/autofans.com.ar\/index.php\/category\/noticias\/\" rel=\"category tag\">NOTICIAS<\/a>","tag_info":"NOTICIAS","comment_count":0,"_links":{"self":[{"href":"https:\/\/autofans.com.ar\/index.php\/wp-json\/wp\/v2\/posts\/12162","targetHints":{"allow":["GET"]}}],"collection":[{"href":"https:\/\/autofans.com.ar\/index.php\/wp-json\/wp\/v2\/posts"}],"about":[{"href":"https:\/\/autofans.com.ar\/index.php\/wp-json\/wp\/v2\/types\/post"}],"author":[{"embeddable":true,"href":"https:\/\/autofans.com.ar\/index.php\/wp-json\/wp\/v2\/users\/2"}],"replies":[{"embeddable":true,"href":"https:\/\/autofans.com.ar\/index.php\/wp-json\/wp\/v2\/comments?post=12162"}],"version-history":[{"count":3,"href":"https:\/\/autofans.com.ar\/index.php\/wp-json\/wp\/v2\/posts\/12162\/revisions"}],"predecessor-version":[{"id":12171,"href":"https:\/\/autofans.com.ar\/index.php\/wp-json\/wp\/v2\/posts\/12162\/revisions\/12171"}],"wp:featuredmedia":[{"embeddable":true,"href":"https:\/\/autofans.com.ar\/index.php\/wp-json\/wp\/v2\/media\/12166"}],"wp:attachment":[{"href":"https:\/\/autofans.com.ar\/index.php\/wp-json\/wp\/v2\/media?parent=12162"}],"wp:term":[{"taxonomy":"category","embeddable":true,"href":"https:\/\/autofans.com.ar\/index.php\/wp-json\/wp\/v2\/categories?post=12162"},{"taxonomy":"post_tag","embeddable":true,"href":"https:\/\/autofans.com.ar\/index.php\/wp-json\/wp\/v2\/tags?post=12162"}],"curies":[{"name":"wp","href":"https:\/\/api.w.org\/{rel}","templated":true}]}}