{"id":12271,"date":"2025-05-07T17:32:17","date_gmt":"2025-05-07T20:32:17","guid":{"rendered":"https:\/\/autofans.com.ar\/?p=12271"},"modified":"2025-05-07T17:32:17","modified_gmt":"2025-05-07T20:32:17","slug":"alpine-elige-a-franco-colapinto-debutara-en-la-f1-desde-imola-hasta-austria","status":"publish","type":"post","link":"https:\/\/autofans.com.ar\/index.php\/2025\/05\/07\/alpine-elige-a-franco-colapinto-debutara-en-la-f1-desde-imola-hasta-austria\/","title":{"rendered":"Alpine elige a Franco Colapinto, debutar\u00e1 en la F1 desde \u00cdmola hasta Austria"},"content":{"rendered":"<p class=\"ds-markdown-paragraph\">BWT Alpine F1 Team confirm\u00f3 que Franco Colapinto ser\u00e1 piloto titular junto a Pierre Gasly en las pr\u00f3ximas cinco carreras de la temporada. La decisi\u00f3n forma parte de una rotaci\u00f3n estrat\u00e9gica en el equipo, que evaluar\u00e1 su desempe\u00f1o antes del Gran Premio de Gran Breta\u00f1a (julio).<\/p>\n<p><span style=\"color: #ffffff;\">s<\/span><\/p>\n<blockquote>\n<p style=\"text-align: center;\"><strong>F<\/strong>lavio Briatore, Consejero Ejecutivo:<\/p>\n<p style=\"text-align: center;\">\u201cTras haber revisado las primeras carreras de la temporada, hemos decidido que Franco pilotee el coche junto a Pierre en las pr\u00f3ximas cinco carreras. Con una grilla tan igualada como este a\u00f1o, y un coche competitivo en el que el equipo ha estado trabajando para mejorar desde hace 12 meses, nos hemos visto obligados a rotar nuestra alineaci\u00f3n. Sabemos que el 2026 tambi\u00e9n ser\u00e1 una temporada importante para el equipo y tras haber realizado una justa valoraci\u00f3n sobre los pilotos consideramos que tomar esta decisi\u00f3n es la correcta para maximizar nuestras ambiciones el a\u00f1o que viene. \u00a0Seguimos apoyando a Jack en el equipo, quien hasta el momento ha actuado de una manera muy profesional como piloto. Las pr\u00f3ximas cinco carreras nos dar\u00e1n la oportunidad de probar algo diferente y pasado este tiempo volveremos a analizar nuestras opciones\u201d.<\/p>\n<\/blockquote>\n<p><span style=\"color: #ffffff;\">l<\/span><\/p>\n<h2>Franco Colapinto estrena dorsal en la F1<\/h2>\n<p class=\"ds-markdown-paragraph\">El argentino, actual piloto de prueba y reserva, tomar\u00e1 el volante del A524 con el dorsal 43 a partir del GP de Emilia-Romagna (19 de mayo). Tambi\u00e9n competir\u00e1 en M\u00f3naco, Espa\u00f1a, Canad\u00e1 y Austria, mientras Jack Doohan seguir\u00e1 como reserva principal.<\/p>\n<p class=\"ds-markdown-paragraph\">Esta ser\u00e1 la primera vez que Colapinto comparta equipo con Gasly, marcando un hito en su carrera y en el automovilismo argentino.<\/p>\n<p><span style=\"color: #ffffff;\">m<\/span><\/p>\n<p><img fetchpriority=\"high\" decoding=\"async\" class=\"aligncenter wp-image-12274 size-full\" src=\"https:\/\/autofans.com.ar\/wp-content\/uploads\/2025\/05\/cola-1.jpg\" alt=\"Alpine\" width=\"1000\" height=\"667\" srcset=\"https:\/\/autofans.com.ar\/wp-content\/uploads\/2025\/05\/cola-1.jpg 1000w, https:\/\/autofans.com.ar\/wp-content\/uploads\/2025\/05\/cola-1-300x200.jpg 300w, https:\/\/autofans.com.ar\/wp-content\/uploads\/2025\/05\/cola-1-768x512.jpg 768w\" sizes=\"(max-width: 1000px) 100vw, 1000px\" \/><\/p>\n<blockquote>\n<p style=\"text-align: center;\">Franco Colapinto:<\/p>\n<p style=\"text-align: center;\">\u201cEn primer lugar, quiero agradecer al equipo la oportunidad de competir en las pr\u00f3ximas cinco carreras. Voy a trabajar duro con el equipo para preparar la pr\u00f3xima carrera en \u00cdmola, y las tres fechas consecutivas que se vienen, lo que sin duda va a ser muy intenso y resultar\u00e1 un gran desaf\u00edo para todos. \u00a0Me he mantenido en forma, y con el apoyo del programa del equipo de pruebas, y el simulador de Enstone, estoy tan listo como puedo estarlo. Voy a procurar entrar en ritmo cuanto antes y darlo todo para lograr, junto a Pierre los mejores resultados posibles para el equipo.\u201d<\/p>\n<\/blockquote>\n<p><span style=\"color: #ffffff;\">a<\/span><\/p>\n<h2>\u00bfQu\u00e9 significa esto para Alpine y Colapinto?<\/h2>\n<p><span style=\"color: #ffffff;\">y<\/span><\/p>\n<p><img decoding=\"async\" class=\"aligncenter wp-image-12276 size-full\" src=\"https:\/\/autofans.com.ar\/wp-content\/uploads\/2025\/05\/cola-3.jpg\" alt=\"Alpine\" width=\"1000\" height=\"667\" srcset=\"https:\/\/autofans.com.ar\/wp-content\/uploads\/2025\/05\/cola-3.jpg 1000w, https:\/\/autofans.com.ar\/wp-content\/uploads\/2025\/05\/cola-3-300x200.jpg 300w, https:\/\/autofans.com.ar\/wp-content\/uploads\/2025\/05\/cola-3-768x512.jpg 768w\" sizes=\"(max-width: 1000px) 100vw, 1000px\" \/><\/p>\n<p><span style=\"color: #ffffff;\">t<\/span><\/p>\n<ul>\n<li>\n<p class=\"ds-markdown-paragraph\">Oportunidad clave: Alpine busca evaluar nuevas opciones en su alineaci\u00f3n, dando a <a href=\"https:\/\/autofans.com.ar\/index.php\/2025\/02\/19\/el-desafio-de-franco-colapinto-en-alpine-f1-adaptacion-y-futuro\/\" target=\"_blank\" rel=\"noopener\">Colapinto<\/a> la chance de demostrar su potencial.<\/p>\n<\/li>\n<li>\n<p class=\"ds-markdown-paragraph\">Calendario exigente: El argentino enfrentar\u00e1 circuitos emblem\u00e1ticos como M\u00f3naco y Montmel\u00f3, claves para su desarrollo.<\/p>\n<\/li>\n<li>\n<p class=\"ds-markdown-paragraph\">Futuro en juego: Su rendimiento definir\u00e1 si contin\u00faa como titular despu\u00e9s del GP de Austria.<\/p>\n<\/li>\n<\/ul>\n<p><span style=\"color: #ffffff;\">.-<\/span><\/p>\n<blockquote>\n<p style=\"text-align: center;\">Jack Doohan:<\/p>\n<p style=\"text-align: center;\">\u201cEstoy muy orgulloso de haber logrado una de las ambiciones de toda mi vida, ser piloto profesional de F\u00f3rmula Uno, y siempre estar\u00e9 agradecido al equipo por haberme ayudado a lograr este sue\u00f1o. \u00a0Obviamente, este \u00faltimo cap\u00edtulo ha sido duro, porque como piloto profesional, lo normal es competir. Dicho esto, agradezco al equipo su confianza y su compromiso. En el equipo tenemos objetivos que lograr a largo plazo, y voy a seguir aportando el m\u00e1ximo esfuerzo para ayudar a lograrlos. Por ahora, toca estar concentrado, seguir trabajando duro, y \u00a0apoyar estos pr\u00f3ximos cinco Grandes Premios, mientras sigo persiguiendo mis propios objetivos.\u201d<\/p>\n<\/blockquote>\n<p>&nbsp;<\/p>\n<p><span style=\"color: #ffffff;\">j<\/span><\/p>\n<p>&nbsp;<\/p>\n<p><i><span class=\"Apple-converted-space\">\u00a0<\/span>Para enterarte de m\u00e1s novedades, no dejes de leer\u00a0<\/i><a href=\"https:\/\/autofans.thebrandsoup.com\/\"><i>nuestras notas<\/i><\/a><i>, de ver\u00a0<\/i><a href=\"https:\/\/www.youtube.com\/channel\/UCgAC8UGHZYbT6P7PpmVnP7g\"><i>AUTOFANS TV<\/i><\/a><i>\u00a0en nuestro\u00a0canal de Youtube. Adem\u00e1s seguinos en\u00a0<\/i><a href=\"https:\/\/www.instagram.com\/autofanstv\/\"><i>INSTAGRAM<\/i><\/a><i> y <\/i><a href=\"https:\/\/www.facebook.com\/autofansmas\/\"><i>FACEBOOK<\/i><\/a><i> para no perderte nada sobre las novedades del segmento automotor de Argentina y el mundo.<\/i><\/p>\n","protected":false},"excerpt":{"rendered":"<p>BWT Alpine F1 Team confirm\u00f3 que Franco Colapinto ser\u00e1 piloto titular junto a Pierre Gasly&#8230;<\/p>\n","protected":false},"author":2,"featured_media":12273,"comment_status":"closed","ping_status":"closed","sticky":false,"template":"","format":"standard","meta":{"footnotes":""},"categories":[127,16],"tags":[6643,6644,6647,6642,6645,6646],"class_list":["post-12271","post","type-post","status-publish","format-standard","has-post-thumbnail","hentry","category-deporte","category-noticias","tag-alpine-f1-noticias","tag-debut-argentino-formula-1","tag-f1-2024-carreras","tag-franco-colapinto-f1","tag-gp-de-monaco-2024","tag-pilotos-alpine"],"yoast_head":"<!-- This site is optimized with the Yoast SEO plugin v27.5 - https:\/\/yoast.com\/product\/yoast-seo-wordpress\/ -->\n<title>Alpine elige a Franco Colapinto, debutar\u00e1 en la F1 desde \u00cdmola hasta Austria -<\/title>\n<meta name=\"description\" content=\"BWT Alpine F1 Team confirm\u00f3 que Franco Colapinto ser\u00e1 piloto titular junto a Pierre Gasly en las pr\u00f3ximas cinco carreras de la temporada...\" \/>\n<meta name=\"robots\" content=\"index, follow, max-snippet:-1, max-image-preview:large, max-video-preview:-1\" \/>\n<link rel=\"canonical\" href=\"https:\/\/autofans.com.ar\/index.php\/2025\/05\/07\/alpine-elige-a-franco-colapinto-debutara-en-la-f1-desde-imola-hasta-austria\/\" \/>\n<meta property=\"og:locale\" content=\"es_ES\" \/>\n<meta property=\"og:type\" content=\"article\" \/>\n<meta property=\"og:title\" content=\"Alpine elige a Franco Colapinto, debutar\u00e1 en la F1 desde \u00cdmola hasta Austria -\" \/>\n<meta property=\"og:description\" content=\"BWT Alpine F1 Team confirm\u00f3 que Franco Colapinto ser\u00e1 piloto titular junto a Pierre Gasly en las pr\u00f3ximas cinco carreras de la temporada...\" \/>\n<meta property=\"og:url\" content=\"https:\/\/autofans.com.ar\/index.php\/2025\/05\/07\/alpine-elige-a-franco-colapinto-debutara-en-la-f1-desde-imola-hasta-austria\/\" \/>\n<meta property=\"article:published_time\" content=\"2025-05-07T20:32:17+00:00\" \/>\n<meta property=\"og:image\" content=\"https:\/\/autofans.com.ar\/wp-content\/uploads\/2025\/05\/cola-2.jpg\" \/>\n\t<meta property=\"og:image:width\" content=\"1000\" \/>\n\t<meta property=\"og:image:height\" content=\"667\" \/>\n\t<meta property=\"og:image:type\" content=\"image\/jpeg\" \/>\n<meta name=\"author\" content=\"Alejandro Gabriel Rosito\" \/>\n<meta name=\"twitter:card\" content=\"summary_large_image\" \/>\n<meta name=\"twitter:label1\" content=\"Escrito por\" \/>\n\t<meta name=\"twitter:data1\" content=\"Alejandro Gabriel Rosito\" \/>\n\t<meta name=\"twitter:label2\" content=\"Tiempo de lectura\" \/>\n\t<meta name=\"twitter:data2\" content=\"2 minutos\" \/>\n<script type=\"application\/ld+json\" class=\"yoast-schema-graph\">{\"@context\":\"https:\\\/\\\/schema.org\",\"@graph\":[{\"@type\":\"Article\",\"@id\":\"https:\\\/\\\/autofans.com.ar\\\/index.php\\\/2025\\\/05\\\/07\\\/alpine-elige-a-franco-colapinto-debutara-en-la-f1-desde-imola-hasta-austria\\\/#article\",\"isPartOf\":{\"@id\":\"https:\\\/\\\/autofans.com.ar\\\/index.php\\\/2025\\\/05\\\/07\\\/alpine-elige-a-franco-colapinto-debutara-en-la-f1-desde-imola-hasta-austria\\\/\"},\"author\":{\"name\":\"Alejandro Gabriel Rosito\",\"@id\":\"https:\\\/\\\/autofans.com.ar\\\/#\\\/schema\\\/person\\\/4a8dda0b6df83ac3d6723e921274c2aa\"},\"headline\":\"Alpine elige a Franco Colapinto, debutar\u00e1 en la F1 desde \u00cdmola hasta Austria\",\"datePublished\":\"2025-05-07T20:32:17+00:00\",\"mainEntityOfPage\":{\"@id\":\"https:\\\/\\\/autofans.com.ar\\\/index.php\\\/2025\\\/05\\\/07\\\/alpine-elige-a-franco-colapinto-debutara-en-la-f1-desde-imola-hasta-austria\\\/\"},\"wordCount\":614,\"image\":{\"@id\":\"https:\\\/\\\/autofans.com.ar\\\/index.php\\\/2025\\\/05\\\/07\\\/alpine-elige-a-franco-colapinto-debutara-en-la-f1-desde-imola-hasta-austria\\\/#primaryimage\"},\"thumbnailUrl\":\"https:\\\/\\\/autofans.com.ar\\\/wp-content\\\/uploads\\\/2025\\\/05\\\/cola-2.jpg\",\"keywords\":[\"Alpine F1 noticias\",\"debut argentino F\u00f3rmula 1\",\"F1 2024 carreras\",\"Franco Colapinto F1\",\"GP de M\u00f3naco 2024\",\"pilotos Alpine\"],\"articleSection\":[\"DEPORTE MOTOR\",\"NOTICIAS\"],\"inLanguage\":\"es\"},{\"@type\":\"WebPage\",\"@id\":\"https:\\\/\\\/autofans.com.ar\\\/index.php\\\/2025\\\/05\\\/07\\\/alpine-elige-a-franco-colapinto-debutara-en-la-f1-desde-imola-hasta-austria\\\/\",\"url\":\"https:\\\/\\\/autofans.com.ar\\\/index.php\\\/2025\\\/05\\\/07\\\/alpine-elige-a-franco-colapinto-debutara-en-la-f1-desde-imola-hasta-austria\\\/\",\"name\":\"Alpine elige a Franco Colapinto, debutar\u00e1 en la F1 desde \u00cdmola hasta Austria -\",\"isPartOf\":{\"@id\":\"https:\\\/\\\/autofans.com.ar\\\/#website\"},\"primaryImageOfPage\":{\"@id\":\"https:\\\/\\\/autofans.com.ar\\\/index.php\\\/2025\\\/05\\\/07\\\/alpine-elige-a-franco-colapinto-debutara-en-la-f1-desde-imola-hasta-austria\\\/#primaryimage\"},\"image\":{\"@id\":\"https:\\\/\\\/autofans.com.ar\\\/index.php\\\/2025\\\/05\\\/07\\\/alpine-elige-a-franco-colapinto-debutara-en-la-f1-desde-imola-hasta-austria\\\/#primaryimage\"},\"thumbnailUrl\":\"https:\\\/\\\/autofans.com.ar\\\/wp-content\\\/uploads\\\/2025\\\/05\\\/cola-2.jpg\",\"datePublished\":\"2025-05-07T20:32:17+00:00\",\"author\":{\"@id\":\"https:\\\/\\\/autofans.com.ar\\\/#\\\/schema\\\/person\\\/4a8dda0b6df83ac3d6723e921274c2aa\"},\"description\":\"BWT Alpine F1 Team confirm\u00f3 que Franco Colapinto ser\u00e1 piloto titular junto a Pierre Gasly en las pr\u00f3ximas cinco carreras de la temporada...\",\"breadcrumb\":{\"@id\":\"https:\\\/\\\/autofans.com.ar\\\/index.php\\\/2025\\\/05\\\/07\\\/alpine-elige-a-franco-colapinto-debutara-en-la-f1-desde-imola-hasta-austria\\\/#breadcrumb\"},\"inLanguage\":\"es\",\"potentialAction\":[{\"@type\":\"ReadAction\",\"target\":[\"https:\\\/\\\/autofans.com.ar\\\/index.php\\\/2025\\\/05\\\/07\\\/alpine-elige-a-franco-colapinto-debutara-en-la-f1-desde-imola-hasta-austria\\\/\"]}]},{\"@type\":\"ImageObject\",\"inLanguage\":\"es\",\"@id\":\"https:\\\/\\\/autofans.com.ar\\\/index.php\\\/2025\\\/05\\\/07\\\/alpine-elige-a-franco-colapinto-debutara-en-la-f1-desde-imola-hasta-austria\\\/#primaryimage\",\"url\":\"https:\\\/\\\/autofans.com.ar\\\/wp-content\\\/uploads\\\/2025\\\/05\\\/cola-2.jpg\",\"contentUrl\":\"https:\\\/\\\/autofans.com.ar\\\/wp-content\\\/uploads\\\/2025\\\/05\\\/cola-2.jpg\",\"width\":1000,\"height\":667,\"caption\":\"Alpine\"},{\"@type\":\"BreadcrumbList\",\"@id\":\"https:\\\/\\\/autofans.com.ar\\\/index.php\\\/2025\\\/05\\\/07\\\/alpine-elige-a-franco-colapinto-debutara-en-la-f1-desde-imola-hasta-austria\\\/#breadcrumb\",\"itemListElement\":[{\"@type\":\"ListItem\",\"position\":1,\"name\":\"Inicio\",\"item\":\"https:\\\/\\\/autofans.com.ar\\\/\"},{\"@type\":\"ListItem\",\"position\":2,\"name\":\"Alpine elige a Franco Colapinto, debutar\u00e1 en la F1 desde \u00cdmola hasta Austria\"}]},{\"@type\":\"WebSite\",\"@id\":\"https:\\\/\\\/autofans.com.ar\\\/#website\",\"url\":\"https:\\\/\\\/autofans.com.ar\\\/\",\"name\":\"\",\"description\":\"El multimedio referente de la industria automotriz\",\"potentialAction\":[{\"@type\":\"SearchAction\",\"target\":{\"@type\":\"EntryPoint\",\"urlTemplate\":\"https:\\\/\\\/autofans.com.ar\\\/?s={search_term_string}\"},\"query-input\":{\"@type\":\"PropertyValueSpecification\",\"valueRequired\":true,\"valueName\":\"search_term_string\"}}],\"inLanguage\":\"es\"},{\"@type\":\"Person\",\"@id\":\"https:\\\/\\\/autofans.com.ar\\\/#\\\/schema\\\/person\\\/4a8dda0b6df83ac3d6723e921274c2aa\",\"name\":\"Alejandro Gabriel Rosito\",\"image\":{\"@type\":\"ImageObject\",\"inLanguage\":\"es\",\"@id\":\"https:\\\/\\\/secure.gravatar.com\\\/avatar\\\/16c5dda1489adfc62618084dcbb91cffd879c374b13fe5dd8e44ed6733852c88?s=96&d=mm&r=g\",\"url\":\"https:\\\/\\\/secure.gravatar.com\\\/avatar\\\/16c5dda1489adfc62618084dcbb91cffd879c374b13fe5dd8e44ed6733852c88?s=96&d=mm&r=g\",\"contentUrl\":\"https:\\\/\\\/secure.gravatar.com\\\/avatar\\\/16c5dda1489adfc62618084dcbb91cffd879c374b13fe5dd8e44ed6733852c88?s=96&d=mm&r=g\",\"caption\":\"Alejandro Gabriel Rosito\"},\"url\":\"https:\\\/\\\/autofans.com.ar\\\/index.php\\\/author\\\/gabrielr\\\/\"}]}<\/script>\n<!-- \/ Yoast SEO plugin. -->","yoast_head_json":{"title":"Alpine elige a Franco Colapinto, debutar\u00e1 en la F1 desde \u00cdmola hasta Austria -","description":"BWT Alpine F1 Team confirm\u00f3 que Franco Colapinto ser\u00e1 piloto titular junto a Pierre Gasly en las pr\u00f3ximas cinco carreras de la temporada...","robots":{"index":"index","follow":"follow","max-snippet":"max-snippet:-1","max-image-preview":"max-image-preview:large","max-video-preview":"max-video-preview:-1"},"canonical":"https:\/\/autofans.com.ar\/index.php\/2025\/05\/07\/alpine-elige-a-franco-colapinto-debutara-en-la-f1-desde-imola-hasta-austria\/","og_locale":"es_ES","og_type":"article","og_title":"Alpine elige a Franco Colapinto, debutar\u00e1 en la F1 desde \u00cdmola hasta Austria -","og_description":"BWT Alpine F1 Team confirm\u00f3 que Franco Colapinto ser\u00e1 piloto titular junto a Pierre Gasly en las pr\u00f3ximas cinco carreras de la temporada...","og_url":"https:\/\/autofans.com.ar\/index.php\/2025\/05\/07\/alpine-elige-a-franco-colapinto-debutara-en-la-f1-desde-imola-hasta-austria\/","article_published_time":"2025-05-07T20:32:17+00:00","og_image":[{"width":1000,"height":667,"url":"https:\/\/autofans.com.ar\/wp-content\/uploads\/2025\/05\/cola-2.jpg","type":"image\/jpeg"}],"author":"Alejandro Gabriel Rosito","twitter_card":"summary_large_image","twitter_misc":{"Escrito por":"Alejandro Gabriel Rosito","Tiempo de lectura":"2 minutos"},"schema":{"@context":"https:\/\/schema.org","@graph":[{"@type":"Article","@id":"https:\/\/autofans.com.ar\/index.php\/2025\/05\/07\/alpine-elige-a-franco-colapinto-debutara-en-la-f1-desde-imola-hasta-austria\/#article","isPartOf":{"@id":"https:\/\/autofans.com.ar\/index.php\/2025\/05\/07\/alpine-elige-a-franco-colapinto-debutara-en-la-f1-desde-imola-hasta-austria\/"},"author":{"name":"Alejandro Gabriel Rosito","@id":"https:\/\/autofans.com.ar\/#\/schema\/person\/4a8dda0b6df83ac3d6723e921274c2aa"},"headline":"Alpine elige a Franco Colapinto, debutar\u00e1 en la F1 desde \u00cdmola hasta Austria","datePublished":"2025-05-07T20:32:17+00:00","mainEntityOfPage":{"@id":"https:\/\/autofans.com.ar\/index.php\/2025\/05\/07\/alpine-elige-a-franco-colapinto-debutara-en-la-f1-desde-imola-hasta-austria\/"},"wordCount":614,"image":{"@id":"https:\/\/autofans.com.ar\/index.php\/2025\/05\/07\/alpine-elige-a-franco-colapinto-debutara-en-la-f1-desde-imola-hasta-austria\/#primaryimage"},"thumbnailUrl":"https:\/\/autofans.com.ar\/wp-content\/uploads\/2025\/05\/cola-2.jpg","keywords":["Alpine F1 noticias","debut argentino F\u00f3rmula 1","F1 2024 carreras","Franco Colapinto F1","GP de M\u00f3naco 2024","pilotos Alpine"],"articleSection":["DEPORTE MOTOR","NOTICIAS"],"inLanguage":"es"},{"@type":"WebPage","@id":"https:\/\/autofans.com.ar\/index.php\/2025\/05\/07\/alpine-elige-a-franco-colapinto-debutara-en-la-f1-desde-imola-hasta-austria\/","url":"https:\/\/autofans.com.ar\/index.php\/2025\/05\/07\/alpine-elige-a-franco-colapinto-debutara-en-la-f1-desde-imola-hasta-austria\/","name":"Alpine elige a Franco Colapinto, debutar\u00e1 en la F1 desde \u00cdmola hasta Austria -","isPartOf":{"@id":"https:\/\/autofans.com.ar\/#website"},"primaryImageOfPage":{"@id":"https:\/\/autofans.com.ar\/index.php\/2025\/05\/07\/alpine-elige-a-franco-colapinto-debutara-en-la-f1-desde-imola-hasta-austria\/#primaryimage"},"image":{"@id":"https:\/\/autofans.com.ar\/index.php\/2025\/05\/07\/alpine-elige-a-franco-colapinto-debutara-en-la-f1-desde-imola-hasta-austria\/#primaryimage"},"thumbnailUrl":"https:\/\/autofans.com.ar\/wp-content\/uploads\/2025\/05\/cola-2.jpg","datePublished":"2025-05-07T20:32:17+00:00","author":{"@id":"https:\/\/autofans.com.ar\/#\/schema\/person\/4a8dda0b6df83ac3d6723e921274c2aa"},"description":"BWT Alpine F1 Team confirm\u00f3 que Franco Colapinto ser\u00e1 piloto titular junto a Pierre Gasly en las pr\u00f3ximas cinco carreras de la temporada...","breadcrumb":{"@id":"https:\/\/autofans.com.ar\/index.php\/2025\/05\/07\/alpine-elige-a-franco-colapinto-debutara-en-la-f1-desde-imola-hasta-austria\/#breadcrumb"},"inLanguage":"es","potentialAction":[{"@type":"ReadAction","target":["https:\/\/autofans.com.ar\/index.php\/2025\/05\/07\/alpine-elige-a-franco-colapinto-debutara-en-la-f1-desde-imola-hasta-austria\/"]}]},{"@type":"ImageObject","inLanguage":"es","@id":"https:\/\/autofans.com.ar\/index.php\/2025\/05\/07\/alpine-elige-a-franco-colapinto-debutara-en-la-f1-desde-imola-hasta-austria\/#primaryimage","url":"https:\/\/autofans.com.ar\/wp-content\/uploads\/2025\/05\/cola-2.jpg","contentUrl":"https:\/\/autofans.com.ar\/wp-content\/uploads\/2025\/05\/cola-2.jpg","width":1000,"height":667,"caption":"Alpine"},{"@type":"BreadcrumbList","@id":"https:\/\/autofans.com.ar\/index.php\/2025\/05\/07\/alpine-elige-a-franco-colapinto-debutara-en-la-f1-desde-imola-hasta-austria\/#breadcrumb","itemListElement":[{"@type":"ListItem","position":1,"name":"Inicio","item":"https:\/\/autofans.com.ar\/"},{"@type":"ListItem","position":2,"name":"Alpine elige a Franco Colapinto, debutar\u00e1 en la F1 desde \u00cdmola hasta Austria"}]},{"@type":"WebSite","@id":"https:\/\/autofans.com.ar\/#website","url":"https:\/\/autofans.com.ar\/","name":"","description":"El multimedio referente de la industria automotriz","potentialAction":[{"@type":"SearchAction","target":{"@type":"EntryPoint","urlTemplate":"https:\/\/autofans.com.ar\/?s={search_term_string}"},"query-input":{"@type":"PropertyValueSpecification","valueRequired":true,"valueName":"search_term_string"}}],"inLanguage":"es"},{"@type":"Person","@id":"https:\/\/autofans.com.ar\/#\/schema\/person\/4a8dda0b6df83ac3d6723e921274c2aa","name":"Alejandro Gabriel Rosito","image":{"@type":"ImageObject","inLanguage":"es","@id":"https:\/\/secure.gravatar.com\/avatar\/16c5dda1489adfc62618084dcbb91cffd879c374b13fe5dd8e44ed6733852c88?s=96&d=mm&r=g","url":"https:\/\/secure.gravatar.com\/avatar\/16c5dda1489adfc62618084dcbb91cffd879c374b13fe5dd8e44ed6733852c88?s=96&d=mm&r=g","contentUrl":"https:\/\/secure.gravatar.com\/avatar\/16c5dda1489adfc62618084dcbb91cffd879c374b13fe5dd8e44ed6733852c88?s=96&d=mm&r=g","caption":"Alejandro Gabriel Rosito"},"url":"https:\/\/autofans.com.ar\/index.php\/author\/gabrielr\/"}]}},"featured_image_urls":{"full":["https:\/\/autofans.com.ar\/wp-content\/uploads\/2025\/05\/cola-2.jpg",1000,667,false],"thumbnail":["https:\/\/autofans.com.ar\/wp-content\/uploads\/2025\/05\/cola-2-150x150.jpg",150,150,true],"medium":["https:\/\/autofans.com.ar\/wp-content\/uploads\/2025\/05\/cola-2-300x200.jpg",300,200,true],"medium_large":["https:\/\/autofans.com.ar\/wp-content\/uploads\/2025\/05\/cola-2-768x512.jpg",640,427,true],"large":["https:\/\/autofans.com.ar\/wp-content\/uploads\/2025\/05\/cola-2.jpg",640,427,false],"1536x1536":["https:\/\/autofans.com.ar\/wp-content\/uploads\/2025\/05\/cola-2.jpg",1000,667,false],"2048x2048":["https:\/\/autofans.com.ar\/wp-content\/uploads\/2025\/05\/cola-2.jpg",1000,667,false],"covernews-featured":["https:\/\/autofans.com.ar\/wp-content\/uploads\/2025\/05\/cola-2.jpg",1000,667,false],"covernews-medium":["https:\/\/autofans.com.ar\/wp-content\/uploads\/2025\/05\/cola-2-540x340.jpg",540,340,true]},"author_info":{"display_name":"Alejandro Gabriel Rosito","author_link":"https:\/\/autofans.com.ar\/index.php\/author\/gabrielr\/"},"category_info":"<a href=\"https:\/\/autofans.com.ar\/index.php\/category\/noticias\/deporte\/\" rel=\"category tag\">DEPORTE MOTOR<\/a> <a href=\"https:\/\/autofans.com.ar\/index.php\/category\/noticias\/\" rel=\"category tag\">NOTICIAS<\/a>","tag_info":"NOTICIAS","comment_count":0,"_links":{"self":[{"href":"https:\/\/autofans.com.ar\/index.php\/wp-json\/wp\/v2\/posts\/12271","targetHints":{"allow":["GET"]}}],"collection":[{"href":"https:\/\/autofans.com.ar\/index.php\/wp-json\/wp\/v2\/posts"}],"about":[{"href":"https:\/\/autofans.com.ar\/index.php\/wp-json\/wp\/v2\/types\/post"}],"author":[{"embeddable":true,"href":"https:\/\/autofans.com.ar\/index.php\/wp-json\/wp\/v2\/users\/2"}],"replies":[{"embeddable":true,"href":"https:\/\/autofans.com.ar\/index.php\/wp-json\/wp\/v2\/comments?post=12271"}],"version-history":[{"count":3,"href":"https:\/\/autofans.com.ar\/index.php\/wp-json\/wp\/v2\/posts\/12271\/revisions"}],"predecessor-version":[{"id":12277,"href":"https:\/\/autofans.com.ar\/index.php\/wp-json\/wp\/v2\/posts\/12271\/revisions\/12277"}],"wp:featuredmedia":[{"embeddable":true,"href":"https:\/\/autofans.com.ar\/index.php\/wp-json\/wp\/v2\/media\/12273"}],"wp:attachment":[{"href":"https:\/\/autofans.com.ar\/index.php\/wp-json\/wp\/v2\/media?parent=12271"}],"wp:term":[{"taxonomy":"category","embeddable":true,"href":"https:\/\/autofans.com.ar\/index.php\/wp-json\/wp\/v2\/categories?post=12271"},{"taxonomy":"post_tag","embeddable":true,"href":"https:\/\/autofans.com.ar\/index.php\/wp-json\/wp\/v2\/tags?post=12271"}],"curies":[{"name":"wp","href":"https:\/\/api.w.org\/{rel}","templated":true}]}}