{"id":12388,"date":"2025-05-13T14:53:05","date_gmt":"2025-05-13T17:53:05","guid":{"rendered":"https:\/\/autofans.com.ar\/?p=12388"},"modified":"2025-05-13T14:54:22","modified_gmt":"2025-05-13T17:54:22","slug":"mercedes-benz-revoluciona-el-campo-con-su-atego-4x4-taller-movil-para-la-zafra","status":"publish","type":"post","link":"https:\/\/autofans.com.ar\/index.php\/2025\/05\/13\/mercedes-benz-revoluciona-el-campo-con-su-atego-4x4-taller-movil-para-la-zafra\/","title":{"rendered":"Mercedes-Benz revoluciona el campo con su Atego 4&#215;4 Taller M\u00f3vil para la zafra"},"content":{"rendered":"<p class=\"ds-markdown-paragraph\">Mercedes-Benz nos presenta un veh\u00edculo \u00fanico equipado como taller itinerante que reduce costos y aumenta la productividad en el NOA. Con mantenimiento in situ y capacitaci\u00f3n especializada.<\/p>\n<p><span style=\"color: #ffffff;\">e<\/span><\/p>\n<h2>El Atego 4&#215;4 Taller M\u00f3vil &#8211; innovaci\u00f3n sobre ruedas<\/h2>\n<p><span style=\"color: #ffffff;\">;<\/span><\/p>\n<p class=\"ds-markdown-paragraph\">Mercedes-Benz lanz\u00f3 una soluci\u00f3n revolucionaria para la industria azucarera y minera del NOA: el Atego 4&#215;4 Taller M\u00f3vil. Se trata de un cami\u00f3n equipado con carrocer\u00eda t\u00e9rmica y sistemas de comando remoto que permite realizar reparaciones y mantenimiento directamente en el campo, evitando traslados y minimizando tiempos de inactividad.<\/p>\n<p class=\"ds-markdown-paragraph\">Desarrollado en conjunto con el concesionario oficial Rolcar, este servicio forma parte del programa Total Service de la marca, dise\u00f1ado para responder a las demandas espec\u00edficas de sectores productivos clave.<\/p>\n<p><span style=\"color: #ffffff;\">i<\/span><\/p>\n<blockquote>\n<p style=\"text-align: center;\">\u201cEl Atego 4&#215;4 Taller M\u00f3vil no solo representa una innovaci\u00f3n para la industria, sino que tambi\u00e9n refleja nuestro compromiso con el desarrollo de la econom\u00eda regional. Nuestro norte es acompa\u00f1ar a los clientes con soluciones que generen impacto real en sus operaciones\u201d, concluy\u00f3 Paula D\u00edaz.<\/p>\n<\/blockquote>\n<p><span style=\"color: #ffffff;\">p<\/span><\/p>\n<h2>C\u00f3mo funciona el servicio in situ<\/h2>\n<p>&nbsp;<\/p>\n<p><img fetchpriority=\"high\" decoding=\"async\" class=\"aligncenter wp-image-12390 size-full\" src=\"https:\/\/autofans.com.ar\/wp-content\/uploads\/2025\/05\/mercedes-2.jpg\" alt=\"Mercedes-Benz\" width=\"1000\" height=\"667\" srcset=\"https:\/\/autofans.com.ar\/wp-content\/uploads\/2025\/05\/mercedes-2.jpg 1000w, https:\/\/autofans.com.ar\/wp-content\/uploads\/2025\/05\/mercedes-2-300x200.jpg 300w, https:\/\/autofans.com.ar\/wp-content\/uploads\/2025\/05\/mercedes-2-768x512.jpg 768w\" sizes=\"(max-width: 1000px) 100vw, 1000px\" \/><\/p>\n<p>&nbsp;<\/p>\n<p class=\"ds-markdown-paragraph\">El taller m\u00f3vil ofrece:<\/p>\n<ul>\n<li class=\"ds-markdown-paragraph\">\u00a0Mantenimiento preventivo y correctivo en el lugar de trabajo<\/li>\n<li class=\"ds-markdown-paragraph\">\u00a0Ahorro de costos al eliminar traslados de veh\u00edculos<\/li>\n<li class=\"ds-markdown-paragraph\">\u00a0Capacitaci\u00f3n t\u00e9cnica para conductores y mec\u00e1nicos<\/li>\n<li class=\"ds-markdown-paragraph\">\u00a0Respuesta r\u00e1pida ante fallas, con asistencia 24\/7<\/li>\n<\/ul>\n<p><span style=\"color: #ffffff;\">f<\/span><\/p>\n<blockquote>\n<p class=\"ds-markdown-paragraph\" style=\"text-align: center;\">\u00abNuestro compromiso es estar siempre cerca de los clientes, con soluciones que potencien la eficiencia\u00bb, explica Paula D\u00edaz, Gerenta de Servicios al Cliente de Mercedes-Benz Camiones y Buses.<\/p>\n<\/blockquote>\n<p><span style=\"color: #ffffff;\">w<\/span><\/p>\n<h2>Mercedes-Benz &#8211; impacto en la industria azucarera<\/h2>\n<p>&nbsp;<\/p>\n<p><img decoding=\"async\" class=\"aligncenter wp-image-12391 size-full\" src=\"https:\/\/autofans.com.ar\/wp-content\/uploads\/2025\/05\/mercedes-1.jpg\" alt=\"Mercedes-Benz\" width=\"1000\" height=\"667\" srcset=\"https:\/\/autofans.com.ar\/wp-content\/uploads\/2025\/05\/mercedes-1.jpg 1000w, https:\/\/autofans.com.ar\/wp-content\/uploads\/2025\/05\/mercedes-1-300x200.jpg 300w, https:\/\/autofans.com.ar\/wp-content\/uploads\/2025\/05\/mercedes-1-768x512.jpg 768w\" sizes=\"(max-width: 1000px) 100vw, 1000px\" \/><\/p>\n<p><span style=\"color: #ffffff;\">[<\/span><\/p>\n<p class=\"ds-markdown-paragraph\">Con una producci\u00f3n de 22-24 millones de toneladas de ca\u00f1a anuales en el NOA, la zafra requiere flotas operativas las 24 horas. El Atego 4&#215;4 Taller M\u00f3vil garantiza:<\/p>\n<ul>\n<li class=\"ds-markdown-paragraph\">\u00a0Continuidad operativa en caminos dif\u00edciles<\/li>\n<li class=\"ds-markdown-paragraph\">\u00a0Reducci\u00f3n de paradas t\u00e9cnicas<\/li>\n<li class=\"ds-markdown-paragraph\">\u00a0Optimizaci\u00f3n de recursos log\u00edsticos<\/li>\n<\/ul>\n<p>&nbsp;<\/p>\n<p class=\"ds-markdown-paragraph\">Con m\u00e1s de 70 contratos de mantenimiento en la regi\u00f3n y 45 puntos de servicio en todo el pa\u00eds, la marca consolida su liderazgo con:<\/p>\n<ul>\n<li>\n<p class=\"ds-markdown-paragraph\">Productos de alta resistencia<\/p>\n<\/li>\n<li>\n<p class=\"ds-markdown-paragraph\">Financiamiento a medida<\/p>\n<\/li>\n<li>\n<p class=\"ds-markdown-paragraph\">Soporte postventa integral<\/p>\n<\/li>\n<\/ul>\n<p><span style=\"color: #ffffff;\">l<\/span><\/p>\n<blockquote>\n<p class=\"ds-markdown-paragraph\" style=\"text-align: center;\">\u00abEsta soluci\u00f3n permite mantener la operaci\u00f3n casi sin interrupciones\u00bb, destaca Marcos Navarro, Gerente Regional de Rolcar.<\/p>\n<\/blockquote>\n<p><span style=\"color: #ffffff;\">a<\/span><\/p>\n<p><span style=\"color: #ffffff;\">t<\/span><\/p>\n<p><span style=\"color: #ffffff;\">b<\/span><\/p>\n<p><span style=\"color: #ffffff;\">g<\/span><\/p>\n<p><i>Para enterarte de m\u00e1s novedades, no dejes de leer\u00a0<\/i><a href=\"https:\/\/autofans.thebrandsoup.com\/\"><i>nuestras notas<\/i><\/a><i>, de ver\u00a0<\/i><a href=\"https:\/\/www.youtube.com\/channel\/UCgAC8UGHZYbT6P7PpmVnP7g\"><i>AUTOFANS TV<\/i><\/a><i>\u00a0en nuestro\u00a0canal de Youtube. Adem\u00e1s seguinos en\u00a0<\/i><a href=\"https:\/\/www.instagram.com\/autofanstv\/\"><i>INSTAGRAM<\/i><\/a><i> y <\/i><a href=\"https:\/\/www.facebook.com\/autofansmas\/\"><i>FACEBOOK<\/i><\/a><i> para no perderte nada sobre las novedades del segmento automotor de Argentina y el mundo.<\/i><\/p>\n","protected":false},"excerpt":{"rendered":"<p>Mercedes-Benz nos presenta un veh\u00edculo \u00fanico equipado como taller itinerante que reduce costos y aumenta&#8230;<\/p>\n","protected":false},"author":2,"featured_media":12389,"comment_status":"closed","ping_status":"closed","sticky":false,"template":"","format":"standard","meta":{"footnotes":""},"categories":[292,1],"tags":[6680,657,4272,6683,364,6682,6684,3606,4422,6681],"class_list":["post-12388","post","type-post","status-publish","format-standard","has-post-thumbnail","hentry","category-empresas","category-lanzamientos","tag-atego-4x4-taller-movil","tag-camiones","tag-industria-minera","tag-mantenimiento-in-situ","tag-mercedes-benz","tag-noa","tag-rolcar","tag-total-service","tag-transporte-pesado","tag-zafra-azucarera"],"yoast_head":"<!-- This site is optimized with the Yoast SEO plugin v27.5 - https:\/\/yoast.com\/product\/yoast-seo-wordpress\/ -->\n<title>Mercedes-Benz revoluciona el campo con su Atego 4x4 Taller M\u00f3vil para la zafra -<\/title>\n<meta name=\"description\" content=\"Mercedes-Benz nos presenta un veh\u00edculo \u00fanico equipado como taller itinerante que reduce costos y aumenta la productividad en el NOA...\" \/>\n<meta name=\"robots\" content=\"index, follow, max-snippet:-1, max-image-preview:large, max-video-preview:-1\" \/>\n<link rel=\"canonical\" href=\"https:\/\/autofans.com.ar\/index.php\/2025\/05\/13\/mercedes-benz-revoluciona-el-campo-con-su-atego-4x4-taller-movil-para-la-zafra\/\" \/>\n<meta property=\"og:locale\" content=\"es_ES\" \/>\n<meta property=\"og:type\" content=\"article\" \/>\n<meta property=\"og:title\" content=\"Mercedes-Benz revoluciona el campo con su Atego 4x4 Taller M\u00f3vil para la zafra -\" \/>\n<meta property=\"og:description\" content=\"Mercedes-Benz nos presenta un veh\u00edculo \u00fanico equipado como taller itinerante que reduce costos y aumenta la productividad en el NOA...\" \/>\n<meta property=\"og:url\" content=\"https:\/\/autofans.com.ar\/index.php\/2025\/05\/13\/mercedes-benz-revoluciona-el-campo-con-su-atego-4x4-taller-movil-para-la-zafra\/\" \/>\n<meta property=\"article:published_time\" content=\"2025-05-13T17:53:05+00:00\" \/>\n<meta property=\"article:modified_time\" content=\"2025-05-13T17:54:22+00:00\" \/>\n<meta property=\"og:image\" content=\"https:\/\/autofans.com.ar\/wp-content\/uploads\/2025\/05\/mercedes-3.jpg\" \/>\n\t<meta property=\"og:image:width\" content=\"1000\" \/>\n\t<meta property=\"og:image:height\" content=\"667\" \/>\n\t<meta property=\"og:image:type\" content=\"image\/jpeg\" \/>\n<meta name=\"author\" content=\"Alejandro Gabriel Rosito\" \/>\n<meta name=\"twitter:card\" content=\"summary_large_image\" \/>\n<meta name=\"twitter:label1\" content=\"Escrito por\" \/>\n\t<meta name=\"twitter:data1\" content=\"Alejandro Gabriel Rosito\" \/>\n\t<meta name=\"twitter:label2\" content=\"Tiempo de lectura\" \/>\n\t<meta name=\"twitter:data2\" content=\"2 minutos\" \/>\n<script type=\"application\/ld+json\" class=\"yoast-schema-graph\">{\"@context\":\"https:\\\/\\\/schema.org\",\"@graph\":[{\"@type\":\"Article\",\"@id\":\"https:\\\/\\\/autofans.com.ar\\\/index.php\\\/2025\\\/05\\\/13\\\/mercedes-benz-revoluciona-el-campo-con-su-atego-4x4-taller-movil-para-la-zafra\\\/#article\",\"isPartOf\":{\"@id\":\"https:\\\/\\\/autofans.com.ar\\\/index.php\\\/2025\\\/05\\\/13\\\/mercedes-benz-revoluciona-el-campo-con-su-atego-4x4-taller-movil-para-la-zafra\\\/\"},\"author\":{\"name\":\"Alejandro Gabriel Rosito\",\"@id\":\"https:\\\/\\\/autofans.com.ar\\\/#\\\/schema\\\/person\\\/4a8dda0b6df83ac3d6723e921274c2aa\"},\"headline\":\"Mercedes-Benz revoluciona el campo con su Atego 4&#215;4 Taller M\u00f3vil para la zafra\",\"datePublished\":\"2025-05-13T17:53:05+00:00\",\"dateModified\":\"2025-05-13T17:54:22+00:00\",\"mainEntityOfPage\":{\"@id\":\"https:\\\/\\\/autofans.com.ar\\\/index.php\\\/2025\\\/05\\\/13\\\/mercedes-benz-revoluciona-el-campo-con-su-atego-4x4-taller-movil-para-la-zafra\\\/\"},\"wordCount\":432,\"image\":{\"@id\":\"https:\\\/\\\/autofans.com.ar\\\/index.php\\\/2025\\\/05\\\/13\\\/mercedes-benz-revoluciona-el-campo-con-su-atego-4x4-taller-movil-para-la-zafra\\\/#primaryimage\"},\"thumbnailUrl\":\"https:\\\/\\\/autofans.com.ar\\\/wp-content\\\/uploads\\\/2025\\\/05\\\/mercedes-3.jpg\",\"keywords\":[\"Atego 4x4 Taller M\u00f3vil\",\"camiones\",\"industria minera\",\"mantenimiento in situ\",\"Mercedes-Benz\",\"NOA\",\"Rolcar\",\"Total Service\",\"transporte pesado\",\"zafra azucarera\"],\"articleSection\":[\"EMPRESAS\",\"LANZAMIENTOS\"],\"inLanguage\":\"es\"},{\"@type\":\"WebPage\",\"@id\":\"https:\\\/\\\/autofans.com.ar\\\/index.php\\\/2025\\\/05\\\/13\\\/mercedes-benz-revoluciona-el-campo-con-su-atego-4x4-taller-movil-para-la-zafra\\\/\",\"url\":\"https:\\\/\\\/autofans.com.ar\\\/index.php\\\/2025\\\/05\\\/13\\\/mercedes-benz-revoluciona-el-campo-con-su-atego-4x4-taller-movil-para-la-zafra\\\/\",\"name\":\"Mercedes-Benz revoluciona el campo con su Atego 4x4 Taller M\u00f3vil para la zafra -\",\"isPartOf\":{\"@id\":\"https:\\\/\\\/autofans.com.ar\\\/#website\"},\"primaryImageOfPage\":{\"@id\":\"https:\\\/\\\/autofans.com.ar\\\/index.php\\\/2025\\\/05\\\/13\\\/mercedes-benz-revoluciona-el-campo-con-su-atego-4x4-taller-movil-para-la-zafra\\\/#primaryimage\"},\"image\":{\"@id\":\"https:\\\/\\\/autofans.com.ar\\\/index.php\\\/2025\\\/05\\\/13\\\/mercedes-benz-revoluciona-el-campo-con-su-atego-4x4-taller-movil-para-la-zafra\\\/#primaryimage\"},\"thumbnailUrl\":\"https:\\\/\\\/autofans.com.ar\\\/wp-content\\\/uploads\\\/2025\\\/05\\\/mercedes-3.jpg\",\"datePublished\":\"2025-05-13T17:53:05+00:00\",\"dateModified\":\"2025-05-13T17:54:22+00:00\",\"author\":{\"@id\":\"https:\\\/\\\/autofans.com.ar\\\/#\\\/schema\\\/person\\\/4a8dda0b6df83ac3d6723e921274c2aa\"},\"description\":\"Mercedes-Benz nos presenta un veh\u00edculo \u00fanico equipado como taller itinerante que reduce costos y aumenta la productividad en el NOA...\",\"breadcrumb\":{\"@id\":\"https:\\\/\\\/autofans.com.ar\\\/index.php\\\/2025\\\/05\\\/13\\\/mercedes-benz-revoluciona-el-campo-con-su-atego-4x4-taller-movil-para-la-zafra\\\/#breadcrumb\"},\"inLanguage\":\"es\",\"potentialAction\":[{\"@type\":\"ReadAction\",\"target\":[\"https:\\\/\\\/autofans.com.ar\\\/index.php\\\/2025\\\/05\\\/13\\\/mercedes-benz-revoluciona-el-campo-con-su-atego-4x4-taller-movil-para-la-zafra\\\/\"]}]},{\"@type\":\"ImageObject\",\"inLanguage\":\"es\",\"@id\":\"https:\\\/\\\/autofans.com.ar\\\/index.php\\\/2025\\\/05\\\/13\\\/mercedes-benz-revoluciona-el-campo-con-su-atego-4x4-taller-movil-para-la-zafra\\\/#primaryimage\",\"url\":\"https:\\\/\\\/autofans.com.ar\\\/wp-content\\\/uploads\\\/2025\\\/05\\\/mercedes-3.jpg\",\"contentUrl\":\"https:\\\/\\\/autofans.com.ar\\\/wp-content\\\/uploads\\\/2025\\\/05\\\/mercedes-3.jpg\",\"width\":1000,\"height\":667,\"caption\":\"Mercedes-Benz\"},{\"@type\":\"BreadcrumbList\",\"@id\":\"https:\\\/\\\/autofans.com.ar\\\/index.php\\\/2025\\\/05\\\/13\\\/mercedes-benz-revoluciona-el-campo-con-su-atego-4x4-taller-movil-para-la-zafra\\\/#breadcrumb\",\"itemListElement\":[{\"@type\":\"ListItem\",\"position\":1,\"name\":\"Inicio\",\"item\":\"https:\\\/\\\/autofans.com.ar\\\/\"},{\"@type\":\"ListItem\",\"position\":2,\"name\":\"Mercedes-Benz revoluciona el campo con su Atego 4&#215;4 Taller M\u00f3vil para la zafra\"}]},{\"@type\":\"WebSite\",\"@id\":\"https:\\\/\\\/autofans.com.ar\\\/#website\",\"url\":\"https:\\\/\\\/autofans.com.ar\\\/\",\"name\":\"\",\"description\":\"El multimedio referente de la industria automotriz\",\"potentialAction\":[{\"@type\":\"SearchAction\",\"target\":{\"@type\":\"EntryPoint\",\"urlTemplate\":\"https:\\\/\\\/autofans.com.ar\\\/?s={search_term_string}\"},\"query-input\":{\"@type\":\"PropertyValueSpecification\",\"valueRequired\":true,\"valueName\":\"search_term_string\"}}],\"inLanguage\":\"es\"},{\"@type\":\"Person\",\"@id\":\"https:\\\/\\\/autofans.com.ar\\\/#\\\/schema\\\/person\\\/4a8dda0b6df83ac3d6723e921274c2aa\",\"name\":\"Alejandro Gabriel Rosito\",\"image\":{\"@type\":\"ImageObject\",\"inLanguage\":\"es\",\"@id\":\"https:\\\/\\\/secure.gravatar.com\\\/avatar\\\/16c5dda1489adfc62618084dcbb91cffd879c374b13fe5dd8e44ed6733852c88?s=96&d=mm&r=g\",\"url\":\"https:\\\/\\\/secure.gravatar.com\\\/avatar\\\/16c5dda1489adfc62618084dcbb91cffd879c374b13fe5dd8e44ed6733852c88?s=96&d=mm&r=g\",\"contentUrl\":\"https:\\\/\\\/secure.gravatar.com\\\/avatar\\\/16c5dda1489adfc62618084dcbb91cffd879c374b13fe5dd8e44ed6733852c88?s=96&d=mm&r=g\",\"caption\":\"Alejandro Gabriel Rosito\"},\"url\":\"https:\\\/\\\/autofans.com.ar\\\/index.php\\\/author\\\/gabrielr\\\/\"}]}<\/script>\n<!-- \/ Yoast SEO plugin. -->","yoast_head_json":{"title":"Mercedes-Benz revoluciona el campo con su Atego 4x4 Taller M\u00f3vil para la zafra -","description":"Mercedes-Benz nos presenta un veh\u00edculo \u00fanico equipado como taller itinerante que reduce costos y aumenta la productividad en el NOA...","robots":{"index":"index","follow":"follow","max-snippet":"max-snippet:-1","max-image-preview":"max-image-preview:large","max-video-preview":"max-video-preview:-1"},"canonical":"https:\/\/autofans.com.ar\/index.php\/2025\/05\/13\/mercedes-benz-revoluciona-el-campo-con-su-atego-4x4-taller-movil-para-la-zafra\/","og_locale":"es_ES","og_type":"article","og_title":"Mercedes-Benz revoluciona el campo con su Atego 4x4 Taller M\u00f3vil para la zafra -","og_description":"Mercedes-Benz nos presenta un veh\u00edculo \u00fanico equipado como taller itinerante que reduce costos y aumenta la productividad en el NOA...","og_url":"https:\/\/autofans.com.ar\/index.php\/2025\/05\/13\/mercedes-benz-revoluciona-el-campo-con-su-atego-4x4-taller-movil-para-la-zafra\/","article_published_time":"2025-05-13T17:53:05+00:00","article_modified_time":"2025-05-13T17:54:22+00:00","og_image":[{"width":1000,"height":667,"url":"https:\/\/autofans.com.ar\/wp-content\/uploads\/2025\/05\/mercedes-3.jpg","type":"image\/jpeg"}],"author":"Alejandro Gabriel Rosito","twitter_card":"summary_large_image","twitter_misc":{"Escrito por":"Alejandro Gabriel Rosito","Tiempo de lectura":"2 minutos"},"schema":{"@context":"https:\/\/schema.org","@graph":[{"@type":"Article","@id":"https:\/\/autofans.com.ar\/index.php\/2025\/05\/13\/mercedes-benz-revoluciona-el-campo-con-su-atego-4x4-taller-movil-para-la-zafra\/#article","isPartOf":{"@id":"https:\/\/autofans.com.ar\/index.php\/2025\/05\/13\/mercedes-benz-revoluciona-el-campo-con-su-atego-4x4-taller-movil-para-la-zafra\/"},"author":{"name":"Alejandro Gabriel Rosito","@id":"https:\/\/autofans.com.ar\/#\/schema\/person\/4a8dda0b6df83ac3d6723e921274c2aa"},"headline":"Mercedes-Benz revoluciona el campo con su Atego 4&#215;4 Taller M\u00f3vil para la zafra","datePublished":"2025-05-13T17:53:05+00:00","dateModified":"2025-05-13T17:54:22+00:00","mainEntityOfPage":{"@id":"https:\/\/autofans.com.ar\/index.php\/2025\/05\/13\/mercedes-benz-revoluciona-el-campo-con-su-atego-4x4-taller-movil-para-la-zafra\/"},"wordCount":432,"image":{"@id":"https:\/\/autofans.com.ar\/index.php\/2025\/05\/13\/mercedes-benz-revoluciona-el-campo-con-su-atego-4x4-taller-movil-para-la-zafra\/#primaryimage"},"thumbnailUrl":"https:\/\/autofans.com.ar\/wp-content\/uploads\/2025\/05\/mercedes-3.jpg","keywords":["Atego 4x4 Taller M\u00f3vil","camiones","industria minera","mantenimiento in situ","Mercedes-Benz","NOA","Rolcar","Total Service","transporte pesado","zafra azucarera"],"articleSection":["EMPRESAS","LANZAMIENTOS"],"inLanguage":"es"},{"@type":"WebPage","@id":"https:\/\/autofans.com.ar\/index.php\/2025\/05\/13\/mercedes-benz-revoluciona-el-campo-con-su-atego-4x4-taller-movil-para-la-zafra\/","url":"https:\/\/autofans.com.ar\/index.php\/2025\/05\/13\/mercedes-benz-revoluciona-el-campo-con-su-atego-4x4-taller-movil-para-la-zafra\/","name":"Mercedes-Benz revoluciona el campo con su Atego 4x4 Taller M\u00f3vil para la zafra -","isPartOf":{"@id":"https:\/\/autofans.com.ar\/#website"},"primaryImageOfPage":{"@id":"https:\/\/autofans.com.ar\/index.php\/2025\/05\/13\/mercedes-benz-revoluciona-el-campo-con-su-atego-4x4-taller-movil-para-la-zafra\/#primaryimage"},"image":{"@id":"https:\/\/autofans.com.ar\/index.php\/2025\/05\/13\/mercedes-benz-revoluciona-el-campo-con-su-atego-4x4-taller-movil-para-la-zafra\/#primaryimage"},"thumbnailUrl":"https:\/\/autofans.com.ar\/wp-content\/uploads\/2025\/05\/mercedes-3.jpg","datePublished":"2025-05-13T17:53:05+00:00","dateModified":"2025-05-13T17:54:22+00:00","author":{"@id":"https:\/\/autofans.com.ar\/#\/schema\/person\/4a8dda0b6df83ac3d6723e921274c2aa"},"description":"Mercedes-Benz nos presenta un veh\u00edculo \u00fanico equipado como taller itinerante que reduce costos y aumenta la productividad en el NOA...","breadcrumb":{"@id":"https:\/\/autofans.com.ar\/index.php\/2025\/05\/13\/mercedes-benz-revoluciona-el-campo-con-su-atego-4x4-taller-movil-para-la-zafra\/#breadcrumb"},"inLanguage":"es","potentialAction":[{"@type":"ReadAction","target":["https:\/\/autofans.com.ar\/index.php\/2025\/05\/13\/mercedes-benz-revoluciona-el-campo-con-su-atego-4x4-taller-movil-para-la-zafra\/"]}]},{"@type":"ImageObject","inLanguage":"es","@id":"https:\/\/autofans.com.ar\/index.php\/2025\/05\/13\/mercedes-benz-revoluciona-el-campo-con-su-atego-4x4-taller-movil-para-la-zafra\/#primaryimage","url":"https:\/\/autofans.com.ar\/wp-content\/uploads\/2025\/05\/mercedes-3.jpg","contentUrl":"https:\/\/autofans.com.ar\/wp-content\/uploads\/2025\/05\/mercedes-3.jpg","width":1000,"height":667,"caption":"Mercedes-Benz"},{"@type":"BreadcrumbList","@id":"https:\/\/autofans.com.ar\/index.php\/2025\/05\/13\/mercedes-benz-revoluciona-el-campo-con-su-atego-4x4-taller-movil-para-la-zafra\/#breadcrumb","itemListElement":[{"@type":"ListItem","position":1,"name":"Inicio","item":"https:\/\/autofans.com.ar\/"},{"@type":"ListItem","position":2,"name":"Mercedes-Benz revoluciona el campo con su Atego 4&#215;4 Taller M\u00f3vil para la zafra"}]},{"@type":"WebSite","@id":"https:\/\/autofans.com.ar\/#website","url":"https:\/\/autofans.com.ar\/","name":"","description":"El multimedio referente de la industria automotriz","potentialAction":[{"@type":"SearchAction","target":{"@type":"EntryPoint","urlTemplate":"https:\/\/autofans.com.ar\/?s={search_term_string}"},"query-input":{"@type":"PropertyValueSpecification","valueRequired":true,"valueName":"search_term_string"}}],"inLanguage":"es"},{"@type":"Person","@id":"https:\/\/autofans.com.ar\/#\/schema\/person\/4a8dda0b6df83ac3d6723e921274c2aa","name":"Alejandro Gabriel Rosito","image":{"@type":"ImageObject","inLanguage":"es","@id":"https:\/\/secure.gravatar.com\/avatar\/16c5dda1489adfc62618084dcbb91cffd879c374b13fe5dd8e44ed6733852c88?s=96&d=mm&r=g","url":"https:\/\/secure.gravatar.com\/avatar\/16c5dda1489adfc62618084dcbb91cffd879c374b13fe5dd8e44ed6733852c88?s=96&d=mm&r=g","contentUrl":"https:\/\/secure.gravatar.com\/avatar\/16c5dda1489adfc62618084dcbb91cffd879c374b13fe5dd8e44ed6733852c88?s=96&d=mm&r=g","caption":"Alejandro Gabriel Rosito"},"url":"https:\/\/autofans.com.ar\/index.php\/author\/gabrielr\/"}]}},"featured_image_urls":{"full":["https:\/\/autofans.com.ar\/wp-content\/uploads\/2025\/05\/mercedes-3.jpg",1000,667,false],"thumbnail":["https:\/\/autofans.com.ar\/wp-content\/uploads\/2025\/05\/mercedes-3-150x150.jpg",150,150,true],"medium":["https:\/\/autofans.com.ar\/wp-content\/uploads\/2025\/05\/mercedes-3-300x200.jpg",300,200,true],"medium_large":["https:\/\/autofans.com.ar\/wp-content\/uploads\/2025\/05\/mercedes-3-768x512.jpg",640,427,true],"large":["https:\/\/autofans.com.ar\/wp-content\/uploads\/2025\/05\/mercedes-3.jpg",640,427,false],"1536x1536":["https:\/\/autofans.com.ar\/wp-content\/uploads\/2025\/05\/mercedes-3.jpg",1000,667,false],"2048x2048":["https:\/\/autofans.com.ar\/wp-content\/uploads\/2025\/05\/mercedes-3.jpg",1000,667,false],"covernews-featured":["https:\/\/autofans.com.ar\/wp-content\/uploads\/2025\/05\/mercedes-3.jpg",1000,667,false],"covernews-medium":["https:\/\/autofans.com.ar\/wp-content\/uploads\/2025\/05\/mercedes-3-540x340.jpg",540,340,true]},"author_info":{"display_name":"Alejandro Gabriel Rosito","author_link":"https:\/\/autofans.com.ar\/index.php\/author\/gabrielr\/"},"category_info":"<a href=\"https:\/\/autofans.com.ar\/index.php\/category\/noticias\/empresas\/\" rel=\"category tag\">EMPRESAS<\/a> <a href=\"https:\/\/autofans.com.ar\/index.php\/category\/lanzamientos\/\" rel=\"category tag\">LANZAMIENTOS<\/a>","tag_info":"LANZAMIENTOS","comment_count":0,"_links":{"self":[{"href":"https:\/\/autofans.com.ar\/index.php\/wp-json\/wp\/v2\/posts\/12388","targetHints":{"allow":["GET"]}}],"collection":[{"href":"https:\/\/autofans.com.ar\/index.php\/wp-json\/wp\/v2\/posts"}],"about":[{"href":"https:\/\/autofans.com.ar\/index.php\/wp-json\/wp\/v2\/types\/post"}],"author":[{"embeddable":true,"href":"https:\/\/autofans.com.ar\/index.php\/wp-json\/wp\/v2\/users\/2"}],"replies":[{"embeddable":true,"href":"https:\/\/autofans.com.ar\/index.php\/wp-json\/wp\/v2\/comments?post=12388"}],"version-history":[{"count":9,"href":"https:\/\/autofans.com.ar\/index.php\/wp-json\/wp\/v2\/posts\/12388\/revisions"}],"predecessor-version":[{"id":12400,"href":"https:\/\/autofans.com.ar\/index.php\/wp-json\/wp\/v2\/posts\/12388\/revisions\/12400"}],"wp:featuredmedia":[{"embeddable":true,"href":"https:\/\/autofans.com.ar\/index.php\/wp-json\/wp\/v2\/media\/12389"}],"wp:attachment":[{"href":"https:\/\/autofans.com.ar\/index.php\/wp-json\/wp\/v2\/media?parent=12388"}],"wp:term":[{"taxonomy":"category","embeddable":true,"href":"https:\/\/autofans.com.ar\/index.php\/wp-json\/wp\/v2\/categories?post=12388"},{"taxonomy":"post_tag","embeddable":true,"href":"https:\/\/autofans.com.ar\/index.php\/wp-json\/wp\/v2\/tags?post=12388"}],"curies":[{"name":"wp","href":"https:\/\/api.w.org\/{rel}","templated":true}]}}