{"id":12411,"date":"2025-05-14T17:11:23","date_gmt":"2025-05-14T20:11:23","guid":{"rendered":"https:\/\/autofans.com.ar\/?p=12411"},"modified":"2025-05-14T17:13:55","modified_gmt":"2025-05-14T20:13:55","slug":"ktm-990-duke-desembarca-en-argentina","status":"publish","type":"post","link":"https:\/\/autofans.com.ar\/index.php\/2025\/05\/14\/ktm-990-duke-desembarca-en-argentina\/","title":{"rendered":"KTM 990 DUKE desembarca en Argentina"},"content":{"rendered":"<p class=\"ds-markdown-paragraph\">La KTM 990 DUKE est\u00e1 equipada con un motor bicil\u00edndrico en l\u00ednea de 947 cc, que entrega 123 CV y 103 Nm de par motor. Con homologaci\u00f3n Euro 5+, incluye mejoras como pistones reforzados, cig\u00fce\u00f1al optimizado y un sistema de escape renovado. Adem\u00e1s, cuenta con cuatro modos de conducci\u00f3n(Street, Sport, Rain, Performance) y uno opcional (Track), junto con control de tracci\u00f3n, anti-wheelie y launch control (opcional).<\/p>\n<p>&nbsp;<\/p>\n<h2>Tecnolog\u00eda avanzada para una conducci\u00f3n inteligente<\/h2>\n<p><span style=\"color: #ffffff;\">e<\/span><\/p>\n<div id='gallery-1' class='gallery galleryid-12411 gallery-columns-2 gallery-size-full'><figure class='gallery-item'>\n\t\t\t<div class='gallery-icon landscape'>\n\t\t\t\t<a href='https:\/\/autofans.com.ar\/index.php\/2025\/05\/14\/ktm-990-duke-desembarca-en-argentina\/ktm-2-5\/'><img loading=\"lazy\" width=\"1000\" height=\"667\" src=\"https:\/\/autofans.com.ar\/wp-content\/uploads\/2025\/05\/ktm-2.jpg\" class=\"attachment-full size-full\" alt=\"KTM 990\" srcset=\"https:\/\/autofans.com.ar\/wp-content\/uploads\/2025\/05\/ktm-2.jpg 1000w, https:\/\/autofans.com.ar\/wp-content\/uploads\/2025\/05\/ktm-2-300x200.jpg 300w, https:\/\/autofans.com.ar\/wp-content\/uploads\/2025\/05\/ktm-2-768x512.jpg 768w\" sizes=\"auto, (max-width: 1000px) 100vw, 1000px\" loading=\"lazy\" decoding=\"async\" \/><\/a>\n\t\t\t<\/div><\/figure><figure class='gallery-item'>\n\t\t\t<div class='gallery-icon landscape'>\n\t\t\t\t<a href='https:\/\/autofans.com.ar\/index.php\/2025\/05\/14\/ktm-990-duke-desembarca-en-argentina\/ktm-5\/'><img loading=\"lazy\" width=\"1000\" height=\"667\" src=\"https:\/\/autofans.com.ar\/wp-content\/uploads\/2025\/05\/ktm-5.jpg\" class=\"attachment-full size-full\" alt=\"KTM 990\" srcset=\"https:\/\/autofans.com.ar\/wp-content\/uploads\/2025\/05\/ktm-5.jpg 1000w, https:\/\/autofans.com.ar\/wp-content\/uploads\/2025\/05\/ktm-5-300x200.jpg 300w, https:\/\/autofans.com.ar\/wp-content\/uploads\/2025\/05\/ktm-5-768x512.jpg 768w\" sizes=\"auto, (max-width: 1000px) 100vw, 1000px\" loading=\"lazy\" decoding=\"async\" \/><\/a>\n\t\t\t<\/div><\/figure>\n\t\t<\/div>\n\n<p><span style=\"color: #ffffff;\">l<\/span><\/p>\n<p class=\"ds-markdown-paragraph\">La moto integra una Unidad de Medici\u00f3n Inercial (IMU) de 6 ejes, que permite funciones como ABS en curva y modo Supermoto. La pantalla TFT de 5&#8243; ofrece conectividad con smartphones v\u00eda KTMConnect (opcional), para navegaci\u00f3n y manejo de llamadas. Tambi\u00e9n incluye faros LED inteligentes, que ajustan su intensidad seg\u00fan la luz ambiental.<\/p>\n<p><span style=\"color: #ffffff;\">r<\/span><\/p>\n<div style=\"display: flex; align-items: center; justify-content: space-between; background: #f0f2f5; padding: 12px 20px; border-radius: 8px; box-shadow: 0 4px 10px rgba(0, 0, 0, 0.08); margin: 24px 0; max-width: 700px;\">\n<div style=\"flex: 1;\"><a style=\"font-size: 18px; color: #007bff; font-weight: 1200; text-decoration: underline;\" href=\"https:\/\/autofans.com.ar\/wp-content\/uploads\/2025\/05\/Ficha-Tecnica-KTM-990-DUKE_Naranja.pdf\" target=\"_blank\" rel=\"noopener\"><br \/>\n\u2192 Descargar ficha t\u00e9cnica KTM 990 DUKE Naranja<br \/>\n<\/a><a style=\"font-size: 18px; color: #007bff; font-weight: 1200; text-decoration: underline;\" href=\"https:\/\/autofans.com.ar\/wp-content\/uploads\/2025\/05\/ftmy26argo-681166d8eb8a6.pdf\" target=\"_blank\" rel=\"noopener\"><br \/>\n<\/a><\/div>\n<div style=\"margin-left: 16px;\"><img decoding=\"async\" style=\"height: 20px; width: auto;\" src=\"https:\/\/autofans.com.ar\/wp-content\/uploads\/2023\/02\/Autofans_600x102_150px5.png\" alt=\"Logo Autofans\" \/><\/div>\n<\/div>\n<p><span style=\"color: #ffffff;\">w<\/span><\/p>\n<h2>KTM 990 &#8211; dise\u00f1o agresivo y ergonom\u00eda mejorada<\/h2>\n<p><span style=\"color: #ffffff;\">f<\/span><\/p>\n<div id='gallery-2' class='gallery galleryid-12411 gallery-columns-1 gallery-size-full'><figure class='gallery-item'>\n\t\t\t<div class='gallery-icon landscape'>\n\t\t\t\t<a href='https:\/\/autofans.com.ar\/index.php\/2025\/05\/14\/ktm-990-duke-desembarca-en-argentina\/ktm-1-5\/'><img loading=\"lazy\" width=\"1000\" height=\"667\" src=\"https:\/\/autofans.com.ar\/wp-content\/uploads\/2025\/05\/ktm-1.jpg\" class=\"attachment-full size-full\" alt=\"KTM 990\" srcset=\"https:\/\/autofans.com.ar\/wp-content\/uploads\/2025\/05\/ktm-1.jpg 1000w, https:\/\/autofans.com.ar\/wp-content\/uploads\/2025\/05\/ktm-1-300x200.jpg 300w, https:\/\/autofans.com.ar\/wp-content\/uploads\/2025\/05\/ktm-1-768x512.jpg 768w\" sizes=\"auto, (max-width: 1000px) 100vw, 1000px\" loading=\"lazy\" decoding=\"async\" \/><\/a>\n\t\t\t<\/div><\/figure>\n\t\t<\/div>\n\n<p><span style=\"color: #ffffff;\">;<\/span><\/p>\n<p class=\"ds-markdown-paragraph\">La 990 DUKE estrena un chasis tubular m\u00e1s r\u00edgido y un subchasis de aluminio que reduce peso. La horquilla invertida WP APEX y el amortiguador regulable mejoran la respuesta en curvas y terrenos irregulares. El dise\u00f1o, con l\u00edneas marcadas y opciones de color negro y naranja, celebra los 30 a\u00f1os de la familia Duke.<\/p>\n<p class=\"ds-markdown-paragraph\">La KTM 990 DUKE ya est\u00e1 disponible en Argentina con un precio de lista de $32.430.000. Se puede encontrar en la red de concesionarios oficiales de la marca.<\/p>\n<p><span style=\"color: #ffffff;\">,<\/span><\/p>\n<div style=\"display: flex; align-items: center; justify-content: space-between; background: #f0f2f5; padding: 12px 20px; border-radius: 8px; box-shadow: 0 4px 10px rgba(0, 0, 0, 0.08); margin: 24px 0; max-width: 700px;\">\n<div style=\"flex: 1;\"><a style=\"font-size: 18px; color: #007bff; font-weight: 1200; text-decoration: underline;\" href=\"https:\/\/autofans.com.ar\/wp-content\/uploads\/2025\/05\/Ficha-Tecnica-KTM-990-DUKE_Negra.pdf\" target=\"_blank\" rel=\"noopener\"><br \/>\n\u2192 Descargar ficha t\u00e9cnica KTM 990 DUKE Negra<br \/>\n<\/a><a style=\"font-size: 18px; color: #007bff; font-weight: 1200; text-decoration: underline;\" href=\"https:\/\/autofans.com.ar\/wp-content\/uploads\/2025\/05\/ftmy26argo-681166d8eb8a6.pdf\" target=\"_blank\" rel=\"noopener\"><br \/>\n<\/a><\/div>\n<div style=\"margin-left: 16px;\"><img decoding=\"async\" style=\"height: 20px; width: auto;\" src=\"https:\/\/autofans.com.ar\/wp-content\/uploads\/2023\/02\/Autofans_600x102_150px5.png\" alt=\"Logo Autofans\" \/><\/div>\n<\/div>\n<p><span style=\"color: #ffffff;\">;<\/span><\/p>\n<p><span style=\"color: #ffffff;\">v<\/span><\/p>\n<p>&nbsp;<\/p>\n<p><i>Para enterarte de m\u00e1s novedades, no dejes de leer\u00a0<\/i><a href=\"https:\/\/autofans.thebrandsoup.com\/\"><i>nuestras notas<\/i><\/a><i>, de ver\u00a0<\/i><a href=\"https:\/\/www.youtube.com\/channel\/UCgAC8UGHZYbT6P7PpmVnP7g\"><i>AUTOFANS TV<\/i><\/a><i>\u00a0en nuestro\u00a0canal de Youtube. Adem\u00e1s seguinos en\u00a0<\/i><a href=\"https:\/\/www.instagram.com\/autofanstv\/\"><i>INSTAGRAM<\/i><\/a><i> y <\/i><a href=\"https:\/\/www.facebook.com\/autofansmas\/\"><i>FACEBOOK<\/i><\/a><i> para no perderte nada sobre las novedades del segmento automotor de Argentina y el mundo.<\/i><\/p>\n","protected":false},"excerpt":{"rendered":"<p>La KTM 990 DUKE est\u00e1 equipada con un motor bicil\u00edndrico en l\u00ednea de 947 cc,&#8230;<\/p>\n","protected":false},"author":2,"featured_media":12414,"comment_status":"closed","ping_status":"closed","sticky":false,"template":"","format":"standard","meta":{"footnotes":""},"categories":[1,4],"tags":[6691,1941,4725,6692,6693,6696,6695,6694],"class_list":["post-12411","post","type-post","status-publish","format-standard","has-post-thumbnail","hentry","category-lanzamientos","category-motos","tag-ktm-990-duke","tag-ktm-argentina","tag-moto-naked-argentina","tag-motos-deportivas-2025","tag-naked-bicilindrica","tag-precio-ktm-990-duke","tag-rendimiento-motos","tag-tecnologia-motos"],"yoast_head":"<!-- This site is optimized with the Yoast SEO plugin v27.5 - https:\/\/yoast.com\/product\/yoast-seo-wordpress\/ -->\n<title>KTM 990 DUKE desembarca en Argentina -<\/title>\n<meta name=\"description\" content=\"La KTM 990 DUKE est\u00e1 equipada con un motor bicil\u00edndrico en l\u00ednea de 947 cc, que entrega 123 CV y 103 Nm de par motor....\" \/>\n<meta name=\"robots\" content=\"index, follow, max-snippet:-1, max-image-preview:large, max-video-preview:-1\" \/>\n<link rel=\"canonical\" href=\"https:\/\/autofans.com.ar\/index.php\/2025\/05\/14\/ktm-990-duke-desembarca-en-argentina\/\" \/>\n<meta property=\"og:locale\" content=\"es_ES\" \/>\n<meta property=\"og:type\" content=\"article\" \/>\n<meta property=\"og:title\" content=\"KTM 990 DUKE desembarca en Argentina -\" \/>\n<meta property=\"og:description\" content=\"La KTM 990 DUKE est\u00e1 equipada con un motor bicil\u00edndrico en l\u00ednea de 947 cc, que entrega 123 CV y 103 Nm de par motor....\" \/>\n<meta property=\"og:url\" content=\"https:\/\/autofans.com.ar\/index.php\/2025\/05\/14\/ktm-990-duke-desembarca-en-argentina\/\" \/>\n<meta property=\"article:published_time\" content=\"2025-05-14T20:11:23+00:00\" \/>\n<meta property=\"article:modified_time\" content=\"2025-05-14T20:13:55+00:00\" \/>\n<meta property=\"og:image\" content=\"https:\/\/autofans.com.ar\/wp-content\/uploads\/2025\/05\/ktm-3.jpg\" \/>\n\t<meta property=\"og:image:width\" content=\"1000\" \/>\n\t<meta property=\"og:image:height\" content=\"667\" \/>\n\t<meta property=\"og:image:type\" content=\"image\/jpeg\" \/>\n<meta name=\"author\" content=\"Alejandro Gabriel Rosito\" \/>\n<meta name=\"twitter:card\" content=\"summary_large_image\" \/>\n<meta name=\"twitter:label1\" content=\"Escrito por\" \/>\n\t<meta name=\"twitter:data1\" content=\"Alejandro Gabriel Rosito\" \/>\n\t<meta name=\"twitter:label2\" content=\"Tiempo de lectura\" \/>\n\t<meta name=\"twitter:data2\" content=\"2 minutos\" \/>\n<script type=\"application\/ld+json\" class=\"yoast-schema-graph\">{\"@context\":\"https:\\\/\\\/schema.org\",\"@graph\":[{\"@type\":\"Article\",\"@id\":\"https:\\\/\\\/autofans.com.ar\\\/index.php\\\/2025\\\/05\\\/14\\\/ktm-990-duke-desembarca-en-argentina\\\/#article\",\"isPartOf\":{\"@id\":\"https:\\\/\\\/autofans.com.ar\\\/index.php\\\/2025\\\/05\\\/14\\\/ktm-990-duke-desembarca-en-argentina\\\/\"},\"author\":{\"name\":\"Alejandro Gabriel Rosito\",\"@id\":\"https:\\\/\\\/autofans.com.ar\\\/#\\\/schema\\\/person\\\/4a8dda0b6df83ac3d6723e921274c2aa\"},\"headline\":\"KTM 990 DUKE desembarca en Argentina\",\"datePublished\":\"2025-05-14T20:11:23+00:00\",\"dateModified\":\"2025-05-14T20:13:55+00:00\",\"mainEntityOfPage\":{\"@id\":\"https:\\\/\\\/autofans.com.ar\\\/index.php\\\/2025\\\/05\\\/14\\\/ktm-990-duke-desembarca-en-argentina\\\/\"},\"wordCount\":306,\"image\":{\"@id\":\"https:\\\/\\\/autofans.com.ar\\\/index.php\\\/2025\\\/05\\\/14\\\/ktm-990-duke-desembarca-en-argentina\\\/#primaryimage\"},\"thumbnailUrl\":\"https:\\\/\\\/autofans.com.ar\\\/wp-content\\\/uploads\\\/2025\\\/05\\\/ktm-3.jpg\",\"keywords\":[\"KTM 990 DUKE\",\"KTM Argentina\",\"moto naked Argentina\",\"motos deportivas 2025\",\"naked bicil\u00edndrica\",\"precio KTM 990 DUKE\",\"rendimiento motos\",\"tecnolog\u00eda motos\"],\"articleSection\":[\"LANZAMIENTOS\",\"MOTOS\"],\"inLanguage\":\"es\"},{\"@type\":\"WebPage\",\"@id\":\"https:\\\/\\\/autofans.com.ar\\\/index.php\\\/2025\\\/05\\\/14\\\/ktm-990-duke-desembarca-en-argentina\\\/\",\"url\":\"https:\\\/\\\/autofans.com.ar\\\/index.php\\\/2025\\\/05\\\/14\\\/ktm-990-duke-desembarca-en-argentina\\\/\",\"name\":\"KTM 990 DUKE desembarca en Argentina -\",\"isPartOf\":{\"@id\":\"https:\\\/\\\/autofans.com.ar\\\/#website\"},\"primaryImageOfPage\":{\"@id\":\"https:\\\/\\\/autofans.com.ar\\\/index.php\\\/2025\\\/05\\\/14\\\/ktm-990-duke-desembarca-en-argentina\\\/#primaryimage\"},\"image\":{\"@id\":\"https:\\\/\\\/autofans.com.ar\\\/index.php\\\/2025\\\/05\\\/14\\\/ktm-990-duke-desembarca-en-argentina\\\/#primaryimage\"},\"thumbnailUrl\":\"https:\\\/\\\/autofans.com.ar\\\/wp-content\\\/uploads\\\/2025\\\/05\\\/ktm-3.jpg\",\"datePublished\":\"2025-05-14T20:11:23+00:00\",\"dateModified\":\"2025-05-14T20:13:55+00:00\",\"author\":{\"@id\":\"https:\\\/\\\/autofans.com.ar\\\/#\\\/schema\\\/person\\\/4a8dda0b6df83ac3d6723e921274c2aa\"},\"description\":\"La KTM 990 DUKE est\u00e1 equipada con un motor bicil\u00edndrico en l\u00ednea de 947 cc, que entrega 123 CV y 103 Nm de par motor....\",\"breadcrumb\":{\"@id\":\"https:\\\/\\\/autofans.com.ar\\\/index.php\\\/2025\\\/05\\\/14\\\/ktm-990-duke-desembarca-en-argentina\\\/#breadcrumb\"},\"inLanguage\":\"es\",\"potentialAction\":[{\"@type\":\"ReadAction\",\"target\":[\"https:\\\/\\\/autofans.com.ar\\\/index.php\\\/2025\\\/05\\\/14\\\/ktm-990-duke-desembarca-en-argentina\\\/\"]}]},{\"@type\":\"ImageObject\",\"inLanguage\":\"es\",\"@id\":\"https:\\\/\\\/autofans.com.ar\\\/index.php\\\/2025\\\/05\\\/14\\\/ktm-990-duke-desembarca-en-argentina\\\/#primaryimage\",\"url\":\"https:\\\/\\\/autofans.com.ar\\\/wp-content\\\/uploads\\\/2025\\\/05\\\/ktm-3.jpg\",\"contentUrl\":\"https:\\\/\\\/autofans.com.ar\\\/wp-content\\\/uploads\\\/2025\\\/05\\\/ktm-3.jpg\",\"width\":1000,\"height\":667,\"caption\":\"KTM 990\"},{\"@type\":\"BreadcrumbList\",\"@id\":\"https:\\\/\\\/autofans.com.ar\\\/index.php\\\/2025\\\/05\\\/14\\\/ktm-990-duke-desembarca-en-argentina\\\/#breadcrumb\",\"itemListElement\":[{\"@type\":\"ListItem\",\"position\":1,\"name\":\"Inicio\",\"item\":\"https:\\\/\\\/autofans.com.ar\\\/\"},{\"@type\":\"ListItem\",\"position\":2,\"name\":\"KTM 990 DUKE desembarca en Argentina\"}]},{\"@type\":\"WebSite\",\"@id\":\"https:\\\/\\\/autofans.com.ar\\\/#website\",\"url\":\"https:\\\/\\\/autofans.com.ar\\\/\",\"name\":\"\",\"description\":\"El multimedio referente de la industria automotriz\",\"potentialAction\":[{\"@type\":\"SearchAction\",\"target\":{\"@type\":\"EntryPoint\",\"urlTemplate\":\"https:\\\/\\\/autofans.com.ar\\\/?s={search_term_string}\"},\"query-input\":{\"@type\":\"PropertyValueSpecification\",\"valueRequired\":true,\"valueName\":\"search_term_string\"}}],\"inLanguage\":\"es\"},{\"@type\":\"Person\",\"@id\":\"https:\\\/\\\/autofans.com.ar\\\/#\\\/schema\\\/person\\\/4a8dda0b6df83ac3d6723e921274c2aa\",\"name\":\"Alejandro Gabriel Rosito\",\"image\":{\"@type\":\"ImageObject\",\"inLanguage\":\"es\",\"@id\":\"https:\\\/\\\/secure.gravatar.com\\\/avatar\\\/16c5dda1489adfc62618084dcbb91cffd879c374b13fe5dd8e44ed6733852c88?s=96&d=mm&r=g\",\"url\":\"https:\\\/\\\/secure.gravatar.com\\\/avatar\\\/16c5dda1489adfc62618084dcbb91cffd879c374b13fe5dd8e44ed6733852c88?s=96&d=mm&r=g\",\"contentUrl\":\"https:\\\/\\\/secure.gravatar.com\\\/avatar\\\/16c5dda1489adfc62618084dcbb91cffd879c374b13fe5dd8e44ed6733852c88?s=96&d=mm&r=g\",\"caption\":\"Alejandro Gabriel Rosito\"},\"url\":\"https:\\\/\\\/autofans.com.ar\\\/index.php\\\/author\\\/gabrielr\\\/\"}]}<\/script>\n<!-- \/ Yoast SEO plugin. -->","yoast_head_json":{"title":"KTM 990 DUKE desembarca en Argentina -","description":"La KTM 990 DUKE est\u00e1 equipada con un motor bicil\u00edndrico en l\u00ednea de 947 cc, que entrega 123 CV y 103 Nm de par motor....","robots":{"index":"index","follow":"follow","max-snippet":"max-snippet:-1","max-image-preview":"max-image-preview:large","max-video-preview":"max-video-preview:-1"},"canonical":"https:\/\/autofans.com.ar\/index.php\/2025\/05\/14\/ktm-990-duke-desembarca-en-argentina\/","og_locale":"es_ES","og_type":"article","og_title":"KTM 990 DUKE desembarca en Argentina -","og_description":"La KTM 990 DUKE est\u00e1 equipada con un motor bicil\u00edndrico en l\u00ednea de 947 cc, que entrega 123 CV y 103 Nm de par motor....","og_url":"https:\/\/autofans.com.ar\/index.php\/2025\/05\/14\/ktm-990-duke-desembarca-en-argentina\/","article_published_time":"2025-05-14T20:11:23+00:00","article_modified_time":"2025-05-14T20:13:55+00:00","og_image":[{"width":1000,"height":667,"url":"https:\/\/autofans.com.ar\/wp-content\/uploads\/2025\/05\/ktm-3.jpg","type":"image\/jpeg"}],"author":"Alejandro Gabriel Rosito","twitter_card":"summary_large_image","twitter_misc":{"Escrito por":"Alejandro Gabriel Rosito","Tiempo de lectura":"2 minutos"},"schema":{"@context":"https:\/\/schema.org","@graph":[{"@type":"Article","@id":"https:\/\/autofans.com.ar\/index.php\/2025\/05\/14\/ktm-990-duke-desembarca-en-argentina\/#article","isPartOf":{"@id":"https:\/\/autofans.com.ar\/index.php\/2025\/05\/14\/ktm-990-duke-desembarca-en-argentina\/"},"author":{"name":"Alejandro Gabriel Rosito","@id":"https:\/\/autofans.com.ar\/#\/schema\/person\/4a8dda0b6df83ac3d6723e921274c2aa"},"headline":"KTM 990 DUKE desembarca en Argentina","datePublished":"2025-05-14T20:11:23+00:00","dateModified":"2025-05-14T20:13:55+00:00","mainEntityOfPage":{"@id":"https:\/\/autofans.com.ar\/index.php\/2025\/05\/14\/ktm-990-duke-desembarca-en-argentina\/"},"wordCount":306,"image":{"@id":"https:\/\/autofans.com.ar\/index.php\/2025\/05\/14\/ktm-990-duke-desembarca-en-argentina\/#primaryimage"},"thumbnailUrl":"https:\/\/autofans.com.ar\/wp-content\/uploads\/2025\/05\/ktm-3.jpg","keywords":["KTM 990 DUKE","KTM Argentina","moto naked Argentina","motos deportivas 2025","naked bicil\u00edndrica","precio KTM 990 DUKE","rendimiento motos","tecnolog\u00eda motos"],"articleSection":["LANZAMIENTOS","MOTOS"],"inLanguage":"es"},{"@type":"WebPage","@id":"https:\/\/autofans.com.ar\/index.php\/2025\/05\/14\/ktm-990-duke-desembarca-en-argentina\/","url":"https:\/\/autofans.com.ar\/index.php\/2025\/05\/14\/ktm-990-duke-desembarca-en-argentina\/","name":"KTM 990 DUKE desembarca en Argentina -","isPartOf":{"@id":"https:\/\/autofans.com.ar\/#website"},"primaryImageOfPage":{"@id":"https:\/\/autofans.com.ar\/index.php\/2025\/05\/14\/ktm-990-duke-desembarca-en-argentina\/#primaryimage"},"image":{"@id":"https:\/\/autofans.com.ar\/index.php\/2025\/05\/14\/ktm-990-duke-desembarca-en-argentina\/#primaryimage"},"thumbnailUrl":"https:\/\/autofans.com.ar\/wp-content\/uploads\/2025\/05\/ktm-3.jpg","datePublished":"2025-05-14T20:11:23+00:00","dateModified":"2025-05-14T20:13:55+00:00","author":{"@id":"https:\/\/autofans.com.ar\/#\/schema\/person\/4a8dda0b6df83ac3d6723e921274c2aa"},"description":"La KTM 990 DUKE est\u00e1 equipada con un motor bicil\u00edndrico en l\u00ednea de 947 cc, que entrega 123 CV y 103 Nm de par motor....","breadcrumb":{"@id":"https:\/\/autofans.com.ar\/index.php\/2025\/05\/14\/ktm-990-duke-desembarca-en-argentina\/#breadcrumb"},"inLanguage":"es","potentialAction":[{"@type":"ReadAction","target":["https:\/\/autofans.com.ar\/index.php\/2025\/05\/14\/ktm-990-duke-desembarca-en-argentina\/"]}]},{"@type":"ImageObject","inLanguage":"es","@id":"https:\/\/autofans.com.ar\/index.php\/2025\/05\/14\/ktm-990-duke-desembarca-en-argentina\/#primaryimage","url":"https:\/\/autofans.com.ar\/wp-content\/uploads\/2025\/05\/ktm-3.jpg","contentUrl":"https:\/\/autofans.com.ar\/wp-content\/uploads\/2025\/05\/ktm-3.jpg","width":1000,"height":667,"caption":"KTM 990"},{"@type":"BreadcrumbList","@id":"https:\/\/autofans.com.ar\/index.php\/2025\/05\/14\/ktm-990-duke-desembarca-en-argentina\/#breadcrumb","itemListElement":[{"@type":"ListItem","position":1,"name":"Inicio","item":"https:\/\/autofans.com.ar\/"},{"@type":"ListItem","position":2,"name":"KTM 990 DUKE desembarca en Argentina"}]},{"@type":"WebSite","@id":"https:\/\/autofans.com.ar\/#website","url":"https:\/\/autofans.com.ar\/","name":"","description":"El multimedio referente de la industria automotriz","potentialAction":[{"@type":"SearchAction","target":{"@type":"EntryPoint","urlTemplate":"https:\/\/autofans.com.ar\/?s={search_term_string}"},"query-input":{"@type":"PropertyValueSpecification","valueRequired":true,"valueName":"search_term_string"}}],"inLanguage":"es"},{"@type":"Person","@id":"https:\/\/autofans.com.ar\/#\/schema\/person\/4a8dda0b6df83ac3d6723e921274c2aa","name":"Alejandro Gabriel Rosito","image":{"@type":"ImageObject","inLanguage":"es","@id":"https:\/\/secure.gravatar.com\/avatar\/16c5dda1489adfc62618084dcbb91cffd879c374b13fe5dd8e44ed6733852c88?s=96&d=mm&r=g","url":"https:\/\/secure.gravatar.com\/avatar\/16c5dda1489adfc62618084dcbb91cffd879c374b13fe5dd8e44ed6733852c88?s=96&d=mm&r=g","contentUrl":"https:\/\/secure.gravatar.com\/avatar\/16c5dda1489adfc62618084dcbb91cffd879c374b13fe5dd8e44ed6733852c88?s=96&d=mm&r=g","caption":"Alejandro Gabriel Rosito"},"url":"https:\/\/autofans.com.ar\/index.php\/author\/gabrielr\/"}]}},"featured_image_urls":{"full":["https:\/\/autofans.com.ar\/wp-content\/uploads\/2025\/05\/ktm-3.jpg",1000,667,false],"thumbnail":["https:\/\/autofans.com.ar\/wp-content\/uploads\/2025\/05\/ktm-3-150x150.jpg",150,150,true],"medium":["https:\/\/autofans.com.ar\/wp-content\/uploads\/2025\/05\/ktm-3-300x200.jpg",300,200,true],"medium_large":["https:\/\/autofans.com.ar\/wp-content\/uploads\/2025\/05\/ktm-3-768x512.jpg",640,427,true],"large":["https:\/\/autofans.com.ar\/wp-content\/uploads\/2025\/05\/ktm-3.jpg",640,427,false],"1536x1536":["https:\/\/autofans.com.ar\/wp-content\/uploads\/2025\/05\/ktm-3.jpg",1000,667,false],"2048x2048":["https:\/\/autofans.com.ar\/wp-content\/uploads\/2025\/05\/ktm-3.jpg",1000,667,false],"covernews-featured":["https:\/\/autofans.com.ar\/wp-content\/uploads\/2025\/05\/ktm-3.jpg",1000,667,false],"covernews-medium":["https:\/\/autofans.com.ar\/wp-content\/uploads\/2025\/05\/ktm-3-540x340.jpg",540,340,true]},"author_info":{"display_name":"Alejandro Gabriel Rosito","author_link":"https:\/\/autofans.com.ar\/index.php\/author\/gabrielr\/"},"category_info":"<a href=\"https:\/\/autofans.com.ar\/index.php\/category\/lanzamientos\/\" rel=\"category tag\">LANZAMIENTOS<\/a> <a href=\"https:\/\/autofans.com.ar\/index.php\/category\/noticias\/motos\/\" rel=\"category tag\">MOTOS<\/a>","tag_info":"MOTOS","comment_count":0,"_links":{"self":[{"href":"https:\/\/autofans.com.ar\/index.php\/wp-json\/wp\/v2\/posts\/12411","targetHints":{"allow":["GET"]}}],"collection":[{"href":"https:\/\/autofans.com.ar\/index.php\/wp-json\/wp\/v2\/posts"}],"about":[{"href":"https:\/\/autofans.com.ar\/index.php\/wp-json\/wp\/v2\/types\/post"}],"author":[{"embeddable":true,"href":"https:\/\/autofans.com.ar\/index.php\/wp-json\/wp\/v2\/users\/2"}],"replies":[{"embeddable":true,"href":"https:\/\/autofans.com.ar\/index.php\/wp-json\/wp\/v2\/comments?post=12411"}],"version-history":[{"count":4,"href":"https:\/\/autofans.com.ar\/index.php\/wp-json\/wp\/v2\/posts\/12411\/revisions"}],"predecessor-version":[{"id":12422,"href":"https:\/\/autofans.com.ar\/index.php\/wp-json\/wp\/v2\/posts\/12411\/revisions\/12422"}],"wp:featuredmedia":[{"embeddable":true,"href":"https:\/\/autofans.com.ar\/index.php\/wp-json\/wp\/v2\/media\/12414"}],"wp:attachment":[{"href":"https:\/\/autofans.com.ar\/index.php\/wp-json\/wp\/v2\/media?parent=12411"}],"wp:term":[{"taxonomy":"category","embeddable":true,"href":"https:\/\/autofans.com.ar\/index.php\/wp-json\/wp\/v2\/categories?post=12411"},{"taxonomy":"post_tag","embeddable":true,"href":"https:\/\/autofans.com.ar\/index.php\/wp-json\/wp\/v2\/tags?post=12411"}],"curies":[{"name":"wp","href":"https:\/\/api.w.org\/{rel}","templated":true}]}}