{"id":12434,"date":"2025-05-15T17:00:49","date_gmt":"2025-05-15T20:00:49","guid":{"rendered":"https:\/\/autofans.com.ar\/?p=12434"},"modified":"2025-05-15T17:00:49","modified_gmt":"2025-05-15T20:00:49","slug":"volkswagen-alcanza-las-1-000-unidades-de-camiones-y-buses","status":"publish","type":"post","link":"https:\/\/autofans.com.ar\/index.php\/2025\/05\/15\/volkswagen-alcanza-las-1-000-unidades-de-camiones-y-buses\/","title":{"rendered":"Volkswagen alcanza las 1.000 unidades de camiones y buses"},"content":{"rendered":"<p class=\"ds-markdown-paragraph\">Volkswagen Argentina alcanz\u00f3 un nuevo r\u00e9cord en su Centro Industrial de C\u00f3rdoba: la producci\u00f3n de la unidad n\u00famero 1.000 de camiones y buses. Este logro llega exactamente un a\u00f1o despu\u00e9s del inicio de su fabricaci\u00f3n en serie, reforzando su posici\u00f3n en el mercado de veh\u00edculos pesados.<\/p>\n<p><span style=\"color: #ffffff;\">a<\/span><\/p>\n<blockquote>\n<p style=\"text-align: center;\">Marcellus Puig, presidente y CEO de Volkswagen Group Argentina, destac\u00f3:<br \/>\n\u00abEste hito es el resultado del gran profesionalismo y excelente trabajo en equipo de nuestros colaboradores en Argentina, con el s\u00f3lido respaldo y la interacci\u00f3n permanente del equipo con VW Caminh\u00f5es e \u00d4nibus en Brasil. Nos enorgullece ver c\u00f3mo logramos nuestro proyecto de producci\u00f3n nacional, y continuamos enfocados en fortalecer la industria automotriz regional y consolidar nuestra presencia en los mercados\u00bb.<\/p>\n<\/blockquote>\n<p><span style=\"color: #ffffff;\">c<\/span><\/p>\n<h2><strong>Volkswagen &#8211; 15.000 m\u00b2 dedicados a la movilidad<\/strong><\/h2>\n<p>&nbsp;<\/p>\n<div id='gallery-1' class='gallery galleryid-12434 gallery-columns-2 gallery-size-full'><figure class='gallery-item'>\n\t\t\t<div class='gallery-icon landscape'>\n\t\t\t\t<a href='https:\/\/autofans.com.ar\/index.php\/2025\/05\/15\/volkswagen-alcanza-las-1-000-unidades-de-camiones-y-buses\/volkwagen-3\/'><img loading=\"lazy\" width=\"1000\" height=\"667\" src=\"https:\/\/autofans.com.ar\/wp-content\/uploads\/2025\/05\/volkwagen-3.jpg\" class=\"attachment-full size-full\" alt=\"Volkswagen\" srcset=\"https:\/\/autofans.com.ar\/wp-content\/uploads\/2025\/05\/volkwagen-3.jpg 1000w, https:\/\/autofans.com.ar\/wp-content\/uploads\/2025\/05\/volkwagen-3-300x200.jpg 300w, https:\/\/autofans.com.ar\/wp-content\/uploads\/2025\/05\/volkwagen-3-768x512.jpg 768w\" sizes=\"auto, (max-width: 1000px) 100vw, 1000px\" loading=\"lazy\" decoding=\"async\" \/><\/a>\n\t\t\t<\/div><\/figure><figure class='gallery-item'>\n\t\t\t<div class='gallery-icon landscape'>\n\t\t\t\t<a href='https:\/\/autofans.com.ar\/index.php\/2025\/05\/15\/volkswagen-alcanza-las-1-000-unidades-de-camiones-y-buses\/volkswagen-2-11\/'><img loading=\"lazy\" width=\"1000\" height=\"667\" src=\"https:\/\/autofans.com.ar\/wp-content\/uploads\/2025\/05\/volkswagen-2.jpg\" class=\"attachment-full size-full\" alt=\"Volkswagen\" srcset=\"https:\/\/autofans.com.ar\/wp-content\/uploads\/2025\/05\/volkswagen-2.jpg 1000w, https:\/\/autofans.com.ar\/wp-content\/uploads\/2025\/05\/volkswagen-2-300x200.jpg 300w, https:\/\/autofans.com.ar\/wp-content\/uploads\/2025\/05\/volkswagen-2-768x512.jpg 768w\" sizes=\"auto, (max-width: 1000px) 100vw, 1000px\" loading=\"lazy\" decoding=\"async\" \/><\/a>\n\t\t\t<\/div><\/figure>\n\t\t<\/div>\n\n<p>&nbsp;<\/p>\n<p class=\"ds-markdown-paragraph\">La planta, que tambi\u00e9n produce transmisiones para el Grupo Volkswagen y motocicletas Ducati, cuenta con una l\u00ednea de ensamblaje exclusiva de 15.000 m\u00b2. All\u00ed se fabrican cinco versiones de los modelos Delivery, Constellation y Volksbus, todos homologados para el mercado local.<\/p>\n<p><span style=\"color: #ffffff;\">p<\/span><\/p>\n<blockquote>\n<p style=\"text-align: center;\">Roberto Cortes, presidente y CEO de Volkswagen Camiones y Buses, celebr\u00f3: \u00abEstamos avanzando en la internacionalizaci\u00f3n de nuestra marca, y esta alianza en Argentina es esencial para los resultados alcanzados. En 2024 logramos el mayor volumen de producci\u00f3n fuera de Brasil en nuestra historia y gran parte provino de nuestra l\u00ednea de montaje en C\u00f3rdoba, que ya se muestra estrat\u00e9gica para crecer en el exterior\u00bb.<\/p>\n<\/blockquote>\n<p><span style=\"color: #ffffff;\">l<\/span><\/p>\n<h2>Inversi\u00f3n r\u00e9cord y crecimiento sostenido<\/h2>\n<p>&nbsp;<\/p>\n<div id='gallery-2' class='gallery galleryid-12434 gallery-columns-2 gallery-size-full'><figure class='gallery-item'>\n\t\t\t<div class='gallery-icon landscape'>\n\t\t\t\t<a href='https:\/\/autofans.com.ar\/index.php\/2025\/05\/15\/volkswagen-alcanza-las-1-000-unidades-de-camiones-y-buses\/volkswagen-4-7\/'><img loading=\"lazy\" width=\"1000\" height=\"667\" src=\"https:\/\/autofans.com.ar\/wp-content\/uploads\/2025\/05\/volkswagen-4-1.jpg\" class=\"attachment-full size-full\" alt=\"Volkswagen\" srcset=\"https:\/\/autofans.com.ar\/wp-content\/uploads\/2025\/05\/volkswagen-4-1.jpg 1000w, https:\/\/autofans.com.ar\/wp-content\/uploads\/2025\/05\/volkswagen-4-1-300x200.jpg 300w, https:\/\/autofans.com.ar\/wp-content\/uploads\/2025\/05\/volkswagen-4-1-768x512.jpg 768w\" sizes=\"auto, (max-width: 1000px) 100vw, 1000px\" loading=\"lazy\" decoding=\"async\" \/><\/a>\n\t\t\t<\/div><\/figure><figure class='gallery-item'>\n\t\t\t<div class='gallery-icon landscape'>\n\t\t\t\t<a href='https:\/\/autofans.com.ar\/index.php\/2025\/05\/15\/volkswagen-alcanza-las-1-000-unidades-de-camiones-y-buses\/volkswagen-1-11\/'><img loading=\"lazy\" width=\"1000\" height=\"667\" src=\"https:\/\/autofans.com.ar\/wp-content\/uploads\/2025\/05\/volkswagen-1-1.jpg\" class=\"attachment-full size-full\" alt=\"Volkswagen\" srcset=\"https:\/\/autofans.com.ar\/wp-content\/uploads\/2025\/05\/volkswagen-1-1.jpg 1000w, https:\/\/autofans.com.ar\/wp-content\/uploads\/2025\/05\/volkswagen-1-1-300x200.jpg 300w, https:\/\/autofans.com.ar\/wp-content\/uploads\/2025\/05\/volkswagen-1-1-768x512.jpg 768w\" sizes=\"auto, (max-width: 1000px) 100vw, 1000px\" loading=\"lazy\" decoding=\"async\" \/><\/a>\n\t\t\t<\/div><\/figure>\n\t\t<\/div>\n\n<p>&nbsp;<\/p>\n<p class=\"ds-markdown-paragraph\">La inversi\u00f3n de 300 millones de d\u00f3lares refleja el compromiso de la marca con el desarrollo industrial argentino. Con una proyecci\u00f3n de 1.200 unidades para 2025, Volkswagen consolida su crecimiento en el sector.<\/p>\n<p><span style=\"color: #ffffff;\">.<\/span><\/p>\n<p><span style=\"color: #ffffff;\">,<\/span><\/p>\n<p><span style=\"color: #ffffff;\">\/<\/span><\/p>\n<p><i>Para enterarte de m\u00e1s novedades, no dejes de leer\u00a0<\/i><a href=\"https:\/\/autofans.thebrandsoup.com\/\"><i>nuestras notas<\/i><\/a><i>, de ver\u00a0<\/i><a href=\"https:\/\/www.youtube.com\/channel\/UCgAC8UGHZYbT6P7PpmVnP7g\"><i>AUTOFANS TV<\/i><\/a><i>\u00a0en nuestro\u00a0canal de Youtube. Adem\u00e1s seguinos en\u00a0<\/i><a href=\"https:\/\/www.instagram.com\/autofanstv\/\"><i>INSTAGRAM<\/i><\/a><i> y <\/i><a href=\"https:\/\/www.facebook.com\/autofansmas\/\"><i>FACEBOOK<\/i><\/a><i> para no perderte nada sobre las novedades del segmento automotor de Argentina y el mundo.<\/i><\/p>\n","protected":false},"excerpt":{"rendered":"<p>Volkswagen Argentina alcanz\u00f3 un nuevo r\u00e9cord en su Centro Industrial de C\u00f3rdoba: la producci\u00f3n de&#8230;<\/p>\n","protected":false},"author":2,"featured_media":12435,"comment_status":"closed","ping_status":"closed","sticky":false,"template":"","format":"standard","meta":{"footnotes":""},"categories":[16,10],"tags":[6704,1551,1556,1555,86,6705,875,6706,75],"class_list":["post-12434","post","type-post","status-publish","format-standard","has-post-thumbnail","hentry","category-noticias","category-utilitarios-y-pesados-lanzamientos","tag-buses-volkswagen","tag-camiones-volkswagen","tag-constellation","tag-delivery","tag-industria-automotriz","tag-produccion-cordoba","tag-vehiculos-pesados","tag-volksbus","tag-volkswagen-argentina"],"yoast_head":"<!-- This site is optimized with the Yoast SEO plugin v27.5 - https:\/\/yoast.com\/product\/yoast-seo-wordpress\/ -->\n<title>Volkswagen alcanza las 1.000 unidades de camiones y buses -<\/title>\n<meta name=\"description\" content=\"Volkswagen Argentina alcanz\u00f3 un nuevo r\u00e9cord en su Centro Industrial de C\u00f3rdoba: la producci\u00f3n de la unidad n\u00famero 1.000 de camiones y buses.\" \/>\n<meta name=\"robots\" content=\"index, follow, max-snippet:-1, max-image-preview:large, max-video-preview:-1\" \/>\n<link rel=\"canonical\" href=\"https:\/\/autofans.com.ar\/index.php\/2025\/05\/15\/volkswagen-alcanza-las-1-000-unidades-de-camiones-y-buses\/\" \/>\n<meta property=\"og:locale\" content=\"es_ES\" \/>\n<meta property=\"og:type\" content=\"article\" \/>\n<meta property=\"og:title\" content=\"Volkswagen alcanza las 1.000 unidades de camiones y buses -\" \/>\n<meta property=\"og:description\" content=\"Volkswagen Argentina alcanz\u00f3 un nuevo r\u00e9cord en su Centro Industrial de C\u00f3rdoba: la producci\u00f3n de la unidad n\u00famero 1.000 de camiones y buses.\" \/>\n<meta property=\"og:url\" content=\"https:\/\/autofans.com.ar\/index.php\/2025\/05\/15\/volkswagen-alcanza-las-1-000-unidades-de-camiones-y-buses\/\" \/>\n<meta property=\"article:published_time\" content=\"2025-05-15T20:00:49+00:00\" \/>\n<meta property=\"og:image\" content=\"https:\/\/autofans.com.ar\/wp-content\/uploads\/2025\/05\/volkswagen-5-1.jpg\" \/>\n\t<meta property=\"og:image:width\" content=\"1000\" \/>\n\t<meta property=\"og:image:height\" content=\"667\" \/>\n\t<meta property=\"og:image:type\" content=\"image\/jpeg\" \/>\n<meta name=\"author\" content=\"Alejandro Gabriel Rosito\" \/>\n<meta name=\"twitter:card\" content=\"summary_large_image\" \/>\n<meta name=\"twitter:label1\" content=\"Escrito por\" \/>\n\t<meta name=\"twitter:data1\" content=\"Alejandro Gabriel Rosito\" \/>\n\t<meta name=\"twitter:label2\" content=\"Tiempo de lectura\" \/>\n\t<meta name=\"twitter:data2\" content=\"2 minutos\" \/>\n<script type=\"application\/ld+json\" class=\"yoast-schema-graph\">{\"@context\":\"https:\\\/\\\/schema.org\",\"@graph\":[{\"@type\":\"Article\",\"@id\":\"https:\\\/\\\/autofans.com.ar\\\/index.php\\\/2025\\\/05\\\/15\\\/volkswagen-alcanza-las-1-000-unidades-de-camiones-y-buses\\\/#article\",\"isPartOf\":{\"@id\":\"https:\\\/\\\/autofans.com.ar\\\/index.php\\\/2025\\\/05\\\/15\\\/volkswagen-alcanza-las-1-000-unidades-de-camiones-y-buses\\\/\"},\"author\":{\"name\":\"Alejandro Gabriel Rosito\",\"@id\":\"https:\\\/\\\/autofans.com.ar\\\/#\\\/schema\\\/person\\\/4a8dda0b6df83ac3d6723e921274c2aa\"},\"headline\":\"Volkswagen alcanza las 1.000 unidades de camiones y buses\",\"datePublished\":\"2025-05-15T20:00:49+00:00\",\"mainEntityOfPage\":{\"@id\":\"https:\\\/\\\/autofans.com.ar\\\/index.php\\\/2025\\\/05\\\/15\\\/volkswagen-alcanza-las-1-000-unidades-de-camiones-y-buses\\\/\"},\"wordCount\":357,\"image\":{\"@id\":\"https:\\\/\\\/autofans.com.ar\\\/index.php\\\/2025\\\/05\\\/15\\\/volkswagen-alcanza-las-1-000-unidades-de-camiones-y-buses\\\/#primaryimage\"},\"thumbnailUrl\":\"https:\\\/\\\/autofans.com.ar\\\/wp-content\\\/uploads\\\/2025\\\/05\\\/volkswagen-5-1.jpg\",\"keywords\":[\"buses Volkswagen\",\"camiones Volkswagen\",\"Constellation\",\"Delivery\",\"Industria Automotriz\",\"producci\u00f3n C\u00f3rdoba\",\"veh\u00edculos pesados\",\"Volksbus\",\"Volkswagen Argentina\"],\"articleSection\":[\"NOTICIAS\",\"Pick Ups, Utilitarios y Pesados\"],\"inLanguage\":\"es\"},{\"@type\":\"WebPage\",\"@id\":\"https:\\\/\\\/autofans.com.ar\\\/index.php\\\/2025\\\/05\\\/15\\\/volkswagen-alcanza-las-1-000-unidades-de-camiones-y-buses\\\/\",\"url\":\"https:\\\/\\\/autofans.com.ar\\\/index.php\\\/2025\\\/05\\\/15\\\/volkswagen-alcanza-las-1-000-unidades-de-camiones-y-buses\\\/\",\"name\":\"Volkswagen alcanza las 1.000 unidades de camiones y buses -\",\"isPartOf\":{\"@id\":\"https:\\\/\\\/autofans.com.ar\\\/#website\"},\"primaryImageOfPage\":{\"@id\":\"https:\\\/\\\/autofans.com.ar\\\/index.php\\\/2025\\\/05\\\/15\\\/volkswagen-alcanza-las-1-000-unidades-de-camiones-y-buses\\\/#primaryimage\"},\"image\":{\"@id\":\"https:\\\/\\\/autofans.com.ar\\\/index.php\\\/2025\\\/05\\\/15\\\/volkswagen-alcanza-las-1-000-unidades-de-camiones-y-buses\\\/#primaryimage\"},\"thumbnailUrl\":\"https:\\\/\\\/autofans.com.ar\\\/wp-content\\\/uploads\\\/2025\\\/05\\\/volkswagen-5-1.jpg\",\"datePublished\":\"2025-05-15T20:00:49+00:00\",\"author\":{\"@id\":\"https:\\\/\\\/autofans.com.ar\\\/#\\\/schema\\\/person\\\/4a8dda0b6df83ac3d6723e921274c2aa\"},\"description\":\"Volkswagen Argentina alcanz\u00f3 un nuevo r\u00e9cord en su Centro Industrial de C\u00f3rdoba: la producci\u00f3n de la unidad n\u00famero 1.000 de camiones y buses.\",\"breadcrumb\":{\"@id\":\"https:\\\/\\\/autofans.com.ar\\\/index.php\\\/2025\\\/05\\\/15\\\/volkswagen-alcanza-las-1-000-unidades-de-camiones-y-buses\\\/#breadcrumb\"},\"inLanguage\":\"es\",\"potentialAction\":[{\"@type\":\"ReadAction\",\"target\":[\"https:\\\/\\\/autofans.com.ar\\\/index.php\\\/2025\\\/05\\\/15\\\/volkswagen-alcanza-las-1-000-unidades-de-camiones-y-buses\\\/\"]}]},{\"@type\":\"ImageObject\",\"inLanguage\":\"es\",\"@id\":\"https:\\\/\\\/autofans.com.ar\\\/index.php\\\/2025\\\/05\\\/15\\\/volkswagen-alcanza-las-1-000-unidades-de-camiones-y-buses\\\/#primaryimage\",\"url\":\"https:\\\/\\\/autofans.com.ar\\\/wp-content\\\/uploads\\\/2025\\\/05\\\/volkswagen-5-1.jpg\",\"contentUrl\":\"https:\\\/\\\/autofans.com.ar\\\/wp-content\\\/uploads\\\/2025\\\/05\\\/volkswagen-5-1.jpg\",\"width\":1000,\"height\":667,\"caption\":\"Volkswagen\"},{\"@type\":\"BreadcrumbList\",\"@id\":\"https:\\\/\\\/autofans.com.ar\\\/index.php\\\/2025\\\/05\\\/15\\\/volkswagen-alcanza-las-1-000-unidades-de-camiones-y-buses\\\/#breadcrumb\",\"itemListElement\":[{\"@type\":\"ListItem\",\"position\":1,\"name\":\"Inicio\",\"item\":\"https:\\\/\\\/autofans.com.ar\\\/\"},{\"@type\":\"ListItem\",\"position\":2,\"name\":\"Volkswagen alcanza las 1.000 unidades de camiones y buses\"}]},{\"@type\":\"WebSite\",\"@id\":\"https:\\\/\\\/autofans.com.ar\\\/#website\",\"url\":\"https:\\\/\\\/autofans.com.ar\\\/\",\"name\":\"\",\"description\":\"El multimedio referente de la industria automotriz\",\"potentialAction\":[{\"@type\":\"SearchAction\",\"target\":{\"@type\":\"EntryPoint\",\"urlTemplate\":\"https:\\\/\\\/autofans.com.ar\\\/?s={search_term_string}\"},\"query-input\":{\"@type\":\"PropertyValueSpecification\",\"valueRequired\":true,\"valueName\":\"search_term_string\"}}],\"inLanguage\":\"es\"},{\"@type\":\"Person\",\"@id\":\"https:\\\/\\\/autofans.com.ar\\\/#\\\/schema\\\/person\\\/4a8dda0b6df83ac3d6723e921274c2aa\",\"name\":\"Alejandro Gabriel Rosito\",\"image\":{\"@type\":\"ImageObject\",\"inLanguage\":\"es\",\"@id\":\"https:\\\/\\\/secure.gravatar.com\\\/avatar\\\/16c5dda1489adfc62618084dcbb91cffd879c374b13fe5dd8e44ed6733852c88?s=96&d=mm&r=g\",\"url\":\"https:\\\/\\\/secure.gravatar.com\\\/avatar\\\/16c5dda1489adfc62618084dcbb91cffd879c374b13fe5dd8e44ed6733852c88?s=96&d=mm&r=g\",\"contentUrl\":\"https:\\\/\\\/secure.gravatar.com\\\/avatar\\\/16c5dda1489adfc62618084dcbb91cffd879c374b13fe5dd8e44ed6733852c88?s=96&d=mm&r=g\",\"caption\":\"Alejandro Gabriel Rosito\"},\"url\":\"https:\\\/\\\/autofans.com.ar\\\/index.php\\\/author\\\/gabrielr\\\/\"}]}<\/script>\n<!-- \/ Yoast SEO plugin. -->","yoast_head_json":{"title":"Volkswagen alcanza las 1.000 unidades de camiones y buses -","description":"Volkswagen Argentina alcanz\u00f3 un nuevo r\u00e9cord en su Centro Industrial de C\u00f3rdoba: la producci\u00f3n de la unidad n\u00famero 1.000 de camiones y buses.","robots":{"index":"index","follow":"follow","max-snippet":"max-snippet:-1","max-image-preview":"max-image-preview:large","max-video-preview":"max-video-preview:-1"},"canonical":"https:\/\/autofans.com.ar\/index.php\/2025\/05\/15\/volkswagen-alcanza-las-1-000-unidades-de-camiones-y-buses\/","og_locale":"es_ES","og_type":"article","og_title":"Volkswagen alcanza las 1.000 unidades de camiones y buses -","og_description":"Volkswagen Argentina alcanz\u00f3 un nuevo r\u00e9cord en su Centro Industrial de C\u00f3rdoba: la producci\u00f3n de la unidad n\u00famero 1.000 de camiones y buses.","og_url":"https:\/\/autofans.com.ar\/index.php\/2025\/05\/15\/volkswagen-alcanza-las-1-000-unidades-de-camiones-y-buses\/","article_published_time":"2025-05-15T20:00:49+00:00","og_image":[{"width":1000,"height":667,"url":"https:\/\/autofans.com.ar\/wp-content\/uploads\/2025\/05\/volkswagen-5-1.jpg","type":"image\/jpeg"}],"author":"Alejandro Gabriel Rosito","twitter_card":"summary_large_image","twitter_misc":{"Escrito por":"Alejandro Gabriel Rosito","Tiempo de lectura":"2 minutos"},"schema":{"@context":"https:\/\/schema.org","@graph":[{"@type":"Article","@id":"https:\/\/autofans.com.ar\/index.php\/2025\/05\/15\/volkswagen-alcanza-las-1-000-unidades-de-camiones-y-buses\/#article","isPartOf":{"@id":"https:\/\/autofans.com.ar\/index.php\/2025\/05\/15\/volkswagen-alcanza-las-1-000-unidades-de-camiones-y-buses\/"},"author":{"name":"Alejandro Gabriel Rosito","@id":"https:\/\/autofans.com.ar\/#\/schema\/person\/4a8dda0b6df83ac3d6723e921274c2aa"},"headline":"Volkswagen alcanza las 1.000 unidades de camiones y buses","datePublished":"2025-05-15T20:00:49+00:00","mainEntityOfPage":{"@id":"https:\/\/autofans.com.ar\/index.php\/2025\/05\/15\/volkswagen-alcanza-las-1-000-unidades-de-camiones-y-buses\/"},"wordCount":357,"image":{"@id":"https:\/\/autofans.com.ar\/index.php\/2025\/05\/15\/volkswagen-alcanza-las-1-000-unidades-de-camiones-y-buses\/#primaryimage"},"thumbnailUrl":"https:\/\/autofans.com.ar\/wp-content\/uploads\/2025\/05\/volkswagen-5-1.jpg","keywords":["buses Volkswagen","camiones Volkswagen","Constellation","Delivery","Industria Automotriz","producci\u00f3n C\u00f3rdoba","veh\u00edculos pesados","Volksbus","Volkswagen Argentina"],"articleSection":["NOTICIAS","Pick Ups, Utilitarios y Pesados"],"inLanguage":"es"},{"@type":"WebPage","@id":"https:\/\/autofans.com.ar\/index.php\/2025\/05\/15\/volkswagen-alcanza-las-1-000-unidades-de-camiones-y-buses\/","url":"https:\/\/autofans.com.ar\/index.php\/2025\/05\/15\/volkswagen-alcanza-las-1-000-unidades-de-camiones-y-buses\/","name":"Volkswagen alcanza las 1.000 unidades de camiones y buses -","isPartOf":{"@id":"https:\/\/autofans.com.ar\/#website"},"primaryImageOfPage":{"@id":"https:\/\/autofans.com.ar\/index.php\/2025\/05\/15\/volkswagen-alcanza-las-1-000-unidades-de-camiones-y-buses\/#primaryimage"},"image":{"@id":"https:\/\/autofans.com.ar\/index.php\/2025\/05\/15\/volkswagen-alcanza-las-1-000-unidades-de-camiones-y-buses\/#primaryimage"},"thumbnailUrl":"https:\/\/autofans.com.ar\/wp-content\/uploads\/2025\/05\/volkswagen-5-1.jpg","datePublished":"2025-05-15T20:00:49+00:00","author":{"@id":"https:\/\/autofans.com.ar\/#\/schema\/person\/4a8dda0b6df83ac3d6723e921274c2aa"},"description":"Volkswagen Argentina alcanz\u00f3 un nuevo r\u00e9cord en su Centro Industrial de C\u00f3rdoba: la producci\u00f3n de la unidad n\u00famero 1.000 de camiones y buses.","breadcrumb":{"@id":"https:\/\/autofans.com.ar\/index.php\/2025\/05\/15\/volkswagen-alcanza-las-1-000-unidades-de-camiones-y-buses\/#breadcrumb"},"inLanguage":"es","potentialAction":[{"@type":"ReadAction","target":["https:\/\/autofans.com.ar\/index.php\/2025\/05\/15\/volkswagen-alcanza-las-1-000-unidades-de-camiones-y-buses\/"]}]},{"@type":"ImageObject","inLanguage":"es","@id":"https:\/\/autofans.com.ar\/index.php\/2025\/05\/15\/volkswagen-alcanza-las-1-000-unidades-de-camiones-y-buses\/#primaryimage","url":"https:\/\/autofans.com.ar\/wp-content\/uploads\/2025\/05\/volkswagen-5-1.jpg","contentUrl":"https:\/\/autofans.com.ar\/wp-content\/uploads\/2025\/05\/volkswagen-5-1.jpg","width":1000,"height":667,"caption":"Volkswagen"},{"@type":"BreadcrumbList","@id":"https:\/\/autofans.com.ar\/index.php\/2025\/05\/15\/volkswagen-alcanza-las-1-000-unidades-de-camiones-y-buses\/#breadcrumb","itemListElement":[{"@type":"ListItem","position":1,"name":"Inicio","item":"https:\/\/autofans.com.ar\/"},{"@type":"ListItem","position":2,"name":"Volkswagen alcanza las 1.000 unidades de camiones y buses"}]},{"@type":"WebSite","@id":"https:\/\/autofans.com.ar\/#website","url":"https:\/\/autofans.com.ar\/","name":"","description":"El multimedio referente de la industria automotriz","potentialAction":[{"@type":"SearchAction","target":{"@type":"EntryPoint","urlTemplate":"https:\/\/autofans.com.ar\/?s={search_term_string}"},"query-input":{"@type":"PropertyValueSpecification","valueRequired":true,"valueName":"search_term_string"}}],"inLanguage":"es"},{"@type":"Person","@id":"https:\/\/autofans.com.ar\/#\/schema\/person\/4a8dda0b6df83ac3d6723e921274c2aa","name":"Alejandro Gabriel Rosito","image":{"@type":"ImageObject","inLanguage":"es","@id":"https:\/\/secure.gravatar.com\/avatar\/16c5dda1489adfc62618084dcbb91cffd879c374b13fe5dd8e44ed6733852c88?s=96&d=mm&r=g","url":"https:\/\/secure.gravatar.com\/avatar\/16c5dda1489adfc62618084dcbb91cffd879c374b13fe5dd8e44ed6733852c88?s=96&d=mm&r=g","contentUrl":"https:\/\/secure.gravatar.com\/avatar\/16c5dda1489adfc62618084dcbb91cffd879c374b13fe5dd8e44ed6733852c88?s=96&d=mm&r=g","caption":"Alejandro Gabriel Rosito"},"url":"https:\/\/autofans.com.ar\/index.php\/author\/gabrielr\/"}]}},"featured_image_urls":{"full":["https:\/\/autofans.com.ar\/wp-content\/uploads\/2025\/05\/volkswagen-5-1.jpg",1000,667,false],"thumbnail":["https:\/\/autofans.com.ar\/wp-content\/uploads\/2025\/05\/volkswagen-5-1-150x150.jpg",150,150,true],"medium":["https:\/\/autofans.com.ar\/wp-content\/uploads\/2025\/05\/volkswagen-5-1-300x200.jpg",300,200,true],"medium_large":["https:\/\/autofans.com.ar\/wp-content\/uploads\/2025\/05\/volkswagen-5-1-768x512.jpg",640,427,true],"large":["https:\/\/autofans.com.ar\/wp-content\/uploads\/2025\/05\/volkswagen-5-1.jpg",640,427,false],"1536x1536":["https:\/\/autofans.com.ar\/wp-content\/uploads\/2025\/05\/volkswagen-5-1.jpg",1000,667,false],"2048x2048":["https:\/\/autofans.com.ar\/wp-content\/uploads\/2025\/05\/volkswagen-5-1.jpg",1000,667,false],"covernews-featured":["https:\/\/autofans.com.ar\/wp-content\/uploads\/2025\/05\/volkswagen-5-1.jpg",1000,667,false],"covernews-medium":["https:\/\/autofans.com.ar\/wp-content\/uploads\/2025\/05\/volkswagen-5-1-540x340.jpg",540,340,true]},"author_info":{"display_name":"Alejandro Gabriel Rosito","author_link":"https:\/\/autofans.com.ar\/index.php\/author\/gabrielr\/"},"category_info":"<a href=\"https:\/\/autofans.com.ar\/index.php\/category\/noticias\/\" rel=\"category tag\">NOTICIAS<\/a> <a href=\"https:\/\/autofans.com.ar\/index.php\/category\/lanzamientos\/utilitarios-y-pesados-lanzamientos\/\" rel=\"category tag\">Pick Ups, Utilitarios y Pesados<\/a>","tag_info":"Pick Ups, Utilitarios y Pesados","comment_count":0,"_links":{"self":[{"href":"https:\/\/autofans.com.ar\/index.php\/wp-json\/wp\/v2\/posts\/12434","targetHints":{"allow":["GET"]}}],"collection":[{"href":"https:\/\/autofans.com.ar\/index.php\/wp-json\/wp\/v2\/posts"}],"about":[{"href":"https:\/\/autofans.com.ar\/index.php\/wp-json\/wp\/v2\/types\/post"}],"author":[{"embeddable":true,"href":"https:\/\/autofans.com.ar\/index.php\/wp-json\/wp\/v2\/users\/2"}],"replies":[{"embeddable":true,"href":"https:\/\/autofans.com.ar\/index.php\/wp-json\/wp\/v2\/comments?post=12434"}],"version-history":[{"count":2,"href":"https:\/\/autofans.com.ar\/index.php\/wp-json\/wp\/v2\/posts\/12434\/revisions"}],"predecessor-version":[{"id":12442,"href":"https:\/\/autofans.com.ar\/index.php\/wp-json\/wp\/v2\/posts\/12434\/revisions\/12442"}],"wp:featuredmedia":[{"embeddable":true,"href":"https:\/\/autofans.com.ar\/index.php\/wp-json\/wp\/v2\/media\/12435"}],"wp:attachment":[{"href":"https:\/\/autofans.com.ar\/index.php\/wp-json\/wp\/v2\/media?parent=12434"}],"wp:term":[{"taxonomy":"category","embeddable":true,"href":"https:\/\/autofans.com.ar\/index.php\/wp-json\/wp\/v2\/categories?post=12434"},{"taxonomy":"post_tag","embeddable":true,"href":"https:\/\/autofans.com.ar\/index.php\/wp-json\/wp\/v2\/tags?post=12434"}],"curies":[{"name":"wp","href":"https:\/\/api.w.org\/{rel}","templated":true}]}}