{"id":12443,"date":"2025-05-15T18:59:20","date_gmt":"2025-05-15T21:59:20","guid":{"rendered":"https:\/\/autofans.com.ar\/?p=12443"},"modified":"2025-05-15T18:59:20","modified_gmt":"2025-05-15T21:59:20","slug":"fiat-titano-la-pick-up-que-stellantis-producira-en-cordoba","status":"publish","type":"post","link":"https:\/\/autofans.com.ar\/index.php\/2025\/05\/15\/fiat-titano-la-pick-up-que-stellantis-producira-en-cordoba\/","title":{"rendered":"Fiat Titano, la pick-up que Stellantis producir\u00e1 en C\u00f3rdoba"},"content":{"rendered":"<p class=\"ds-markdown-paragraph\">El Polo Industrial C\u00f3rdoba de Stellantis comienza la producci\u00f3n de la Fiat Titano, la primera pick-up de una nueva l\u00ednea de veh\u00edculos destinados a la exportaci\u00f3n regional. Este proyecto, parte de una inversi\u00f3n de US$ 385 millones, posiciona a la planta como un hub estrat\u00e9gico para el grupo.<\/p>\n<p><span style=\"color: #ffffff;\">h<\/span><\/p>\n<h2>Fiat Titano &#8211; claves del proyecto<\/h2>\n<p><span style=\"color: #ffffff;\">g<\/span><\/p>\n<div id='gallery-1' class='gallery galleryid-12443 gallery-columns-2 gallery-size-full'><figure class='gallery-item'>\n\t\t\t<div class='gallery-icon landscape'>\n\t\t\t\t<a href='https:\/\/autofans.com.ar\/index.php\/2025\/05\/15\/fiat-titano-la-pick-up-que-stellantis-producira-en-cordoba\/fiat-1-9\/'><img loading=\"lazy\" width=\"1000\" height=\"667\" src=\"https:\/\/autofans.com.ar\/wp-content\/uploads\/2025\/05\/fiat-1-1.jpg\" class=\"attachment-full size-full\" alt=\"Fiat Titano\" srcset=\"https:\/\/autofans.com.ar\/wp-content\/uploads\/2025\/05\/fiat-1-1.jpg 1000w, https:\/\/autofans.com.ar\/wp-content\/uploads\/2025\/05\/fiat-1-1-300x200.jpg 300w, https:\/\/autofans.com.ar\/wp-content\/uploads\/2025\/05\/fiat-1-1-768x512.jpg 768w\" sizes=\"auto, (max-width: 1000px) 100vw, 1000px\" loading=\"lazy\" decoding=\"async\" \/><\/a>\n\t\t\t<\/div><\/figure><figure class='gallery-item'>\n\t\t\t<div class='gallery-icon landscape'>\n\t\t\t\t<a href='https:\/\/autofans.com.ar\/index.php\/2025\/05\/15\/fiat-titano-la-pick-up-que-stellantis-producira-en-cordoba\/fiat-2-12\/'><img loading=\"lazy\" width=\"1000\" height=\"667\" src=\"https:\/\/autofans.com.ar\/wp-content\/uploads\/2025\/05\/fiat-2-1.jpg\" class=\"attachment-full size-full\" alt=\"Fiat Titano\" srcset=\"https:\/\/autofans.com.ar\/wp-content\/uploads\/2025\/05\/fiat-2-1.jpg 1000w, https:\/\/autofans.com.ar\/wp-content\/uploads\/2025\/05\/fiat-2-1-300x200.jpg 300w, https:\/\/autofans.com.ar\/wp-content\/uploads\/2025\/05\/fiat-2-1-768x512.jpg 768w\" sizes=\"auto, (max-width: 1000px) 100vw, 1000px\" loading=\"lazy\" decoding=\"async\" \/><\/a>\n\t\t\t<\/div><\/figure>\n\t\t<\/div>\n\n<p><span style=\"color: #ffffff;\">r<\/span><\/p>\n<ul>\n<li>\n<p class=\"ds-markdown-paragraph\">Enfoque exportador: La Titano ser\u00e1 distribuida en toda Latinoam\u00e9rica.<\/p>\n<\/li>\n<li>\n<p class=\"ds-markdown-paragraph\">Generaci\u00f3n de empleo: Se crear\u00e1n 1800 puestos, con paridad de g\u00e9nero (50% mujeres).<\/p>\n<\/li>\n<li>\n<p class=\"ds-markdown-paragraph\">Motor local: En paralelo, se desarrolla el MultiJet 2.2, un propulsor robusto que equipar\u00e1 modelos de Stellantis a partir de 2027.<\/p>\n<\/li>\n<\/ul>\n<p>&nbsp;<\/p>\n<h2>Inversi\u00f3n y competitividad<\/h2>\n<p><span style=\"color: #ffffff;\">k<\/span><\/p>\n<div id='gallery-2' class='gallery galleryid-12443 gallery-columns-2 gallery-size-full'><figure class='gallery-item'>\n\t\t\t<div class='gallery-icon landscape'>\n\t\t\t\t<a href='https:\/\/autofans.com.ar\/index.php\/2025\/05\/15\/fiat-titano-la-pick-up-que-stellantis-producira-en-cordoba\/fiat-4-9\/'><img loading=\"lazy\" width=\"1000\" height=\"667\" src=\"https:\/\/autofans.com.ar\/wp-content\/uploads\/2025\/05\/fiat-4.jpg\" class=\"attachment-full size-full\" alt=\"Fiat Titano\" srcset=\"https:\/\/autofans.com.ar\/wp-content\/uploads\/2025\/05\/fiat-4.jpg 1000w, https:\/\/autofans.com.ar\/wp-content\/uploads\/2025\/05\/fiat-4-300x200.jpg 300w, https:\/\/autofans.com.ar\/wp-content\/uploads\/2025\/05\/fiat-4-768x512.jpg 768w\" sizes=\"auto, (max-width: 1000px) 100vw, 1000px\" loading=\"lazy\" decoding=\"async\" \/><\/a>\n\t\t\t<\/div><\/figure><figure class='gallery-item'>\n\t\t\t<div class='gallery-icon landscape'>\n\t\t\t\t<a href='https:\/\/autofans.com.ar\/index.php\/2025\/05\/15\/fiat-titano-la-pick-up-que-stellantis-producira-en-cordoba\/fiat-3-10\/'><img loading=\"lazy\" width=\"1000\" height=\"667\" src=\"https:\/\/autofans.com.ar\/wp-content\/uploads\/2025\/05\/fiat-3-1.jpg\" class=\"attachment-full size-full\" alt=\"Fiat Titano\" srcset=\"https:\/\/autofans.com.ar\/wp-content\/uploads\/2025\/05\/fiat-3-1.jpg 1000w, https:\/\/autofans.com.ar\/wp-content\/uploads\/2025\/05\/fiat-3-1-300x200.jpg 300w, https:\/\/autofans.com.ar\/wp-content\/uploads\/2025\/05\/fiat-3-1-768x512.jpg 768w\" sizes=\"auto, (max-width: 1000px) 100vw, 1000px\" loading=\"lazy\" decoding=\"async\" \/><\/a>\n\t\t\t<\/div><\/figure>\n\t\t<\/div>\n\n<p>&nbsp;<\/p>\n<p><span style=\"color: #ffffff;\">p<\/span><\/p>\n<p class=\"ds-markdown-paragraph\">Los fondos se destinaron a tecnolog\u00eda, componentes de calidad y capacitaci\u00f3n laboral, reforzando la integraci\u00f3n local y la diversidad. La planta de Ferreyra consolida as\u00ed su rol en el mercado de pick-ups, combinando producci\u00f3n masiva con est\u00e1ndares inclusivos.<\/p>\n<p><span style=\"color: #ffffff;\">.<\/span><\/p>\n<p><center><iframe title=\"Fiat Titano, la pick-up que Stellantis producir\u00e1 en C\u00f3rdoba #fiat #stellantis\" width=\"640\" height=\"360\" src=\"https:\/\/www.youtube.com\/embed\/xh_iG8HlClA?feature=oembed\" frameborder=\"0\" allow=\"accelerometer; autoplay; clipboard-write; encrypted-media; gyroscope; picture-in-picture; web-share\" referrerpolicy=\"strict-origin-when-cross-origin\" allowfullscreen><\/iframe><\/p>\n<p><\/center><span style=\"color: #ffffff;\">,<\/span><\/p>\n<p><span style=\"color: #ffffff;\">;<\/span><\/p>\n<p><i>Para enterarte de m\u00e1s novedades, no dejes de leer\u00a0<\/i><a href=\"https:\/\/autofans.thebrandsoup.com\/\"><i>nuestras notas<\/i><\/a><i>, de ver\u00a0<\/i><a href=\"https:\/\/www.youtube.com\/channel\/UCgAC8UGHZYbT6P7PpmVnP7g\"><i>AUTOFANS TV<\/i><\/a><i>\u00a0en nuestro\u00a0canal de Youtube. Adem\u00e1s seguinos en\u00a0<\/i><a href=\"https:\/\/www.instagram.com\/autofanstv\/\"><i>INSTAGRAM<\/i><\/a><i> y <\/i><a href=\"https:\/\/www.facebook.com\/autofansmas\/\"><i>FACEBOOK<\/i><\/a><i> para no perderte nada sobre las novedades del segmento automotor de Argentina y el mundo.<\/i><\/p>\n","protected":false},"excerpt":{"rendered":"<p>El Polo Industrial C\u00f3rdoba de Stellantis comienza la producci\u00f3n de la Fiat Titano, la primera&#8230;<\/p>\n","protected":false},"author":2,"featured_media":12452,"comment_status":"closed","ping_status":"closed","sticky":false,"template":"","format":"standard","meta":{"footnotes":""},"categories":[292,16],"tags":[6709,6707,3783,3717,6708,2927,1408,37],"class_list":["post-12443","post","type-post","status-publish","format-standard","has-post-thumbnail","hentry","category-empresas","category-noticias","tag-empleo-industrial","tag-exportacion-automotriz","tag-fiat-titano","tag-inversion-automotriz","tag-multijet-2-2","tag-pick-up-argentina","tag-polo-industrial-cordoba","tag-stellantis"],"yoast_head":"<!-- This site is optimized with the Yoast SEO plugin v27.5 - https:\/\/yoast.com\/product\/yoast-seo-wordpress\/ -->\n<title>Fiat Titano, la pick-up que Stellantis producir\u00e1 en C\u00f3rdoba -<\/title>\n<meta name=\"description\" content=\"El Polo Industrial C\u00f3rdoba de Stellantis comienza la producci\u00f3n de la Fiat Titano, la primera pick-up de una nueva l\u00ednea de veh\u00edculos...\" \/>\n<meta name=\"robots\" content=\"index, follow, max-snippet:-1, max-image-preview:large, max-video-preview:-1\" \/>\n<link rel=\"canonical\" href=\"https:\/\/autofans.com.ar\/index.php\/2025\/05\/15\/fiat-titano-la-pick-up-que-stellantis-producira-en-cordoba\/\" \/>\n<meta property=\"og:locale\" content=\"es_ES\" \/>\n<meta property=\"og:type\" content=\"article\" \/>\n<meta property=\"og:title\" content=\"Fiat Titano, la pick-up que Stellantis producir\u00e1 en C\u00f3rdoba -\" \/>\n<meta property=\"og:description\" content=\"El Polo Industrial C\u00f3rdoba de Stellantis comienza la producci\u00f3n de la Fiat Titano, la primera pick-up de una nueva l\u00ednea de veh\u00edculos...\" \/>\n<meta property=\"og:url\" content=\"https:\/\/autofans.com.ar\/index.php\/2025\/05\/15\/fiat-titano-la-pick-up-que-stellantis-producira-en-cordoba\/\" \/>\n<meta property=\"article:published_time\" content=\"2025-05-15T21:59:20+00:00\" \/>\n<meta property=\"og:image\" content=\"https:\/\/autofans.com.ar\/wp-content\/uploads\/2025\/05\/fiat-5.jpg\" \/>\n\t<meta property=\"og:image:width\" content=\"1000\" \/>\n\t<meta property=\"og:image:height\" content=\"667\" \/>\n\t<meta property=\"og:image:type\" content=\"image\/jpeg\" \/>\n<meta name=\"author\" content=\"Alejandro Gabriel Rosito\" \/>\n<meta name=\"twitter:card\" content=\"summary_large_image\" \/>\n<meta name=\"twitter:label1\" content=\"Escrito por\" \/>\n\t<meta name=\"twitter:data1\" content=\"Alejandro Gabriel Rosito\" \/>\n\t<meta name=\"twitter:label2\" content=\"Tiempo de lectura\" \/>\n\t<meta name=\"twitter:data2\" content=\"2 minutos\" \/>\n<script type=\"application\/ld+json\" class=\"yoast-schema-graph\">{\"@context\":\"https:\\\/\\\/schema.org\",\"@graph\":[{\"@type\":\"Article\",\"@id\":\"https:\\\/\\\/autofans.com.ar\\\/index.php\\\/2025\\\/05\\\/15\\\/fiat-titano-la-pick-up-que-stellantis-producira-en-cordoba\\\/#article\",\"isPartOf\":{\"@id\":\"https:\\\/\\\/autofans.com.ar\\\/index.php\\\/2025\\\/05\\\/15\\\/fiat-titano-la-pick-up-que-stellantis-producira-en-cordoba\\\/\"},\"author\":{\"name\":\"Alejandro Gabriel Rosito\",\"@id\":\"https:\\\/\\\/autofans.com.ar\\\/#\\\/schema\\\/person\\\/4a8dda0b6df83ac3d6723e921274c2aa\"},\"headline\":\"Fiat Titano, la pick-up que Stellantis producir\u00e1 en C\u00f3rdoba\",\"datePublished\":\"2025-05-15T21:59:20+00:00\",\"mainEntityOfPage\":{\"@id\":\"https:\\\/\\\/autofans.com.ar\\\/index.php\\\/2025\\\/05\\\/15\\\/fiat-titano-la-pick-up-que-stellantis-producira-en-cordoba\\\/\"},\"wordCount\":228,\"image\":{\"@id\":\"https:\\\/\\\/autofans.com.ar\\\/index.php\\\/2025\\\/05\\\/15\\\/fiat-titano-la-pick-up-que-stellantis-producira-en-cordoba\\\/#primaryimage\"},\"thumbnailUrl\":\"https:\\\/\\\/autofans.com.ar\\\/wp-content\\\/uploads\\\/2025\\\/05\\\/fiat-5.jpg\",\"keywords\":[\"empleo industrial\",\"exportaci\u00f3n automotriz\",\"Fiat Titano\",\"Inversi\u00f3n Automotriz\",\"MultiJet 2.2\",\"Pick-up Argentina\",\"Polo Industrial C\u00f3rdoba\",\"Stellantis\"],\"articleSection\":[\"EMPRESAS\",\"NOTICIAS\"],\"inLanguage\":\"es\"},{\"@type\":\"WebPage\",\"@id\":\"https:\\\/\\\/autofans.com.ar\\\/index.php\\\/2025\\\/05\\\/15\\\/fiat-titano-la-pick-up-que-stellantis-producira-en-cordoba\\\/\",\"url\":\"https:\\\/\\\/autofans.com.ar\\\/index.php\\\/2025\\\/05\\\/15\\\/fiat-titano-la-pick-up-que-stellantis-producira-en-cordoba\\\/\",\"name\":\"Fiat Titano, la pick-up que Stellantis producir\u00e1 en C\u00f3rdoba -\",\"isPartOf\":{\"@id\":\"https:\\\/\\\/autofans.com.ar\\\/#website\"},\"primaryImageOfPage\":{\"@id\":\"https:\\\/\\\/autofans.com.ar\\\/index.php\\\/2025\\\/05\\\/15\\\/fiat-titano-la-pick-up-que-stellantis-producira-en-cordoba\\\/#primaryimage\"},\"image\":{\"@id\":\"https:\\\/\\\/autofans.com.ar\\\/index.php\\\/2025\\\/05\\\/15\\\/fiat-titano-la-pick-up-que-stellantis-producira-en-cordoba\\\/#primaryimage\"},\"thumbnailUrl\":\"https:\\\/\\\/autofans.com.ar\\\/wp-content\\\/uploads\\\/2025\\\/05\\\/fiat-5.jpg\",\"datePublished\":\"2025-05-15T21:59:20+00:00\",\"author\":{\"@id\":\"https:\\\/\\\/autofans.com.ar\\\/#\\\/schema\\\/person\\\/4a8dda0b6df83ac3d6723e921274c2aa\"},\"description\":\"El Polo Industrial C\u00f3rdoba de Stellantis comienza la producci\u00f3n de la Fiat Titano, la primera pick-up de una nueva l\u00ednea de veh\u00edculos...\",\"breadcrumb\":{\"@id\":\"https:\\\/\\\/autofans.com.ar\\\/index.php\\\/2025\\\/05\\\/15\\\/fiat-titano-la-pick-up-que-stellantis-producira-en-cordoba\\\/#breadcrumb\"},\"inLanguage\":\"es\",\"potentialAction\":[{\"@type\":\"ReadAction\",\"target\":[\"https:\\\/\\\/autofans.com.ar\\\/index.php\\\/2025\\\/05\\\/15\\\/fiat-titano-la-pick-up-que-stellantis-producira-en-cordoba\\\/\"]}]},{\"@type\":\"ImageObject\",\"inLanguage\":\"es\",\"@id\":\"https:\\\/\\\/autofans.com.ar\\\/index.php\\\/2025\\\/05\\\/15\\\/fiat-titano-la-pick-up-que-stellantis-producira-en-cordoba\\\/#primaryimage\",\"url\":\"https:\\\/\\\/autofans.com.ar\\\/wp-content\\\/uploads\\\/2025\\\/05\\\/fiat-5.jpg\",\"contentUrl\":\"https:\\\/\\\/autofans.com.ar\\\/wp-content\\\/uploads\\\/2025\\\/05\\\/fiat-5.jpg\",\"width\":1000,\"height\":667,\"caption\":\"Fiat Titano\"},{\"@type\":\"BreadcrumbList\",\"@id\":\"https:\\\/\\\/autofans.com.ar\\\/index.php\\\/2025\\\/05\\\/15\\\/fiat-titano-la-pick-up-que-stellantis-producira-en-cordoba\\\/#breadcrumb\",\"itemListElement\":[{\"@type\":\"ListItem\",\"position\":1,\"name\":\"Inicio\",\"item\":\"https:\\\/\\\/autofans.com.ar\\\/\"},{\"@type\":\"ListItem\",\"position\":2,\"name\":\"Fiat Titano, la pick-up que Stellantis producir\u00e1 en C\u00f3rdoba\"}]},{\"@type\":\"WebSite\",\"@id\":\"https:\\\/\\\/autofans.com.ar\\\/#website\",\"url\":\"https:\\\/\\\/autofans.com.ar\\\/\",\"name\":\"\",\"description\":\"El multimedio referente de la industria automotriz\",\"potentialAction\":[{\"@type\":\"SearchAction\",\"target\":{\"@type\":\"EntryPoint\",\"urlTemplate\":\"https:\\\/\\\/autofans.com.ar\\\/?s={search_term_string}\"},\"query-input\":{\"@type\":\"PropertyValueSpecification\",\"valueRequired\":true,\"valueName\":\"search_term_string\"}}],\"inLanguage\":\"es\"},{\"@type\":\"Person\",\"@id\":\"https:\\\/\\\/autofans.com.ar\\\/#\\\/schema\\\/person\\\/4a8dda0b6df83ac3d6723e921274c2aa\",\"name\":\"Alejandro Gabriel Rosito\",\"image\":{\"@type\":\"ImageObject\",\"inLanguage\":\"es\",\"@id\":\"https:\\\/\\\/secure.gravatar.com\\\/avatar\\\/16c5dda1489adfc62618084dcbb91cffd879c374b13fe5dd8e44ed6733852c88?s=96&d=mm&r=g\",\"url\":\"https:\\\/\\\/secure.gravatar.com\\\/avatar\\\/16c5dda1489adfc62618084dcbb91cffd879c374b13fe5dd8e44ed6733852c88?s=96&d=mm&r=g\",\"contentUrl\":\"https:\\\/\\\/secure.gravatar.com\\\/avatar\\\/16c5dda1489adfc62618084dcbb91cffd879c374b13fe5dd8e44ed6733852c88?s=96&d=mm&r=g\",\"caption\":\"Alejandro Gabriel Rosito\"},\"url\":\"https:\\\/\\\/autofans.com.ar\\\/index.php\\\/author\\\/gabrielr\\\/\"}]}<\/script>\n<!-- \/ Yoast SEO plugin. -->","yoast_head_json":{"title":"Fiat Titano, la pick-up que Stellantis producir\u00e1 en C\u00f3rdoba -","description":"El Polo Industrial C\u00f3rdoba de Stellantis comienza la producci\u00f3n de la Fiat Titano, la primera pick-up de una nueva l\u00ednea de veh\u00edculos...","robots":{"index":"index","follow":"follow","max-snippet":"max-snippet:-1","max-image-preview":"max-image-preview:large","max-video-preview":"max-video-preview:-1"},"canonical":"https:\/\/autofans.com.ar\/index.php\/2025\/05\/15\/fiat-titano-la-pick-up-que-stellantis-producira-en-cordoba\/","og_locale":"es_ES","og_type":"article","og_title":"Fiat Titano, la pick-up que Stellantis producir\u00e1 en C\u00f3rdoba -","og_description":"El Polo Industrial C\u00f3rdoba de Stellantis comienza la producci\u00f3n de la Fiat Titano, la primera pick-up de una nueva l\u00ednea de veh\u00edculos...","og_url":"https:\/\/autofans.com.ar\/index.php\/2025\/05\/15\/fiat-titano-la-pick-up-que-stellantis-producira-en-cordoba\/","article_published_time":"2025-05-15T21:59:20+00:00","og_image":[{"width":1000,"height":667,"url":"https:\/\/autofans.com.ar\/wp-content\/uploads\/2025\/05\/fiat-5.jpg","type":"image\/jpeg"}],"author":"Alejandro Gabriel Rosito","twitter_card":"summary_large_image","twitter_misc":{"Escrito por":"Alejandro Gabriel Rosito","Tiempo de lectura":"2 minutos"},"schema":{"@context":"https:\/\/schema.org","@graph":[{"@type":"Article","@id":"https:\/\/autofans.com.ar\/index.php\/2025\/05\/15\/fiat-titano-la-pick-up-que-stellantis-producira-en-cordoba\/#article","isPartOf":{"@id":"https:\/\/autofans.com.ar\/index.php\/2025\/05\/15\/fiat-titano-la-pick-up-que-stellantis-producira-en-cordoba\/"},"author":{"name":"Alejandro Gabriel Rosito","@id":"https:\/\/autofans.com.ar\/#\/schema\/person\/4a8dda0b6df83ac3d6723e921274c2aa"},"headline":"Fiat Titano, la pick-up que Stellantis producir\u00e1 en C\u00f3rdoba","datePublished":"2025-05-15T21:59:20+00:00","mainEntityOfPage":{"@id":"https:\/\/autofans.com.ar\/index.php\/2025\/05\/15\/fiat-titano-la-pick-up-que-stellantis-producira-en-cordoba\/"},"wordCount":228,"image":{"@id":"https:\/\/autofans.com.ar\/index.php\/2025\/05\/15\/fiat-titano-la-pick-up-que-stellantis-producira-en-cordoba\/#primaryimage"},"thumbnailUrl":"https:\/\/autofans.com.ar\/wp-content\/uploads\/2025\/05\/fiat-5.jpg","keywords":["empleo industrial","exportaci\u00f3n automotriz","Fiat Titano","Inversi\u00f3n Automotriz","MultiJet 2.2","Pick-up Argentina","Polo Industrial C\u00f3rdoba","Stellantis"],"articleSection":["EMPRESAS","NOTICIAS"],"inLanguage":"es"},{"@type":"WebPage","@id":"https:\/\/autofans.com.ar\/index.php\/2025\/05\/15\/fiat-titano-la-pick-up-que-stellantis-producira-en-cordoba\/","url":"https:\/\/autofans.com.ar\/index.php\/2025\/05\/15\/fiat-titano-la-pick-up-que-stellantis-producira-en-cordoba\/","name":"Fiat Titano, la pick-up que Stellantis producir\u00e1 en C\u00f3rdoba -","isPartOf":{"@id":"https:\/\/autofans.com.ar\/#website"},"primaryImageOfPage":{"@id":"https:\/\/autofans.com.ar\/index.php\/2025\/05\/15\/fiat-titano-la-pick-up-que-stellantis-producira-en-cordoba\/#primaryimage"},"image":{"@id":"https:\/\/autofans.com.ar\/index.php\/2025\/05\/15\/fiat-titano-la-pick-up-que-stellantis-producira-en-cordoba\/#primaryimage"},"thumbnailUrl":"https:\/\/autofans.com.ar\/wp-content\/uploads\/2025\/05\/fiat-5.jpg","datePublished":"2025-05-15T21:59:20+00:00","author":{"@id":"https:\/\/autofans.com.ar\/#\/schema\/person\/4a8dda0b6df83ac3d6723e921274c2aa"},"description":"El Polo Industrial C\u00f3rdoba de Stellantis comienza la producci\u00f3n de la Fiat Titano, la primera pick-up de una nueva l\u00ednea de veh\u00edculos...","breadcrumb":{"@id":"https:\/\/autofans.com.ar\/index.php\/2025\/05\/15\/fiat-titano-la-pick-up-que-stellantis-producira-en-cordoba\/#breadcrumb"},"inLanguage":"es","potentialAction":[{"@type":"ReadAction","target":["https:\/\/autofans.com.ar\/index.php\/2025\/05\/15\/fiat-titano-la-pick-up-que-stellantis-producira-en-cordoba\/"]}]},{"@type":"ImageObject","inLanguage":"es","@id":"https:\/\/autofans.com.ar\/index.php\/2025\/05\/15\/fiat-titano-la-pick-up-que-stellantis-producira-en-cordoba\/#primaryimage","url":"https:\/\/autofans.com.ar\/wp-content\/uploads\/2025\/05\/fiat-5.jpg","contentUrl":"https:\/\/autofans.com.ar\/wp-content\/uploads\/2025\/05\/fiat-5.jpg","width":1000,"height":667,"caption":"Fiat Titano"},{"@type":"BreadcrumbList","@id":"https:\/\/autofans.com.ar\/index.php\/2025\/05\/15\/fiat-titano-la-pick-up-que-stellantis-producira-en-cordoba\/#breadcrumb","itemListElement":[{"@type":"ListItem","position":1,"name":"Inicio","item":"https:\/\/autofans.com.ar\/"},{"@type":"ListItem","position":2,"name":"Fiat Titano, la pick-up que Stellantis producir\u00e1 en C\u00f3rdoba"}]},{"@type":"WebSite","@id":"https:\/\/autofans.com.ar\/#website","url":"https:\/\/autofans.com.ar\/","name":"","description":"El multimedio referente de la industria automotriz","potentialAction":[{"@type":"SearchAction","target":{"@type":"EntryPoint","urlTemplate":"https:\/\/autofans.com.ar\/?s={search_term_string}"},"query-input":{"@type":"PropertyValueSpecification","valueRequired":true,"valueName":"search_term_string"}}],"inLanguage":"es"},{"@type":"Person","@id":"https:\/\/autofans.com.ar\/#\/schema\/person\/4a8dda0b6df83ac3d6723e921274c2aa","name":"Alejandro Gabriel Rosito","image":{"@type":"ImageObject","inLanguage":"es","@id":"https:\/\/secure.gravatar.com\/avatar\/16c5dda1489adfc62618084dcbb91cffd879c374b13fe5dd8e44ed6733852c88?s=96&d=mm&r=g","url":"https:\/\/secure.gravatar.com\/avatar\/16c5dda1489adfc62618084dcbb91cffd879c374b13fe5dd8e44ed6733852c88?s=96&d=mm&r=g","contentUrl":"https:\/\/secure.gravatar.com\/avatar\/16c5dda1489adfc62618084dcbb91cffd879c374b13fe5dd8e44ed6733852c88?s=96&d=mm&r=g","caption":"Alejandro Gabriel Rosito"},"url":"https:\/\/autofans.com.ar\/index.php\/author\/gabrielr\/"}]}},"featured_image_urls":{"full":["https:\/\/autofans.com.ar\/wp-content\/uploads\/2025\/05\/fiat-5.jpg",1000,667,false],"thumbnail":["https:\/\/autofans.com.ar\/wp-content\/uploads\/2025\/05\/fiat-5-150x150.jpg",150,150,true],"medium":["https:\/\/autofans.com.ar\/wp-content\/uploads\/2025\/05\/fiat-5-300x200.jpg",300,200,true],"medium_large":["https:\/\/autofans.com.ar\/wp-content\/uploads\/2025\/05\/fiat-5-768x512.jpg",640,427,true],"large":["https:\/\/autofans.com.ar\/wp-content\/uploads\/2025\/05\/fiat-5.jpg",640,427,false],"1536x1536":["https:\/\/autofans.com.ar\/wp-content\/uploads\/2025\/05\/fiat-5.jpg",1000,667,false],"2048x2048":["https:\/\/autofans.com.ar\/wp-content\/uploads\/2025\/05\/fiat-5.jpg",1000,667,false],"covernews-featured":["https:\/\/autofans.com.ar\/wp-content\/uploads\/2025\/05\/fiat-5.jpg",1000,667,false],"covernews-medium":["https:\/\/autofans.com.ar\/wp-content\/uploads\/2025\/05\/fiat-5-540x340.jpg",540,340,true]},"author_info":{"display_name":"Alejandro Gabriel Rosito","author_link":"https:\/\/autofans.com.ar\/index.php\/author\/gabrielr\/"},"category_info":"<a href=\"https:\/\/autofans.com.ar\/index.php\/category\/noticias\/empresas\/\" rel=\"category tag\">EMPRESAS<\/a> <a href=\"https:\/\/autofans.com.ar\/index.php\/category\/noticias\/\" rel=\"category tag\">NOTICIAS<\/a>","tag_info":"NOTICIAS","comment_count":0,"_links":{"self":[{"href":"https:\/\/autofans.com.ar\/index.php\/wp-json\/wp\/v2\/posts\/12443","targetHints":{"allow":["GET"]}}],"collection":[{"href":"https:\/\/autofans.com.ar\/index.php\/wp-json\/wp\/v2\/posts"}],"about":[{"href":"https:\/\/autofans.com.ar\/index.php\/wp-json\/wp\/v2\/types\/post"}],"author":[{"embeddable":true,"href":"https:\/\/autofans.com.ar\/index.php\/wp-json\/wp\/v2\/users\/2"}],"replies":[{"embeddable":true,"href":"https:\/\/autofans.com.ar\/index.php\/wp-json\/wp\/v2\/comments?post=12443"}],"version-history":[{"count":6,"href":"https:\/\/autofans.com.ar\/index.php\/wp-json\/wp\/v2\/posts\/12443\/revisions"}],"predecessor-version":[{"id":12455,"href":"https:\/\/autofans.com.ar\/index.php\/wp-json\/wp\/v2\/posts\/12443\/revisions\/12455"}],"wp:featuredmedia":[{"embeddable":true,"href":"https:\/\/autofans.com.ar\/index.php\/wp-json\/wp\/v2\/media\/12452"}],"wp:attachment":[{"href":"https:\/\/autofans.com.ar\/index.php\/wp-json\/wp\/v2\/media?parent=12443"}],"wp:term":[{"taxonomy":"category","embeddable":true,"href":"https:\/\/autofans.com.ar\/index.php\/wp-json\/wp\/v2\/categories?post=12443"},{"taxonomy":"post_tag","embeddable":true,"href":"https:\/\/autofans.com.ar\/index.php\/wp-json\/wp\/v2\/tags?post=12443"}],"curies":[{"name":"wp","href":"https:\/\/api.w.org\/{rel}","templated":true}]}}