{"id":12456,"date":"2025-05-16T19:25:02","date_gmt":"2025-05-16T22:25:02","guid":{"rendered":"https:\/\/autofans.com.ar\/?p=12456"},"modified":"2025-05-16T19:25:02","modified_gmt":"2025-05-16T22:25:02","slug":"el-nuevo-gr-yaris-2025-desembarca-con-mas-potencia-y-tecnologia","status":"publish","type":"post","link":"https:\/\/autofans.com.ar\/index.php\/2025\/05\/16\/el-nuevo-gr-yaris-2025-desembarca-con-mas-potencia-y-tecnologia\/","title":{"rendered":"El nuevo GR Yaris 2025 desembarca con m\u00e1s potencia y tecnolog\u00eda"},"content":{"rendered":"<p class=\"ds-markdown-paragraph\">El nuevo GR Yaris llega a Argentina con mejoras que lo posicionan como uno de los autos m\u00e1s potentes y tecnol\u00f3gicos de su segmento. Desarrollado por el equipo TOYOTA GAZOO Racing World Rally Team, este modelo combina ADN de competici\u00f3n con prestaciones para el uso diario.<\/p>\n<p><span style=\"color: #ffffff;\">.<\/span><\/p>\n<h2>Motor y performance &#8211; 300 CV de pura adrenalina<\/h2>\n<p><span style=\"color: #ffffff;\">s<\/span><\/p>\n<div id='gallery-1' class='gallery galleryid-12456 gallery-columns-2 gallery-size-full'><figure class='gallery-item'>\n\t\t\t<div class='gallery-icon landscape'>\n\t\t\t\t<a href='https:\/\/autofans.com.ar\/index.php\/2025\/05\/16\/el-nuevo-gr-yaris-2025-desembarca-con-mas-potencia-y-tecnologia\/yaris-7-2\/'><img loading=\"lazy\" width=\"1000\" height=\"667\" src=\"https:\/\/autofans.com.ar\/wp-content\/uploads\/2025\/05\/yaris-7.jpg\" class=\"attachment-full size-full\" alt=\"GR Yaris\" srcset=\"https:\/\/autofans.com.ar\/wp-content\/uploads\/2025\/05\/yaris-7.jpg 1000w, https:\/\/autofans.com.ar\/wp-content\/uploads\/2025\/05\/yaris-7-300x200.jpg 300w, https:\/\/autofans.com.ar\/wp-content\/uploads\/2025\/05\/yaris-7-768x512.jpg 768w\" sizes=\"auto, (max-width: 1000px) 100vw, 1000px\" loading=\"lazy\" decoding=\"async\" \/><\/a>\n\t\t\t<\/div><\/figure><figure class='gallery-item'>\n\t\t\t<div class='gallery-icon landscape'>\n\t\t\t\t<a href='https:\/\/autofans.com.ar\/index.php\/2025\/05\/16\/el-nuevo-gr-yaris-2025-desembarca-con-mas-potencia-y-tecnologia\/yaris-3-2\/'><img loading=\"lazy\" width=\"1000\" height=\"667\" src=\"https:\/\/autofans.com.ar\/wp-content\/uploads\/2025\/05\/yaris-3.jpg\" class=\"attachment-full size-full\" alt=\"GR Yaris\" srcset=\"https:\/\/autofans.com.ar\/wp-content\/uploads\/2025\/05\/yaris-3.jpg 1000w, https:\/\/autofans.com.ar\/wp-content\/uploads\/2025\/05\/yaris-3-300x200.jpg 300w, https:\/\/autofans.com.ar\/wp-content\/uploads\/2025\/05\/yaris-3-768x512.jpg 768w\" sizes=\"auto, (max-width: 1000px) 100vw, 1000px\" loading=\"lazy\" decoding=\"async\" \/><\/a>\n\t\t\t<\/div><\/figure>\n\t\t<\/div>\n\n<p><span style=\"color: #ffffff;\">q<\/span><\/p>\n<ul>\n<li>\n<p class=\"ds-markdown-paragraph\">Motor turbo 1.6L 3 cilindros (300 CV \/ 400 Nm).<\/p>\n<\/li>\n<li>\n<p class=\"ds-markdown-paragraph\">Nueva transmisi\u00f3n autom\u00e1tica GR-DAT de 8 velocidades (tambi\u00e9n disponible en manual).<\/p>\n<\/li>\n<li>\n<p class=\"ds-markdown-paragraph\">Tracci\u00f3n integral GR-Four con tres modos (Normal, Gravel, Track).<\/p>\n<\/li>\n<li>\n<p class=\"ds-markdown-paragraph\">Peso reducido: desde 1.305 kg (manual) y 1.325 kg (autom\u00e1tico).<\/p>\n<\/li>\n<\/ul>\n<p><span style=\"color: #ffffff;\">&#8216;<\/span><\/p>\n<h2>Dise\u00f1o agresivo y aerodin\u00e1mico<\/h2>\n<p><span style=\"color: #ffffff;\">[<\/span><\/p>\n<p><img fetchpriority=\"high\" decoding=\"async\" class=\"aligncenter wp-image-12463 size-full\" src=\"https:\/\/autofans.com.ar\/wp-content\/uploads\/2025\/05\/yaris-4.jpg\" alt=\"GR Yaris\" width=\"1000\" height=\"667\" srcset=\"https:\/\/autofans.com.ar\/wp-content\/uploads\/2025\/05\/yaris-4.jpg 1000w, https:\/\/autofans.com.ar\/wp-content\/uploads\/2025\/05\/yaris-4-300x200.jpg 300w, https:\/\/autofans.com.ar\/wp-content\/uploads\/2025\/05\/yaris-4-768x512.jpg 768w\" sizes=\"(max-width: 1000px) 100vw, 1000px\" \/><\/p>\n<p><span style=\"color: #ffffff;\">y<\/span><\/p>\n<ul>\n<li>\n<p class=\"ds-markdown-paragraph\">Paragolpes delantero con tomas de aire ampliadas para mejor refrigeraci\u00f3n.<\/p>\n<\/li>\n<li>\n<p class=\"ds-markdown-paragraph\">Luces traseras LED con firma lum\u00ednica continua.<\/p>\n<\/li>\n<li>\n<p class=\"ds-markdown-paragraph\">Aler\u00f3n, llantas forjadas de 18&#8243; y frenos de alto rendimiento (c\u00e1lipers rojos).<\/p>\n<\/li>\n<li>\n<p class=\"ds-markdown-paragraph\">Nuevo color: gris oscuro metalizado (sumado al blanco, negro y rojo).<\/p>\n<\/li>\n<\/ul>\n<p>&nbsp;<\/p>\n<h2>GR Yaris 2025 &#8211; Interior: cockpit de rally<\/h2>\n<p><span style=\"color: #ffffff;\">m<\/span><\/p>\n<div id='gallery-2' class='gallery galleryid-12456 gallery-columns-2 gallery-size-full'><figure class='gallery-item'>\n\t\t\t<div class='gallery-icon landscape'>\n\t\t\t\t<a href='https:\/\/autofans.com.ar\/index.php\/2025\/05\/16\/el-nuevo-gr-yaris-2025-desembarca-con-mas-potencia-y-tecnologia\/yaris-8-2\/'><img loading=\"lazy\" width=\"1000\" height=\"667\" src=\"https:\/\/autofans.com.ar\/wp-content\/uploads\/2025\/05\/yaris-8.jpg\" class=\"attachment-full size-full\" alt=\"GR Yaris\" srcset=\"https:\/\/autofans.com.ar\/wp-content\/uploads\/2025\/05\/yaris-8.jpg 1000w, https:\/\/autofans.com.ar\/wp-content\/uploads\/2025\/05\/yaris-8-300x200.jpg 300w, https:\/\/autofans.com.ar\/wp-content\/uploads\/2025\/05\/yaris-8-768x512.jpg 768w\" sizes=\"auto, (max-width: 1000px) 100vw, 1000px\" loading=\"lazy\" decoding=\"async\" \/><\/a>\n\t\t\t<\/div><\/figure><figure class='gallery-item'>\n\t\t\t<div class='gallery-icon landscape'>\n\t\t\t\t<a href='https:\/\/autofans.com.ar\/index.php\/2025\/05\/16\/el-nuevo-gr-yaris-2025-desembarca-con-mas-potencia-y-tecnologia\/yaris-9-2\/'><img loading=\"lazy\" width=\"1000\" height=\"667\" src=\"https:\/\/autofans.com.ar\/wp-content\/uploads\/2025\/05\/yaris-9.jpg\" class=\"attachment-full size-full\" alt=\"GR Yaris\" srcset=\"https:\/\/autofans.com.ar\/wp-content\/uploads\/2025\/05\/yaris-9.jpg 1000w, https:\/\/autofans.com.ar\/wp-content\/uploads\/2025\/05\/yaris-9-300x200.jpg 300w, https:\/\/autofans.com.ar\/wp-content\/uploads\/2025\/05\/yaris-9-768x512.jpg 768w\" sizes=\"auto, (max-width: 1000px) 100vw, 1000px\" loading=\"lazy\" decoding=\"async\" \/><\/a>\n\t\t\t<\/div><\/figure>\n\t\t<\/div>\n\n<p><span style=\"color: #ffffff;\">b<\/span><\/p>\n<ul>\n<li>\n<p class=\"ds-markdown-paragraph\">Pantalla digital de 12.3&#8243; con modo Sport.<\/p>\n<\/li>\n<li>\n<p class=\"ds-markdown-paragraph\">Asiento 25 mm m\u00e1s bajo y volante ajustado para mayor conexi\u00f3n con el auto.<\/p>\n<\/li>\n<li>\n<p class=\"ds-markdown-paragraph\">Controles de competici\u00f3n al alcance (pulverizador intercooler, desconexi\u00f3n ESP).<\/p>\n<\/li>\n<\/ul>\n<p>&nbsp;<\/p>\n<h2>GR Yaris &#8211; circuit Pack de serie en Argentina<\/h2>\n<p><span style=\"color: #ffffff;\">r<\/span><\/p>\n<div id='gallery-3' class='gallery galleryid-12456 gallery-columns-2 gallery-size-full'><figure class='gallery-item'>\n\t\t\t<div class='gallery-icon landscape'>\n\t\t\t\t<a href='https:\/\/autofans.com.ar\/index.php\/2025\/05\/16\/el-nuevo-gr-yaris-2025-desembarca-con-mas-potencia-y-tecnologia\/yaris-6-2\/'><img loading=\"lazy\" width=\"1000\" height=\"667\" src=\"https:\/\/autofans.com.ar\/wp-content\/uploads\/2025\/05\/yaris-6.jpg\" class=\"attachment-full size-full\" alt=\"GR Yaris\" srcset=\"https:\/\/autofans.com.ar\/wp-content\/uploads\/2025\/05\/yaris-6.jpg 1000w, https:\/\/autofans.com.ar\/wp-content\/uploads\/2025\/05\/yaris-6-300x200.jpg 300w, https:\/\/autofans.com.ar\/wp-content\/uploads\/2025\/05\/yaris-6-768x512.jpg 768w\" sizes=\"auto, (max-width: 1000px) 100vw, 1000px\" loading=\"lazy\" decoding=\"async\" \/><\/a>\n\t\t\t<\/div><\/figure><figure class='gallery-item'>\n\t\t\t<div class='gallery-icon landscape'>\n\t\t\t\t<a href='https:\/\/autofans.com.ar\/index.php\/2025\/05\/16\/el-nuevo-gr-yaris-2025-desembarca-con-mas-potencia-y-tecnologia\/yaris-5-2\/'><img loading=\"lazy\" width=\"1000\" height=\"667\" src=\"https:\/\/autofans.com.ar\/wp-content\/uploads\/2025\/05\/yaris-5.jpg\" class=\"attachment-full size-full\" alt=\"GR Yaris\" srcset=\"https:\/\/autofans.com.ar\/wp-content\/uploads\/2025\/05\/yaris-5.jpg 1000w, https:\/\/autofans.com.ar\/wp-content\/uploads\/2025\/05\/yaris-5-300x200.jpg 300w, https:\/\/autofans.com.ar\/wp-content\/uploads\/2025\/05\/yaris-5-768x512.jpg 768w\" sizes=\"auto, (max-width: 1000px) 100vw, 1000px\" loading=\"lazy\" decoding=\"async\" \/><\/a>\n\t\t\t<\/div><\/figure>\n\t\t<\/div>\n\n<p><span style=\"color: #ffffff;\">e<\/span><\/p>\n<p class=\"ds-markdown-paragraph\">Incluye:<\/p>\n<ul>\n<li>Diferenciales Torsen LSD (delantero\/trasero).<\/li>\n<li>Suspensi\u00f3n con ajuste para circuito.<\/li>\n<li>Neum\u00e1ticos Michelin Pilot Sport 4S.<\/li>\n<\/ul>\n<div style=\"display: flex; align-items: center; justify-content: space-between; background: #f0f2f5; padding: 3px 12px; border-radius: 0px; box-shadow: 0 4px 10px rgba(0, 0, 0, 0.08); margin: 24px 0; max-width: 700px;\">\n<div style=\"flex: 1;\"><a style=\"font-size: 18px; color: #921414; font-weight: 1200; text-decoration: underline;\" href=\"https:\/\/autofans.com.ar\/wp-content\/uploads\/2025\/05\/ft-yaris-gr-web-compressed.pdf\" target=\"_blank\" rel=\"noopener\"><br \/>\n\u2192 Ficha t\u00e9cnica GR Yaris<br \/>\n<\/a><a style=\"font-size: 18px; color: #007bff; font-weight: 1200; text-decoration: underline;\" href=\"https:\/\/autofans.com.ar\/wp-content\/uploads\/2025\/05\/ftmy26argo-681166d8eb8a6.pdf\" target=\"_blank\" rel=\"noopener\"><br \/>\n<\/a><\/div>\n<div style=\"margin-left: 16px;\"><img decoding=\"async\" style=\"height: 20px; width: auto;\" src=\"https:\/\/autofans.com.ar\/wp-content\/uploads\/2023\/02\/Autofans_600x102_150px5.png\" alt=\"Logo Autofans\" \/><\/div>\n<\/div>\n<p>El modelo no es un simple deportivo: hereda tecnolog\u00eda del Campeonato Mundial de Rally, donde Toyota GAZOO Racing domina. Desde su llegada en 2021, se convirti\u00f3 en un auto de culto en Argentina.<\/p>\n<p>Precios y garant\u00eda<\/p>\n<ul>\n<li>Manual: USD 70.000<\/li>\n<li>Autom\u00e1tico: USD 71.800<\/li>\n<li>Garant\u00eda: 5 a\u00f1os o 150.000 km (extensible a 10 a\u00f1os).<\/li>\n<\/ul>\n<p><span style=\"color: #ffffff;\">i<\/span><\/p>\n<p><span style=\"color: #ffffff;\">u<\/span><\/p>\n<p><span style=\"color: #ffffff;\">y<\/span><\/p>\n<p>&nbsp;<\/p>\n<p><i>Para enterarte de m\u00e1s novedades, no dejes de leer\u00a0<\/i><a href=\"https:\/\/autofans.thebrandsoup.com\/\"><i>nuestras notas<\/i><\/a><i>, de ver\u00a0<\/i><a href=\"https:\/\/www.youtube.com\/channel\/UCgAC8UGHZYbT6P7PpmVnP7g\"><i>AUTOFANS TV<\/i><\/a><i>\u00a0en nuestro\u00a0canal de Youtube. Adem\u00e1s seguinos en\u00a0<\/i><a href=\"https:\/\/www.instagram.com\/autofanstv\/\"><i>INSTAGRAM<\/i><\/a><i> y <\/i><a href=\"https:\/\/www.facebook.com\/autofansmas\/\"><i>FACEBOOK<\/i><\/a><i> para no perderte nada sobre las novedades del segmento automotor de Argentina y el mundo.<\/i><\/p>\n","protected":false},"excerpt":{"rendered":"<p>El nuevo GR Yaris llega a Argentina con mejoras que lo posicionan como uno de&#8230;<\/p>\n","protected":false},"author":2,"featured_media":12466,"comment_status":"closed","ping_status":"closed","sticky":false,"template":"","format":"standard","meta":{"footnotes":""},"categories":[3,1],"tags":[4240,6712,6713,6500,6710,6711,714,2500,687],"class_list":["post-12456","post","type-post","status-publish","format-standard","has-post-thumbnail","hentry","category-autos","category-lanzamientos","tag-autos-deportivos-argentina","tag-autos-potentes","tag-coches-de-competicion","tag-gr-yaris-2025","tag-hot-hatch","tag-precio-gr-yaris","tag-rally","tag-toyota-gazoo-racing","tag-traccion-integral"],"yoast_head":"<!-- This site is optimized with the Yoast SEO plugin v27.5 - https:\/\/yoast.com\/product\/yoast-seo-wordpress\/ -->\n<title>El nuevo GR Yaris 2025 desembarca con m\u00e1s potencia y tecnolog\u00eda -<\/title>\n<meta name=\"description\" content=\"El nuevo GR Yaris llega a Argentina con mejoras que lo posicionan como uno de los autos m\u00e1s potentes y tecnol\u00f3gicos de su segmento.\" \/>\n<meta name=\"robots\" content=\"index, follow, max-snippet:-1, max-image-preview:large, max-video-preview:-1\" \/>\n<link rel=\"canonical\" href=\"https:\/\/autofans.com.ar\/index.php\/2025\/05\/16\/el-nuevo-gr-yaris-2025-desembarca-con-mas-potencia-y-tecnologia\/\" \/>\n<meta property=\"og:locale\" content=\"es_ES\" \/>\n<meta property=\"og:type\" content=\"article\" \/>\n<meta property=\"og:title\" content=\"El nuevo GR Yaris 2025 desembarca con m\u00e1s potencia y tecnolog\u00eda -\" \/>\n<meta property=\"og:description\" content=\"El nuevo GR Yaris llega a Argentina con mejoras que lo posicionan como uno de los autos m\u00e1s potentes y tecnol\u00f3gicos de su segmento.\" \/>\n<meta property=\"og:url\" content=\"https:\/\/autofans.com.ar\/index.php\/2025\/05\/16\/el-nuevo-gr-yaris-2025-desembarca-con-mas-potencia-y-tecnologia\/\" \/>\n<meta property=\"article:published_time\" content=\"2025-05-16T22:25:02+00:00\" \/>\n<meta property=\"og:image\" content=\"https:\/\/autofans.com.ar\/wp-content\/uploads\/2025\/05\/yaris-1.jpg\" \/>\n\t<meta property=\"og:image:width\" content=\"1000\" \/>\n\t<meta property=\"og:image:height\" content=\"667\" \/>\n\t<meta property=\"og:image:type\" content=\"image\/jpeg\" \/>\n<meta name=\"author\" content=\"Alejandro Gabriel Rosito\" \/>\n<meta name=\"twitter:card\" content=\"summary_large_image\" \/>\n<meta name=\"twitter:label1\" content=\"Escrito por\" \/>\n\t<meta name=\"twitter:data1\" content=\"Alejandro Gabriel Rosito\" \/>\n\t<meta name=\"twitter:label2\" content=\"Tiempo de lectura\" \/>\n\t<meta name=\"twitter:data2\" content=\"3 minutos\" \/>\n<script type=\"application\/ld+json\" class=\"yoast-schema-graph\">{\"@context\":\"https:\\\/\\\/schema.org\",\"@graph\":[{\"@type\":\"Article\",\"@id\":\"https:\\\/\\\/autofans.com.ar\\\/index.php\\\/2025\\\/05\\\/16\\\/el-nuevo-gr-yaris-2025-desembarca-con-mas-potencia-y-tecnologia\\\/#article\",\"isPartOf\":{\"@id\":\"https:\\\/\\\/autofans.com.ar\\\/index.php\\\/2025\\\/05\\\/16\\\/el-nuevo-gr-yaris-2025-desembarca-con-mas-potencia-y-tecnologia\\\/\"},\"author\":{\"name\":\"Alejandro Gabriel Rosito\",\"@id\":\"https:\\\/\\\/autofans.com.ar\\\/#\\\/schema\\\/person\\\/4a8dda0b6df83ac3d6723e921274c2aa\"},\"headline\":\"El nuevo GR Yaris 2025 desembarca con m\u00e1s potencia y tecnolog\u00eda\",\"datePublished\":\"2025-05-16T22:25:02+00:00\",\"mainEntityOfPage\":{\"@id\":\"https:\\\/\\\/autofans.com.ar\\\/index.php\\\/2025\\\/05\\\/16\\\/el-nuevo-gr-yaris-2025-desembarca-con-mas-potencia-y-tecnologia\\\/\"},\"wordCount\":350,\"image\":{\"@id\":\"https:\\\/\\\/autofans.com.ar\\\/index.php\\\/2025\\\/05\\\/16\\\/el-nuevo-gr-yaris-2025-desembarca-con-mas-potencia-y-tecnologia\\\/#primaryimage\"},\"thumbnailUrl\":\"https:\\\/\\\/autofans.com.ar\\\/wp-content\\\/uploads\\\/2025\\\/05\\\/yaris-1.jpg\",\"keywords\":[\"autos deportivos Argentina\",\"autos potentes\",\"coches de competici\u00f3n.\",\"GR Yaris 2025\",\"hot hatch\",\"precio GR Yaris\",\"Rally\",\"Toyota Gazoo Racing\",\"tracci\u00f3n integral\"],\"articleSection\":[\"AUTOS y SUV\",\"LANZAMIENTOS\"],\"inLanguage\":\"es\"},{\"@type\":\"WebPage\",\"@id\":\"https:\\\/\\\/autofans.com.ar\\\/index.php\\\/2025\\\/05\\\/16\\\/el-nuevo-gr-yaris-2025-desembarca-con-mas-potencia-y-tecnologia\\\/\",\"url\":\"https:\\\/\\\/autofans.com.ar\\\/index.php\\\/2025\\\/05\\\/16\\\/el-nuevo-gr-yaris-2025-desembarca-con-mas-potencia-y-tecnologia\\\/\",\"name\":\"El nuevo GR Yaris 2025 desembarca con m\u00e1s potencia y tecnolog\u00eda -\",\"isPartOf\":{\"@id\":\"https:\\\/\\\/autofans.com.ar\\\/#website\"},\"primaryImageOfPage\":{\"@id\":\"https:\\\/\\\/autofans.com.ar\\\/index.php\\\/2025\\\/05\\\/16\\\/el-nuevo-gr-yaris-2025-desembarca-con-mas-potencia-y-tecnologia\\\/#primaryimage\"},\"image\":{\"@id\":\"https:\\\/\\\/autofans.com.ar\\\/index.php\\\/2025\\\/05\\\/16\\\/el-nuevo-gr-yaris-2025-desembarca-con-mas-potencia-y-tecnologia\\\/#primaryimage\"},\"thumbnailUrl\":\"https:\\\/\\\/autofans.com.ar\\\/wp-content\\\/uploads\\\/2025\\\/05\\\/yaris-1.jpg\",\"datePublished\":\"2025-05-16T22:25:02+00:00\",\"author\":{\"@id\":\"https:\\\/\\\/autofans.com.ar\\\/#\\\/schema\\\/person\\\/4a8dda0b6df83ac3d6723e921274c2aa\"},\"description\":\"El nuevo GR Yaris llega a Argentina con mejoras que lo posicionan como uno de los autos m\u00e1s potentes y tecnol\u00f3gicos de su segmento.\",\"breadcrumb\":{\"@id\":\"https:\\\/\\\/autofans.com.ar\\\/index.php\\\/2025\\\/05\\\/16\\\/el-nuevo-gr-yaris-2025-desembarca-con-mas-potencia-y-tecnologia\\\/#breadcrumb\"},\"inLanguage\":\"es\",\"potentialAction\":[{\"@type\":\"ReadAction\",\"target\":[\"https:\\\/\\\/autofans.com.ar\\\/index.php\\\/2025\\\/05\\\/16\\\/el-nuevo-gr-yaris-2025-desembarca-con-mas-potencia-y-tecnologia\\\/\"]}]},{\"@type\":\"ImageObject\",\"inLanguage\":\"es\",\"@id\":\"https:\\\/\\\/autofans.com.ar\\\/index.php\\\/2025\\\/05\\\/16\\\/el-nuevo-gr-yaris-2025-desembarca-con-mas-potencia-y-tecnologia\\\/#primaryimage\",\"url\":\"https:\\\/\\\/autofans.com.ar\\\/wp-content\\\/uploads\\\/2025\\\/05\\\/yaris-1.jpg\",\"contentUrl\":\"https:\\\/\\\/autofans.com.ar\\\/wp-content\\\/uploads\\\/2025\\\/05\\\/yaris-1.jpg\",\"width\":1000,\"height\":667,\"caption\":\"GR Yaris\"},{\"@type\":\"BreadcrumbList\",\"@id\":\"https:\\\/\\\/autofans.com.ar\\\/index.php\\\/2025\\\/05\\\/16\\\/el-nuevo-gr-yaris-2025-desembarca-con-mas-potencia-y-tecnologia\\\/#breadcrumb\",\"itemListElement\":[{\"@type\":\"ListItem\",\"position\":1,\"name\":\"Inicio\",\"item\":\"https:\\\/\\\/autofans.com.ar\\\/\"},{\"@type\":\"ListItem\",\"position\":2,\"name\":\"El nuevo GR Yaris 2025 desembarca con m\u00e1s potencia y tecnolog\u00eda\"}]},{\"@type\":\"WebSite\",\"@id\":\"https:\\\/\\\/autofans.com.ar\\\/#website\",\"url\":\"https:\\\/\\\/autofans.com.ar\\\/\",\"name\":\"\",\"description\":\"El multimedio referente de la industria automotriz\",\"potentialAction\":[{\"@type\":\"SearchAction\",\"target\":{\"@type\":\"EntryPoint\",\"urlTemplate\":\"https:\\\/\\\/autofans.com.ar\\\/?s={search_term_string}\"},\"query-input\":{\"@type\":\"PropertyValueSpecification\",\"valueRequired\":true,\"valueName\":\"search_term_string\"}}],\"inLanguage\":\"es\"},{\"@type\":\"Person\",\"@id\":\"https:\\\/\\\/autofans.com.ar\\\/#\\\/schema\\\/person\\\/4a8dda0b6df83ac3d6723e921274c2aa\",\"name\":\"Alejandro Gabriel Rosito\",\"image\":{\"@type\":\"ImageObject\",\"inLanguage\":\"es\",\"@id\":\"https:\\\/\\\/secure.gravatar.com\\\/avatar\\\/16c5dda1489adfc62618084dcbb91cffd879c374b13fe5dd8e44ed6733852c88?s=96&d=mm&r=g\",\"url\":\"https:\\\/\\\/secure.gravatar.com\\\/avatar\\\/16c5dda1489adfc62618084dcbb91cffd879c374b13fe5dd8e44ed6733852c88?s=96&d=mm&r=g\",\"contentUrl\":\"https:\\\/\\\/secure.gravatar.com\\\/avatar\\\/16c5dda1489adfc62618084dcbb91cffd879c374b13fe5dd8e44ed6733852c88?s=96&d=mm&r=g\",\"caption\":\"Alejandro Gabriel Rosito\"},\"url\":\"https:\\\/\\\/autofans.com.ar\\\/index.php\\\/author\\\/gabrielr\\\/\"}]}<\/script>\n<!-- \/ Yoast SEO plugin. -->","yoast_head_json":{"title":"El nuevo GR Yaris 2025 desembarca con m\u00e1s potencia y tecnolog\u00eda -","description":"El nuevo GR Yaris llega a Argentina con mejoras que lo posicionan como uno de los autos m\u00e1s potentes y tecnol\u00f3gicos de su segmento.","robots":{"index":"index","follow":"follow","max-snippet":"max-snippet:-1","max-image-preview":"max-image-preview:large","max-video-preview":"max-video-preview:-1"},"canonical":"https:\/\/autofans.com.ar\/index.php\/2025\/05\/16\/el-nuevo-gr-yaris-2025-desembarca-con-mas-potencia-y-tecnologia\/","og_locale":"es_ES","og_type":"article","og_title":"El nuevo GR Yaris 2025 desembarca con m\u00e1s potencia y tecnolog\u00eda -","og_description":"El nuevo GR Yaris llega a Argentina con mejoras que lo posicionan como uno de los autos m\u00e1s potentes y tecnol\u00f3gicos de su segmento.","og_url":"https:\/\/autofans.com.ar\/index.php\/2025\/05\/16\/el-nuevo-gr-yaris-2025-desembarca-con-mas-potencia-y-tecnologia\/","article_published_time":"2025-05-16T22:25:02+00:00","og_image":[{"width":1000,"height":667,"url":"https:\/\/autofans.com.ar\/wp-content\/uploads\/2025\/05\/yaris-1.jpg","type":"image\/jpeg"}],"author":"Alejandro Gabriel Rosito","twitter_card":"summary_large_image","twitter_misc":{"Escrito por":"Alejandro Gabriel Rosito","Tiempo de lectura":"3 minutos"},"schema":{"@context":"https:\/\/schema.org","@graph":[{"@type":"Article","@id":"https:\/\/autofans.com.ar\/index.php\/2025\/05\/16\/el-nuevo-gr-yaris-2025-desembarca-con-mas-potencia-y-tecnologia\/#article","isPartOf":{"@id":"https:\/\/autofans.com.ar\/index.php\/2025\/05\/16\/el-nuevo-gr-yaris-2025-desembarca-con-mas-potencia-y-tecnologia\/"},"author":{"name":"Alejandro Gabriel Rosito","@id":"https:\/\/autofans.com.ar\/#\/schema\/person\/4a8dda0b6df83ac3d6723e921274c2aa"},"headline":"El nuevo GR Yaris 2025 desembarca con m\u00e1s potencia y tecnolog\u00eda","datePublished":"2025-05-16T22:25:02+00:00","mainEntityOfPage":{"@id":"https:\/\/autofans.com.ar\/index.php\/2025\/05\/16\/el-nuevo-gr-yaris-2025-desembarca-con-mas-potencia-y-tecnologia\/"},"wordCount":350,"image":{"@id":"https:\/\/autofans.com.ar\/index.php\/2025\/05\/16\/el-nuevo-gr-yaris-2025-desembarca-con-mas-potencia-y-tecnologia\/#primaryimage"},"thumbnailUrl":"https:\/\/autofans.com.ar\/wp-content\/uploads\/2025\/05\/yaris-1.jpg","keywords":["autos deportivos Argentina","autos potentes","coches de competici\u00f3n.","GR Yaris 2025","hot hatch","precio GR Yaris","Rally","Toyota Gazoo Racing","tracci\u00f3n integral"],"articleSection":["AUTOS y SUV","LANZAMIENTOS"],"inLanguage":"es"},{"@type":"WebPage","@id":"https:\/\/autofans.com.ar\/index.php\/2025\/05\/16\/el-nuevo-gr-yaris-2025-desembarca-con-mas-potencia-y-tecnologia\/","url":"https:\/\/autofans.com.ar\/index.php\/2025\/05\/16\/el-nuevo-gr-yaris-2025-desembarca-con-mas-potencia-y-tecnologia\/","name":"El nuevo GR Yaris 2025 desembarca con m\u00e1s potencia y tecnolog\u00eda -","isPartOf":{"@id":"https:\/\/autofans.com.ar\/#website"},"primaryImageOfPage":{"@id":"https:\/\/autofans.com.ar\/index.php\/2025\/05\/16\/el-nuevo-gr-yaris-2025-desembarca-con-mas-potencia-y-tecnologia\/#primaryimage"},"image":{"@id":"https:\/\/autofans.com.ar\/index.php\/2025\/05\/16\/el-nuevo-gr-yaris-2025-desembarca-con-mas-potencia-y-tecnologia\/#primaryimage"},"thumbnailUrl":"https:\/\/autofans.com.ar\/wp-content\/uploads\/2025\/05\/yaris-1.jpg","datePublished":"2025-05-16T22:25:02+00:00","author":{"@id":"https:\/\/autofans.com.ar\/#\/schema\/person\/4a8dda0b6df83ac3d6723e921274c2aa"},"description":"El nuevo GR Yaris llega a Argentina con mejoras que lo posicionan como uno de los autos m\u00e1s potentes y tecnol\u00f3gicos de su segmento.","breadcrumb":{"@id":"https:\/\/autofans.com.ar\/index.php\/2025\/05\/16\/el-nuevo-gr-yaris-2025-desembarca-con-mas-potencia-y-tecnologia\/#breadcrumb"},"inLanguage":"es","potentialAction":[{"@type":"ReadAction","target":["https:\/\/autofans.com.ar\/index.php\/2025\/05\/16\/el-nuevo-gr-yaris-2025-desembarca-con-mas-potencia-y-tecnologia\/"]}]},{"@type":"ImageObject","inLanguage":"es","@id":"https:\/\/autofans.com.ar\/index.php\/2025\/05\/16\/el-nuevo-gr-yaris-2025-desembarca-con-mas-potencia-y-tecnologia\/#primaryimage","url":"https:\/\/autofans.com.ar\/wp-content\/uploads\/2025\/05\/yaris-1.jpg","contentUrl":"https:\/\/autofans.com.ar\/wp-content\/uploads\/2025\/05\/yaris-1.jpg","width":1000,"height":667,"caption":"GR Yaris"},{"@type":"BreadcrumbList","@id":"https:\/\/autofans.com.ar\/index.php\/2025\/05\/16\/el-nuevo-gr-yaris-2025-desembarca-con-mas-potencia-y-tecnologia\/#breadcrumb","itemListElement":[{"@type":"ListItem","position":1,"name":"Inicio","item":"https:\/\/autofans.com.ar\/"},{"@type":"ListItem","position":2,"name":"El nuevo GR Yaris 2025 desembarca con m\u00e1s potencia y tecnolog\u00eda"}]},{"@type":"WebSite","@id":"https:\/\/autofans.com.ar\/#website","url":"https:\/\/autofans.com.ar\/","name":"","description":"El multimedio referente de la industria automotriz","potentialAction":[{"@type":"SearchAction","target":{"@type":"EntryPoint","urlTemplate":"https:\/\/autofans.com.ar\/?s={search_term_string}"},"query-input":{"@type":"PropertyValueSpecification","valueRequired":true,"valueName":"search_term_string"}}],"inLanguage":"es"},{"@type":"Person","@id":"https:\/\/autofans.com.ar\/#\/schema\/person\/4a8dda0b6df83ac3d6723e921274c2aa","name":"Alejandro Gabriel Rosito","image":{"@type":"ImageObject","inLanguage":"es","@id":"https:\/\/secure.gravatar.com\/avatar\/16c5dda1489adfc62618084dcbb91cffd879c374b13fe5dd8e44ed6733852c88?s=96&d=mm&r=g","url":"https:\/\/secure.gravatar.com\/avatar\/16c5dda1489adfc62618084dcbb91cffd879c374b13fe5dd8e44ed6733852c88?s=96&d=mm&r=g","contentUrl":"https:\/\/secure.gravatar.com\/avatar\/16c5dda1489adfc62618084dcbb91cffd879c374b13fe5dd8e44ed6733852c88?s=96&d=mm&r=g","caption":"Alejandro Gabriel Rosito"},"url":"https:\/\/autofans.com.ar\/index.php\/author\/gabrielr\/"}]}},"featured_image_urls":{"full":["https:\/\/autofans.com.ar\/wp-content\/uploads\/2025\/05\/yaris-1.jpg",1000,667,false],"thumbnail":["https:\/\/autofans.com.ar\/wp-content\/uploads\/2025\/05\/yaris-1-150x150.jpg",150,150,true],"medium":["https:\/\/autofans.com.ar\/wp-content\/uploads\/2025\/05\/yaris-1-300x200.jpg",300,200,true],"medium_large":["https:\/\/autofans.com.ar\/wp-content\/uploads\/2025\/05\/yaris-1-768x512.jpg",640,427,true],"large":["https:\/\/autofans.com.ar\/wp-content\/uploads\/2025\/05\/yaris-1.jpg",640,427,false],"1536x1536":["https:\/\/autofans.com.ar\/wp-content\/uploads\/2025\/05\/yaris-1.jpg",1000,667,false],"2048x2048":["https:\/\/autofans.com.ar\/wp-content\/uploads\/2025\/05\/yaris-1.jpg",1000,667,false],"covernews-featured":["https:\/\/autofans.com.ar\/wp-content\/uploads\/2025\/05\/yaris-1.jpg",1000,667,false],"covernews-medium":["https:\/\/autofans.com.ar\/wp-content\/uploads\/2025\/05\/yaris-1-540x340.jpg",540,340,true]},"author_info":{"display_name":"Alejandro Gabriel Rosito","author_link":"https:\/\/autofans.com.ar\/index.php\/author\/gabrielr\/"},"category_info":"<a href=\"https:\/\/autofans.com.ar\/index.php\/category\/noticias\/autos\/\" rel=\"category tag\">AUTOS y SUV<\/a> <a href=\"https:\/\/autofans.com.ar\/index.php\/category\/lanzamientos\/\" rel=\"category tag\">LANZAMIENTOS<\/a>","tag_info":"LANZAMIENTOS","comment_count":0,"_links":{"self":[{"href":"https:\/\/autofans.com.ar\/index.php\/wp-json\/wp\/v2\/posts\/12456","targetHints":{"allow":["GET"]}}],"collection":[{"href":"https:\/\/autofans.com.ar\/index.php\/wp-json\/wp\/v2\/posts"}],"about":[{"href":"https:\/\/autofans.com.ar\/index.php\/wp-json\/wp\/v2\/types\/post"}],"author":[{"embeddable":true,"href":"https:\/\/autofans.com.ar\/index.php\/wp-json\/wp\/v2\/users\/2"}],"replies":[{"embeddable":true,"href":"https:\/\/autofans.com.ar\/index.php\/wp-json\/wp\/v2\/comments?post=12456"}],"version-history":[{"count":5,"href":"https:\/\/autofans.com.ar\/index.php\/wp-json\/wp\/v2\/posts\/12456\/revisions"}],"predecessor-version":[{"id":12471,"href":"https:\/\/autofans.com.ar\/index.php\/wp-json\/wp\/v2\/posts\/12456\/revisions\/12471"}],"wp:featuredmedia":[{"embeddable":true,"href":"https:\/\/autofans.com.ar\/index.php\/wp-json\/wp\/v2\/media\/12466"}],"wp:attachment":[{"href":"https:\/\/autofans.com.ar\/index.php\/wp-json\/wp\/v2\/media?parent=12456"}],"wp:term":[{"taxonomy":"category","embeddable":true,"href":"https:\/\/autofans.com.ar\/index.php\/wp-json\/wp\/v2\/categories?post=12456"},{"taxonomy":"post_tag","embeddable":true,"href":"https:\/\/autofans.com.ar\/index.php\/wp-json\/wp\/v2\/tags?post=12456"}],"curies":[{"name":"wp","href":"https:\/\/api.w.org\/{rel}","templated":true}]}}