{"id":12472,"date":"2025-05-16T21:04:48","date_gmt":"2025-05-17T00:04:48","guid":{"rendered":"https:\/\/autofans.com.ar\/?p=12472"},"modified":"2025-05-16T21:04:48","modified_gmt":"2025-05-17T00:04:48","slug":"aca-y-fpt-lanzan-alianza-estrategica-para-transformar-la-movilidad-en-argentina","status":"publish","type":"post","link":"https:\/\/autofans.com.ar\/index.php\/2025\/05\/16\/aca-y-fpt-lanzan-alianza-estrategica-para-transformar-la-movilidad-en-argentina\/","title":{"rendered":"ACA y FPT lanzan alianza estrat\u00e9gica para transformar la movilidad en Argentina"},"content":{"rendered":"<p class=\"ds-markdown-paragraph\">El Autom\u00f3vil Club Argentino (ACA) y la Fundaci\u00f3n Profesional para el Transporte (FPT) firmaron un convenio para impulsar soluciones innovadoras en movilidad. El acuerdo, sellado el 15 de mayo, busca fortalecer la seguridad vial, la formaci\u00f3n de conductores y el desarrollo tecnol\u00f3gico en el sector.<\/p>\n<p><span style=\"color: #ffffff;\">.<\/span><\/p>\n<h2>Objetivos principales de la colaboraci\u00f3n<\/h2>\n<p>&nbsp;<\/p>\n<p><img fetchpriority=\"high\" decoding=\"async\" class=\"aligncenter wp-image-12473 size-full\" src=\"https:\/\/autofans.com.ar\/wp-content\/uploads\/2025\/05\/ftp-4.jpg\" alt=\"ACA y FPT\" width=\"1000\" height=\"667\" srcset=\"https:\/\/autofans.com.ar\/wp-content\/uploads\/2025\/05\/ftp-4.jpg 1000w, https:\/\/autofans.com.ar\/wp-content\/uploads\/2025\/05\/ftp-4-300x200.jpg 300w, https:\/\/autofans.com.ar\/wp-content\/uploads\/2025\/05\/ftp-4-768x512.jpg 768w\" sizes=\"(max-width: 1000px) 100vw, 1000px\" \/><\/p>\n<p>&nbsp;<\/p>\n<ul>\n<li>\n<p class=\"ds-markdown-paragraph\">Capacitaci\u00f3n especializada: Cursos en conducci\u00f3n profesional, gesti\u00f3n de flotas y seguridad.<\/p>\n<\/li>\n<li>\n<p class=\"ds-markdown-paragraph\">Proyectos nacionales: Programas de formaci\u00f3n en todo el pa\u00eds, utilizando la infraestructura del Centro de Capacitaci\u00f3n de la FPT.<\/p>\n<\/li>\n<li>\n<p class=\"ds-markdown-paragraph\">Innovaci\u00f3n tecnol\u00f3gica: Investigaci\u00f3n para mejorar pol\u00edticas viales y eficiencia operativa.<\/p>\n<\/li>\n<li>\n<p class=\"ds-markdown-paragraph\">Concientizaci\u00f3n: Campa\u00f1as para promover conducci\u00f3n responsable y uso de nuevas tecnolog\u00edas.<\/p>\n<\/li>\n<li>\n<p class=\"ds-markdown-paragraph\">Psicolog\u00eda vial: Evaluaciones psicom\u00e9tricas para selecci\u00f3n y entrenamiento de conductores.<\/p>\n<\/li>\n<\/ul>\n<p><span style=\"color: #ffffff;\">&#8216;<\/span><\/p>\n<h2>ACA y FPT la experiencia que respalda la alianza<\/h2>\n<p><span style=\"color: #ffffff;\">[<\/span><\/p>\n<div id='gallery-1' class='gallery galleryid-12472 gallery-columns-2 gallery-size-full'><figure class='gallery-item'>\n\t\t\t<div class='gallery-icon landscape'>\n\t\t\t\t<a href='https:\/\/autofans.com.ar\/index.php\/2025\/05\/16\/aca-y-fpt-lanzan-alianza-estrategica-para-transformar-la-movilidad-en-argentina\/ftp-3-4\/'><img loading=\"lazy\" width=\"1000\" height=\"667\" src=\"https:\/\/autofans.com.ar\/wp-content\/uploads\/2025\/05\/ftp-3.jpg\" class=\"attachment-full size-full\" alt=\"ACA y FPT\" srcset=\"https:\/\/autofans.com.ar\/wp-content\/uploads\/2025\/05\/ftp-3.jpg 1000w, https:\/\/autofans.com.ar\/wp-content\/uploads\/2025\/05\/ftp-3-300x200.jpg 300w, https:\/\/autofans.com.ar\/wp-content\/uploads\/2025\/05\/ftp-3-768x512.jpg 768w\" sizes=\"auto, (max-width: 1000px) 100vw, 1000px\" loading=\"lazy\" decoding=\"async\" \/><\/a>\n\t\t\t<\/div><\/figure><figure class='gallery-item'>\n\t\t\t<div class='gallery-icon landscape'>\n\t\t\t\t<a href='https:\/\/autofans.com.ar\/index.php\/2025\/05\/16\/aca-y-fpt-lanzan-alianza-estrategica-para-transformar-la-movilidad-en-argentina\/ftp-2-4\/'><img loading=\"lazy\" width=\"1000\" height=\"667\" src=\"https:\/\/autofans.com.ar\/wp-content\/uploads\/2025\/05\/ftp-2.jpg\" class=\"attachment-full size-full\" alt=\"ACA y FPT\" srcset=\"https:\/\/autofans.com.ar\/wp-content\/uploads\/2025\/05\/ftp-2.jpg 1000w, https:\/\/autofans.com.ar\/wp-content\/uploads\/2025\/05\/ftp-2-300x200.jpg 300w, https:\/\/autofans.com.ar\/wp-content\/uploads\/2025\/05\/ftp-2-768x512.jpg 768w\" sizes=\"auto, (max-width: 1000px) 100vw, 1000px\" loading=\"lazy\" decoding=\"async\" \/><\/a>\n\t\t\t<\/div><\/figure>\n\t\t<\/div>\n\n<p><span style=\"color: #ffffff;\">t<\/span><\/p>\n<p class=\"ds-markdown-paragraph\">El ACA, con 120 a\u00f1os en el sector, y la FPT, con tres d\u00e9cadas en formaci\u00f3n de transporte en Latinoam\u00e9rica, combinan sus recursos para liderar la transformaci\u00f3n de la movilidad en Argentina.<\/p>\n<p class=\"ds-markdown-paragraph\">El acuerdo se formaliz\u00f3 en el Centro de Capacitaci\u00f3n Profesional de la FPT, con la presencia de autoridades de ambas instituciones y socios estrat\u00e9gicos como la Agencia Nacional de Seguridad Vial y FIA Regi\u00f3n IV.<\/p>\n<p>&nbsp;<\/p>\n<p>&nbsp;<\/p>\n<p><i>Para enterarte de m\u00e1s novedades, no dejes de leer\u00a0<\/i><a href=\"https:\/\/autofans.thebrandsoup.com\/\"><i>nuestras notas<\/i><\/a><i>, de ver\u00a0<\/i><a href=\"https:\/\/www.youtube.com\/channel\/UCgAC8UGHZYbT6P7PpmVnP7g\"><i>AUTOFANS TV<\/i><\/a><i>\u00a0en nuestro\u00a0canal de Youtube. Adem\u00e1s seguinos en\u00a0<\/i><a href=\"https:\/\/www.instagram.com\/autofanstv\/\"><i>INSTAGRAM<\/i><\/a><i> y <\/i><a href=\"https:\/\/www.facebook.com\/autofansmas\/\"><i>FACEBOOK<\/i><\/a><i> para no perderte nada sobre las novedades del segmento automotor de Argentina y el mundo.<\/i><\/p>\n","protected":false},"excerpt":{"rendered":"<p>El Autom\u00f3vil Club Argentino (ACA) y la Fundaci\u00f3n Profesional para el Transporte (FPT) firmaron un&#8230;<\/p>\n","protected":false},"author":2,"featured_media":12476,"comment_status":"closed","ping_status":"closed","sticky":false,"template":"","format":"standard","meta":{"footnotes":""},"categories":[292,16],"tags":[755,1574,6714,2553,4787,2210,125,698,4446],"class_list":["post-12472","post","type-post","status-publish","format-standard","has-post-thumbnail","hentry","category-empresas","category-noticias","tag-aca","tag-alianzas-estrategicas","tag-conduccion-profesional","tag-educacion-vial","tag-fpt","tag-innovacion-en-transporte","tag-movilidad-sostenible","tag-seguridad-vial","tag-transporte-argentino"],"yoast_head":"<!-- This site is optimized with the Yoast SEO plugin v27.5 - https:\/\/yoast.com\/product\/yoast-seo-wordpress\/ -->\n<title>ACA y FPT lanzan alianza estrat\u00e9gica para transformar la movilidad en Argentina -<\/title>\n<meta name=\"description\" content=\"El Autom\u00f3vil Club Argentino (ACA) y la Fundaci\u00f3n Profesional para el Transporte (FPT) firmaron un convenio para impulsar soluciones...\" \/>\n<meta name=\"robots\" content=\"index, follow, max-snippet:-1, max-image-preview:large, max-video-preview:-1\" \/>\n<link rel=\"canonical\" href=\"https:\/\/autofans.com.ar\/index.php\/2025\/05\/16\/aca-y-fpt-lanzan-alianza-estrategica-para-transformar-la-movilidad-en-argentina\/\" \/>\n<meta property=\"og:locale\" content=\"es_ES\" \/>\n<meta property=\"og:type\" content=\"article\" \/>\n<meta property=\"og:title\" content=\"ACA y FPT lanzan alianza estrat\u00e9gica para transformar la movilidad en Argentina -\" \/>\n<meta property=\"og:description\" content=\"El Autom\u00f3vil Club Argentino (ACA) y la Fundaci\u00f3n Profesional para el Transporte (FPT) firmaron un convenio para impulsar soluciones...\" \/>\n<meta property=\"og:url\" content=\"https:\/\/autofans.com.ar\/index.php\/2025\/05\/16\/aca-y-fpt-lanzan-alianza-estrategica-para-transformar-la-movilidad-en-argentina\/\" \/>\n<meta property=\"article:published_time\" content=\"2025-05-17T00:04:48+00:00\" \/>\n<meta property=\"og:image\" content=\"https:\/\/autofans.com.ar\/wp-content\/uploads\/2025\/05\/ftp-1.jpg\" \/>\n\t<meta property=\"og:image:width\" content=\"1000\" \/>\n\t<meta property=\"og:image:height\" content=\"667\" \/>\n\t<meta property=\"og:image:type\" content=\"image\/jpeg\" \/>\n<meta name=\"author\" content=\"Alejandro Gabriel Rosito\" \/>\n<meta name=\"twitter:card\" content=\"summary_large_image\" \/>\n<meta name=\"twitter:label1\" content=\"Escrito por\" \/>\n\t<meta name=\"twitter:data1\" content=\"Alejandro Gabriel Rosito\" \/>\n\t<meta name=\"twitter:label2\" content=\"Tiempo de lectura\" \/>\n\t<meta name=\"twitter:data2\" content=\"2 minutos\" \/>\n<script type=\"application\/ld+json\" class=\"yoast-schema-graph\">{\"@context\":\"https:\\\/\\\/schema.org\",\"@graph\":[{\"@type\":\"Article\",\"@id\":\"https:\\\/\\\/autofans.com.ar\\\/index.php\\\/2025\\\/05\\\/16\\\/aca-y-fpt-lanzan-alianza-estrategica-para-transformar-la-movilidad-en-argentina\\\/#article\",\"isPartOf\":{\"@id\":\"https:\\\/\\\/autofans.com.ar\\\/index.php\\\/2025\\\/05\\\/16\\\/aca-y-fpt-lanzan-alianza-estrategica-para-transformar-la-movilidad-en-argentina\\\/\"},\"author\":{\"name\":\"Alejandro Gabriel Rosito\",\"@id\":\"https:\\\/\\\/autofans.com.ar\\\/#\\\/schema\\\/person\\\/4a8dda0b6df83ac3d6723e921274c2aa\"},\"headline\":\"ACA y FPT lanzan alianza estrat\u00e9gica para transformar la movilidad en Argentina\",\"datePublished\":\"2025-05-17T00:04:48+00:00\",\"mainEntityOfPage\":{\"@id\":\"https:\\\/\\\/autofans.com.ar\\\/index.php\\\/2025\\\/05\\\/16\\\/aca-y-fpt-lanzan-alianza-estrategica-para-transformar-la-movilidad-en-argentina\\\/\"},\"wordCount\":281,\"image\":{\"@id\":\"https:\\\/\\\/autofans.com.ar\\\/index.php\\\/2025\\\/05\\\/16\\\/aca-y-fpt-lanzan-alianza-estrategica-para-transformar-la-movilidad-en-argentina\\\/#primaryimage\"},\"thumbnailUrl\":\"https:\\\/\\\/autofans.com.ar\\\/wp-content\\\/uploads\\\/2025\\\/05\\\/ftp-1.jpg\",\"keywords\":[\"ACA\",\"alianzas estrat\u00e9gicas\",\"conducci\u00f3n profesional\",\"educaci\u00f3n vial\",\"FPT\",\"innovaci\u00f3n en transporte\",\"Movilidad Sostenible\",\"Seguridad Vial\",\"transporte argentino\"],\"articleSection\":[\"EMPRESAS\",\"NOTICIAS\"],\"inLanguage\":\"es\"},{\"@type\":\"WebPage\",\"@id\":\"https:\\\/\\\/autofans.com.ar\\\/index.php\\\/2025\\\/05\\\/16\\\/aca-y-fpt-lanzan-alianza-estrategica-para-transformar-la-movilidad-en-argentina\\\/\",\"url\":\"https:\\\/\\\/autofans.com.ar\\\/index.php\\\/2025\\\/05\\\/16\\\/aca-y-fpt-lanzan-alianza-estrategica-para-transformar-la-movilidad-en-argentina\\\/\",\"name\":\"ACA y FPT lanzan alianza estrat\u00e9gica para transformar la movilidad en Argentina -\",\"isPartOf\":{\"@id\":\"https:\\\/\\\/autofans.com.ar\\\/#website\"},\"primaryImageOfPage\":{\"@id\":\"https:\\\/\\\/autofans.com.ar\\\/index.php\\\/2025\\\/05\\\/16\\\/aca-y-fpt-lanzan-alianza-estrategica-para-transformar-la-movilidad-en-argentina\\\/#primaryimage\"},\"image\":{\"@id\":\"https:\\\/\\\/autofans.com.ar\\\/index.php\\\/2025\\\/05\\\/16\\\/aca-y-fpt-lanzan-alianza-estrategica-para-transformar-la-movilidad-en-argentina\\\/#primaryimage\"},\"thumbnailUrl\":\"https:\\\/\\\/autofans.com.ar\\\/wp-content\\\/uploads\\\/2025\\\/05\\\/ftp-1.jpg\",\"datePublished\":\"2025-05-17T00:04:48+00:00\",\"author\":{\"@id\":\"https:\\\/\\\/autofans.com.ar\\\/#\\\/schema\\\/person\\\/4a8dda0b6df83ac3d6723e921274c2aa\"},\"description\":\"El Autom\u00f3vil Club Argentino (ACA) y la Fundaci\u00f3n Profesional para el Transporte (FPT) firmaron un convenio para impulsar soluciones...\",\"breadcrumb\":{\"@id\":\"https:\\\/\\\/autofans.com.ar\\\/index.php\\\/2025\\\/05\\\/16\\\/aca-y-fpt-lanzan-alianza-estrategica-para-transformar-la-movilidad-en-argentina\\\/#breadcrumb\"},\"inLanguage\":\"es\",\"potentialAction\":[{\"@type\":\"ReadAction\",\"target\":[\"https:\\\/\\\/autofans.com.ar\\\/index.php\\\/2025\\\/05\\\/16\\\/aca-y-fpt-lanzan-alianza-estrategica-para-transformar-la-movilidad-en-argentina\\\/\"]}]},{\"@type\":\"ImageObject\",\"inLanguage\":\"es\",\"@id\":\"https:\\\/\\\/autofans.com.ar\\\/index.php\\\/2025\\\/05\\\/16\\\/aca-y-fpt-lanzan-alianza-estrategica-para-transformar-la-movilidad-en-argentina\\\/#primaryimage\",\"url\":\"https:\\\/\\\/autofans.com.ar\\\/wp-content\\\/uploads\\\/2025\\\/05\\\/ftp-1.jpg\",\"contentUrl\":\"https:\\\/\\\/autofans.com.ar\\\/wp-content\\\/uploads\\\/2025\\\/05\\\/ftp-1.jpg\",\"width\":1000,\"height\":667,\"caption\":\"ACA y FPT\"},{\"@type\":\"BreadcrumbList\",\"@id\":\"https:\\\/\\\/autofans.com.ar\\\/index.php\\\/2025\\\/05\\\/16\\\/aca-y-fpt-lanzan-alianza-estrategica-para-transformar-la-movilidad-en-argentina\\\/#breadcrumb\",\"itemListElement\":[{\"@type\":\"ListItem\",\"position\":1,\"name\":\"Inicio\",\"item\":\"https:\\\/\\\/autofans.com.ar\\\/\"},{\"@type\":\"ListItem\",\"position\":2,\"name\":\"ACA y FPT lanzan alianza estrat\u00e9gica para transformar la movilidad en Argentina\"}]},{\"@type\":\"WebSite\",\"@id\":\"https:\\\/\\\/autofans.com.ar\\\/#website\",\"url\":\"https:\\\/\\\/autofans.com.ar\\\/\",\"name\":\"\",\"description\":\"El multimedio referente de la industria automotriz\",\"potentialAction\":[{\"@type\":\"SearchAction\",\"target\":{\"@type\":\"EntryPoint\",\"urlTemplate\":\"https:\\\/\\\/autofans.com.ar\\\/?s={search_term_string}\"},\"query-input\":{\"@type\":\"PropertyValueSpecification\",\"valueRequired\":true,\"valueName\":\"search_term_string\"}}],\"inLanguage\":\"es\"},{\"@type\":\"Person\",\"@id\":\"https:\\\/\\\/autofans.com.ar\\\/#\\\/schema\\\/person\\\/4a8dda0b6df83ac3d6723e921274c2aa\",\"name\":\"Alejandro Gabriel Rosito\",\"image\":{\"@type\":\"ImageObject\",\"inLanguage\":\"es\",\"@id\":\"https:\\\/\\\/secure.gravatar.com\\\/avatar\\\/16c5dda1489adfc62618084dcbb91cffd879c374b13fe5dd8e44ed6733852c88?s=96&d=mm&r=g\",\"url\":\"https:\\\/\\\/secure.gravatar.com\\\/avatar\\\/16c5dda1489adfc62618084dcbb91cffd879c374b13fe5dd8e44ed6733852c88?s=96&d=mm&r=g\",\"contentUrl\":\"https:\\\/\\\/secure.gravatar.com\\\/avatar\\\/16c5dda1489adfc62618084dcbb91cffd879c374b13fe5dd8e44ed6733852c88?s=96&d=mm&r=g\",\"caption\":\"Alejandro Gabriel Rosito\"},\"url\":\"https:\\\/\\\/autofans.com.ar\\\/index.php\\\/author\\\/gabrielr\\\/\"}]}<\/script>\n<!-- \/ Yoast SEO plugin. -->","yoast_head_json":{"title":"ACA y FPT lanzan alianza estrat\u00e9gica para transformar la movilidad en Argentina -","description":"El Autom\u00f3vil Club Argentino (ACA) y la Fundaci\u00f3n Profesional para el Transporte (FPT) firmaron un convenio para impulsar soluciones...","robots":{"index":"index","follow":"follow","max-snippet":"max-snippet:-1","max-image-preview":"max-image-preview:large","max-video-preview":"max-video-preview:-1"},"canonical":"https:\/\/autofans.com.ar\/index.php\/2025\/05\/16\/aca-y-fpt-lanzan-alianza-estrategica-para-transformar-la-movilidad-en-argentina\/","og_locale":"es_ES","og_type":"article","og_title":"ACA y FPT lanzan alianza estrat\u00e9gica para transformar la movilidad en Argentina -","og_description":"El Autom\u00f3vil Club Argentino (ACA) y la Fundaci\u00f3n Profesional para el Transporte (FPT) firmaron un convenio para impulsar soluciones...","og_url":"https:\/\/autofans.com.ar\/index.php\/2025\/05\/16\/aca-y-fpt-lanzan-alianza-estrategica-para-transformar-la-movilidad-en-argentina\/","article_published_time":"2025-05-17T00:04:48+00:00","og_image":[{"width":1000,"height":667,"url":"https:\/\/autofans.com.ar\/wp-content\/uploads\/2025\/05\/ftp-1.jpg","type":"image\/jpeg"}],"author":"Alejandro Gabriel Rosito","twitter_card":"summary_large_image","twitter_misc":{"Escrito por":"Alejandro Gabriel Rosito","Tiempo de lectura":"2 minutos"},"schema":{"@context":"https:\/\/schema.org","@graph":[{"@type":"Article","@id":"https:\/\/autofans.com.ar\/index.php\/2025\/05\/16\/aca-y-fpt-lanzan-alianza-estrategica-para-transformar-la-movilidad-en-argentina\/#article","isPartOf":{"@id":"https:\/\/autofans.com.ar\/index.php\/2025\/05\/16\/aca-y-fpt-lanzan-alianza-estrategica-para-transformar-la-movilidad-en-argentina\/"},"author":{"name":"Alejandro Gabriel Rosito","@id":"https:\/\/autofans.com.ar\/#\/schema\/person\/4a8dda0b6df83ac3d6723e921274c2aa"},"headline":"ACA y FPT lanzan alianza estrat\u00e9gica para transformar la movilidad en Argentina","datePublished":"2025-05-17T00:04:48+00:00","mainEntityOfPage":{"@id":"https:\/\/autofans.com.ar\/index.php\/2025\/05\/16\/aca-y-fpt-lanzan-alianza-estrategica-para-transformar-la-movilidad-en-argentina\/"},"wordCount":281,"image":{"@id":"https:\/\/autofans.com.ar\/index.php\/2025\/05\/16\/aca-y-fpt-lanzan-alianza-estrategica-para-transformar-la-movilidad-en-argentina\/#primaryimage"},"thumbnailUrl":"https:\/\/autofans.com.ar\/wp-content\/uploads\/2025\/05\/ftp-1.jpg","keywords":["ACA","alianzas estrat\u00e9gicas","conducci\u00f3n profesional","educaci\u00f3n vial","FPT","innovaci\u00f3n en transporte","Movilidad Sostenible","Seguridad Vial","transporte argentino"],"articleSection":["EMPRESAS","NOTICIAS"],"inLanguage":"es"},{"@type":"WebPage","@id":"https:\/\/autofans.com.ar\/index.php\/2025\/05\/16\/aca-y-fpt-lanzan-alianza-estrategica-para-transformar-la-movilidad-en-argentina\/","url":"https:\/\/autofans.com.ar\/index.php\/2025\/05\/16\/aca-y-fpt-lanzan-alianza-estrategica-para-transformar-la-movilidad-en-argentina\/","name":"ACA y FPT lanzan alianza estrat\u00e9gica para transformar la movilidad en Argentina -","isPartOf":{"@id":"https:\/\/autofans.com.ar\/#website"},"primaryImageOfPage":{"@id":"https:\/\/autofans.com.ar\/index.php\/2025\/05\/16\/aca-y-fpt-lanzan-alianza-estrategica-para-transformar-la-movilidad-en-argentina\/#primaryimage"},"image":{"@id":"https:\/\/autofans.com.ar\/index.php\/2025\/05\/16\/aca-y-fpt-lanzan-alianza-estrategica-para-transformar-la-movilidad-en-argentina\/#primaryimage"},"thumbnailUrl":"https:\/\/autofans.com.ar\/wp-content\/uploads\/2025\/05\/ftp-1.jpg","datePublished":"2025-05-17T00:04:48+00:00","author":{"@id":"https:\/\/autofans.com.ar\/#\/schema\/person\/4a8dda0b6df83ac3d6723e921274c2aa"},"description":"El Autom\u00f3vil Club Argentino (ACA) y la Fundaci\u00f3n Profesional para el Transporte (FPT) firmaron un convenio para impulsar soluciones...","breadcrumb":{"@id":"https:\/\/autofans.com.ar\/index.php\/2025\/05\/16\/aca-y-fpt-lanzan-alianza-estrategica-para-transformar-la-movilidad-en-argentina\/#breadcrumb"},"inLanguage":"es","potentialAction":[{"@type":"ReadAction","target":["https:\/\/autofans.com.ar\/index.php\/2025\/05\/16\/aca-y-fpt-lanzan-alianza-estrategica-para-transformar-la-movilidad-en-argentina\/"]}]},{"@type":"ImageObject","inLanguage":"es","@id":"https:\/\/autofans.com.ar\/index.php\/2025\/05\/16\/aca-y-fpt-lanzan-alianza-estrategica-para-transformar-la-movilidad-en-argentina\/#primaryimage","url":"https:\/\/autofans.com.ar\/wp-content\/uploads\/2025\/05\/ftp-1.jpg","contentUrl":"https:\/\/autofans.com.ar\/wp-content\/uploads\/2025\/05\/ftp-1.jpg","width":1000,"height":667,"caption":"ACA y FPT"},{"@type":"BreadcrumbList","@id":"https:\/\/autofans.com.ar\/index.php\/2025\/05\/16\/aca-y-fpt-lanzan-alianza-estrategica-para-transformar-la-movilidad-en-argentina\/#breadcrumb","itemListElement":[{"@type":"ListItem","position":1,"name":"Inicio","item":"https:\/\/autofans.com.ar\/"},{"@type":"ListItem","position":2,"name":"ACA y FPT lanzan alianza estrat\u00e9gica para transformar la movilidad en Argentina"}]},{"@type":"WebSite","@id":"https:\/\/autofans.com.ar\/#website","url":"https:\/\/autofans.com.ar\/","name":"","description":"El multimedio referente de la industria automotriz","potentialAction":[{"@type":"SearchAction","target":{"@type":"EntryPoint","urlTemplate":"https:\/\/autofans.com.ar\/?s={search_term_string}"},"query-input":{"@type":"PropertyValueSpecification","valueRequired":true,"valueName":"search_term_string"}}],"inLanguage":"es"},{"@type":"Person","@id":"https:\/\/autofans.com.ar\/#\/schema\/person\/4a8dda0b6df83ac3d6723e921274c2aa","name":"Alejandro Gabriel Rosito","image":{"@type":"ImageObject","inLanguage":"es","@id":"https:\/\/secure.gravatar.com\/avatar\/16c5dda1489adfc62618084dcbb91cffd879c374b13fe5dd8e44ed6733852c88?s=96&d=mm&r=g","url":"https:\/\/secure.gravatar.com\/avatar\/16c5dda1489adfc62618084dcbb91cffd879c374b13fe5dd8e44ed6733852c88?s=96&d=mm&r=g","contentUrl":"https:\/\/secure.gravatar.com\/avatar\/16c5dda1489adfc62618084dcbb91cffd879c374b13fe5dd8e44ed6733852c88?s=96&d=mm&r=g","caption":"Alejandro Gabriel Rosito"},"url":"https:\/\/autofans.com.ar\/index.php\/author\/gabrielr\/"}]}},"featured_image_urls":{"full":["https:\/\/autofans.com.ar\/wp-content\/uploads\/2025\/05\/ftp-1.jpg",1000,667,false],"thumbnail":["https:\/\/autofans.com.ar\/wp-content\/uploads\/2025\/05\/ftp-1-150x150.jpg",150,150,true],"medium":["https:\/\/autofans.com.ar\/wp-content\/uploads\/2025\/05\/ftp-1-300x200.jpg",300,200,true],"medium_large":["https:\/\/autofans.com.ar\/wp-content\/uploads\/2025\/05\/ftp-1-768x512.jpg",640,427,true],"large":["https:\/\/autofans.com.ar\/wp-content\/uploads\/2025\/05\/ftp-1.jpg",640,427,false],"1536x1536":["https:\/\/autofans.com.ar\/wp-content\/uploads\/2025\/05\/ftp-1.jpg",1000,667,false],"2048x2048":["https:\/\/autofans.com.ar\/wp-content\/uploads\/2025\/05\/ftp-1.jpg",1000,667,false],"covernews-featured":["https:\/\/autofans.com.ar\/wp-content\/uploads\/2025\/05\/ftp-1.jpg",1000,667,false],"covernews-medium":["https:\/\/autofans.com.ar\/wp-content\/uploads\/2025\/05\/ftp-1-540x340.jpg",540,340,true]},"author_info":{"display_name":"Alejandro Gabriel Rosito","author_link":"https:\/\/autofans.com.ar\/index.php\/author\/gabrielr\/"},"category_info":"<a href=\"https:\/\/autofans.com.ar\/index.php\/category\/noticias\/empresas\/\" rel=\"category tag\">EMPRESAS<\/a> <a href=\"https:\/\/autofans.com.ar\/index.php\/category\/noticias\/\" rel=\"category tag\">NOTICIAS<\/a>","tag_info":"NOTICIAS","comment_count":0,"_links":{"self":[{"href":"https:\/\/autofans.com.ar\/index.php\/wp-json\/wp\/v2\/posts\/12472","targetHints":{"allow":["GET"]}}],"collection":[{"href":"https:\/\/autofans.com.ar\/index.php\/wp-json\/wp\/v2\/posts"}],"about":[{"href":"https:\/\/autofans.com.ar\/index.php\/wp-json\/wp\/v2\/types\/post"}],"author":[{"embeddable":true,"href":"https:\/\/autofans.com.ar\/index.php\/wp-json\/wp\/v2\/users\/2"}],"replies":[{"embeddable":true,"href":"https:\/\/autofans.com.ar\/index.php\/wp-json\/wp\/v2\/comments?post=12472"}],"version-history":[{"count":3,"href":"https:\/\/autofans.com.ar\/index.php\/wp-json\/wp\/v2\/posts\/12472\/revisions"}],"predecessor-version":[{"id":12479,"href":"https:\/\/autofans.com.ar\/index.php\/wp-json\/wp\/v2\/posts\/12472\/revisions\/12479"}],"wp:featuredmedia":[{"embeddable":true,"href":"https:\/\/autofans.com.ar\/index.php\/wp-json\/wp\/v2\/media\/12476"}],"wp:attachment":[{"href":"https:\/\/autofans.com.ar\/index.php\/wp-json\/wp\/v2\/media?parent=12472"}],"wp:term":[{"taxonomy":"category","embeddable":true,"href":"https:\/\/autofans.com.ar\/index.php\/wp-json\/wp\/v2\/categories?post=12472"},{"taxonomy":"post_tag","embeddable":true,"href":"https:\/\/autofans.com.ar\/index.php\/wp-json\/wp\/v2\/tags?post=12472"}],"curies":[{"name":"wp","href":"https:\/\/api.w.org\/{rel}","templated":true}]}}