{"id":12498,"date":"2025-05-19T17:23:29","date_gmt":"2025-05-19T20:23:29","guid":{"rendered":"https:\/\/autofans.com.ar\/?p=12498"},"modified":"2025-05-19T17:23:29","modified_gmt":"2025-05-19T20:23:29","slug":"moto-morini-apuesta-al-oeste-inaugura-local-en-parque-leloir","status":"publish","type":"post","link":"https:\/\/autofans.com.ar\/index.php\/2025\/05\/19\/moto-morini-apuesta-al-oeste-inaugura-local-en-parque-leloir\/","title":{"rendered":"Moto Morini apuesta al oeste: inaugura local en Parque Leloir"},"content":{"rendered":"<p class=\"ds-markdown-paragraph\">El s\u00e1bado 11 de mayo, Moto Morini inaugur\u00f3 su d\u00e9cimo concesionario en el pa\u00eds, ubicado en Av. Presidente Per\u00f3n 9453, Parque Leloir. El evento cont\u00f3 con la presencia de ejecutivos de Grupo Simpa (importador oficial), el equipo de Lemamotor (encargado del local) y fan\u00e1ticos de la marca, quienes probaron modelos como la Seiemmezzo SCR, la X-Cape y la Calibro Custom.<\/p>\n<p><span style=\"color: #ffffff;\">.<\/span><\/p>\n<blockquote>\n<p style=\"text-align: center;\"><span lang=\"ES-AR\">Con motivo de una nueva apertura, <\/span><span lang=\"ES-AR\">Juan Martin Ugalde, responsable de Customer Experience de Grupo Simpa<\/span><span lang=\"ES-AR\">, destac\u00f3: \u201cestamos orgullosos de sumar este nuevo concesionario, junto al equipo de Lemamotor. Moto Morini sigue consolidando su presencia en Argentina, y cada nuevo concesionario es una apuesta a largo plazo por el crecimiento de marcas de calidad en el pa\u00eds. Esta apertura en Parque Leloir refuerza el compromiso que tenemos en Grupo Simpa de brindar una red federal y de atenci\u00f3n de excelencia para todas las marcas que representamos\u201d.<\/span><\/p>\n<\/blockquote>\n<p><span style=\"color: #ffffff;\">p<\/span><\/p>\n<h2>Moto Morini &#8211; un espacio clave para los motoentusiastas<\/h2>\n<p>&nbsp;<\/p>\n<div id='gallery-1' class='gallery galleryid-12498 gallery-columns-2 gallery-size-full'><figure class='gallery-item'>\n\t\t\t<div class='gallery-icon landscape'>\n\t\t\t\t<a href='https:\/\/autofans.com.ar\/index.php\/2025\/05\/19\/moto-morini-apuesta-al-oeste-inaugura-local-en-parque-leloir\/foto-5-144\/'><img loading=\"lazy\" width=\"1000\" height=\"667\" src=\"https:\/\/autofans.com.ar\/wp-content\/uploads\/2025\/05\/foto-5.jpg\" class=\"attachment-full size-full\" alt=\"Moto Morini\" srcset=\"https:\/\/autofans.com.ar\/wp-content\/uploads\/2025\/05\/foto-5.jpg 1000w, https:\/\/autofans.com.ar\/wp-content\/uploads\/2025\/05\/foto-5-300x200.jpg 300w, https:\/\/autofans.com.ar\/wp-content\/uploads\/2025\/05\/foto-5-768x512.jpg 768w\" sizes=\"auto, (max-width: 1000px) 100vw, 1000px\" loading=\"lazy\" decoding=\"async\" \/><\/a>\n\t\t\t<\/div><\/figure><figure class='gallery-item'>\n\t\t\t<div class='gallery-icon landscape'>\n\t\t\t\t<a href='https:\/\/autofans.com.ar\/index.php\/2025\/05\/19\/moto-morini-apuesta-al-oeste-inaugura-local-en-parque-leloir\/foto-4-244\/'><img loading=\"lazy\" width=\"1000\" height=\"667\" src=\"https:\/\/autofans.com.ar\/wp-content\/uploads\/2025\/05\/foto-4.jpg\" class=\"attachment-full size-full\" alt=\"Moto Morini\" srcset=\"https:\/\/autofans.com.ar\/wp-content\/uploads\/2025\/05\/foto-4.jpg 1000w, https:\/\/autofans.com.ar\/wp-content\/uploads\/2025\/05\/foto-4-300x200.jpg 300w, https:\/\/autofans.com.ar\/wp-content\/uploads\/2025\/05\/foto-4-768x512.jpg 768w\" sizes=\"auto, (max-width: 1000px) 100vw, 1000px\" loading=\"lazy\" decoding=\"async\" \/><\/a>\n\t\t\t<\/div><\/figure>\n\t\t<\/div>\n\n<p>&nbsp;<\/p>\n<p class=\"ds-markdown-paragraph\">Con 240 m\u00b2, el nuevo local no solo ampl\u00eda la red comercial de Moto Morini, sino que tambi\u00e9n funciona como centro integral: venta, repuestos y posventa. La apertura refuerza el compromiso de la marca con el mercado argentino, donde ya tiene m\u00e1s de 85 a\u00f1os de legado italiano.<\/p>\n<p><span style=\"color: #ffffff;\">;<\/span><\/p>\n<blockquote>\n<p style=\"font-weight: 400; text-align: center;\">Por su parte, Mateo Garri de Lemamotor S.A., enfatiz\u00f3 que \u201ccomo Grupo estamos abriendo nuestro d\u00e9cimo concesionario en Argentina, en esta ocasi\u00f3n de la marca Moto Morini, un paso significativo hacia nuestro objetivo de convertirnos en l\u00edderes de ventas en el segmento de media y alta gama en el pa\u00eds. A lo largo de nuestro camino, hemos trabajado arduamente en la `Atenci\u00f3n al Cliente\u00b4 que\u00a0implementamos un enfoque proactivo y personalizado para asegurar la satisfacci\u00f3n de nuestros clientes; mediante un `Crecimiento Sostenible\u00b4 dado que \u00a0la apertura de un nuevo concesionario no solo representa expansi\u00f3n, sino tambi\u00e9n nuestro compromiso con la innovaci\u00f3n y calidad en el servicio; y la `Construcci\u00f3n de Marca\u00b4 que representa, no s\u00f3lo enfocarse en vender motos, sino tambi\u00e9n en acompa\u00f1ar la identidad de la\u00a0 marca en el pa\u00eds desde nuestra zona de influencia\u201d.<\/p>\n<\/blockquote>\n<p><span style=\"color: #ffffff;\">t<\/span><\/p>\n<h2>Producci\u00f3n local con est\u00e1ndares internacionales<\/h2>\n<p>&nbsp;<\/p>\n<div id='gallery-2' class='gallery galleryid-12498 gallery-columns-2 gallery-size-full'><figure class='gallery-item'>\n\t\t\t<div class='gallery-icon landscape'>\n\t\t\t\t<a href='https:\/\/autofans.com.ar\/index.php\/2025\/05\/19\/moto-morini-apuesta-al-oeste-inaugura-local-en-parque-leloir\/foto-2-448\/'><img loading=\"lazy\" width=\"1000\" height=\"667\" src=\"https:\/\/autofans.com.ar\/wp-content\/uploads\/2025\/05\/foto-2.jpg\" class=\"attachment-full size-full\" alt=\"Moto Morini\" srcset=\"https:\/\/autofans.com.ar\/wp-content\/uploads\/2025\/05\/foto-2.jpg 1000w, https:\/\/autofans.com.ar\/wp-content\/uploads\/2025\/05\/foto-2-300x200.jpg 300w, https:\/\/autofans.com.ar\/wp-content\/uploads\/2025\/05\/foto-2-768x512.jpg 768w\" sizes=\"auto, (max-width: 1000px) 100vw, 1000px\" loading=\"lazy\" decoding=\"async\" \/><\/a>\n\t\t\t<\/div><\/figure><figure class='gallery-item'>\n\t\t\t<div class='gallery-icon landscape'>\n\t\t\t\t<a href='https:\/\/autofans.com.ar\/index.php\/2025\/05\/19\/moto-morini-apuesta-al-oeste-inaugura-local-en-parque-leloir\/foto-3-372\/'><img loading=\"lazy\" width=\"1000\" height=\"667\" src=\"https:\/\/autofans.com.ar\/wp-content\/uploads\/2025\/05\/foto-3.jpg\" class=\"attachment-full size-full\" alt=\"Moto Morini\" srcset=\"https:\/\/autofans.com.ar\/wp-content\/uploads\/2025\/05\/foto-3.jpg 1000w, https:\/\/autofans.com.ar\/wp-content\/uploads\/2025\/05\/foto-3-300x200.jpg 300w, https:\/\/autofans.com.ar\/wp-content\/uploads\/2025\/05\/foto-3-768x512.jpg 768w\" sizes=\"auto, (max-width: 1000px) 100vw, 1000px\" loading=\"lazy\" decoding=\"async\" \/><\/a>\n\t\t\t<\/div><\/figure>\n\t\t<\/div>\n\n<p>&nbsp;<\/p>\n<p class=\"ds-markdown-paragraph\">Grupo Simpa fabrica en Argentina los modelos X-Cape, Seiemmezzo y Calibro en su planta de Pilar (35.000 m\u00b2), adaptados a las necesidades del mercado local. Esta inversi\u00f3n destaca la apuesta de la marca por la industria nacional sin sacrificar calidad.<\/p>\n<p><span style=\"color: #ffffff;\">u<\/span><\/p>\n<p><span style=\"color: #ffffff;\">j<\/span><\/p>\n<p><span style=\"color: #ffffff;\">g<\/span><\/p>\n<p>&nbsp;<\/p>\n<p><i>Para enterarte de m\u00e1s novedades, no dejes de leer\u00a0<\/i><a href=\"https:\/\/autofans.thebrandsoup.com\/\"><i>nuestras notas<\/i><\/a><i>, de ver\u00a0<\/i><a href=\"https:\/\/www.youtube.com\/channel\/UCgAC8UGHZYbT6P7PpmVnP7g\"><i>AUTOFANS TV<\/i><\/a><i>\u00a0en nuestro\u00a0canal de Youtube. Adem\u00e1s seguinos en\u00a0<\/i><a href=\"https:\/\/www.instagram.com\/autofanstv\/\"><i>INSTAGRAM<\/i><\/a><i> y <\/i><a href=\"https:\/\/www.facebook.com\/autofansmas\/\"><i>FACEBOOK<\/i><\/a><i> para no perderte nada sobre las novedades del segmento automotor de Argentina y el mundo.<\/i><\/p>\n","protected":false},"excerpt":{"rendered":"<p>El s\u00e1bado 11 de mayo, Moto Morini inaugur\u00f3 su d\u00e9cimo concesionario en el pa\u00eds, ubicado&#8230;<\/p>\n","protected":false},"author":2,"featured_media":12504,"comment_status":"closed","ping_status":"closed","sticky":false,"template":"","format":"standard","meta":{"footnotes":""},"categories":[4,16],"tags":[6720,6717,246,6721,5656,5660,2116,6719,6718],"class_list":["post-12498","post","type-post","status-publish","format-standard","has-post-thumbnail","hentry","category-motos","category-noticias","tag-calibro","tag-concesionario-parque-leloir","tag-grupo-simpa","tag-lemamotor","tag-moto-morini-argentina","tag-motos-italianas","tag-motos-premium-argentina","tag-seiemmezzo","tag-x-cape"],"yoast_head":"<!-- This site is optimized with the Yoast SEO plugin v27.5 - https:\/\/yoast.com\/product\/yoast-seo-wordpress\/ -->\n<title>Moto Morini apuesta al oeste: inaugura local en Parque Leloir -<\/title>\n<meta name=\"description\" content=\"El s\u00e1bado 11 de mayo, Moto Morini inaugur\u00f3 su d\u00e9cimo concesionario en el pa\u00eds, ubicado en Av. Presidente Per\u00f3n 9453, Parque Leloir.\" \/>\n<meta name=\"robots\" content=\"index, follow, max-snippet:-1, max-image-preview:large, max-video-preview:-1\" \/>\n<link rel=\"canonical\" href=\"https:\/\/autofans.com.ar\/index.php\/2025\/05\/19\/moto-morini-apuesta-al-oeste-inaugura-local-en-parque-leloir\/\" \/>\n<meta property=\"og:locale\" content=\"es_ES\" \/>\n<meta property=\"og:type\" content=\"article\" \/>\n<meta property=\"og:title\" content=\"Moto Morini apuesta al oeste: inaugura local en Parque Leloir -\" \/>\n<meta property=\"og:description\" content=\"El s\u00e1bado 11 de mayo, Moto Morini inaugur\u00f3 su d\u00e9cimo concesionario en el pa\u00eds, ubicado en Av. Presidente Per\u00f3n 9453, Parque Leloir.\" \/>\n<meta property=\"og:url\" content=\"https:\/\/autofans.com.ar\/index.php\/2025\/05\/19\/moto-morini-apuesta-al-oeste-inaugura-local-en-parque-leloir\/\" \/>\n<meta property=\"article:published_time\" content=\"2025-05-19T20:23:29+00:00\" \/>\n<meta property=\"og:image\" content=\"https:\/\/autofans.com.ar\/wp-content\/uploads\/2025\/05\/foyo-1.jpg\" \/>\n\t<meta property=\"og:image:width\" content=\"640\" \/>\n\t<meta property=\"og:image:height\" content=\"427\" \/>\n\t<meta property=\"og:image:type\" content=\"image\/jpeg\" \/>\n<meta name=\"author\" content=\"Alejandro Gabriel Rosito\" \/>\n<meta name=\"twitter:card\" content=\"summary_large_image\" \/>\n<meta name=\"twitter:label1\" content=\"Escrito por\" \/>\n\t<meta name=\"twitter:data1\" content=\"Alejandro Gabriel Rosito\" \/>\n\t<meta name=\"twitter:label2\" content=\"Tiempo de lectura\" \/>\n\t<meta name=\"twitter:data2\" content=\"2 minutos\" \/>\n<script type=\"application\/ld+json\" class=\"yoast-schema-graph\">{\"@context\":\"https:\\\/\\\/schema.org\",\"@graph\":[{\"@type\":\"Article\",\"@id\":\"https:\\\/\\\/autofans.com.ar\\\/index.php\\\/2025\\\/05\\\/19\\\/moto-morini-apuesta-al-oeste-inaugura-local-en-parque-leloir\\\/#article\",\"isPartOf\":{\"@id\":\"https:\\\/\\\/autofans.com.ar\\\/index.php\\\/2025\\\/05\\\/19\\\/moto-morini-apuesta-al-oeste-inaugura-local-en-parque-leloir\\\/\"},\"author\":{\"name\":\"Alejandro Gabriel Rosito\",\"@id\":\"https:\\\/\\\/autofans.com.ar\\\/#\\\/schema\\\/person\\\/4a8dda0b6df83ac3d6723e921274c2aa\"},\"headline\":\"Moto Morini apuesta al oeste: inaugura local en Parque Leloir\",\"datePublished\":\"2025-05-19T20:23:29+00:00\",\"mainEntityOfPage\":{\"@id\":\"https:\\\/\\\/autofans.com.ar\\\/index.php\\\/2025\\\/05\\\/19\\\/moto-morini-apuesta-al-oeste-inaugura-local-en-parque-leloir\\\/\"},\"wordCount\":481,\"image\":{\"@id\":\"https:\\\/\\\/autofans.com.ar\\\/index.php\\\/2025\\\/05\\\/19\\\/moto-morini-apuesta-al-oeste-inaugura-local-en-parque-leloir\\\/#primaryimage\"},\"thumbnailUrl\":\"https:\\\/\\\/autofans.com.ar\\\/wp-content\\\/uploads\\\/2025\\\/05\\\/foyo-1.jpg\",\"keywords\":[\"Calibro\",\"concesionario Parque Leloir\",\"Grupo Simpa\",\"Lemamotor\",\"Moto Morini Argentina\",\"motos italianas\",\"Motos premium Argentina\",\"Seiemmezzo\",\"X-Cape\"],\"articleSection\":[\"MOTOS\",\"NOTICIAS\"],\"inLanguage\":\"es\"},{\"@type\":\"WebPage\",\"@id\":\"https:\\\/\\\/autofans.com.ar\\\/index.php\\\/2025\\\/05\\\/19\\\/moto-morini-apuesta-al-oeste-inaugura-local-en-parque-leloir\\\/\",\"url\":\"https:\\\/\\\/autofans.com.ar\\\/index.php\\\/2025\\\/05\\\/19\\\/moto-morini-apuesta-al-oeste-inaugura-local-en-parque-leloir\\\/\",\"name\":\"Moto Morini apuesta al oeste: inaugura local en Parque Leloir -\",\"isPartOf\":{\"@id\":\"https:\\\/\\\/autofans.com.ar\\\/#website\"},\"primaryImageOfPage\":{\"@id\":\"https:\\\/\\\/autofans.com.ar\\\/index.php\\\/2025\\\/05\\\/19\\\/moto-morini-apuesta-al-oeste-inaugura-local-en-parque-leloir\\\/#primaryimage\"},\"image\":{\"@id\":\"https:\\\/\\\/autofans.com.ar\\\/index.php\\\/2025\\\/05\\\/19\\\/moto-morini-apuesta-al-oeste-inaugura-local-en-parque-leloir\\\/#primaryimage\"},\"thumbnailUrl\":\"https:\\\/\\\/autofans.com.ar\\\/wp-content\\\/uploads\\\/2025\\\/05\\\/foyo-1.jpg\",\"datePublished\":\"2025-05-19T20:23:29+00:00\",\"author\":{\"@id\":\"https:\\\/\\\/autofans.com.ar\\\/#\\\/schema\\\/person\\\/4a8dda0b6df83ac3d6723e921274c2aa\"},\"description\":\"El s\u00e1bado 11 de mayo, Moto Morini inaugur\u00f3 su d\u00e9cimo concesionario en el pa\u00eds, ubicado en Av. Presidente Per\u00f3n 9453, Parque Leloir.\",\"breadcrumb\":{\"@id\":\"https:\\\/\\\/autofans.com.ar\\\/index.php\\\/2025\\\/05\\\/19\\\/moto-morini-apuesta-al-oeste-inaugura-local-en-parque-leloir\\\/#breadcrumb\"},\"inLanguage\":\"es\",\"potentialAction\":[{\"@type\":\"ReadAction\",\"target\":[\"https:\\\/\\\/autofans.com.ar\\\/index.php\\\/2025\\\/05\\\/19\\\/moto-morini-apuesta-al-oeste-inaugura-local-en-parque-leloir\\\/\"]}]},{\"@type\":\"ImageObject\",\"inLanguage\":\"es\",\"@id\":\"https:\\\/\\\/autofans.com.ar\\\/index.php\\\/2025\\\/05\\\/19\\\/moto-morini-apuesta-al-oeste-inaugura-local-en-parque-leloir\\\/#primaryimage\",\"url\":\"https:\\\/\\\/autofans.com.ar\\\/wp-content\\\/uploads\\\/2025\\\/05\\\/foyo-1.jpg\",\"contentUrl\":\"https:\\\/\\\/autofans.com.ar\\\/wp-content\\\/uploads\\\/2025\\\/05\\\/foyo-1.jpg\",\"width\":1000,\"height\":667,\"caption\":\"Moto Morini\"},{\"@type\":\"BreadcrumbList\",\"@id\":\"https:\\\/\\\/autofans.com.ar\\\/index.php\\\/2025\\\/05\\\/19\\\/moto-morini-apuesta-al-oeste-inaugura-local-en-parque-leloir\\\/#breadcrumb\",\"itemListElement\":[{\"@type\":\"ListItem\",\"position\":1,\"name\":\"Inicio\",\"item\":\"https:\\\/\\\/autofans.com.ar\\\/\"},{\"@type\":\"ListItem\",\"position\":2,\"name\":\"Moto Morini apuesta al oeste: inaugura local en Parque Leloir\"}]},{\"@type\":\"WebSite\",\"@id\":\"https:\\\/\\\/autofans.com.ar\\\/#website\",\"url\":\"https:\\\/\\\/autofans.com.ar\\\/\",\"name\":\"\",\"description\":\"El multimedio referente de la industria automotriz\",\"potentialAction\":[{\"@type\":\"SearchAction\",\"target\":{\"@type\":\"EntryPoint\",\"urlTemplate\":\"https:\\\/\\\/autofans.com.ar\\\/?s={search_term_string}\"},\"query-input\":{\"@type\":\"PropertyValueSpecification\",\"valueRequired\":true,\"valueName\":\"search_term_string\"}}],\"inLanguage\":\"es\"},{\"@type\":\"Person\",\"@id\":\"https:\\\/\\\/autofans.com.ar\\\/#\\\/schema\\\/person\\\/4a8dda0b6df83ac3d6723e921274c2aa\",\"name\":\"Alejandro Gabriel Rosito\",\"image\":{\"@type\":\"ImageObject\",\"inLanguage\":\"es\",\"@id\":\"https:\\\/\\\/secure.gravatar.com\\\/avatar\\\/16c5dda1489adfc62618084dcbb91cffd879c374b13fe5dd8e44ed6733852c88?s=96&d=mm&r=g\",\"url\":\"https:\\\/\\\/secure.gravatar.com\\\/avatar\\\/16c5dda1489adfc62618084dcbb91cffd879c374b13fe5dd8e44ed6733852c88?s=96&d=mm&r=g\",\"contentUrl\":\"https:\\\/\\\/secure.gravatar.com\\\/avatar\\\/16c5dda1489adfc62618084dcbb91cffd879c374b13fe5dd8e44ed6733852c88?s=96&d=mm&r=g\",\"caption\":\"Alejandro Gabriel Rosito\"},\"url\":\"https:\\\/\\\/autofans.com.ar\\\/index.php\\\/author\\\/gabrielr\\\/\"}]}<\/script>\n<!-- \/ Yoast SEO plugin. -->","yoast_head_json":{"title":"Moto Morini apuesta al oeste: inaugura local en Parque Leloir -","description":"El s\u00e1bado 11 de mayo, Moto Morini inaugur\u00f3 su d\u00e9cimo concesionario en el pa\u00eds, ubicado en Av. Presidente Per\u00f3n 9453, Parque Leloir.","robots":{"index":"index","follow":"follow","max-snippet":"max-snippet:-1","max-image-preview":"max-image-preview:large","max-video-preview":"max-video-preview:-1"},"canonical":"https:\/\/autofans.com.ar\/index.php\/2025\/05\/19\/moto-morini-apuesta-al-oeste-inaugura-local-en-parque-leloir\/","og_locale":"es_ES","og_type":"article","og_title":"Moto Morini apuesta al oeste: inaugura local en Parque Leloir -","og_description":"El s\u00e1bado 11 de mayo, Moto Morini inaugur\u00f3 su d\u00e9cimo concesionario en el pa\u00eds, ubicado en Av. Presidente Per\u00f3n 9453, Parque Leloir.","og_url":"https:\/\/autofans.com.ar\/index.php\/2025\/05\/19\/moto-morini-apuesta-al-oeste-inaugura-local-en-parque-leloir\/","article_published_time":"2025-05-19T20:23:29+00:00","og_image":[{"url":"https:\/\/autofans.com.ar\/wp-content\/uploads\/2025\/05\/foyo-1.jpg","width":640,"height":427,"type":"image\/jpeg"}],"author":"Alejandro Gabriel Rosito","twitter_card":"summary_large_image","twitter_misc":{"Escrito por":"Alejandro Gabriel Rosito","Tiempo de lectura":"2 minutos"},"schema":{"@context":"https:\/\/schema.org","@graph":[{"@type":"Article","@id":"https:\/\/autofans.com.ar\/index.php\/2025\/05\/19\/moto-morini-apuesta-al-oeste-inaugura-local-en-parque-leloir\/#article","isPartOf":{"@id":"https:\/\/autofans.com.ar\/index.php\/2025\/05\/19\/moto-morini-apuesta-al-oeste-inaugura-local-en-parque-leloir\/"},"author":{"name":"Alejandro Gabriel Rosito","@id":"https:\/\/autofans.com.ar\/#\/schema\/person\/4a8dda0b6df83ac3d6723e921274c2aa"},"headline":"Moto Morini apuesta al oeste: inaugura local en Parque Leloir","datePublished":"2025-05-19T20:23:29+00:00","mainEntityOfPage":{"@id":"https:\/\/autofans.com.ar\/index.php\/2025\/05\/19\/moto-morini-apuesta-al-oeste-inaugura-local-en-parque-leloir\/"},"wordCount":481,"image":{"@id":"https:\/\/autofans.com.ar\/index.php\/2025\/05\/19\/moto-morini-apuesta-al-oeste-inaugura-local-en-parque-leloir\/#primaryimage"},"thumbnailUrl":"https:\/\/autofans.com.ar\/wp-content\/uploads\/2025\/05\/foyo-1.jpg","keywords":["Calibro","concesionario Parque Leloir","Grupo Simpa","Lemamotor","Moto Morini Argentina","motos italianas","Motos premium Argentina","Seiemmezzo","X-Cape"],"articleSection":["MOTOS","NOTICIAS"],"inLanguage":"es"},{"@type":"WebPage","@id":"https:\/\/autofans.com.ar\/index.php\/2025\/05\/19\/moto-morini-apuesta-al-oeste-inaugura-local-en-parque-leloir\/","url":"https:\/\/autofans.com.ar\/index.php\/2025\/05\/19\/moto-morini-apuesta-al-oeste-inaugura-local-en-parque-leloir\/","name":"Moto Morini apuesta al oeste: inaugura local en Parque Leloir -","isPartOf":{"@id":"https:\/\/autofans.com.ar\/#website"},"primaryImageOfPage":{"@id":"https:\/\/autofans.com.ar\/index.php\/2025\/05\/19\/moto-morini-apuesta-al-oeste-inaugura-local-en-parque-leloir\/#primaryimage"},"image":{"@id":"https:\/\/autofans.com.ar\/index.php\/2025\/05\/19\/moto-morini-apuesta-al-oeste-inaugura-local-en-parque-leloir\/#primaryimage"},"thumbnailUrl":"https:\/\/autofans.com.ar\/wp-content\/uploads\/2025\/05\/foyo-1.jpg","datePublished":"2025-05-19T20:23:29+00:00","author":{"@id":"https:\/\/autofans.com.ar\/#\/schema\/person\/4a8dda0b6df83ac3d6723e921274c2aa"},"description":"El s\u00e1bado 11 de mayo, Moto Morini inaugur\u00f3 su d\u00e9cimo concesionario en el pa\u00eds, ubicado en Av. Presidente Per\u00f3n 9453, Parque Leloir.","breadcrumb":{"@id":"https:\/\/autofans.com.ar\/index.php\/2025\/05\/19\/moto-morini-apuesta-al-oeste-inaugura-local-en-parque-leloir\/#breadcrumb"},"inLanguage":"es","potentialAction":[{"@type":"ReadAction","target":["https:\/\/autofans.com.ar\/index.php\/2025\/05\/19\/moto-morini-apuesta-al-oeste-inaugura-local-en-parque-leloir\/"]}]},{"@type":"ImageObject","inLanguage":"es","@id":"https:\/\/autofans.com.ar\/index.php\/2025\/05\/19\/moto-morini-apuesta-al-oeste-inaugura-local-en-parque-leloir\/#primaryimage","url":"https:\/\/autofans.com.ar\/wp-content\/uploads\/2025\/05\/foyo-1.jpg","contentUrl":"https:\/\/autofans.com.ar\/wp-content\/uploads\/2025\/05\/foyo-1.jpg","width":1000,"height":667,"caption":"Moto Morini"},{"@type":"BreadcrumbList","@id":"https:\/\/autofans.com.ar\/index.php\/2025\/05\/19\/moto-morini-apuesta-al-oeste-inaugura-local-en-parque-leloir\/#breadcrumb","itemListElement":[{"@type":"ListItem","position":1,"name":"Inicio","item":"https:\/\/autofans.com.ar\/"},{"@type":"ListItem","position":2,"name":"Moto Morini apuesta al oeste: inaugura local en Parque Leloir"}]},{"@type":"WebSite","@id":"https:\/\/autofans.com.ar\/#website","url":"https:\/\/autofans.com.ar\/","name":"","description":"El multimedio referente de la industria automotriz","potentialAction":[{"@type":"SearchAction","target":{"@type":"EntryPoint","urlTemplate":"https:\/\/autofans.com.ar\/?s={search_term_string}"},"query-input":{"@type":"PropertyValueSpecification","valueRequired":true,"valueName":"search_term_string"}}],"inLanguage":"es"},{"@type":"Person","@id":"https:\/\/autofans.com.ar\/#\/schema\/person\/4a8dda0b6df83ac3d6723e921274c2aa","name":"Alejandro Gabriel Rosito","image":{"@type":"ImageObject","inLanguage":"es","@id":"https:\/\/secure.gravatar.com\/avatar\/16c5dda1489adfc62618084dcbb91cffd879c374b13fe5dd8e44ed6733852c88?s=96&d=mm&r=g","url":"https:\/\/secure.gravatar.com\/avatar\/16c5dda1489adfc62618084dcbb91cffd879c374b13fe5dd8e44ed6733852c88?s=96&d=mm&r=g","contentUrl":"https:\/\/secure.gravatar.com\/avatar\/16c5dda1489adfc62618084dcbb91cffd879c374b13fe5dd8e44ed6733852c88?s=96&d=mm&r=g","caption":"Alejandro Gabriel Rosito"},"url":"https:\/\/autofans.com.ar\/index.php\/author\/gabrielr\/"}]}},"featured_image_urls":{"full":["https:\/\/autofans.com.ar\/wp-content\/uploads\/2025\/05\/foyo-1.jpg",1000,667,false],"thumbnail":["https:\/\/autofans.com.ar\/wp-content\/uploads\/2025\/05\/foyo-1-150x150.jpg",150,150,true],"medium":["https:\/\/autofans.com.ar\/wp-content\/uploads\/2025\/05\/foyo-1-300x200.jpg",300,200,true],"medium_large":["https:\/\/autofans.com.ar\/wp-content\/uploads\/2025\/05\/foyo-1-768x512.jpg",640,427,true],"large":["https:\/\/autofans.com.ar\/wp-content\/uploads\/2025\/05\/foyo-1.jpg",640,427,false],"1536x1536":["https:\/\/autofans.com.ar\/wp-content\/uploads\/2025\/05\/foyo-1.jpg",1000,667,false],"2048x2048":["https:\/\/autofans.com.ar\/wp-content\/uploads\/2025\/05\/foyo-1.jpg",1000,667,false],"covernews-featured":["https:\/\/autofans.com.ar\/wp-content\/uploads\/2025\/05\/foyo-1.jpg",1000,667,false],"covernews-medium":["https:\/\/autofans.com.ar\/wp-content\/uploads\/2025\/05\/foyo-1-540x340.jpg",540,340,true]},"author_info":{"display_name":"Alejandro Gabriel Rosito","author_link":"https:\/\/autofans.com.ar\/index.php\/author\/gabrielr\/"},"category_info":"<a href=\"https:\/\/autofans.com.ar\/index.php\/category\/noticias\/motos\/\" rel=\"category tag\">MOTOS<\/a> <a href=\"https:\/\/autofans.com.ar\/index.php\/category\/noticias\/\" rel=\"category tag\">NOTICIAS<\/a>","tag_info":"NOTICIAS","comment_count":0,"_links":{"self":[{"href":"https:\/\/autofans.com.ar\/index.php\/wp-json\/wp\/v2\/posts\/12498","targetHints":{"allow":["GET"]}}],"collection":[{"href":"https:\/\/autofans.com.ar\/index.php\/wp-json\/wp\/v2\/posts"}],"about":[{"href":"https:\/\/autofans.com.ar\/index.php\/wp-json\/wp\/v2\/types\/post"}],"author":[{"embeddable":true,"href":"https:\/\/autofans.com.ar\/index.php\/wp-json\/wp\/v2\/users\/2"}],"replies":[{"embeddable":true,"href":"https:\/\/autofans.com.ar\/index.php\/wp-json\/wp\/v2\/comments?post=12498"}],"version-history":[{"count":1,"href":"https:\/\/autofans.com.ar\/index.php\/wp-json\/wp\/v2\/posts\/12498\/revisions"}],"predecessor-version":[{"id":12505,"href":"https:\/\/autofans.com.ar\/index.php\/wp-json\/wp\/v2\/posts\/12498\/revisions\/12505"}],"wp:featuredmedia":[{"embeddable":true,"href":"https:\/\/autofans.com.ar\/index.php\/wp-json\/wp\/v2\/media\/12504"}],"wp:attachment":[{"href":"https:\/\/autofans.com.ar\/index.php\/wp-json\/wp\/v2\/media?parent=12498"}],"wp:term":[{"taxonomy":"category","embeddable":true,"href":"https:\/\/autofans.com.ar\/index.php\/wp-json\/wp\/v2\/categories?post=12498"},{"taxonomy":"post_tag","embeddable":true,"href":"https:\/\/autofans.com.ar\/index.php\/wp-json\/wp\/v2\/tags?post=12498"}],"curies":[{"name":"wp","href":"https:\/\/api.w.org\/{rel}","templated":true}]}}