{"id":12552,"date":"2025-05-21T19:03:11","date_gmt":"2025-05-21T22:03:11","guid":{"rendered":"https:\/\/autofans.com.ar\/?p=12552"},"modified":"2025-05-21T19:03:11","modified_gmt":"2025-05-21T22:03:11","slug":"como-truckcionar-futuro-prepara-a-jovenes-para-el-mercado-laboral","status":"publish","type":"post","link":"https:\/\/autofans.com.ar\/index.php\/2025\/05\/21\/como-truckcionar-futuro-prepara-a-jovenes-para-el-mercado-laboral\/","title":{"rendered":"C\u00f3mo TruckCionar Futuro prepara a j\u00f3venes para el mercado laboral"},"content":{"rendered":"<p class=\"ds-markdown-paragraph\">TruckCionar Futuro, Mercedes-Benz capacita a j\u00f3venes para el sector automotriz. El programa gratuito ofrece formaci\u00f3n t\u00e9cnica y habilidades blandas para facilitar la inserci\u00f3n laboral en Jujuy, Salta, Buenos Aires y Bah\u00eda Blanca.<\/p>\n<p>&nbsp;<\/p>\n<h2>Formaci\u00f3n t\u00e9cnica y desarrollo personal para futuros profesionales<\/h2>\n<p class=\"ds-markdown-paragraph\">Mercedes-Benz Camiones y Buses, junto a su red de concesionarios y Fundaci\u00f3n Pescar, lanz\u00f3 la tercera edici\u00f3n de TruckCionar Futuro, un programa gratuito dirigido a j\u00f3venes de 18 a 29 a\u00f1os interesados en la industria automotriz. Las inscripciones est\u00e1n abiertas hasta el 30 de junio a trav\u00e9s de <a href=\"https:\/\/forms.pescar.org.ar\/preinscripcion\/fea9fd43-c492-454b-aa1d-2e0a6395ca2e\" target=\"_blank\" rel=\"noopener noreferrer\">este formulario<\/a>.<\/p>\n<p>&nbsp;<\/p>\n<p><img fetchpriority=\"high\" decoding=\"async\" class=\"aligncenter wp-image-12556 size-full\" src=\"https:\/\/autofans.com.ar\/wp-content\/uploads\/2025\/05\/mercedes-1-1.jpg\" alt=\"TruckCionar\" width=\"1000\" height=\"667\" srcset=\"https:\/\/autofans.com.ar\/wp-content\/uploads\/2025\/05\/mercedes-1-1.jpg 1000w, https:\/\/autofans.com.ar\/wp-content\/uploads\/2025\/05\/mercedes-1-1-300x200.jpg 300w, https:\/\/autofans.com.ar\/wp-content\/uploads\/2025\/05\/mercedes-1-1-768x512.jpg 768w\" sizes=\"(max-width: 1000px) 100vw, 1000px\" \/><\/p>\n<p>&nbsp;<\/p>\n<p class=\"ds-markdown-paragraph\">El curso se dictar\u00e1 de agosto 2025 a enero 2026 en modalidad semipresencial, con encuentros de lunes a jueves por la tarde. Los participantes seleccionados recibir\u00e1n capacitaci\u00f3n en:<\/p>\n<ul>\n<li>\n<p class=\"ds-markdown-paragraph\">Mec\u00e1nica b\u00e1sica (dictada por especialistas de Mercedes-Benz).<\/p>\n<\/li>\n<li>\n<p class=\"ds-markdown-paragraph\">Habilidades blandas (comunicaci\u00f3n, organizaci\u00f3n, trabajo en equipo).<\/p>\n<\/li>\n<li>\n<p class=\"ds-markdown-paragraph\">Orientaci\u00f3n vocacional (a cargo de Fundaci\u00f3n Pescar).<\/p>\n<\/li>\n<\/ul>\n<p>&nbsp;<\/p>\n<blockquote>\n<p style=\"text-align: center;\">\u201cCon TruckCionar Futuro seguimos apostando a la generaci\u00f3n de oportunidades para los j\u00f3venes. Esta propuesta ya acompa\u00f1\u00f3 a m\u00e1s de 40 participantes en su desarrollo personal y profesional, y refleja el compromiso conjunto entre nuestra red de concesionarios, el equipo de formaci\u00f3n t\u00e9cnica de Mercedes-Benz Camiones y Buses y los tutores de Fundaci\u00f3n Pescar\u201d, expres\u00f3 Gonzalo Rodi\u00f1o, Gerente de Relaciones Institucionales de Mercedes-Benz Camiones y Buses.<\/p>\n<\/blockquote>\n<p>&nbsp;<\/p>\n<h2>Alianzas estrat\u00e9gicas para mayor impacto<\/h2>\n<p class=\"ds-markdown-paragraph\">El programa se implementar\u00e1 en San Salvador de Jujuy, Salta, Aldo Bonzi (GBA) y Bah\u00eda Blanca, con el apoyo de concesionarios locales:<\/p>\n<ul>\n<li>\n<p class=\"ds-markdown-paragraph\">Rolcar (Jujuy y Salta).<\/p>\n<\/li>\n<li>\n<p class=\"ds-markdown-paragraph\">Cigliutti Guerini (Aldo Bonzi).<\/p>\n<\/li>\n<li>\n<p class=\"ds-markdown-paragraph\">Bari (Bah\u00eda Blanca).<\/p>\n<\/li>\n<\/ul>\n<p class=\"ds-markdown-paragraph\">Cada participante tendr\u00e1 un tutor asignado para acompa\u00f1amiento personalizado.<\/p>\n<p>&nbsp;<\/p>\n<blockquote>\n<p style=\"text-align: center;\">\u201cEste programa no solo forma: transforma. Transformamos presente y futuro al brindar herramientas concretas que permiten a los j\u00f3venes enfrentar los desaf\u00edos de hoy y proyectar un ma\u00f1ana con m\u00e1s oportunidades. Los acompa\u00f1amos en un camino de formaci\u00f3n, autodescubrimiento y empoderamiento, que les permite construir un proyecto de vida sostenible en el tiempo. A\u00f1o a a\u00f1o, vemos c\u00f3mo desarrollan habilidades clave para su inserci\u00f3n laboral y, al mismo tiempo, fortalecen su confianza personal. Nuestro objetivo es claro: reducir la desigualdad<\/p>\n<p style=\"text-align: center;\"><span class=\"Apple-converted-space\">\u00a0 <\/span>brindando herramientas concretas para transformar vidas\u201d, expres\u00f3 Silvia Uranga, directora de Fundaci\u00f3n Pescar.<\/p>\n<\/blockquote>\n<p>&nbsp;<\/p>\n<h2>TruckCionar Futuro &#8211; resultados que inspiran<\/h2>\n<p>&nbsp;<\/p>\n<p><img decoding=\"async\" class=\"aligncenter wp-image-12555 size-full\" src=\"https:\/\/autofans.com.ar\/wp-content\/uploads\/2025\/05\/mercedes-2-1.jpg\" alt=\"TruckCionar\" width=\"1000\" height=\"667\" srcset=\"https:\/\/autofans.com.ar\/wp-content\/uploads\/2025\/05\/mercedes-2-1.jpg 1000w, https:\/\/autofans.com.ar\/wp-content\/uploads\/2025\/05\/mercedes-2-1-300x200.jpg 300w, https:\/\/autofans.com.ar\/wp-content\/uploads\/2025\/05\/mercedes-2-1-768x512.jpg 768w\" sizes=\"(max-width: 1000px) 100vw, 1000px\" \/><\/p>\n<p>&nbsp;<\/p>\n<p class=\"ds-markdown-paragraph\">Desde su creaci\u00f3n, TruckCionar Futuro capacit\u00f3 a m\u00e1s de 40 j\u00f3venes con la colaboraci\u00f3n de 27 voluntarios de Mercedes-Benz y 11 concesionarios. Los egresados destacan no solo el aprendizaje t\u00e9cnico, sino tambi\u00e9n el fortalecimiento de habilidades digitales y el impacto positivo en sus entornos familiares y sociales.<\/p>\n<p class=\"ds-markdown-paragraph\">Con esta iniciativa, la marca reafirma su compromiso con la inclusi\u00f3n laboral y la formaci\u00f3n de talentos para el futuro del sector.<\/p>\n<p>&nbsp;<\/p>\n<p>&nbsp;<\/p>\n<p><i>Para enterarte de m\u00e1s novedades, no dejes de leer\u00a0<\/i><a href=\"https:\/\/autofans.thebrandsoup.com\/\"><i>nuestras notas<\/i><\/a><i>, de ver\u00a0<\/i><a href=\"https:\/\/www.youtube.com\/channel\/UCgAC8UGHZYbT6P7PpmVnP7g\"><i>AUTOFANS TV<\/i><\/a><i>\u00a0en nuestro\u00a0canal de Youtube. Adem\u00e1s seguinos en\u00a0<\/i><a href=\"https:\/\/www.instagram.com\/autofanstv\/\"><i>INSTAGRAM<\/i><\/a><i> y <\/i><a href=\"https:\/\/www.facebook.com\/autofansmas\/\"><i>FACEBOOK<\/i><\/a><i> para no perderte nada sobre las novedades del segmento automotor de Argentina y el mundo.<\/i><\/p>\n","protected":false},"excerpt":{"rendered":"<p>TruckCionar Futuro, Mercedes-Benz capacita a j\u00f3venes para el sector automotriz. El programa gratuito ofrece formaci\u00f3n&#8230;<\/p>\n","protected":false},"author":2,"featured_media":12554,"comment_status":"closed","ping_status":"closed","sticky":false,"template":"","format":"standard","meta":{"footnotes":""},"categories":[292,16],"tags":[2650,6744,6745,3965,3794,1968],"class_list":["post-12552","post","type-post","status-publish","format-standard","has-post-thumbnail","hentry","category-empresas","category-noticias","tag-capacitacion-automotriz","tag-cursos-gratuitos-mercedes-benz","tag-empleo-joven","tag-formacion-tecnica","tag-inclusion-laboral","tag-truckcionar-futuro"],"yoast_head":"<!-- This site is optimized with the Yoast SEO plugin v27.5 - https:\/\/yoast.com\/product\/yoast-seo-wordpress\/ -->\n<title>C\u00f3mo TruckCionar Futuro prepara a j\u00f3venes para el mercado laboral -<\/title>\n<meta name=\"description\" content=\"TruckCionar Futuro, Mercedes-Benz capacita a j\u00f3venes para el sector automotriz. El programa gratuito ofrece formaci\u00f3n t\u00e9cnica...\" \/>\n<meta name=\"robots\" content=\"index, follow, max-snippet:-1, max-image-preview:large, max-video-preview:-1\" \/>\n<link rel=\"canonical\" href=\"https:\/\/autofans.com.ar\/index.php\/2025\/05\/21\/como-truckcionar-futuro-prepara-a-jovenes-para-el-mercado-laboral\/\" \/>\n<meta property=\"og:locale\" content=\"es_ES\" \/>\n<meta property=\"og:type\" content=\"article\" \/>\n<meta property=\"og:title\" content=\"C\u00f3mo TruckCionar Futuro prepara a j\u00f3venes para el mercado laboral -\" \/>\n<meta property=\"og:description\" content=\"TruckCionar Futuro, Mercedes-Benz capacita a j\u00f3venes para el sector automotriz. El programa gratuito ofrece formaci\u00f3n t\u00e9cnica...\" \/>\n<meta property=\"og:url\" content=\"https:\/\/autofans.com.ar\/index.php\/2025\/05\/21\/como-truckcionar-futuro-prepara-a-jovenes-para-el-mercado-laboral\/\" \/>\n<meta property=\"article:published_time\" content=\"2025-05-21T22:03:11+00:00\" \/>\n<meta property=\"og:image\" content=\"https:\/\/autofans.com.ar\/wp-content\/uploads\/2025\/05\/mercedes-3-1.jpg\" \/>\n\t<meta property=\"og:image:width\" content=\"1000\" \/>\n\t<meta property=\"og:image:height\" content=\"667\" \/>\n\t<meta property=\"og:image:type\" content=\"image\/jpeg\" \/>\n<meta name=\"author\" content=\"Alejandro Gabriel Rosito\" \/>\n<meta name=\"twitter:card\" content=\"summary_large_image\" \/>\n<meta name=\"twitter:label1\" content=\"Escrito por\" \/>\n\t<meta name=\"twitter:data1\" content=\"Alejandro Gabriel Rosito\" \/>\n\t<meta name=\"twitter:label2\" content=\"Tiempo de lectura\" \/>\n\t<meta name=\"twitter:data2\" content=\"2 minutos\" \/>\n<script type=\"application\/ld+json\" class=\"yoast-schema-graph\">{\"@context\":\"https:\\\/\\\/schema.org\",\"@graph\":[{\"@type\":\"Article\",\"@id\":\"https:\\\/\\\/autofans.com.ar\\\/index.php\\\/2025\\\/05\\\/21\\\/como-truckcionar-futuro-prepara-a-jovenes-para-el-mercado-laboral\\\/#article\",\"isPartOf\":{\"@id\":\"https:\\\/\\\/autofans.com.ar\\\/index.php\\\/2025\\\/05\\\/21\\\/como-truckcionar-futuro-prepara-a-jovenes-para-el-mercado-laboral\\\/\"},\"author\":{\"name\":\"Alejandro Gabriel Rosito\",\"@id\":\"https:\\\/\\\/autofans.com.ar\\\/#\\\/schema\\\/person\\\/4a8dda0b6df83ac3d6723e921274c2aa\"},\"headline\":\"C\u00f3mo TruckCionar Futuro prepara a j\u00f3venes para el mercado laboral\",\"datePublished\":\"2025-05-21T22:03:11+00:00\",\"mainEntityOfPage\":{\"@id\":\"https:\\\/\\\/autofans.com.ar\\\/index.php\\\/2025\\\/05\\\/21\\\/como-truckcionar-futuro-prepara-a-jovenes-para-el-mercado-laboral\\\/\"},\"wordCount\":528,\"image\":{\"@id\":\"https:\\\/\\\/autofans.com.ar\\\/index.php\\\/2025\\\/05\\\/21\\\/como-truckcionar-futuro-prepara-a-jovenes-para-el-mercado-laboral\\\/#primaryimage\"},\"thumbnailUrl\":\"https:\\\/\\\/autofans.com.ar\\\/wp-content\\\/uploads\\\/2025\\\/05\\\/mercedes-3-1.jpg\",\"keywords\":[\"capacitaci\u00f3n automotriz\",\"cursos gratuitos Mercedes-Benz\",\"empleo joven\",\"formaci\u00f3n t\u00e9cnica\",\"inclusi\u00f3n laboral\",\"TruckCionar Futuro\"],\"articleSection\":[\"EMPRESAS\",\"NOTICIAS\"],\"inLanguage\":\"es\"},{\"@type\":\"WebPage\",\"@id\":\"https:\\\/\\\/autofans.com.ar\\\/index.php\\\/2025\\\/05\\\/21\\\/como-truckcionar-futuro-prepara-a-jovenes-para-el-mercado-laboral\\\/\",\"url\":\"https:\\\/\\\/autofans.com.ar\\\/index.php\\\/2025\\\/05\\\/21\\\/como-truckcionar-futuro-prepara-a-jovenes-para-el-mercado-laboral\\\/\",\"name\":\"C\u00f3mo TruckCionar Futuro prepara a j\u00f3venes para el mercado laboral -\",\"isPartOf\":{\"@id\":\"https:\\\/\\\/autofans.com.ar\\\/#website\"},\"primaryImageOfPage\":{\"@id\":\"https:\\\/\\\/autofans.com.ar\\\/index.php\\\/2025\\\/05\\\/21\\\/como-truckcionar-futuro-prepara-a-jovenes-para-el-mercado-laboral\\\/#primaryimage\"},\"image\":{\"@id\":\"https:\\\/\\\/autofans.com.ar\\\/index.php\\\/2025\\\/05\\\/21\\\/como-truckcionar-futuro-prepara-a-jovenes-para-el-mercado-laboral\\\/#primaryimage\"},\"thumbnailUrl\":\"https:\\\/\\\/autofans.com.ar\\\/wp-content\\\/uploads\\\/2025\\\/05\\\/mercedes-3-1.jpg\",\"datePublished\":\"2025-05-21T22:03:11+00:00\",\"author\":{\"@id\":\"https:\\\/\\\/autofans.com.ar\\\/#\\\/schema\\\/person\\\/4a8dda0b6df83ac3d6723e921274c2aa\"},\"description\":\"TruckCionar Futuro, Mercedes-Benz capacita a j\u00f3venes para el sector automotriz. El programa gratuito ofrece formaci\u00f3n t\u00e9cnica...\",\"breadcrumb\":{\"@id\":\"https:\\\/\\\/autofans.com.ar\\\/index.php\\\/2025\\\/05\\\/21\\\/como-truckcionar-futuro-prepara-a-jovenes-para-el-mercado-laboral\\\/#breadcrumb\"},\"inLanguage\":\"es\",\"potentialAction\":[{\"@type\":\"ReadAction\",\"target\":[\"https:\\\/\\\/autofans.com.ar\\\/index.php\\\/2025\\\/05\\\/21\\\/como-truckcionar-futuro-prepara-a-jovenes-para-el-mercado-laboral\\\/\"]}]},{\"@type\":\"ImageObject\",\"inLanguage\":\"es\",\"@id\":\"https:\\\/\\\/autofans.com.ar\\\/index.php\\\/2025\\\/05\\\/21\\\/como-truckcionar-futuro-prepara-a-jovenes-para-el-mercado-laboral\\\/#primaryimage\",\"url\":\"https:\\\/\\\/autofans.com.ar\\\/wp-content\\\/uploads\\\/2025\\\/05\\\/mercedes-3-1.jpg\",\"contentUrl\":\"https:\\\/\\\/autofans.com.ar\\\/wp-content\\\/uploads\\\/2025\\\/05\\\/mercedes-3-1.jpg\",\"width\":1000,\"height\":667,\"caption\":\"TruckCionar\"},{\"@type\":\"BreadcrumbList\",\"@id\":\"https:\\\/\\\/autofans.com.ar\\\/index.php\\\/2025\\\/05\\\/21\\\/como-truckcionar-futuro-prepara-a-jovenes-para-el-mercado-laboral\\\/#breadcrumb\",\"itemListElement\":[{\"@type\":\"ListItem\",\"position\":1,\"name\":\"Inicio\",\"item\":\"https:\\\/\\\/autofans.com.ar\\\/\"},{\"@type\":\"ListItem\",\"position\":2,\"name\":\"C\u00f3mo TruckCionar Futuro prepara a j\u00f3venes para el mercado laboral\"}]},{\"@type\":\"WebSite\",\"@id\":\"https:\\\/\\\/autofans.com.ar\\\/#website\",\"url\":\"https:\\\/\\\/autofans.com.ar\\\/\",\"name\":\"\",\"description\":\"El multimedio referente de la industria automotriz\",\"potentialAction\":[{\"@type\":\"SearchAction\",\"target\":{\"@type\":\"EntryPoint\",\"urlTemplate\":\"https:\\\/\\\/autofans.com.ar\\\/?s={search_term_string}\"},\"query-input\":{\"@type\":\"PropertyValueSpecification\",\"valueRequired\":true,\"valueName\":\"search_term_string\"}}],\"inLanguage\":\"es\"},{\"@type\":\"Person\",\"@id\":\"https:\\\/\\\/autofans.com.ar\\\/#\\\/schema\\\/person\\\/4a8dda0b6df83ac3d6723e921274c2aa\",\"name\":\"Alejandro Gabriel Rosito\",\"image\":{\"@type\":\"ImageObject\",\"inLanguage\":\"es\",\"@id\":\"https:\\\/\\\/secure.gravatar.com\\\/avatar\\\/16c5dda1489adfc62618084dcbb91cffd879c374b13fe5dd8e44ed6733852c88?s=96&d=mm&r=g\",\"url\":\"https:\\\/\\\/secure.gravatar.com\\\/avatar\\\/16c5dda1489adfc62618084dcbb91cffd879c374b13fe5dd8e44ed6733852c88?s=96&d=mm&r=g\",\"contentUrl\":\"https:\\\/\\\/secure.gravatar.com\\\/avatar\\\/16c5dda1489adfc62618084dcbb91cffd879c374b13fe5dd8e44ed6733852c88?s=96&d=mm&r=g\",\"caption\":\"Alejandro Gabriel Rosito\"},\"url\":\"https:\\\/\\\/autofans.com.ar\\\/index.php\\\/author\\\/gabrielr\\\/\"}]}<\/script>\n<!-- \/ Yoast SEO plugin. -->","yoast_head_json":{"title":"C\u00f3mo TruckCionar Futuro prepara a j\u00f3venes para el mercado laboral -","description":"TruckCionar Futuro, Mercedes-Benz capacita a j\u00f3venes para el sector automotriz. El programa gratuito ofrece formaci\u00f3n t\u00e9cnica...","robots":{"index":"index","follow":"follow","max-snippet":"max-snippet:-1","max-image-preview":"max-image-preview:large","max-video-preview":"max-video-preview:-1"},"canonical":"https:\/\/autofans.com.ar\/index.php\/2025\/05\/21\/como-truckcionar-futuro-prepara-a-jovenes-para-el-mercado-laboral\/","og_locale":"es_ES","og_type":"article","og_title":"C\u00f3mo TruckCionar Futuro prepara a j\u00f3venes para el mercado laboral -","og_description":"TruckCionar Futuro, Mercedes-Benz capacita a j\u00f3venes para el sector automotriz. El programa gratuito ofrece formaci\u00f3n t\u00e9cnica...","og_url":"https:\/\/autofans.com.ar\/index.php\/2025\/05\/21\/como-truckcionar-futuro-prepara-a-jovenes-para-el-mercado-laboral\/","article_published_time":"2025-05-21T22:03:11+00:00","og_image":[{"width":1000,"height":667,"url":"https:\/\/autofans.com.ar\/wp-content\/uploads\/2025\/05\/mercedes-3-1.jpg","type":"image\/jpeg"}],"author":"Alejandro Gabriel Rosito","twitter_card":"summary_large_image","twitter_misc":{"Escrito por":"Alejandro Gabriel Rosito","Tiempo de lectura":"2 minutos"},"schema":{"@context":"https:\/\/schema.org","@graph":[{"@type":"Article","@id":"https:\/\/autofans.com.ar\/index.php\/2025\/05\/21\/como-truckcionar-futuro-prepara-a-jovenes-para-el-mercado-laboral\/#article","isPartOf":{"@id":"https:\/\/autofans.com.ar\/index.php\/2025\/05\/21\/como-truckcionar-futuro-prepara-a-jovenes-para-el-mercado-laboral\/"},"author":{"name":"Alejandro Gabriel Rosito","@id":"https:\/\/autofans.com.ar\/#\/schema\/person\/4a8dda0b6df83ac3d6723e921274c2aa"},"headline":"C\u00f3mo TruckCionar Futuro prepara a j\u00f3venes para el mercado laboral","datePublished":"2025-05-21T22:03:11+00:00","mainEntityOfPage":{"@id":"https:\/\/autofans.com.ar\/index.php\/2025\/05\/21\/como-truckcionar-futuro-prepara-a-jovenes-para-el-mercado-laboral\/"},"wordCount":528,"image":{"@id":"https:\/\/autofans.com.ar\/index.php\/2025\/05\/21\/como-truckcionar-futuro-prepara-a-jovenes-para-el-mercado-laboral\/#primaryimage"},"thumbnailUrl":"https:\/\/autofans.com.ar\/wp-content\/uploads\/2025\/05\/mercedes-3-1.jpg","keywords":["capacitaci\u00f3n automotriz","cursos gratuitos Mercedes-Benz","empleo joven","formaci\u00f3n t\u00e9cnica","inclusi\u00f3n laboral","TruckCionar Futuro"],"articleSection":["EMPRESAS","NOTICIAS"],"inLanguage":"es"},{"@type":"WebPage","@id":"https:\/\/autofans.com.ar\/index.php\/2025\/05\/21\/como-truckcionar-futuro-prepara-a-jovenes-para-el-mercado-laboral\/","url":"https:\/\/autofans.com.ar\/index.php\/2025\/05\/21\/como-truckcionar-futuro-prepara-a-jovenes-para-el-mercado-laboral\/","name":"C\u00f3mo TruckCionar Futuro prepara a j\u00f3venes para el mercado laboral -","isPartOf":{"@id":"https:\/\/autofans.com.ar\/#website"},"primaryImageOfPage":{"@id":"https:\/\/autofans.com.ar\/index.php\/2025\/05\/21\/como-truckcionar-futuro-prepara-a-jovenes-para-el-mercado-laboral\/#primaryimage"},"image":{"@id":"https:\/\/autofans.com.ar\/index.php\/2025\/05\/21\/como-truckcionar-futuro-prepara-a-jovenes-para-el-mercado-laboral\/#primaryimage"},"thumbnailUrl":"https:\/\/autofans.com.ar\/wp-content\/uploads\/2025\/05\/mercedes-3-1.jpg","datePublished":"2025-05-21T22:03:11+00:00","author":{"@id":"https:\/\/autofans.com.ar\/#\/schema\/person\/4a8dda0b6df83ac3d6723e921274c2aa"},"description":"TruckCionar Futuro, Mercedes-Benz capacita a j\u00f3venes para el sector automotriz. El programa gratuito ofrece formaci\u00f3n t\u00e9cnica...","breadcrumb":{"@id":"https:\/\/autofans.com.ar\/index.php\/2025\/05\/21\/como-truckcionar-futuro-prepara-a-jovenes-para-el-mercado-laboral\/#breadcrumb"},"inLanguage":"es","potentialAction":[{"@type":"ReadAction","target":["https:\/\/autofans.com.ar\/index.php\/2025\/05\/21\/como-truckcionar-futuro-prepara-a-jovenes-para-el-mercado-laboral\/"]}]},{"@type":"ImageObject","inLanguage":"es","@id":"https:\/\/autofans.com.ar\/index.php\/2025\/05\/21\/como-truckcionar-futuro-prepara-a-jovenes-para-el-mercado-laboral\/#primaryimage","url":"https:\/\/autofans.com.ar\/wp-content\/uploads\/2025\/05\/mercedes-3-1.jpg","contentUrl":"https:\/\/autofans.com.ar\/wp-content\/uploads\/2025\/05\/mercedes-3-1.jpg","width":1000,"height":667,"caption":"TruckCionar"},{"@type":"BreadcrumbList","@id":"https:\/\/autofans.com.ar\/index.php\/2025\/05\/21\/como-truckcionar-futuro-prepara-a-jovenes-para-el-mercado-laboral\/#breadcrumb","itemListElement":[{"@type":"ListItem","position":1,"name":"Inicio","item":"https:\/\/autofans.com.ar\/"},{"@type":"ListItem","position":2,"name":"C\u00f3mo TruckCionar Futuro prepara a j\u00f3venes para el mercado laboral"}]},{"@type":"WebSite","@id":"https:\/\/autofans.com.ar\/#website","url":"https:\/\/autofans.com.ar\/","name":"","description":"El multimedio referente de la industria automotriz","potentialAction":[{"@type":"SearchAction","target":{"@type":"EntryPoint","urlTemplate":"https:\/\/autofans.com.ar\/?s={search_term_string}"},"query-input":{"@type":"PropertyValueSpecification","valueRequired":true,"valueName":"search_term_string"}}],"inLanguage":"es"},{"@type":"Person","@id":"https:\/\/autofans.com.ar\/#\/schema\/person\/4a8dda0b6df83ac3d6723e921274c2aa","name":"Alejandro Gabriel Rosito","image":{"@type":"ImageObject","inLanguage":"es","@id":"https:\/\/secure.gravatar.com\/avatar\/16c5dda1489adfc62618084dcbb91cffd879c374b13fe5dd8e44ed6733852c88?s=96&d=mm&r=g","url":"https:\/\/secure.gravatar.com\/avatar\/16c5dda1489adfc62618084dcbb91cffd879c374b13fe5dd8e44ed6733852c88?s=96&d=mm&r=g","contentUrl":"https:\/\/secure.gravatar.com\/avatar\/16c5dda1489adfc62618084dcbb91cffd879c374b13fe5dd8e44ed6733852c88?s=96&d=mm&r=g","caption":"Alejandro Gabriel Rosito"},"url":"https:\/\/autofans.com.ar\/index.php\/author\/gabrielr\/"}]}},"featured_image_urls":{"full":["https:\/\/autofans.com.ar\/wp-content\/uploads\/2025\/05\/mercedes-3-1.jpg",1000,667,false],"thumbnail":["https:\/\/autofans.com.ar\/wp-content\/uploads\/2025\/05\/mercedes-3-1-150x150.jpg",150,150,true],"medium":["https:\/\/autofans.com.ar\/wp-content\/uploads\/2025\/05\/mercedes-3-1-300x200.jpg",300,200,true],"medium_large":["https:\/\/autofans.com.ar\/wp-content\/uploads\/2025\/05\/mercedes-3-1-768x512.jpg",640,427,true],"large":["https:\/\/autofans.com.ar\/wp-content\/uploads\/2025\/05\/mercedes-3-1.jpg",640,427,false],"1536x1536":["https:\/\/autofans.com.ar\/wp-content\/uploads\/2025\/05\/mercedes-3-1.jpg",1000,667,false],"2048x2048":["https:\/\/autofans.com.ar\/wp-content\/uploads\/2025\/05\/mercedes-3-1.jpg",1000,667,false],"covernews-featured":["https:\/\/autofans.com.ar\/wp-content\/uploads\/2025\/05\/mercedes-3-1.jpg",1000,667,false],"covernews-medium":["https:\/\/autofans.com.ar\/wp-content\/uploads\/2025\/05\/mercedes-3-1-540x340.jpg",540,340,true]},"author_info":{"display_name":"Alejandro Gabriel Rosito","author_link":"https:\/\/autofans.com.ar\/index.php\/author\/gabrielr\/"},"category_info":"<a href=\"https:\/\/autofans.com.ar\/index.php\/category\/noticias\/empresas\/\" rel=\"category tag\">EMPRESAS<\/a> <a href=\"https:\/\/autofans.com.ar\/index.php\/category\/noticias\/\" rel=\"category tag\">NOTICIAS<\/a>","tag_info":"NOTICIAS","comment_count":0,"_links":{"self":[{"href":"https:\/\/autofans.com.ar\/index.php\/wp-json\/wp\/v2\/posts\/12552","targetHints":{"allow":["GET"]}}],"collection":[{"href":"https:\/\/autofans.com.ar\/index.php\/wp-json\/wp\/v2\/posts"}],"about":[{"href":"https:\/\/autofans.com.ar\/index.php\/wp-json\/wp\/v2\/types\/post"}],"author":[{"embeddable":true,"href":"https:\/\/autofans.com.ar\/index.php\/wp-json\/wp\/v2\/users\/2"}],"replies":[{"embeddable":true,"href":"https:\/\/autofans.com.ar\/index.php\/wp-json\/wp\/v2\/comments?post=12552"}],"version-history":[{"count":4,"href":"https:\/\/autofans.com.ar\/index.php\/wp-json\/wp\/v2\/posts\/12552\/revisions"}],"predecessor-version":[{"id":12559,"href":"https:\/\/autofans.com.ar\/index.php\/wp-json\/wp\/v2\/posts\/12552\/revisions\/12559"}],"wp:featuredmedia":[{"embeddable":true,"href":"https:\/\/autofans.com.ar\/index.php\/wp-json\/wp\/v2\/media\/12554"}],"wp:attachment":[{"href":"https:\/\/autofans.com.ar\/index.php\/wp-json\/wp\/v2\/media?parent=12552"}],"wp:term":[{"taxonomy":"category","embeddable":true,"href":"https:\/\/autofans.com.ar\/index.php\/wp-json\/wp\/v2\/categories?post=12552"},{"taxonomy":"post_tag","embeddable":true,"href":"https:\/\/autofans.com.ar\/index.php\/wp-json\/wp\/v2\/tags?post=12552"}],"curies":[{"name":"wp","href":"https:\/\/api.w.org\/{rel}","templated":true}]}}