{"id":12578,"date":"2025-05-22T18:10:11","date_gmt":"2025-05-22T21:10:11","guid":{"rendered":"https:\/\/autofans.com.ar\/?p=12578"},"modified":"2025-05-22T18:10:11","modified_gmt":"2025-05-22T21:10:11","slug":"mehari-el-citroen-indestructible-de-las-rutas-rurales-al-cine-frances","status":"publish","type":"post","link":"https:\/\/autofans.com.ar\/index.php\/2025\/05\/22\/mehari-el-citroen-indestructible-de-las-rutas-rurales-al-cine-frances\/","title":{"rendered":"Mehari el Citro\u00ebn indestructible, de las rutas rurales al cine franc\u00e9s"},"content":{"rendered":"<p class=\"ds-markdown-paragraph\">Presentado en mayo de 1968 durante el convulsionado contexto estudiantil franc\u00e9s, el Citro\u00ebn Mehari naci\u00f3 como una pick-up at\u00edpica. Su carrocer\u00eda de pl\u00e1stico ABS, dise\u00f1ada por Roland de La Poype, y su motor de 28 a 32 CV lo convirtieron en un veh\u00edculo \u00fanico. Con base en la plataforma Dyane 6, se produjeron 144.953 unidades hasta 1987, incluyendo 1.213 en versi\u00f3n 4&#215;4. Fabricado principalmente en B\u00e9lgica, tambi\u00e9n tuvo l\u00edneas de producci\u00f3n en Espa\u00f1a, Portugal y Francia.<\/p>\n<p>&nbsp;<\/p>\n<h2>Mehari &#8211; un todoterreno inspirado en el desierto<\/h2>\n<p>&nbsp;<\/p>\n<p><img fetchpriority=\"high\" decoding=\"async\" class=\"aligncenter wp-image-12582 size-full\" src=\"https:\/\/autofans.com.ar\/wp-content\/uploads\/2025\/05\/citroen-2-1.jpg\" alt=\"Mehari\" width=\"1000\" height=\"667\" srcset=\"https:\/\/autofans.com.ar\/wp-content\/uploads\/2025\/05\/citroen-2-1.jpg 1000w, https:\/\/autofans.com.ar\/wp-content\/uploads\/2025\/05\/citroen-2-1-300x200.jpg 300w, https:\/\/autofans.com.ar\/wp-content\/uploads\/2025\/05\/citroen-2-1-768x512.jpg 768w\" sizes=\"(max-width: 1000px) 100vw, 1000px\" \/><\/p>\n<p>&nbsp;<\/p>\n<p class=\"ds-markdown-paragraph\">El nombre \u00abMehari\u00bb rinde homenaje a los camellos dromedarios del Sahara, conocidos por su resistencia y adaptabilidad. Este veh\u00edculo hered\u00f3 esas cualidades: ligero, vers\u00e1til y capaz de transitar por cualquier superficie. Su dise\u00f1o modular permit\u00eda convertir el piso en asientos traseros, ampliando su capacidad hasta cuatro pasajeros.<\/p>\n<p>&nbsp;<\/p>\n<h2>Pr\u00e1ctico, econ\u00f3mico y f\u00e1cil de mantener<\/h2>\n<p>&nbsp;<\/p>\n<p><img decoding=\"async\" class=\"aligncenter wp-image-12581 size-full\" src=\"https:\/\/autofans.com.ar\/wp-content\/uploads\/2025\/05\/citroen-3-1.jpg\" alt=\"Mehari\" width=\"1000\" height=\"667\" srcset=\"https:\/\/autofans.com.ar\/wp-content\/uploads\/2025\/05\/citroen-3-1.jpg 1000w, https:\/\/autofans.com.ar\/wp-content\/uploads\/2025\/05\/citroen-3-1-300x200.jpg 300w, https:\/\/autofans.com.ar\/wp-content\/uploads\/2025\/05\/citroen-3-1-768x512.jpg 768w\" sizes=\"(max-width: 1000px) 100vw, 1000px\" \/><\/p>\n<p>&nbsp;<\/p>\n<p class=\"ds-markdown-paragraph\">Con solo 11 piezas en su carrocer\u00eda, el Mehari era sencillo de reparar. Se pod\u00eda lavar con una manguera, por dentro y por fuera, reduciendo costos de mantenimiento. Su bajo consumo y polivalencia lo hicieron popular entre familias, comerciantes y hasta el ej\u00e9rcito franc\u00e9s, que adquiri\u00f3 m\u00e1s de 11.000 unidades.<\/p>\n<p>&nbsp;<\/p>\n<h2>Las versiones que marcaron \u00e9poca<\/h2>\n<p>&nbsp;<\/p>\n<p><img decoding=\"async\" class=\"aligncenter wp-image-12580 size-full\" src=\"https:\/\/autofans.com.ar\/wp-content\/uploads\/2025\/05\/citroen-4.jpg\" alt=\"Mehari\" width=\"1000\" height=\"667\" srcset=\"https:\/\/autofans.com.ar\/wp-content\/uploads\/2025\/05\/citroen-4.jpg 1000w, https:\/\/autofans.com.ar\/wp-content\/uploads\/2025\/05\/citroen-4-300x200.jpg 300w, https:\/\/autofans.com.ar\/wp-content\/uploads\/2025\/05\/citroen-4-768x512.jpg 768w\" sizes=\"(max-width: 1000px) 100vw, 1000px\" \/><\/p>\n<p>&nbsp;<\/p>\n<p class=\"ds-markdown-paragraph\">A lo largo de dos d\u00e9cadas, el Mehari tuvo tres ediciones destacadas:<\/p>\n<ul>\n<li>\n<p class=\"ds-markdown-paragraph\">M\u00e9hari Plage (1983): edici\u00f3n limitada en amarillo vibrante, vendida en Espa\u00f1a y Portugal.<\/p>\n<\/li>\n<li>\n<p class=\"ds-markdown-paragraph\">M\u00e9hari Azur (1983): solo 700 unidades en Francia, Italia y Portugal.<\/p>\n<\/li>\n<li>\n<p class=\"ds-markdown-paragraph\">Mehari 4&#215;4 (1979): una rareza con tracci\u00f3n integral, usada incluso en el Rally Par\u00eds-Dakar como veh\u00edculo m\u00e9dico.<\/p>\n<\/li>\n<\/ul>\n<p>&nbsp;<\/p>\n<h2>Mehari &#8211; de las calles al cine &#8211; un legado cultural<\/h2>\n<p>&nbsp;<\/p>\n<p><img loading=\"lazy\" decoding=\"async\" class=\"aligncenter wp-image-12583 size-full\" src=\"https:\/\/autofans.com.ar\/wp-content\/uploads\/2025\/05\/citroen-1-1.jpg\" alt=\"Mehari\" width=\"1000\" height=\"667\" srcset=\"https:\/\/autofans.com.ar\/wp-content\/uploads\/2025\/05\/citroen-1-1.jpg 1000w, https:\/\/autofans.com.ar\/wp-content\/uploads\/2025\/05\/citroen-1-1-300x200.jpg 300w, https:\/\/autofans.com.ar\/wp-content\/uploads\/2025\/05\/citroen-1-1-768x512.jpg 768w\" sizes=\"(max-width: 1000px) 100vw, 1000px\" \/><\/p>\n<p>&nbsp;<\/p>\n<p class=\"ds-markdown-paragraph\">M\u00e1s que un auto, el Mehari fue un s\u00edmbolo. Apareci\u00f3 en cl\u00e1sicos como <em>Le gendarme de Saint Tropez<\/em> y sirvi\u00f3 en aeropuertos, hip\u00f3dromos y fuerzas policiales. Su combinaci\u00f3n de funcionalidad y estilo lo mantiene vigente entre coleccionistas y amantes de los cl\u00e1sicos.<\/p>\n<p>&nbsp;<\/p>\n<p>&nbsp;<\/p>\n<p><i>Para enterarte de m\u00e1s novedades, no dejes de leer\u00a0<\/i><a href=\"https:\/\/autofans.thebrandsoup.com\/\"><i>nuestras notas<\/i><\/a><i>, de ver\u00a0<\/i><a href=\"https:\/\/www.youtube.com\/channel\/UCgAC8UGHZYbT6P7PpmVnP7g\"><i>AUTOFANS TV<\/i><\/a><i>\u00a0en nuestro\u00a0canal de Youtube. Adem\u00e1s seguinos en\u00a0<\/i><a href=\"https:\/\/www.instagram.com\/autofanstv\/\"><i>INSTAGRAM<\/i><\/a><i> y <\/i><a href=\"https:\/\/www.facebook.com\/autofansmas\/\"><i>FACEBOOK<\/i><\/a><i> para no perderte nada sobre las novedades del segmento automotor de Argentina y el mundo.<\/i><\/p>\n","protected":false},"excerpt":{"rendered":"<p>Presentado en mayo de 1968 durante el convulsionado contexto estudiantil franc\u00e9s, el Citro\u00ebn Mehari naci\u00f3&#8230;<\/p>\n","protected":false},"author":2,"featured_media":12579,"comment_status":"closed","ping_status":"closed","sticky":false,"template":"","format":"standard","meta":{"footnotes":""},"categories":[3,16],"tags":[6749,6748,6750,2891,2615],"class_list":["post-12578","post","type-post","status-publish","format-standard","has-post-thumbnail","hentry","category-autos","category-noticias","tag-autos-clasicos-argentinos","tag-citroen-mehari","tag-coches-iconicos","tag-historia-del-automovil","tag-vehiculos-todoterreno"],"yoast_head":"<!-- This site is optimized with the Yoast SEO plugin v27.5 - https:\/\/yoast.com\/product\/yoast-seo-wordpress\/ -->\n<title>Mehari el Citro\u00ebn indestructible, de las rutas rurales al cine franc\u00e9s -<\/title>\n<meta name=\"description\" content=\"Presentado en mayo de 1968 durante el convulsionado contexto estudiantil franc\u00e9s, el Citro\u00ebn Mehari naci\u00f3 como una pick-up at\u00edpica...\" \/>\n<meta name=\"robots\" content=\"index, follow, max-snippet:-1, max-image-preview:large, max-video-preview:-1\" \/>\n<link rel=\"canonical\" href=\"https:\/\/autofans.com.ar\/index.php\/2025\/05\/22\/mehari-el-citroen-indestructible-de-las-rutas-rurales-al-cine-frances\/\" \/>\n<meta property=\"og:locale\" content=\"es_ES\" \/>\n<meta property=\"og:type\" content=\"article\" \/>\n<meta property=\"og:title\" content=\"Mehari el Citro\u00ebn indestructible, de las rutas rurales al cine franc\u00e9s -\" \/>\n<meta property=\"og:description\" content=\"Presentado en mayo de 1968 durante el convulsionado contexto estudiantil franc\u00e9s, el Citro\u00ebn Mehari naci\u00f3 como una pick-up at\u00edpica...\" \/>\n<meta property=\"og:url\" content=\"https:\/\/autofans.com.ar\/index.php\/2025\/05\/22\/mehari-el-citroen-indestructible-de-las-rutas-rurales-al-cine-frances\/\" \/>\n<meta property=\"article:published_time\" content=\"2025-05-22T21:10:11+00:00\" \/>\n<meta property=\"og:image\" content=\"https:\/\/autofans.com.ar\/wp-content\/uploads\/2025\/05\/citroen-5.jpg\" \/>\n\t<meta property=\"og:image:width\" content=\"1000\" \/>\n\t<meta property=\"og:image:height\" content=\"667\" \/>\n\t<meta property=\"og:image:type\" content=\"image\/jpeg\" \/>\n<meta name=\"author\" content=\"Alejandro Gabriel Rosito\" \/>\n<meta name=\"twitter:card\" content=\"summary_large_image\" \/>\n<meta name=\"twitter:label1\" content=\"Escrito por\" \/>\n\t<meta name=\"twitter:data1\" content=\"Alejandro Gabriel Rosito\" \/>\n\t<meta name=\"twitter:label2\" content=\"Tiempo de lectura\" \/>\n\t<meta name=\"twitter:data2\" content=\"3 minutos\" \/>\n<script type=\"application\/ld+json\" class=\"yoast-schema-graph\">{\"@context\":\"https:\\\/\\\/schema.org\",\"@graph\":[{\"@type\":\"Article\",\"@id\":\"https:\\\/\\\/autofans.com.ar\\\/index.php\\\/2025\\\/05\\\/22\\\/mehari-el-citroen-indestructible-de-las-rutas-rurales-al-cine-frances\\\/#article\",\"isPartOf\":{\"@id\":\"https:\\\/\\\/autofans.com.ar\\\/index.php\\\/2025\\\/05\\\/22\\\/mehari-el-citroen-indestructible-de-las-rutas-rurales-al-cine-frances\\\/\"},\"author\":{\"name\":\"Alejandro Gabriel Rosito\",\"@id\":\"https:\\\/\\\/autofans.com.ar\\\/#\\\/schema\\\/person\\\/4a8dda0b6df83ac3d6723e921274c2aa\"},\"headline\":\"Mehari el Citro\u00ebn indestructible, de las rutas rurales al cine franc\u00e9s\",\"datePublished\":\"2025-05-22T21:10:11+00:00\",\"mainEntityOfPage\":{\"@id\":\"https:\\\/\\\/autofans.com.ar\\\/index.php\\\/2025\\\/05\\\/22\\\/mehari-el-citroen-indestructible-de-las-rutas-rurales-al-cine-frances\\\/\"},\"wordCount\":395,\"image\":{\"@id\":\"https:\\\/\\\/autofans.com.ar\\\/index.php\\\/2025\\\/05\\\/22\\\/mehari-el-citroen-indestructible-de-las-rutas-rurales-al-cine-frances\\\/#primaryimage\"},\"thumbnailUrl\":\"https:\\\/\\\/autofans.com.ar\\\/wp-content\\\/uploads\\\/2025\\\/05\\\/citroen-5.jpg\",\"keywords\":[\"autos cl\u00e1sicos argentinos\",\"Citro\u00ebn Mehari\",\"coches ic\u00f3nicos\",\"historia del autom\u00f3vil\",\"veh\u00edculos todoterreno\"],\"articleSection\":[\"AUTOS y SUV\",\"NOTICIAS\"],\"inLanguage\":\"es\"},{\"@type\":\"WebPage\",\"@id\":\"https:\\\/\\\/autofans.com.ar\\\/index.php\\\/2025\\\/05\\\/22\\\/mehari-el-citroen-indestructible-de-las-rutas-rurales-al-cine-frances\\\/\",\"url\":\"https:\\\/\\\/autofans.com.ar\\\/index.php\\\/2025\\\/05\\\/22\\\/mehari-el-citroen-indestructible-de-las-rutas-rurales-al-cine-frances\\\/\",\"name\":\"Mehari el Citro\u00ebn indestructible, de las rutas rurales al cine franc\u00e9s -\",\"isPartOf\":{\"@id\":\"https:\\\/\\\/autofans.com.ar\\\/#website\"},\"primaryImageOfPage\":{\"@id\":\"https:\\\/\\\/autofans.com.ar\\\/index.php\\\/2025\\\/05\\\/22\\\/mehari-el-citroen-indestructible-de-las-rutas-rurales-al-cine-frances\\\/#primaryimage\"},\"image\":{\"@id\":\"https:\\\/\\\/autofans.com.ar\\\/index.php\\\/2025\\\/05\\\/22\\\/mehari-el-citroen-indestructible-de-las-rutas-rurales-al-cine-frances\\\/#primaryimage\"},\"thumbnailUrl\":\"https:\\\/\\\/autofans.com.ar\\\/wp-content\\\/uploads\\\/2025\\\/05\\\/citroen-5.jpg\",\"datePublished\":\"2025-05-22T21:10:11+00:00\",\"author\":{\"@id\":\"https:\\\/\\\/autofans.com.ar\\\/#\\\/schema\\\/person\\\/4a8dda0b6df83ac3d6723e921274c2aa\"},\"description\":\"Presentado en mayo de 1968 durante el convulsionado contexto estudiantil franc\u00e9s, el Citro\u00ebn Mehari naci\u00f3 como una pick-up at\u00edpica...\",\"breadcrumb\":{\"@id\":\"https:\\\/\\\/autofans.com.ar\\\/index.php\\\/2025\\\/05\\\/22\\\/mehari-el-citroen-indestructible-de-las-rutas-rurales-al-cine-frances\\\/#breadcrumb\"},\"inLanguage\":\"es\",\"potentialAction\":[{\"@type\":\"ReadAction\",\"target\":[\"https:\\\/\\\/autofans.com.ar\\\/index.php\\\/2025\\\/05\\\/22\\\/mehari-el-citroen-indestructible-de-las-rutas-rurales-al-cine-frances\\\/\"]}]},{\"@type\":\"ImageObject\",\"inLanguage\":\"es\",\"@id\":\"https:\\\/\\\/autofans.com.ar\\\/index.php\\\/2025\\\/05\\\/22\\\/mehari-el-citroen-indestructible-de-las-rutas-rurales-al-cine-frances\\\/#primaryimage\",\"url\":\"https:\\\/\\\/autofans.com.ar\\\/wp-content\\\/uploads\\\/2025\\\/05\\\/citroen-5.jpg\",\"contentUrl\":\"https:\\\/\\\/autofans.com.ar\\\/wp-content\\\/uploads\\\/2025\\\/05\\\/citroen-5.jpg\",\"width\":1000,\"height\":667,\"caption\":\"Mehari\"},{\"@type\":\"BreadcrumbList\",\"@id\":\"https:\\\/\\\/autofans.com.ar\\\/index.php\\\/2025\\\/05\\\/22\\\/mehari-el-citroen-indestructible-de-las-rutas-rurales-al-cine-frances\\\/#breadcrumb\",\"itemListElement\":[{\"@type\":\"ListItem\",\"position\":1,\"name\":\"Inicio\",\"item\":\"https:\\\/\\\/autofans.com.ar\\\/\"},{\"@type\":\"ListItem\",\"position\":2,\"name\":\"Mehari el Citro\u00ebn indestructible, de las rutas rurales al cine franc\u00e9s\"}]},{\"@type\":\"WebSite\",\"@id\":\"https:\\\/\\\/autofans.com.ar\\\/#website\",\"url\":\"https:\\\/\\\/autofans.com.ar\\\/\",\"name\":\"\",\"description\":\"El multimedio referente de la industria automotriz\",\"potentialAction\":[{\"@type\":\"SearchAction\",\"target\":{\"@type\":\"EntryPoint\",\"urlTemplate\":\"https:\\\/\\\/autofans.com.ar\\\/?s={search_term_string}\"},\"query-input\":{\"@type\":\"PropertyValueSpecification\",\"valueRequired\":true,\"valueName\":\"search_term_string\"}}],\"inLanguage\":\"es\"},{\"@type\":\"Person\",\"@id\":\"https:\\\/\\\/autofans.com.ar\\\/#\\\/schema\\\/person\\\/4a8dda0b6df83ac3d6723e921274c2aa\",\"name\":\"Alejandro Gabriel Rosito\",\"image\":{\"@type\":\"ImageObject\",\"inLanguage\":\"es\",\"@id\":\"https:\\\/\\\/secure.gravatar.com\\\/avatar\\\/16c5dda1489adfc62618084dcbb91cffd879c374b13fe5dd8e44ed6733852c88?s=96&d=mm&r=g\",\"url\":\"https:\\\/\\\/secure.gravatar.com\\\/avatar\\\/16c5dda1489adfc62618084dcbb91cffd879c374b13fe5dd8e44ed6733852c88?s=96&d=mm&r=g\",\"contentUrl\":\"https:\\\/\\\/secure.gravatar.com\\\/avatar\\\/16c5dda1489adfc62618084dcbb91cffd879c374b13fe5dd8e44ed6733852c88?s=96&d=mm&r=g\",\"caption\":\"Alejandro Gabriel Rosito\"},\"url\":\"https:\\\/\\\/autofans.com.ar\\\/index.php\\\/author\\\/gabrielr\\\/\"}]}<\/script>\n<!-- \/ Yoast SEO plugin. -->","yoast_head_json":{"title":"Mehari el Citro\u00ebn indestructible, de las rutas rurales al cine franc\u00e9s -","description":"Presentado en mayo de 1968 durante el convulsionado contexto estudiantil franc\u00e9s, el Citro\u00ebn Mehari naci\u00f3 como una pick-up at\u00edpica...","robots":{"index":"index","follow":"follow","max-snippet":"max-snippet:-1","max-image-preview":"max-image-preview:large","max-video-preview":"max-video-preview:-1"},"canonical":"https:\/\/autofans.com.ar\/index.php\/2025\/05\/22\/mehari-el-citroen-indestructible-de-las-rutas-rurales-al-cine-frances\/","og_locale":"es_ES","og_type":"article","og_title":"Mehari el Citro\u00ebn indestructible, de las rutas rurales al cine franc\u00e9s -","og_description":"Presentado en mayo de 1968 durante el convulsionado contexto estudiantil franc\u00e9s, el Citro\u00ebn Mehari naci\u00f3 como una pick-up at\u00edpica...","og_url":"https:\/\/autofans.com.ar\/index.php\/2025\/05\/22\/mehari-el-citroen-indestructible-de-las-rutas-rurales-al-cine-frances\/","article_published_time":"2025-05-22T21:10:11+00:00","og_image":[{"width":1000,"height":667,"url":"https:\/\/autofans.com.ar\/wp-content\/uploads\/2025\/05\/citroen-5.jpg","type":"image\/jpeg"}],"author":"Alejandro Gabriel Rosito","twitter_card":"summary_large_image","twitter_misc":{"Escrito por":"Alejandro Gabriel Rosito","Tiempo de lectura":"3 minutos"},"schema":{"@context":"https:\/\/schema.org","@graph":[{"@type":"Article","@id":"https:\/\/autofans.com.ar\/index.php\/2025\/05\/22\/mehari-el-citroen-indestructible-de-las-rutas-rurales-al-cine-frances\/#article","isPartOf":{"@id":"https:\/\/autofans.com.ar\/index.php\/2025\/05\/22\/mehari-el-citroen-indestructible-de-las-rutas-rurales-al-cine-frances\/"},"author":{"name":"Alejandro Gabriel Rosito","@id":"https:\/\/autofans.com.ar\/#\/schema\/person\/4a8dda0b6df83ac3d6723e921274c2aa"},"headline":"Mehari el Citro\u00ebn indestructible, de las rutas rurales al cine franc\u00e9s","datePublished":"2025-05-22T21:10:11+00:00","mainEntityOfPage":{"@id":"https:\/\/autofans.com.ar\/index.php\/2025\/05\/22\/mehari-el-citroen-indestructible-de-las-rutas-rurales-al-cine-frances\/"},"wordCount":395,"image":{"@id":"https:\/\/autofans.com.ar\/index.php\/2025\/05\/22\/mehari-el-citroen-indestructible-de-las-rutas-rurales-al-cine-frances\/#primaryimage"},"thumbnailUrl":"https:\/\/autofans.com.ar\/wp-content\/uploads\/2025\/05\/citroen-5.jpg","keywords":["autos cl\u00e1sicos argentinos","Citro\u00ebn Mehari","coches ic\u00f3nicos","historia del autom\u00f3vil","veh\u00edculos todoterreno"],"articleSection":["AUTOS y SUV","NOTICIAS"],"inLanguage":"es"},{"@type":"WebPage","@id":"https:\/\/autofans.com.ar\/index.php\/2025\/05\/22\/mehari-el-citroen-indestructible-de-las-rutas-rurales-al-cine-frances\/","url":"https:\/\/autofans.com.ar\/index.php\/2025\/05\/22\/mehari-el-citroen-indestructible-de-las-rutas-rurales-al-cine-frances\/","name":"Mehari el Citro\u00ebn indestructible, de las rutas rurales al cine franc\u00e9s -","isPartOf":{"@id":"https:\/\/autofans.com.ar\/#website"},"primaryImageOfPage":{"@id":"https:\/\/autofans.com.ar\/index.php\/2025\/05\/22\/mehari-el-citroen-indestructible-de-las-rutas-rurales-al-cine-frances\/#primaryimage"},"image":{"@id":"https:\/\/autofans.com.ar\/index.php\/2025\/05\/22\/mehari-el-citroen-indestructible-de-las-rutas-rurales-al-cine-frances\/#primaryimage"},"thumbnailUrl":"https:\/\/autofans.com.ar\/wp-content\/uploads\/2025\/05\/citroen-5.jpg","datePublished":"2025-05-22T21:10:11+00:00","author":{"@id":"https:\/\/autofans.com.ar\/#\/schema\/person\/4a8dda0b6df83ac3d6723e921274c2aa"},"description":"Presentado en mayo de 1968 durante el convulsionado contexto estudiantil franc\u00e9s, el Citro\u00ebn Mehari naci\u00f3 como una pick-up at\u00edpica...","breadcrumb":{"@id":"https:\/\/autofans.com.ar\/index.php\/2025\/05\/22\/mehari-el-citroen-indestructible-de-las-rutas-rurales-al-cine-frances\/#breadcrumb"},"inLanguage":"es","potentialAction":[{"@type":"ReadAction","target":["https:\/\/autofans.com.ar\/index.php\/2025\/05\/22\/mehari-el-citroen-indestructible-de-las-rutas-rurales-al-cine-frances\/"]}]},{"@type":"ImageObject","inLanguage":"es","@id":"https:\/\/autofans.com.ar\/index.php\/2025\/05\/22\/mehari-el-citroen-indestructible-de-las-rutas-rurales-al-cine-frances\/#primaryimage","url":"https:\/\/autofans.com.ar\/wp-content\/uploads\/2025\/05\/citroen-5.jpg","contentUrl":"https:\/\/autofans.com.ar\/wp-content\/uploads\/2025\/05\/citroen-5.jpg","width":1000,"height":667,"caption":"Mehari"},{"@type":"BreadcrumbList","@id":"https:\/\/autofans.com.ar\/index.php\/2025\/05\/22\/mehari-el-citroen-indestructible-de-las-rutas-rurales-al-cine-frances\/#breadcrumb","itemListElement":[{"@type":"ListItem","position":1,"name":"Inicio","item":"https:\/\/autofans.com.ar\/"},{"@type":"ListItem","position":2,"name":"Mehari el Citro\u00ebn indestructible, de las rutas rurales al cine franc\u00e9s"}]},{"@type":"WebSite","@id":"https:\/\/autofans.com.ar\/#website","url":"https:\/\/autofans.com.ar\/","name":"","description":"El multimedio referente de la industria automotriz","potentialAction":[{"@type":"SearchAction","target":{"@type":"EntryPoint","urlTemplate":"https:\/\/autofans.com.ar\/?s={search_term_string}"},"query-input":{"@type":"PropertyValueSpecification","valueRequired":true,"valueName":"search_term_string"}}],"inLanguage":"es"},{"@type":"Person","@id":"https:\/\/autofans.com.ar\/#\/schema\/person\/4a8dda0b6df83ac3d6723e921274c2aa","name":"Alejandro Gabriel Rosito","image":{"@type":"ImageObject","inLanguage":"es","@id":"https:\/\/secure.gravatar.com\/avatar\/16c5dda1489adfc62618084dcbb91cffd879c374b13fe5dd8e44ed6733852c88?s=96&d=mm&r=g","url":"https:\/\/secure.gravatar.com\/avatar\/16c5dda1489adfc62618084dcbb91cffd879c374b13fe5dd8e44ed6733852c88?s=96&d=mm&r=g","contentUrl":"https:\/\/secure.gravatar.com\/avatar\/16c5dda1489adfc62618084dcbb91cffd879c374b13fe5dd8e44ed6733852c88?s=96&d=mm&r=g","caption":"Alejandro Gabriel Rosito"},"url":"https:\/\/autofans.com.ar\/index.php\/author\/gabrielr\/"}]}},"featured_image_urls":{"full":["https:\/\/autofans.com.ar\/wp-content\/uploads\/2025\/05\/citroen-5.jpg",1000,667,false],"thumbnail":["https:\/\/autofans.com.ar\/wp-content\/uploads\/2025\/05\/citroen-5-150x150.jpg",150,150,true],"medium":["https:\/\/autofans.com.ar\/wp-content\/uploads\/2025\/05\/citroen-5-300x200.jpg",300,200,true],"medium_large":["https:\/\/autofans.com.ar\/wp-content\/uploads\/2025\/05\/citroen-5-768x512.jpg",640,427,true],"large":["https:\/\/autofans.com.ar\/wp-content\/uploads\/2025\/05\/citroen-5.jpg",640,427,false],"1536x1536":["https:\/\/autofans.com.ar\/wp-content\/uploads\/2025\/05\/citroen-5.jpg",1000,667,false],"2048x2048":["https:\/\/autofans.com.ar\/wp-content\/uploads\/2025\/05\/citroen-5.jpg",1000,667,false],"covernews-featured":["https:\/\/autofans.com.ar\/wp-content\/uploads\/2025\/05\/citroen-5.jpg",1000,667,false],"covernews-medium":["https:\/\/autofans.com.ar\/wp-content\/uploads\/2025\/05\/citroen-5-540x340.jpg",540,340,true]},"author_info":{"display_name":"Alejandro Gabriel Rosito","author_link":"https:\/\/autofans.com.ar\/index.php\/author\/gabrielr\/"},"category_info":"<a href=\"https:\/\/autofans.com.ar\/index.php\/category\/noticias\/autos\/\" rel=\"category tag\">AUTOS y SUV<\/a> <a href=\"https:\/\/autofans.com.ar\/index.php\/category\/noticias\/\" rel=\"category tag\">NOTICIAS<\/a>","tag_info":"NOTICIAS","comment_count":0,"_links":{"self":[{"href":"https:\/\/autofans.com.ar\/index.php\/wp-json\/wp\/v2\/posts\/12578","targetHints":{"allow":["GET"]}}],"collection":[{"href":"https:\/\/autofans.com.ar\/index.php\/wp-json\/wp\/v2\/posts"}],"about":[{"href":"https:\/\/autofans.com.ar\/index.php\/wp-json\/wp\/v2\/types\/post"}],"author":[{"embeddable":true,"href":"https:\/\/autofans.com.ar\/index.php\/wp-json\/wp\/v2\/users\/2"}],"replies":[{"embeddable":true,"href":"https:\/\/autofans.com.ar\/index.php\/wp-json\/wp\/v2\/comments?post=12578"}],"version-history":[{"count":3,"href":"https:\/\/autofans.com.ar\/index.php\/wp-json\/wp\/v2\/posts\/12578\/revisions"}],"predecessor-version":[{"id":12586,"href":"https:\/\/autofans.com.ar\/index.php\/wp-json\/wp\/v2\/posts\/12578\/revisions\/12586"}],"wp:featuredmedia":[{"embeddable":true,"href":"https:\/\/autofans.com.ar\/index.php\/wp-json\/wp\/v2\/media\/12579"}],"wp:attachment":[{"href":"https:\/\/autofans.com.ar\/index.php\/wp-json\/wp\/v2\/media?parent=12578"}],"wp:term":[{"taxonomy":"category","embeddable":true,"href":"https:\/\/autofans.com.ar\/index.php\/wp-json\/wp\/v2\/categories?post=12578"},{"taxonomy":"post_tag","embeddable":true,"href":"https:\/\/autofans.com.ar\/index.php\/wp-json\/wp\/v2\/tags?post=12578"}],"curies":[{"name":"wp","href":"https:\/\/api.w.org\/{rel}","templated":true}]}}