{"id":12601,"date":"2025-05-23T14:05:00","date_gmt":"2025-05-23T17:05:00","guid":{"rendered":"https:\/\/autofans.com.ar\/?p=12601"},"modified":"2025-05-23T14:05:00","modified_gmt":"2025-05-23T17:05:00","slug":"fpt-industrial-apuesta-al-etanol-y-gnc","status":"publish","type":"post","link":"https:\/\/autofans.com.ar\/index.php\/2025\/05\/23\/fpt-industrial-apuesta-al-etanol-y-gnc\/","title":{"rendered":"FPT Industrial apuesta al etanol y GNC"},"content":{"rendered":"<p class=\"ds-markdown-paragraph\">FPT Industrial, parte de Iveco Group, reforz\u00f3 su compromiso con la sustentabilidad en Agrishow 2025, donde present\u00f3 el motor N67 Etanol para el tractor Case IH Puma 230. Este desarrollo se suma a su estrategia de diversificar opciones energ\u00e9ticas en el transporte y la agricultura, aprovechando el potencial de biocombustibles como el etanol (clave en Brasil) y el GNC (ampliamente adoptado en Argentina).<\/p>\n<p class=\"ds-markdown-paragraph\">La tecnolog\u00eda detr\u00e1s de ambos combustibles es el Ciclo Otto, una plataforma eficiente y de bajas emisiones que ya se usa en camiones y buses a GNC en la regi\u00f3n.<\/p>\n<p>&nbsp;<\/p>\n<h2>Ciclo Otto &#8211; eficiencia y menor impacto ambiental<\/h2>\n<p>&nbsp;<\/p>\n<p><img fetchpriority=\"high\" decoding=\"async\" class=\"aligncenter wp-image-12604 size-full\" src=\"https:\/\/autofans.com.ar\/wp-content\/uploads\/2025\/05\/FTP-2-1.jpg\" alt=\"FPT Industrial\" width=\"1000\" height=\"667\" srcset=\"https:\/\/autofans.com.ar\/wp-content\/uploads\/2025\/05\/FTP-2-1.jpg 1000w, https:\/\/autofans.com.ar\/wp-content\/uploads\/2025\/05\/FTP-2-1-300x200.jpg 300w, https:\/\/autofans.com.ar\/wp-content\/uploads\/2025\/05\/FTP-2-1-768x512.jpg 768w\" sizes=\"(max-width: 1000px) 100vw, 1000px\" \/><\/p>\n<p>&nbsp;<\/p>\n<p class=\"ds-markdown-paragraph\">A diferencia de los motores di\u00e9sel tradicionales, los motores a GNC y etanol de FPT Industrial operan bajo el Ciclo Otto, un sistema termodin\u00e1mico que garantiza:<\/p>\n<ul>\n<li>\n<p class=\"ds-markdown-paragraph\">Alta eficiencia incluso a cargas parciales.<\/p>\n<\/li>\n<li>\n<p class=\"ds-markdown-paragraph\">Menor nivel de emisiones contaminantes.<\/p>\n<\/li>\n<li>\n<p class=\"ds-markdown-paragraph\">Funcionamiento silencioso y dise\u00f1o compacto.<\/p>\n<\/li>\n<li>\n<p class=\"ds-markdown-paragraph\">Compatibilidad con biocombustibles, reduciendo la dependencia del gas\u00f3leo.<\/p>\n<\/li>\n<\/ul>\n<p class=\"ds-markdown-paragraph\">Este ciclo, utilizado en motores de encendido por chispa, optimiza el rendimiento mediante cuatro fases: admisi\u00f3n, compresi\u00f3n, combusti\u00f3n y escape.<\/p>\n<p>&nbsp;<\/p>\n<blockquote>\n<p style=\"text-align: center;\">\u201cLa decisi\u00f3n de aplicar el Ciclo Otto en nuestras plataformas a GNC y etanol responde a su versatilidad y confiabilidad comprobada. Esta arquitectura nos permite desarrollar soluciones alineadas con la estrategia de descarbonizaci\u00f3n, sin resignar prestaciones, robustez ni eficiencia operativa\u201d, se\u00f1al\u00f3 Daniel Tancredo, integrante del equipo de Inteligencia de Mercado y Marketing de Producto de FPT Industrial.<\/p>\n<\/blockquote>\n<p>&nbsp;<\/p>\n<h2>FPT Industrial \u00a0&#8211; aplicaciones en la regi\u00f3n y proyecci\u00f3n<\/h2>\n<p>&nbsp;<\/p>\n<div id='gallery-1' class='gallery galleryid-12601 gallery-columns-2 gallery-size-full'><figure class='gallery-item'>\n\t\t\t<div class='gallery-icon landscape'>\n\t\t\t\t<a href='https:\/\/autofans.com.ar\/index.php\/2025\/05\/23\/fpt-industrial-apuesta-al-etanol-y-gnc\/ftp-4-3\/'><img loading=\"lazy\" width=\"1000\" height=\"667\" src=\"https:\/\/autofans.com.ar\/wp-content\/uploads\/2025\/05\/FTP-4-1.jpg\" class=\"attachment-full size-full\" alt=\"FPT Industrial\" srcset=\"https:\/\/autofans.com.ar\/wp-content\/uploads\/2025\/05\/FTP-4-1.jpg 1000w, https:\/\/autofans.com.ar\/wp-content\/uploads\/2025\/05\/FTP-4-1-300x200.jpg 300w, https:\/\/autofans.com.ar\/wp-content\/uploads\/2025\/05\/FTP-4-1-768x512.jpg 768w\" sizes=\"auto, (max-width: 1000px) 100vw, 1000px\" loading=\"lazy\" decoding=\"async\" \/><\/a>\n\t\t\t<\/div><\/figure><figure class='gallery-item'>\n\t\t\t<div class='gallery-icon landscape'>\n\t\t\t\t<a href='https:\/\/autofans.com.ar\/index.php\/2025\/05\/23\/fpt-industrial-apuesta-al-etanol-y-gnc\/ftp-1-5\/'><img loading=\"lazy\" width=\"1000\" height=\"667\" src=\"https:\/\/autofans.com.ar\/wp-content\/uploads\/2025\/05\/ftp-1-1.jpg\" class=\"attachment-full size-full\" alt=\"FPT Industrial\" srcset=\"https:\/\/autofans.com.ar\/wp-content\/uploads\/2025\/05\/ftp-1-1.jpg 1000w, https:\/\/autofans.com.ar\/wp-content\/uploads\/2025\/05\/ftp-1-1-300x200.jpg 300w, https:\/\/autofans.com.ar\/wp-content\/uploads\/2025\/05\/ftp-1-1-768x512.jpg 768w\" sizes=\"auto, (max-width: 1000px) 100vw, 1000px\" loading=\"lazy\" decoding=\"async\" \/><\/a>\n\t\t\t<\/div><\/figure>\n\t\t<\/div>\n\n<p>&nbsp;<\/p>\n<p class=\"ds-markdown-paragraph\">En Argentina, FPT Industrial ya implementa esta tecnolog\u00eda en veh\u00edculos como el IVECO Tector GNC y el IVECO BUS 170G21, adem\u00e1s de colaborar con fabricantes en Per\u00fa y Brasil. Con el lanzamiento del N67 Etanol, la marca consolida su portafolio de soluciones sustentables, adaptadas a las necesidades agroindustriales de Latinoam\u00e9rica y alineadas con una matriz energ\u00e9tica m\u00e1s limpia.<\/p>\n<p>&nbsp;<\/p>\n<p>&nbsp;<\/p>\n<p><i>Para enterarte de m\u00e1s novedades, no dejes de leer\u00a0<\/i><a href=\"https:\/\/autofans.thebrandsoup.com\/\"><i>nuestras notas<\/i><\/a><i>, de ver\u00a0<\/i><a href=\"https:\/\/www.youtube.com\/channel\/UCgAC8UGHZYbT6P7PpmVnP7g\"><i>AUTOFANS TV<\/i><\/a><i>\u00a0en nuestro\u00a0canal de Youtube. Adem\u00e1s seguinos en\u00a0<\/i><a href=\"https:\/\/www.instagram.com\/autofanstv\/\"><i>INSTAGRAM<\/i><\/a><i> y <\/i><a href=\"https:\/\/www.facebook.com\/autofansmas\/\"><i>FACEBOOK<\/i><\/a><i> para no perderte nada sobre las novedades del segmento automotor de Argentina y el mundo.<\/i><\/p>\n","protected":false},"excerpt":{"rendered":"<p>FPT Industrial, parte de Iveco Group, reforz\u00f3 su compromiso con la sustentabilidad en Agrishow 2025,&#8230;<\/p>\n","protected":false},"author":2,"featured_media":12603,"comment_status":"closed","ping_status":"closed","sticky":false,"template":"","format":"standard","meta":{"footnotes":""},"categories":[341,16],"tags":[6765,6766,6764,6763,955,892,585,6767,1010,6762,584],"class_list":["post-12601","post","type-post","status-publish","format-standard","has-post-thumbnail","hentry","category-hibridos-y-electricos","category-noticias","tag-agrishow-2025","tag-biocombustibles","tag-case-ih","tag-ciclo-otto","tag-combustibles-alternativos","tag-fpt-industrial","tag-gnc","tag-iveco-tector-gnc","tag-maquinaria-agricola","tag-motores-a-etanol","tag-transporte-sustentable"],"yoast_head":"<!-- This site is optimized with the Yoast SEO plugin v27.5 - https:\/\/yoast.com\/product\/yoast-seo-wordpress\/ -->\n<title>FPT Industrial apuesta al etanol y GNC -<\/title>\n<meta name=\"description\" content=\"FPT Industrial, parte de Iveco Group, reforz\u00f3 su compromiso con la sustentabilidad en Agrishow 2025, donde present\u00f3 el motor N67 Etanol...\" \/>\n<meta name=\"robots\" content=\"index, follow, max-snippet:-1, max-image-preview:large, max-video-preview:-1\" \/>\n<link rel=\"canonical\" href=\"https:\/\/autofans.com.ar\/index.php\/2025\/05\/23\/fpt-industrial-apuesta-al-etanol-y-gnc\/\" \/>\n<meta property=\"og:locale\" content=\"es_ES\" \/>\n<meta property=\"og:type\" content=\"article\" \/>\n<meta property=\"og:title\" content=\"FPT Industrial apuesta al etanol y GNC -\" \/>\n<meta property=\"og:description\" content=\"FPT Industrial, parte de Iveco Group, reforz\u00f3 su compromiso con la sustentabilidad en Agrishow 2025, donde present\u00f3 el motor N67 Etanol...\" \/>\n<meta property=\"og:url\" content=\"https:\/\/autofans.com.ar\/index.php\/2025\/05\/23\/fpt-industrial-apuesta-al-etanol-y-gnc\/\" \/>\n<meta property=\"article:published_time\" content=\"2025-05-23T17:05:00+00:00\" \/>\n<meta property=\"og:image\" content=\"https:\/\/autofans.com.ar\/wp-content\/uploads\/2025\/05\/FTP-3-1.jpg\" \/>\n\t<meta property=\"og:image:width\" content=\"1000\" \/>\n\t<meta property=\"og:image:height\" content=\"667\" \/>\n\t<meta property=\"og:image:type\" content=\"image\/jpeg\" \/>\n<meta name=\"author\" content=\"Alejandro Gabriel Rosito\" \/>\n<meta name=\"twitter:card\" content=\"summary_large_image\" \/>\n<meta name=\"twitter:label1\" content=\"Escrito por\" \/>\n\t<meta name=\"twitter:data1\" content=\"Alejandro Gabriel Rosito\" \/>\n\t<meta name=\"twitter:label2\" content=\"Tiempo de lectura\" \/>\n\t<meta name=\"twitter:data2\" content=\"2 minutos\" \/>\n<script type=\"application\/ld+json\" class=\"yoast-schema-graph\">{\"@context\":\"https:\\\/\\\/schema.org\",\"@graph\":[{\"@type\":\"Article\",\"@id\":\"https:\\\/\\\/autofans.com.ar\\\/index.php\\\/2025\\\/05\\\/23\\\/fpt-industrial-apuesta-al-etanol-y-gnc\\\/#article\",\"isPartOf\":{\"@id\":\"https:\\\/\\\/autofans.com.ar\\\/index.php\\\/2025\\\/05\\\/23\\\/fpt-industrial-apuesta-al-etanol-y-gnc\\\/\"},\"author\":{\"name\":\"Alejandro Gabriel Rosito\",\"@id\":\"https:\\\/\\\/autofans.com.ar\\\/#\\\/schema\\\/person\\\/4a8dda0b6df83ac3d6723e921274c2aa\"},\"headline\":\"FPT Industrial apuesta al etanol y GNC\",\"datePublished\":\"2025-05-23T17:05:00+00:00\",\"mainEntityOfPage\":{\"@id\":\"https:\\\/\\\/autofans.com.ar\\\/index.php\\\/2025\\\/05\\\/23\\\/fpt-industrial-apuesta-al-etanol-y-gnc\\\/\"},\"wordCount\":379,\"image\":{\"@id\":\"https:\\\/\\\/autofans.com.ar\\\/index.php\\\/2025\\\/05\\\/23\\\/fpt-industrial-apuesta-al-etanol-y-gnc\\\/#primaryimage\"},\"thumbnailUrl\":\"https:\\\/\\\/autofans.com.ar\\\/wp-content\\\/uploads\\\/2025\\\/05\\\/FTP-3-1.jpg\",\"keywords\":[\"Agrishow 2025\",\"biocombustibles\",\"Case IH\",\"Ciclo Otto\",\"combustibles alternativos\",\"FPT Industrial\",\"GNC\",\"IVECO Tector GNC\",\"maquinaria agr\u00edcola\",\"motores a etanol\",\"transporte sustentable\"],\"articleSection\":[\"HIBRIDOS, ELECTRICOS y otros\",\"NOTICIAS\"],\"inLanguage\":\"es\"},{\"@type\":\"WebPage\",\"@id\":\"https:\\\/\\\/autofans.com.ar\\\/index.php\\\/2025\\\/05\\\/23\\\/fpt-industrial-apuesta-al-etanol-y-gnc\\\/\",\"url\":\"https:\\\/\\\/autofans.com.ar\\\/index.php\\\/2025\\\/05\\\/23\\\/fpt-industrial-apuesta-al-etanol-y-gnc\\\/\",\"name\":\"FPT Industrial apuesta al etanol y GNC -\",\"isPartOf\":{\"@id\":\"https:\\\/\\\/autofans.com.ar\\\/#website\"},\"primaryImageOfPage\":{\"@id\":\"https:\\\/\\\/autofans.com.ar\\\/index.php\\\/2025\\\/05\\\/23\\\/fpt-industrial-apuesta-al-etanol-y-gnc\\\/#primaryimage\"},\"image\":{\"@id\":\"https:\\\/\\\/autofans.com.ar\\\/index.php\\\/2025\\\/05\\\/23\\\/fpt-industrial-apuesta-al-etanol-y-gnc\\\/#primaryimage\"},\"thumbnailUrl\":\"https:\\\/\\\/autofans.com.ar\\\/wp-content\\\/uploads\\\/2025\\\/05\\\/FTP-3-1.jpg\",\"datePublished\":\"2025-05-23T17:05:00+00:00\",\"author\":{\"@id\":\"https:\\\/\\\/autofans.com.ar\\\/#\\\/schema\\\/person\\\/4a8dda0b6df83ac3d6723e921274c2aa\"},\"description\":\"FPT Industrial, parte de Iveco Group, reforz\u00f3 su compromiso con la sustentabilidad en Agrishow 2025, donde present\u00f3 el motor N67 Etanol...\",\"breadcrumb\":{\"@id\":\"https:\\\/\\\/autofans.com.ar\\\/index.php\\\/2025\\\/05\\\/23\\\/fpt-industrial-apuesta-al-etanol-y-gnc\\\/#breadcrumb\"},\"inLanguage\":\"es\",\"potentialAction\":[{\"@type\":\"ReadAction\",\"target\":[\"https:\\\/\\\/autofans.com.ar\\\/index.php\\\/2025\\\/05\\\/23\\\/fpt-industrial-apuesta-al-etanol-y-gnc\\\/\"]}]},{\"@type\":\"ImageObject\",\"inLanguage\":\"es\",\"@id\":\"https:\\\/\\\/autofans.com.ar\\\/index.php\\\/2025\\\/05\\\/23\\\/fpt-industrial-apuesta-al-etanol-y-gnc\\\/#primaryimage\",\"url\":\"https:\\\/\\\/autofans.com.ar\\\/wp-content\\\/uploads\\\/2025\\\/05\\\/FTP-3-1.jpg\",\"contentUrl\":\"https:\\\/\\\/autofans.com.ar\\\/wp-content\\\/uploads\\\/2025\\\/05\\\/FTP-3-1.jpg\",\"width\":1000,\"height\":667,\"caption\":\"FPT Industrial\"},{\"@type\":\"BreadcrumbList\",\"@id\":\"https:\\\/\\\/autofans.com.ar\\\/index.php\\\/2025\\\/05\\\/23\\\/fpt-industrial-apuesta-al-etanol-y-gnc\\\/#breadcrumb\",\"itemListElement\":[{\"@type\":\"ListItem\",\"position\":1,\"name\":\"Inicio\",\"item\":\"https:\\\/\\\/autofans.com.ar\\\/\"},{\"@type\":\"ListItem\",\"position\":2,\"name\":\"FPT Industrial apuesta al etanol y GNC\"}]},{\"@type\":\"WebSite\",\"@id\":\"https:\\\/\\\/autofans.com.ar\\\/#website\",\"url\":\"https:\\\/\\\/autofans.com.ar\\\/\",\"name\":\"\",\"description\":\"El multimedio referente de la industria automotriz\",\"potentialAction\":[{\"@type\":\"SearchAction\",\"target\":{\"@type\":\"EntryPoint\",\"urlTemplate\":\"https:\\\/\\\/autofans.com.ar\\\/?s={search_term_string}\"},\"query-input\":{\"@type\":\"PropertyValueSpecification\",\"valueRequired\":true,\"valueName\":\"search_term_string\"}}],\"inLanguage\":\"es\"},{\"@type\":\"Person\",\"@id\":\"https:\\\/\\\/autofans.com.ar\\\/#\\\/schema\\\/person\\\/4a8dda0b6df83ac3d6723e921274c2aa\",\"name\":\"Alejandro Gabriel Rosito\",\"image\":{\"@type\":\"ImageObject\",\"inLanguage\":\"es\",\"@id\":\"https:\\\/\\\/secure.gravatar.com\\\/avatar\\\/16c5dda1489adfc62618084dcbb91cffd879c374b13fe5dd8e44ed6733852c88?s=96&d=mm&r=g\",\"url\":\"https:\\\/\\\/secure.gravatar.com\\\/avatar\\\/16c5dda1489adfc62618084dcbb91cffd879c374b13fe5dd8e44ed6733852c88?s=96&d=mm&r=g\",\"contentUrl\":\"https:\\\/\\\/secure.gravatar.com\\\/avatar\\\/16c5dda1489adfc62618084dcbb91cffd879c374b13fe5dd8e44ed6733852c88?s=96&d=mm&r=g\",\"caption\":\"Alejandro Gabriel Rosito\"},\"url\":\"https:\\\/\\\/autofans.com.ar\\\/index.php\\\/author\\\/gabrielr\\\/\"}]}<\/script>\n<!-- \/ Yoast SEO plugin. -->","yoast_head_json":{"title":"FPT Industrial apuesta al etanol y GNC -","description":"FPT Industrial, parte de Iveco Group, reforz\u00f3 su compromiso con la sustentabilidad en Agrishow 2025, donde present\u00f3 el motor N67 Etanol...","robots":{"index":"index","follow":"follow","max-snippet":"max-snippet:-1","max-image-preview":"max-image-preview:large","max-video-preview":"max-video-preview:-1"},"canonical":"https:\/\/autofans.com.ar\/index.php\/2025\/05\/23\/fpt-industrial-apuesta-al-etanol-y-gnc\/","og_locale":"es_ES","og_type":"article","og_title":"FPT Industrial apuesta al etanol y GNC -","og_description":"FPT Industrial, parte de Iveco Group, reforz\u00f3 su compromiso con la sustentabilidad en Agrishow 2025, donde present\u00f3 el motor N67 Etanol...","og_url":"https:\/\/autofans.com.ar\/index.php\/2025\/05\/23\/fpt-industrial-apuesta-al-etanol-y-gnc\/","article_published_time":"2025-05-23T17:05:00+00:00","og_image":[{"width":1000,"height":667,"url":"https:\/\/autofans.com.ar\/wp-content\/uploads\/2025\/05\/FTP-3-1.jpg","type":"image\/jpeg"}],"author":"Alejandro Gabriel Rosito","twitter_card":"summary_large_image","twitter_misc":{"Escrito por":"Alejandro Gabriel Rosito","Tiempo de lectura":"2 minutos"},"schema":{"@context":"https:\/\/schema.org","@graph":[{"@type":"Article","@id":"https:\/\/autofans.com.ar\/index.php\/2025\/05\/23\/fpt-industrial-apuesta-al-etanol-y-gnc\/#article","isPartOf":{"@id":"https:\/\/autofans.com.ar\/index.php\/2025\/05\/23\/fpt-industrial-apuesta-al-etanol-y-gnc\/"},"author":{"name":"Alejandro Gabriel Rosito","@id":"https:\/\/autofans.com.ar\/#\/schema\/person\/4a8dda0b6df83ac3d6723e921274c2aa"},"headline":"FPT Industrial apuesta al etanol y GNC","datePublished":"2025-05-23T17:05:00+00:00","mainEntityOfPage":{"@id":"https:\/\/autofans.com.ar\/index.php\/2025\/05\/23\/fpt-industrial-apuesta-al-etanol-y-gnc\/"},"wordCount":379,"image":{"@id":"https:\/\/autofans.com.ar\/index.php\/2025\/05\/23\/fpt-industrial-apuesta-al-etanol-y-gnc\/#primaryimage"},"thumbnailUrl":"https:\/\/autofans.com.ar\/wp-content\/uploads\/2025\/05\/FTP-3-1.jpg","keywords":["Agrishow 2025","biocombustibles","Case IH","Ciclo Otto","combustibles alternativos","FPT Industrial","GNC","IVECO Tector GNC","maquinaria agr\u00edcola","motores a etanol","transporte sustentable"],"articleSection":["HIBRIDOS, ELECTRICOS y otros","NOTICIAS"],"inLanguage":"es"},{"@type":"WebPage","@id":"https:\/\/autofans.com.ar\/index.php\/2025\/05\/23\/fpt-industrial-apuesta-al-etanol-y-gnc\/","url":"https:\/\/autofans.com.ar\/index.php\/2025\/05\/23\/fpt-industrial-apuesta-al-etanol-y-gnc\/","name":"FPT Industrial apuesta al etanol y GNC -","isPartOf":{"@id":"https:\/\/autofans.com.ar\/#website"},"primaryImageOfPage":{"@id":"https:\/\/autofans.com.ar\/index.php\/2025\/05\/23\/fpt-industrial-apuesta-al-etanol-y-gnc\/#primaryimage"},"image":{"@id":"https:\/\/autofans.com.ar\/index.php\/2025\/05\/23\/fpt-industrial-apuesta-al-etanol-y-gnc\/#primaryimage"},"thumbnailUrl":"https:\/\/autofans.com.ar\/wp-content\/uploads\/2025\/05\/FTP-3-1.jpg","datePublished":"2025-05-23T17:05:00+00:00","author":{"@id":"https:\/\/autofans.com.ar\/#\/schema\/person\/4a8dda0b6df83ac3d6723e921274c2aa"},"description":"FPT Industrial, parte de Iveco Group, reforz\u00f3 su compromiso con la sustentabilidad en Agrishow 2025, donde present\u00f3 el motor N67 Etanol...","breadcrumb":{"@id":"https:\/\/autofans.com.ar\/index.php\/2025\/05\/23\/fpt-industrial-apuesta-al-etanol-y-gnc\/#breadcrumb"},"inLanguage":"es","potentialAction":[{"@type":"ReadAction","target":["https:\/\/autofans.com.ar\/index.php\/2025\/05\/23\/fpt-industrial-apuesta-al-etanol-y-gnc\/"]}]},{"@type":"ImageObject","inLanguage":"es","@id":"https:\/\/autofans.com.ar\/index.php\/2025\/05\/23\/fpt-industrial-apuesta-al-etanol-y-gnc\/#primaryimage","url":"https:\/\/autofans.com.ar\/wp-content\/uploads\/2025\/05\/FTP-3-1.jpg","contentUrl":"https:\/\/autofans.com.ar\/wp-content\/uploads\/2025\/05\/FTP-3-1.jpg","width":1000,"height":667,"caption":"FPT Industrial"},{"@type":"BreadcrumbList","@id":"https:\/\/autofans.com.ar\/index.php\/2025\/05\/23\/fpt-industrial-apuesta-al-etanol-y-gnc\/#breadcrumb","itemListElement":[{"@type":"ListItem","position":1,"name":"Inicio","item":"https:\/\/autofans.com.ar\/"},{"@type":"ListItem","position":2,"name":"FPT Industrial apuesta al etanol y GNC"}]},{"@type":"WebSite","@id":"https:\/\/autofans.com.ar\/#website","url":"https:\/\/autofans.com.ar\/","name":"","description":"El multimedio referente de la industria automotriz","potentialAction":[{"@type":"SearchAction","target":{"@type":"EntryPoint","urlTemplate":"https:\/\/autofans.com.ar\/?s={search_term_string}"},"query-input":{"@type":"PropertyValueSpecification","valueRequired":true,"valueName":"search_term_string"}}],"inLanguage":"es"},{"@type":"Person","@id":"https:\/\/autofans.com.ar\/#\/schema\/person\/4a8dda0b6df83ac3d6723e921274c2aa","name":"Alejandro Gabriel Rosito","image":{"@type":"ImageObject","inLanguage":"es","@id":"https:\/\/secure.gravatar.com\/avatar\/16c5dda1489adfc62618084dcbb91cffd879c374b13fe5dd8e44ed6733852c88?s=96&d=mm&r=g","url":"https:\/\/secure.gravatar.com\/avatar\/16c5dda1489adfc62618084dcbb91cffd879c374b13fe5dd8e44ed6733852c88?s=96&d=mm&r=g","contentUrl":"https:\/\/secure.gravatar.com\/avatar\/16c5dda1489adfc62618084dcbb91cffd879c374b13fe5dd8e44ed6733852c88?s=96&d=mm&r=g","caption":"Alejandro Gabriel Rosito"},"url":"https:\/\/autofans.com.ar\/index.php\/author\/gabrielr\/"}]}},"featured_image_urls":{"full":["https:\/\/autofans.com.ar\/wp-content\/uploads\/2025\/05\/FTP-3-1.jpg",1000,667,false],"thumbnail":["https:\/\/autofans.com.ar\/wp-content\/uploads\/2025\/05\/FTP-3-1-150x150.jpg",150,150,true],"medium":["https:\/\/autofans.com.ar\/wp-content\/uploads\/2025\/05\/FTP-3-1-300x200.jpg",300,200,true],"medium_large":["https:\/\/autofans.com.ar\/wp-content\/uploads\/2025\/05\/FTP-3-1-768x512.jpg",640,427,true],"large":["https:\/\/autofans.com.ar\/wp-content\/uploads\/2025\/05\/FTP-3-1.jpg",640,427,false],"1536x1536":["https:\/\/autofans.com.ar\/wp-content\/uploads\/2025\/05\/FTP-3-1.jpg",1000,667,false],"2048x2048":["https:\/\/autofans.com.ar\/wp-content\/uploads\/2025\/05\/FTP-3-1.jpg",1000,667,false],"covernews-featured":["https:\/\/autofans.com.ar\/wp-content\/uploads\/2025\/05\/FTP-3-1.jpg",1000,667,false],"covernews-medium":["https:\/\/autofans.com.ar\/wp-content\/uploads\/2025\/05\/FTP-3-1-540x340.jpg",540,340,true]},"author_info":{"display_name":"Alejandro Gabriel Rosito","author_link":"https:\/\/autofans.com.ar\/index.php\/author\/gabrielr\/"},"category_info":"<a href=\"https:\/\/autofans.com.ar\/index.php\/category\/noticias\/hibridos-y-electricos\/\" rel=\"category tag\">HIBRIDOS, ELECTRICOS y otros<\/a> <a href=\"https:\/\/autofans.com.ar\/index.php\/category\/noticias\/\" rel=\"category tag\">NOTICIAS<\/a>","tag_info":"NOTICIAS","comment_count":0,"_links":{"self":[{"href":"https:\/\/autofans.com.ar\/index.php\/wp-json\/wp\/v2\/posts\/12601","targetHints":{"allow":["GET"]}}],"collection":[{"href":"https:\/\/autofans.com.ar\/index.php\/wp-json\/wp\/v2\/posts"}],"about":[{"href":"https:\/\/autofans.com.ar\/index.php\/wp-json\/wp\/v2\/types\/post"}],"author":[{"embeddable":true,"href":"https:\/\/autofans.com.ar\/index.php\/wp-json\/wp\/v2\/users\/2"}],"replies":[{"embeddable":true,"href":"https:\/\/autofans.com.ar\/index.php\/wp-json\/wp\/v2\/comments?post=12601"}],"version-history":[{"count":2,"href":"https:\/\/autofans.com.ar\/index.php\/wp-json\/wp\/v2\/posts\/12601\/revisions"}],"predecessor-version":[{"id":12607,"href":"https:\/\/autofans.com.ar\/index.php\/wp-json\/wp\/v2\/posts\/12601\/revisions\/12607"}],"wp:featuredmedia":[{"embeddable":true,"href":"https:\/\/autofans.com.ar\/index.php\/wp-json\/wp\/v2\/media\/12603"}],"wp:attachment":[{"href":"https:\/\/autofans.com.ar\/index.php\/wp-json\/wp\/v2\/media?parent=12601"}],"wp:term":[{"taxonomy":"category","embeddable":true,"href":"https:\/\/autofans.com.ar\/index.php\/wp-json\/wp\/v2\/categories?post=12601"},{"taxonomy":"post_tag","embeddable":true,"href":"https:\/\/autofans.com.ar\/index.php\/wp-json\/wp\/v2\/tags?post=12601"}],"curies":[{"name":"wp","href":"https:\/\/api.w.org\/{rel}","templated":true}]}}