{"id":12713,"date":"2025-05-28T18:00:27","date_gmt":"2025-05-28T21:00:27","guid":{"rendered":"https:\/\/autofans.com.ar\/?p=12713"},"modified":"2025-05-28T18:00:27","modified_gmt":"2025-05-28T21:00:27","slug":"antonio-filosa-es-el-nuevo-ceo-de-stellantis","status":"publish","type":"post","link":"https:\/\/autofans.com.ar\/index.php\/2025\/05\/28\/antonio-filosa-es-el-nuevo-ceo-de-stellantis\/","title":{"rendered":"Antonio Filosa es el nuevo CEO de Stellantis"},"content":{"rendered":"<p class=\"ds-markdown-paragraph\">El Consejo de Administraci\u00f3n de Stellantis seleccion\u00f3 por unanimidad a Antonio Filosa para asumir como CEO a partir del 23 de junio. Con m\u00e1s de 25 a\u00f1os en la compa\u00f1\u00eda, Filosa ha demostrado un historial de \u00e9xitos en mercados clave como Am\u00e9rica del Norte y del Sur.<\/p>\n<p>&nbsp;<\/p>\n<h2>De COO a CEO &#8211; una transici\u00f3n estrat\u00e9gica<\/h2>\n<p>&nbsp;<\/p>\n<p><img fetchpriority=\"high\" decoding=\"async\" class=\"aligncenter wp-image-12716 size-full\" src=\"https:\/\/autofans.com.ar\/wp-content\/uploads\/2025\/05\/stell-3.jpg\" alt=\"Stellantis\" width=\"1000\" height=\"667\" srcset=\"https:\/\/autofans.com.ar\/wp-content\/uploads\/2025\/05\/stell-3.jpg 1000w, https:\/\/autofans.com.ar\/wp-content\/uploads\/2025\/05\/stell-3-300x200.jpg 300w, https:\/\/autofans.com.ar\/wp-content\/uploads\/2025\/05\/stell-3-768x512.jpg 768w\" sizes=\"(max-width: 1000px) 100vw, 1000px\" \/><\/p>\n<p>&nbsp;<\/p>\n<p class=\"ds-markdown-paragraph\">Actualmente ocupando el rol de Chief Operating Officer for the Americas y Chief Quality Officer, Filosa recibir\u00e1 poderes ejecutivos plenos desde su asunci\u00f3n. Una Junta Extraordinaria de Accionistas lo ratificar\u00e1 como executive director en los pr\u00f3ximos d\u00edas.<\/p>\n<p>&nbsp;<\/p>\n<h2>Trayectoria clave en Sudam\u00e9rica y el relanzamiento de Jeep<\/h2>\n<p>&nbsp;<\/p>\n<p><img decoding=\"async\" class=\"aligncenter wp-image-12718 size-full\" src=\"https:\/\/autofans.com.ar\/wp-content\/uploads\/2025\/05\/stell-1.jpg\" alt=\"Stellantis\" width=\"1000\" height=\"667\" srcset=\"https:\/\/autofans.com.ar\/wp-content\/uploads\/2025\/05\/stell-1.jpg 1000w, https:\/\/autofans.com.ar\/wp-content\/uploads\/2025\/05\/stell-1-300x200.jpg 300w, https:\/\/autofans.com.ar\/wp-content\/uploads\/2025\/05\/stell-1-768x512.jpg 768w\" sizes=\"(max-width: 1000px) 100vw, 1000px\" \/><\/p>\n<p>&nbsp;<\/p>\n<p class=\"ds-markdown-paragraph\">Filosa lider\u00f3 la operaci\u00f3n sudamericana de Stellantis, posicionando a Fiat como l\u00edder de mercado y expandiendo el crecimiento de Peugeot, Citro\u00ebn, Ram y Jeep\u00ae. Bajo su gesti\u00f3n, se consolid\u00f3 la planta de Pernambuco, clave para el desembarco de Jeep\u00ae en Brasil, hoy su principal mercado fuera de EE.UU.<\/p>\n<p class=\"ds-markdown-paragraph\">En Europa, impuls\u00f3 el \u00e9xito del Jeep Avenger, consolidando a la marca como la m\u00e1s vendida de la compa\u00f1\u00eda en la regi\u00f3n. Desde diciembre de 2024, como COO for the Americas, optimiz\u00f3 operaciones en EE.UU., reduciendo stock en concesionarios y acelerando el lanzamiento de nuevos modelos.<\/p>\n<p>&nbsp;<\/p>\n<h2>Stellantis &#8211; nuevo equipo directivo y continuidad estrat\u00e9gica<\/h2>\n<p>&nbsp;<\/p>\n<p><img decoding=\"async\" class=\"aligncenter wp-image-12719 size-full\" src=\"https:\/\/autofans.com.ar\/wp-content\/uploads\/2025\/05\/John-Elkann1.jpg\" alt=\"Stellantis\" width=\"1200\" height=\"800\" srcset=\"https:\/\/autofans.com.ar\/wp-content\/uploads\/2025\/05\/John-Elkann1.jpg 1200w, https:\/\/autofans.com.ar\/wp-content\/uploads\/2025\/05\/John-Elkann1-300x200.jpg 300w, https:\/\/autofans.com.ar\/wp-content\/uploads\/2025\/05\/John-Elkann1-1024x683.jpg 1024w, https:\/\/autofans.com.ar\/wp-content\/uploads\/2025\/05\/John-Elkann1-768x512.jpg 768w\" sizes=\"(max-width: 1200px) 100vw, 1200px\" \/><\/p>\n<p>&nbsp;<\/p>\n<p class=\"ds-markdown-paragraph\">John Elkann seguir\u00e1 como Executive Chairman, mientras Filosa anunciar\u00e1 su equipo de liderazgo en junio. Su nombramiento refuerza la apuesta de Stellantis por continuidad y experiencia interna.<\/p>\n<p>&nbsp;<\/p>\n<p>&nbsp;<\/p>\n<p>&nbsp;<\/p>\n<p><i>Para enterarte de m\u00e1s novedades, no dejes de leer\u00a0<\/i><a href=\"https:\/\/autofans.thebrandsoup.com\/\"><i>nuestras notas<\/i><\/a><i>, de ver\u00a0<\/i><a href=\"https:\/\/www.youtube.com\/channel\/UCgAC8UGHZYbT6P7PpmVnP7g\"><i>AUTOFANS TV<\/i><\/a><i>\u00a0en nuestro\u00a0canal de Youtube. Adem\u00e1s seguinos en\u00a0<\/i><a href=\"https:\/\/www.instagram.com\/autofanstv\/\"><i>INSTAGRAM<\/i><\/a><i> y <\/i><a href=\"https:\/\/www.facebook.com\/autofansmas\/\"><i>FACEBOOK<\/i><\/a><i> para no perderte nada sobre las novedades del segmento automotor de Argentina y el mundo.<\/i><\/p>\n","protected":false},"excerpt":{"rendered":"<p>El Consejo de Administraci\u00f3n de Stellantis seleccion\u00f3 por unanimidad a Antonio Filosa para asumir como&#8230;<\/p>\n","protected":false},"author":2,"featured_media":12717,"comment_status":"closed","ping_status":"closed","sticky":false,"template":"","format":"standard","meta":{"footnotes":""},"categories":[1],"tags":[6783,6133,6210,6785,86,6784,6786,37],"class_list":["post-12713","post","type-post","status-publish","format-standard","has-post-thumbnail","hentry","category-lanzamientos","tag-antonio-filosa","tag-automotriz-argentina","tag-ceo-stellantis","tag-fiat-liderazgo","tag-industria-automotriz","tag-jeep-brasil","tag-john-elkann","tag-stellantis"],"yoast_head":"<!-- This site is optimized with the Yoast SEO plugin v27.5 - https:\/\/yoast.com\/product\/yoast-seo-wordpress\/ -->\n<title>Antonio Filosa es el nuevo CEO de Stellantis -<\/title>\n<meta name=\"description\" content=\"El Consejo de Administraci\u00f3n de Stellantis seleccion\u00f3 por unanimidad a Antonio Filosa para asumir como CEO a partir del 23 de junio...\" \/>\n<meta name=\"robots\" content=\"index, follow, max-snippet:-1, max-image-preview:large, max-video-preview:-1\" \/>\n<link rel=\"canonical\" href=\"https:\/\/autofans.com.ar\/index.php\/2025\/05\/28\/antonio-filosa-es-el-nuevo-ceo-de-stellantis\/\" \/>\n<meta property=\"og:locale\" content=\"es_ES\" \/>\n<meta property=\"og:type\" content=\"article\" \/>\n<meta property=\"og:title\" content=\"Antonio Filosa es el nuevo CEO de Stellantis -\" \/>\n<meta property=\"og:description\" content=\"El Consejo de Administraci\u00f3n de Stellantis seleccion\u00f3 por unanimidad a Antonio Filosa para asumir como CEO a partir del 23 de junio...\" \/>\n<meta property=\"og:url\" content=\"https:\/\/autofans.com.ar\/index.php\/2025\/05\/28\/antonio-filosa-es-el-nuevo-ceo-de-stellantis\/\" \/>\n<meta property=\"article:published_time\" content=\"2025-05-28T21:00:27+00:00\" \/>\n<meta property=\"og:image\" content=\"https:\/\/autofans.com.ar\/wp-content\/uploads\/2025\/05\/stell-2.jpg\" \/>\n\t<meta property=\"og:image:width\" content=\"1000\" \/>\n\t<meta property=\"og:image:height\" content=\"667\" \/>\n\t<meta property=\"og:image:type\" content=\"image\/jpeg\" \/>\n<meta name=\"author\" content=\"Alejandro Gabriel Rosito\" \/>\n<meta name=\"twitter:card\" content=\"summary_large_image\" \/>\n<meta name=\"twitter:label1\" content=\"Escrito por\" \/>\n\t<meta name=\"twitter:data1\" content=\"Alejandro Gabriel Rosito\" \/>\n\t<meta name=\"twitter:label2\" content=\"Tiempo de lectura\" \/>\n\t<meta name=\"twitter:data2\" content=\"3 minutos\" \/>\n<script type=\"application\/ld+json\" class=\"yoast-schema-graph\">{\"@context\":\"https:\\\/\\\/schema.org\",\"@graph\":[{\"@type\":\"Article\",\"@id\":\"https:\\\/\\\/autofans.com.ar\\\/index.php\\\/2025\\\/05\\\/28\\\/antonio-filosa-es-el-nuevo-ceo-de-stellantis\\\/#article\",\"isPartOf\":{\"@id\":\"https:\\\/\\\/autofans.com.ar\\\/index.php\\\/2025\\\/05\\\/28\\\/antonio-filosa-es-el-nuevo-ceo-de-stellantis\\\/\"},\"author\":{\"name\":\"Alejandro Gabriel Rosito\",\"@id\":\"https:\\\/\\\/autofans.com.ar\\\/#\\\/schema\\\/person\\\/4a8dda0b6df83ac3d6723e921274c2aa\"},\"headline\":\"Antonio Filosa es el nuevo CEO de Stellantis\",\"datePublished\":\"2025-05-28T21:00:27+00:00\",\"mainEntityOfPage\":{\"@id\":\"https:\\\/\\\/autofans.com.ar\\\/index.php\\\/2025\\\/05\\\/28\\\/antonio-filosa-es-el-nuevo-ceo-de-stellantis\\\/\"},\"wordCount\":311,\"image\":{\"@id\":\"https:\\\/\\\/autofans.com.ar\\\/index.php\\\/2025\\\/05\\\/28\\\/antonio-filosa-es-el-nuevo-ceo-de-stellantis\\\/#primaryimage\"},\"thumbnailUrl\":\"https:\\\/\\\/autofans.com.ar\\\/wp-content\\\/uploads\\\/2025\\\/05\\\/stell-2.jpg\",\"keywords\":[\"Antonio Filosa\",\"automotriz Argentina\",\"CEO Stellantis\",\"Fiat liderazgo\",\"Industria Automotriz\",\"Jeep Brasil\",\"John Elkann\",\"Stellantis\"],\"articleSection\":[\"LANZAMIENTOS\"],\"inLanguage\":\"es\"},{\"@type\":\"WebPage\",\"@id\":\"https:\\\/\\\/autofans.com.ar\\\/index.php\\\/2025\\\/05\\\/28\\\/antonio-filosa-es-el-nuevo-ceo-de-stellantis\\\/\",\"url\":\"https:\\\/\\\/autofans.com.ar\\\/index.php\\\/2025\\\/05\\\/28\\\/antonio-filosa-es-el-nuevo-ceo-de-stellantis\\\/\",\"name\":\"Antonio Filosa es el nuevo CEO de Stellantis -\",\"isPartOf\":{\"@id\":\"https:\\\/\\\/autofans.com.ar\\\/#website\"},\"primaryImageOfPage\":{\"@id\":\"https:\\\/\\\/autofans.com.ar\\\/index.php\\\/2025\\\/05\\\/28\\\/antonio-filosa-es-el-nuevo-ceo-de-stellantis\\\/#primaryimage\"},\"image\":{\"@id\":\"https:\\\/\\\/autofans.com.ar\\\/index.php\\\/2025\\\/05\\\/28\\\/antonio-filosa-es-el-nuevo-ceo-de-stellantis\\\/#primaryimage\"},\"thumbnailUrl\":\"https:\\\/\\\/autofans.com.ar\\\/wp-content\\\/uploads\\\/2025\\\/05\\\/stell-2.jpg\",\"datePublished\":\"2025-05-28T21:00:27+00:00\",\"author\":{\"@id\":\"https:\\\/\\\/autofans.com.ar\\\/#\\\/schema\\\/person\\\/4a8dda0b6df83ac3d6723e921274c2aa\"},\"description\":\"El Consejo de Administraci\u00f3n de Stellantis seleccion\u00f3 por unanimidad a Antonio Filosa para asumir como CEO a partir del 23 de junio...\",\"breadcrumb\":{\"@id\":\"https:\\\/\\\/autofans.com.ar\\\/index.php\\\/2025\\\/05\\\/28\\\/antonio-filosa-es-el-nuevo-ceo-de-stellantis\\\/#breadcrumb\"},\"inLanguage\":\"es\",\"potentialAction\":[{\"@type\":\"ReadAction\",\"target\":[\"https:\\\/\\\/autofans.com.ar\\\/index.php\\\/2025\\\/05\\\/28\\\/antonio-filosa-es-el-nuevo-ceo-de-stellantis\\\/\"]}]},{\"@type\":\"ImageObject\",\"inLanguage\":\"es\",\"@id\":\"https:\\\/\\\/autofans.com.ar\\\/index.php\\\/2025\\\/05\\\/28\\\/antonio-filosa-es-el-nuevo-ceo-de-stellantis\\\/#primaryimage\",\"url\":\"https:\\\/\\\/autofans.com.ar\\\/wp-content\\\/uploads\\\/2025\\\/05\\\/stell-2.jpg\",\"contentUrl\":\"https:\\\/\\\/autofans.com.ar\\\/wp-content\\\/uploads\\\/2025\\\/05\\\/stell-2.jpg\",\"width\":1000,\"height\":667,\"caption\":\"Stellantis\"},{\"@type\":\"BreadcrumbList\",\"@id\":\"https:\\\/\\\/autofans.com.ar\\\/index.php\\\/2025\\\/05\\\/28\\\/antonio-filosa-es-el-nuevo-ceo-de-stellantis\\\/#breadcrumb\",\"itemListElement\":[{\"@type\":\"ListItem\",\"position\":1,\"name\":\"Inicio\",\"item\":\"https:\\\/\\\/autofans.com.ar\\\/\"},{\"@type\":\"ListItem\",\"position\":2,\"name\":\"Antonio Filosa es el nuevo CEO de Stellantis\"}]},{\"@type\":\"WebSite\",\"@id\":\"https:\\\/\\\/autofans.com.ar\\\/#website\",\"url\":\"https:\\\/\\\/autofans.com.ar\\\/\",\"name\":\"\",\"description\":\"El multimedio referente de la industria automotriz\",\"potentialAction\":[{\"@type\":\"SearchAction\",\"target\":{\"@type\":\"EntryPoint\",\"urlTemplate\":\"https:\\\/\\\/autofans.com.ar\\\/?s={search_term_string}\"},\"query-input\":{\"@type\":\"PropertyValueSpecification\",\"valueRequired\":true,\"valueName\":\"search_term_string\"}}],\"inLanguage\":\"es\"},{\"@type\":\"Person\",\"@id\":\"https:\\\/\\\/autofans.com.ar\\\/#\\\/schema\\\/person\\\/4a8dda0b6df83ac3d6723e921274c2aa\",\"name\":\"Alejandro Gabriel Rosito\",\"image\":{\"@type\":\"ImageObject\",\"inLanguage\":\"es\",\"@id\":\"https:\\\/\\\/secure.gravatar.com\\\/avatar\\\/16c5dda1489adfc62618084dcbb91cffd879c374b13fe5dd8e44ed6733852c88?s=96&d=mm&r=g\",\"url\":\"https:\\\/\\\/secure.gravatar.com\\\/avatar\\\/16c5dda1489adfc62618084dcbb91cffd879c374b13fe5dd8e44ed6733852c88?s=96&d=mm&r=g\",\"contentUrl\":\"https:\\\/\\\/secure.gravatar.com\\\/avatar\\\/16c5dda1489adfc62618084dcbb91cffd879c374b13fe5dd8e44ed6733852c88?s=96&d=mm&r=g\",\"caption\":\"Alejandro Gabriel Rosito\"},\"url\":\"https:\\\/\\\/autofans.com.ar\\\/index.php\\\/author\\\/gabrielr\\\/\"}]}<\/script>\n<!-- \/ Yoast SEO plugin. -->","yoast_head_json":{"title":"Antonio Filosa es el nuevo CEO de Stellantis -","description":"El Consejo de Administraci\u00f3n de Stellantis seleccion\u00f3 por unanimidad a Antonio Filosa para asumir como CEO a partir del 23 de junio...","robots":{"index":"index","follow":"follow","max-snippet":"max-snippet:-1","max-image-preview":"max-image-preview:large","max-video-preview":"max-video-preview:-1"},"canonical":"https:\/\/autofans.com.ar\/index.php\/2025\/05\/28\/antonio-filosa-es-el-nuevo-ceo-de-stellantis\/","og_locale":"es_ES","og_type":"article","og_title":"Antonio Filosa es el nuevo CEO de Stellantis -","og_description":"El Consejo de Administraci\u00f3n de Stellantis seleccion\u00f3 por unanimidad a Antonio Filosa para asumir como CEO a partir del 23 de junio...","og_url":"https:\/\/autofans.com.ar\/index.php\/2025\/05\/28\/antonio-filosa-es-el-nuevo-ceo-de-stellantis\/","article_published_time":"2025-05-28T21:00:27+00:00","og_image":[{"width":1000,"height":667,"url":"https:\/\/autofans.com.ar\/wp-content\/uploads\/2025\/05\/stell-2.jpg","type":"image\/jpeg"}],"author":"Alejandro Gabriel Rosito","twitter_card":"summary_large_image","twitter_misc":{"Escrito por":"Alejandro Gabriel Rosito","Tiempo de lectura":"3 minutos"},"schema":{"@context":"https:\/\/schema.org","@graph":[{"@type":"Article","@id":"https:\/\/autofans.com.ar\/index.php\/2025\/05\/28\/antonio-filosa-es-el-nuevo-ceo-de-stellantis\/#article","isPartOf":{"@id":"https:\/\/autofans.com.ar\/index.php\/2025\/05\/28\/antonio-filosa-es-el-nuevo-ceo-de-stellantis\/"},"author":{"name":"Alejandro Gabriel Rosito","@id":"https:\/\/autofans.com.ar\/#\/schema\/person\/4a8dda0b6df83ac3d6723e921274c2aa"},"headline":"Antonio Filosa es el nuevo CEO de Stellantis","datePublished":"2025-05-28T21:00:27+00:00","mainEntityOfPage":{"@id":"https:\/\/autofans.com.ar\/index.php\/2025\/05\/28\/antonio-filosa-es-el-nuevo-ceo-de-stellantis\/"},"wordCount":311,"image":{"@id":"https:\/\/autofans.com.ar\/index.php\/2025\/05\/28\/antonio-filosa-es-el-nuevo-ceo-de-stellantis\/#primaryimage"},"thumbnailUrl":"https:\/\/autofans.com.ar\/wp-content\/uploads\/2025\/05\/stell-2.jpg","keywords":["Antonio Filosa","automotriz Argentina","CEO Stellantis","Fiat liderazgo","Industria Automotriz","Jeep Brasil","John Elkann","Stellantis"],"articleSection":["LANZAMIENTOS"],"inLanguage":"es"},{"@type":"WebPage","@id":"https:\/\/autofans.com.ar\/index.php\/2025\/05\/28\/antonio-filosa-es-el-nuevo-ceo-de-stellantis\/","url":"https:\/\/autofans.com.ar\/index.php\/2025\/05\/28\/antonio-filosa-es-el-nuevo-ceo-de-stellantis\/","name":"Antonio Filosa es el nuevo CEO de Stellantis -","isPartOf":{"@id":"https:\/\/autofans.com.ar\/#website"},"primaryImageOfPage":{"@id":"https:\/\/autofans.com.ar\/index.php\/2025\/05\/28\/antonio-filosa-es-el-nuevo-ceo-de-stellantis\/#primaryimage"},"image":{"@id":"https:\/\/autofans.com.ar\/index.php\/2025\/05\/28\/antonio-filosa-es-el-nuevo-ceo-de-stellantis\/#primaryimage"},"thumbnailUrl":"https:\/\/autofans.com.ar\/wp-content\/uploads\/2025\/05\/stell-2.jpg","datePublished":"2025-05-28T21:00:27+00:00","author":{"@id":"https:\/\/autofans.com.ar\/#\/schema\/person\/4a8dda0b6df83ac3d6723e921274c2aa"},"description":"El Consejo de Administraci\u00f3n de Stellantis seleccion\u00f3 por unanimidad a Antonio Filosa para asumir como CEO a partir del 23 de junio...","breadcrumb":{"@id":"https:\/\/autofans.com.ar\/index.php\/2025\/05\/28\/antonio-filosa-es-el-nuevo-ceo-de-stellantis\/#breadcrumb"},"inLanguage":"es","potentialAction":[{"@type":"ReadAction","target":["https:\/\/autofans.com.ar\/index.php\/2025\/05\/28\/antonio-filosa-es-el-nuevo-ceo-de-stellantis\/"]}]},{"@type":"ImageObject","inLanguage":"es","@id":"https:\/\/autofans.com.ar\/index.php\/2025\/05\/28\/antonio-filosa-es-el-nuevo-ceo-de-stellantis\/#primaryimage","url":"https:\/\/autofans.com.ar\/wp-content\/uploads\/2025\/05\/stell-2.jpg","contentUrl":"https:\/\/autofans.com.ar\/wp-content\/uploads\/2025\/05\/stell-2.jpg","width":1000,"height":667,"caption":"Stellantis"},{"@type":"BreadcrumbList","@id":"https:\/\/autofans.com.ar\/index.php\/2025\/05\/28\/antonio-filosa-es-el-nuevo-ceo-de-stellantis\/#breadcrumb","itemListElement":[{"@type":"ListItem","position":1,"name":"Inicio","item":"https:\/\/autofans.com.ar\/"},{"@type":"ListItem","position":2,"name":"Antonio Filosa es el nuevo CEO de Stellantis"}]},{"@type":"WebSite","@id":"https:\/\/autofans.com.ar\/#website","url":"https:\/\/autofans.com.ar\/","name":"","description":"El multimedio referente de la industria automotriz","potentialAction":[{"@type":"SearchAction","target":{"@type":"EntryPoint","urlTemplate":"https:\/\/autofans.com.ar\/?s={search_term_string}"},"query-input":{"@type":"PropertyValueSpecification","valueRequired":true,"valueName":"search_term_string"}}],"inLanguage":"es"},{"@type":"Person","@id":"https:\/\/autofans.com.ar\/#\/schema\/person\/4a8dda0b6df83ac3d6723e921274c2aa","name":"Alejandro Gabriel Rosito","image":{"@type":"ImageObject","inLanguage":"es","@id":"https:\/\/secure.gravatar.com\/avatar\/16c5dda1489adfc62618084dcbb91cffd879c374b13fe5dd8e44ed6733852c88?s=96&d=mm&r=g","url":"https:\/\/secure.gravatar.com\/avatar\/16c5dda1489adfc62618084dcbb91cffd879c374b13fe5dd8e44ed6733852c88?s=96&d=mm&r=g","contentUrl":"https:\/\/secure.gravatar.com\/avatar\/16c5dda1489adfc62618084dcbb91cffd879c374b13fe5dd8e44ed6733852c88?s=96&d=mm&r=g","caption":"Alejandro Gabriel Rosito"},"url":"https:\/\/autofans.com.ar\/index.php\/author\/gabrielr\/"}]}},"featured_image_urls":{"full":["https:\/\/autofans.com.ar\/wp-content\/uploads\/2025\/05\/stell-2.jpg",1000,667,false],"thumbnail":["https:\/\/autofans.com.ar\/wp-content\/uploads\/2025\/05\/stell-2-150x150.jpg",150,150,true],"medium":["https:\/\/autofans.com.ar\/wp-content\/uploads\/2025\/05\/stell-2-300x200.jpg",300,200,true],"medium_large":["https:\/\/autofans.com.ar\/wp-content\/uploads\/2025\/05\/stell-2-768x512.jpg",640,427,true],"large":["https:\/\/autofans.com.ar\/wp-content\/uploads\/2025\/05\/stell-2.jpg",640,427,false],"1536x1536":["https:\/\/autofans.com.ar\/wp-content\/uploads\/2025\/05\/stell-2.jpg",1000,667,false],"2048x2048":["https:\/\/autofans.com.ar\/wp-content\/uploads\/2025\/05\/stell-2.jpg",1000,667,false],"covernews-featured":["https:\/\/autofans.com.ar\/wp-content\/uploads\/2025\/05\/stell-2.jpg",1000,667,false],"covernews-medium":["https:\/\/autofans.com.ar\/wp-content\/uploads\/2025\/05\/stell-2-540x340.jpg",540,340,true]},"author_info":{"display_name":"Alejandro Gabriel Rosito","author_link":"https:\/\/autofans.com.ar\/index.php\/author\/gabrielr\/"},"category_info":"<a href=\"https:\/\/autofans.com.ar\/index.php\/category\/lanzamientos\/\" rel=\"category tag\">LANZAMIENTOS<\/a>","tag_info":"LANZAMIENTOS","comment_count":0,"_links":{"self":[{"href":"https:\/\/autofans.com.ar\/index.php\/wp-json\/wp\/v2\/posts\/12713","targetHints":{"allow":["GET"]}}],"collection":[{"href":"https:\/\/autofans.com.ar\/index.php\/wp-json\/wp\/v2\/posts"}],"about":[{"href":"https:\/\/autofans.com.ar\/index.php\/wp-json\/wp\/v2\/types\/post"}],"author":[{"embeddable":true,"href":"https:\/\/autofans.com.ar\/index.php\/wp-json\/wp\/v2\/users\/2"}],"replies":[{"embeddable":true,"href":"https:\/\/autofans.com.ar\/index.php\/wp-json\/wp\/v2\/comments?post=12713"}],"version-history":[{"count":1,"href":"https:\/\/autofans.com.ar\/index.php\/wp-json\/wp\/v2\/posts\/12713\/revisions"}],"predecessor-version":[{"id":12720,"href":"https:\/\/autofans.com.ar\/index.php\/wp-json\/wp\/v2\/posts\/12713\/revisions\/12720"}],"wp:featuredmedia":[{"embeddable":true,"href":"https:\/\/autofans.com.ar\/index.php\/wp-json\/wp\/v2\/media\/12717"}],"wp:attachment":[{"href":"https:\/\/autofans.com.ar\/index.php\/wp-json\/wp\/v2\/media?parent=12713"}],"wp:term":[{"taxonomy":"category","embeddable":true,"href":"https:\/\/autofans.com.ar\/index.php\/wp-json\/wp\/v2\/categories?post=12713"},{"taxonomy":"post_tag","embeddable":true,"href":"https:\/\/autofans.com.ar\/index.php\/wp-json\/wp\/v2\/tags?post=12713"}],"curies":[{"name":"wp","href":"https:\/\/api.w.org\/{rel}","templated":true}]}}