{"id":12754,"date":"2025-06-02T17:49:56","date_gmt":"2025-06-02T20:49:56","guid":{"rendered":"https:\/\/autofans.com.ar\/?p=12754"},"modified":"2025-06-02T17:49:56","modified_gmt":"2025-06-02T20:49:56","slug":"claves-para-elegir-el-camion-perfecto-guia-practica-de-mercedes-benz","status":"publish","type":"post","link":"https:\/\/autofans.com.ar\/index.php\/2025\/06\/02\/claves-para-elegir-el-camion-perfecto-guia-practica-de-mercedes-benz\/","title":{"rendered":"Claves para elegir el cami\u00f3n perfecto, gu\u00eda pr\u00e1ctica de Mercedes-Benz"},"content":{"rendered":"<p class=\"ds-markdown-paragraph\">Comprar un cami\u00f3n es una decisi\u00f3n clave para cualquier empresa. Mercedes-Benz Camiones y Buses, l\u00edder en el mercado argentino, comparte recomendaciones para seleccionar la mejor opci\u00f3n seg\u00fan las necesidades del negocio.<\/p>\n<p>&nbsp;<\/p>\n<h2>Definir el uso y la aplicaci\u00f3n<\/h2>\n<p class=\"ds-markdown-paragraph\">El primer paso es identificar qu\u00e9 tarea cumplir\u00e1 el cami\u00f3n: log\u00edstica urbana, transporte de larga distancia o carga pesada. La automotriz ofrece una gama adaptada al mercado local:<\/p>\n<ul>\n<li>\n<p class=\"ds-markdown-paragraph\">Actros 2045 LS\/36 y 2545 LS\/33: ideales para larga distancia.<\/p>\n<\/li>\n<li>\n<p class=\"ds-markdown-paragraph\">Atego 1721\/48 y 1732\/42: para transporte semipesado.<\/p>\n<\/li>\n<li>\n<p class=\"ds-markdown-paragraph\">Accelo 916\/39 y 1116\/39: m\u00e1xima agilidad en entornos urbanos.<\/p>\n<\/li>\n<\/ul>\n<p>&nbsp;<\/p>\n<hr \/>\n<div style=\"display: flex; justify-content: center; width: 100%;\">\n<div style=\"display: flex; align-items: center; justify-content: space-between; background: #f0f2f5; padding: 3px 92px; border-radius: 0px; box-shadow: 0 4px 10px rgba(0, 0, 0, 0.08); margin: 24px 0; max-width: 700px;\">\n<div style=\"flex: 1;\"><a style=\"font-size: 18px; color: #921414; font-weight: bold; text-decoration: underline;\" href=\"https:\/\/www.mercedes-benz-trucks.com.ar\/fichatecnica\/\" target=\"_blank\" rel=\"noopener noreferrer\"><br \/>\n\u2192 Ficha T\u00e9cnica Mercedes Benz<br \/>\n<\/a><a style=\"font-size: 18px; color: #007bff; font-weight: 1200; text-decoration: underline;\" href=\"https:\/\/autofans.com.ar\/wp-content\/uploads\/2025\/05\/ftmy26argo-681166d8eb8a6.pdf\" target=\"_blank\" rel=\"noopener\"><br \/>\n<\/a><\/div>\n<div style=\"margin-left: 46px;\"><img fetchpriority=\"high\" decoding=\"async\" class=\"alignright\" style=\"height: 20px; width: auto;\" src=\"https:\/\/autofans.com.ar\/wp-content\/uploads\/2023\/02\/Autofans_600x102_150px5.png\" alt=\"Logo Autofans\" width=\"1200\" height=\"137\" \/><\/div>\n<\/div>\n<\/div>\n<hr \/>\n<p>&nbsp;<\/p>\n<h2>Evaluar la eficiencia operativa<\/h2>\n<p class=\"ds-markdown-paragraph\">Reducir costos va m\u00e1s all\u00e1 del combustible. Herramientas como FleetBoard permiten monitorear el veh\u00edculo en tiempo real, optimizar rutas y planificar mantenimientos predictivos.<\/p>\n<p>&nbsp;<\/p>\n<p><img decoding=\"async\" class=\"aligncenter wp-image-12761 size-full\" src=\"https:\/\/autofans.com.ar\/wp-content\/uploads\/2025\/06\/mercedes-2.jpg\" alt=\"Mercedes-Benz\" width=\"1000\" height=\"667\" srcset=\"https:\/\/autofans.com.ar\/wp-content\/uploads\/2025\/06\/mercedes-2.jpg 1000w, https:\/\/autofans.com.ar\/wp-content\/uploads\/2025\/06\/mercedes-2-300x200.jpg 300w, https:\/\/autofans.com.ar\/wp-content\/uploads\/2025\/06\/mercedes-2-768x512.jpg 768w\" sizes=\"(max-width: 1000px) 100vw, 1000px\" \/><\/p>\n<p>&nbsp;<\/p>\n<h2>Mercedes-Benz &#8211; priorizar tecnolog\u00eda y seguridad<\/h2>\n<p class=\"ds-markdown-paragraph\">Sistemas como frenos ABS, control de estabilidad y cabinas ergon\u00f3micas mejoran la seguridad y la calidad del servicio.<\/p>\n<p>&nbsp;<\/p>\n<blockquote>\n<p style=\"text-align: center;\">\u201cNuestra propuesta va m\u00e1s all\u00e1 del producto: brindamos acompa\u00f1amiento profesional desde el primer contacto, con soluciones pensadas para maximizar la operaci\u00f3n y proyectar crecimiento\u201d, sostiene Guido Casaro, Gerente de Estrategia y Desarrollo de Red y Capacitaci\u00f3n. \u201cLa capacitaci\u00f3n con est\u00e1ndares globales, la profesionalizaci\u00f3n de nuestra red de concesionarios y herramientas digitales para la gesti\u00f3n de flotas en tiempo real nos permiten ofrecer un servicio de calidad internacional\u201d.<\/p>\n<\/blockquote>\n<p>&nbsp;<\/p>\n<h2>Analizar el costo total y financiamiento<\/h2>\n<p class=\"ds-markdown-paragraph\">El precio de compra es solo un factor. Evaluar mantenimiento, consumo y valor de reventa asegura una inversi\u00f3n sostenible. Mercedes-Benz Compa\u00f1\u00eda Financiera ofrece leasing, cr\u00e9ditos y planes de ahorro para adaptarse a cada negocio.<\/p>\n<p>&nbsp;<\/p>\n<p>&nbsp;<\/p>\n<p><img decoding=\"async\" class=\"aligncenter wp-image-12760 size-full\" src=\"https:\/\/autofans.com.ar\/wp-content\/uploads\/2025\/06\/mercedes-3.jpg\" alt=\"Mercedes-Benz\" width=\"1000\" height=\"667\" srcset=\"https:\/\/autofans.com.ar\/wp-content\/uploads\/2025\/06\/mercedes-3.jpg 1000w, https:\/\/autofans.com.ar\/wp-content\/uploads\/2025\/06\/mercedes-3-300x200.jpg 300w, https:\/\/autofans.com.ar\/wp-content\/uploads\/2025\/06\/mercedes-3-768x512.jpg 768w\" sizes=\"(max-width: 1000px) 100vw, 1000px\" \/><\/p>\n<p>&nbsp;<\/p>\n<h2>Contar con respaldo postventa<\/h2>\n<p class=\"ds-markdown-paragraph\">La continuidad operativa depende de un servicio t\u00e9cnico confiable. La automotriz garantiza soporte profesional y repuestos originales para extender la vida \u00fatil del veh\u00edculo.<\/p>\n<p>&nbsp;<\/p>\n<h2>Mercedes-Benz &#8211; asesoramiento experto<\/h2>\n<p class=\"ds-markdown-paragraph\">El Centro de <a href=\"https:\/\/autofans.com.ar\/index.php\/2025\/04\/01\/mercedes-benz-camiones-y-buses-certifica-su-centro-de-capacitacion\/\" target=\"_blank\" rel=\"noopener\">Capacitaci\u00f3n de Mercedes-Benz<\/a> (Panamericana km 35,5) brinda formaci\u00f3n bajo est\u00e1ndares globales, ayudando a tomar decisiones alineadas con las necesidades reales del negocio.<\/p>\n<p class=\"ds-markdown-paragraph\">Con soluciones 360\u00b0 y una red de servicio profesionalizada, se consolida como el aliado estrat\u00e9gico para el transporte en Argentina.<\/p>\n<p class=\"ds-markdown-paragraph\">M\u00e1s informaci\u00f3n: <a href=\"https:\/\/www.mercedes-benz-trucks.com.ar\/\" target=\"_blank\" rel=\"noopener noreferrer\">Mercedes-Benz Camiones<\/a><\/p>\n<p>&nbsp;<\/p>\n<p>&nbsp;<\/p>\n<p><i>Para enterarte de m\u00e1s novedades, no dejes de leer\u00a0<\/i><a href=\"https:\/\/autofans.thebrandsoup.com\/\"><i>nuestras notas<\/i><\/a><i>, de ver\u00a0<\/i><a href=\"https:\/\/www.youtube.com\/channel\/UCgAC8UGHZYbT6P7PpmVnP7g\"><i>AUTOFANS TV<\/i><\/a><i>\u00a0en nuestro\u00a0canal de Youtube. Adem\u00e1s seguinos en\u00a0<\/i><a href=\"https:\/\/www.instagram.com\/autofanstv\/\"><i>INSTAGRAM<\/i><\/a><i> y <\/i><a href=\"https:\/\/www.facebook.com\/autofansmas\/\"><i>FACEBOOK<\/i><\/a><i> para no perderte nada sobre las novedades del segmento automotor de Argentina y el mundo.<\/i><\/p>\n<p>&nbsp;<\/p>\n<h2>Evaluar la eficiencia operativa<\/h2>\n<p class=\"ds-markdown-paragraph\">Reducir costos va m\u00e1s all\u00e1 del combustible. Herramientas como FleetBoard permiten monitorear el veh\u00edculo en tiempo real, optimizar rutas y planificar mantenimientos predictivos.<\/p>\n<p>&nbsp;<\/p>\n<p><img decoding=\"async\" class=\"aligncenter wp-image-12761 size-full\" src=\"https:\/\/autofans.com.ar\/wp-content\/uploads\/2025\/06\/mercedes-2.jpg\" alt=\"Mercedes-Benz\" width=\"1000\" height=\"667\" srcset=\"https:\/\/autofans.com.ar\/wp-content\/uploads\/2025\/06\/mercedes-2.jpg 1000w, https:\/\/autofans.com.ar\/wp-content\/uploads\/2025\/06\/mercedes-2-300x200.jpg 300w, https:\/\/autofans.com.ar\/wp-content\/uploads\/2025\/06\/mercedes-2-768x512.jpg 768w\" sizes=\"(max-width: 1000px) 100vw, 1000px\" \/><\/p>\n<p>&nbsp;<\/p>\n<h2>Mercedes-Benz &#8211; priorizar tecnolog\u00eda y seguridad<\/h2>\n<p class=\"ds-markdown-paragraph\">Sistemas como frenos ABS, control de estabilidad y cabinas ergon\u00f3micas mejoran la seguridad y la calidad del servicio.<\/p>\n<p>&nbsp;<\/p>\n<blockquote>\n<p style=\"text-align: center;\">\u201cNuestra propuesta va m\u00e1s all\u00e1 del producto: brindamos acompa\u00f1amiento profesional desde el primer contacto, con soluciones pensadas para maximizar la operaci\u00f3n y proyectar crecimiento\u201d, sostiene Guido Casaro, Gerente de Estrategia y Desarrollo de Red y Capacitaci\u00f3n. \u201cLa capacitaci\u00f3n con est\u00e1ndares globales, la profesionalizaci\u00f3n de nuestra red de concesionarios y herramientas digitales para la gesti\u00f3n de flotas en tiempo real nos permiten ofrecer un servicio de calidad internacional\u201d.<\/p>\n<\/blockquote>\n<p>&nbsp;<\/p>\n<h2>Analizar el costo total y financiamiento<\/h2>\n<p class=\"ds-markdown-paragraph\">El precio de compra es solo un factor. Evaluar mantenimiento, consumo y valor de reventa asegura una inversi\u00f3n sostenible. Mercedes-Benz Compa\u00f1\u00eda Financiera ofrece leasing, cr\u00e9ditos y planes de ahorro para adaptarse a cada negocio.<\/p>\n<p>&nbsp;<\/p>\n<p>&nbsp;<\/p>\n<p><img decoding=\"async\" class=\"aligncenter wp-image-12760 size-full\" src=\"https:\/\/autofans.com.ar\/wp-content\/uploads\/2025\/06\/mercedes-3.jpg\" alt=\"Mercedes-Benz\" width=\"1000\" height=\"667\" srcset=\"https:\/\/autofans.com.ar\/wp-content\/uploads\/2025\/06\/mercedes-3.jpg 1000w, https:\/\/autofans.com.ar\/wp-content\/uploads\/2025\/06\/mercedes-3-300x200.jpg 300w, https:\/\/autofans.com.ar\/wp-content\/uploads\/2025\/06\/mercedes-3-768x512.jpg 768w\" sizes=\"(max-width: 1000px) 100vw, 1000px\" \/><\/p>\n<p>&nbsp;<\/p>\n<h2>Contar con respaldo postventa<\/h2>\n<p class=\"ds-markdown-paragraph\">La continuidad operativa depende de un servicio t\u00e9cnico confiable. La automotriz garantiza soporte profesional y repuestos originales para extender la vida \u00fatil del veh\u00edculo.<\/p>\n<p>&nbsp;<\/p>\n<h2>Mercedes-Benz &#8211; asesoramiento experto<\/h2>\n<p class=\"ds-markdown-paragraph\">El Centro de <a href=\"https:\/\/autofans.com.ar\/index.php\/2025\/04\/01\/mercedes-benz-camiones-y-buses-certifica-su-centro-de-capacitacion\/\" target=\"_blank\" rel=\"noopener\">Capacitaci\u00f3n de Mercedes-Benz<\/a> (Panamericana km 35,5) brinda formaci\u00f3n bajo est\u00e1ndares globales, ayudando a tomar decisiones alineadas con las necesidades reales del negocio.<\/p>\n<p class=\"ds-markdown-paragraph\">Con soluciones 360\u00b0 y una red de servicio profesionalizada, se consolida como el aliado estrat\u00e9gico para el transporte en Argentina.<\/p>\n<p class=\"ds-markdown-paragraph\">M\u00e1s informaci\u00f3n: <a href=\"https:\/\/www.mercedes-benz-trucks.com.ar\/\" target=\"_blank\" rel=\"noopener noreferrer\">Visita su sitio web<\/a><\/p>\n<p>&nbsp;<\/p>\n<p>&nbsp;<\/p>\n<p><i>Para enterarte de m\u00e1s novedades, no dejes de leer\u00a0<\/i><a href=\"https:\/\/autofans.thebrandsoup.com\/\"><i>nuestras notas<\/i><\/a><i>, de ver\u00a0<\/i><a href=\"https:\/\/www.youtube.com\/channel\/UCgAC8UGHZYbT6P7PpmVnP7g\"><i>AUTOFANS TV<\/i><\/a><i>\u00a0en nuestro\u00a0canal de Youtube. Adem\u00e1s seguinos en\u00a0<\/i><a href=\"https:\/\/www.instagram.com\/autofanstv\/\"><i>INSTAGRAM<\/i><\/a><i> y <\/i><a href=\"https:\/\/www.facebook.com\/autofansmas\/\"><i>FACEBOOK<\/i><\/a><i> para no perderte nada sobre las novedades del segmento automotor de Argentina y el mundo.<\/i><\/p>\n","protected":false},"excerpt":{"rendered":"<p>Comprar un cami\u00f3n es una decisi\u00f3n clave para cualquier empresa. Mercedes-Benz Camiones y Buses, l\u00edder&#8230;<\/p>\n","protected":false},"author":2,"featured_media":12759,"comment_status":"closed","ping_status":"closed","sticky":false,"template":"","format":"standard","meta":{"footnotes":""},"categories":[16,10],"tags":[216,2734,3535,3566,357,17,861,1295],"class_list":["post-12754","post","type-post","status-publish","format-standard","has-post-thumbnail","hentry","category-noticias","category-utilitarios-y-pesados-lanzamientos","tag-sostenibilidad","tag-arboles-nativos","tag-biodiversidad","tag-daimler-truck","tag-medio-ambiente","tag-mercedes-benz-argentina","tag-reforestacion","tag-responsabilidad-social-corporativa"],"yoast_head":"<!-- This site is optimized with the Yoast SEO plugin v27.5 - https:\/\/yoast.com\/product\/yoast-seo-wordpress\/ -->\n<title>Claves para elegir el cami\u00f3n perfecto, gu\u00eda pr\u00e1ctica de Mercedes-Benz -<\/title>\n<meta name=\"description\" content=\"Comprar un cami\u00f3n es una decisi\u00f3n clave para cualquier empresa. Mercedes-Benz Camiones y Buses, l\u00edder en el mercado argentino...\" \/>\n<meta name=\"robots\" content=\"index, follow, max-snippet:-1, max-image-preview:large, max-video-preview:-1\" \/>\n<link rel=\"canonical\" href=\"https:\/\/autofans.com.ar\/index.php\/2025\/06\/02\/claves-para-elegir-el-camion-perfecto-guia-practica-de-mercedes-benz\/\" \/>\n<meta property=\"og:locale\" content=\"es_ES\" \/>\n<meta property=\"og:type\" content=\"article\" \/>\n<meta property=\"og:title\" content=\"Claves para elegir el cami\u00f3n perfecto, gu\u00eda pr\u00e1ctica de Mercedes-Benz -\" \/>\n<meta property=\"og:description\" content=\"Comprar un cami\u00f3n es una decisi\u00f3n clave para cualquier empresa. Mercedes-Benz Camiones y Buses, l\u00edder en el mercado argentino...\" \/>\n<meta property=\"og:url\" content=\"https:\/\/autofans.com.ar\/index.php\/2025\/06\/02\/claves-para-elegir-el-camion-perfecto-guia-practica-de-mercedes-benz\/\" \/>\n<meta property=\"article:published_time\" content=\"2025-06-02T20:49:56+00:00\" \/>\n<meta property=\"og:image\" content=\"https:\/\/autofans.com.ar\/wp-content\/uploads\/2025\/06\/mercedes-4.jpg\" \/>\n\t<meta property=\"og:image:width\" content=\"1000\" \/>\n\t<meta property=\"og:image:height\" content=\"667\" \/>\n\t<meta property=\"og:image:type\" content=\"image\/jpeg\" \/>\n<meta name=\"author\" content=\"Alejandro Gabriel Rosito\" \/>\n<meta name=\"twitter:card\" content=\"summary_large_image\" \/>\n<meta name=\"twitter:label1\" content=\"Escrito por\" \/>\n\t<meta name=\"twitter:data1\" content=\"Alejandro Gabriel Rosito\" \/>\n\t<meta name=\"twitter:label2\" content=\"Tiempo de lectura\" \/>\n\t<meta name=\"twitter:data2\" content=\"4 minutos\" \/>\n<script type=\"application\/ld+json\" class=\"yoast-schema-graph\">{\"@context\":\"https:\\\/\\\/schema.org\",\"@graph\":[{\"@type\":\"Article\",\"@id\":\"https:\\\/\\\/autofans.com.ar\\\/index.php\\\/2025\\\/06\\\/02\\\/claves-para-elegir-el-camion-perfecto-guia-practica-de-mercedes-benz\\\/#article\",\"isPartOf\":{\"@id\":\"https:\\\/\\\/autofans.com.ar\\\/index.php\\\/2025\\\/06\\\/02\\\/claves-para-elegir-el-camion-perfecto-guia-practica-de-mercedes-benz\\\/\"},\"author\":{\"name\":\"Alejandro Gabriel Rosito\",\"@id\":\"https:\\\/\\\/autofans.com.ar\\\/#\\\/schema\\\/person\\\/4a8dda0b6df83ac3d6723e921274c2aa\"},\"headline\":\"Claves para elegir el cami\u00f3n perfecto, gu\u00eda pr\u00e1ctica de Mercedes-Benz\",\"datePublished\":\"2025-06-02T20:49:56+00:00\",\"mainEntityOfPage\":{\"@id\":\"https:\\\/\\\/autofans.com.ar\\\/index.php\\\/2025\\\/06\\\/02\\\/claves-para-elegir-el-camion-perfecto-guia-practica-de-mercedes-benz\\\/\"},\"wordCount\":744,\"image\":{\"@id\":\"https:\\\/\\\/autofans.com.ar\\\/index.php\\\/2025\\\/06\\\/02\\\/claves-para-elegir-el-camion-perfecto-guia-practica-de-mercedes-benz\\\/#primaryimage\"},\"thumbnailUrl\":\"https:\\\/\\\/autofans.com.ar\\\/wp-content\\\/uploads\\\/2025\\\/06\\\/mercedes-4.jpg\",\"keywords\":[\"#sostenibilidad\",\"\u00c1rboles nativos\",\"Biodiversidad\",\"Daimler Truck\",\"medio ambiente\",\"Mercedes Benz Argentina\",\"reforestaci\u00f3n\",\"responsabilidad social corporativa\"],\"articleSection\":[\"NOTICIAS\",\"Pick Ups, Utilitarios y Pesados\"],\"inLanguage\":\"es\"},{\"@type\":\"WebPage\",\"@id\":\"https:\\\/\\\/autofans.com.ar\\\/index.php\\\/2025\\\/06\\\/02\\\/claves-para-elegir-el-camion-perfecto-guia-practica-de-mercedes-benz\\\/\",\"url\":\"https:\\\/\\\/autofans.com.ar\\\/index.php\\\/2025\\\/06\\\/02\\\/claves-para-elegir-el-camion-perfecto-guia-practica-de-mercedes-benz\\\/\",\"name\":\"Claves para elegir el cami\u00f3n perfecto, gu\u00eda pr\u00e1ctica de Mercedes-Benz -\",\"isPartOf\":{\"@id\":\"https:\\\/\\\/autofans.com.ar\\\/#website\"},\"primaryImageOfPage\":{\"@id\":\"https:\\\/\\\/autofans.com.ar\\\/index.php\\\/2025\\\/06\\\/02\\\/claves-para-elegir-el-camion-perfecto-guia-practica-de-mercedes-benz\\\/#primaryimage\"},\"image\":{\"@id\":\"https:\\\/\\\/autofans.com.ar\\\/index.php\\\/2025\\\/06\\\/02\\\/claves-para-elegir-el-camion-perfecto-guia-practica-de-mercedes-benz\\\/#primaryimage\"},\"thumbnailUrl\":\"https:\\\/\\\/autofans.com.ar\\\/wp-content\\\/uploads\\\/2025\\\/06\\\/mercedes-4.jpg\",\"datePublished\":\"2025-06-02T20:49:56+00:00\",\"author\":{\"@id\":\"https:\\\/\\\/autofans.com.ar\\\/#\\\/schema\\\/person\\\/4a8dda0b6df83ac3d6723e921274c2aa\"},\"description\":\"Comprar un cami\u00f3n es una decisi\u00f3n clave para cualquier empresa. Mercedes-Benz Camiones y Buses, l\u00edder en el mercado argentino...\",\"breadcrumb\":{\"@id\":\"https:\\\/\\\/autofans.com.ar\\\/index.php\\\/2025\\\/06\\\/02\\\/claves-para-elegir-el-camion-perfecto-guia-practica-de-mercedes-benz\\\/#breadcrumb\"},\"inLanguage\":\"es\",\"potentialAction\":[{\"@type\":\"ReadAction\",\"target\":[\"https:\\\/\\\/autofans.com.ar\\\/index.php\\\/2025\\\/06\\\/02\\\/claves-para-elegir-el-camion-perfecto-guia-practica-de-mercedes-benz\\\/\"]}]},{\"@type\":\"ImageObject\",\"inLanguage\":\"es\",\"@id\":\"https:\\\/\\\/autofans.com.ar\\\/index.php\\\/2025\\\/06\\\/02\\\/claves-para-elegir-el-camion-perfecto-guia-practica-de-mercedes-benz\\\/#primaryimage\",\"url\":\"https:\\\/\\\/autofans.com.ar\\\/wp-content\\\/uploads\\\/2025\\\/06\\\/mercedes-4.jpg\",\"contentUrl\":\"https:\\\/\\\/autofans.com.ar\\\/wp-content\\\/uploads\\\/2025\\\/06\\\/mercedes-4.jpg\",\"width\":1000,\"height\":667,\"caption\":\"Mercedes-Benz\"},{\"@type\":\"BreadcrumbList\",\"@id\":\"https:\\\/\\\/autofans.com.ar\\\/index.php\\\/2025\\\/06\\\/02\\\/claves-para-elegir-el-camion-perfecto-guia-practica-de-mercedes-benz\\\/#breadcrumb\",\"itemListElement\":[{\"@type\":\"ListItem\",\"position\":1,\"name\":\"Inicio\",\"item\":\"https:\\\/\\\/autofans.com.ar\\\/\"},{\"@type\":\"ListItem\",\"position\":2,\"name\":\"Claves para elegir el cami\u00f3n perfecto, gu\u00eda pr\u00e1ctica de Mercedes-Benz\"}]},{\"@type\":\"WebSite\",\"@id\":\"https:\\\/\\\/autofans.com.ar\\\/#website\",\"url\":\"https:\\\/\\\/autofans.com.ar\\\/\",\"name\":\"\",\"description\":\"El multimedio referente de la industria automotriz\",\"potentialAction\":[{\"@type\":\"SearchAction\",\"target\":{\"@type\":\"EntryPoint\",\"urlTemplate\":\"https:\\\/\\\/autofans.com.ar\\\/?s={search_term_string}\"},\"query-input\":{\"@type\":\"PropertyValueSpecification\",\"valueRequired\":true,\"valueName\":\"search_term_string\"}}],\"inLanguage\":\"es\"},{\"@type\":\"Person\",\"@id\":\"https:\\\/\\\/autofans.com.ar\\\/#\\\/schema\\\/person\\\/4a8dda0b6df83ac3d6723e921274c2aa\",\"name\":\"Alejandro Gabriel Rosito\",\"image\":{\"@type\":\"ImageObject\",\"inLanguage\":\"es\",\"@id\":\"https:\\\/\\\/secure.gravatar.com\\\/avatar\\\/16c5dda1489adfc62618084dcbb91cffd879c374b13fe5dd8e44ed6733852c88?s=96&d=mm&r=g\",\"url\":\"https:\\\/\\\/secure.gravatar.com\\\/avatar\\\/16c5dda1489adfc62618084dcbb91cffd879c374b13fe5dd8e44ed6733852c88?s=96&d=mm&r=g\",\"contentUrl\":\"https:\\\/\\\/secure.gravatar.com\\\/avatar\\\/16c5dda1489adfc62618084dcbb91cffd879c374b13fe5dd8e44ed6733852c88?s=96&d=mm&r=g\",\"caption\":\"Alejandro Gabriel Rosito\"},\"url\":\"https:\\\/\\\/autofans.com.ar\\\/index.php\\\/author\\\/gabrielr\\\/\"}]}<\/script>\n<!-- \/ Yoast SEO plugin. -->","yoast_head_json":{"title":"Claves para elegir el cami\u00f3n perfecto, gu\u00eda pr\u00e1ctica de Mercedes-Benz -","description":"Comprar un cami\u00f3n es una decisi\u00f3n clave para cualquier empresa. Mercedes-Benz Camiones y Buses, l\u00edder en el mercado argentino...","robots":{"index":"index","follow":"follow","max-snippet":"max-snippet:-1","max-image-preview":"max-image-preview:large","max-video-preview":"max-video-preview:-1"},"canonical":"https:\/\/autofans.com.ar\/index.php\/2025\/06\/02\/claves-para-elegir-el-camion-perfecto-guia-practica-de-mercedes-benz\/","og_locale":"es_ES","og_type":"article","og_title":"Claves para elegir el cami\u00f3n perfecto, gu\u00eda pr\u00e1ctica de Mercedes-Benz -","og_description":"Comprar un cami\u00f3n es una decisi\u00f3n clave para cualquier empresa. Mercedes-Benz Camiones y Buses, l\u00edder en el mercado argentino...","og_url":"https:\/\/autofans.com.ar\/index.php\/2025\/06\/02\/claves-para-elegir-el-camion-perfecto-guia-practica-de-mercedes-benz\/","article_published_time":"2025-06-02T20:49:56+00:00","og_image":[{"width":1000,"height":667,"url":"https:\/\/autofans.com.ar\/wp-content\/uploads\/2025\/06\/mercedes-4.jpg","type":"image\/jpeg"}],"author":"Alejandro Gabriel Rosito","twitter_card":"summary_large_image","twitter_misc":{"Escrito por":"Alejandro Gabriel Rosito","Tiempo de lectura":"4 minutos"},"schema":{"@context":"https:\/\/schema.org","@graph":[{"@type":"Article","@id":"https:\/\/autofans.com.ar\/index.php\/2025\/06\/02\/claves-para-elegir-el-camion-perfecto-guia-practica-de-mercedes-benz\/#article","isPartOf":{"@id":"https:\/\/autofans.com.ar\/index.php\/2025\/06\/02\/claves-para-elegir-el-camion-perfecto-guia-practica-de-mercedes-benz\/"},"author":{"name":"Alejandro Gabriel Rosito","@id":"https:\/\/autofans.com.ar\/#\/schema\/person\/4a8dda0b6df83ac3d6723e921274c2aa"},"headline":"Claves para elegir el cami\u00f3n perfecto, gu\u00eda pr\u00e1ctica de Mercedes-Benz","datePublished":"2025-06-02T20:49:56+00:00","mainEntityOfPage":{"@id":"https:\/\/autofans.com.ar\/index.php\/2025\/06\/02\/claves-para-elegir-el-camion-perfecto-guia-practica-de-mercedes-benz\/"},"wordCount":744,"image":{"@id":"https:\/\/autofans.com.ar\/index.php\/2025\/06\/02\/claves-para-elegir-el-camion-perfecto-guia-practica-de-mercedes-benz\/#primaryimage"},"thumbnailUrl":"https:\/\/autofans.com.ar\/wp-content\/uploads\/2025\/06\/mercedes-4.jpg","keywords":["#sostenibilidad","\u00c1rboles nativos","Biodiversidad","Daimler Truck","medio ambiente","Mercedes Benz Argentina","reforestaci\u00f3n","responsabilidad social corporativa"],"articleSection":["NOTICIAS","Pick Ups, Utilitarios y Pesados"],"inLanguage":"es"},{"@type":"WebPage","@id":"https:\/\/autofans.com.ar\/index.php\/2025\/06\/02\/claves-para-elegir-el-camion-perfecto-guia-practica-de-mercedes-benz\/","url":"https:\/\/autofans.com.ar\/index.php\/2025\/06\/02\/claves-para-elegir-el-camion-perfecto-guia-practica-de-mercedes-benz\/","name":"Claves para elegir el cami\u00f3n perfecto, gu\u00eda pr\u00e1ctica de Mercedes-Benz -","isPartOf":{"@id":"https:\/\/autofans.com.ar\/#website"},"primaryImageOfPage":{"@id":"https:\/\/autofans.com.ar\/index.php\/2025\/06\/02\/claves-para-elegir-el-camion-perfecto-guia-practica-de-mercedes-benz\/#primaryimage"},"image":{"@id":"https:\/\/autofans.com.ar\/index.php\/2025\/06\/02\/claves-para-elegir-el-camion-perfecto-guia-practica-de-mercedes-benz\/#primaryimage"},"thumbnailUrl":"https:\/\/autofans.com.ar\/wp-content\/uploads\/2025\/06\/mercedes-4.jpg","datePublished":"2025-06-02T20:49:56+00:00","author":{"@id":"https:\/\/autofans.com.ar\/#\/schema\/person\/4a8dda0b6df83ac3d6723e921274c2aa"},"description":"Comprar un cami\u00f3n es una decisi\u00f3n clave para cualquier empresa. Mercedes-Benz Camiones y Buses, l\u00edder en el mercado argentino...","breadcrumb":{"@id":"https:\/\/autofans.com.ar\/index.php\/2025\/06\/02\/claves-para-elegir-el-camion-perfecto-guia-practica-de-mercedes-benz\/#breadcrumb"},"inLanguage":"es","potentialAction":[{"@type":"ReadAction","target":["https:\/\/autofans.com.ar\/index.php\/2025\/06\/02\/claves-para-elegir-el-camion-perfecto-guia-practica-de-mercedes-benz\/"]}]},{"@type":"ImageObject","inLanguage":"es","@id":"https:\/\/autofans.com.ar\/index.php\/2025\/06\/02\/claves-para-elegir-el-camion-perfecto-guia-practica-de-mercedes-benz\/#primaryimage","url":"https:\/\/autofans.com.ar\/wp-content\/uploads\/2025\/06\/mercedes-4.jpg","contentUrl":"https:\/\/autofans.com.ar\/wp-content\/uploads\/2025\/06\/mercedes-4.jpg","width":1000,"height":667,"caption":"Mercedes-Benz"},{"@type":"BreadcrumbList","@id":"https:\/\/autofans.com.ar\/index.php\/2025\/06\/02\/claves-para-elegir-el-camion-perfecto-guia-practica-de-mercedes-benz\/#breadcrumb","itemListElement":[{"@type":"ListItem","position":1,"name":"Inicio","item":"https:\/\/autofans.com.ar\/"},{"@type":"ListItem","position":2,"name":"Claves para elegir el cami\u00f3n perfecto, gu\u00eda pr\u00e1ctica de Mercedes-Benz"}]},{"@type":"WebSite","@id":"https:\/\/autofans.com.ar\/#website","url":"https:\/\/autofans.com.ar\/","name":"","description":"El multimedio referente de la industria automotriz","potentialAction":[{"@type":"SearchAction","target":{"@type":"EntryPoint","urlTemplate":"https:\/\/autofans.com.ar\/?s={search_term_string}"},"query-input":{"@type":"PropertyValueSpecification","valueRequired":true,"valueName":"search_term_string"}}],"inLanguage":"es"},{"@type":"Person","@id":"https:\/\/autofans.com.ar\/#\/schema\/person\/4a8dda0b6df83ac3d6723e921274c2aa","name":"Alejandro Gabriel Rosito","image":{"@type":"ImageObject","inLanguage":"es","@id":"https:\/\/secure.gravatar.com\/avatar\/16c5dda1489adfc62618084dcbb91cffd879c374b13fe5dd8e44ed6733852c88?s=96&d=mm&r=g","url":"https:\/\/secure.gravatar.com\/avatar\/16c5dda1489adfc62618084dcbb91cffd879c374b13fe5dd8e44ed6733852c88?s=96&d=mm&r=g","contentUrl":"https:\/\/secure.gravatar.com\/avatar\/16c5dda1489adfc62618084dcbb91cffd879c374b13fe5dd8e44ed6733852c88?s=96&d=mm&r=g","caption":"Alejandro Gabriel Rosito"},"url":"https:\/\/autofans.com.ar\/index.php\/author\/gabrielr\/"}]}},"featured_image_urls":{"full":["https:\/\/autofans.com.ar\/wp-content\/uploads\/2025\/06\/mercedes-4.jpg",1000,667,false],"thumbnail":["https:\/\/autofans.com.ar\/wp-content\/uploads\/2025\/06\/mercedes-4-150x150.jpg",150,150,true],"medium":["https:\/\/autofans.com.ar\/wp-content\/uploads\/2025\/06\/mercedes-4-300x200.jpg",300,200,true],"medium_large":["https:\/\/autofans.com.ar\/wp-content\/uploads\/2025\/06\/mercedes-4-768x512.jpg",640,427,true],"large":["https:\/\/autofans.com.ar\/wp-content\/uploads\/2025\/06\/mercedes-4.jpg",640,427,false],"1536x1536":["https:\/\/autofans.com.ar\/wp-content\/uploads\/2025\/06\/mercedes-4.jpg",1000,667,false],"2048x2048":["https:\/\/autofans.com.ar\/wp-content\/uploads\/2025\/06\/mercedes-4.jpg",1000,667,false],"covernews-featured":["https:\/\/autofans.com.ar\/wp-content\/uploads\/2025\/06\/mercedes-4.jpg",1000,667,false],"covernews-medium":["https:\/\/autofans.com.ar\/wp-content\/uploads\/2025\/06\/mercedes-4-540x340.jpg",540,340,true]},"author_info":{"display_name":"Alejandro Gabriel Rosito","author_link":"https:\/\/autofans.com.ar\/index.php\/author\/gabrielr\/"},"category_info":"<a href=\"https:\/\/autofans.com.ar\/index.php\/category\/noticias\/\" rel=\"category tag\">NOTICIAS<\/a> <a href=\"https:\/\/autofans.com.ar\/index.php\/category\/lanzamientos\/utilitarios-y-pesados-lanzamientos\/\" rel=\"category tag\">Pick Ups, Utilitarios y Pesados<\/a>","tag_info":"Pick Ups, Utilitarios y Pesados","comment_count":0,"_links":{"self":[{"href":"https:\/\/autofans.com.ar\/index.php\/wp-json\/wp\/v2\/posts\/12754","targetHints":{"allow":["GET"]}}],"collection":[{"href":"https:\/\/autofans.com.ar\/index.php\/wp-json\/wp\/v2\/posts"}],"about":[{"href":"https:\/\/autofans.com.ar\/index.php\/wp-json\/wp\/v2\/types\/post"}],"author":[{"embeddable":true,"href":"https:\/\/autofans.com.ar\/index.php\/wp-json\/wp\/v2\/users\/2"}],"replies":[{"embeddable":true,"href":"https:\/\/autofans.com.ar\/index.php\/wp-json\/wp\/v2\/comments?post=12754"}],"version-history":[{"count":6,"href":"https:\/\/autofans.com.ar\/index.php\/wp-json\/wp\/v2\/posts\/12754\/revisions"}],"predecessor-version":[{"id":12765,"href":"https:\/\/autofans.com.ar\/index.php\/wp-json\/wp\/v2\/posts\/12754\/revisions\/12765"}],"wp:featuredmedia":[{"embeddable":true,"href":"https:\/\/autofans.com.ar\/index.php\/wp-json\/wp\/v2\/media\/12759"}],"wp:attachment":[{"href":"https:\/\/autofans.com.ar\/index.php\/wp-json\/wp\/v2\/media?parent=12754"}],"wp:term":[{"taxonomy":"category","embeddable":true,"href":"https:\/\/autofans.com.ar\/index.php\/wp-json\/wp\/v2\/categories?post=12754"},{"taxonomy":"post_tag","embeddable":true,"href":"https:\/\/autofans.com.ar\/index.php\/wp-json\/wp\/v2\/tags?post=12754"}],"curies":[{"name":"wp","href":"https:\/\/api.w.org\/{rel}","templated":true}]}}