{"id":12777,"date":"2025-06-03T18:23:19","date_gmt":"2025-06-03T21:23:19","guid":{"rendered":"https:\/\/autofans.com.ar\/?p=12777"},"modified":"2025-06-03T18:24:41","modified_gmt":"2025-06-03T21:24:41","slug":"bmw-presento-el-m2-coupe-en-la-galeria-de-arte-maman","status":"publish","type":"post","link":"https:\/\/autofans.com.ar\/index.php\/2025\/06\/03\/bmw-presento-el-m2-coupe-en-la-galeria-de-arte-maman\/","title":{"rendered":"BMW presento el M2 Coup\u00e9 en la galer\u00eda de arte MAMAN"},"content":{"rendered":"<p class=\"ds-markdown-paragraph\">La nueva generaci\u00f3n del BMW M2 ya est\u00e1 en Argentina, combinando alto rendimiento y elegancia. Presentado en la galer\u00eda MAMAN de Recoleta, este deportivo se exhibe junto a obras de artistas ic\u00f3nicos como Quinquela Mart\u00edn y Xul Solar.<\/p>\n<p>&nbsp;<\/p>\n<h2 class=\"ds-markdown-paragraph\">Motorizaci\u00f3n y performance<\/h2>\n<p>&nbsp;<\/p>\n<div id='gallery-1' class='gallery galleryid-12777 gallery-columns-2 gallery-size-full'><figure class='gallery-item'>\n\t\t\t<div class='gallery-icon landscape'>\n\t\t\t\t<a href='https:\/\/autofans.com.ar\/index.php\/2025\/06\/03\/bmw-presento-el-m2-coupe-en-la-galeria-de-arte-maman\/bmw-1-25\/'><img loading=\"lazy\" width=\"1000\" height=\"667\" src=\"https:\/\/autofans.com.ar\/wp-content\/uploads\/2025\/06\/bmw-1.jpg\" class=\"attachment-full size-full\" alt=\"BMW M2\" srcset=\"https:\/\/autofans.com.ar\/wp-content\/uploads\/2025\/06\/bmw-1.jpg 1000w, https:\/\/autofans.com.ar\/wp-content\/uploads\/2025\/06\/bmw-1-300x200.jpg 300w, https:\/\/autofans.com.ar\/wp-content\/uploads\/2025\/06\/bmw-1-768x512.jpg 768w\" sizes=\"auto, (max-width: 1000px) 100vw, 1000px\" loading=\"lazy\" decoding=\"async\" \/><\/a>\n\t\t\t<\/div><\/figure><figure class='gallery-item'>\n\t\t\t<div class='gallery-icon landscape'>\n\t\t\t\t<a href='https:\/\/autofans.com.ar\/index.php\/2025\/06\/03\/bmw-presento-el-m2-coupe-en-la-galeria-de-arte-maman\/bmw-2-25\/'><img loading=\"lazy\" width=\"1000\" height=\"667\" src=\"https:\/\/autofans.com.ar\/wp-content\/uploads\/2025\/06\/bmw-2.jpg\" class=\"attachment-full size-full\" alt=\"BMW M2\" srcset=\"https:\/\/autofans.com.ar\/wp-content\/uploads\/2025\/06\/bmw-2.jpg 1000w, https:\/\/autofans.com.ar\/wp-content\/uploads\/2025\/06\/bmw-2-300x200.jpg 300w, https:\/\/autofans.com.ar\/wp-content\/uploads\/2025\/06\/bmw-2-768x512.jpg 768w\" sizes=\"auto, (max-width: 1000px) 100vw, 1000px\" loading=\"lazy\" decoding=\"async\" \/><\/a>\n\t\t\t<\/div><\/figure>\n\t\t<\/div>\n\n<p>&nbsp;<\/p>\n<ul>\n<li style=\"list-style-type: none;\">\n<ul>\n<li>\n<p class=\"ds-markdown-paragraph\">Motor TwinPower Turbo 3.0L (6 cilindros en l\u00ednea)<\/p>\n<\/li>\n<li>\n<p class=\"ds-markdown-paragraph\">480 CV (+20 CV vs. generaci\u00f3n anterior) y 600 Nm de torque<\/p>\n<\/li>\n<li>\n<p class=\"ds-markdown-paragraph\">Aceleraci\u00f3n 0-100 km\/h en 4 segundos<\/p>\n<\/li>\n<li>\n<p class=\"ds-markdown-paragraph\">Transmisi\u00f3n Steptronic 8 velocidades con levas al volante<\/p>\n<\/li>\n<li>\n<p class=\"ds-markdown-paragraph\">Diferencial M Sport, suspensi\u00f3n adaptativa y techo de carbono<\/p>\n<\/li>\n<\/ul>\n<\/li>\n<\/ul>\n<hr \/>\n<div style=\"display: flex; justify-content: center; width: 100%;\">\n<div style=\"display: flex; align-items: center; justify-content: space-between; background: #f0f2f5; padding: 3px 92px; border-radius: 0px; box-shadow: 0 4px 10px rgba(0, 0, 0, 0.08); margin: 24px 0; max-width: 700px;\">\n<div style=\"flex: 1;\"><a style=\"font-size: 18px; color: #921414; font-weight: bold; text-decoration: underline;\" href=\"https:\/\/autofans.com.ar\/wp-content\/uploads\/2025\/06\/Ficha_tecnica_BMW_M2.pdf\" target=\"_blank\" rel=\"noopener\"><br \/>\n\u2192 Ficha T\u00e9cnica BMW M2<br \/>\n<\/a><a style=\"font-size: 18px; color: #007bff; font-weight: 1200; text-decoration: underline;\" href=\"https:\/\/autofans.com.ar\/wp-content\/uploads\/2025\/05\/ftmy26argo-681166d8eb8a6.pdf\" target=\"_blank\" rel=\"noopener\"><br \/>\n<\/a><\/div>\n<div style=\"margin-left: 46px;\"><img fetchpriority=\"high\" decoding=\"async\" class=\"alignright\" style=\"height: 20px; width: auto;\" src=\"https:\/\/autofans.com.ar\/wp-content\/uploads\/2023\/02\/Autofans_600x102_150px5.png\" alt=\"Logo Autofans\" width=\"1200\" height=\"137\" \/><\/div>\n<\/div>\n<\/div>\n<hr \/>\n<p>&nbsp;<\/p>\n<h2 class=\"ds-markdown-paragraph\"><strong>BMW M2 &#8211; dise\u00f1o impactante y tecnolog\u00eda de punta<\/strong><\/h2>\n<p>&nbsp;<\/p>\n<div id='gallery-2' class='gallery galleryid-12777 gallery-columns-2 gallery-size-full'><figure class='gallery-item'>\n\t\t\t<div class='gallery-icon landscape'>\n\t\t\t\t<a href='https:\/\/autofans.com.ar\/index.php\/2025\/06\/03\/bmw-presento-el-m2-coupe-en-la-galeria-de-arte-maman\/bmw-4-21\/'><img loading=\"lazy\" width=\"1000\" height=\"667\" src=\"https:\/\/autofans.com.ar\/wp-content\/uploads\/2025\/06\/bmw-4.jpg\" class=\"attachment-full size-full\" alt=\"BMW M2\" srcset=\"https:\/\/autofans.com.ar\/wp-content\/uploads\/2025\/06\/bmw-4.jpg 1000w, https:\/\/autofans.com.ar\/wp-content\/uploads\/2025\/06\/bmw-4-300x200.jpg 300w, https:\/\/autofans.com.ar\/wp-content\/uploads\/2025\/06\/bmw-4-768x512.jpg 768w\" sizes=\"auto, (max-width: 1000px) 100vw, 1000px\" loading=\"lazy\" decoding=\"async\" \/><\/a>\n\t\t\t<\/div><\/figure><figure class='gallery-item'>\n\t\t\t<div class='gallery-icon landscape'>\n\t\t\t\t<a href='https:\/\/autofans.com.ar\/index.php\/2025\/06\/03\/bmw-presento-el-m2-coupe-en-la-galeria-de-arte-maman\/bmw-5-19\/'><img loading=\"lazy\" width=\"1000\" height=\"667\" src=\"https:\/\/autofans.com.ar\/wp-content\/uploads\/2025\/06\/bmw-5.jpg\" class=\"attachment-full size-full\" alt=\"BMW M2\" srcset=\"https:\/\/autofans.com.ar\/wp-content\/uploads\/2025\/06\/bmw-5.jpg 1000w, https:\/\/autofans.com.ar\/wp-content\/uploads\/2025\/06\/bmw-5-300x200.jpg 300w, https:\/\/autofans.com.ar\/wp-content\/uploads\/2025\/06\/bmw-5-768x512.jpg 768w\" sizes=\"auto, (max-width: 1000px) 100vw, 1000px\" loading=\"lazy\" decoding=\"async\" \/><\/a>\n\t\t\t<\/div><\/figure>\n\t\t<\/div>\n\n<p>&nbsp;<\/p>\n<ul>\n<li style=\"list-style-type: none;\">\n<ul>\n<li style=\"list-style-type: none;\">\n<ul>\n<li>\n<p class=\"ds-markdown-paragraph\">Azul Zandvoort, llantas de 19&#8243; (del.) y 20&#8243; (tras.)<\/p>\n<\/li>\n<li>\n<p class=\"ds-markdown-paragraph\">Faros LED inspirados en el cl\u00e1sico BMW 02<\/p>\n<\/li>\n<li>\n<p class=\"ds-markdown-paragraph\">Interior con volante M en alc\u00e1ntara, butacas deportivas en carbono y pantallas curvas (12.3&#8243; + 14.9&#8243;)<\/p>\n<\/li>\n<li>\n<p class=\"ds-markdown-paragraph\">Equipamiento premium: Harman Kardon, carga inal\u00e1mbrica y cuero Merino<\/p>\n<\/li>\n<\/ul>\n<\/li>\n<\/ul>\n<\/li>\n<\/ul>\n<p>&nbsp;<\/p>\n<h2>BMW M2 &#8211; un lanzamiento con sello premium<\/h2>\n<p class=\"ds-markdown-paragraph\">El evento de presentaci\u00f3n reuni\u00f3 a clientes VIP y ejecutivos de BMW en Av. del Libertador. Seg\u00fan Ivana Dip (CEO de BMW Group Argentina), el M2 refuerza la presencia de la divisi\u00f3n M en el pa\u00eds. Leandro Larregina (Gerente de Ventas) destac\u00f3 su demanda global y su potencial en el mercado local.<\/p>\n<p>&nbsp;<\/p>\n<p><img decoding=\"async\" class=\"aligncenter wp-image-12782 size-full\" src=\"https:\/\/autofans.com.ar\/wp-content\/uploads\/2025\/06\/bmw-3.jpg\" alt=\"BMW M2\" width=\"1000\" height=\"667\" srcset=\"https:\/\/autofans.com.ar\/wp-content\/uploads\/2025\/06\/bmw-3.jpg 1000w, https:\/\/autofans.com.ar\/wp-content\/uploads\/2025\/06\/bmw-3-300x200.jpg 300w, https:\/\/autofans.com.ar\/wp-content\/uploads\/2025\/06\/bmw-3-768x512.jpg 768w\" sizes=\"(max-width: 1000px) 100vw, 1000px\" \/><\/p>\n<p>&nbsp;<\/p>\n<h4 class=\"ds-markdown-paragraph\">Precio y garant\u00eda:<\/h4>\n<ul>\n<li style=\"list-style-type: none;\">\n<ul>\n<li style=\"list-style-type: none;\">\n<ul>\n<li>\n<p class=\"ds-markdown-paragraph\">USD 139.900 en concesionarios oficiales<\/p>\n<\/li>\n<li>\n<p class=\"ds-markdown-paragraph\">Garant\u00eda de 3 a\u00f1os o 200.000 km<\/p>\n<\/li>\n<\/ul>\n<\/li>\n<\/ul>\n<\/li>\n<\/ul>\n<p>&nbsp;<\/p>\n<p>&nbsp;<\/p>\n<p><center><iframe title=\"Lanzamiento BMW X2 #shorts #bmw\" width=\"640\" height=\"360\" src=\"https:\/\/www.youtube.com\/embed\/SgsiBO3R3QY?feature=oembed\" frameborder=\"0\" allow=\"accelerometer; autoplay; clipboard-write; encrypted-media; gyroscope; picture-in-picture; web-share\" referrerpolicy=\"strict-origin-when-cross-origin\" allowfullscreen><\/iframe><\/p>\n<p><\/center>&nbsp;<\/p>\n<p>&nbsp;<\/p>\n<p>&nbsp;<\/p>\n<p>&nbsp;<\/p>\n<p><i>Para enterarte de m\u00e1s novedades, no dejes de leer\u00a0<\/i><a href=\"https:\/\/autofans.thebrandsoup.com\/\"><i>nuestras notas<\/i><\/a><i>, de ver\u00a0<\/i><a href=\"https:\/\/www.youtube.com\/channel\/UCgAC8UGHZYbT6P7PpmVnP7g\"><i>AUTOFANS TV<\/i><\/a><i>\u00a0en nuestro\u00a0canal de Youtube. Adem\u00e1s seguinos en\u00a0<\/i><a href=\"https:\/\/www.instagram.com\/autofanstv\/\"><i>INSTAGRAM<\/i><\/a><i> y <\/i><a href=\"https:\/\/www.facebook.com\/autofansmas\/\"><i>FACEBOOK<\/i><\/a><i> para no perderte nada sobre las novedades del segmento automotor de Argentina y el mundo.<\/i><\/p>\n","protected":false},"excerpt":{"rendered":"<p>La nueva generaci\u00f3n del BMW M2 ya est\u00e1 en Argentina, combinando alto rendimiento y elegancia&#8230;.<\/p>\n","protected":false},"author":2,"featured_media":12779,"comment_status":"closed","ping_status":"closed","sticky":false,"template":"","format":"standard","meta":{"footnotes":""},"categories":[8,1],"tags":[6813,6812,2740,4993,6811,6814,719],"class_list":["post-12777","post","type-post","status-publish","format-standard","has-post-thumbnail","hentry","category-autos-y-suv","category-lanzamientos","tag-autos-de-lujo-2025","tag-bmw-m-potencia","tag-bmw-m2","tag-coupe-deportivo","tag-lanzamiento-autos-argentina","tag-motor-twinpower-turbo","tag-tecnologia-automotriz"],"yoast_head":"<!-- This site is optimized with the Yoast SEO plugin v27.5 - https:\/\/yoast.com\/product\/yoast-seo-wordpress\/ -->\n<title>BMW presento el M2 Coup\u00e9 en la galer\u00eda de arte MAMAN -<\/title>\n<meta name=\"description\" content=\"La nueva generaci\u00f3n del BMW M2 ya est\u00e1 en Argentina, combinando alto rendimiento y elegancia. Presentado en la galer\u00eda MAMAN de Recoleta.\" \/>\n<meta name=\"robots\" content=\"index, follow, max-snippet:-1, max-image-preview:large, max-video-preview:-1\" \/>\n<link rel=\"canonical\" href=\"https:\/\/autofans.com.ar\/index.php\/2025\/06\/03\/bmw-presento-el-m2-coupe-en-la-galeria-de-arte-maman\/\" \/>\n<meta property=\"og:locale\" content=\"es_ES\" \/>\n<meta property=\"og:type\" content=\"article\" \/>\n<meta property=\"og:title\" content=\"BMW presento el M2 Coup\u00e9 en la galer\u00eda de arte MAMAN -\" \/>\n<meta property=\"og:description\" content=\"La nueva generaci\u00f3n del BMW M2 ya est\u00e1 en Argentina, combinando alto rendimiento y elegancia. Presentado en la galer\u00eda MAMAN de Recoleta.\" \/>\n<meta property=\"og:url\" content=\"https:\/\/autofans.com.ar\/index.php\/2025\/06\/03\/bmw-presento-el-m2-coupe-en-la-galeria-de-arte-maman\/\" \/>\n<meta property=\"article:published_time\" content=\"2025-06-03T21:23:19+00:00\" \/>\n<meta property=\"article:modified_time\" content=\"2025-06-03T21:24:41+00:00\" \/>\n<meta property=\"og:image\" content=\"https:\/\/autofans.com.ar\/wp-content\/uploads\/2025\/06\/bmw-6.jpg\" \/>\n\t<meta property=\"og:image:width\" content=\"1000\" \/>\n\t<meta property=\"og:image:height\" content=\"667\" \/>\n\t<meta property=\"og:image:type\" content=\"image\/jpeg\" \/>\n<meta name=\"author\" content=\"Alejandro Gabriel Rosito\" \/>\n<meta name=\"twitter:card\" content=\"summary_large_image\" \/>\n<meta name=\"twitter:label1\" content=\"Escrito por\" \/>\n\t<meta name=\"twitter:data1\" content=\"Alejandro Gabriel Rosito\" \/>\n\t<meta name=\"twitter:label2\" content=\"Tiempo de lectura\" \/>\n\t<meta name=\"twitter:data2\" content=\"2 minutos\" \/>\n<script type=\"application\/ld+json\" class=\"yoast-schema-graph\">{\"@context\":\"https:\\\/\\\/schema.org\",\"@graph\":[{\"@type\":\"Article\",\"@id\":\"https:\\\/\\\/autofans.com.ar\\\/index.php\\\/2025\\\/06\\\/03\\\/bmw-presento-el-m2-coupe-en-la-galeria-de-arte-maman\\\/#article\",\"isPartOf\":{\"@id\":\"https:\\\/\\\/autofans.com.ar\\\/index.php\\\/2025\\\/06\\\/03\\\/bmw-presento-el-m2-coupe-en-la-galeria-de-arte-maman\\\/\"},\"author\":{\"name\":\"Alejandro Gabriel Rosito\",\"@id\":\"https:\\\/\\\/autofans.com.ar\\\/#\\\/schema\\\/person\\\/4a8dda0b6df83ac3d6723e921274c2aa\"},\"headline\":\"BMW presento el M2 Coup\u00e9 en la galer\u00eda de arte MAMAN\",\"datePublished\":\"2025-06-03T21:23:19+00:00\",\"dateModified\":\"2025-06-03T21:24:41+00:00\",\"mainEntityOfPage\":{\"@id\":\"https:\\\/\\\/autofans.com.ar\\\/index.php\\\/2025\\\/06\\\/03\\\/bmw-presento-el-m2-coupe-en-la-galeria-de-arte-maman\\\/\"},\"wordCount\":313,\"image\":{\"@id\":\"https:\\\/\\\/autofans.com.ar\\\/index.php\\\/2025\\\/06\\\/03\\\/bmw-presento-el-m2-coupe-en-la-galeria-de-arte-maman\\\/#primaryimage\"},\"thumbnailUrl\":\"https:\\\/\\\/autofans.com.ar\\\/wp-content\\\/uploads\\\/2025\\\/06\\\/bmw-6.jpg\",\"keywords\":[\"autos de lujo 2025\",\"BMW M potencia\",\"BMW M2\",\"coup\u00e9 deportivo\",\"lanzamiento autos Argentina\",\"motor TwinPower Turbo\",\"Tecnolog\u00eda automotriz\"],\"articleSection\":[\"Autos y SUV\",\"LANZAMIENTOS\"],\"inLanguage\":\"es\"},{\"@type\":\"WebPage\",\"@id\":\"https:\\\/\\\/autofans.com.ar\\\/index.php\\\/2025\\\/06\\\/03\\\/bmw-presento-el-m2-coupe-en-la-galeria-de-arte-maman\\\/\",\"url\":\"https:\\\/\\\/autofans.com.ar\\\/index.php\\\/2025\\\/06\\\/03\\\/bmw-presento-el-m2-coupe-en-la-galeria-de-arte-maman\\\/\",\"name\":\"BMW presento el M2 Coup\u00e9 en la galer\u00eda de arte MAMAN -\",\"isPartOf\":{\"@id\":\"https:\\\/\\\/autofans.com.ar\\\/#website\"},\"primaryImageOfPage\":{\"@id\":\"https:\\\/\\\/autofans.com.ar\\\/index.php\\\/2025\\\/06\\\/03\\\/bmw-presento-el-m2-coupe-en-la-galeria-de-arte-maman\\\/#primaryimage\"},\"image\":{\"@id\":\"https:\\\/\\\/autofans.com.ar\\\/index.php\\\/2025\\\/06\\\/03\\\/bmw-presento-el-m2-coupe-en-la-galeria-de-arte-maman\\\/#primaryimage\"},\"thumbnailUrl\":\"https:\\\/\\\/autofans.com.ar\\\/wp-content\\\/uploads\\\/2025\\\/06\\\/bmw-6.jpg\",\"datePublished\":\"2025-06-03T21:23:19+00:00\",\"dateModified\":\"2025-06-03T21:24:41+00:00\",\"author\":{\"@id\":\"https:\\\/\\\/autofans.com.ar\\\/#\\\/schema\\\/person\\\/4a8dda0b6df83ac3d6723e921274c2aa\"},\"description\":\"La nueva generaci\u00f3n del BMW M2 ya est\u00e1 en Argentina, combinando alto rendimiento y elegancia. Presentado en la galer\u00eda MAMAN de Recoleta.\",\"breadcrumb\":{\"@id\":\"https:\\\/\\\/autofans.com.ar\\\/index.php\\\/2025\\\/06\\\/03\\\/bmw-presento-el-m2-coupe-en-la-galeria-de-arte-maman\\\/#breadcrumb\"},\"inLanguage\":\"es\",\"potentialAction\":[{\"@type\":\"ReadAction\",\"target\":[\"https:\\\/\\\/autofans.com.ar\\\/index.php\\\/2025\\\/06\\\/03\\\/bmw-presento-el-m2-coupe-en-la-galeria-de-arte-maman\\\/\"]}]},{\"@type\":\"ImageObject\",\"inLanguage\":\"es\",\"@id\":\"https:\\\/\\\/autofans.com.ar\\\/index.php\\\/2025\\\/06\\\/03\\\/bmw-presento-el-m2-coupe-en-la-galeria-de-arte-maman\\\/#primaryimage\",\"url\":\"https:\\\/\\\/autofans.com.ar\\\/wp-content\\\/uploads\\\/2025\\\/06\\\/bmw-6.jpg\",\"contentUrl\":\"https:\\\/\\\/autofans.com.ar\\\/wp-content\\\/uploads\\\/2025\\\/06\\\/bmw-6.jpg\",\"width\":1000,\"height\":667,\"caption\":\"BMW M2\"},{\"@type\":\"BreadcrumbList\",\"@id\":\"https:\\\/\\\/autofans.com.ar\\\/index.php\\\/2025\\\/06\\\/03\\\/bmw-presento-el-m2-coupe-en-la-galeria-de-arte-maman\\\/#breadcrumb\",\"itemListElement\":[{\"@type\":\"ListItem\",\"position\":1,\"name\":\"Inicio\",\"item\":\"https:\\\/\\\/autofans.com.ar\\\/\"},{\"@type\":\"ListItem\",\"position\":2,\"name\":\"BMW presento el M2 Coup\u00e9 en la galer\u00eda de arte MAMAN\"}]},{\"@type\":\"WebSite\",\"@id\":\"https:\\\/\\\/autofans.com.ar\\\/#website\",\"url\":\"https:\\\/\\\/autofans.com.ar\\\/\",\"name\":\"\",\"description\":\"El multimedio referente de la industria automotriz\",\"potentialAction\":[{\"@type\":\"SearchAction\",\"target\":{\"@type\":\"EntryPoint\",\"urlTemplate\":\"https:\\\/\\\/autofans.com.ar\\\/?s={search_term_string}\"},\"query-input\":{\"@type\":\"PropertyValueSpecification\",\"valueRequired\":true,\"valueName\":\"search_term_string\"}}],\"inLanguage\":\"es\"},{\"@type\":\"Person\",\"@id\":\"https:\\\/\\\/autofans.com.ar\\\/#\\\/schema\\\/person\\\/4a8dda0b6df83ac3d6723e921274c2aa\",\"name\":\"Alejandro Gabriel Rosito\",\"image\":{\"@type\":\"ImageObject\",\"inLanguage\":\"es\",\"@id\":\"https:\\\/\\\/secure.gravatar.com\\\/avatar\\\/16c5dda1489adfc62618084dcbb91cffd879c374b13fe5dd8e44ed6733852c88?s=96&d=mm&r=g\",\"url\":\"https:\\\/\\\/secure.gravatar.com\\\/avatar\\\/16c5dda1489adfc62618084dcbb91cffd879c374b13fe5dd8e44ed6733852c88?s=96&d=mm&r=g\",\"contentUrl\":\"https:\\\/\\\/secure.gravatar.com\\\/avatar\\\/16c5dda1489adfc62618084dcbb91cffd879c374b13fe5dd8e44ed6733852c88?s=96&d=mm&r=g\",\"caption\":\"Alejandro Gabriel Rosito\"},\"url\":\"https:\\\/\\\/autofans.com.ar\\\/index.php\\\/author\\\/gabrielr\\\/\"}]}<\/script>\n<!-- \/ Yoast SEO plugin. -->","yoast_head_json":{"title":"BMW presento el M2 Coup\u00e9 en la galer\u00eda de arte MAMAN -","description":"La nueva generaci\u00f3n del BMW M2 ya est\u00e1 en Argentina, combinando alto rendimiento y elegancia. Presentado en la galer\u00eda MAMAN de Recoleta.","robots":{"index":"index","follow":"follow","max-snippet":"max-snippet:-1","max-image-preview":"max-image-preview:large","max-video-preview":"max-video-preview:-1"},"canonical":"https:\/\/autofans.com.ar\/index.php\/2025\/06\/03\/bmw-presento-el-m2-coupe-en-la-galeria-de-arte-maman\/","og_locale":"es_ES","og_type":"article","og_title":"BMW presento el M2 Coup\u00e9 en la galer\u00eda de arte MAMAN -","og_description":"La nueva generaci\u00f3n del BMW M2 ya est\u00e1 en Argentina, combinando alto rendimiento y elegancia. Presentado en la galer\u00eda MAMAN de Recoleta.","og_url":"https:\/\/autofans.com.ar\/index.php\/2025\/06\/03\/bmw-presento-el-m2-coupe-en-la-galeria-de-arte-maman\/","article_published_time":"2025-06-03T21:23:19+00:00","article_modified_time":"2025-06-03T21:24:41+00:00","og_image":[{"width":1000,"height":667,"url":"https:\/\/autofans.com.ar\/wp-content\/uploads\/2025\/06\/bmw-6.jpg","type":"image\/jpeg"}],"author":"Alejandro Gabriel Rosito","twitter_card":"summary_large_image","twitter_misc":{"Escrito por":"Alejandro Gabriel Rosito","Tiempo de lectura":"2 minutos"},"schema":{"@context":"https:\/\/schema.org","@graph":[{"@type":"Article","@id":"https:\/\/autofans.com.ar\/index.php\/2025\/06\/03\/bmw-presento-el-m2-coupe-en-la-galeria-de-arte-maman\/#article","isPartOf":{"@id":"https:\/\/autofans.com.ar\/index.php\/2025\/06\/03\/bmw-presento-el-m2-coupe-en-la-galeria-de-arte-maman\/"},"author":{"name":"Alejandro Gabriel Rosito","@id":"https:\/\/autofans.com.ar\/#\/schema\/person\/4a8dda0b6df83ac3d6723e921274c2aa"},"headline":"BMW presento el M2 Coup\u00e9 en la galer\u00eda de arte MAMAN","datePublished":"2025-06-03T21:23:19+00:00","dateModified":"2025-06-03T21:24:41+00:00","mainEntityOfPage":{"@id":"https:\/\/autofans.com.ar\/index.php\/2025\/06\/03\/bmw-presento-el-m2-coupe-en-la-galeria-de-arte-maman\/"},"wordCount":313,"image":{"@id":"https:\/\/autofans.com.ar\/index.php\/2025\/06\/03\/bmw-presento-el-m2-coupe-en-la-galeria-de-arte-maman\/#primaryimage"},"thumbnailUrl":"https:\/\/autofans.com.ar\/wp-content\/uploads\/2025\/06\/bmw-6.jpg","keywords":["autos de lujo 2025","BMW M potencia","BMW M2","coup\u00e9 deportivo","lanzamiento autos Argentina","motor TwinPower Turbo","Tecnolog\u00eda automotriz"],"articleSection":["Autos y SUV","LANZAMIENTOS"],"inLanguage":"es"},{"@type":"WebPage","@id":"https:\/\/autofans.com.ar\/index.php\/2025\/06\/03\/bmw-presento-el-m2-coupe-en-la-galeria-de-arte-maman\/","url":"https:\/\/autofans.com.ar\/index.php\/2025\/06\/03\/bmw-presento-el-m2-coupe-en-la-galeria-de-arte-maman\/","name":"BMW presento el M2 Coup\u00e9 en la galer\u00eda de arte MAMAN -","isPartOf":{"@id":"https:\/\/autofans.com.ar\/#website"},"primaryImageOfPage":{"@id":"https:\/\/autofans.com.ar\/index.php\/2025\/06\/03\/bmw-presento-el-m2-coupe-en-la-galeria-de-arte-maman\/#primaryimage"},"image":{"@id":"https:\/\/autofans.com.ar\/index.php\/2025\/06\/03\/bmw-presento-el-m2-coupe-en-la-galeria-de-arte-maman\/#primaryimage"},"thumbnailUrl":"https:\/\/autofans.com.ar\/wp-content\/uploads\/2025\/06\/bmw-6.jpg","datePublished":"2025-06-03T21:23:19+00:00","dateModified":"2025-06-03T21:24:41+00:00","author":{"@id":"https:\/\/autofans.com.ar\/#\/schema\/person\/4a8dda0b6df83ac3d6723e921274c2aa"},"description":"La nueva generaci\u00f3n del BMW M2 ya est\u00e1 en Argentina, combinando alto rendimiento y elegancia. Presentado en la galer\u00eda MAMAN de Recoleta.","breadcrumb":{"@id":"https:\/\/autofans.com.ar\/index.php\/2025\/06\/03\/bmw-presento-el-m2-coupe-en-la-galeria-de-arte-maman\/#breadcrumb"},"inLanguage":"es","potentialAction":[{"@type":"ReadAction","target":["https:\/\/autofans.com.ar\/index.php\/2025\/06\/03\/bmw-presento-el-m2-coupe-en-la-galeria-de-arte-maman\/"]}]},{"@type":"ImageObject","inLanguage":"es","@id":"https:\/\/autofans.com.ar\/index.php\/2025\/06\/03\/bmw-presento-el-m2-coupe-en-la-galeria-de-arte-maman\/#primaryimage","url":"https:\/\/autofans.com.ar\/wp-content\/uploads\/2025\/06\/bmw-6.jpg","contentUrl":"https:\/\/autofans.com.ar\/wp-content\/uploads\/2025\/06\/bmw-6.jpg","width":1000,"height":667,"caption":"BMW M2"},{"@type":"BreadcrumbList","@id":"https:\/\/autofans.com.ar\/index.php\/2025\/06\/03\/bmw-presento-el-m2-coupe-en-la-galeria-de-arte-maman\/#breadcrumb","itemListElement":[{"@type":"ListItem","position":1,"name":"Inicio","item":"https:\/\/autofans.com.ar\/"},{"@type":"ListItem","position":2,"name":"BMW presento el M2 Coup\u00e9 en la galer\u00eda de arte MAMAN"}]},{"@type":"WebSite","@id":"https:\/\/autofans.com.ar\/#website","url":"https:\/\/autofans.com.ar\/","name":"","description":"El multimedio referente de la industria automotriz","potentialAction":[{"@type":"SearchAction","target":{"@type":"EntryPoint","urlTemplate":"https:\/\/autofans.com.ar\/?s={search_term_string}"},"query-input":{"@type":"PropertyValueSpecification","valueRequired":true,"valueName":"search_term_string"}}],"inLanguage":"es"},{"@type":"Person","@id":"https:\/\/autofans.com.ar\/#\/schema\/person\/4a8dda0b6df83ac3d6723e921274c2aa","name":"Alejandro Gabriel Rosito","image":{"@type":"ImageObject","inLanguage":"es","@id":"https:\/\/secure.gravatar.com\/avatar\/16c5dda1489adfc62618084dcbb91cffd879c374b13fe5dd8e44ed6733852c88?s=96&d=mm&r=g","url":"https:\/\/secure.gravatar.com\/avatar\/16c5dda1489adfc62618084dcbb91cffd879c374b13fe5dd8e44ed6733852c88?s=96&d=mm&r=g","contentUrl":"https:\/\/secure.gravatar.com\/avatar\/16c5dda1489adfc62618084dcbb91cffd879c374b13fe5dd8e44ed6733852c88?s=96&d=mm&r=g","caption":"Alejandro Gabriel Rosito"},"url":"https:\/\/autofans.com.ar\/index.php\/author\/gabrielr\/"}]}},"featured_image_urls":{"full":["https:\/\/autofans.com.ar\/wp-content\/uploads\/2025\/06\/bmw-6.jpg",1000,667,false],"thumbnail":["https:\/\/autofans.com.ar\/wp-content\/uploads\/2025\/06\/bmw-6-150x150.jpg",150,150,true],"medium":["https:\/\/autofans.com.ar\/wp-content\/uploads\/2025\/06\/bmw-6-300x200.jpg",300,200,true],"medium_large":["https:\/\/autofans.com.ar\/wp-content\/uploads\/2025\/06\/bmw-6-768x512.jpg",640,427,true],"large":["https:\/\/autofans.com.ar\/wp-content\/uploads\/2025\/06\/bmw-6.jpg",640,427,false],"1536x1536":["https:\/\/autofans.com.ar\/wp-content\/uploads\/2025\/06\/bmw-6.jpg",1000,667,false],"2048x2048":["https:\/\/autofans.com.ar\/wp-content\/uploads\/2025\/06\/bmw-6.jpg",1000,667,false],"covernews-featured":["https:\/\/autofans.com.ar\/wp-content\/uploads\/2025\/06\/bmw-6.jpg",1000,667,false],"covernews-medium":["https:\/\/autofans.com.ar\/wp-content\/uploads\/2025\/06\/bmw-6-540x340.jpg",540,340,true]},"author_info":{"display_name":"Alejandro Gabriel Rosito","author_link":"https:\/\/autofans.com.ar\/index.php\/author\/gabrielr\/"},"category_info":"<a href=\"https:\/\/autofans.com.ar\/index.php\/category\/lanzamientos\/autos-y-suv\/\" rel=\"category tag\">Autos y SUV<\/a> <a href=\"https:\/\/autofans.com.ar\/index.php\/category\/lanzamientos\/\" rel=\"category tag\">LANZAMIENTOS<\/a>","tag_info":"LANZAMIENTOS","comment_count":0,"_links":{"self":[{"href":"https:\/\/autofans.com.ar\/index.php\/wp-json\/wp\/v2\/posts\/12777","targetHints":{"allow":["GET"]}}],"collection":[{"href":"https:\/\/autofans.com.ar\/index.php\/wp-json\/wp\/v2\/posts"}],"about":[{"href":"https:\/\/autofans.com.ar\/index.php\/wp-json\/wp\/v2\/types\/post"}],"author":[{"embeddable":true,"href":"https:\/\/autofans.com.ar\/index.php\/wp-json\/wp\/v2\/users\/2"}],"replies":[{"embeddable":true,"href":"https:\/\/autofans.com.ar\/index.php\/wp-json\/wp\/v2\/comments?post=12777"}],"version-history":[{"count":10,"href":"https:\/\/autofans.com.ar\/index.php\/wp-json\/wp\/v2\/posts\/12777\/revisions"}],"predecessor-version":[{"id":12795,"href":"https:\/\/autofans.com.ar\/index.php\/wp-json\/wp\/v2\/posts\/12777\/revisions\/12795"}],"wp:featuredmedia":[{"embeddable":true,"href":"https:\/\/autofans.com.ar\/index.php\/wp-json\/wp\/v2\/media\/12779"}],"wp:attachment":[{"href":"https:\/\/autofans.com.ar\/index.php\/wp-json\/wp\/v2\/media?parent=12777"}],"wp:term":[{"taxonomy":"category","embeddable":true,"href":"https:\/\/autofans.com.ar\/index.php\/wp-json\/wp\/v2\/categories?post=12777"},{"taxonomy":"post_tag","embeddable":true,"href":"https:\/\/autofans.com.ar\/index.php\/wp-json\/wp\/v2\/tags?post=12777"}],"curies":[{"name":"wp","href":"https:\/\/api.w.org\/{rel}","templated":true}]}}