{"id":12796,"date":"2025-06-03T19:46:17","date_gmt":"2025-06-03T22:46:17","guid":{"rendered":"https:\/\/autofans.com.ar\/?p=12796"},"modified":"2025-06-03T19:46:17","modified_gmt":"2025-06-03T22:46:17","slug":"compass-y-commander-blackhawk-las-suv-premium-de-jeep","status":"publish","type":"post","link":"https:\/\/autofans.com.ar\/index.php\/2025\/06\/03\/compass-y-commander-blackhawk-las-suv-premium-de-jeep\/","title":{"rendered":"Compass y Commander Blackhawk las SUV premium de Jeep"},"content":{"rendered":"<p class=\"ds-markdown-paragraph\">Jeep present\u00f3 las versiones Blackhawk para sus modelos Compass y Commander 2025, destacando un equilibrio entre performance y dise\u00f1o agresivo. Ambas variantes incorporan el nuevo motor Hurricane4 2.0 turbo, que entrega 272 CV y 400 Nm de torque, garantizando un rendimiento superior en cualquier terreno.<\/p>\n<p>&nbsp;<\/p>\n<h2>Jeep Compass Blackhawk &#8211; deportividad y tecnolog\u00eda<\/h2>\n<p>&nbsp;<\/p>\n<h4 class=\"ds-markdown-paragraph\">El Compass Blackhawk refuerza su perfil deportivo con:<\/h4>\n<ul>\n<li>\n<p class=\"ds-markdown-paragraph\">Exterior: Parrilla y llantas negras brillantes, pinzas de freno rojas, escape cromado y techo bitono.<\/p>\n<\/li>\n<li>\n<p class=\"ds-markdown-paragraph\">Interior: Asientos en cuero y alc\u00e1ntara con bordado <em>Blackhawk<\/em>, techo negro y sistema de sonido Beats (8 parlantes + subwoofer).<\/p>\n<\/li>\n<li>\n<p class=\"ds-markdown-paragraph\">Performance: Acelera de 0 a 100 km\/h en 6,3 segundos y alcanza 228 km\/h. Incluye tracci\u00f3n 4x4y sistema Jeep Selec-Terrain\u00ae para distintos terrenos.<\/p>\n<\/li>\n<\/ul>\n<div id='gallery-1' class='gallery galleryid-12796 gallery-columns-2 gallery-size-full'><figure class='gallery-item'>\n\t\t\t<div class='gallery-icon landscape'>\n\t\t\t\t<a href='https:\/\/autofans.com.ar\/index.php\/2025\/06\/03\/compass-y-commander-blackhawk-las-suv-premium-de-jeep\/jeepcompas-2\/'><img loading=\"lazy\" width=\"1000\" height=\"667\" src=\"https:\/\/autofans.com.ar\/wp-content\/uploads\/2025\/06\/jeepcompas-2.jpg\" class=\"attachment-full size-full\" alt=\"Jeep Compass\" srcset=\"https:\/\/autofans.com.ar\/wp-content\/uploads\/2025\/06\/jeepcompas-2.jpg 1000w, https:\/\/autofans.com.ar\/wp-content\/uploads\/2025\/06\/jeepcompas-2-300x200.jpg 300w, https:\/\/autofans.com.ar\/wp-content\/uploads\/2025\/06\/jeepcompas-2-768x512.jpg 768w\" sizes=\"auto, (max-width: 1000px) 100vw, 1000px\" loading=\"lazy\" decoding=\"async\" \/><\/a>\n\t\t\t<\/div><\/figure><figure class='gallery-item'>\n\t\t\t<div class='gallery-icon landscape'>\n\t\t\t\t<a href='https:\/\/autofans.com.ar\/index.php\/2025\/06\/03\/compass-y-commander-blackhawk-las-suv-premium-de-jeep\/jeepcompas-1\/'><img loading=\"lazy\" width=\"1000\" height=\"667\" src=\"https:\/\/autofans.com.ar\/wp-content\/uploads\/2025\/06\/jeepcompas-1.jpg\" class=\"attachment-full size-full\" alt=\"Jeep Compass\" srcset=\"https:\/\/autofans.com.ar\/wp-content\/uploads\/2025\/06\/jeepcompas-1.jpg 1000w, https:\/\/autofans.com.ar\/wp-content\/uploads\/2025\/06\/jeepcompas-1-300x200.jpg 300w, https:\/\/autofans.com.ar\/wp-content\/uploads\/2025\/06\/jeepcompas-1-768x512.jpg 768w\" sizes=\"auto, (max-width: 1000px) 100vw, 1000px\" loading=\"lazy\" decoding=\"async\" \/><\/a>\n\t\t\t<\/div><\/figure>\n\t\t<\/div>\n\n<p>&nbsp;<\/p>\n<h4>Equipamiento destacado<\/h4>\n<ul>\n<li>\n<p class=\"ds-markdown-paragraph\">Seguridad: 7 airbags, control crucero adaptativo, detector de fatiga y frenado autom\u00e1tico.<\/p>\n<\/li>\n<li>\n<p class=\"ds-markdown-paragraph\">Tecnolog\u00eda: Pantalla con datos de torque, potencia y fuerza G, adem\u00e1s de apertura de ba\u00fal sin manos.<\/p>\n<\/li>\n<\/ul>\n<hr \/>\n<div style=\"display: flex; justify-content: center; width: 100%;\">\n<div style=\"display: flex; align-items: center; justify-content: space-between; background: #f0f2f5; padding: 3px 92px; border-radius: 0px; box-shadow: 0 4px 10px rgba(0, 0, 0, 0.08); margin: 24px 0; max-width: 700px;\">\n<div style=\"flex: 1;\"><a style=\"font-size: 18px; color: #921414; font-weight: bold; text-decoration: underline;\" href=\"https:\/\/autofans.com.ar\/wp-content\/uploads\/2025\/06\/jeepcompass_fichatecnica_020620251-683de434c3ea5.pdf\" target=\"_blank\" rel=\"noopener\"><br \/>\n\u2192 Ficha T\u00e9cnica Jeep Compass<br \/>\n<\/a><a style=\"font-size: 18px; color: #007bff; font-weight: 1200; text-decoration: underline;\" href=\"https:\/\/autofans.com.ar\/wp-content\/uploads\/2025\/05\/ftmy26argo-681166d8eb8a6.pdf\" target=\"_blank\" rel=\"noopener\"><br \/>\n<\/a><\/div>\n<div style=\"margin-left: 46px;\"><img fetchpriority=\"high\" decoding=\"async\" class=\"alignright\" style=\"height: 20px; width: auto;\" src=\"https:\/\/autofans.com.ar\/wp-content\/uploads\/2023\/02\/Autofans_600x102_150px5.png\" alt=\"Logo Autofans\" width=\"1200\" height=\"137\" \/><\/div>\n<\/div>\n<\/div>\n<hr \/>\n<p>&nbsp;<\/p>\n<h2>Jeep Commander Blackhawk &#8211; espacio y potencia<\/h2>\n<p>&nbsp;<\/p>\n<div id='gallery-2' class='gallery galleryid-12796 gallery-columns-3 gallery-size-full'><figure class='gallery-item'>\n\t\t\t<div class='gallery-icon landscape'>\n\t\t\t\t<a href='https:\/\/autofans.com.ar\/index.php\/2025\/06\/03\/compass-y-commander-blackhawk-las-suv-premium-de-jeep\/commander-1\/'><img loading=\"lazy\" width=\"1000\" height=\"667\" src=\"https:\/\/autofans.com.ar\/wp-content\/uploads\/2025\/06\/commander-1.jpg\" class=\"attachment-full size-full\" alt=\"Jeep Compass\" srcset=\"https:\/\/autofans.com.ar\/wp-content\/uploads\/2025\/06\/commander-1.jpg 1000w, https:\/\/autofans.com.ar\/wp-content\/uploads\/2025\/06\/commander-1-300x200.jpg 300w, https:\/\/autofans.com.ar\/wp-content\/uploads\/2025\/06\/commander-1-768x512.jpg 768w\" sizes=\"auto, (max-width: 1000px) 100vw, 1000px\" loading=\"lazy\" decoding=\"async\" \/><\/a>\n\t\t\t<\/div><\/figure><figure class='gallery-item'>\n\t\t\t<div class='gallery-icon landscape'>\n\t\t\t\t<a href='https:\/\/autofans.com.ar\/index.php\/2025\/06\/03\/compass-y-commander-blackhawk-las-suv-premium-de-jeep\/commander-2\/'><img loading=\"lazy\" width=\"1000\" height=\"667\" src=\"https:\/\/autofans.com.ar\/wp-content\/uploads\/2025\/06\/commander-2.jpg\" class=\"attachment-full size-full\" alt=\"Jeep Compass\" srcset=\"https:\/\/autofans.com.ar\/wp-content\/uploads\/2025\/06\/commander-2.jpg 1000w, https:\/\/autofans.com.ar\/wp-content\/uploads\/2025\/06\/commander-2-300x200.jpg 300w, https:\/\/autofans.com.ar\/wp-content\/uploads\/2025\/06\/commander-2-768x512.jpg 768w\" sizes=\"auto, (max-width: 1000px) 100vw, 1000px\" loading=\"lazy\" decoding=\"async\" \/><\/a>\n\t\t\t<\/div><\/figure><figure class='gallery-item'>\n\t\t\t<div class='gallery-icon landscape'>\n\t\t\t\t<a href='https:\/\/autofans.com.ar\/index.php\/2025\/06\/03\/compass-y-commander-blackhawk-las-suv-premium-de-jeep\/commander-4\/'><img loading=\"lazy\" width=\"1000\" height=\"667\" src=\"https:\/\/autofans.com.ar\/wp-content\/uploads\/2025\/06\/commander-4.jpg\" class=\"attachment-full size-full\" alt=\"Jeep Compass\" srcset=\"https:\/\/autofans.com.ar\/wp-content\/uploads\/2025\/06\/commander-4.jpg 1000w, https:\/\/autofans.com.ar\/wp-content\/uploads\/2025\/06\/commander-4-300x200.jpg 300w, https:\/\/autofans.com.ar\/wp-content\/uploads\/2025\/06\/commander-4-768x512.jpg 768w\" sizes=\"auto, (max-width: 1000px) 100vw, 1000px\" loading=\"lazy\" decoding=\"async\" \/><\/a>\n\t\t\t<\/div><\/figure>\n\t\t<\/div>\n\n<p>&nbsp;<\/p>\n<p class=\"ds-markdown-paragraph\">El Commander Blackhawk mantiene su capacidad para 7 pasajeros pero suma detalles exclusivos:<\/p>\n<ul>\n<li>\n<p class=\"ds-markdown-paragraph\">Exterior: Llantas negras, pinzas de freno rojas y emblemas oscurecidos.<\/p>\n<\/li>\n<li>\n<p class=\"ds-markdown-paragraph\">Interior: Tapizados premium, techo panor\u00e1mico y audio Harman\/Kardon (9 parlantes + subwoofer).<\/p>\n<\/li>\n<li>\n<p class=\"ds-markdown-paragraph\">Performance: Acelera de 0 a 100 km\/h en 7,1 segundos con velocidad m\u00e1xima de 220 km\/h.<\/p>\n<\/li>\n<\/ul>\n<hr \/>\n<div style=\"display: flex; justify-content: center; width: 100%;\">\n<div style=\"display: flex; align-items: center; justify-content: space-between; background: #f0f2f5; padding: 3px 92px; border-radius: 0px; box-shadow: 0 4px 10px rgba(0, 0, 0, 0.08); margin: 24px 0; max-width: 700px;\">\n<div style=\"flex: 1;\"><a style=\"font-size: 18px; color: #921414; font-weight: bold; text-decoration: underline;\" href=\"https:\/\/autofans.com.ar\/wp-content\/uploads\/2025\/06\/jeep_commander_fichatecnica_2605251-683de434bea57.pdf\" target=\"_blank\" rel=\"noopener\"><br \/>\n\u2192 Ficha T\u00e9cnica Jeep Commander<br \/>\n<\/a><a style=\"font-size: 18px; color: #007bff; font-weight: 1200; text-decoration: underline;\" href=\"https:\/\/autofans.com.ar\/wp-content\/uploads\/2025\/05\/ftmy26argo-681166d8eb8a6.pdf\" target=\"_blank\" rel=\"noopener\"><br \/>\n<\/a><\/div>\n<div style=\"margin-left: 46px;\"><img fetchpriority=\"high\" decoding=\"async\" class=\"alignright\" style=\"height: 20px; width: auto;\" src=\"https:\/\/autofans.com.ar\/wp-content\/uploads\/2023\/02\/Autofans_600x102_150px5.png\" alt=\"Logo Autofans\" width=\"1200\" height=\"137\" \/><\/div>\n<\/div>\n<\/div>\n<hr \/>\n<p>&nbsp;<\/p>\n<h2>Precios y garant\u00edas<\/h2>\n<ul>\n<li>\n<p class=\"ds-markdown-paragraph\">Compass Blackhawk: USD 51.000<\/p>\n<\/li>\n<li>\n<p class=\"ds-markdown-paragraph\">Commander Blackhawk: USD 58.700<\/p>\n<\/li>\n<li>\n<p class=\"ds-markdown-paragraph\">Garant\u00eda: 3 a\u00f1os o 100.000 km (lo que ocurra primero).<\/p>\n<\/li>\n<\/ul>\n<p class=\"ds-markdown-paragraph\">Estas versiones llegan para competir en el segmento de SUVs premium, combinando tecnolog\u00eda, seguridad y un dise\u00f1o que destaca en la ruta.<\/p>\n<p>&nbsp;<\/p>\n<p>&nbsp;<\/p>\n<p>&nbsp;<\/p>\n<p><i>Para enterarte de m\u00e1s novedades, no dejes de leer\u00a0<\/i><a href=\"https:\/\/autofans.thebrandsoup.com\/\"><i>nuestras notas<\/i><\/a><i>, de ver\u00a0<\/i><a href=\"https:\/\/www.youtube.com\/channel\/UCgAC8UGHZYbT6P7PpmVnP7g\"><i>AUTOFANS TV<\/i><\/a><i>\u00a0en nuestro\u00a0canal de Youtube. Adem\u00e1s seguinos en\u00a0<\/i><a href=\"https:\/\/www.instagram.com\/autofanstv\/\"><i>INSTAGRAM<\/i><\/a><i> y <\/i><a href=\"https:\/\/www.facebook.com\/autofansmas\/\"><i>FACEBOOK<\/i><\/a><i> para no perderte nada sobre las novedades del segmento automotor de Argentina y el mundo.<\/i><\/p>\n","protected":false},"excerpt":{"rendered":"<p>Jeep present\u00f3 las versiones Blackhawk para sus modelos Compass y Commander 2025, destacando un equilibrio&#8230;<\/p>\n","protected":false},"author":2,"featured_media":12802,"comment_status":"closed","ping_status":"closed","sticky":false,"template":"","format":"standard","meta":{"footnotes":""},"categories":[3,1],"tags":[6074,6816,6815,6820,6817,6819,6818,3905],"class_list":["post-12796","post","type-post","status-publish","format-standard","has-post-thumbnail","hentry","category-autos","category-lanzamientos","tag-autos-premium-argentina","tag-jeep-commander-blackhawk-2025","tag-jeep-compass-blackhawk-2025","tag-jeep-selec-terrain","tag-motor-hurricane4","tag-precios-jeep-2025","tag-suv-4x4-argentina","tag-tecnologia-en-autos"],"yoast_head":"<!-- This site is optimized with the Yoast SEO plugin v27.5 - https:\/\/yoast.com\/product\/yoast-seo-wordpress\/ -->\n<title>Compass y Commander Blackhawk las SUV premium de Jeep -<\/title>\n<meta name=\"description\" content=\"Jeep present\u00f3 las versiones Blackhawk para sus modelos Compass y Commander 2025, destacando un equilibrio entre performance y dise\u00f1o agresivo\" \/>\n<meta name=\"robots\" content=\"index, follow, max-snippet:-1, max-image-preview:large, max-video-preview:-1\" \/>\n<link rel=\"canonical\" href=\"https:\/\/autofans.com.ar\/index.php\/2025\/06\/03\/compass-y-commander-blackhawk-las-suv-premium-de-jeep\/\" \/>\n<meta property=\"og:locale\" content=\"es_ES\" \/>\n<meta property=\"og:type\" content=\"article\" \/>\n<meta property=\"og:title\" content=\"Compass y Commander Blackhawk las SUV premium de Jeep -\" \/>\n<meta property=\"og:description\" content=\"Jeep present\u00f3 las versiones Blackhawk para sus modelos Compass y Commander 2025, destacando un equilibrio entre performance y dise\u00f1o agresivo\" \/>\n<meta property=\"og:url\" content=\"https:\/\/autofans.com.ar\/index.php\/2025\/06\/03\/compass-y-commander-blackhawk-las-suv-premium-de-jeep\/\" \/>\n<meta property=\"article:published_time\" content=\"2025-06-03T22:46:17+00:00\" \/>\n<meta property=\"og:image\" content=\"https:\/\/autofans.com.ar\/wp-content\/uploads\/2025\/06\/jeep.jpg\" \/>\n\t<meta property=\"og:image:width\" content=\"1000\" \/>\n\t<meta property=\"og:image:height\" content=\"667\" \/>\n\t<meta property=\"og:image:type\" content=\"image\/jpeg\" \/>\n<meta name=\"author\" content=\"Alejandro Gabriel Rosito\" \/>\n<meta name=\"twitter:card\" content=\"summary_large_image\" \/>\n<meta name=\"twitter:label1\" content=\"Escrito por\" \/>\n\t<meta name=\"twitter:data1\" content=\"Alejandro Gabriel Rosito\" \/>\n\t<meta name=\"twitter:label2\" content=\"Tiempo de lectura\" \/>\n\t<meta name=\"twitter:data2\" content=\"2 minutos\" \/>\n<script type=\"application\/ld+json\" class=\"yoast-schema-graph\">{\"@context\":\"https:\\\/\\\/schema.org\",\"@graph\":[{\"@type\":\"Article\",\"@id\":\"https:\\\/\\\/autofans.com.ar\\\/index.php\\\/2025\\\/06\\\/03\\\/compass-y-commander-blackhawk-las-suv-premium-de-jeep\\\/#article\",\"isPartOf\":{\"@id\":\"https:\\\/\\\/autofans.com.ar\\\/index.php\\\/2025\\\/06\\\/03\\\/compass-y-commander-blackhawk-las-suv-premium-de-jeep\\\/\"},\"author\":{\"name\":\"Alejandro Gabriel Rosito\",\"@id\":\"https:\\\/\\\/autofans.com.ar\\\/#\\\/schema\\\/person\\\/4a8dda0b6df83ac3d6723e921274c2aa\"},\"headline\":\"Compass y Commander Blackhawk las SUV premium de Jeep\",\"datePublished\":\"2025-06-03T22:46:17+00:00\",\"mainEntityOfPage\":{\"@id\":\"https:\\\/\\\/autofans.com.ar\\\/index.php\\\/2025\\\/06\\\/03\\\/compass-y-commander-blackhawk-las-suv-premium-de-jeep\\\/\"},\"wordCount\":330,\"image\":{\"@id\":\"https:\\\/\\\/autofans.com.ar\\\/index.php\\\/2025\\\/06\\\/03\\\/compass-y-commander-blackhawk-las-suv-premium-de-jeep\\\/#primaryimage\"},\"thumbnailUrl\":\"https:\\\/\\\/autofans.com.ar\\\/wp-content\\\/uploads\\\/2025\\\/06\\\/jeep.jpg\",\"keywords\":[\"autos premium Argentina\",\"Jeep Commander Blackhawk 2025\",\"Jeep Compass Blackhawk 2025\",\"Jeep Selec-Terrain\",\"motor Hurricane4\",\"precios Jeep 2025\",\"SUV 4x4 Argentina\",\"tecnolog\u00eda en autos\"],\"articleSection\":[\"AUTOS y SUV\",\"LANZAMIENTOS\"],\"inLanguage\":\"es\"},{\"@type\":\"WebPage\",\"@id\":\"https:\\\/\\\/autofans.com.ar\\\/index.php\\\/2025\\\/06\\\/03\\\/compass-y-commander-blackhawk-las-suv-premium-de-jeep\\\/\",\"url\":\"https:\\\/\\\/autofans.com.ar\\\/index.php\\\/2025\\\/06\\\/03\\\/compass-y-commander-blackhawk-las-suv-premium-de-jeep\\\/\",\"name\":\"Compass y Commander Blackhawk las SUV premium de Jeep -\",\"isPartOf\":{\"@id\":\"https:\\\/\\\/autofans.com.ar\\\/#website\"},\"primaryImageOfPage\":{\"@id\":\"https:\\\/\\\/autofans.com.ar\\\/index.php\\\/2025\\\/06\\\/03\\\/compass-y-commander-blackhawk-las-suv-premium-de-jeep\\\/#primaryimage\"},\"image\":{\"@id\":\"https:\\\/\\\/autofans.com.ar\\\/index.php\\\/2025\\\/06\\\/03\\\/compass-y-commander-blackhawk-las-suv-premium-de-jeep\\\/#primaryimage\"},\"thumbnailUrl\":\"https:\\\/\\\/autofans.com.ar\\\/wp-content\\\/uploads\\\/2025\\\/06\\\/jeep.jpg\",\"datePublished\":\"2025-06-03T22:46:17+00:00\",\"author\":{\"@id\":\"https:\\\/\\\/autofans.com.ar\\\/#\\\/schema\\\/person\\\/4a8dda0b6df83ac3d6723e921274c2aa\"},\"description\":\"Jeep present\u00f3 las versiones Blackhawk para sus modelos Compass y Commander 2025, destacando un equilibrio entre performance y dise\u00f1o agresivo\",\"breadcrumb\":{\"@id\":\"https:\\\/\\\/autofans.com.ar\\\/index.php\\\/2025\\\/06\\\/03\\\/compass-y-commander-blackhawk-las-suv-premium-de-jeep\\\/#breadcrumb\"},\"inLanguage\":\"es\",\"potentialAction\":[{\"@type\":\"ReadAction\",\"target\":[\"https:\\\/\\\/autofans.com.ar\\\/index.php\\\/2025\\\/06\\\/03\\\/compass-y-commander-blackhawk-las-suv-premium-de-jeep\\\/\"]}]},{\"@type\":\"ImageObject\",\"inLanguage\":\"es\",\"@id\":\"https:\\\/\\\/autofans.com.ar\\\/index.php\\\/2025\\\/06\\\/03\\\/compass-y-commander-blackhawk-las-suv-premium-de-jeep\\\/#primaryimage\",\"url\":\"https:\\\/\\\/autofans.com.ar\\\/wp-content\\\/uploads\\\/2025\\\/06\\\/jeep.jpg\",\"contentUrl\":\"https:\\\/\\\/autofans.com.ar\\\/wp-content\\\/uploads\\\/2025\\\/06\\\/jeep.jpg\",\"width\":1000,\"height\":667,\"caption\":\"Jeep Compass\"},{\"@type\":\"BreadcrumbList\",\"@id\":\"https:\\\/\\\/autofans.com.ar\\\/index.php\\\/2025\\\/06\\\/03\\\/compass-y-commander-blackhawk-las-suv-premium-de-jeep\\\/#breadcrumb\",\"itemListElement\":[{\"@type\":\"ListItem\",\"position\":1,\"name\":\"Inicio\",\"item\":\"https:\\\/\\\/autofans.com.ar\\\/\"},{\"@type\":\"ListItem\",\"position\":2,\"name\":\"Compass y Commander Blackhawk las SUV premium de Jeep\"}]},{\"@type\":\"WebSite\",\"@id\":\"https:\\\/\\\/autofans.com.ar\\\/#website\",\"url\":\"https:\\\/\\\/autofans.com.ar\\\/\",\"name\":\"\",\"description\":\"El multimedio referente de la industria automotriz\",\"potentialAction\":[{\"@type\":\"SearchAction\",\"target\":{\"@type\":\"EntryPoint\",\"urlTemplate\":\"https:\\\/\\\/autofans.com.ar\\\/?s={search_term_string}\"},\"query-input\":{\"@type\":\"PropertyValueSpecification\",\"valueRequired\":true,\"valueName\":\"search_term_string\"}}],\"inLanguage\":\"es\"},{\"@type\":\"Person\",\"@id\":\"https:\\\/\\\/autofans.com.ar\\\/#\\\/schema\\\/person\\\/4a8dda0b6df83ac3d6723e921274c2aa\",\"name\":\"Alejandro Gabriel Rosito\",\"image\":{\"@type\":\"ImageObject\",\"inLanguage\":\"es\",\"@id\":\"https:\\\/\\\/secure.gravatar.com\\\/avatar\\\/16c5dda1489adfc62618084dcbb91cffd879c374b13fe5dd8e44ed6733852c88?s=96&d=mm&r=g\",\"url\":\"https:\\\/\\\/secure.gravatar.com\\\/avatar\\\/16c5dda1489adfc62618084dcbb91cffd879c374b13fe5dd8e44ed6733852c88?s=96&d=mm&r=g\",\"contentUrl\":\"https:\\\/\\\/secure.gravatar.com\\\/avatar\\\/16c5dda1489adfc62618084dcbb91cffd879c374b13fe5dd8e44ed6733852c88?s=96&d=mm&r=g\",\"caption\":\"Alejandro Gabriel Rosito\"},\"url\":\"https:\\\/\\\/autofans.com.ar\\\/index.php\\\/author\\\/gabrielr\\\/\"}]}<\/script>\n<!-- \/ Yoast SEO plugin. -->","yoast_head_json":{"title":"Compass y Commander Blackhawk las SUV premium de Jeep -","description":"Jeep present\u00f3 las versiones Blackhawk para sus modelos Compass y Commander 2025, destacando un equilibrio entre performance y dise\u00f1o agresivo","robots":{"index":"index","follow":"follow","max-snippet":"max-snippet:-1","max-image-preview":"max-image-preview:large","max-video-preview":"max-video-preview:-1"},"canonical":"https:\/\/autofans.com.ar\/index.php\/2025\/06\/03\/compass-y-commander-blackhawk-las-suv-premium-de-jeep\/","og_locale":"es_ES","og_type":"article","og_title":"Compass y Commander Blackhawk las SUV premium de Jeep -","og_description":"Jeep present\u00f3 las versiones Blackhawk para sus modelos Compass y Commander 2025, destacando un equilibrio entre performance y dise\u00f1o agresivo","og_url":"https:\/\/autofans.com.ar\/index.php\/2025\/06\/03\/compass-y-commander-blackhawk-las-suv-premium-de-jeep\/","article_published_time":"2025-06-03T22:46:17+00:00","og_image":[{"width":1000,"height":667,"url":"https:\/\/autofans.com.ar\/wp-content\/uploads\/2025\/06\/jeep.jpg","type":"image\/jpeg"}],"author":"Alejandro Gabriel Rosito","twitter_card":"summary_large_image","twitter_misc":{"Escrito por":"Alejandro Gabriel Rosito","Tiempo de lectura":"2 minutos"},"schema":{"@context":"https:\/\/schema.org","@graph":[{"@type":"Article","@id":"https:\/\/autofans.com.ar\/index.php\/2025\/06\/03\/compass-y-commander-blackhawk-las-suv-premium-de-jeep\/#article","isPartOf":{"@id":"https:\/\/autofans.com.ar\/index.php\/2025\/06\/03\/compass-y-commander-blackhawk-las-suv-premium-de-jeep\/"},"author":{"name":"Alejandro Gabriel Rosito","@id":"https:\/\/autofans.com.ar\/#\/schema\/person\/4a8dda0b6df83ac3d6723e921274c2aa"},"headline":"Compass y Commander Blackhawk las SUV premium de Jeep","datePublished":"2025-06-03T22:46:17+00:00","mainEntityOfPage":{"@id":"https:\/\/autofans.com.ar\/index.php\/2025\/06\/03\/compass-y-commander-blackhawk-las-suv-premium-de-jeep\/"},"wordCount":330,"image":{"@id":"https:\/\/autofans.com.ar\/index.php\/2025\/06\/03\/compass-y-commander-blackhawk-las-suv-premium-de-jeep\/#primaryimage"},"thumbnailUrl":"https:\/\/autofans.com.ar\/wp-content\/uploads\/2025\/06\/jeep.jpg","keywords":["autos premium Argentina","Jeep Commander Blackhawk 2025","Jeep Compass Blackhawk 2025","Jeep Selec-Terrain","motor Hurricane4","precios Jeep 2025","SUV 4x4 Argentina","tecnolog\u00eda en autos"],"articleSection":["AUTOS y SUV","LANZAMIENTOS"],"inLanguage":"es"},{"@type":"WebPage","@id":"https:\/\/autofans.com.ar\/index.php\/2025\/06\/03\/compass-y-commander-blackhawk-las-suv-premium-de-jeep\/","url":"https:\/\/autofans.com.ar\/index.php\/2025\/06\/03\/compass-y-commander-blackhawk-las-suv-premium-de-jeep\/","name":"Compass y Commander Blackhawk las SUV premium de Jeep -","isPartOf":{"@id":"https:\/\/autofans.com.ar\/#website"},"primaryImageOfPage":{"@id":"https:\/\/autofans.com.ar\/index.php\/2025\/06\/03\/compass-y-commander-blackhawk-las-suv-premium-de-jeep\/#primaryimage"},"image":{"@id":"https:\/\/autofans.com.ar\/index.php\/2025\/06\/03\/compass-y-commander-blackhawk-las-suv-premium-de-jeep\/#primaryimage"},"thumbnailUrl":"https:\/\/autofans.com.ar\/wp-content\/uploads\/2025\/06\/jeep.jpg","datePublished":"2025-06-03T22:46:17+00:00","author":{"@id":"https:\/\/autofans.com.ar\/#\/schema\/person\/4a8dda0b6df83ac3d6723e921274c2aa"},"description":"Jeep present\u00f3 las versiones Blackhawk para sus modelos Compass y Commander 2025, destacando un equilibrio entre performance y dise\u00f1o agresivo","breadcrumb":{"@id":"https:\/\/autofans.com.ar\/index.php\/2025\/06\/03\/compass-y-commander-blackhawk-las-suv-premium-de-jeep\/#breadcrumb"},"inLanguage":"es","potentialAction":[{"@type":"ReadAction","target":["https:\/\/autofans.com.ar\/index.php\/2025\/06\/03\/compass-y-commander-blackhawk-las-suv-premium-de-jeep\/"]}]},{"@type":"ImageObject","inLanguage":"es","@id":"https:\/\/autofans.com.ar\/index.php\/2025\/06\/03\/compass-y-commander-blackhawk-las-suv-premium-de-jeep\/#primaryimage","url":"https:\/\/autofans.com.ar\/wp-content\/uploads\/2025\/06\/jeep.jpg","contentUrl":"https:\/\/autofans.com.ar\/wp-content\/uploads\/2025\/06\/jeep.jpg","width":1000,"height":667,"caption":"Jeep Compass"},{"@type":"BreadcrumbList","@id":"https:\/\/autofans.com.ar\/index.php\/2025\/06\/03\/compass-y-commander-blackhawk-las-suv-premium-de-jeep\/#breadcrumb","itemListElement":[{"@type":"ListItem","position":1,"name":"Inicio","item":"https:\/\/autofans.com.ar\/"},{"@type":"ListItem","position":2,"name":"Compass y Commander Blackhawk las SUV premium de Jeep"}]},{"@type":"WebSite","@id":"https:\/\/autofans.com.ar\/#website","url":"https:\/\/autofans.com.ar\/","name":"","description":"El multimedio referente de la industria automotriz","potentialAction":[{"@type":"SearchAction","target":{"@type":"EntryPoint","urlTemplate":"https:\/\/autofans.com.ar\/?s={search_term_string}"},"query-input":{"@type":"PropertyValueSpecification","valueRequired":true,"valueName":"search_term_string"}}],"inLanguage":"es"},{"@type":"Person","@id":"https:\/\/autofans.com.ar\/#\/schema\/person\/4a8dda0b6df83ac3d6723e921274c2aa","name":"Alejandro Gabriel Rosito","image":{"@type":"ImageObject","inLanguage":"es","@id":"https:\/\/secure.gravatar.com\/avatar\/16c5dda1489adfc62618084dcbb91cffd879c374b13fe5dd8e44ed6733852c88?s=96&d=mm&r=g","url":"https:\/\/secure.gravatar.com\/avatar\/16c5dda1489adfc62618084dcbb91cffd879c374b13fe5dd8e44ed6733852c88?s=96&d=mm&r=g","contentUrl":"https:\/\/secure.gravatar.com\/avatar\/16c5dda1489adfc62618084dcbb91cffd879c374b13fe5dd8e44ed6733852c88?s=96&d=mm&r=g","caption":"Alejandro Gabriel Rosito"},"url":"https:\/\/autofans.com.ar\/index.php\/author\/gabrielr\/"}]}},"featured_image_urls":{"full":["https:\/\/autofans.com.ar\/wp-content\/uploads\/2025\/06\/jeep.jpg",1000,667,false],"thumbnail":["https:\/\/autofans.com.ar\/wp-content\/uploads\/2025\/06\/jeep-150x150.jpg",150,150,true],"medium":["https:\/\/autofans.com.ar\/wp-content\/uploads\/2025\/06\/jeep-300x200.jpg",300,200,true],"medium_large":["https:\/\/autofans.com.ar\/wp-content\/uploads\/2025\/06\/jeep-768x512.jpg",640,427,true],"large":["https:\/\/autofans.com.ar\/wp-content\/uploads\/2025\/06\/jeep.jpg",640,427,false],"1536x1536":["https:\/\/autofans.com.ar\/wp-content\/uploads\/2025\/06\/jeep.jpg",1000,667,false],"2048x2048":["https:\/\/autofans.com.ar\/wp-content\/uploads\/2025\/06\/jeep.jpg",1000,667,false],"covernews-featured":["https:\/\/autofans.com.ar\/wp-content\/uploads\/2025\/06\/jeep.jpg",1000,667,false],"covernews-medium":["https:\/\/autofans.com.ar\/wp-content\/uploads\/2025\/06\/jeep-540x340.jpg",540,340,true]},"author_info":{"display_name":"Alejandro Gabriel Rosito","author_link":"https:\/\/autofans.com.ar\/index.php\/author\/gabrielr\/"},"category_info":"<a href=\"https:\/\/autofans.com.ar\/index.php\/category\/noticias\/autos\/\" rel=\"category tag\">AUTOS y SUV<\/a> <a href=\"https:\/\/autofans.com.ar\/index.php\/category\/lanzamientos\/\" rel=\"category tag\">LANZAMIENTOS<\/a>","tag_info":"LANZAMIENTOS","comment_count":0,"_links":{"self":[{"href":"https:\/\/autofans.com.ar\/index.php\/wp-json\/wp\/v2\/posts\/12796","targetHints":{"allow":["GET"]}}],"collection":[{"href":"https:\/\/autofans.com.ar\/index.php\/wp-json\/wp\/v2\/posts"}],"about":[{"href":"https:\/\/autofans.com.ar\/index.php\/wp-json\/wp\/v2\/types\/post"}],"author":[{"embeddable":true,"href":"https:\/\/autofans.com.ar\/index.php\/wp-json\/wp\/v2\/users\/2"}],"replies":[{"embeddable":true,"href":"https:\/\/autofans.com.ar\/index.php\/wp-json\/wp\/v2\/comments?post=12796"}],"version-history":[{"count":4,"href":"https:\/\/autofans.com.ar\/index.php\/wp-json\/wp\/v2\/posts\/12796\/revisions"}],"predecessor-version":[{"id":12809,"href":"https:\/\/autofans.com.ar\/index.php\/wp-json\/wp\/v2\/posts\/12796\/revisions\/12809"}],"wp:featuredmedia":[{"embeddable":true,"href":"https:\/\/autofans.com.ar\/index.php\/wp-json\/wp\/v2\/media\/12802"}],"wp:attachment":[{"href":"https:\/\/autofans.com.ar\/index.php\/wp-json\/wp\/v2\/media?parent=12796"}],"wp:term":[{"taxonomy":"category","embeddable":true,"href":"https:\/\/autofans.com.ar\/index.php\/wp-json\/wp\/v2\/categories?post=12796"},{"taxonomy":"post_tag","embeddable":true,"href":"https:\/\/autofans.com.ar\/index.php\/wp-json\/wp\/v2\/tags?post=12796"}],"curies":[{"name":"wp","href":"https:\/\/api.w.org\/{rel}","templated":true}]}}