{"id":12810,"date":"2025-06-04T19:08:14","date_gmt":"2025-06-04T22:08:14","guid":{"rendered":"https:\/\/autofans.com.ar\/?p=12810"},"modified":"2025-06-04T19:12:38","modified_gmt":"2025-06-04T22:12:38","slug":"iveco-presenta-su-estrategia-integral-para-el-transporte-rural-en-agroactiva-2025","status":"publish","type":"post","link":"https:\/\/autofans.com.ar\/index.php\/2025\/06\/04\/iveco-presenta-su-estrategia-integral-para-el-transporte-rural-en-agroactiva-2025\/","title":{"rendered":"IVECO presenta su estrategia integral para el transporte rural en Agroactiva 2025"},"content":{"rendered":"<p data-start=\"498\" data-end=\"840\">IVECO, marca de Iveco Group, participa del 4 al 7 de junio en Agroactiva 2025, en Armstrong, reafirmando su cercan\u00eda con el campo argentino. En esta edici\u00f3n por el 30\u00b0 aniversario de la feria, la compa\u00f1\u00eda presenta su oferta integral de veh\u00edculos, servicios posventa y opciones de financiamiento, junto a sus concesionarios Beta y Punto Truck.<\/p>\n<p data-start=\"498\" data-end=\"840\"><span style=\"color: #ffffff;\">.<\/span><\/p>\n<h2 data-start=\"847\" data-end=\"926\">Camiones IVECO en Agroactiva<\/h2>\n<p>&nbsp;<\/p>\n<p><img fetchpriority=\"high\" decoding=\"async\" class=\"aligncenter wp-image-12815 size-full\" src=\"https:\/\/autofans.com.ar\/wp-content\/uploads\/2025\/06\/iveco-1.jpg\" alt=\"IVECO\" width=\"1000\" height=\"667\" srcset=\"https:\/\/autofans.com.ar\/wp-content\/uploads\/2025\/06\/iveco-1.jpg 1000w, https:\/\/autofans.com.ar\/wp-content\/uploads\/2025\/06\/iveco-1-300x200.jpg 300w, https:\/\/autofans.com.ar\/wp-content\/uploads\/2025\/06\/iveco-1-768x512.jpg 768w\" sizes=\"(max-width: 1000px) 100vw, 1000px\" \/><\/p>\n<p>&nbsp;<\/p>\n<p data-start=\"928\" data-end=\"1318\">Durante el evento, IVECO exhibe unidades pensadas para el trabajo rural, con modelos de la gama Tector, conocidos por su rendimiento y adaptabilidad. Entre ellos se destaca el Tector 170E30 Autoshift, con transmisi\u00f3n automatizada que optimiza el consumo y mejora la conducci\u00f3n, y el Tector 160-210 a GNC, con escape vertical y una propuesta orientada a reducir el impacto ambiental.<\/p>\n<p data-start=\"1320\" data-end=\"1567\">En el segmento de pesados, la marca muestra el Hi-Road 530 360 TY\/P, orientado a operaciones de media distancia, y el Hi-Way 600S44 6&#215;2, pensado para transporte de larga distancia, con tecnolog\u00eda Long Idle que reduce el consumo en ralent\u00ed.<\/p>\n<p data-start=\"1320\" data-end=\"1567\"><span style=\"color: #ffffff;\">,<\/span><\/p>\n<h2 data-start=\"1574\" data-end=\"1647\">Sustentabilidad y tecnolog\u00eda &#8211; el Tector Euro VI llega a Argentina<\/h2>\n<p>&nbsp;<\/p>\n<p><img decoding=\"async\" class=\"aligncenter wp-image-12814 size-full\" src=\"https:\/\/autofans.com.ar\/wp-content\/uploads\/2025\/06\/iveco-2.jpg\" alt=\"IVECO\" width=\"1000\" height=\"667\" srcset=\"https:\/\/autofans.com.ar\/wp-content\/uploads\/2025\/06\/iveco-2.jpg 1000w, https:\/\/autofans.com.ar\/wp-content\/uploads\/2025\/06\/iveco-2-300x200.jpg 300w, https:\/\/autofans.com.ar\/wp-content\/uploads\/2025\/06\/iveco-2-768x512.jpg 768w\" sizes=\"(max-width: 1000px) 100vw, 1000px\" \/><\/p>\n<p>&nbsp;<\/p>\n<p data-start=\"1649\" data-end=\"2062\">En el marco del D\u00eda Mundial del Medio Ambiente, IVECO presenta el Tector 320 Euro VI, el primer modelo de la marca en el pa\u00eds con esta tecnolog\u00eda. Equipado con un motor FPT de 320 CV y un sistema de postratamiento que combina SCR y DPF, el veh\u00edculo reduce emisiones contaminantes y anticipa regulaciones futuras. Este desarrollo se alinea con los objetivos globales de la empresa en movilidad sustentable.<\/p>\n<p data-start=\"1649\" data-end=\"2062\"><span style=\"color: #ffffff;\">;<\/span><\/p>\n<blockquote>\n<p style=\"text-align: center;\" data-start=\"1649\" data-end=\"2062\">\u201cParticipar en ferias regionales como Agroactiva forma parte de la esencia de IVECO. Es en estos espacios donde reafirmamos nuestra cercan\u00eda con el campo argentino, donde escuchamos de manera directa a quienes cada d\u00eda hacen posible la producci\u00f3n. Nos permite entender sus desaf\u00edos, compartir soluciones concretas y fortalecer la confianza construida junto a nuestros concesionarios. Estar cara a cara con los protagonistas del agro es clave para seguir acompa\u00f1\u00e1ndolos con productos y servicios pensados para sus necesidades reales\u201d, afirm\u00f3 Justo Herrou, Marketing y Comunicaciones Corporativas de Iveco Group Argentina &amp; LAI.<\/p>\n<\/blockquote>\n<p data-start=\"1649\" data-end=\"2062\">\n<h2 data-start=\"1649\" data-end=\"2062\">IVECO &#8211; servicios financieros y asistencia para el productor<\/h2>\n<p data-start=\"2131\" data-end=\"2511\">La propuesta de IVECO incluye tambi\u00e9n IVECO Capital, su financiera oficial, que ofrece herramientas de financiaci\u00f3n adaptadas al sector. La entidad Santander acompa\u00f1a con atenci\u00f3n personalizada durante la feria. Adem\u00e1s, el stand cuenta con atenci\u00f3n comercial, t\u00e9cnica y posventa, y una muestra de lubricantes originales como parte de su enfoque en el mantenimiento preventivo.<\/p>\n<p data-start=\"2131\" data-end=\"2511\"><span style=\"color: #ffffff;\">i<\/span><\/p>\n<p><img decoding=\"async\" class=\"aligncenter wp-image-12813 size-full\" src=\"https:\/\/autofans.com.ar\/wp-content\/uploads\/2025\/06\/iveco-3.jpg\" alt=\"IVECO\" width=\"1000\" height=\"667\" srcset=\"https:\/\/autofans.com.ar\/wp-content\/uploads\/2025\/06\/iveco-3.jpg 1000w, https:\/\/autofans.com.ar\/wp-content\/uploads\/2025\/06\/iveco-3-300x200.jpg 300w, https:\/\/autofans.com.ar\/wp-content\/uploads\/2025\/06\/iveco-3-768x512.jpg 768w\" sizes=\"(max-width: 1000px) 100vw, 1000px\" \/><\/p>\n<p>&nbsp;<\/p>\n<h2 data-start=\"2518\" data-end=\"2582\">Concesionarios oficiales de Iveco y contacto directo en el evento<\/h2>\n<p data-start=\"2584\" data-end=\"2870\">Los concesionarios Beta y Punto Truck tienen presencia activa en el stand, brindando atenci\u00f3n a productores y operadores interesados. En estos espacios se puede acceder a informaci\u00f3n comercial, coordinar asesoramiento personalizado y establecer v\u00ednculos con los equipos locales.<\/p>\n<p data-start=\"2584\" data-end=\"2870\"><span style=\"color: #ffffff;\">[<\/span><\/p>\n<p data-start=\"2584\" data-end=\"2870\"><span style=\"color: #ffffff;\">p<\/span><\/p>\n<p data-start=\"2584\" data-end=\"2870\"><span style=\"color: #ffffff;\">[<\/span><\/p>\n<p><i>Para enterarte de m\u00e1s novedades, no dejes de leer\u00a0<\/i><a href=\"https:\/\/autofans.thebrandsoup.com\/\"><i>nuestras notas<\/i><\/a><i>, de ver\u00a0<\/i><a href=\"https:\/\/www.youtube.com\/channel\/UCgAC8UGHZYbT6P7PpmVnP7g\"><i>AUTOFANS TV<\/i><\/a><i>\u00a0en nuestro\u00a0canal de Youtube. Adem\u00e1s seguinos en\u00a0<\/i><a href=\"https:\/\/www.instagram.com\/autofanstv\/\"><i>INSTAGRAM<\/i><\/a><i> y <\/i><a href=\"https:\/\/www.facebook.com\/autofansmas\/\"><i>FACEBOOK<\/i><\/a><i> para no perderte nada sobre las novedades del segmento automotor de Argentina y el mundo.<\/i><\/p>\n","protected":false},"excerpt":{"rendered":"<p>IVECO, marca de Iveco Group, participa del 4 al 7 de junio en Agroactiva 2025,&#8230;<\/p>\n","protected":false},"author":2,"featured_media":12812,"comment_status":"closed","ping_status":"closed","sticky":false,"template":"","format":"standard","meta":{"footnotes":""},"categories":[16,10],"tags":[6821,6822,6246,6823,6824,1460,6826,5130,6825,5500],"class_list":["post-12810","post","type-post","status-publish","format-standard","has-post-thumbnail","hentry","category-noticias","category-utilitarios-y-pesados-lanzamientos","tag-agroactiva-2025","tag-camiones-euro-vi","tag-camiones-para-el-agro","tag-hi-way-600s44","tag-iveco-capital","tag-movilidad-sustentable","tag-soluciones-financieras-agro","tag-tector-gnc","tag-transporte-rural","tag-veco-argentina"],"yoast_head":"<!-- This site is optimized with the Yoast SEO plugin v27.5 - https:\/\/yoast.com\/product\/yoast-seo-wordpress\/ -->\n<title>IVECO presenta su estrategia integral para el transporte rural en Agroactiva 2025 -<\/title>\n<meta name=\"description\" content=\"IVECO, marca de Iveco Group, participa del 4 al 7 de junio en Agroactiva 2025, en Armstrong, reafirmando su cercan\u00eda con el campo argentino...\" \/>\n<meta name=\"robots\" content=\"index, follow, max-snippet:-1, max-image-preview:large, max-video-preview:-1\" \/>\n<link rel=\"canonical\" href=\"https:\/\/autofans.com.ar\/index.php\/2025\/06\/04\/iveco-presenta-su-estrategia-integral-para-el-transporte-rural-en-agroactiva-2025\/\" \/>\n<meta property=\"og:locale\" content=\"es_ES\" \/>\n<meta property=\"og:type\" content=\"article\" \/>\n<meta property=\"og:title\" content=\"IVECO presenta su estrategia integral para el transporte rural en Agroactiva 2025 -\" \/>\n<meta property=\"og:description\" content=\"IVECO, marca de Iveco Group, participa del 4 al 7 de junio en Agroactiva 2025, en Armstrong, reafirmando su cercan\u00eda con el campo argentino...\" \/>\n<meta property=\"og:url\" content=\"https:\/\/autofans.com.ar\/index.php\/2025\/06\/04\/iveco-presenta-su-estrategia-integral-para-el-transporte-rural-en-agroactiva-2025\/\" \/>\n<meta property=\"article:published_time\" content=\"2025-06-04T22:08:14+00:00\" \/>\n<meta property=\"article:modified_time\" content=\"2025-06-04T22:12:38+00:00\" \/>\n<meta property=\"og:image\" content=\"https:\/\/autofans.com.ar\/wp-content\/uploads\/2025\/06\/iveco-4.jpg\" \/>\n\t<meta property=\"og:image:width\" content=\"1000\" \/>\n\t<meta property=\"og:image:height\" content=\"667\" \/>\n\t<meta property=\"og:image:type\" content=\"image\/jpeg\" \/>\n<meta name=\"author\" content=\"Alejandro Gabriel Rosito\" \/>\n<meta name=\"twitter:card\" content=\"summary_large_image\" \/>\n<meta name=\"twitter:label1\" content=\"Escrito por\" \/>\n\t<meta name=\"twitter:data1\" content=\"Alejandro Gabriel Rosito\" \/>\n\t<meta name=\"twitter:label2\" content=\"Tiempo de lectura\" \/>\n\t<meta name=\"twitter:data2\" content=\"3 minutos\" \/>\n<script type=\"application\/ld+json\" class=\"yoast-schema-graph\">{\"@context\":\"https:\\\/\\\/schema.org\",\"@graph\":[{\"@type\":\"Article\",\"@id\":\"https:\\\/\\\/autofans.com.ar\\\/index.php\\\/2025\\\/06\\\/04\\\/iveco-presenta-su-estrategia-integral-para-el-transporte-rural-en-agroactiva-2025\\\/#article\",\"isPartOf\":{\"@id\":\"https:\\\/\\\/autofans.com.ar\\\/index.php\\\/2025\\\/06\\\/04\\\/iveco-presenta-su-estrategia-integral-para-el-transporte-rural-en-agroactiva-2025\\\/\"},\"author\":{\"name\":\"Alejandro Gabriel Rosito\",\"@id\":\"https:\\\/\\\/autofans.com.ar\\\/#\\\/schema\\\/person\\\/4a8dda0b6df83ac3d6723e921274c2aa\"},\"headline\":\"IVECO presenta su estrategia integral para el transporte rural en Agroactiva 2025\",\"datePublished\":\"2025-06-04T22:08:14+00:00\",\"dateModified\":\"2025-06-04T22:12:38+00:00\",\"mainEntityOfPage\":{\"@id\":\"https:\\\/\\\/autofans.com.ar\\\/index.php\\\/2025\\\/06\\\/04\\\/iveco-presenta-su-estrategia-integral-para-el-transporte-rural-en-agroactiva-2025\\\/\"},\"wordCount\":523,\"image\":{\"@id\":\"https:\\\/\\\/autofans.com.ar\\\/index.php\\\/2025\\\/06\\\/04\\\/iveco-presenta-su-estrategia-integral-para-el-transporte-rural-en-agroactiva-2025\\\/#primaryimage\"},\"thumbnailUrl\":\"https:\\\/\\\/autofans.com.ar\\\/wp-content\\\/uploads\\\/2025\\\/06\\\/iveco-4.jpg\",\"keywords\":[\"Agroactiva 2025\",\"camiones Euro VI\",\"camiones para el agro\",\"Hi-Way 600S44\",\"IVECO Capital\",\"movilidad sustentable\",\"soluciones financieras agro\",\"Tector GNC\",\"transporte rural\",\"VECO Argentina\"],\"articleSection\":[\"NOTICIAS\",\"Pick Ups, Utilitarios y Pesados\"],\"inLanguage\":\"es\"},{\"@type\":\"WebPage\",\"@id\":\"https:\\\/\\\/autofans.com.ar\\\/index.php\\\/2025\\\/06\\\/04\\\/iveco-presenta-su-estrategia-integral-para-el-transporte-rural-en-agroactiva-2025\\\/\",\"url\":\"https:\\\/\\\/autofans.com.ar\\\/index.php\\\/2025\\\/06\\\/04\\\/iveco-presenta-su-estrategia-integral-para-el-transporte-rural-en-agroactiva-2025\\\/\",\"name\":\"IVECO presenta su estrategia integral para el transporte rural en Agroactiva 2025 -\",\"isPartOf\":{\"@id\":\"https:\\\/\\\/autofans.com.ar\\\/#website\"},\"primaryImageOfPage\":{\"@id\":\"https:\\\/\\\/autofans.com.ar\\\/index.php\\\/2025\\\/06\\\/04\\\/iveco-presenta-su-estrategia-integral-para-el-transporte-rural-en-agroactiva-2025\\\/#primaryimage\"},\"image\":{\"@id\":\"https:\\\/\\\/autofans.com.ar\\\/index.php\\\/2025\\\/06\\\/04\\\/iveco-presenta-su-estrategia-integral-para-el-transporte-rural-en-agroactiva-2025\\\/#primaryimage\"},\"thumbnailUrl\":\"https:\\\/\\\/autofans.com.ar\\\/wp-content\\\/uploads\\\/2025\\\/06\\\/iveco-4.jpg\",\"datePublished\":\"2025-06-04T22:08:14+00:00\",\"dateModified\":\"2025-06-04T22:12:38+00:00\",\"author\":{\"@id\":\"https:\\\/\\\/autofans.com.ar\\\/#\\\/schema\\\/person\\\/4a8dda0b6df83ac3d6723e921274c2aa\"},\"description\":\"IVECO, marca de Iveco Group, participa del 4 al 7 de junio en Agroactiva 2025, en Armstrong, reafirmando su cercan\u00eda con el campo argentino...\",\"breadcrumb\":{\"@id\":\"https:\\\/\\\/autofans.com.ar\\\/index.php\\\/2025\\\/06\\\/04\\\/iveco-presenta-su-estrategia-integral-para-el-transporte-rural-en-agroactiva-2025\\\/#breadcrumb\"},\"inLanguage\":\"es\",\"potentialAction\":[{\"@type\":\"ReadAction\",\"target\":[\"https:\\\/\\\/autofans.com.ar\\\/index.php\\\/2025\\\/06\\\/04\\\/iveco-presenta-su-estrategia-integral-para-el-transporte-rural-en-agroactiva-2025\\\/\"]}]},{\"@type\":\"ImageObject\",\"inLanguage\":\"es\",\"@id\":\"https:\\\/\\\/autofans.com.ar\\\/index.php\\\/2025\\\/06\\\/04\\\/iveco-presenta-su-estrategia-integral-para-el-transporte-rural-en-agroactiva-2025\\\/#primaryimage\",\"url\":\"https:\\\/\\\/autofans.com.ar\\\/wp-content\\\/uploads\\\/2025\\\/06\\\/iveco-4.jpg\",\"contentUrl\":\"https:\\\/\\\/autofans.com.ar\\\/wp-content\\\/uploads\\\/2025\\\/06\\\/iveco-4.jpg\",\"width\":1000,\"height\":667,\"caption\":\"IVECO\"},{\"@type\":\"BreadcrumbList\",\"@id\":\"https:\\\/\\\/autofans.com.ar\\\/index.php\\\/2025\\\/06\\\/04\\\/iveco-presenta-su-estrategia-integral-para-el-transporte-rural-en-agroactiva-2025\\\/#breadcrumb\",\"itemListElement\":[{\"@type\":\"ListItem\",\"position\":1,\"name\":\"Inicio\",\"item\":\"https:\\\/\\\/autofans.com.ar\\\/\"},{\"@type\":\"ListItem\",\"position\":2,\"name\":\"IVECO presenta su estrategia integral para el transporte rural en Agroactiva 2025\"}]},{\"@type\":\"WebSite\",\"@id\":\"https:\\\/\\\/autofans.com.ar\\\/#website\",\"url\":\"https:\\\/\\\/autofans.com.ar\\\/\",\"name\":\"\",\"description\":\"El multimedio referente de la industria automotriz\",\"potentialAction\":[{\"@type\":\"SearchAction\",\"target\":{\"@type\":\"EntryPoint\",\"urlTemplate\":\"https:\\\/\\\/autofans.com.ar\\\/?s={search_term_string}\"},\"query-input\":{\"@type\":\"PropertyValueSpecification\",\"valueRequired\":true,\"valueName\":\"search_term_string\"}}],\"inLanguage\":\"es\"},{\"@type\":\"Person\",\"@id\":\"https:\\\/\\\/autofans.com.ar\\\/#\\\/schema\\\/person\\\/4a8dda0b6df83ac3d6723e921274c2aa\",\"name\":\"Alejandro Gabriel Rosito\",\"image\":{\"@type\":\"ImageObject\",\"inLanguage\":\"es\",\"@id\":\"https:\\\/\\\/secure.gravatar.com\\\/avatar\\\/16c5dda1489adfc62618084dcbb91cffd879c374b13fe5dd8e44ed6733852c88?s=96&d=mm&r=g\",\"url\":\"https:\\\/\\\/secure.gravatar.com\\\/avatar\\\/16c5dda1489adfc62618084dcbb91cffd879c374b13fe5dd8e44ed6733852c88?s=96&d=mm&r=g\",\"contentUrl\":\"https:\\\/\\\/secure.gravatar.com\\\/avatar\\\/16c5dda1489adfc62618084dcbb91cffd879c374b13fe5dd8e44ed6733852c88?s=96&d=mm&r=g\",\"caption\":\"Alejandro Gabriel Rosito\"},\"url\":\"https:\\\/\\\/autofans.com.ar\\\/index.php\\\/author\\\/gabrielr\\\/\"}]}<\/script>\n<!-- \/ Yoast SEO plugin. -->","yoast_head_json":{"title":"IVECO presenta su estrategia integral para el transporte rural en Agroactiva 2025 -","description":"IVECO, marca de Iveco Group, participa del 4 al 7 de junio en Agroactiva 2025, en Armstrong, reafirmando su cercan\u00eda con el campo argentino...","robots":{"index":"index","follow":"follow","max-snippet":"max-snippet:-1","max-image-preview":"max-image-preview:large","max-video-preview":"max-video-preview:-1"},"canonical":"https:\/\/autofans.com.ar\/index.php\/2025\/06\/04\/iveco-presenta-su-estrategia-integral-para-el-transporte-rural-en-agroactiva-2025\/","og_locale":"es_ES","og_type":"article","og_title":"IVECO presenta su estrategia integral para el transporte rural en Agroactiva 2025 -","og_description":"IVECO, marca de Iveco Group, participa del 4 al 7 de junio en Agroactiva 2025, en Armstrong, reafirmando su cercan\u00eda con el campo argentino...","og_url":"https:\/\/autofans.com.ar\/index.php\/2025\/06\/04\/iveco-presenta-su-estrategia-integral-para-el-transporte-rural-en-agroactiva-2025\/","article_published_time":"2025-06-04T22:08:14+00:00","article_modified_time":"2025-06-04T22:12:38+00:00","og_image":[{"width":1000,"height":667,"url":"https:\/\/autofans.com.ar\/wp-content\/uploads\/2025\/06\/iveco-4.jpg","type":"image\/jpeg"}],"author":"Alejandro Gabriel Rosito","twitter_card":"summary_large_image","twitter_misc":{"Escrito por":"Alejandro Gabriel Rosito","Tiempo de lectura":"3 minutos"},"schema":{"@context":"https:\/\/schema.org","@graph":[{"@type":"Article","@id":"https:\/\/autofans.com.ar\/index.php\/2025\/06\/04\/iveco-presenta-su-estrategia-integral-para-el-transporte-rural-en-agroactiva-2025\/#article","isPartOf":{"@id":"https:\/\/autofans.com.ar\/index.php\/2025\/06\/04\/iveco-presenta-su-estrategia-integral-para-el-transporte-rural-en-agroactiva-2025\/"},"author":{"name":"Alejandro Gabriel Rosito","@id":"https:\/\/autofans.com.ar\/#\/schema\/person\/4a8dda0b6df83ac3d6723e921274c2aa"},"headline":"IVECO presenta su estrategia integral para el transporte rural en Agroactiva 2025","datePublished":"2025-06-04T22:08:14+00:00","dateModified":"2025-06-04T22:12:38+00:00","mainEntityOfPage":{"@id":"https:\/\/autofans.com.ar\/index.php\/2025\/06\/04\/iveco-presenta-su-estrategia-integral-para-el-transporte-rural-en-agroactiva-2025\/"},"wordCount":523,"image":{"@id":"https:\/\/autofans.com.ar\/index.php\/2025\/06\/04\/iveco-presenta-su-estrategia-integral-para-el-transporte-rural-en-agroactiva-2025\/#primaryimage"},"thumbnailUrl":"https:\/\/autofans.com.ar\/wp-content\/uploads\/2025\/06\/iveco-4.jpg","keywords":["Agroactiva 2025","camiones Euro VI","camiones para el agro","Hi-Way 600S44","IVECO Capital","movilidad sustentable","soluciones financieras agro","Tector GNC","transporte rural","VECO Argentina"],"articleSection":["NOTICIAS","Pick Ups, Utilitarios y Pesados"],"inLanguage":"es"},{"@type":"WebPage","@id":"https:\/\/autofans.com.ar\/index.php\/2025\/06\/04\/iveco-presenta-su-estrategia-integral-para-el-transporte-rural-en-agroactiva-2025\/","url":"https:\/\/autofans.com.ar\/index.php\/2025\/06\/04\/iveco-presenta-su-estrategia-integral-para-el-transporte-rural-en-agroactiva-2025\/","name":"IVECO presenta su estrategia integral para el transporte rural en Agroactiva 2025 -","isPartOf":{"@id":"https:\/\/autofans.com.ar\/#website"},"primaryImageOfPage":{"@id":"https:\/\/autofans.com.ar\/index.php\/2025\/06\/04\/iveco-presenta-su-estrategia-integral-para-el-transporte-rural-en-agroactiva-2025\/#primaryimage"},"image":{"@id":"https:\/\/autofans.com.ar\/index.php\/2025\/06\/04\/iveco-presenta-su-estrategia-integral-para-el-transporte-rural-en-agroactiva-2025\/#primaryimage"},"thumbnailUrl":"https:\/\/autofans.com.ar\/wp-content\/uploads\/2025\/06\/iveco-4.jpg","datePublished":"2025-06-04T22:08:14+00:00","dateModified":"2025-06-04T22:12:38+00:00","author":{"@id":"https:\/\/autofans.com.ar\/#\/schema\/person\/4a8dda0b6df83ac3d6723e921274c2aa"},"description":"IVECO, marca de Iveco Group, participa del 4 al 7 de junio en Agroactiva 2025, en Armstrong, reafirmando su cercan\u00eda con el campo argentino...","breadcrumb":{"@id":"https:\/\/autofans.com.ar\/index.php\/2025\/06\/04\/iveco-presenta-su-estrategia-integral-para-el-transporte-rural-en-agroactiva-2025\/#breadcrumb"},"inLanguage":"es","potentialAction":[{"@type":"ReadAction","target":["https:\/\/autofans.com.ar\/index.php\/2025\/06\/04\/iveco-presenta-su-estrategia-integral-para-el-transporte-rural-en-agroactiva-2025\/"]}]},{"@type":"ImageObject","inLanguage":"es","@id":"https:\/\/autofans.com.ar\/index.php\/2025\/06\/04\/iveco-presenta-su-estrategia-integral-para-el-transporte-rural-en-agroactiva-2025\/#primaryimage","url":"https:\/\/autofans.com.ar\/wp-content\/uploads\/2025\/06\/iveco-4.jpg","contentUrl":"https:\/\/autofans.com.ar\/wp-content\/uploads\/2025\/06\/iveco-4.jpg","width":1000,"height":667,"caption":"IVECO"},{"@type":"BreadcrumbList","@id":"https:\/\/autofans.com.ar\/index.php\/2025\/06\/04\/iveco-presenta-su-estrategia-integral-para-el-transporte-rural-en-agroactiva-2025\/#breadcrumb","itemListElement":[{"@type":"ListItem","position":1,"name":"Inicio","item":"https:\/\/autofans.com.ar\/"},{"@type":"ListItem","position":2,"name":"IVECO presenta su estrategia integral para el transporte rural en Agroactiva 2025"}]},{"@type":"WebSite","@id":"https:\/\/autofans.com.ar\/#website","url":"https:\/\/autofans.com.ar\/","name":"","description":"El multimedio referente de la industria automotriz","potentialAction":[{"@type":"SearchAction","target":{"@type":"EntryPoint","urlTemplate":"https:\/\/autofans.com.ar\/?s={search_term_string}"},"query-input":{"@type":"PropertyValueSpecification","valueRequired":true,"valueName":"search_term_string"}}],"inLanguage":"es"},{"@type":"Person","@id":"https:\/\/autofans.com.ar\/#\/schema\/person\/4a8dda0b6df83ac3d6723e921274c2aa","name":"Alejandro Gabriel Rosito","image":{"@type":"ImageObject","inLanguage":"es","@id":"https:\/\/secure.gravatar.com\/avatar\/16c5dda1489adfc62618084dcbb91cffd879c374b13fe5dd8e44ed6733852c88?s=96&d=mm&r=g","url":"https:\/\/secure.gravatar.com\/avatar\/16c5dda1489adfc62618084dcbb91cffd879c374b13fe5dd8e44ed6733852c88?s=96&d=mm&r=g","contentUrl":"https:\/\/secure.gravatar.com\/avatar\/16c5dda1489adfc62618084dcbb91cffd879c374b13fe5dd8e44ed6733852c88?s=96&d=mm&r=g","caption":"Alejandro Gabriel Rosito"},"url":"https:\/\/autofans.com.ar\/index.php\/author\/gabrielr\/"}]}},"featured_image_urls":{"full":["https:\/\/autofans.com.ar\/wp-content\/uploads\/2025\/06\/iveco-4.jpg",1000,667,false],"thumbnail":["https:\/\/autofans.com.ar\/wp-content\/uploads\/2025\/06\/iveco-4-150x150.jpg",150,150,true],"medium":["https:\/\/autofans.com.ar\/wp-content\/uploads\/2025\/06\/iveco-4-300x200.jpg",300,200,true],"medium_large":["https:\/\/autofans.com.ar\/wp-content\/uploads\/2025\/06\/iveco-4-768x512.jpg",640,427,true],"large":["https:\/\/autofans.com.ar\/wp-content\/uploads\/2025\/06\/iveco-4.jpg",640,427,false],"1536x1536":["https:\/\/autofans.com.ar\/wp-content\/uploads\/2025\/06\/iveco-4.jpg",1000,667,false],"2048x2048":["https:\/\/autofans.com.ar\/wp-content\/uploads\/2025\/06\/iveco-4.jpg",1000,667,false],"covernews-featured":["https:\/\/autofans.com.ar\/wp-content\/uploads\/2025\/06\/iveco-4.jpg",1000,667,false],"covernews-medium":["https:\/\/autofans.com.ar\/wp-content\/uploads\/2025\/06\/iveco-4-540x340.jpg",540,340,true]},"author_info":{"display_name":"Alejandro Gabriel Rosito","author_link":"https:\/\/autofans.com.ar\/index.php\/author\/gabrielr\/"},"category_info":"<a href=\"https:\/\/autofans.com.ar\/index.php\/category\/noticias\/\" rel=\"category tag\">NOTICIAS<\/a> <a href=\"https:\/\/autofans.com.ar\/index.php\/category\/lanzamientos\/utilitarios-y-pesados-lanzamientos\/\" rel=\"category tag\">Pick Ups, Utilitarios y Pesados<\/a>","tag_info":"Pick Ups, Utilitarios y Pesados","comment_count":0,"_links":{"self":[{"href":"https:\/\/autofans.com.ar\/index.php\/wp-json\/wp\/v2\/posts\/12810","targetHints":{"allow":["GET"]}}],"collection":[{"href":"https:\/\/autofans.com.ar\/index.php\/wp-json\/wp\/v2\/posts"}],"about":[{"href":"https:\/\/autofans.com.ar\/index.php\/wp-json\/wp\/v2\/types\/post"}],"author":[{"embeddable":true,"href":"https:\/\/autofans.com.ar\/index.php\/wp-json\/wp\/v2\/users\/2"}],"replies":[{"embeddable":true,"href":"https:\/\/autofans.com.ar\/index.php\/wp-json\/wp\/v2\/comments?post=12810"}],"version-history":[{"count":10,"href":"https:\/\/autofans.com.ar\/index.php\/wp-json\/wp\/v2\/posts\/12810\/revisions"}],"predecessor-version":[{"id":12824,"href":"https:\/\/autofans.com.ar\/index.php\/wp-json\/wp\/v2\/posts\/12810\/revisions\/12824"}],"wp:featuredmedia":[{"embeddable":true,"href":"https:\/\/autofans.com.ar\/index.php\/wp-json\/wp\/v2\/media\/12812"}],"wp:attachment":[{"href":"https:\/\/autofans.com.ar\/index.php\/wp-json\/wp\/v2\/media?parent=12810"}],"wp:term":[{"taxonomy":"category","embeddable":true,"href":"https:\/\/autofans.com.ar\/index.php\/wp-json\/wp\/v2\/categories?post=12810"},{"taxonomy":"post_tag","embeddable":true,"href":"https:\/\/autofans.com.ar\/index.php\/wp-json\/wp\/v2\/tags?post=12810"}],"curies":[{"name":"wp","href":"https:\/\/api.w.org\/{rel}","templated":true}]}}