{"id":12825,"date":"2025-06-04T19:52:02","date_gmt":"2025-06-04T22:52:02","guid":{"rendered":"https:\/\/autofans.com.ar\/?p=12825"},"modified":"2025-06-04T19:52:02","modified_gmt":"2025-06-04T22:52:02","slug":"asi-son-los-nuevos-ds-3-y-ds-4-hybrid","status":"publish","type":"post","link":"https:\/\/autofans.com.ar\/index.php\/2025\/06\/04\/asi-son-los-nuevos-ds-3-y-ds-4-hybrid\/","title":{"rendered":"As\u00ed son los nuevos DS 3 y DS 4 HYBRID"},"content":{"rendered":"<p data-start=\"622\" data-end=\"915\">DS Automobiles sigue apostando fuerte por la electrificaci\u00f3n. Ahora suma versiones h\u00edbridas autorrecargables a las gamas DS 3 y DS 4, combinando un motor t\u00e9rmico de 136 CV con un sistema el\u00e9ctrico de 21 kW. La propuesta apunta a una conducci\u00f3n m\u00e1s eficiente, silenciosa y sin enchufes.<\/p>\n<p data-start=\"622\" data-end=\"915\"><span style=\"color: #ffffff;\">{<\/span><\/p>\n<h2 data-start=\"622\" data-end=\"915\">DS y su sistema h\u00edbrido autorrecargable<\/h2>\n<p data-start=\"917\" data-end=\"1264\">La tecnolog\u00eda HYBRID toma lo aprendido en F\u00f3rmula E y lo lleva al uso cotidiano. En ciudad, permite circular m\u00e1s del 50% del tiempo en modo el\u00e9ctrico, lo que se traduce en una reducci\u00f3n de hasta el 40% en el consumo de combustible. Todo esto, sin necesidad de cargar la bater\u00eda manualmente: se recarga sola durante frenadas o desaceleraciones.<\/p>\n<p data-start=\"917\" data-end=\"1264\"><span style=\"color: #ffffff;\">E<\/span><\/p>\n<div id='gallery-1' class='gallery galleryid-12825 gallery-columns-2 gallery-size-full'><figure class='gallery-item'>\n\t\t\t<div class='gallery-icon landscape'>\n\t\t\t\t<a href='https:\/\/autofans.com.ar\/index.php\/2025\/06\/04\/asi-son-los-nuevos-ds-3-y-ds-4-hybrid\/ds-3-8\/'><img loading=\"lazy\" width=\"1000\" height=\"667\" src=\"https:\/\/autofans.com.ar\/wp-content\/uploads\/2025\/06\/ds-3.jpg\" class=\"attachment-full size-full\" alt=\"DS\" srcset=\"https:\/\/autofans.com.ar\/wp-content\/uploads\/2025\/06\/ds-3.jpg 1000w, https:\/\/autofans.com.ar\/wp-content\/uploads\/2025\/06\/ds-3-300x200.jpg 300w, https:\/\/autofans.com.ar\/wp-content\/uploads\/2025\/06\/ds-3-768x512.jpg 768w\" sizes=\"auto, (max-width: 1000px) 100vw, 1000px\" loading=\"lazy\" decoding=\"async\" \/><\/a>\n\t\t\t<\/div><\/figure><figure class='gallery-item'>\n\t\t\t<div class='gallery-icon landscape'>\n\t\t\t\t<a href='https:\/\/autofans.com.ar\/index.php\/2025\/06\/04\/asi-son-los-nuevos-ds-3-y-ds-4-hybrid\/ds-4-6\/'><img loading=\"lazy\" width=\"1000\" height=\"667\" src=\"https:\/\/autofans.com.ar\/wp-content\/uploads\/2025\/06\/ds-4.jpg\" class=\"attachment-full size-full\" alt=\"DS\" srcset=\"https:\/\/autofans.com.ar\/wp-content\/uploads\/2025\/06\/ds-4.jpg 1000w, https:\/\/autofans.com.ar\/wp-content\/uploads\/2025\/06\/ds-4-300x200.jpg 300w, https:\/\/autofans.com.ar\/wp-content\/uploads\/2025\/06\/ds-4-768x512.jpg 768w\" sizes=\"auto, (max-width: 1000px) 100vw, 1000px\" loading=\"lazy\" decoding=\"async\" \/><\/a>\n\t\t\t<\/div><\/figure>\n\t\t<\/div>\n\n<p data-start=\"1266\" data-end=\"1652\"><span style=\"color: #ffffff;\">W<\/span><\/p>\n<p data-start=\"1266\" data-end=\"1652\">El sistema entrega una potencia combinada de 145 CV, gestionada por una nueva caja autom\u00e1tica de doble embrague e-DCS6. Esta transmisi\u00f3n incluye el motor el\u00e9ctrico, el inversor y la central electr\u00f3nica para ahorrar espacio y mejorar el rendimiento. Adem\u00e1s, reduce el uso del freno mec\u00e1nico gracias a la regeneraci\u00f3n de energ\u00eda, minimizando tambi\u00e9n las emisiones de part\u00edculas finas.<\/p>\n<p data-start=\"1266\" data-end=\"1652\"><span style=\"color: #ffffff;\">.<\/span><\/p>\n<h2 data-start=\"1266\" data-end=\"1652\">Motor 3 cilindros con ciclo Miller y respuesta el\u00e9ctrica inmediata<\/h2>\n<p>En ciudad o ruta, la experiencia de manejo es fluida. El motor el\u00e9ctrico aporta torque a bajas revoluciones y mejora la respuesta al acelerar fuerte. La transici\u00f3n entre motor el\u00e9ctrico y t\u00e9rmico es casi imperceptible. El tablero informa en todo momento c\u00f3mo se distribuye la energ\u00eda y el porcentaje del viaje realizado en modo el\u00e9ctrico.<\/p>\n<p data-start=\"1654\" data-end=\"1992\"><span style=\"color: #ffffff;\">\\<\/span><\/p>\n<div id='gallery-2' class='gallery galleryid-12825 gallery-columns-2 gallery-size-full'><figure class='gallery-item'>\n\t\t\t<div class='gallery-icon landscape'>\n\t\t\t\t<a href='https:\/\/autofans.com.ar\/index.php\/2025\/06\/04\/asi-son-los-nuevos-ds-3-y-ds-4-hybrid\/ds-2-8\/'><img loading=\"lazy\" width=\"1000\" height=\"667\" src=\"https:\/\/autofans.com.ar\/wp-content\/uploads\/2025\/06\/ds-2.jpg\" class=\"attachment-full size-full\" alt=\"DS\" srcset=\"https:\/\/autofans.com.ar\/wp-content\/uploads\/2025\/06\/ds-2.jpg 1000w, https:\/\/autofans.com.ar\/wp-content\/uploads\/2025\/06\/ds-2-300x200.jpg 300w, https:\/\/autofans.com.ar\/wp-content\/uploads\/2025\/06\/ds-2-768x512.jpg 768w\" sizes=\"auto, (max-width: 1000px) 100vw, 1000px\" loading=\"lazy\" decoding=\"async\" \/><\/a>\n\t\t\t<\/div><\/figure><figure class='gallery-item'>\n\t\t\t<div class='gallery-icon landscape'>\n\t\t\t\t<a href='https:\/\/autofans.com.ar\/index.php\/2025\/06\/04\/asi-son-los-nuevos-ds-3-y-ds-4-hybrid\/ds-6-4\/'><img loading=\"lazy\" width=\"1000\" height=\"667\" src=\"https:\/\/autofans.com.ar\/wp-content\/uploads\/2025\/06\/ds-6.jpg\" class=\"attachment-full size-full\" alt=\"DS\" srcset=\"https:\/\/autofans.com.ar\/wp-content\/uploads\/2025\/06\/ds-6.jpg 1000w, https:\/\/autofans.com.ar\/wp-content\/uploads\/2025\/06\/ds-6-300x200.jpg 300w, https:\/\/autofans.com.ar\/wp-content\/uploads\/2025\/06\/ds-6-768x512.jpg 768w\" sizes=\"auto, (max-width: 1000px) 100vw, 1000px\" loading=\"lazy\" decoding=\"async\" \/><\/a>\n\t\t\t<\/div><\/figure>\n\t\t<\/div>\n\n<p data-start=\"1994\" data-end=\"2334\"><span style=\"color: #ffffff;\">1<\/span><\/p>\n<p data-start=\"1994\" data-end=\"2334\">Bajo el cap\u00f3, ambos modelos comparten un motor naftero de tres cilindros, con 1199 cc y 230 Nm de par desde las 1750 rpm. Funciona con el ciclo Miller, lo que mejora la eficiencia t\u00e9rmica y reduce tanto el consumo como las emisiones. Tiene adem\u00e1s mejoras mec\u00e1nicas como una cadena de distribuci\u00f3n nueva y un turbo de geometr\u00eda variable.<\/p>\n<p data-start=\"1994\" data-end=\"2334\"><span style=\"color: #ffffff;\">.<\/span><\/p>\n<h2 data-start=\"1994\" data-end=\"2334\">DS Automobiles bater\u00eda autorrecargable y dise\u00f1o \u00c9TOILE<\/h2>\n<p>&nbsp;<\/p>\n<p><img fetchpriority=\"high\" decoding=\"async\" class=\"aligncenter wp-image-12828 size-full\" src=\"https:\/\/autofans.com.ar\/wp-content\/uploads\/2025\/06\/ds-5.jpg\" alt=\"DS\" width=\"1000\" height=\"667\" srcset=\"https:\/\/autofans.com.ar\/wp-content\/uploads\/2025\/06\/ds-5.jpg 1000w, https:\/\/autofans.com.ar\/wp-content\/uploads\/2025\/06\/ds-5-300x200.jpg 300w, https:\/\/autofans.com.ar\/wp-content\/uploads\/2025\/06\/ds-5-768x512.jpg 768w\" sizes=\"(max-width: 1000px) 100vw, 1000px\" \/><\/p>\n<p>&nbsp;<\/p>\n<p data-start=\"2336\" data-end=\"2481\">La bater\u00eda de iones de litio de 0,9 kWh est\u00e1 ubicada debajo del piso y alimenta el sistema el\u00e9ctrico. No necesita mantenimiento ni carga externa.<\/p>\n<p data-start=\"2483\" data-end=\"2768\">Ambos modelos llevan el sello \u00c9TOILE, que simboliza el lujo franc\u00e9s, inspirado en el dise\u00f1o de la plaza Charles-de-Gaulle. El interior incorpora cuero Alc\u00e1ntara\u00ae de alta calidad, reflejando el esp\u00edritu de excelencia que la marca quiere transmitir en esta nueva etapa electrificada.<\/p>\n<p data-start=\"2483\" data-end=\"2768\"><span style=\"color: #ffffff;\">0<\/span><\/p>\n<h3 data-start=\"2770\" data-end=\"2809\">Precios en Argentina \u2013 Junio 2025<\/h3>\n<ul data-start=\"2810\" data-end=\"2871\">\n<li data-start=\"2810\" data-end=\"2841\">\n<p data-start=\"2812\" data-end=\"2841\">DS 3 HYBRID: U$D 53.500<\/p>\n<\/li>\n<li data-start=\"2842\" data-end=\"2871\">\n<p data-start=\"2844\" data-end=\"2871\">DS 4 HYBRID: U$D 59.700<\/p>\n<\/li>\n<\/ul>\n<p>&nbsp;<\/p>\n<p>&nbsp;<\/p>\n<p>&nbsp;<\/p>\n<p><i>Para enterarte de m\u00e1s novedades, no dejes de leer\u00a0<\/i><a href=\"https:\/\/autofans.thebrandsoup.com\/\"><i>nuestras notas<\/i><\/a><i>, de ver\u00a0<\/i><a href=\"https:\/\/www.youtube.com\/channel\/UCgAC8UGHZYbT6P7PpmVnP7g\"><i>AUTOFANS TV<\/i><\/a><i>\u00a0en nuestro\u00a0canal de Youtube. Adem\u00e1s seguinos en\u00a0<\/i><a href=\"https:\/\/www.instagram.com\/autofanstv\/\"><i>INSTAGRAM<\/i><\/a><i> y <\/i><a href=\"https:\/\/www.facebook.com\/autofansmas\/\"><i>FACEBOOK<\/i><\/a><i> para no perderte nada sobre las novedades del segmento automotor de Argentina y el mundo.<\/i><\/p>\n","protected":false},"excerpt":{"rendered":"<p>DS Automobiles sigue apostando fuerte por la electrificaci\u00f3n. Ahora suma versiones h\u00edbridas autorrecargables a las&#8230;<\/p>\n","protected":false},"author":2,"featured_media":12832,"comment_status":"closed","ping_status":"closed","sticky":false,"template":"","format":"standard","meta":{"footnotes":""},"categories":[341,16],"tags":[6350,4303,6827,6828,545,6832,6831,6833,6829,6830],"class_list":["post-12825","post","type-post","status-publish","format-standard","has-post-thumbnail","hentry","category-hibridos-y-electricos","category-noticias","tag-autos-electrificados","tag-autos-hibridos-argentina","tag-ds-3-hybrid","tag-ds-4-hybrid","tag-ds-automobiles","tag-ds-hibridos-2025","tag-motorizacion-hibrida","tag-precios-ds-argentina","tag-tecnologia-hybrid-ds","tag-vehiculos-autorrecargables"],"yoast_head":"<!-- This site is optimized with the Yoast SEO plugin v27.5 - https:\/\/yoast.com\/product\/yoast-seo-wordpress\/ -->\n<title>As\u00ed son los nuevos DS 3 y DS 4 HYBRID -<\/title>\n<meta name=\"description\" content=\"DS Automobiles sigue apostando fuerte por la electrificaci\u00f3n. Ahora suma versiones h\u00edbridas autorrecargables a las gamas DS 3 y DS 4...\" \/>\n<meta name=\"robots\" content=\"index, follow, max-snippet:-1, max-image-preview:large, max-video-preview:-1\" \/>\n<link rel=\"canonical\" href=\"https:\/\/autofans.com.ar\/index.php\/2025\/06\/04\/asi-son-los-nuevos-ds-3-y-ds-4-hybrid\/\" \/>\n<meta property=\"og:locale\" content=\"es_ES\" \/>\n<meta property=\"og:type\" content=\"article\" \/>\n<meta property=\"og:title\" content=\"As\u00ed son los nuevos DS 3 y DS 4 HYBRID -\" \/>\n<meta property=\"og:description\" content=\"DS Automobiles sigue apostando fuerte por la electrificaci\u00f3n. Ahora suma versiones h\u00edbridas autorrecargables a las gamas DS 3 y DS 4...\" \/>\n<meta property=\"og:url\" content=\"https:\/\/autofans.com.ar\/index.php\/2025\/06\/04\/asi-son-los-nuevos-ds-3-y-ds-4-hybrid\/\" \/>\n<meta property=\"article:published_time\" content=\"2025-06-04T22:52:02+00:00\" \/>\n<meta property=\"og:image\" content=\"https:\/\/autofans.com.ar\/wp-content\/uploads\/2025\/06\/ds-1.jpg\" \/>\n\t<meta property=\"og:image:width\" content=\"1000\" \/>\n\t<meta property=\"og:image:height\" content=\"667\" \/>\n\t<meta property=\"og:image:type\" content=\"image\/jpeg\" \/>\n<meta name=\"author\" content=\"Alejandro Gabriel Rosito\" \/>\n<meta name=\"twitter:card\" content=\"summary_large_image\" \/>\n<meta name=\"twitter:label1\" content=\"Escrito por\" \/>\n\t<meta name=\"twitter:data1\" content=\"Alejandro Gabriel Rosito\" \/>\n\t<meta name=\"twitter:label2\" content=\"Tiempo de lectura\" \/>\n\t<meta name=\"twitter:data2\" content=\"3 minutos\" \/>\n<script type=\"application\/ld+json\" class=\"yoast-schema-graph\">{\"@context\":\"https:\\\/\\\/schema.org\",\"@graph\":[{\"@type\":\"Article\",\"@id\":\"https:\\\/\\\/autofans.com.ar\\\/index.php\\\/2025\\\/06\\\/04\\\/asi-son-los-nuevos-ds-3-y-ds-4-hybrid\\\/#article\",\"isPartOf\":{\"@id\":\"https:\\\/\\\/autofans.com.ar\\\/index.php\\\/2025\\\/06\\\/04\\\/asi-son-los-nuevos-ds-3-y-ds-4-hybrid\\\/\"},\"author\":{\"name\":\"Alejandro Gabriel Rosito\",\"@id\":\"https:\\\/\\\/autofans.com.ar\\\/#\\\/schema\\\/person\\\/4a8dda0b6df83ac3d6723e921274c2aa\"},\"headline\":\"As\u00ed son los nuevos DS 3 y DS 4 HYBRID\",\"datePublished\":\"2025-06-04T22:52:02+00:00\",\"mainEntityOfPage\":{\"@id\":\"https:\\\/\\\/autofans.com.ar\\\/index.php\\\/2025\\\/06\\\/04\\\/asi-son-los-nuevos-ds-3-y-ds-4-hybrid\\\/\"},\"wordCount\":480,\"image\":{\"@id\":\"https:\\\/\\\/autofans.com.ar\\\/index.php\\\/2025\\\/06\\\/04\\\/asi-son-los-nuevos-ds-3-y-ds-4-hybrid\\\/#primaryimage\"},\"thumbnailUrl\":\"https:\\\/\\\/autofans.com.ar\\\/wp-content\\\/uploads\\\/2025\\\/06\\\/ds-1.jpg\",\"keywords\":[\"autos electrificados\",\"autos h\u00edbridos Argentina\",\"DS 3 HYBRID\",\"DS 4 HYBRID\",\"DS Automobiles\",\"DS h\u00edbridos 2025\",\"motorizaci\u00f3n h\u00edbrida\",\"precios DS Argentina\",\"tecnolog\u00eda hybrid DS\",\"veh\u00edculos autorrecargables\"],\"articleSection\":[\"HIBRIDOS, ELECTRICOS y otros\",\"NOTICIAS\"],\"inLanguage\":\"es\"},{\"@type\":\"WebPage\",\"@id\":\"https:\\\/\\\/autofans.com.ar\\\/index.php\\\/2025\\\/06\\\/04\\\/asi-son-los-nuevos-ds-3-y-ds-4-hybrid\\\/\",\"url\":\"https:\\\/\\\/autofans.com.ar\\\/index.php\\\/2025\\\/06\\\/04\\\/asi-son-los-nuevos-ds-3-y-ds-4-hybrid\\\/\",\"name\":\"As\u00ed son los nuevos DS 3 y DS 4 HYBRID -\",\"isPartOf\":{\"@id\":\"https:\\\/\\\/autofans.com.ar\\\/#website\"},\"primaryImageOfPage\":{\"@id\":\"https:\\\/\\\/autofans.com.ar\\\/index.php\\\/2025\\\/06\\\/04\\\/asi-son-los-nuevos-ds-3-y-ds-4-hybrid\\\/#primaryimage\"},\"image\":{\"@id\":\"https:\\\/\\\/autofans.com.ar\\\/index.php\\\/2025\\\/06\\\/04\\\/asi-son-los-nuevos-ds-3-y-ds-4-hybrid\\\/#primaryimage\"},\"thumbnailUrl\":\"https:\\\/\\\/autofans.com.ar\\\/wp-content\\\/uploads\\\/2025\\\/06\\\/ds-1.jpg\",\"datePublished\":\"2025-06-04T22:52:02+00:00\",\"author\":{\"@id\":\"https:\\\/\\\/autofans.com.ar\\\/#\\\/schema\\\/person\\\/4a8dda0b6df83ac3d6723e921274c2aa\"},\"description\":\"DS Automobiles sigue apostando fuerte por la electrificaci\u00f3n. Ahora suma versiones h\u00edbridas autorrecargables a las gamas DS 3 y DS 4...\",\"breadcrumb\":{\"@id\":\"https:\\\/\\\/autofans.com.ar\\\/index.php\\\/2025\\\/06\\\/04\\\/asi-son-los-nuevos-ds-3-y-ds-4-hybrid\\\/#breadcrumb\"},\"inLanguage\":\"es\",\"potentialAction\":[{\"@type\":\"ReadAction\",\"target\":[\"https:\\\/\\\/autofans.com.ar\\\/index.php\\\/2025\\\/06\\\/04\\\/asi-son-los-nuevos-ds-3-y-ds-4-hybrid\\\/\"]}]},{\"@type\":\"ImageObject\",\"inLanguage\":\"es\",\"@id\":\"https:\\\/\\\/autofans.com.ar\\\/index.php\\\/2025\\\/06\\\/04\\\/asi-son-los-nuevos-ds-3-y-ds-4-hybrid\\\/#primaryimage\",\"url\":\"https:\\\/\\\/autofans.com.ar\\\/wp-content\\\/uploads\\\/2025\\\/06\\\/ds-1.jpg\",\"contentUrl\":\"https:\\\/\\\/autofans.com.ar\\\/wp-content\\\/uploads\\\/2025\\\/06\\\/ds-1.jpg\",\"width\":1000,\"height\":667,\"caption\":\"DS\"},{\"@type\":\"BreadcrumbList\",\"@id\":\"https:\\\/\\\/autofans.com.ar\\\/index.php\\\/2025\\\/06\\\/04\\\/asi-son-los-nuevos-ds-3-y-ds-4-hybrid\\\/#breadcrumb\",\"itemListElement\":[{\"@type\":\"ListItem\",\"position\":1,\"name\":\"Inicio\",\"item\":\"https:\\\/\\\/autofans.com.ar\\\/\"},{\"@type\":\"ListItem\",\"position\":2,\"name\":\"As\u00ed son los nuevos DS 3 y DS 4 HYBRID\"}]},{\"@type\":\"WebSite\",\"@id\":\"https:\\\/\\\/autofans.com.ar\\\/#website\",\"url\":\"https:\\\/\\\/autofans.com.ar\\\/\",\"name\":\"\",\"description\":\"El multimedio referente de la industria automotriz\",\"potentialAction\":[{\"@type\":\"SearchAction\",\"target\":{\"@type\":\"EntryPoint\",\"urlTemplate\":\"https:\\\/\\\/autofans.com.ar\\\/?s={search_term_string}\"},\"query-input\":{\"@type\":\"PropertyValueSpecification\",\"valueRequired\":true,\"valueName\":\"search_term_string\"}}],\"inLanguage\":\"es\"},{\"@type\":\"Person\",\"@id\":\"https:\\\/\\\/autofans.com.ar\\\/#\\\/schema\\\/person\\\/4a8dda0b6df83ac3d6723e921274c2aa\",\"name\":\"Alejandro Gabriel Rosito\",\"image\":{\"@type\":\"ImageObject\",\"inLanguage\":\"es\",\"@id\":\"https:\\\/\\\/secure.gravatar.com\\\/avatar\\\/16c5dda1489adfc62618084dcbb91cffd879c374b13fe5dd8e44ed6733852c88?s=96&d=mm&r=g\",\"url\":\"https:\\\/\\\/secure.gravatar.com\\\/avatar\\\/16c5dda1489adfc62618084dcbb91cffd879c374b13fe5dd8e44ed6733852c88?s=96&d=mm&r=g\",\"contentUrl\":\"https:\\\/\\\/secure.gravatar.com\\\/avatar\\\/16c5dda1489adfc62618084dcbb91cffd879c374b13fe5dd8e44ed6733852c88?s=96&d=mm&r=g\",\"caption\":\"Alejandro Gabriel Rosito\"},\"url\":\"https:\\\/\\\/autofans.com.ar\\\/index.php\\\/author\\\/gabrielr\\\/\"}]}<\/script>\n<!-- \/ Yoast SEO plugin. -->","yoast_head_json":{"title":"As\u00ed son los nuevos DS 3 y DS 4 HYBRID -","description":"DS Automobiles sigue apostando fuerte por la electrificaci\u00f3n. Ahora suma versiones h\u00edbridas autorrecargables a las gamas DS 3 y DS 4...","robots":{"index":"index","follow":"follow","max-snippet":"max-snippet:-1","max-image-preview":"max-image-preview:large","max-video-preview":"max-video-preview:-1"},"canonical":"https:\/\/autofans.com.ar\/index.php\/2025\/06\/04\/asi-son-los-nuevos-ds-3-y-ds-4-hybrid\/","og_locale":"es_ES","og_type":"article","og_title":"As\u00ed son los nuevos DS 3 y DS 4 HYBRID -","og_description":"DS Automobiles sigue apostando fuerte por la electrificaci\u00f3n. Ahora suma versiones h\u00edbridas autorrecargables a las gamas DS 3 y DS 4...","og_url":"https:\/\/autofans.com.ar\/index.php\/2025\/06\/04\/asi-son-los-nuevos-ds-3-y-ds-4-hybrid\/","article_published_time":"2025-06-04T22:52:02+00:00","og_image":[{"width":1000,"height":667,"url":"https:\/\/autofans.com.ar\/wp-content\/uploads\/2025\/06\/ds-1.jpg","type":"image\/jpeg"}],"author":"Alejandro Gabriel Rosito","twitter_card":"summary_large_image","twitter_misc":{"Escrito por":"Alejandro Gabriel Rosito","Tiempo de lectura":"3 minutos"},"schema":{"@context":"https:\/\/schema.org","@graph":[{"@type":"Article","@id":"https:\/\/autofans.com.ar\/index.php\/2025\/06\/04\/asi-son-los-nuevos-ds-3-y-ds-4-hybrid\/#article","isPartOf":{"@id":"https:\/\/autofans.com.ar\/index.php\/2025\/06\/04\/asi-son-los-nuevos-ds-3-y-ds-4-hybrid\/"},"author":{"name":"Alejandro Gabriel Rosito","@id":"https:\/\/autofans.com.ar\/#\/schema\/person\/4a8dda0b6df83ac3d6723e921274c2aa"},"headline":"As\u00ed son los nuevos DS 3 y DS 4 HYBRID","datePublished":"2025-06-04T22:52:02+00:00","mainEntityOfPage":{"@id":"https:\/\/autofans.com.ar\/index.php\/2025\/06\/04\/asi-son-los-nuevos-ds-3-y-ds-4-hybrid\/"},"wordCount":480,"image":{"@id":"https:\/\/autofans.com.ar\/index.php\/2025\/06\/04\/asi-son-los-nuevos-ds-3-y-ds-4-hybrid\/#primaryimage"},"thumbnailUrl":"https:\/\/autofans.com.ar\/wp-content\/uploads\/2025\/06\/ds-1.jpg","keywords":["autos electrificados","autos h\u00edbridos Argentina","DS 3 HYBRID","DS 4 HYBRID","DS Automobiles","DS h\u00edbridos 2025","motorizaci\u00f3n h\u00edbrida","precios DS Argentina","tecnolog\u00eda hybrid DS","veh\u00edculos autorrecargables"],"articleSection":["HIBRIDOS, ELECTRICOS y otros","NOTICIAS"],"inLanguage":"es"},{"@type":"WebPage","@id":"https:\/\/autofans.com.ar\/index.php\/2025\/06\/04\/asi-son-los-nuevos-ds-3-y-ds-4-hybrid\/","url":"https:\/\/autofans.com.ar\/index.php\/2025\/06\/04\/asi-son-los-nuevos-ds-3-y-ds-4-hybrid\/","name":"As\u00ed son los nuevos DS 3 y DS 4 HYBRID -","isPartOf":{"@id":"https:\/\/autofans.com.ar\/#website"},"primaryImageOfPage":{"@id":"https:\/\/autofans.com.ar\/index.php\/2025\/06\/04\/asi-son-los-nuevos-ds-3-y-ds-4-hybrid\/#primaryimage"},"image":{"@id":"https:\/\/autofans.com.ar\/index.php\/2025\/06\/04\/asi-son-los-nuevos-ds-3-y-ds-4-hybrid\/#primaryimage"},"thumbnailUrl":"https:\/\/autofans.com.ar\/wp-content\/uploads\/2025\/06\/ds-1.jpg","datePublished":"2025-06-04T22:52:02+00:00","author":{"@id":"https:\/\/autofans.com.ar\/#\/schema\/person\/4a8dda0b6df83ac3d6723e921274c2aa"},"description":"DS Automobiles sigue apostando fuerte por la electrificaci\u00f3n. Ahora suma versiones h\u00edbridas autorrecargables a las gamas DS 3 y DS 4...","breadcrumb":{"@id":"https:\/\/autofans.com.ar\/index.php\/2025\/06\/04\/asi-son-los-nuevos-ds-3-y-ds-4-hybrid\/#breadcrumb"},"inLanguage":"es","potentialAction":[{"@type":"ReadAction","target":["https:\/\/autofans.com.ar\/index.php\/2025\/06\/04\/asi-son-los-nuevos-ds-3-y-ds-4-hybrid\/"]}]},{"@type":"ImageObject","inLanguage":"es","@id":"https:\/\/autofans.com.ar\/index.php\/2025\/06\/04\/asi-son-los-nuevos-ds-3-y-ds-4-hybrid\/#primaryimage","url":"https:\/\/autofans.com.ar\/wp-content\/uploads\/2025\/06\/ds-1.jpg","contentUrl":"https:\/\/autofans.com.ar\/wp-content\/uploads\/2025\/06\/ds-1.jpg","width":1000,"height":667,"caption":"DS"},{"@type":"BreadcrumbList","@id":"https:\/\/autofans.com.ar\/index.php\/2025\/06\/04\/asi-son-los-nuevos-ds-3-y-ds-4-hybrid\/#breadcrumb","itemListElement":[{"@type":"ListItem","position":1,"name":"Inicio","item":"https:\/\/autofans.com.ar\/"},{"@type":"ListItem","position":2,"name":"As\u00ed son los nuevos DS 3 y DS 4 HYBRID"}]},{"@type":"WebSite","@id":"https:\/\/autofans.com.ar\/#website","url":"https:\/\/autofans.com.ar\/","name":"","description":"El multimedio referente de la industria automotriz","potentialAction":[{"@type":"SearchAction","target":{"@type":"EntryPoint","urlTemplate":"https:\/\/autofans.com.ar\/?s={search_term_string}"},"query-input":{"@type":"PropertyValueSpecification","valueRequired":true,"valueName":"search_term_string"}}],"inLanguage":"es"},{"@type":"Person","@id":"https:\/\/autofans.com.ar\/#\/schema\/person\/4a8dda0b6df83ac3d6723e921274c2aa","name":"Alejandro Gabriel Rosito","image":{"@type":"ImageObject","inLanguage":"es","@id":"https:\/\/secure.gravatar.com\/avatar\/16c5dda1489adfc62618084dcbb91cffd879c374b13fe5dd8e44ed6733852c88?s=96&d=mm&r=g","url":"https:\/\/secure.gravatar.com\/avatar\/16c5dda1489adfc62618084dcbb91cffd879c374b13fe5dd8e44ed6733852c88?s=96&d=mm&r=g","contentUrl":"https:\/\/secure.gravatar.com\/avatar\/16c5dda1489adfc62618084dcbb91cffd879c374b13fe5dd8e44ed6733852c88?s=96&d=mm&r=g","caption":"Alejandro Gabriel Rosito"},"url":"https:\/\/autofans.com.ar\/index.php\/author\/gabrielr\/"}]}},"featured_image_urls":{"full":["https:\/\/autofans.com.ar\/wp-content\/uploads\/2025\/06\/ds-1.jpg",1000,667,false],"thumbnail":["https:\/\/autofans.com.ar\/wp-content\/uploads\/2025\/06\/ds-1-150x150.jpg",150,150,true],"medium":["https:\/\/autofans.com.ar\/wp-content\/uploads\/2025\/06\/ds-1-300x200.jpg",300,200,true],"medium_large":["https:\/\/autofans.com.ar\/wp-content\/uploads\/2025\/06\/ds-1-768x512.jpg",640,427,true],"large":["https:\/\/autofans.com.ar\/wp-content\/uploads\/2025\/06\/ds-1.jpg",640,427,false],"1536x1536":["https:\/\/autofans.com.ar\/wp-content\/uploads\/2025\/06\/ds-1.jpg",1000,667,false],"2048x2048":["https:\/\/autofans.com.ar\/wp-content\/uploads\/2025\/06\/ds-1.jpg",1000,667,false],"covernews-featured":["https:\/\/autofans.com.ar\/wp-content\/uploads\/2025\/06\/ds-1.jpg",1000,667,false],"covernews-medium":["https:\/\/autofans.com.ar\/wp-content\/uploads\/2025\/06\/ds-1-540x340.jpg",540,340,true]},"author_info":{"display_name":"Alejandro Gabriel Rosito","author_link":"https:\/\/autofans.com.ar\/index.php\/author\/gabrielr\/"},"category_info":"<a href=\"https:\/\/autofans.com.ar\/index.php\/category\/noticias\/hibridos-y-electricos\/\" rel=\"category tag\">HIBRIDOS, ELECTRICOS y otros<\/a> <a href=\"https:\/\/autofans.com.ar\/index.php\/category\/noticias\/\" rel=\"category tag\">NOTICIAS<\/a>","tag_info":"NOTICIAS","comment_count":0,"_links":{"self":[{"href":"https:\/\/autofans.com.ar\/index.php\/wp-json\/wp\/v2\/posts\/12825","targetHints":{"allow":["GET"]}}],"collection":[{"href":"https:\/\/autofans.com.ar\/index.php\/wp-json\/wp\/v2\/posts"}],"about":[{"href":"https:\/\/autofans.com.ar\/index.php\/wp-json\/wp\/v2\/types\/post"}],"author":[{"embeddable":true,"href":"https:\/\/autofans.com.ar\/index.php\/wp-json\/wp\/v2\/users\/2"}],"replies":[{"embeddable":true,"href":"https:\/\/autofans.com.ar\/index.php\/wp-json\/wp\/v2\/comments?post=12825"}],"version-history":[{"count":5,"href":"https:\/\/autofans.com.ar\/index.php\/wp-json\/wp\/v2\/posts\/12825\/revisions"}],"predecessor-version":[{"id":12837,"href":"https:\/\/autofans.com.ar\/index.php\/wp-json\/wp\/v2\/posts\/12825\/revisions\/12837"}],"wp:featuredmedia":[{"embeddable":true,"href":"https:\/\/autofans.com.ar\/index.php\/wp-json\/wp\/v2\/media\/12832"}],"wp:attachment":[{"href":"https:\/\/autofans.com.ar\/index.php\/wp-json\/wp\/v2\/media?parent=12825"}],"wp:term":[{"taxonomy":"category","embeddable":true,"href":"https:\/\/autofans.com.ar\/index.php\/wp-json\/wp\/v2\/categories?post=12825"},{"taxonomy":"post_tag","embeddable":true,"href":"https:\/\/autofans.com.ar\/index.php\/wp-json\/wp\/v2\/tags?post=12825"}],"curies":[{"name":"wp","href":"https:\/\/api.w.org\/{rel}","templated":true}]}}